{"id":536,"date":"2009-10-08T19:30:47","date_gmt":"2009-10-08T18:30:47","guid":{"rendered":"http:\/\/www.film-movie.eu\/?p=536"},"modified":"2009-10-08T19:30:47","modified_gmt":"2009-10-08T18:30:47","slug":"good-morning-aman-di-claudio-noce-film","status":"publish","type":"post","link":"https:\/\/www.castingnews.eu\/magazine\/2009\/10\/08\/good-morning-aman-di-claudio-noce-film\/","title":{"rendered":"Good Morning Aman di Claudio Noce &#8211; Film"},"content":{"rendered":"<h3 style=\"text-align: justify;\">Good Morning Aman \u00e8 distribuito da Cinecitt\u00e0 Luce e uscir\u00e0 nelle sale venerd\u00ec 13 novembre 2009.<\/h3>\n<p style=\"text-align: justify;\">Claudio Noce con il suo Good Morning Aman, gi\u00e0 in concorso alla 24\u00aa Settimana della Critica ha ricevuto il Premio FICE come Miglior Regista Esordiente dell\u2019anno il premio gli \u00e8 stato consegnato durante gli incontri del Cinema d\u2019Essai in occasione di una cerimonia che ha avuto luogo al Teatro Bibiena di Mantova.<br \/>\n\u201cSono molto felice &#8211; dice Claudio Noce \u2013 perch\u00e9 prendere un premio della FICE significa ricevere un importante riconoscimento per la qualit\u00e0 del proprio lavoro e spero che questo sia di buon auspicio per l\u2019uscita in sala del film\u201d.<\/p><div class=\"6d3639e8c6ac292cde400fad8ff8a5b9\" data-index=\"1\" style=\"float: none; margin:10px 0 10px 0; text-align:center;\">\n<script async src=\"\/\/pagead2.googlesyndication.com\/pagead\/js\/adsbygoogle.js\"><\/script>\r\n<!-- Casting Bambini NEW -->\r\n<ins class=\"adsbygoogle\"\r\n     style=\"display:inline-block;width:336px;height:280px\"\r\n     data-ad-client=\"ca-pub-5538097485429833\"\r\n     data-ad-slot=\"5127154445\"><\/ins>\r\n<script>\r\n(adsbygoogle = window.adsbygoogle || []).push({});\r\n<\/script>\n<\/div>\n\n<p style=\"text-align: justify;\">Il Film racconta la storia di amicizia tra il giovane Aman (Said Sabrie), un ragazzo italiano di origine somala e Teodoro, un ex pugile di quaranta anni vittima del suo doloroso passato, interpretato da Valerio Mastandrea. Sar\u00e0 proprio l\u2019amicizia che Aman offre a Teodoro a permettere a quest\u2019ultimo di uscire dall\u2019isolamento in cui vive da anni.<br \/>\nDa sfondo, una Roma raccontata in modo assolutamente inedito e un\u2019affascinante Anita Caprioli anche lei smarrita, in cerca della sua identit\u00e0.<\/p>\n<p style=\"text-align: justify;\">Il Film prodotto da Dodo Fiori per la DNC Cinematografica in collaborazione con Rai Cinema, \u00e8 riconosciuto di interesse culturale nazionale dalla Direzione Generale per il Cinema presso il Ministero per i Beni e le Attivita\u2019 Culturali.<\/p>\n\n<div style=\"font-size: 0px; height: 0px; line-height: 0px; margin: 0; padding: 0; clear: both;\"><\/div>","protected":false},"excerpt":{"rendered":"<p>Good Morning Aman \u00e8 distribuito da Cinecitt\u00e0 Luce e uscir\u00e0 nelle sale venerd\u00ec 13 novembre 2009. Claudio Noce con il suo Good Morning Aman, gi\u00e0 in concorso alla 24\u00aa Settimana della Critica ha ricevuto il Premio FICE come Miglior Regista Esordiente dell\u2019anno il premio gli \u00e8 stato consegnato durante gli incontri del Cinema d\u2019Essai in [&hellip;]<\/p>\n","protected":false},"author":1,"featured_media":537,"comment_status":"closed","ping_status":"open","sticky":false,"template":"","format":"standard","meta":{"tdm_status":"","tdm_grid_status":"","footnotes":""},"categories":[15,71],"tags":[306,327,414,418,645,946,1095,1136,1193,1212,1336],"class_list":{"0":"post-536","1":"post","2":"type-post","3":"status-publish","4":"format-standard","5":"has-post-thumbnail","7":"category-film-italia","8":"category-italia-paese","9":"tag-cinema-dessai","10":"tag-claudio-noce","11":"tag-dnc-cinematografica","12":"tag-dodo-fiori","13":"tag-good-morning-aman","14":"tag-ministero-per-i-beni-e-le-attivita-culturali","15":"tag-premio-fice","16":"tag-rai-cinema","17":"tag-roma","18":"tag-said-sabrie","19":"tag-teatro-bibiena"},"yoast_head":"<!-- This site is optimized with the Yoast SEO plugin v27.4 - https:\/\/yoast.com\/product\/yoast-seo-wordpress\/ -->\r\n<title>Good Morning Aman di Claudio Noce - Film - Casting News Magazine<\/title>\r\n<meta name=\"robots\" content=\"index, follow, max-snippet:-1, max-image-preview:large, max-video-preview:-1\" \/>\r\n<link rel=\"canonical\" href=\"https:\/\/www.castingnews.eu\/magazine\/2009\/10\/08\/good-morning-aman-di-claudio-noce-film\/\" \/>\r\n<meta property=\"og:locale\" content=\"it_IT\" \/>\r\n<meta property=\"og:type\" content=\"article\" \/>\r\n<meta property=\"og:title\" content=\"Good Morning Aman di Claudio Noce - Film - Casting News Magazine\" \/>\r\n<meta property=\"og:description\" content=\"Good Morning Aman \u00e8 distribuito da Cinecitt\u00e0 Luce e uscir\u00e0 nelle sale venerd\u00ec 13 novembre 2009. Claudio Noce con il suo Good Morning Aman, gi\u00e0 in concorso alla 24\u00aa Settimana della Critica ha ricevuto il Premio FICE come Miglior Regista Esordiente dell\u2019anno il premio gli \u00e8 stato consegnato durante gli incontri del Cinema d\u2019Essai in [&hellip;]\" \/>\r\n<meta property=\"og:url\" content=\"https:\/\/www.castingnews.eu\/magazine\/2009\/10\/08\/good-morning-aman-di-claudio-noce-film\/\" \/>\r\n<meta property=\"og:site_name\" content=\"Casting News Magazine\" \/>\r\n<meta property=\"article:published_time\" content=\"2009-10-08T18:30:47+00:00\" \/>\r\n<meta property=\"og:image\" content=\"https:\/\/www.castingnews.eu\/magazine\/wp-content\/uploads\/2009\/10\/valerio-mastandrea-e-said-sabrie-in-una-scena-di-good-morning-aman-1.jpg\" \/>\r\n\t<meta property=\"og:image:width\" content=\"500\" \/>\r\n\t<meta property=\"og:image:height\" content=\"250\" \/>\r\n\t<meta property=\"og:image:type\" content=\"image\/jpeg\" \/>\r\n<meta name=\"author\" content=\"Redazione\" \/>\r\n<meta name=\"twitter:card\" content=\"summary_large_image\" \/>\r\n<meta name=\"twitter:label1\" content=\"Scritto da\" \/>\n\t<meta name=\"twitter:data1\" content=\"Redazione\" \/>\n\t<meta name=\"twitter:label2\" content=\"Tempo di lettura stimato\" \/>\n\t<meta name=\"twitter:data2\" content=\"1 minuto\" \/>\r\n<script type=\"application\/ld+json\" class=\"yoast-schema-graph\">{\"@context\":\"https:\\\/\\\/schema.org\",\"@graph\":[{\"@type\":\"Article\",\"@id\":\"https:\\\/\\\/www.castingnews.eu\\\/magazine\\\/2009\\\/10\\\/08\\\/good-morning-aman-di-claudio-noce-film\\\/#article\",\"isPartOf\":{\"@id\":\"https:\\\/\\\/www.castingnews.eu\\\/magazine\\\/2009\\\/10\\\/08\\\/good-morning-aman-di-claudio-noce-film\\\/\"},\"author\":{\"name\":\"Redazione\",\"@id\":\"https:\\\/\\\/www.castingnews.eu\\\/magazine\\\/#\\\/schema\\\/person\\\/099d71c568c9a7e5e4037b1594108f17\"},\"headline\":\"Good Morning Aman di Claudio Noce &#8211; Film\",\"datePublished\":\"2009-10-08T18:30:47+00:00\",\"mainEntityOfPage\":{\"@id\":\"https:\\\/\\\/www.castingnews.eu\\\/magazine\\\/2009\\\/10\\\/08\\\/good-morning-aman-di-claudio-noce-film\\\/\"},\"wordCount\":229,\"image\":{\"@id\":\"https:\\\/\\\/www.castingnews.eu\\\/magazine\\\/2009\\\/10\\\/08\\\/good-morning-aman-di-claudio-noce-film\\\/#primaryimage\"},\"thumbnailUrl\":\"https:\\\/\\\/www.castingnews.eu\\\/magazine\\\/wp-content\\\/uploads\\\/2009\\\/10\\\/valerio-mastandrea-e-said-sabrie-in-una-scena-di-good-morning-aman-1.jpg\",\"keywords\":[\"Cinema d\u2019Essai\",\"Claudio Noce\",\"DNC Cinematografica\",\"Dodo Fiori\",\"Good Morning Aman\",\"Ministero per i Beni e le Attivit\u00e0 Culturali\",\"Premio FICE\",\"Rai Cinema\",\"Roma\",\"Said Sabrie\",\"Teatro Bibiena\"],\"articleSection\":[\"Film - Italia\",\"Italia\"],\"inLanguage\":\"it-IT\"},{\"@type\":\"WebPage\",\"@id\":\"https:\\\/\\\/www.castingnews.eu\\\/magazine\\\/2009\\\/10\\\/08\\\/good-morning-aman-di-claudio-noce-film\\\/\",\"url\":\"https:\\\/\\\/www.castingnews.eu\\\/magazine\\\/2009\\\/10\\\/08\\\/good-morning-aman-di-claudio-noce-film\\\/\",\"name\":\"Good Morning Aman di Claudio Noce - Film - Casting News Magazine\",\"isPartOf\":{\"@id\":\"https:\\\/\\\/www.castingnews.eu\\\/magazine\\\/#website\"},\"primaryImageOfPage\":{\"@id\":\"https:\\\/\\\/www.castingnews.eu\\\/magazine\\\/2009\\\/10\\\/08\\\/good-morning-aman-di-claudio-noce-film\\\/#primaryimage\"},\"image\":{\"@id\":\"https:\\\/\\\/www.castingnews.eu\\\/magazine\\\/2009\\\/10\\\/08\\\/good-morning-aman-di-claudio-noce-film\\\/#primaryimage\"},\"thumbnailUrl\":\"https:\\\/\\\/www.castingnews.eu\\\/magazine\\\/wp-content\\\/uploads\\\/2009\\\/10\\\/valerio-mastandrea-e-said-sabrie-in-una-scena-di-good-morning-aman-1.jpg\",\"datePublished\":\"2009-10-08T18:30:47+00:00\",\"author\":{\"@id\":\"https:\\\/\\\/www.castingnews.eu\\\/magazine\\\/#\\\/schema\\\/person\\\/099d71c568c9a7e5e4037b1594108f17\"},\"breadcrumb\":{\"@id\":\"https:\\\/\\\/www.castingnews.eu\\\/magazine\\\/2009\\\/10\\\/08\\\/good-morning-aman-di-claudio-noce-film\\\/#breadcrumb\"},\"inLanguage\":\"it-IT\",\"potentialAction\":[{\"@type\":\"ReadAction\",\"target\":[\"https:\\\/\\\/www.castingnews.eu\\\/magazine\\\/2009\\\/10\\\/08\\\/good-morning-aman-di-claudio-noce-film\\\/\"]}]},{\"@type\":\"ImageObject\",\"inLanguage\":\"it-IT\",\"@id\":\"https:\\\/\\\/www.castingnews.eu\\\/magazine\\\/2009\\\/10\\\/08\\\/good-morning-aman-di-claudio-noce-film\\\/#primaryimage\",\"url\":\"https:\\\/\\\/www.castingnews.eu\\\/magazine\\\/wp-content\\\/uploads\\\/2009\\\/10\\\/valerio-mastandrea-e-said-sabrie-in-una-scena-di-good-morning-aman-1.jpg\",\"contentUrl\":\"https:\\\/\\\/www.castingnews.eu\\\/magazine\\\/wp-content\\\/uploads\\\/2009\\\/10\\\/valerio-mastandrea-e-said-sabrie-in-una-scena-di-good-morning-aman-1.jpg\",\"width\":500,\"height\":250},{\"@type\":\"BreadcrumbList\",\"@id\":\"https:\\\/\\\/www.castingnews.eu\\\/magazine\\\/2009\\\/10\\\/08\\\/good-morning-aman-di-claudio-noce-film\\\/#breadcrumb\",\"itemListElement\":[{\"@type\":\"ListItem\",\"position\":1,\"name\":\"Home\",\"item\":\"https:\\\/\\\/www.castingnews.eu\\\/magazine\\\/\"},{\"@type\":\"ListItem\",\"position\":2,\"name\":\"Good Morning Aman di Claudio Noce &#8211; Film\"}]},{\"@type\":\"WebSite\",\"@id\":\"https:\\\/\\\/www.castingnews.eu\\\/magazine\\\/#website\",\"url\":\"https:\\\/\\\/www.castingnews.eu\\\/magazine\\\/\",\"name\":\"Casting News Magazine\",\"description\":\"News e aggiornamenti sui film, serie tv, teatro e festival italiani ed internazionali\",\"potentialAction\":[{\"@type\":\"SearchAction\",\"target\":{\"@type\":\"EntryPoint\",\"urlTemplate\":\"https:\\\/\\\/www.castingnews.eu\\\/magazine\\\/?s={search_term_string}\"},\"query-input\":{\"@type\":\"PropertyValueSpecification\",\"valueRequired\":true,\"valueName\":\"search_term_string\"}}],\"inLanguage\":\"it-IT\"},{\"@type\":\"Person\",\"@id\":\"https:\\\/\\\/www.castingnews.eu\\\/magazine\\\/#\\\/schema\\\/person\\\/099d71c568c9a7e5e4037b1594108f17\",\"name\":\"Redazione\",\"image\":{\"@type\":\"ImageObject\",\"inLanguage\":\"it-IT\",\"@id\":\"https:\\\/\\\/secure.gravatar.com\\\/avatar\\\/b73a087aa3bd279fb70d24f1960a91c82cf67619395b60b564c90e9e5d5325fc?s=96&d=mm&r=g\",\"url\":\"https:\\\/\\\/secure.gravatar.com\\\/avatar\\\/b73a087aa3bd279fb70d24f1960a91c82cf67619395b60b564c90e9e5d5325fc?s=96&d=mm&r=g\",\"contentUrl\":\"https:\\\/\\\/secure.gravatar.com\\\/avatar\\\/b73a087aa3bd279fb70d24f1960a91c82cf67619395b60b564c90e9e5d5325fc?s=96&d=mm&r=g\",\"caption\":\"Redazione\"},\"description\":\"News e aggiornamenti sui film, serie tv, teatro e festival italiani ed internazionali.\",\"url\":\"https:\\\/\\\/www.castingnews.eu\\\/magazine\\\/author\\\/redazione\\\/\"}]}<\/script>\r\n<!-- \/ Yoast SEO plugin. -->","yoast_head_json":{"title":"Good Morning Aman di Claudio Noce - Film - Casting News Magazine","robots":{"index":"index","follow":"follow","max-snippet":"max-snippet:-1","max-image-preview":"max-image-preview:large","max-video-preview":"max-video-preview:-1"},"canonical":"https:\/\/www.castingnews.eu\/magazine\/2009\/10\/08\/good-morning-aman-di-claudio-noce-film\/","og_locale":"it_IT","og_type":"article","og_title":"Good Morning Aman di Claudio Noce - Film - Casting News Magazine","og_description":"Good Morning Aman \u00e8 distribuito da Cinecitt\u00e0 Luce e uscir\u00e0 nelle sale venerd\u00ec 13 novembre 2009. Claudio Noce con il suo Good Morning Aman, gi\u00e0 in concorso alla 24\u00aa Settimana della Critica ha ricevuto il Premio FICE come Miglior Regista Esordiente dell\u2019anno il premio gli \u00e8 stato consegnato durante gli incontri del Cinema d\u2019Essai in [&hellip;]","og_url":"https:\/\/www.castingnews.eu\/magazine\/2009\/10\/08\/good-morning-aman-di-claudio-noce-film\/","og_site_name":"Casting News Magazine","article_published_time":"2009-10-08T18:30:47+00:00","og_image":[{"width":500,"height":250,"url":"https:\/\/www.castingnews.eu\/magazine\/wp-content\/uploads\/2009\/10\/valerio-mastandrea-e-said-sabrie-in-una-scena-di-good-morning-aman-1.jpg","type":"image\/jpeg"}],"author":"Redazione","twitter_card":"summary_large_image","twitter_misc":{"Scritto da":"Redazione","Tempo di lettura stimato":"1 minuto"},"schema":{"@context":"https:\/\/schema.org","@graph":[{"@type":"Article","@id":"https:\/\/www.castingnews.eu\/magazine\/2009\/10\/08\/good-morning-aman-di-claudio-noce-film\/#article","isPartOf":{"@id":"https:\/\/www.castingnews.eu\/magazine\/2009\/10\/08\/good-morning-aman-di-claudio-noce-film\/"},"author":{"name":"Redazione","@id":"https:\/\/www.castingnews.eu\/magazine\/#\/schema\/person\/099d71c568c9a7e5e4037b1594108f17"},"headline":"Good Morning Aman di Claudio Noce &#8211; Film","datePublished":"2009-10-08T18:30:47+00:00","mainEntityOfPage":{"@id":"https:\/\/www.castingnews.eu\/magazine\/2009\/10\/08\/good-morning-aman-di-claudio-noce-film\/"},"wordCount":229,"image":{"@id":"https:\/\/www.castingnews.eu\/magazine\/2009\/10\/08\/good-morning-aman-di-claudio-noce-film\/#primaryimage"},"thumbnailUrl":"https:\/\/www.castingnews.eu\/magazine\/wp-content\/uploads\/2009\/10\/valerio-mastandrea-e-said-sabrie-in-una-scena-di-good-morning-aman-1.jpg","keywords":["Cinema d\u2019Essai","Claudio Noce","DNC Cinematografica","Dodo Fiori","Good Morning Aman","Ministero per i Beni e le Attivit\u00e0 Culturali","Premio FICE","Rai Cinema","Roma","Said Sabrie","Teatro Bibiena"],"articleSection":["Film - Italia","Italia"],"inLanguage":"it-IT"},{"@type":"WebPage","@id":"https:\/\/www.castingnews.eu\/magazine\/2009\/10\/08\/good-morning-aman-di-claudio-noce-film\/","url":"https:\/\/www.castingnews.eu\/magazine\/2009\/10\/08\/good-morning-aman-di-claudio-noce-film\/","name":"Good Morning Aman di Claudio Noce - Film - Casting News Magazine","isPartOf":{"@id":"https:\/\/www.castingnews.eu\/magazine\/#website"},"primaryImageOfPage":{"@id":"https:\/\/www.castingnews.eu\/magazine\/2009\/10\/08\/good-morning-aman-di-claudio-noce-film\/#primaryimage"},"image":{"@id":"https:\/\/www.castingnews.eu\/magazine\/2009\/10\/08\/good-morning-aman-di-claudio-noce-film\/#primaryimage"},"thumbnailUrl":"https:\/\/www.castingnews.eu\/magazine\/wp-content\/uploads\/2009\/10\/valerio-mastandrea-e-said-sabrie-in-una-scena-di-good-morning-aman-1.jpg","datePublished":"2009-10-08T18:30:47+00:00","author":{"@id":"https:\/\/www.castingnews.eu\/magazine\/#\/schema\/person\/099d71c568c9a7e5e4037b1594108f17"},"breadcrumb":{"@id":"https:\/\/www.castingnews.eu\/magazine\/2009\/10\/08\/good-morning-aman-di-claudio-noce-film\/#breadcrumb"},"inLanguage":"it-IT","potentialAction":[{"@type":"ReadAction","target":["https:\/\/www.castingnews.eu\/magazine\/2009\/10\/08\/good-morning-aman-di-claudio-noce-film\/"]}]},{"@type":"ImageObject","inLanguage":"it-IT","@id":"https:\/\/www.castingnews.eu\/magazine\/2009\/10\/08\/good-morning-aman-di-claudio-noce-film\/#primaryimage","url":"https:\/\/www.castingnews.eu\/magazine\/wp-content\/uploads\/2009\/10\/valerio-mastandrea-e-said-sabrie-in-una-scena-di-good-morning-aman-1.jpg","contentUrl":"https:\/\/www.castingnews.eu\/magazine\/wp-content\/uploads\/2009\/10\/valerio-mastandrea-e-said-sabrie-in-una-scena-di-good-morning-aman-1.jpg","width":500,"height":250},{"@type":"BreadcrumbList","@id":"https:\/\/www.castingnews.eu\/magazine\/2009\/10\/08\/good-morning-aman-di-claudio-noce-film\/#breadcrumb","itemListElement":[{"@type":"ListItem","position":1,"name":"Home","item":"https:\/\/www.castingnews.eu\/magazine\/"},{"@type":"ListItem","position":2,"name":"Good Morning Aman di Claudio Noce &#8211; Film"}]},{"@type":"WebSite","@id":"https:\/\/www.castingnews.eu\/magazine\/#website","url":"https:\/\/www.castingnews.eu\/magazine\/","name":"Casting News Magazine","description":"News e aggiornamenti sui film, serie tv, teatro e festival italiani ed internazionali","potentialAction":[{"@type":"SearchAction","target":{"@type":"EntryPoint","urlTemplate":"https:\/\/www.castingnews.eu\/magazine\/?s={search_term_string}"},"query-input":{"@type":"PropertyValueSpecification","valueRequired":true,"valueName":"search_term_string"}}],"inLanguage":"it-IT"},{"@type":"Person","@id":"https:\/\/www.castingnews.eu\/magazine\/#\/schema\/person\/099d71c568c9a7e5e4037b1594108f17","name":"Redazione","image":{"@type":"ImageObject","inLanguage":"it-IT","@id":"https:\/\/secure.gravatar.com\/avatar\/b73a087aa3bd279fb70d24f1960a91c82cf67619395b60b564c90e9e5d5325fc?s=96&d=mm&r=g","url":"https:\/\/secure.gravatar.com\/avatar\/b73a087aa3bd279fb70d24f1960a91c82cf67619395b60b564c90e9e5d5325fc?s=96&d=mm&r=g","contentUrl":"https:\/\/secure.gravatar.com\/avatar\/b73a087aa3bd279fb70d24f1960a91c82cf67619395b60b564c90e9e5d5325fc?s=96&d=mm&r=g","caption":"Redazione"},"description":"News e aggiornamenti sui film, serie tv, teatro e festival italiani ed internazionali.","url":"https:\/\/www.castingnews.eu\/magazine\/author\/redazione\/"}]}},"_links":{"self":[{"href":"https:\/\/www.castingnews.eu\/magazine\/wp-json\/wp\/v2\/posts\/536","targetHints":{"allow":["GET"]}}],"collection":[{"href":"https:\/\/www.castingnews.eu\/magazine\/wp-json\/wp\/v2\/posts"}],"about":[{"href":"https:\/\/www.castingnews.eu\/magazine\/wp-json\/wp\/v2\/types\/post"}],"author":[{"embeddable":true,"href":"https:\/\/www.castingnews.eu\/magazine\/wp-json\/wp\/v2\/users\/1"}],"replies":[{"embeddable":true,"href":"https:\/\/www.castingnews.eu\/magazine\/wp-json\/wp\/v2\/comments?post=536"}],"version-history":[{"count":0,"href":"https:\/\/www.castingnews.eu\/magazine\/wp-json\/wp\/v2\/posts\/536\/revisions"}],"wp:featuredmedia":[{"embeddable":true,"href":"https:\/\/www.castingnews.eu\/magazine\/wp-json\/wp\/v2\/media\/537"}],"wp:attachment":[{"href":"https:\/\/www.castingnews.eu\/magazine\/wp-json\/wp\/v2\/media?parent=536"}],"wp:term":[{"taxonomy":"category","embeddable":true,"href":"https:\/\/www.castingnews.eu\/magazine\/wp-json\/wp\/v2\/categories?post=536"},{"taxonomy":"post_tag","embeddable":true,"href":"https:\/\/www.castingnews.eu\/magazine\/wp-json\/wp\/v2\/tags?post=536"}],"curies":[{"name":"wp","href":"https:\/\/api.w.org\/{rel}","templated":true}]}}