{"id":4937,"date":"2023-03-10T12:45:54","date_gmt":"2023-03-10T11:45:54","guid":{"rendered":"https:\/\/www.castingnews.eu\/magazine\/?p=4937"},"modified":"2023-03-10T12:45:56","modified_gmt":"2023-03-10T11:45:56","slug":"la-terra-delle-donne-di-marisa-vallone-in-anteprima-al-bifst","status":"publish","type":"post","link":"https:\/\/www.castingnews.eu\/magazine\/2023\/03\/10\/la-terra-delle-donne-di-marisa-vallone-in-anteprima-al-bifst\/","title":{"rendered":"\u201cLa terra delle donne\u201d di Marisa Vallone in anteprima al Bif&amp;st"},"content":{"rendered":"\n<p>Sar\u00e0 presentato in anteprima alla 14^ edizione del <strong>Bif&amp;st\u2013Bari International Film Festival<\/strong> all\u2019interno della sezione \u201cItaliaFilmFest \/ Nuovo Cinema Italiano\u201d, <strong>La terra delle donne<\/strong>, diretto da <strong>Marisa Vallone<\/strong> e scritto da Paola Sini con la collaborazione di Marisa Vallone.<\/p><div class=\"6d3639e8c6ac292cde400fad8ff8a5b9\" data-index=\"1\" style=\"float: none; margin:10px 0 10px 0; text-align:center;\">\n<script async src=\"\/\/pagead2.googlesyndication.com\/pagead\/js\/adsbygoogle.js\"><\/script>\r\n<!-- Casting Bambini NEW -->\r\n<ins class=\"adsbygoogle\"\r\n     style=\"display:inline-block;width:336px;height:280px\"\r\n     data-ad-client=\"ca-pub-5538097485429833\"\r\n     data-ad-slot=\"5127154445\"><\/ins>\r\n<script>\r\n(adsbygoogle = window.adsbygoogle || []).push({});\r\n<\/script>\n<\/div>\n\n\n\n\n<p>La terra delle donne, interpretato da <strong>Paola Sini<\/strong>, <strong>Valentina Lodovini<\/strong>, <strong>Syama Rayner<\/strong>, <strong>Alessandro Haber<\/strong>, <strong>Hal Yamanouchi<\/strong>, <strong>Han Bijvoet<\/strong> e <strong>Fredie Fox <\/strong>\u00e8 un inno alla femminilit\u00e0 vissuta in ogni sua sfaccettatura, un forte richiamo al diritto di ogni persona di seguire la propria natura, una rivendicazione di libert\u00e0. Il film declinato interamente al femminile tenta di individuare una via di fuga alla gabbia delle convenzioni in una societ\u00e0 in cui il destino delle donne \u00e8 segnato fin dalla nascita.<\/p>\n\n\n\n<p>SINOSSI:<br>In una Sardegna rurale a cavallo della Seconda Guerra Mondiale, Fidela \u00e8, suo malgrado, la strega del villaggio: cura i malefici e fa nascere i figli di tutti, ma mai i suoi, perch\u00e9 \u00e8 bene che nessun uomo la tocchi. In una famiglia bramosa di un figlio maschio, lei che \u00e8 settima di una prole di sole donne, impara ad accettare quel ruolo sociale come unica fonte di rispetto, castrando nella sua solitaria intimit\u00e0 i suoi istinti pi\u00f9 sinceri e la sua fragilit\u00e0. Ma quando il destino far\u00e0 in modo che proprio a lei venga affidata Bastiana, un\u2019altra settima figlia illegittima nata dalla relazione clandestina tra il soldato americano Thomas e una donna sarda, Fidela non solo scoprir\u00e0 la potenza di sentirsi madre, ma inizier\u00e0 a vacillare e a mettere in discussione tutte le certezze che fino a quel momento le erano sembrate una condizione senza scampo. E sar\u00e0 l\u2019incontro con James e Mamoto, l\u2019empatia che si crea con Thomas e la vita stessa, accidentale per lei come per chiunque, a costringerla a una definitiva e necessaria rivoluzione interiore di cui Bastiana si far\u00e0 poi consapevole portatrice. Cos\u00ec due vite scelte dagli altri e modellate dalla tradizione, si trasformano invece nella straordinaria occasione di essere semplicemente vissute, in una piena e libera scelta identitaria. In un luogo senza tempo, dove i 1000 occhi appuntiti della gente sembrano contare pi\u00f9 del semplice valore di essere, avverr\u00e0 una tale e potente rivoluzione, da mettere a nudo ogni vizio dell\u2019animo umano per poi riconoscere la forza ancestrale e il coraggio che caratterizza l\u2019universo femminile.<\/p>\n\n<div style=\"font-size: 0px; height: 0px; line-height: 0px; margin: 0; padding: 0; clear: both;\"><\/div>","protected":false},"excerpt":{"rendered":"<p>Sar\u00e0 presentato in anteprima alla 14^ edizione del Bif&amp;st\u2013Bari International Film Festival all\u2019interno della sezione \u201cItaliaFilmFest \/ Nuovo Cinema Italiano\u201d, La terra delle donne, diretto da Marisa Vallone e scritto da Paola Sini con la collaborazione di Marisa Vallone. La terra delle donne, interpretato da Paola Sini, Valentina Lodovini, Syama Rayner, Alessandro Haber, Hal Yamanouchi, [&hellip;]<\/p>\n","protected":false},"author":1,"featured_media":4938,"comment_status":"open","ping_status":"open","sticky":false,"template":"","format":"standard","meta":{"tdm_status":"","tdm_grid_status":"","footnotes":""},"categories":[11,1533,71,21,30,3964],"tags":[100,207,4248,272,273,514,4252,3065,4251,2337,2339,4249,1658,4250,2318],"class_list":{"0":"post-4937","1":"post","2":"type-post","3":"status-publish","4":"format-standard","5":"has-post-thumbnail","7":"category-festival","8":"category-featured","9":"category-italia-paese","10":"category-in-primo-piano","11":"category-progetti-cinematografici","12":"category-puglia","13":"tag-alessandro-haber","14":"tag-bari","15":"tag-bifst","16":"tag-casting-magazine","17":"tag-casting-news","18":"tag-festival","19":"tag-fredie-fox","20":"tag-hal-yamanouchi","21":"tag-han-bijvoet","22":"tag-la-terra-delle-donne","23":"tag-marisa-vallone","24":"tag-paola-sini","25":"tag-sardegna","26":"tag-syama-rayner","27":"tag-valentina-lodovini"},"yoast_head":"<!-- This site is optimized with the Yoast SEO plugin v27.4 - https:\/\/yoast.com\/product\/yoast-seo-wordpress\/ -->\r\n<title>\u201cLa terra delle donne\u201d di Marisa Vallone in anteprima al Bif&amp;st - Casting News Magazine<\/title>\r\n<meta name=\"description\" content=\"Sar\u00e0 presentato in anteprima al Bif&amp;st &quot;La terra delle donne&quot;, il film diretto da Marisa Vallone e scritto da Paola Sini.\" \/>\r\n<meta name=\"robots\" content=\"index, follow, max-snippet:-1, max-image-preview:large, max-video-preview:-1\" \/>\r\n<link rel=\"canonical\" href=\"https:\/\/www.castingnews.eu\/magazine\/2023\/03\/10\/la-terra-delle-donne-di-marisa-vallone-in-anteprima-al-bifst\/\" \/>\r\n<meta property=\"og:locale\" content=\"it_IT\" \/>\r\n<meta property=\"og:type\" content=\"article\" \/>\r\n<meta property=\"og:title\" content=\"\u201cLa terra delle donne\u201d di Marisa Vallone in anteprima al Bif&amp;st - Casting News Magazine\" \/>\r\n<meta property=\"og:description\" content=\"Sar\u00e0 presentato in anteprima al Bif&amp;st &quot;La terra delle donne&quot;, il film diretto da Marisa Vallone e scritto da Paola Sini.\" \/>\r\n<meta property=\"og:url\" content=\"https:\/\/www.castingnews.eu\/magazine\/2023\/03\/10\/la-terra-delle-donne-di-marisa-vallone-in-anteprima-al-bifst\/\" \/>\r\n<meta property=\"og:site_name\" content=\"Casting News Magazine\" \/>\r\n<meta property=\"article:published_time\" content=\"2023-03-10T11:45:54+00:00\" \/>\r\n<meta property=\"article:modified_time\" content=\"2023-03-10T11:45:56+00:00\" \/>\r\n<meta property=\"og:image\" content=\"https:\/\/www.castingnews.eu\/magazine\/wp-content\/uploads\/2023\/03\/La-terra-delle-donne.jpeg\" \/>\r\n\t<meta property=\"og:image:width\" content=\"1180\" \/>\r\n\t<meta property=\"og:image:height\" content=\"787\" \/>\r\n\t<meta property=\"og:image:type\" content=\"image\/jpeg\" \/>\r\n<meta name=\"author\" content=\"Redazione\" \/>\r\n<meta name=\"twitter:card\" content=\"summary_large_image\" \/>\r\n<meta name=\"twitter:label1\" content=\"Scritto da\" \/>\n\t<meta name=\"twitter:data1\" content=\"Redazione\" \/>\n\t<meta name=\"twitter:label2\" content=\"Tempo di lettura stimato\" \/>\n\t<meta name=\"twitter:data2\" content=\"3 minuti\" \/>\r\n<script type=\"application\/ld+json\" class=\"yoast-schema-graph\">{\"@context\":\"https:\\\/\\\/schema.org\",\"@graph\":[{\"@type\":\"Article\",\"@id\":\"https:\\\/\\\/www.castingnews.eu\\\/magazine\\\/2023\\\/03\\\/10\\\/la-terra-delle-donne-di-marisa-vallone-in-anteprima-al-bifst\\\/#article\",\"isPartOf\":{\"@id\":\"https:\\\/\\\/www.castingnews.eu\\\/magazine\\\/2023\\\/03\\\/10\\\/la-terra-delle-donne-di-marisa-vallone-in-anteprima-al-bifst\\\/\"},\"author\":{\"name\":\"Redazione\",\"@id\":\"https:\\\/\\\/www.castingnews.eu\\\/magazine\\\/#\\\/schema\\\/person\\\/099d71c568c9a7e5e4037b1594108f17\"},\"headline\":\"\u201cLa terra delle donne\u201d di Marisa Vallone in anteprima al Bif&amp;st\",\"datePublished\":\"2023-03-10T11:45:54+00:00\",\"dateModified\":\"2023-03-10T11:45:56+00:00\",\"mainEntityOfPage\":{\"@id\":\"https:\\\/\\\/www.castingnews.eu\\\/magazine\\\/2023\\\/03\\\/10\\\/la-terra-delle-donne-di-marisa-vallone-in-anteprima-al-bifst\\\/\"},\"wordCount\":394,\"commentCount\":0,\"image\":{\"@id\":\"https:\\\/\\\/www.castingnews.eu\\\/magazine\\\/2023\\\/03\\\/10\\\/la-terra-delle-donne-di-marisa-vallone-in-anteprima-al-bifst\\\/#primaryimage\"},\"thumbnailUrl\":\"https:\\\/\\\/www.castingnews.eu\\\/magazine\\\/wp-content\\\/uploads\\\/2023\\\/03\\\/La-terra-delle-donne.jpeg\",\"keywords\":[\"Alessandro Haber\",\"Bari\",\"Bif&amp;st\",\"Casting Magazine\",\"Casting News\",\"Festival\",\"Fredie Fox\",\"Hal Yamanouchi\",\"Han Bijvoet\",\"La Terra delle Donne\",\"Marisa Vallone\",\"Paola Sini\",\"Sardegna\",\"Syama Rayner\",\"Valentina Lodovini\"],\"articleSection\":[\"Festival\",\"In primo piano\",\"Italia\",\"Primo piano\",\"Progetti cinematografici\",\"Puglia\"],\"inLanguage\":\"it-IT\",\"potentialAction\":[{\"@type\":\"CommentAction\",\"name\":\"Comment\",\"target\":[\"https:\\\/\\\/www.castingnews.eu\\\/magazine\\\/2023\\\/03\\\/10\\\/la-terra-delle-donne-di-marisa-vallone-in-anteprima-al-bifst\\\/#respond\"]}]},{\"@type\":\"WebPage\",\"@id\":\"https:\\\/\\\/www.castingnews.eu\\\/magazine\\\/2023\\\/03\\\/10\\\/la-terra-delle-donne-di-marisa-vallone-in-anteprima-al-bifst\\\/\",\"url\":\"https:\\\/\\\/www.castingnews.eu\\\/magazine\\\/2023\\\/03\\\/10\\\/la-terra-delle-donne-di-marisa-vallone-in-anteprima-al-bifst\\\/\",\"name\":\"\u201cLa terra delle donne\u201d di Marisa Vallone in anteprima al Bif&amp;st - Casting News Magazine\",\"isPartOf\":{\"@id\":\"https:\\\/\\\/www.castingnews.eu\\\/magazine\\\/#website\"},\"primaryImageOfPage\":{\"@id\":\"https:\\\/\\\/www.castingnews.eu\\\/magazine\\\/2023\\\/03\\\/10\\\/la-terra-delle-donne-di-marisa-vallone-in-anteprima-al-bifst\\\/#primaryimage\"},\"image\":{\"@id\":\"https:\\\/\\\/www.castingnews.eu\\\/magazine\\\/2023\\\/03\\\/10\\\/la-terra-delle-donne-di-marisa-vallone-in-anteprima-al-bifst\\\/#primaryimage\"},\"thumbnailUrl\":\"https:\\\/\\\/www.castingnews.eu\\\/magazine\\\/wp-content\\\/uploads\\\/2023\\\/03\\\/La-terra-delle-donne.jpeg\",\"datePublished\":\"2023-03-10T11:45:54+00:00\",\"dateModified\":\"2023-03-10T11:45:56+00:00\",\"author\":{\"@id\":\"https:\\\/\\\/www.castingnews.eu\\\/magazine\\\/#\\\/schema\\\/person\\\/099d71c568c9a7e5e4037b1594108f17\"},\"description\":\"Sar\u00e0 presentato in anteprima al Bif&st \\\"La terra delle donne\\\", il film diretto da Marisa Vallone e scritto da Paola Sini.\",\"breadcrumb\":{\"@id\":\"https:\\\/\\\/www.castingnews.eu\\\/magazine\\\/2023\\\/03\\\/10\\\/la-terra-delle-donne-di-marisa-vallone-in-anteprima-al-bifst\\\/#breadcrumb\"},\"inLanguage\":\"it-IT\",\"potentialAction\":[{\"@type\":\"ReadAction\",\"target\":[\"https:\\\/\\\/www.castingnews.eu\\\/magazine\\\/2023\\\/03\\\/10\\\/la-terra-delle-donne-di-marisa-vallone-in-anteprima-al-bifst\\\/\"]}]},{\"@type\":\"ImageObject\",\"inLanguage\":\"it-IT\",\"@id\":\"https:\\\/\\\/www.castingnews.eu\\\/magazine\\\/2023\\\/03\\\/10\\\/la-terra-delle-donne-di-marisa-vallone-in-anteprima-al-bifst\\\/#primaryimage\",\"url\":\"https:\\\/\\\/www.castingnews.eu\\\/magazine\\\/wp-content\\\/uploads\\\/2023\\\/03\\\/La-terra-delle-donne.jpeg\",\"contentUrl\":\"https:\\\/\\\/www.castingnews.eu\\\/magazine\\\/wp-content\\\/uploads\\\/2023\\\/03\\\/La-terra-delle-donne.jpeg\",\"width\":1180,\"height\":787,\"caption\":\"\\\"La terra delle donne\\\" di Marisa Vallone\"},{\"@type\":\"BreadcrumbList\",\"@id\":\"https:\\\/\\\/www.castingnews.eu\\\/magazine\\\/2023\\\/03\\\/10\\\/la-terra-delle-donne-di-marisa-vallone-in-anteprima-al-bifst\\\/#breadcrumb\",\"itemListElement\":[{\"@type\":\"ListItem\",\"position\":1,\"name\":\"Home\",\"item\":\"https:\\\/\\\/www.castingnews.eu\\\/magazine\\\/\"},{\"@type\":\"ListItem\",\"position\":2,\"name\":\"\u201cLa terra delle donne\u201d di Marisa Vallone in anteprima al Bif&amp;st\"}]},{\"@type\":\"WebSite\",\"@id\":\"https:\\\/\\\/www.castingnews.eu\\\/magazine\\\/#website\",\"url\":\"https:\\\/\\\/www.castingnews.eu\\\/magazine\\\/\",\"name\":\"Casting News Magazine\",\"description\":\"News e aggiornamenti sui film, serie tv, teatro e festival italiani ed internazionali\",\"potentialAction\":[{\"@type\":\"SearchAction\",\"target\":{\"@type\":\"EntryPoint\",\"urlTemplate\":\"https:\\\/\\\/www.castingnews.eu\\\/magazine\\\/?s={search_term_string}\"},\"query-input\":{\"@type\":\"PropertyValueSpecification\",\"valueRequired\":true,\"valueName\":\"search_term_string\"}}],\"inLanguage\":\"it-IT\"},{\"@type\":\"Person\",\"@id\":\"https:\\\/\\\/www.castingnews.eu\\\/magazine\\\/#\\\/schema\\\/person\\\/099d71c568c9a7e5e4037b1594108f17\",\"name\":\"Redazione\",\"image\":{\"@type\":\"ImageObject\",\"inLanguage\":\"it-IT\",\"@id\":\"https:\\\/\\\/secure.gravatar.com\\\/avatar\\\/b73a087aa3bd279fb70d24f1960a91c82cf67619395b60b564c90e9e5d5325fc?s=96&d=mm&r=g\",\"url\":\"https:\\\/\\\/secure.gravatar.com\\\/avatar\\\/b73a087aa3bd279fb70d24f1960a91c82cf67619395b60b564c90e9e5d5325fc?s=96&d=mm&r=g\",\"contentUrl\":\"https:\\\/\\\/secure.gravatar.com\\\/avatar\\\/b73a087aa3bd279fb70d24f1960a91c82cf67619395b60b564c90e9e5d5325fc?s=96&d=mm&r=g\",\"caption\":\"Redazione\"},\"description\":\"News e aggiornamenti sui film, serie tv, teatro e festival italiani ed internazionali.\",\"url\":\"https:\\\/\\\/www.castingnews.eu\\\/magazine\\\/author\\\/redazione\\\/\"}]}<\/script>\r\n<!-- \/ Yoast SEO plugin. -->","yoast_head_json":{"title":"\u201cLa terra delle donne\u201d di Marisa Vallone in anteprima al Bif&amp;st - Casting News Magazine","description":"Sar\u00e0 presentato in anteprima al Bif&st \"La terra delle donne\", il film diretto da Marisa Vallone e scritto da Paola Sini.","robots":{"index":"index","follow":"follow","max-snippet":"max-snippet:-1","max-image-preview":"max-image-preview:large","max-video-preview":"max-video-preview:-1"},"canonical":"https:\/\/www.castingnews.eu\/magazine\/2023\/03\/10\/la-terra-delle-donne-di-marisa-vallone-in-anteprima-al-bifst\/","og_locale":"it_IT","og_type":"article","og_title":"\u201cLa terra delle donne\u201d di Marisa Vallone in anteprima al Bif&amp;st - Casting News Magazine","og_description":"Sar\u00e0 presentato in anteprima al Bif&st \"La terra delle donne\", il film diretto da Marisa Vallone e scritto da Paola Sini.","og_url":"https:\/\/www.castingnews.eu\/magazine\/2023\/03\/10\/la-terra-delle-donne-di-marisa-vallone-in-anteprima-al-bifst\/","og_site_name":"Casting News Magazine","article_published_time":"2023-03-10T11:45:54+00:00","article_modified_time":"2023-03-10T11:45:56+00:00","og_image":[{"width":1180,"height":787,"url":"https:\/\/www.castingnews.eu\/magazine\/wp-content\/uploads\/2023\/03\/La-terra-delle-donne.jpeg","type":"image\/jpeg"}],"author":"Redazione","twitter_card":"summary_large_image","twitter_misc":{"Scritto da":"Redazione","Tempo di lettura stimato":"3 minuti"},"schema":{"@context":"https:\/\/schema.org","@graph":[{"@type":"Article","@id":"https:\/\/www.castingnews.eu\/magazine\/2023\/03\/10\/la-terra-delle-donne-di-marisa-vallone-in-anteprima-al-bifst\/#article","isPartOf":{"@id":"https:\/\/www.castingnews.eu\/magazine\/2023\/03\/10\/la-terra-delle-donne-di-marisa-vallone-in-anteprima-al-bifst\/"},"author":{"name":"Redazione","@id":"https:\/\/www.castingnews.eu\/magazine\/#\/schema\/person\/099d71c568c9a7e5e4037b1594108f17"},"headline":"\u201cLa terra delle donne\u201d di Marisa Vallone in anteprima al Bif&amp;st","datePublished":"2023-03-10T11:45:54+00:00","dateModified":"2023-03-10T11:45:56+00:00","mainEntityOfPage":{"@id":"https:\/\/www.castingnews.eu\/magazine\/2023\/03\/10\/la-terra-delle-donne-di-marisa-vallone-in-anteprima-al-bifst\/"},"wordCount":394,"commentCount":0,"image":{"@id":"https:\/\/www.castingnews.eu\/magazine\/2023\/03\/10\/la-terra-delle-donne-di-marisa-vallone-in-anteprima-al-bifst\/#primaryimage"},"thumbnailUrl":"https:\/\/www.castingnews.eu\/magazine\/wp-content\/uploads\/2023\/03\/La-terra-delle-donne.jpeg","keywords":["Alessandro Haber","Bari","Bif&amp;st","Casting Magazine","Casting News","Festival","Fredie Fox","Hal Yamanouchi","Han Bijvoet","La Terra delle Donne","Marisa Vallone","Paola Sini","Sardegna","Syama Rayner","Valentina Lodovini"],"articleSection":["Festival","In primo piano","Italia","Primo piano","Progetti cinematografici","Puglia"],"inLanguage":"it-IT","potentialAction":[{"@type":"CommentAction","name":"Comment","target":["https:\/\/www.castingnews.eu\/magazine\/2023\/03\/10\/la-terra-delle-donne-di-marisa-vallone-in-anteprima-al-bifst\/#respond"]}]},{"@type":"WebPage","@id":"https:\/\/www.castingnews.eu\/magazine\/2023\/03\/10\/la-terra-delle-donne-di-marisa-vallone-in-anteprima-al-bifst\/","url":"https:\/\/www.castingnews.eu\/magazine\/2023\/03\/10\/la-terra-delle-donne-di-marisa-vallone-in-anteprima-al-bifst\/","name":"\u201cLa terra delle donne\u201d di Marisa Vallone in anteprima al Bif&amp;st - Casting News Magazine","isPartOf":{"@id":"https:\/\/www.castingnews.eu\/magazine\/#website"},"primaryImageOfPage":{"@id":"https:\/\/www.castingnews.eu\/magazine\/2023\/03\/10\/la-terra-delle-donne-di-marisa-vallone-in-anteprima-al-bifst\/#primaryimage"},"image":{"@id":"https:\/\/www.castingnews.eu\/magazine\/2023\/03\/10\/la-terra-delle-donne-di-marisa-vallone-in-anteprima-al-bifst\/#primaryimage"},"thumbnailUrl":"https:\/\/www.castingnews.eu\/magazine\/wp-content\/uploads\/2023\/03\/La-terra-delle-donne.jpeg","datePublished":"2023-03-10T11:45:54+00:00","dateModified":"2023-03-10T11:45:56+00:00","author":{"@id":"https:\/\/www.castingnews.eu\/magazine\/#\/schema\/person\/099d71c568c9a7e5e4037b1594108f17"},"description":"Sar\u00e0 presentato in anteprima al Bif&st \"La terra delle donne\", il film diretto da Marisa Vallone e scritto da Paola Sini.","breadcrumb":{"@id":"https:\/\/www.castingnews.eu\/magazine\/2023\/03\/10\/la-terra-delle-donne-di-marisa-vallone-in-anteprima-al-bifst\/#breadcrumb"},"inLanguage":"it-IT","potentialAction":[{"@type":"ReadAction","target":["https:\/\/www.castingnews.eu\/magazine\/2023\/03\/10\/la-terra-delle-donne-di-marisa-vallone-in-anteprima-al-bifst\/"]}]},{"@type":"ImageObject","inLanguage":"it-IT","@id":"https:\/\/www.castingnews.eu\/magazine\/2023\/03\/10\/la-terra-delle-donne-di-marisa-vallone-in-anteprima-al-bifst\/#primaryimage","url":"https:\/\/www.castingnews.eu\/magazine\/wp-content\/uploads\/2023\/03\/La-terra-delle-donne.jpeg","contentUrl":"https:\/\/www.castingnews.eu\/magazine\/wp-content\/uploads\/2023\/03\/La-terra-delle-donne.jpeg","width":1180,"height":787,"caption":"\"La terra delle donne\" di Marisa Vallone"},{"@type":"BreadcrumbList","@id":"https:\/\/www.castingnews.eu\/magazine\/2023\/03\/10\/la-terra-delle-donne-di-marisa-vallone-in-anteprima-al-bifst\/#breadcrumb","itemListElement":[{"@type":"ListItem","position":1,"name":"Home","item":"https:\/\/www.castingnews.eu\/magazine\/"},{"@type":"ListItem","position":2,"name":"\u201cLa terra delle donne\u201d di Marisa Vallone in anteprima al Bif&amp;st"}]},{"@type":"WebSite","@id":"https:\/\/www.castingnews.eu\/magazine\/#website","url":"https:\/\/www.castingnews.eu\/magazine\/","name":"Casting News Magazine","description":"News e aggiornamenti sui film, serie tv, teatro e festival italiani ed internazionali","potentialAction":[{"@type":"SearchAction","target":{"@type":"EntryPoint","urlTemplate":"https:\/\/www.castingnews.eu\/magazine\/?s={search_term_string}"},"query-input":{"@type":"PropertyValueSpecification","valueRequired":true,"valueName":"search_term_string"}}],"inLanguage":"it-IT"},{"@type":"Person","@id":"https:\/\/www.castingnews.eu\/magazine\/#\/schema\/person\/099d71c568c9a7e5e4037b1594108f17","name":"Redazione","image":{"@type":"ImageObject","inLanguage":"it-IT","@id":"https:\/\/secure.gravatar.com\/avatar\/b73a087aa3bd279fb70d24f1960a91c82cf67619395b60b564c90e9e5d5325fc?s=96&d=mm&r=g","url":"https:\/\/secure.gravatar.com\/avatar\/b73a087aa3bd279fb70d24f1960a91c82cf67619395b60b564c90e9e5d5325fc?s=96&d=mm&r=g","contentUrl":"https:\/\/secure.gravatar.com\/avatar\/b73a087aa3bd279fb70d24f1960a91c82cf67619395b60b564c90e9e5d5325fc?s=96&d=mm&r=g","caption":"Redazione"},"description":"News e aggiornamenti sui film, serie tv, teatro e festival italiani ed internazionali.","url":"https:\/\/www.castingnews.eu\/magazine\/author\/redazione\/"}]}},"_links":{"self":[{"href":"https:\/\/www.castingnews.eu\/magazine\/wp-json\/wp\/v2\/posts\/4937","targetHints":{"allow":["GET"]}}],"collection":[{"href":"https:\/\/www.castingnews.eu\/magazine\/wp-json\/wp\/v2\/posts"}],"about":[{"href":"https:\/\/www.castingnews.eu\/magazine\/wp-json\/wp\/v2\/types\/post"}],"author":[{"embeddable":true,"href":"https:\/\/www.castingnews.eu\/magazine\/wp-json\/wp\/v2\/users\/1"}],"replies":[{"embeddable":true,"href":"https:\/\/www.castingnews.eu\/magazine\/wp-json\/wp\/v2\/comments?post=4937"}],"version-history":[{"count":1,"href":"https:\/\/www.castingnews.eu\/magazine\/wp-json\/wp\/v2\/posts\/4937\/revisions"}],"predecessor-version":[{"id":4939,"href":"https:\/\/www.castingnews.eu\/magazine\/wp-json\/wp\/v2\/posts\/4937\/revisions\/4939"}],"wp:featuredmedia":[{"embeddable":true,"href":"https:\/\/www.castingnews.eu\/magazine\/wp-json\/wp\/v2\/media\/4938"}],"wp:attachment":[{"href":"https:\/\/www.castingnews.eu\/magazine\/wp-json\/wp\/v2\/media?parent=4937"}],"wp:term":[{"taxonomy":"category","embeddable":true,"href":"https:\/\/www.castingnews.eu\/magazine\/wp-json\/wp\/v2\/categories?post=4937"},{"taxonomy":"post_tag","embeddable":true,"href":"https:\/\/www.castingnews.eu\/magazine\/wp-json\/wp\/v2\/tags?post=4937"}],"curies":[{"name":"wp","href":"https:\/\/api.w.org\/{rel}","templated":true}]}}