{"id":4920,"date":"2023-03-08T19:27:28","date_gmt":"2023-03-08T18:27:28","guid":{"rendered":"https:\/\/www.castingnews.eu\/magazine\/?p=4920"},"modified":"2023-03-08T19:27:31","modified_gmt":"2023-03-08T18:27:31","slug":"il-carcere-in-preparazione-il-film-opera-prima-da-regista-dellattore-alessandro-preziosi","status":"publish","type":"post","link":"https:\/\/www.castingnews.eu\/magazine\/2023\/03\/08\/il-carcere-in-preparazione-il-film-opera-prima-da-regista-dellattore-alessandro-preziosi\/","title":{"rendered":"\u201cIl carcere\u201d, in preparazione il film opera prima da regista dell\u2019attore Alessandro Preziosi"},"content":{"rendered":"\n<p><strong>Alessandro Preziosi<\/strong> sta preparando un <strong>film <\/strong>dal titolo <strong>\u201cIl carcere\u201d<\/strong>, tratto dal romanzo di <strong>Cesare Pavese<\/strong>. Il film \u00e8 ambientato a Brancaleone, in provincia di Reggio Calabria, dove lo scrittore visse dopo essere stato condannato a tre anni di confino.<\/p><div class=\"6d3639e8c6ac292cde400fad8ff8a5b9\" data-index=\"1\" style=\"float: none; margin:10px 0 10px 0; text-align:center;\">\n<script async src=\"\/\/pagead2.googlesyndication.com\/pagead\/js\/adsbygoogle.js\"><\/script>\r\n<!-- Casting Bambini NEW -->\r\n<ins class=\"adsbygoogle\"\r\n     style=\"display:inline-block;width:336px;height:280px\"\r\n     data-ad-client=\"ca-pub-5538097485429833\"\r\n     data-ad-slot=\"5127154445\"><\/ins>\r\n<script>\r\n(adsbygoogle = window.adsbygoogle || []).push({});\r\n<\/script>\n<\/div>\n\n\n\n\n<p>Il film, che sar\u00e0 la prima esperienza di <strong>Alessandro Preziosi<\/strong> come <strong>regista cinematografico<\/strong>, \u00e8 sostenuto dalla Fondazione Calabria Film Commission.<br>Il carcere \u00e8 un romanzo breve scritto tra il 27 novembre e il 16 aprile 1939. La storia \u00e8 ispirata al periodo di confino trascorso da Pavese a Brancaleone Calabro, tra il 4 agosto 1935 e il 15 marzo 1936.<\/p>\n\n<div style=\"font-size: 0px; height: 0px; line-height: 0px; margin: 0; padding: 0; clear: both;\"><\/div>","protected":false},"excerpt":{"rendered":"<p>Alessandro Preziosi sta preparando un film dal titolo \u201cIl carcere\u201d, tratto dal romanzo di Cesare Pavese. Il film \u00e8 ambientato a Brancaleone, in provincia di Reggio Calabria, dove lo scrittore visse dopo essere stato condannato a tre anni di confino. Il film, che sar\u00e0 la prima esperienza di Alessandro Preziosi come regista cinematografico, \u00e8 sostenuto [&hellip;]<\/p>\n","protected":false},"author":1,"featured_media":4921,"comment_status":"open","ping_status":"open","sticky":false,"template":"","format":"standard","meta":{"tdm_status":"","tdm_grid_status":"","footnotes":""},"categories":[3954,64,1533,71,21,30],"tags":[4243,4242,272,273,4244,534,4241,835,4245,1626],"class_list":{"0":"post-4920","1":"post","2":"type-post","3":"status-publish","4":"format-standard","5":"has-post-thumbnail","7":"category-calabria","8":"category-drammatico","9":"category-featured","10":"category-italia-paese","11":"category-in-primo-piano","12":"category-progetti-cinematografici","13":"tag-alessandro-preziosi","14":"tag-brancaleone","15":"tag-casting-magazine","16":"tag-casting-news","17":"tag-cesare-pavese","18":"tag-film","19":"tag-il-carcere","20":"tag-lungometraggio","21":"tag-reggio-calabria","22":"tag-romanzo"},"yoast_head":"<!-- This site is optimized with the Yoast SEO plugin v27.4 - https:\/\/yoast.com\/product\/yoast-seo-wordpress\/ -->\r\n<title>\u201cIl carcere\u201d, in preparazione il film opera prima da regista dell\u2019attore Alessandro Preziosi - Casting News Magazine<\/title>\r\n<meta name=\"description\" content=\"Alessandro Preziosi sta preparando un progetto cinematografico dal titolo \u201cIl carcere\u201d, tratto dal romanzo di Cesare Pavese.\" \/>\r\n<meta name=\"robots\" content=\"index, follow, max-snippet:-1, max-image-preview:large, max-video-preview:-1\" \/>\r\n<link rel=\"canonical\" href=\"https:\/\/www.castingnews.eu\/magazine\/2023\/03\/08\/il-carcere-in-preparazione-il-film-opera-prima-da-regista-dellattore-alessandro-preziosi\/\" \/>\r\n<meta property=\"og:locale\" content=\"it_IT\" \/>\r\n<meta property=\"og:type\" content=\"article\" \/>\r\n<meta property=\"og:title\" content=\"\u201cIl carcere\u201d, in preparazione il film opera prima da regista dell\u2019attore Alessandro Preziosi - Casting News Magazine\" \/>\r\n<meta property=\"og:description\" content=\"Alessandro Preziosi sta preparando un progetto cinematografico dal titolo \u201cIl carcere\u201d, tratto dal romanzo di Cesare Pavese.\" \/>\r\n<meta property=\"og:url\" content=\"https:\/\/www.castingnews.eu\/magazine\/2023\/03\/08\/il-carcere-in-preparazione-il-film-opera-prima-da-regista-dellattore-alessandro-preziosi\/\" \/>\r\n<meta property=\"og:site_name\" content=\"Casting News Magazine\" \/>\r\n<meta property=\"article:published_time\" content=\"2023-03-08T18:27:28+00:00\" \/>\r\n<meta property=\"article:modified_time\" content=\"2023-03-08T18:27:31+00:00\" \/>\r\n<meta property=\"og:image\" content=\"https:\/\/www.castingnews.eu\/magazine\/wp-content\/uploads\/2023\/03\/Alessandro-Preziosi-regia.jpg\" \/>\r\n\t<meta property=\"og:image:width\" content=\"1200\" \/>\r\n\t<meta property=\"og:image:height\" content=\"675\" \/>\r\n\t<meta property=\"og:image:type\" content=\"image\/jpeg\" \/>\r\n<meta name=\"author\" content=\"Redazione\" \/>\r\n<meta name=\"twitter:card\" content=\"summary_large_image\" \/>\r\n<meta name=\"twitter:label1\" content=\"Scritto da\" \/>\n\t<meta name=\"twitter:data1\" content=\"Redazione\" \/>\n\t<meta name=\"twitter:label2\" content=\"Tempo di lettura stimato\" \/>\n\t<meta name=\"twitter:data2\" content=\"1 minuto\" \/>\r\n<script type=\"application\/ld+json\" class=\"yoast-schema-graph\">{\"@context\":\"https:\\\/\\\/schema.org\",\"@graph\":[{\"@type\":\"Article\",\"@id\":\"https:\\\/\\\/www.castingnews.eu\\\/magazine\\\/2023\\\/03\\\/08\\\/il-carcere-in-preparazione-il-film-opera-prima-da-regista-dellattore-alessandro-preziosi\\\/#article\",\"isPartOf\":{\"@id\":\"https:\\\/\\\/www.castingnews.eu\\\/magazine\\\/2023\\\/03\\\/08\\\/il-carcere-in-preparazione-il-film-opera-prima-da-regista-dellattore-alessandro-preziosi\\\/\"},\"author\":{\"name\":\"Redazione\",\"@id\":\"https:\\\/\\\/www.castingnews.eu\\\/magazine\\\/#\\\/schema\\\/person\\\/099d71c568c9a7e5e4037b1594108f17\"},\"headline\":\"\u201cIl carcere\u201d, in preparazione il film opera prima da regista dell\u2019attore Alessandro Preziosi\",\"datePublished\":\"2023-03-08T18:27:28+00:00\",\"dateModified\":\"2023-03-08T18:27:31+00:00\",\"mainEntityOfPage\":{\"@id\":\"https:\\\/\\\/www.castingnews.eu\\\/magazine\\\/2023\\\/03\\\/08\\\/il-carcere-in-preparazione-il-film-opera-prima-da-regista-dellattore-alessandro-preziosi\\\/\"},\"wordCount\":103,\"commentCount\":0,\"image\":{\"@id\":\"https:\\\/\\\/www.castingnews.eu\\\/magazine\\\/2023\\\/03\\\/08\\\/il-carcere-in-preparazione-il-film-opera-prima-da-regista-dellattore-alessandro-preziosi\\\/#primaryimage\"},\"thumbnailUrl\":\"https:\\\/\\\/www.castingnews.eu\\\/magazine\\\/wp-content\\\/uploads\\\/2023\\\/03\\\/Alessandro-Preziosi-regia.jpg\",\"keywords\":[\"Alessandro Preziosi\",\"Brancaleone\",\"Casting Magazine\",\"Casting News\",\"Cesare Pavese\",\"Film\",\"Il carcere\",\"Lungometraggio\",\"Reggio Calabria\",\"romanzo\"],\"articleSection\":[\"Calabria\",\"Drammatico\",\"In primo piano\",\"Italia\",\"Primo piano\",\"Progetti cinematografici\"],\"inLanguage\":\"it-IT\",\"potentialAction\":[{\"@type\":\"CommentAction\",\"name\":\"Comment\",\"target\":[\"https:\\\/\\\/www.castingnews.eu\\\/magazine\\\/2023\\\/03\\\/08\\\/il-carcere-in-preparazione-il-film-opera-prima-da-regista-dellattore-alessandro-preziosi\\\/#respond\"]}]},{\"@type\":\"WebPage\",\"@id\":\"https:\\\/\\\/www.castingnews.eu\\\/magazine\\\/2023\\\/03\\\/08\\\/il-carcere-in-preparazione-il-film-opera-prima-da-regista-dellattore-alessandro-preziosi\\\/\",\"url\":\"https:\\\/\\\/www.castingnews.eu\\\/magazine\\\/2023\\\/03\\\/08\\\/il-carcere-in-preparazione-il-film-opera-prima-da-regista-dellattore-alessandro-preziosi\\\/\",\"name\":\"\u201cIl carcere\u201d, in preparazione il film opera prima da regista dell\u2019attore Alessandro Preziosi - Casting News Magazine\",\"isPartOf\":{\"@id\":\"https:\\\/\\\/www.castingnews.eu\\\/magazine\\\/#website\"},\"primaryImageOfPage\":{\"@id\":\"https:\\\/\\\/www.castingnews.eu\\\/magazine\\\/2023\\\/03\\\/08\\\/il-carcere-in-preparazione-il-film-opera-prima-da-regista-dellattore-alessandro-preziosi\\\/#primaryimage\"},\"image\":{\"@id\":\"https:\\\/\\\/www.castingnews.eu\\\/magazine\\\/2023\\\/03\\\/08\\\/il-carcere-in-preparazione-il-film-opera-prima-da-regista-dellattore-alessandro-preziosi\\\/#primaryimage\"},\"thumbnailUrl\":\"https:\\\/\\\/www.castingnews.eu\\\/magazine\\\/wp-content\\\/uploads\\\/2023\\\/03\\\/Alessandro-Preziosi-regia.jpg\",\"datePublished\":\"2023-03-08T18:27:28+00:00\",\"dateModified\":\"2023-03-08T18:27:31+00:00\",\"author\":{\"@id\":\"https:\\\/\\\/www.castingnews.eu\\\/magazine\\\/#\\\/schema\\\/person\\\/099d71c568c9a7e5e4037b1594108f17\"},\"description\":\"Alessandro Preziosi sta preparando un progetto cinematografico dal titolo \u201cIl carcere\u201d, tratto dal romanzo di Cesare Pavese.\",\"breadcrumb\":{\"@id\":\"https:\\\/\\\/www.castingnews.eu\\\/magazine\\\/2023\\\/03\\\/08\\\/il-carcere-in-preparazione-il-film-opera-prima-da-regista-dellattore-alessandro-preziosi\\\/#breadcrumb\"},\"inLanguage\":\"it-IT\",\"potentialAction\":[{\"@type\":\"ReadAction\",\"target\":[\"https:\\\/\\\/www.castingnews.eu\\\/magazine\\\/2023\\\/03\\\/08\\\/il-carcere-in-preparazione-il-film-opera-prima-da-regista-dellattore-alessandro-preziosi\\\/\"]}]},{\"@type\":\"ImageObject\",\"inLanguage\":\"it-IT\",\"@id\":\"https:\\\/\\\/www.castingnews.eu\\\/magazine\\\/2023\\\/03\\\/08\\\/il-carcere-in-preparazione-il-film-opera-prima-da-regista-dellattore-alessandro-preziosi\\\/#primaryimage\",\"url\":\"https:\\\/\\\/www.castingnews.eu\\\/magazine\\\/wp-content\\\/uploads\\\/2023\\\/03\\\/Alessandro-Preziosi-regia.jpg\",\"contentUrl\":\"https:\\\/\\\/www.castingnews.eu\\\/magazine\\\/wp-content\\\/uploads\\\/2023\\\/03\\\/Alessandro-Preziosi-regia.jpg\",\"width\":1200,\"height\":675,\"caption\":\"Alessandro Preziosi\"},{\"@type\":\"BreadcrumbList\",\"@id\":\"https:\\\/\\\/www.castingnews.eu\\\/magazine\\\/2023\\\/03\\\/08\\\/il-carcere-in-preparazione-il-film-opera-prima-da-regista-dellattore-alessandro-preziosi\\\/#breadcrumb\",\"itemListElement\":[{\"@type\":\"ListItem\",\"position\":1,\"name\":\"Home\",\"item\":\"https:\\\/\\\/www.castingnews.eu\\\/magazine\\\/\"},{\"@type\":\"ListItem\",\"position\":2,\"name\":\"\u201cIl carcere\u201d, in preparazione il film opera prima da regista dell\u2019attore Alessandro Preziosi\"}]},{\"@type\":\"WebSite\",\"@id\":\"https:\\\/\\\/www.castingnews.eu\\\/magazine\\\/#website\",\"url\":\"https:\\\/\\\/www.castingnews.eu\\\/magazine\\\/\",\"name\":\"Casting News Magazine\",\"description\":\"News e aggiornamenti sui film, serie tv, teatro e festival italiani ed internazionali\",\"potentialAction\":[{\"@type\":\"SearchAction\",\"target\":{\"@type\":\"EntryPoint\",\"urlTemplate\":\"https:\\\/\\\/www.castingnews.eu\\\/magazine\\\/?s={search_term_string}\"},\"query-input\":{\"@type\":\"PropertyValueSpecification\",\"valueRequired\":true,\"valueName\":\"search_term_string\"}}],\"inLanguage\":\"it-IT\"},{\"@type\":\"Person\",\"@id\":\"https:\\\/\\\/www.castingnews.eu\\\/magazine\\\/#\\\/schema\\\/person\\\/099d71c568c9a7e5e4037b1594108f17\",\"name\":\"Redazione\",\"image\":{\"@type\":\"ImageObject\",\"inLanguage\":\"it-IT\",\"@id\":\"https:\\\/\\\/secure.gravatar.com\\\/avatar\\\/b73a087aa3bd279fb70d24f1960a91c82cf67619395b60b564c90e9e5d5325fc?s=96&d=mm&r=g\",\"url\":\"https:\\\/\\\/secure.gravatar.com\\\/avatar\\\/b73a087aa3bd279fb70d24f1960a91c82cf67619395b60b564c90e9e5d5325fc?s=96&d=mm&r=g\",\"contentUrl\":\"https:\\\/\\\/secure.gravatar.com\\\/avatar\\\/b73a087aa3bd279fb70d24f1960a91c82cf67619395b60b564c90e9e5d5325fc?s=96&d=mm&r=g\",\"caption\":\"Redazione\"},\"description\":\"News e aggiornamenti sui film, serie tv, teatro e festival italiani ed internazionali.\",\"url\":\"https:\\\/\\\/www.castingnews.eu\\\/magazine\\\/author\\\/redazione\\\/\"}]}<\/script>\r\n<!-- \/ Yoast SEO plugin. -->","yoast_head_json":{"title":"\u201cIl carcere\u201d, in preparazione il film opera prima da regista dell\u2019attore Alessandro Preziosi - Casting News Magazine","description":"Alessandro Preziosi sta preparando un progetto cinematografico dal titolo \u201cIl carcere\u201d, tratto dal romanzo di Cesare Pavese.","robots":{"index":"index","follow":"follow","max-snippet":"max-snippet:-1","max-image-preview":"max-image-preview:large","max-video-preview":"max-video-preview:-1"},"canonical":"https:\/\/www.castingnews.eu\/magazine\/2023\/03\/08\/il-carcere-in-preparazione-il-film-opera-prima-da-regista-dellattore-alessandro-preziosi\/","og_locale":"it_IT","og_type":"article","og_title":"\u201cIl carcere\u201d, in preparazione il film opera prima da regista dell\u2019attore Alessandro Preziosi - Casting News Magazine","og_description":"Alessandro Preziosi sta preparando un progetto cinematografico dal titolo \u201cIl carcere\u201d, tratto dal romanzo di Cesare Pavese.","og_url":"https:\/\/www.castingnews.eu\/magazine\/2023\/03\/08\/il-carcere-in-preparazione-il-film-opera-prima-da-regista-dellattore-alessandro-preziosi\/","og_site_name":"Casting News Magazine","article_published_time":"2023-03-08T18:27:28+00:00","article_modified_time":"2023-03-08T18:27:31+00:00","og_image":[{"width":1200,"height":675,"url":"https:\/\/www.castingnews.eu\/magazine\/wp-content\/uploads\/2023\/03\/Alessandro-Preziosi-regia.jpg","type":"image\/jpeg"}],"author":"Redazione","twitter_card":"summary_large_image","twitter_misc":{"Scritto da":"Redazione","Tempo di lettura stimato":"1 minuto"},"schema":{"@context":"https:\/\/schema.org","@graph":[{"@type":"Article","@id":"https:\/\/www.castingnews.eu\/magazine\/2023\/03\/08\/il-carcere-in-preparazione-il-film-opera-prima-da-regista-dellattore-alessandro-preziosi\/#article","isPartOf":{"@id":"https:\/\/www.castingnews.eu\/magazine\/2023\/03\/08\/il-carcere-in-preparazione-il-film-opera-prima-da-regista-dellattore-alessandro-preziosi\/"},"author":{"name":"Redazione","@id":"https:\/\/www.castingnews.eu\/magazine\/#\/schema\/person\/099d71c568c9a7e5e4037b1594108f17"},"headline":"\u201cIl carcere\u201d, in preparazione il film opera prima da regista dell\u2019attore Alessandro Preziosi","datePublished":"2023-03-08T18:27:28+00:00","dateModified":"2023-03-08T18:27:31+00:00","mainEntityOfPage":{"@id":"https:\/\/www.castingnews.eu\/magazine\/2023\/03\/08\/il-carcere-in-preparazione-il-film-opera-prima-da-regista-dellattore-alessandro-preziosi\/"},"wordCount":103,"commentCount":0,"image":{"@id":"https:\/\/www.castingnews.eu\/magazine\/2023\/03\/08\/il-carcere-in-preparazione-il-film-opera-prima-da-regista-dellattore-alessandro-preziosi\/#primaryimage"},"thumbnailUrl":"https:\/\/www.castingnews.eu\/magazine\/wp-content\/uploads\/2023\/03\/Alessandro-Preziosi-regia.jpg","keywords":["Alessandro Preziosi","Brancaleone","Casting Magazine","Casting News","Cesare Pavese","Film","Il carcere","Lungometraggio","Reggio Calabria","romanzo"],"articleSection":["Calabria","Drammatico","In primo piano","Italia","Primo piano","Progetti cinematografici"],"inLanguage":"it-IT","potentialAction":[{"@type":"CommentAction","name":"Comment","target":["https:\/\/www.castingnews.eu\/magazine\/2023\/03\/08\/il-carcere-in-preparazione-il-film-opera-prima-da-regista-dellattore-alessandro-preziosi\/#respond"]}]},{"@type":"WebPage","@id":"https:\/\/www.castingnews.eu\/magazine\/2023\/03\/08\/il-carcere-in-preparazione-il-film-opera-prima-da-regista-dellattore-alessandro-preziosi\/","url":"https:\/\/www.castingnews.eu\/magazine\/2023\/03\/08\/il-carcere-in-preparazione-il-film-opera-prima-da-regista-dellattore-alessandro-preziosi\/","name":"\u201cIl carcere\u201d, in preparazione il film opera prima da regista dell\u2019attore Alessandro Preziosi - Casting News Magazine","isPartOf":{"@id":"https:\/\/www.castingnews.eu\/magazine\/#website"},"primaryImageOfPage":{"@id":"https:\/\/www.castingnews.eu\/magazine\/2023\/03\/08\/il-carcere-in-preparazione-il-film-opera-prima-da-regista-dellattore-alessandro-preziosi\/#primaryimage"},"image":{"@id":"https:\/\/www.castingnews.eu\/magazine\/2023\/03\/08\/il-carcere-in-preparazione-il-film-opera-prima-da-regista-dellattore-alessandro-preziosi\/#primaryimage"},"thumbnailUrl":"https:\/\/www.castingnews.eu\/magazine\/wp-content\/uploads\/2023\/03\/Alessandro-Preziosi-regia.jpg","datePublished":"2023-03-08T18:27:28+00:00","dateModified":"2023-03-08T18:27:31+00:00","author":{"@id":"https:\/\/www.castingnews.eu\/magazine\/#\/schema\/person\/099d71c568c9a7e5e4037b1594108f17"},"description":"Alessandro Preziosi sta preparando un progetto cinematografico dal titolo \u201cIl carcere\u201d, tratto dal romanzo di Cesare Pavese.","breadcrumb":{"@id":"https:\/\/www.castingnews.eu\/magazine\/2023\/03\/08\/il-carcere-in-preparazione-il-film-opera-prima-da-regista-dellattore-alessandro-preziosi\/#breadcrumb"},"inLanguage":"it-IT","potentialAction":[{"@type":"ReadAction","target":["https:\/\/www.castingnews.eu\/magazine\/2023\/03\/08\/il-carcere-in-preparazione-il-film-opera-prima-da-regista-dellattore-alessandro-preziosi\/"]}]},{"@type":"ImageObject","inLanguage":"it-IT","@id":"https:\/\/www.castingnews.eu\/magazine\/2023\/03\/08\/il-carcere-in-preparazione-il-film-opera-prima-da-regista-dellattore-alessandro-preziosi\/#primaryimage","url":"https:\/\/www.castingnews.eu\/magazine\/wp-content\/uploads\/2023\/03\/Alessandro-Preziosi-regia.jpg","contentUrl":"https:\/\/www.castingnews.eu\/magazine\/wp-content\/uploads\/2023\/03\/Alessandro-Preziosi-regia.jpg","width":1200,"height":675,"caption":"Alessandro Preziosi"},{"@type":"BreadcrumbList","@id":"https:\/\/www.castingnews.eu\/magazine\/2023\/03\/08\/il-carcere-in-preparazione-il-film-opera-prima-da-regista-dellattore-alessandro-preziosi\/#breadcrumb","itemListElement":[{"@type":"ListItem","position":1,"name":"Home","item":"https:\/\/www.castingnews.eu\/magazine\/"},{"@type":"ListItem","position":2,"name":"\u201cIl carcere\u201d, in preparazione il film opera prima da regista dell\u2019attore Alessandro Preziosi"}]},{"@type":"WebSite","@id":"https:\/\/www.castingnews.eu\/magazine\/#website","url":"https:\/\/www.castingnews.eu\/magazine\/","name":"Casting News Magazine","description":"News e aggiornamenti sui film, serie tv, teatro e festival italiani ed internazionali","potentialAction":[{"@type":"SearchAction","target":{"@type":"EntryPoint","urlTemplate":"https:\/\/www.castingnews.eu\/magazine\/?s={search_term_string}"},"query-input":{"@type":"PropertyValueSpecification","valueRequired":true,"valueName":"search_term_string"}}],"inLanguage":"it-IT"},{"@type":"Person","@id":"https:\/\/www.castingnews.eu\/magazine\/#\/schema\/person\/099d71c568c9a7e5e4037b1594108f17","name":"Redazione","image":{"@type":"ImageObject","inLanguage":"it-IT","@id":"https:\/\/secure.gravatar.com\/avatar\/b73a087aa3bd279fb70d24f1960a91c82cf67619395b60b564c90e9e5d5325fc?s=96&d=mm&r=g","url":"https:\/\/secure.gravatar.com\/avatar\/b73a087aa3bd279fb70d24f1960a91c82cf67619395b60b564c90e9e5d5325fc?s=96&d=mm&r=g","contentUrl":"https:\/\/secure.gravatar.com\/avatar\/b73a087aa3bd279fb70d24f1960a91c82cf67619395b60b564c90e9e5d5325fc?s=96&d=mm&r=g","caption":"Redazione"},"description":"News e aggiornamenti sui film, serie tv, teatro e festival italiani ed internazionali.","url":"https:\/\/www.castingnews.eu\/magazine\/author\/redazione\/"}]}},"_links":{"self":[{"href":"https:\/\/www.castingnews.eu\/magazine\/wp-json\/wp\/v2\/posts\/4920","targetHints":{"allow":["GET"]}}],"collection":[{"href":"https:\/\/www.castingnews.eu\/magazine\/wp-json\/wp\/v2\/posts"}],"about":[{"href":"https:\/\/www.castingnews.eu\/magazine\/wp-json\/wp\/v2\/types\/post"}],"author":[{"embeddable":true,"href":"https:\/\/www.castingnews.eu\/magazine\/wp-json\/wp\/v2\/users\/1"}],"replies":[{"embeddable":true,"href":"https:\/\/www.castingnews.eu\/magazine\/wp-json\/wp\/v2\/comments?post=4920"}],"version-history":[{"count":1,"href":"https:\/\/www.castingnews.eu\/magazine\/wp-json\/wp\/v2\/posts\/4920\/revisions"}],"predecessor-version":[{"id":4922,"href":"https:\/\/www.castingnews.eu\/magazine\/wp-json\/wp\/v2\/posts\/4920\/revisions\/4922"}],"wp:featuredmedia":[{"embeddable":true,"href":"https:\/\/www.castingnews.eu\/magazine\/wp-json\/wp\/v2\/media\/4921"}],"wp:attachment":[{"href":"https:\/\/www.castingnews.eu\/magazine\/wp-json\/wp\/v2\/media?parent=4920"}],"wp:term":[{"taxonomy":"category","embeddable":true,"href":"https:\/\/www.castingnews.eu\/magazine\/wp-json\/wp\/v2\/categories?post=4920"},{"taxonomy":"post_tag","embeddable":true,"href":"https:\/\/www.castingnews.eu\/magazine\/wp-json\/wp\/v2\/tags?post=4920"}],"curies":[{"name":"wp","href":"https:\/\/api.w.org\/{rel}","templated":true}]}}