{"id":4903,"date":"2023-03-04T12:51:41","date_gmt":"2023-03-04T11:51:41","guid":{"rendered":"https:\/\/www.castingnews.eu\/magazine\/?p=4903"},"modified":"2023-03-04T12:51:43","modified_gmt":"2023-03-04T11:51:43","slug":"lucio-dalla-il-sogno-di-essere-napoletano-fino-al-25-giugno-2023-al-museo-archeologico-nazionale-di-napoli","status":"publish","type":"post","link":"https:\/\/www.castingnews.eu\/magazine\/2023\/03\/04\/lucio-dalla-il-sogno-di-essere-napoletano-fino-al-25-giugno-2023-al-museo-archeologico-nazionale-di-napoli\/","title":{"rendered":"<strong>\u201cLUCIO DALLA. Il sogno di essere napoletano\u201d &#8211; fino al 25 giugno 2023 al Museo Archeologico Nazionale di Napoli<\/strong>"},"content":{"rendered":"\n<p><em>Napoli, 4 marzo<\/em>&nbsp;&#8211; Lucio Dalla e Napoli, una grande passione d\u2019amore che arriva da lontano. Inevitabile celebrarlo nel giorno del suo&nbsp;<strong>80\u00b0 compleanno<\/strong>&nbsp;con la grande<strong>&nbsp;mostra-evento ribattezzata per l\u2019occasione \u201cLucio Dalla. Il sogno di essere napoletano\u201d<\/strong>&nbsp;dedicata all\u2019imprevedibile genio umano e musicale, che sar\u00e0 realizzata&nbsp;<strong>da oggi fino al 25 giugno 2023 al MANN Museo Archeologico Nazionale di Napoli<\/strong>. Un viaggio visivo e sensoriale, un\u2019esperienza immersiva, che trasformer\u00e0 lo spazio espositivo in una scatola scenica. Prosegue il percorso iniziato un anno fa a Bologna approdato con enorme successo a Roma, finalmente giunge nella sua citt\u00e0 del cuore, Napoli.<\/p><div class=\"6d3639e8c6ac292cde400fad8ff8a5b9\" data-index=\"1\" style=\"float: none; margin:10px 0 10px 0; text-align:center;\">\n<script async src=\"\/\/pagead2.googlesyndication.com\/pagead\/js\/adsbygoogle.js\"><\/script>\r\n<!-- Casting Bambini NEW -->\r\n<ins class=\"adsbygoogle\"\r\n     style=\"display:inline-block;width:336px;height:280px\"\r\n     data-ad-client=\"ca-pub-5538097485429833\"\r\n     data-ad-slot=\"5127154445\"><\/ins>\r\n<script>\r\n(adsbygoogle = window.adsbygoogle || []).push({});\r\n<\/script>\n<\/div>\n\n\n\n\n<p>La citt\u00e0 di Partenope e la penisola sorrentina, luoghi dai mille colori, folklore e bellezza, hanno ispirato alcuni dei suoi pi\u00f9 grandi capolavori come&nbsp;<strong><em>Caruso<\/em><\/strong>. La melodia e la magia di quel brano &#8211;&nbsp;<strong>uno dei pezzi pi\u00f9 conosciuti e cantati al mondo<\/strong>&nbsp;&#8211; nacquero con la stessa naturalezza con cui il sangue scorre nelle vene, anzi \u201cdint e vene\u201d, con quel celebre \u201cTe voglio bene assaj\u201d che \u00e8 una ideale dichiarazione d\u2019amore estendibile a tutto l\u2019universo napoletano.&nbsp;<strong>Gigantesco poeta che ha cambiato il corso della canzone d\u2019autore<\/strong>, da attento osservatore sapeva trasformare in musica e arte visiva gli aspetti pi\u00f9 sottili della citt\u00e0 e della societ\u00e0 napoletana, sfondo naturale pittoresco di uno dei suoi pi\u00f9 celebri videoclip, quello di&nbsp;<em>Canzone<\/em>.\u201cLa prossima volta voglio nascere qua, essere napoletano a tutti gli effetti, non solo importato\u201d &#8211; aveva dichiarato l\u2019artista.<\/p>\n\n\n\n<p>La mostra, promossa da\u00a0<strong>MANN Museo Archeologico Nazionale di Napoli<\/strong>, diretto da Paolo Giulierini, e\u00a0<strong>Fondazione Lucio Dalla<\/strong>\u00a0con\u00a0<strong>Ministero della Cultura, con la collaborazione e il sostegno di Regione Campania e Fondazione Campania dei Festival<\/strong>\u00a0\u00e8 organizzata e prodotta da\u00a0<strong>C.O.R. Creare Organizzare Realizzare.<\/strong>\u00a0L\u2019esposizione a cura di\u00a0<strong>Alessandro Nicosia\u00a0<\/strong>con la\u00a0<strong>Fondazione Lucio Dalla<\/strong>, Special partner\u00a0<strong>Lavoropi\u00f9<\/strong>,fa parte delle iniziative \u201cIl MANN per la citt\u00e0\u201d e vede la partecipazione di<strong>\u00a0Archivio Luce Cinecitt\u00e0<\/strong>\u00a0con il patrocinio di\u00a0<strong>RAI<\/strong>\u00a0e la collaborazione tecnica di\u00a0<strong>SIAE Societ\u00e0 Italiana degli Autori e degli Editori, Universal Music Publishing Group<\/strong>,\u00a0<strong>Grand Hotel Vesuvio\u00a0<\/strong>e\u00a0<strong>BIG|Broker Insurance Group<\/strong>. Catalogo\u00a0<strong>Skira editore<\/strong>.<\/p>\n\n\n\n<figure class=\"wp-block-image size-full\"><img loading=\"lazy\" decoding=\"async\" width=\"841\" height=\"472\" src=\"https:\/\/www.castingnews.eu\/magazine\/wp-content\/uploads\/2023\/03\/Lucio-Dalla-e-Napoli.jpg\" alt=\"Lucio Dalla\" class=\"wp-image-4905\" srcset=\"https:\/\/www.castingnews.eu\/magazine\/wp-content\/uploads\/2023\/03\/Lucio-Dalla-e-Napoli.jpg 841w, https:\/\/www.castingnews.eu\/magazine\/wp-content\/uploads\/2023\/03\/Lucio-Dalla-e-Napoli-300x168.jpg 300w, https:\/\/www.castingnews.eu\/magazine\/wp-content\/uploads\/2023\/03\/Lucio-Dalla-e-Napoli-768x431.jpg 768w, https:\/\/www.castingnews.eu\/magazine\/wp-content\/uploads\/2023\/03\/Lucio-Dalla-e-Napoli-696x391.jpg 696w, https:\/\/www.castingnews.eu\/magazine\/wp-content\/uploads\/2023\/03\/Lucio-Dalla-e-Napoli-748x420.jpg 748w\" sizes=\"auto, (max-width: 841px) 100vw, 841px\" \/><figcaption class=\"wp-element-caption\">LUCIO DALLA. Il sogno di essere napoletano: le foto dell\u2019esposizione<\/figcaption><\/figure>\n\n\n\n<p>Non \u00e8 impresa facile raccontare in una esposizione cinquant\u2019anni di storia. Tutto nasce da una lunga ricerca di materiali, molti dei quali esposti per la prima volta,\u00a0<strong>che documentano l\u2019intero cammino umano e artistico di uno dei pi\u00f9 amati artisti italiani e internazionali<\/strong>.\u00a0<strong>Lucio Dalla<\/strong>\u00a0<strong>ha segnato in modo assolutamente unico e innovativo la storia della musica italiana<\/strong>: ha reinventato jazz, pop, lirica a suo piacimento mescolandoli sapientemente con libert\u00e0 assoluta. Ha raccontato le storie degli \u201cultimi\u201d con\u00a0<em>Piazza Grande<\/em>, degli innamorati e illusi con\u00a0<em>Cara<\/em>. Un cantore di vita e suoni che con graffiante ironia e sguardo poetico ha conquistato il cuore di tutti. Non solo musicista ma anche attore, scrittore, regista teatrale, amante dello sport e appassionato di motori, danza, opera lirica, pittura, letteratura.<\/p>\n\n\n\n<figure class=\"wp-block-image size-large\"><img loading=\"lazy\" decoding=\"async\" width=\"1024\" height=\"690\" src=\"https:\/\/www.castingnews.eu\/magazine\/wp-content\/uploads\/2023\/03\/2-Con-Isabella-Rossellini-in-occasione-del-concerto-a-piazza-del-Plebiscito-del-1995-Archivio-Fotografico-Carbone-Napoli-1024x690.jpg\" alt=\"Lucio Dalla\" class=\"wp-image-4904\" srcset=\"https:\/\/www.castingnews.eu\/magazine\/wp-content\/uploads\/2023\/03\/2-Con-Isabella-Rossellini-in-occasione-del-concerto-a-piazza-del-Plebiscito-del-1995-Archivio-Fotografico-Carbone-Napoli-1024x690.jpg 1024w, https:\/\/www.castingnews.eu\/magazine\/wp-content\/uploads\/2023\/03\/2-Con-Isabella-Rossellini-in-occasione-del-concerto-a-piazza-del-Plebiscito-del-1995-Archivio-Fotografico-Carbone-Napoli-300x202.jpg 300w, https:\/\/www.castingnews.eu\/magazine\/wp-content\/uploads\/2023\/03\/2-Con-Isabella-Rossellini-in-occasione-del-concerto-a-piazza-del-Plebiscito-del-1995-Archivio-Fotografico-Carbone-Napoli-768x517.jpg 768w, https:\/\/www.castingnews.eu\/magazine\/wp-content\/uploads\/2023\/03\/2-Con-Isabella-Rossellini-in-occasione-del-concerto-a-piazza-del-Plebiscito-del-1995-Archivio-Fotografico-Carbone-Napoli-696x469.jpg 696w, https:\/\/www.castingnews.eu\/magazine\/wp-content\/uploads\/2023\/03\/2-Con-Isabella-Rossellini-in-occasione-del-concerto-a-piazza-del-Plebiscito-del-1995-Archivio-Fotografico-Carbone-Napoli-1068x720.jpg 1068w, https:\/\/www.castingnews.eu\/magazine\/wp-content\/uploads\/2023\/03\/2-Con-Isabella-Rossellini-in-occasione-del-concerto-a-piazza-del-Plebiscito-del-1995-Archivio-Fotografico-Carbone-Napoli-623x420.jpg 623w, https:\/\/www.castingnews.eu\/magazine\/wp-content\/uploads\/2023\/03\/2-Con-Isabella-Rossellini-in-occasione-del-concerto-a-piazza-del-Plebiscito-del-1995-Archivio-Fotografico-Carbone-Napoli.jpg 1180w\" sizes=\"auto, (max-width: 1024px) 100vw, 1024px\" \/><figcaption class=\"wp-element-caption\">Lucio Dalla con Isabella Rossellini in occasione del concerto a piazza del Plebiscito del 1995 (Archivio Fotografico Carbone, Napoli)<\/figcaption><\/figure>\n\n\n\n<p>Cos\u00ec, attraverso<strong>&nbsp;documenti, foto, copertine dei dischi, video, oggetti, abiti di scena, locandine dei film a cui ha partecipato, manifesti, la ricca collezione di cappelli e berretti<\/strong>,sar\u00e0 possibile scoprire l\u2019intimit\u00e0 di Lucio e vivere la forza della sua anima e musica.<\/p>\n\n\n\n<p><strong>Oltre dieci le sezioni<\/strong>&nbsp;in cui \u00e8 suddivisa l\u2019esposizione:&nbsp;<em>La sua musica, Famiglia-Infanzia-Amicizie-Inizi musicali, Dalla si racconta, Il clarinetto, Dalla e Napoli, Il cinema, il teatro, la televisione, Dalla e Roversi, Universo Dalla, Il museo Lucio Dalla<\/em>. La&nbsp;<strong>sezione inedita&nbsp;<em>Dalla e Napoli<\/em>&nbsp;\u00e8 dedicata al rapporto tra il cantante e il capoluogo campano<\/strong>, citt\u00e0 che inevitabilmente lo ha incantato e grande fonte di ispirazione per le sue canzoni. Apprezzava la folla tra i vicoli, gli odori della cucina, i suoni, le voci,&nbsp;<strong>quel dialetto che amava al punto di studiarlo tre ore a settimana per pi\u00f9 di dodici anni<\/strong>. Amava gli scorci sul mare, un mare che navigava spesso con la sua barca&nbsp;<em>Brilla&amp;Billy<\/em>. Aveva un&nbsp;<strong>legame profondo con Diego Armando Maradona<\/strong>. Con lui si erano scambiati nel tempo doni e amuleti: il campione gli aveva donato&nbsp;<strong>un orecchino che Dalla indossava sempre volentieri e<\/strong>&nbsp;<strong>anche la sua maglia della nazionale argentina &#8211; esposti in mostra per la prima volta<\/strong>. Dalla invece gli don\u00f2 un rosario che conservava dai tempi in cui era negli scout, oggetto che Maradona apprezz\u00f2 moltissimo.<\/p>\n\n\n\n<p>Insieme ai documenti che ci raccontano la vita, l\u2019arte e le passioni, la mostra offrir\u00e0 allo spettatore l\u2019opportunit\u00e0 di&nbsp;<strong>un incontro unico e speciale con l\u2019artista<\/strong>.<br>La mostra sar\u00e0 arricchita anche da un importante&nbsp;<strong>catalogo edito da Skira<\/strong>&nbsp;che contiene storia, immagini e anche un lungo elenco di straordinarie testimonianze che aiutano a comprendere nel profondo il suo eclettico carattere.<\/p>\n\n<div style=\"font-size: 0px; height: 0px; line-height: 0px; margin: 0; padding: 0; clear: both;\"><\/div>","protected":false},"excerpt":{"rendered":"<p>Napoli, 4 marzo&nbsp;&#8211; Lucio Dalla e Napoli, una grande passione d\u2019amore che arriva da lontano. Inevitabile celebrarlo nel giorno del suo&nbsp;80\u00b0 compleanno&nbsp;con la grande&nbsp;mostra-evento ribattezzata per l\u2019occasione \u201cLucio Dalla. Il sogno di essere napoletano\u201d&nbsp;dedicata all\u2019imprevedibile genio umano e musicale, che sar\u00e0 realizzata&nbsp;da oggi fino al 25 giugno 2023 al MANN Museo Archeologico Nazionale di Napoli. [&hellip;]<\/p>\n","protected":false},"author":1,"featured_media":4906,"comment_status":"open","ping_status":"open","sticky":false,"template":"","format":"standard","meta":{"tdm_status":"","tdm_grid_status":"","footnotes":""},"categories":[3955,1533,71,24,21],"tags":[272,273,484,4232,4231,4233,964,4234,993],"class_list":{"0":"post-4903","1":"post","2":"type-post","3":"status-publish","4":"format-standard","5":"has-post-thumbnail","7":"category-campania","8":"category-featured","9":"category-italia-paese","10":"category-mostre","11":"category-in-primo-piano","12":"tag-casting-magazine","13":"tag-casting-news","14":"tag-evento","15":"tag-il-sogno-di-essere-napoletano","16":"tag-lucio-dalla","17":"tag-mann","18":"tag-mostra","19":"tag-museo-archeologico-nazionale-di-napoli","20":"tag-napoli"},"yoast_head":"<!-- This site is optimized with the Yoast SEO plugin v27.4 - https:\/\/yoast.com\/product\/yoast-seo-wordpress\/ -->\r\n<title>\u201cLUCIO DALLA. Il sogno di essere napoletano\u201d - fino al 25 giugno 2023 al Museo Archeologico Nazionale di Napoli - Casting News Magazine<\/title>\r\n<meta name=\"description\" content=\"La mostra \u201cLucio Dalla. Il sogno di essere napoletano\u201d \u00e8 dedicata all\u2019imprevedibile genio umano e musicale, che sar\u00e0 realizzata\u00a0da oggi fino al 25 giugno 2023 al MANN Museo Archeologico Nazionale di Napoli.\" \/>\r\n<meta name=\"robots\" content=\"index, follow, max-snippet:-1, max-image-preview:large, max-video-preview:-1\" \/>\r\n<link rel=\"canonical\" href=\"https:\/\/www.castingnews.eu\/magazine\/2023\/03\/04\/lucio-dalla-il-sogno-di-essere-napoletano-fino-al-25-giugno-2023-al-museo-archeologico-nazionale-di-napoli\/\" \/>\r\n<meta property=\"og:locale\" content=\"it_IT\" \/>\r\n<meta property=\"og:type\" content=\"article\" \/>\r\n<meta property=\"og:title\" content=\"\u201cLUCIO DALLA. Il sogno di essere napoletano\u201d - fino al 25 giugno 2023 al Museo Archeologico Nazionale di Napoli - Casting News Magazine\" \/>\r\n<meta property=\"og:description\" content=\"La mostra \u201cLucio Dalla. Il sogno di essere napoletano\u201d \u00e8 dedicata all\u2019imprevedibile genio umano e musicale, che sar\u00e0 realizzata\u00a0da oggi fino al 25 giugno 2023 al MANN Museo Archeologico Nazionale di Napoli.\" \/>\r\n<meta property=\"og:url\" content=\"https:\/\/www.castingnews.eu\/magazine\/2023\/03\/04\/lucio-dalla-il-sogno-di-essere-napoletano-fino-al-25-giugno-2023-al-museo-archeologico-nazionale-di-napoli\/\" \/>\r\n<meta property=\"og:site_name\" content=\"Casting News Magazine\" \/>\r\n<meta property=\"article:published_time\" content=\"2023-03-04T11:51:41+00:00\" \/>\r\n<meta property=\"article:modified_time\" content=\"2023-03-04T11:51:43+00:00\" \/>\r\n<meta property=\"og:image\" content=\"https:\/\/www.castingnews.eu\/magazine\/wp-content\/uploads\/2023\/03\/Lucio-Dalla.-Il-sogno-di-essere-napoletano_manifesto.jpg\" \/>\r\n\t<meta property=\"og:image:width\" content=\"1180\" \/>\r\n\t<meta property=\"og:image:height\" content=\"786\" \/>\r\n\t<meta property=\"og:image:type\" content=\"image\/jpeg\" \/>\r\n<meta name=\"author\" content=\"Redazione\" \/>\r\n<meta name=\"twitter:card\" content=\"summary_large_image\" \/>\r\n<meta name=\"twitter:label1\" content=\"Scritto da\" \/>\n\t<meta name=\"twitter:data1\" content=\"Redazione\" \/>\n\t<meta name=\"twitter:label2\" content=\"Tempo di lettura stimato\" \/>\n\t<meta name=\"twitter:data2\" content=\"5 minuti\" \/>\r\n<script type=\"application\/ld+json\" class=\"yoast-schema-graph\">{\"@context\":\"https:\\\/\\\/schema.org\",\"@graph\":[{\"@type\":\"Article\",\"@id\":\"https:\\\/\\\/www.castingnews.eu\\\/magazine\\\/2023\\\/03\\\/04\\\/lucio-dalla-il-sogno-di-essere-napoletano-fino-al-25-giugno-2023-al-museo-archeologico-nazionale-di-napoli\\\/#article\",\"isPartOf\":{\"@id\":\"https:\\\/\\\/www.castingnews.eu\\\/magazine\\\/2023\\\/03\\\/04\\\/lucio-dalla-il-sogno-di-essere-napoletano-fino-al-25-giugno-2023-al-museo-archeologico-nazionale-di-napoli\\\/\"},\"author\":{\"name\":\"Redazione\",\"@id\":\"https:\\\/\\\/www.castingnews.eu\\\/magazine\\\/#\\\/schema\\\/person\\\/099d71c568c9a7e5e4037b1594108f17\"},\"headline\":\"\u201cLUCIO DALLA. Il sogno di essere napoletano\u201d &#8211; fino al 25 giugno 2023 al Museo Archeologico Nazionale di Napoli\",\"datePublished\":\"2023-03-04T11:51:41+00:00\",\"dateModified\":\"2023-03-04T11:51:43+00:00\",\"mainEntityOfPage\":{\"@id\":\"https:\\\/\\\/www.castingnews.eu\\\/magazine\\\/2023\\\/03\\\/04\\\/lucio-dalla-il-sogno-di-essere-napoletano-fino-al-25-giugno-2023-al-museo-archeologico-nazionale-di-napoli\\\/\"},\"wordCount\":840,\"commentCount\":0,\"image\":{\"@id\":\"https:\\\/\\\/www.castingnews.eu\\\/magazine\\\/2023\\\/03\\\/04\\\/lucio-dalla-il-sogno-di-essere-napoletano-fino-al-25-giugno-2023-al-museo-archeologico-nazionale-di-napoli\\\/#primaryimage\"},\"thumbnailUrl\":\"https:\\\/\\\/www.castingnews.eu\\\/magazine\\\/wp-content\\\/uploads\\\/2023\\\/03\\\/Lucio-Dalla.-Il-sogno-di-essere-napoletano_manifesto.jpg\",\"keywords\":[\"Casting Magazine\",\"Casting News\",\"evento\",\"Il sogno di essere napoletano\",\"Lucio Dalla\",\"MANN\",\"Mostra\",\"Museo Archeologico Nazionale di Napoli\",\"Napoli\"],\"articleSection\":[\"Campania\",\"In primo piano\",\"Italia\",\"Mostre\",\"Primo piano\"],\"inLanguage\":\"it-IT\",\"potentialAction\":[{\"@type\":\"CommentAction\",\"name\":\"Comment\",\"target\":[\"https:\\\/\\\/www.castingnews.eu\\\/magazine\\\/2023\\\/03\\\/04\\\/lucio-dalla-il-sogno-di-essere-napoletano-fino-al-25-giugno-2023-al-museo-archeologico-nazionale-di-napoli\\\/#respond\"]}]},{\"@type\":\"WebPage\",\"@id\":\"https:\\\/\\\/www.castingnews.eu\\\/magazine\\\/2023\\\/03\\\/04\\\/lucio-dalla-il-sogno-di-essere-napoletano-fino-al-25-giugno-2023-al-museo-archeologico-nazionale-di-napoli\\\/\",\"url\":\"https:\\\/\\\/www.castingnews.eu\\\/magazine\\\/2023\\\/03\\\/04\\\/lucio-dalla-il-sogno-di-essere-napoletano-fino-al-25-giugno-2023-al-museo-archeologico-nazionale-di-napoli\\\/\",\"name\":\"\u201cLUCIO DALLA. Il sogno di essere napoletano\u201d - fino al 25 giugno 2023 al Museo Archeologico Nazionale di Napoli - Casting News Magazine\",\"isPartOf\":{\"@id\":\"https:\\\/\\\/www.castingnews.eu\\\/magazine\\\/#website\"},\"primaryImageOfPage\":{\"@id\":\"https:\\\/\\\/www.castingnews.eu\\\/magazine\\\/2023\\\/03\\\/04\\\/lucio-dalla-il-sogno-di-essere-napoletano-fino-al-25-giugno-2023-al-museo-archeologico-nazionale-di-napoli\\\/#primaryimage\"},\"image\":{\"@id\":\"https:\\\/\\\/www.castingnews.eu\\\/magazine\\\/2023\\\/03\\\/04\\\/lucio-dalla-il-sogno-di-essere-napoletano-fino-al-25-giugno-2023-al-museo-archeologico-nazionale-di-napoli\\\/#primaryimage\"},\"thumbnailUrl\":\"https:\\\/\\\/www.castingnews.eu\\\/magazine\\\/wp-content\\\/uploads\\\/2023\\\/03\\\/Lucio-Dalla.-Il-sogno-di-essere-napoletano_manifesto.jpg\",\"datePublished\":\"2023-03-04T11:51:41+00:00\",\"dateModified\":\"2023-03-04T11:51:43+00:00\",\"author\":{\"@id\":\"https:\\\/\\\/www.castingnews.eu\\\/magazine\\\/#\\\/schema\\\/person\\\/099d71c568c9a7e5e4037b1594108f17\"},\"description\":\"La mostra \u201cLucio Dalla. Il sogno di essere napoletano\u201d \u00e8 dedicata all\u2019imprevedibile genio umano e musicale, che sar\u00e0 realizzata\u00a0da oggi fino al 25 giugno 2023 al MANN Museo Archeologico Nazionale di Napoli.\",\"breadcrumb\":{\"@id\":\"https:\\\/\\\/www.castingnews.eu\\\/magazine\\\/2023\\\/03\\\/04\\\/lucio-dalla-il-sogno-di-essere-napoletano-fino-al-25-giugno-2023-al-museo-archeologico-nazionale-di-napoli\\\/#breadcrumb\"},\"inLanguage\":\"it-IT\",\"potentialAction\":[{\"@type\":\"ReadAction\",\"target\":[\"https:\\\/\\\/www.castingnews.eu\\\/magazine\\\/2023\\\/03\\\/04\\\/lucio-dalla-il-sogno-di-essere-napoletano-fino-al-25-giugno-2023-al-museo-archeologico-nazionale-di-napoli\\\/\"]}]},{\"@type\":\"ImageObject\",\"inLanguage\":\"it-IT\",\"@id\":\"https:\\\/\\\/www.castingnews.eu\\\/magazine\\\/2023\\\/03\\\/04\\\/lucio-dalla-il-sogno-di-essere-napoletano-fino-al-25-giugno-2023-al-museo-archeologico-nazionale-di-napoli\\\/#primaryimage\",\"url\":\"https:\\\/\\\/www.castingnews.eu\\\/magazine\\\/wp-content\\\/uploads\\\/2023\\\/03\\\/Lucio-Dalla.-Il-sogno-di-essere-napoletano_manifesto.jpg\",\"contentUrl\":\"https:\\\/\\\/www.castingnews.eu\\\/magazine\\\/wp-content\\\/uploads\\\/2023\\\/03\\\/Lucio-Dalla.-Il-sogno-di-essere-napoletano_manifesto.jpg\",\"width\":1180,\"height\":786,\"caption\":\"Lucio Dalla. Il sogno di essere napoletano\"},{\"@type\":\"BreadcrumbList\",\"@id\":\"https:\\\/\\\/www.castingnews.eu\\\/magazine\\\/2023\\\/03\\\/04\\\/lucio-dalla-il-sogno-di-essere-napoletano-fino-al-25-giugno-2023-al-museo-archeologico-nazionale-di-napoli\\\/#breadcrumb\",\"itemListElement\":[{\"@type\":\"ListItem\",\"position\":1,\"name\":\"Home\",\"item\":\"https:\\\/\\\/www.castingnews.eu\\\/magazine\\\/\"},{\"@type\":\"ListItem\",\"position\":2,\"name\":\"\u201cLUCIO DALLA. Il sogno di essere napoletano\u201d &#8211; fino al 25 giugno 2023 al Museo Archeologico Nazionale di Napoli\"}]},{\"@type\":\"WebSite\",\"@id\":\"https:\\\/\\\/www.castingnews.eu\\\/magazine\\\/#website\",\"url\":\"https:\\\/\\\/www.castingnews.eu\\\/magazine\\\/\",\"name\":\"Casting News Magazine\",\"description\":\"News e aggiornamenti sui film, serie tv, teatro e festival italiani ed internazionali\",\"potentialAction\":[{\"@type\":\"SearchAction\",\"target\":{\"@type\":\"EntryPoint\",\"urlTemplate\":\"https:\\\/\\\/www.castingnews.eu\\\/magazine\\\/?s={search_term_string}\"},\"query-input\":{\"@type\":\"PropertyValueSpecification\",\"valueRequired\":true,\"valueName\":\"search_term_string\"}}],\"inLanguage\":\"it-IT\"},{\"@type\":\"Person\",\"@id\":\"https:\\\/\\\/www.castingnews.eu\\\/magazine\\\/#\\\/schema\\\/person\\\/099d71c568c9a7e5e4037b1594108f17\",\"name\":\"Redazione\",\"image\":{\"@type\":\"ImageObject\",\"inLanguage\":\"it-IT\",\"@id\":\"https:\\\/\\\/secure.gravatar.com\\\/avatar\\\/b73a087aa3bd279fb70d24f1960a91c82cf67619395b60b564c90e9e5d5325fc?s=96&d=mm&r=g\",\"url\":\"https:\\\/\\\/secure.gravatar.com\\\/avatar\\\/b73a087aa3bd279fb70d24f1960a91c82cf67619395b60b564c90e9e5d5325fc?s=96&d=mm&r=g\",\"contentUrl\":\"https:\\\/\\\/secure.gravatar.com\\\/avatar\\\/b73a087aa3bd279fb70d24f1960a91c82cf67619395b60b564c90e9e5d5325fc?s=96&d=mm&r=g\",\"caption\":\"Redazione\"},\"description\":\"News e aggiornamenti sui film, serie tv, teatro e festival italiani ed internazionali.\",\"url\":\"https:\\\/\\\/www.castingnews.eu\\\/magazine\\\/author\\\/redazione\\\/\"}]}<\/script>\r\n<!-- \/ Yoast SEO plugin. -->","yoast_head_json":{"title":"\u201cLUCIO DALLA. Il sogno di essere napoletano\u201d - fino al 25 giugno 2023 al Museo Archeologico Nazionale di Napoli - Casting News Magazine","description":"La mostra \u201cLucio Dalla. Il sogno di essere napoletano\u201d \u00e8 dedicata all\u2019imprevedibile genio umano e musicale, che sar\u00e0 realizzata\u00a0da oggi fino al 25 giugno 2023 al MANN Museo Archeologico Nazionale di Napoli.","robots":{"index":"index","follow":"follow","max-snippet":"max-snippet:-1","max-image-preview":"max-image-preview:large","max-video-preview":"max-video-preview:-1"},"canonical":"https:\/\/www.castingnews.eu\/magazine\/2023\/03\/04\/lucio-dalla-il-sogno-di-essere-napoletano-fino-al-25-giugno-2023-al-museo-archeologico-nazionale-di-napoli\/","og_locale":"it_IT","og_type":"article","og_title":"\u201cLUCIO DALLA. Il sogno di essere napoletano\u201d - fino al 25 giugno 2023 al Museo Archeologico Nazionale di Napoli - Casting News Magazine","og_description":"La mostra \u201cLucio Dalla. Il sogno di essere napoletano\u201d \u00e8 dedicata all\u2019imprevedibile genio umano e musicale, che sar\u00e0 realizzata\u00a0da oggi fino al 25 giugno 2023 al MANN Museo Archeologico Nazionale di Napoli.","og_url":"https:\/\/www.castingnews.eu\/magazine\/2023\/03\/04\/lucio-dalla-il-sogno-di-essere-napoletano-fino-al-25-giugno-2023-al-museo-archeologico-nazionale-di-napoli\/","og_site_name":"Casting News Magazine","article_published_time":"2023-03-04T11:51:41+00:00","article_modified_time":"2023-03-04T11:51:43+00:00","og_image":[{"width":1180,"height":786,"url":"https:\/\/www.castingnews.eu\/magazine\/wp-content\/uploads\/2023\/03\/Lucio-Dalla.-Il-sogno-di-essere-napoletano_manifesto.jpg","type":"image\/jpeg"}],"author":"Redazione","twitter_card":"summary_large_image","twitter_misc":{"Scritto da":"Redazione","Tempo di lettura stimato":"5 minuti"},"schema":{"@context":"https:\/\/schema.org","@graph":[{"@type":"Article","@id":"https:\/\/www.castingnews.eu\/magazine\/2023\/03\/04\/lucio-dalla-il-sogno-di-essere-napoletano-fino-al-25-giugno-2023-al-museo-archeologico-nazionale-di-napoli\/#article","isPartOf":{"@id":"https:\/\/www.castingnews.eu\/magazine\/2023\/03\/04\/lucio-dalla-il-sogno-di-essere-napoletano-fino-al-25-giugno-2023-al-museo-archeologico-nazionale-di-napoli\/"},"author":{"name":"Redazione","@id":"https:\/\/www.castingnews.eu\/magazine\/#\/schema\/person\/099d71c568c9a7e5e4037b1594108f17"},"headline":"\u201cLUCIO DALLA. Il sogno di essere napoletano\u201d &#8211; fino al 25 giugno 2023 al Museo Archeologico Nazionale di Napoli","datePublished":"2023-03-04T11:51:41+00:00","dateModified":"2023-03-04T11:51:43+00:00","mainEntityOfPage":{"@id":"https:\/\/www.castingnews.eu\/magazine\/2023\/03\/04\/lucio-dalla-il-sogno-di-essere-napoletano-fino-al-25-giugno-2023-al-museo-archeologico-nazionale-di-napoli\/"},"wordCount":840,"commentCount":0,"image":{"@id":"https:\/\/www.castingnews.eu\/magazine\/2023\/03\/04\/lucio-dalla-il-sogno-di-essere-napoletano-fino-al-25-giugno-2023-al-museo-archeologico-nazionale-di-napoli\/#primaryimage"},"thumbnailUrl":"https:\/\/www.castingnews.eu\/magazine\/wp-content\/uploads\/2023\/03\/Lucio-Dalla.-Il-sogno-di-essere-napoletano_manifesto.jpg","keywords":["Casting Magazine","Casting News","evento","Il sogno di essere napoletano","Lucio Dalla","MANN","Mostra","Museo Archeologico Nazionale di Napoli","Napoli"],"articleSection":["Campania","In primo piano","Italia","Mostre","Primo piano"],"inLanguage":"it-IT","potentialAction":[{"@type":"CommentAction","name":"Comment","target":["https:\/\/www.castingnews.eu\/magazine\/2023\/03\/04\/lucio-dalla-il-sogno-di-essere-napoletano-fino-al-25-giugno-2023-al-museo-archeologico-nazionale-di-napoli\/#respond"]}]},{"@type":"WebPage","@id":"https:\/\/www.castingnews.eu\/magazine\/2023\/03\/04\/lucio-dalla-il-sogno-di-essere-napoletano-fino-al-25-giugno-2023-al-museo-archeologico-nazionale-di-napoli\/","url":"https:\/\/www.castingnews.eu\/magazine\/2023\/03\/04\/lucio-dalla-il-sogno-di-essere-napoletano-fino-al-25-giugno-2023-al-museo-archeologico-nazionale-di-napoli\/","name":"\u201cLUCIO DALLA. Il sogno di essere napoletano\u201d - fino al 25 giugno 2023 al Museo Archeologico Nazionale di Napoli - Casting News Magazine","isPartOf":{"@id":"https:\/\/www.castingnews.eu\/magazine\/#website"},"primaryImageOfPage":{"@id":"https:\/\/www.castingnews.eu\/magazine\/2023\/03\/04\/lucio-dalla-il-sogno-di-essere-napoletano-fino-al-25-giugno-2023-al-museo-archeologico-nazionale-di-napoli\/#primaryimage"},"image":{"@id":"https:\/\/www.castingnews.eu\/magazine\/2023\/03\/04\/lucio-dalla-il-sogno-di-essere-napoletano-fino-al-25-giugno-2023-al-museo-archeologico-nazionale-di-napoli\/#primaryimage"},"thumbnailUrl":"https:\/\/www.castingnews.eu\/magazine\/wp-content\/uploads\/2023\/03\/Lucio-Dalla.-Il-sogno-di-essere-napoletano_manifesto.jpg","datePublished":"2023-03-04T11:51:41+00:00","dateModified":"2023-03-04T11:51:43+00:00","author":{"@id":"https:\/\/www.castingnews.eu\/magazine\/#\/schema\/person\/099d71c568c9a7e5e4037b1594108f17"},"description":"La mostra \u201cLucio Dalla. Il sogno di essere napoletano\u201d \u00e8 dedicata all\u2019imprevedibile genio umano e musicale, che sar\u00e0 realizzata\u00a0da oggi fino al 25 giugno 2023 al MANN Museo Archeologico Nazionale di Napoli.","breadcrumb":{"@id":"https:\/\/www.castingnews.eu\/magazine\/2023\/03\/04\/lucio-dalla-il-sogno-di-essere-napoletano-fino-al-25-giugno-2023-al-museo-archeologico-nazionale-di-napoli\/#breadcrumb"},"inLanguage":"it-IT","potentialAction":[{"@type":"ReadAction","target":["https:\/\/www.castingnews.eu\/magazine\/2023\/03\/04\/lucio-dalla-il-sogno-di-essere-napoletano-fino-al-25-giugno-2023-al-museo-archeologico-nazionale-di-napoli\/"]}]},{"@type":"ImageObject","inLanguage":"it-IT","@id":"https:\/\/www.castingnews.eu\/magazine\/2023\/03\/04\/lucio-dalla-il-sogno-di-essere-napoletano-fino-al-25-giugno-2023-al-museo-archeologico-nazionale-di-napoli\/#primaryimage","url":"https:\/\/www.castingnews.eu\/magazine\/wp-content\/uploads\/2023\/03\/Lucio-Dalla.-Il-sogno-di-essere-napoletano_manifesto.jpg","contentUrl":"https:\/\/www.castingnews.eu\/magazine\/wp-content\/uploads\/2023\/03\/Lucio-Dalla.-Il-sogno-di-essere-napoletano_manifesto.jpg","width":1180,"height":786,"caption":"Lucio Dalla. Il sogno di essere napoletano"},{"@type":"BreadcrumbList","@id":"https:\/\/www.castingnews.eu\/magazine\/2023\/03\/04\/lucio-dalla-il-sogno-di-essere-napoletano-fino-al-25-giugno-2023-al-museo-archeologico-nazionale-di-napoli\/#breadcrumb","itemListElement":[{"@type":"ListItem","position":1,"name":"Home","item":"https:\/\/www.castingnews.eu\/magazine\/"},{"@type":"ListItem","position":2,"name":"\u201cLUCIO DALLA. Il sogno di essere napoletano\u201d &#8211; fino al 25 giugno 2023 al Museo Archeologico Nazionale di Napoli"}]},{"@type":"WebSite","@id":"https:\/\/www.castingnews.eu\/magazine\/#website","url":"https:\/\/www.castingnews.eu\/magazine\/","name":"Casting News Magazine","description":"News e aggiornamenti sui film, serie tv, teatro e festival italiani ed internazionali","potentialAction":[{"@type":"SearchAction","target":{"@type":"EntryPoint","urlTemplate":"https:\/\/www.castingnews.eu\/magazine\/?s={search_term_string}"},"query-input":{"@type":"PropertyValueSpecification","valueRequired":true,"valueName":"search_term_string"}}],"inLanguage":"it-IT"},{"@type":"Person","@id":"https:\/\/www.castingnews.eu\/magazine\/#\/schema\/person\/099d71c568c9a7e5e4037b1594108f17","name":"Redazione","image":{"@type":"ImageObject","inLanguage":"it-IT","@id":"https:\/\/secure.gravatar.com\/avatar\/b73a087aa3bd279fb70d24f1960a91c82cf67619395b60b564c90e9e5d5325fc?s=96&d=mm&r=g","url":"https:\/\/secure.gravatar.com\/avatar\/b73a087aa3bd279fb70d24f1960a91c82cf67619395b60b564c90e9e5d5325fc?s=96&d=mm&r=g","contentUrl":"https:\/\/secure.gravatar.com\/avatar\/b73a087aa3bd279fb70d24f1960a91c82cf67619395b60b564c90e9e5d5325fc?s=96&d=mm&r=g","caption":"Redazione"},"description":"News e aggiornamenti sui film, serie tv, teatro e festival italiani ed internazionali.","url":"https:\/\/www.castingnews.eu\/magazine\/author\/redazione\/"}]}},"_links":{"self":[{"href":"https:\/\/www.castingnews.eu\/magazine\/wp-json\/wp\/v2\/posts\/4903","targetHints":{"allow":["GET"]}}],"collection":[{"href":"https:\/\/www.castingnews.eu\/magazine\/wp-json\/wp\/v2\/posts"}],"about":[{"href":"https:\/\/www.castingnews.eu\/magazine\/wp-json\/wp\/v2\/types\/post"}],"author":[{"embeddable":true,"href":"https:\/\/www.castingnews.eu\/magazine\/wp-json\/wp\/v2\/users\/1"}],"replies":[{"embeddable":true,"href":"https:\/\/www.castingnews.eu\/magazine\/wp-json\/wp\/v2\/comments?post=4903"}],"version-history":[{"count":1,"href":"https:\/\/www.castingnews.eu\/magazine\/wp-json\/wp\/v2\/posts\/4903\/revisions"}],"predecessor-version":[{"id":4907,"href":"https:\/\/www.castingnews.eu\/magazine\/wp-json\/wp\/v2\/posts\/4903\/revisions\/4907"}],"wp:featuredmedia":[{"embeddable":true,"href":"https:\/\/www.castingnews.eu\/magazine\/wp-json\/wp\/v2\/media\/4906"}],"wp:attachment":[{"href":"https:\/\/www.castingnews.eu\/magazine\/wp-json\/wp\/v2\/media?parent=4903"}],"wp:term":[{"taxonomy":"category","embeddable":true,"href":"https:\/\/www.castingnews.eu\/magazine\/wp-json\/wp\/v2\/categories?post=4903"},{"taxonomy":"post_tag","embeddable":true,"href":"https:\/\/www.castingnews.eu\/magazine\/wp-json\/wp\/v2\/tags?post=4903"}],"curies":[{"name":"wp","href":"https:\/\/api.w.org\/{rel}","templated":true}]}}