{"id":4862,"date":"2023-02-21T16:22:05","date_gmt":"2023-02-21T15:22:05","guid":{"rendered":"https:\/\/www.castingnews.eu\/magazine\/?p=4862"},"modified":"2023-02-21T16:22:08","modified_gmt":"2023-02-21T15:22:08","slug":"casting-per-un-film-storico-ambientato-nel-settecento-si-cercano-bambini-tra-i-6-e-i-10-anni","status":"publish","type":"post","link":"https:\/\/www.castingnews.eu\/magazine\/2023\/02\/21\/casting-per-un-film-storico-ambientato-nel-settecento-si-cercano-bambini-tra-i-6-e-i-10-anni\/","title":{"rendered":"Casting per un film storico ambientato nel Settecento, si cercano bambini tra i 6 e i 10 anni"},"content":{"rendered":"\n<p><strong><a href=\"https:\/\/www.castingnews.eu\/news\/news.asp?id_news=10065&amp;id_cat=2\">Casting bambini<\/a><\/strong> per un nuovo <strong><a href=\"https:\/\/www.castingnews.eu\/news\/news.asp?id_news=10065&amp;id_cat=2\">progetto cinematografico<\/a><\/strong> ambientato nel Settecento che si girer\u00e0 nel mese di maggio 2023. Il lavoro sar\u00e0 regolarmente retribuito.<\/p><div class=\"6d3639e8c6ac292cde400fad8ff8a5b9\" data-index=\"1\" style=\"float: none; margin:10px 0 10px 0; text-align:center;\">\n<script async src=\"\/\/pagead2.googlesyndication.com\/pagead\/js\/adsbygoogle.js\"><\/script>\r\n<!-- Casting Bambini NEW -->\r\n<ins class=\"adsbygoogle\"\r\n     style=\"display:inline-block;width:336px;height:280px\"\r\n     data-ad-client=\"ca-pub-5538097485429833\"\r\n     data-ad-slot=\"5127154445\"><\/ins>\r\n<script>\r\n(adsbygoogle = window.adsbygoogle || []).push({});\r\n<\/script>\n<\/div>\n\n\n\n\n<p><strong>La produzione \u00e8 alla ricerca di bambini maschi di et\u00e0 compresa tra i 6 e i 10 anni.<\/strong><br>Per i minori la candidatura dovr\u00e0 essere inoltrata da un genitore o da un tutore legalmente riconosciuto.<br>Il lavoro sar\u00e0 regolarmente retribuito.<br><strong>Tutti i dettagli sono disponibili nell\u2019area riservata di Casting News Professional al seguente link: <a href=\"https:\/\/www.castingnews.eu\/news\/news.asp?id_news=10065&amp;id_cat=2\">Casting per un film storico ambientato nel Settecento, si cercano bambini tra i 6 e i 10 anni<\/a><\/strong><\/p>\n\n<div style=\"font-size: 0px; height: 0px; line-height: 0px; margin: 0; padding: 0; clear: both;\"><\/div>","protected":false},"excerpt":{"rendered":"<p>Casting bambini per un nuovo progetto cinematografico ambientato nel Settecento che si girer\u00e0 nel mese di maggio 2023. Il lavoro sar\u00e0 regolarmente retribuito. La produzione \u00e8 alla ricerca di bambini maschi di et\u00e0 compresa tra i 6 e i 10 anni.Per i minori la candidatura dovr\u00e0 essere inoltrata da un genitore o da un tutore [&hellip;]<\/p>\n","protected":false},"author":1,"featured_media":4863,"comment_status":"open","ping_status":"open","sticky":false,"template":"","format":"standard","meta":{"tdm_status":"","tdm_grid_status":"","footnotes":""},"categories":[3,4,3957,1533,71,21,30],"tags":[1631,266,1630,3676,273,302,534,2007,835,1113,1118],"class_list":{"0":"post-4862","1":"post","2":"type-post","3":"status-publish","4":"format-standard","5":"has-post-thumbnail","7":"category-casting-cinematografici","8":"category-cinema-casting","9":"category-friuli-venezia-giulia","10":"category-featured","11":"category-italia-paese","12":"category-in-primo-piano","13":"category-progetti-cinematografici","14":"tag-bambini","15":"tag-casting","16":"tag-casting-bambini","17":"tag-casting-call","18":"tag-casting-news","19":"tag-cinema","20":"tag-film","21":"tag-friuli-venezia-giulia","22":"tag-lungometraggio","23":"tag-progetto-cinematografico","24":"tag-provini"},"yoast_head":"<!-- This site is optimized with the Yoast SEO plugin v27.4 - https:\/\/yoast.com\/product\/yoast-seo-wordpress\/ -->\r\n<title>Casting per un film storico ambientato nel Settecento, si cercano bambini tra i 6 e i 10 anni - Casting News Magazine<\/title>\r\n<meta name=\"description\" content=\"Casting bambini per un nuovo progetto cinematografico ambientato nel Settecento che si girer\u00e0 nel mese di maggio 2023.\" \/>\r\n<meta name=\"robots\" content=\"index, follow, max-snippet:-1, max-image-preview:large, max-video-preview:-1\" \/>\r\n<link rel=\"canonical\" href=\"https:\/\/www.castingnews.eu\/magazine\/2023\/02\/21\/casting-per-un-film-storico-ambientato-nel-settecento-si-cercano-bambini-tra-i-6-e-i-10-anni\/\" \/>\r\n<meta property=\"og:locale\" content=\"it_IT\" \/>\r\n<meta property=\"og:type\" content=\"article\" \/>\r\n<meta property=\"og:title\" content=\"Casting per un film storico ambientato nel Settecento, si cercano bambini tra i 6 e i 10 anni - Casting News Magazine\" \/>\r\n<meta property=\"og:description\" content=\"Casting bambini per un nuovo progetto cinematografico ambientato nel Settecento che si girer\u00e0 nel mese di maggio 2023.\" \/>\r\n<meta property=\"og:url\" content=\"https:\/\/www.castingnews.eu\/magazine\/2023\/02\/21\/casting-per-un-film-storico-ambientato-nel-settecento-si-cercano-bambini-tra-i-6-e-i-10-anni\/\" \/>\r\n<meta property=\"og:site_name\" content=\"Casting News Magazine\" \/>\r\n<meta property=\"article:published_time\" content=\"2023-02-21T15:22:05+00:00\" \/>\r\n<meta property=\"article:modified_time\" content=\"2023-02-21T15:22:08+00:00\" \/>\r\n<meta property=\"og:image\" content=\"https:\/\/www.castingnews.eu\/magazine\/wp-content\/uploads\/2023\/02\/bambini-castingnews-51.jpg\" \/>\r\n\t<meta property=\"og:image:width\" content=\"800\" \/>\r\n\t<meta property=\"og:image:height\" content=\"468\" \/>\r\n\t<meta property=\"og:image:type\" content=\"image\/jpeg\" \/>\r\n<meta name=\"author\" content=\"Redazione\" \/>\r\n<meta name=\"twitter:card\" content=\"summary_large_image\" \/>\r\n<meta name=\"twitter:label1\" content=\"Scritto da\" \/>\n\t<meta name=\"twitter:data1\" content=\"Redazione\" \/>\n\t<meta name=\"twitter:label2\" content=\"Tempo di lettura stimato\" \/>\n\t<meta name=\"twitter:data2\" content=\"1 minuto\" \/>\r\n<script type=\"application\/ld+json\" class=\"yoast-schema-graph\">{\"@context\":\"https:\\\/\\\/schema.org\",\"@graph\":[{\"@type\":\"Article\",\"@id\":\"https:\\\/\\\/www.castingnews.eu\\\/magazine\\\/2023\\\/02\\\/21\\\/casting-per-un-film-storico-ambientato-nel-settecento-si-cercano-bambini-tra-i-6-e-i-10-anni\\\/#article\",\"isPartOf\":{\"@id\":\"https:\\\/\\\/www.castingnews.eu\\\/magazine\\\/2023\\\/02\\\/21\\\/casting-per-un-film-storico-ambientato-nel-settecento-si-cercano-bambini-tra-i-6-e-i-10-anni\\\/\"},\"author\":{\"name\":\"Redazione\",\"@id\":\"https:\\\/\\\/www.castingnews.eu\\\/magazine\\\/#\\\/schema\\\/person\\\/099d71c568c9a7e5e4037b1594108f17\"},\"headline\":\"Casting per un film storico ambientato nel Settecento, si cercano bambini tra i 6 e i 10 anni\",\"datePublished\":\"2023-02-21T15:22:05+00:00\",\"dateModified\":\"2023-02-21T15:22:08+00:00\",\"mainEntityOfPage\":{\"@id\":\"https:\\\/\\\/www.castingnews.eu\\\/magazine\\\/2023\\\/02\\\/21\\\/casting-per-un-film-storico-ambientato-nel-settecento-si-cercano-bambini-tra-i-6-e-i-10-anni\\\/\"},\"wordCount\":106,\"commentCount\":0,\"image\":{\"@id\":\"https:\\\/\\\/www.castingnews.eu\\\/magazine\\\/2023\\\/02\\\/21\\\/casting-per-un-film-storico-ambientato-nel-settecento-si-cercano-bambini-tra-i-6-e-i-10-anni\\\/#primaryimage\"},\"thumbnailUrl\":\"https:\\\/\\\/www.castingnews.eu\\\/magazine\\\/wp-content\\\/uploads\\\/2023\\\/02\\\/bambini-castingnews-51.jpg\",\"keywords\":[\"bambini\",\"casting\",\"casting bambini\",\"casting call\",\"Casting News\",\"Cinema\",\"Film\",\"Friuli-Venezia Giulia\",\"Lungometraggio\",\"progetto cinematografico\",\"Provini\"],\"articleSection\":[\"Casting Cinematografici\",\"Cinema\",\"Friuli-Venezia Giulia\",\"In primo piano\",\"Italia\",\"Primo piano\",\"Progetti cinematografici\"],\"inLanguage\":\"it-IT\",\"potentialAction\":[{\"@type\":\"CommentAction\",\"name\":\"Comment\",\"target\":[\"https:\\\/\\\/www.castingnews.eu\\\/magazine\\\/2023\\\/02\\\/21\\\/casting-per-un-film-storico-ambientato-nel-settecento-si-cercano-bambini-tra-i-6-e-i-10-anni\\\/#respond\"]}]},{\"@type\":\"WebPage\",\"@id\":\"https:\\\/\\\/www.castingnews.eu\\\/magazine\\\/2023\\\/02\\\/21\\\/casting-per-un-film-storico-ambientato-nel-settecento-si-cercano-bambini-tra-i-6-e-i-10-anni\\\/\",\"url\":\"https:\\\/\\\/www.castingnews.eu\\\/magazine\\\/2023\\\/02\\\/21\\\/casting-per-un-film-storico-ambientato-nel-settecento-si-cercano-bambini-tra-i-6-e-i-10-anni\\\/\",\"name\":\"Casting per un film storico ambientato nel Settecento, si cercano bambini tra i 6 e i 10 anni - Casting News Magazine\",\"isPartOf\":{\"@id\":\"https:\\\/\\\/www.castingnews.eu\\\/magazine\\\/#website\"},\"primaryImageOfPage\":{\"@id\":\"https:\\\/\\\/www.castingnews.eu\\\/magazine\\\/2023\\\/02\\\/21\\\/casting-per-un-film-storico-ambientato-nel-settecento-si-cercano-bambini-tra-i-6-e-i-10-anni\\\/#primaryimage\"},\"image\":{\"@id\":\"https:\\\/\\\/www.castingnews.eu\\\/magazine\\\/2023\\\/02\\\/21\\\/casting-per-un-film-storico-ambientato-nel-settecento-si-cercano-bambini-tra-i-6-e-i-10-anni\\\/#primaryimage\"},\"thumbnailUrl\":\"https:\\\/\\\/www.castingnews.eu\\\/magazine\\\/wp-content\\\/uploads\\\/2023\\\/02\\\/bambini-castingnews-51.jpg\",\"datePublished\":\"2023-02-21T15:22:05+00:00\",\"dateModified\":\"2023-02-21T15:22:08+00:00\",\"author\":{\"@id\":\"https:\\\/\\\/www.castingnews.eu\\\/magazine\\\/#\\\/schema\\\/person\\\/099d71c568c9a7e5e4037b1594108f17\"},\"description\":\"Casting bambini per un nuovo progetto cinematografico ambientato nel Settecento che si girer\u00e0 nel mese di maggio 2023.\",\"breadcrumb\":{\"@id\":\"https:\\\/\\\/www.castingnews.eu\\\/magazine\\\/2023\\\/02\\\/21\\\/casting-per-un-film-storico-ambientato-nel-settecento-si-cercano-bambini-tra-i-6-e-i-10-anni\\\/#breadcrumb\"},\"inLanguage\":\"it-IT\",\"potentialAction\":[{\"@type\":\"ReadAction\",\"target\":[\"https:\\\/\\\/www.castingnews.eu\\\/magazine\\\/2023\\\/02\\\/21\\\/casting-per-un-film-storico-ambientato-nel-settecento-si-cercano-bambini-tra-i-6-e-i-10-anni\\\/\"]}]},{\"@type\":\"ImageObject\",\"inLanguage\":\"it-IT\",\"@id\":\"https:\\\/\\\/www.castingnews.eu\\\/magazine\\\/2023\\\/02\\\/21\\\/casting-per-un-film-storico-ambientato-nel-settecento-si-cercano-bambini-tra-i-6-e-i-10-anni\\\/#primaryimage\",\"url\":\"https:\\\/\\\/www.castingnews.eu\\\/magazine\\\/wp-content\\\/uploads\\\/2023\\\/02\\\/bambini-castingnews-51.jpg\",\"contentUrl\":\"https:\\\/\\\/www.castingnews.eu\\\/magazine\\\/wp-content\\\/uploads\\\/2023\\\/02\\\/bambini-castingnews-51.jpg\",\"width\":800,\"height\":468,\"caption\":\"Casting bambini film\"},{\"@type\":\"BreadcrumbList\",\"@id\":\"https:\\\/\\\/www.castingnews.eu\\\/magazine\\\/2023\\\/02\\\/21\\\/casting-per-un-film-storico-ambientato-nel-settecento-si-cercano-bambini-tra-i-6-e-i-10-anni\\\/#breadcrumb\",\"itemListElement\":[{\"@type\":\"ListItem\",\"position\":1,\"name\":\"Home\",\"item\":\"https:\\\/\\\/www.castingnews.eu\\\/magazine\\\/\"},{\"@type\":\"ListItem\",\"position\":2,\"name\":\"Casting per un film storico ambientato nel Settecento, si cercano bambini tra i 6 e i 10 anni\"}]},{\"@type\":\"WebSite\",\"@id\":\"https:\\\/\\\/www.castingnews.eu\\\/magazine\\\/#website\",\"url\":\"https:\\\/\\\/www.castingnews.eu\\\/magazine\\\/\",\"name\":\"Casting News Magazine\",\"description\":\"News e aggiornamenti sui film, serie tv, teatro e festival italiani ed internazionali\",\"potentialAction\":[{\"@type\":\"SearchAction\",\"target\":{\"@type\":\"EntryPoint\",\"urlTemplate\":\"https:\\\/\\\/www.castingnews.eu\\\/magazine\\\/?s={search_term_string}\"},\"query-input\":{\"@type\":\"PropertyValueSpecification\",\"valueRequired\":true,\"valueName\":\"search_term_string\"}}],\"inLanguage\":\"it-IT\"},{\"@type\":\"Person\",\"@id\":\"https:\\\/\\\/www.castingnews.eu\\\/magazine\\\/#\\\/schema\\\/person\\\/099d71c568c9a7e5e4037b1594108f17\",\"name\":\"Redazione\",\"image\":{\"@type\":\"ImageObject\",\"inLanguage\":\"it-IT\",\"@id\":\"https:\\\/\\\/secure.gravatar.com\\\/avatar\\\/b73a087aa3bd279fb70d24f1960a91c82cf67619395b60b564c90e9e5d5325fc?s=96&d=mm&r=g\",\"url\":\"https:\\\/\\\/secure.gravatar.com\\\/avatar\\\/b73a087aa3bd279fb70d24f1960a91c82cf67619395b60b564c90e9e5d5325fc?s=96&d=mm&r=g\",\"contentUrl\":\"https:\\\/\\\/secure.gravatar.com\\\/avatar\\\/b73a087aa3bd279fb70d24f1960a91c82cf67619395b60b564c90e9e5d5325fc?s=96&d=mm&r=g\",\"caption\":\"Redazione\"},\"description\":\"News e aggiornamenti sui film, serie tv, teatro e festival italiani ed internazionali.\",\"url\":\"https:\\\/\\\/www.castingnews.eu\\\/magazine\\\/author\\\/redazione\\\/\"}]}<\/script>\r\n<!-- \/ Yoast SEO plugin. -->","yoast_head_json":{"title":"Casting per un film storico ambientato nel Settecento, si cercano bambini tra i 6 e i 10 anni - Casting News Magazine","description":"Casting bambini per un nuovo progetto cinematografico ambientato nel Settecento che si girer\u00e0 nel mese di maggio 2023.","robots":{"index":"index","follow":"follow","max-snippet":"max-snippet:-1","max-image-preview":"max-image-preview:large","max-video-preview":"max-video-preview:-1"},"canonical":"https:\/\/www.castingnews.eu\/magazine\/2023\/02\/21\/casting-per-un-film-storico-ambientato-nel-settecento-si-cercano-bambini-tra-i-6-e-i-10-anni\/","og_locale":"it_IT","og_type":"article","og_title":"Casting per un film storico ambientato nel Settecento, si cercano bambini tra i 6 e i 10 anni - Casting News Magazine","og_description":"Casting bambini per un nuovo progetto cinematografico ambientato nel Settecento che si girer\u00e0 nel mese di maggio 2023.","og_url":"https:\/\/www.castingnews.eu\/magazine\/2023\/02\/21\/casting-per-un-film-storico-ambientato-nel-settecento-si-cercano-bambini-tra-i-6-e-i-10-anni\/","og_site_name":"Casting News Magazine","article_published_time":"2023-02-21T15:22:05+00:00","article_modified_time":"2023-02-21T15:22:08+00:00","og_image":[{"width":800,"height":468,"url":"https:\/\/www.castingnews.eu\/magazine\/wp-content\/uploads\/2023\/02\/bambini-castingnews-51.jpg","type":"image\/jpeg"}],"author":"Redazione","twitter_card":"summary_large_image","twitter_misc":{"Scritto da":"Redazione","Tempo di lettura stimato":"1 minuto"},"schema":{"@context":"https:\/\/schema.org","@graph":[{"@type":"Article","@id":"https:\/\/www.castingnews.eu\/magazine\/2023\/02\/21\/casting-per-un-film-storico-ambientato-nel-settecento-si-cercano-bambini-tra-i-6-e-i-10-anni\/#article","isPartOf":{"@id":"https:\/\/www.castingnews.eu\/magazine\/2023\/02\/21\/casting-per-un-film-storico-ambientato-nel-settecento-si-cercano-bambini-tra-i-6-e-i-10-anni\/"},"author":{"name":"Redazione","@id":"https:\/\/www.castingnews.eu\/magazine\/#\/schema\/person\/099d71c568c9a7e5e4037b1594108f17"},"headline":"Casting per un film storico ambientato nel Settecento, si cercano bambini tra i 6 e i 10 anni","datePublished":"2023-02-21T15:22:05+00:00","dateModified":"2023-02-21T15:22:08+00:00","mainEntityOfPage":{"@id":"https:\/\/www.castingnews.eu\/magazine\/2023\/02\/21\/casting-per-un-film-storico-ambientato-nel-settecento-si-cercano-bambini-tra-i-6-e-i-10-anni\/"},"wordCount":106,"commentCount":0,"image":{"@id":"https:\/\/www.castingnews.eu\/magazine\/2023\/02\/21\/casting-per-un-film-storico-ambientato-nel-settecento-si-cercano-bambini-tra-i-6-e-i-10-anni\/#primaryimage"},"thumbnailUrl":"https:\/\/www.castingnews.eu\/magazine\/wp-content\/uploads\/2023\/02\/bambini-castingnews-51.jpg","keywords":["bambini","casting","casting bambini","casting call","Casting News","Cinema","Film","Friuli-Venezia Giulia","Lungometraggio","progetto cinematografico","Provini"],"articleSection":["Casting Cinematografici","Cinema","Friuli-Venezia Giulia","In primo piano","Italia","Primo piano","Progetti cinematografici"],"inLanguage":"it-IT","potentialAction":[{"@type":"CommentAction","name":"Comment","target":["https:\/\/www.castingnews.eu\/magazine\/2023\/02\/21\/casting-per-un-film-storico-ambientato-nel-settecento-si-cercano-bambini-tra-i-6-e-i-10-anni\/#respond"]}]},{"@type":"WebPage","@id":"https:\/\/www.castingnews.eu\/magazine\/2023\/02\/21\/casting-per-un-film-storico-ambientato-nel-settecento-si-cercano-bambini-tra-i-6-e-i-10-anni\/","url":"https:\/\/www.castingnews.eu\/magazine\/2023\/02\/21\/casting-per-un-film-storico-ambientato-nel-settecento-si-cercano-bambini-tra-i-6-e-i-10-anni\/","name":"Casting per un film storico ambientato nel Settecento, si cercano bambini tra i 6 e i 10 anni - Casting News Magazine","isPartOf":{"@id":"https:\/\/www.castingnews.eu\/magazine\/#website"},"primaryImageOfPage":{"@id":"https:\/\/www.castingnews.eu\/magazine\/2023\/02\/21\/casting-per-un-film-storico-ambientato-nel-settecento-si-cercano-bambini-tra-i-6-e-i-10-anni\/#primaryimage"},"image":{"@id":"https:\/\/www.castingnews.eu\/magazine\/2023\/02\/21\/casting-per-un-film-storico-ambientato-nel-settecento-si-cercano-bambini-tra-i-6-e-i-10-anni\/#primaryimage"},"thumbnailUrl":"https:\/\/www.castingnews.eu\/magazine\/wp-content\/uploads\/2023\/02\/bambini-castingnews-51.jpg","datePublished":"2023-02-21T15:22:05+00:00","dateModified":"2023-02-21T15:22:08+00:00","author":{"@id":"https:\/\/www.castingnews.eu\/magazine\/#\/schema\/person\/099d71c568c9a7e5e4037b1594108f17"},"description":"Casting bambini per un nuovo progetto cinematografico ambientato nel Settecento che si girer\u00e0 nel mese di maggio 2023.","breadcrumb":{"@id":"https:\/\/www.castingnews.eu\/magazine\/2023\/02\/21\/casting-per-un-film-storico-ambientato-nel-settecento-si-cercano-bambini-tra-i-6-e-i-10-anni\/#breadcrumb"},"inLanguage":"it-IT","potentialAction":[{"@type":"ReadAction","target":["https:\/\/www.castingnews.eu\/magazine\/2023\/02\/21\/casting-per-un-film-storico-ambientato-nel-settecento-si-cercano-bambini-tra-i-6-e-i-10-anni\/"]}]},{"@type":"ImageObject","inLanguage":"it-IT","@id":"https:\/\/www.castingnews.eu\/magazine\/2023\/02\/21\/casting-per-un-film-storico-ambientato-nel-settecento-si-cercano-bambini-tra-i-6-e-i-10-anni\/#primaryimage","url":"https:\/\/www.castingnews.eu\/magazine\/wp-content\/uploads\/2023\/02\/bambini-castingnews-51.jpg","contentUrl":"https:\/\/www.castingnews.eu\/magazine\/wp-content\/uploads\/2023\/02\/bambini-castingnews-51.jpg","width":800,"height":468,"caption":"Casting bambini film"},{"@type":"BreadcrumbList","@id":"https:\/\/www.castingnews.eu\/magazine\/2023\/02\/21\/casting-per-un-film-storico-ambientato-nel-settecento-si-cercano-bambini-tra-i-6-e-i-10-anni\/#breadcrumb","itemListElement":[{"@type":"ListItem","position":1,"name":"Home","item":"https:\/\/www.castingnews.eu\/magazine\/"},{"@type":"ListItem","position":2,"name":"Casting per un film storico ambientato nel Settecento, si cercano bambini tra i 6 e i 10 anni"}]},{"@type":"WebSite","@id":"https:\/\/www.castingnews.eu\/magazine\/#website","url":"https:\/\/www.castingnews.eu\/magazine\/","name":"Casting News Magazine","description":"News e aggiornamenti sui film, serie tv, teatro e festival italiani ed internazionali","potentialAction":[{"@type":"SearchAction","target":{"@type":"EntryPoint","urlTemplate":"https:\/\/www.castingnews.eu\/magazine\/?s={search_term_string}"},"query-input":{"@type":"PropertyValueSpecification","valueRequired":true,"valueName":"search_term_string"}}],"inLanguage":"it-IT"},{"@type":"Person","@id":"https:\/\/www.castingnews.eu\/magazine\/#\/schema\/person\/099d71c568c9a7e5e4037b1594108f17","name":"Redazione","image":{"@type":"ImageObject","inLanguage":"it-IT","@id":"https:\/\/secure.gravatar.com\/avatar\/b73a087aa3bd279fb70d24f1960a91c82cf67619395b60b564c90e9e5d5325fc?s=96&d=mm&r=g","url":"https:\/\/secure.gravatar.com\/avatar\/b73a087aa3bd279fb70d24f1960a91c82cf67619395b60b564c90e9e5d5325fc?s=96&d=mm&r=g","contentUrl":"https:\/\/secure.gravatar.com\/avatar\/b73a087aa3bd279fb70d24f1960a91c82cf67619395b60b564c90e9e5d5325fc?s=96&d=mm&r=g","caption":"Redazione"},"description":"News e aggiornamenti sui film, serie tv, teatro e festival italiani ed internazionali.","url":"https:\/\/www.castingnews.eu\/magazine\/author\/redazione\/"}]}},"_links":{"self":[{"href":"https:\/\/www.castingnews.eu\/magazine\/wp-json\/wp\/v2\/posts\/4862","targetHints":{"allow":["GET"]}}],"collection":[{"href":"https:\/\/www.castingnews.eu\/magazine\/wp-json\/wp\/v2\/posts"}],"about":[{"href":"https:\/\/www.castingnews.eu\/magazine\/wp-json\/wp\/v2\/types\/post"}],"author":[{"embeddable":true,"href":"https:\/\/www.castingnews.eu\/magazine\/wp-json\/wp\/v2\/users\/1"}],"replies":[{"embeddable":true,"href":"https:\/\/www.castingnews.eu\/magazine\/wp-json\/wp\/v2\/comments?post=4862"}],"version-history":[{"count":1,"href":"https:\/\/www.castingnews.eu\/magazine\/wp-json\/wp\/v2\/posts\/4862\/revisions"}],"predecessor-version":[{"id":4864,"href":"https:\/\/www.castingnews.eu\/magazine\/wp-json\/wp\/v2\/posts\/4862\/revisions\/4864"}],"wp:featuredmedia":[{"embeddable":true,"href":"https:\/\/www.castingnews.eu\/magazine\/wp-json\/wp\/v2\/media\/4863"}],"wp:attachment":[{"href":"https:\/\/www.castingnews.eu\/magazine\/wp-json\/wp\/v2\/media?parent=4862"}],"wp:term":[{"taxonomy":"category","embeddable":true,"href":"https:\/\/www.castingnews.eu\/magazine\/wp-json\/wp\/v2\/categories?post=4862"},{"taxonomy":"post_tag","embeddable":true,"href":"https:\/\/www.castingnews.eu\/magazine\/wp-json\/wp\/v2\/tags?post=4862"}],"curies":[{"name":"wp","href":"https:\/\/api.w.org\/{rel}","templated":true}]}}