{"id":4732,"date":"2023-01-27T11:34:22","date_gmt":"2023-01-27T10:34:22","guid":{"rendered":"https:\/\/www.castingnews.eu\/magazine\/?p=4732"},"modified":"2023-01-27T14:13:34","modified_gmt":"2023-01-27T13:13:34","slug":"nastri-dargento-la-stranezza-e-il-film-dellanno-2023","status":"publish","type":"post","link":"https:\/\/www.castingnews.eu\/magazine\/2023\/01\/27\/nastri-dargento-la-stranezza-e-il-film-dellanno-2023\/","title":{"rendered":"Nastri d\u2019Argento: \u201cLa stranezza\u201d \u00e8 il film dell\u2019anno 2023"},"content":{"rendered":"\n<p>Roma, 27 Gennaio \u2013 Va al film di Roberto And\u00f2 La stranezza il \u201cNastro dell\u2019Anno\u201d 2023, riconoscimento che il Direttivo dei Giornalisti Cinematografici assegna scegliendo tradizionalmente ogni anno un\u2019opera che merita una particolare sottolineatura di eccellenza e di novit\u00e0 oltre il verdetto che annualmente premia i migliori film usciti in sala attraverso il voto di oltre cento giornalisti che selezionano i film, i protagonisti e pi\u00f9 grandi talenti artistici e tecnici.<\/p><div class=\"6d3639e8c6ac292cde400fad8ff8a5b9\" data-index=\"1\" style=\"float: none; margin:10px 0 10px 0; text-align:center;\">\n<script async src=\"\/\/pagead2.googlesyndication.com\/pagead\/js\/adsbygoogle.js\"><\/script>\r\n<!-- Casting Bambini NEW -->\r\n<ins class=\"adsbygoogle\"\r\n     style=\"display:inline-block;width:336px;height:280px\"\r\n     data-ad-client=\"ca-pub-5538097485429833\"\r\n     data-ad-slot=\"5127154445\"><\/ins>\r\n<script>\r\n(adsbygoogle = window.adsbygoogle || []).push({});\r\n<\/script>\n<\/div>\n\n\n\n\n<p>\u00c8 un Premio di eccellenza che va oltre le candidature e segnala quest\u2019anno il film che ha segnato una vera e propria svolta non solo nel rapporto col pubblico ma anche con la sua inedita creativit\u00e0, premiando il regista Roberto And\u00f2 anche sceneggiatore con Massimo Gaudioso e Ugo Chiti, i produttori Angelo Barbagallo (Bibi Film) e Attilio De Razza (Tramp LTD) con Giampaolo Letta (Medusa) e Paolo Del Brocco (Rai Cinema). Con loro, naturalmente, Nastri d\u2019Argento per i tre eccezionali interpreti molto amati dal pubblico come Salvo Ficarra, Valentino Picone e Toni Servillo, un trio sorprendente che ha davvero conquistato l\u2019affetto e gli applausi delle platee cinematografiche oltre ogni previsione.<\/p>\n\n\n\n<p>La consegna dei Nastri d\u2019Argento \u00e8 prevista, come ogni anno, alla fine di Giugno quando sar\u00e0 premiata con un riconoscimento speciale anche la creativit\u00e0 della squadra di talento che ha lavorato, nel segno della qualit\u00e0, per un grande risultato collettivo.<\/p>\n\n\n\n<figure class=\"wp-block-image size-large\"><img loading=\"lazy\" decoding=\"async\" width=\"1024\" height=\"576\" src=\"https:\/\/www.castingnews.eu\/magazine\/wp-content\/uploads\/2023\/01\/La-Stranezza_Roberto-Ando-sul-set-1024x576.jpg\" alt=\"La Stranezza - Roberto And\u00f2 sul set\" class=\"wp-image-4734\" srcset=\"https:\/\/www.castingnews.eu\/magazine\/wp-content\/uploads\/2023\/01\/La-Stranezza_Roberto-Ando-sul-set-1024x576.jpg 1024w, https:\/\/www.castingnews.eu\/magazine\/wp-content\/uploads\/2023\/01\/La-Stranezza_Roberto-Ando-sul-set-300x169.jpg 300w, https:\/\/www.castingnews.eu\/magazine\/wp-content\/uploads\/2023\/01\/La-Stranezza_Roberto-Ando-sul-set-768x432.jpg 768w, https:\/\/www.castingnews.eu\/magazine\/wp-content\/uploads\/2023\/01\/La-Stranezza_Roberto-Ando-sul-set-696x392.jpg 696w, https:\/\/www.castingnews.eu\/magazine\/wp-content\/uploads\/2023\/01\/La-Stranezza_Roberto-Ando-sul-set-1068x601.jpg 1068w, https:\/\/www.castingnews.eu\/magazine\/wp-content\/uploads\/2023\/01\/La-Stranezza_Roberto-Ando-sul-set-747x420.jpg 747w, https:\/\/www.castingnews.eu\/magazine\/wp-content\/uploads\/2023\/01\/La-Stranezza_Roberto-Ando-sul-set.jpg 1280w\" sizes=\"auto, (max-width: 1024px) 100vw, 1024px\" \/><figcaption class=\"wp-element-caption\">La Stranezza &#8211; Roberto And\u00f2\u00a0sul set<\/figcaption><\/figure>\n\n\n\n<p>Come si legge nella motivazione del Direttivo Nazionale dei Nastri d\u2019Argento \u201cLa stranezza \u00e8 un film che, giocando con intelligenza sui tasti dell\u2019intrattenimento popolare e della cultura pi\u00f9 alta, ha saputo aprire una nuova strada anche alla commedia, da sempre regina del box office, ma finalmente capace di conquistare il pubblico con la rilettura cinematografica di un metateatro squisitamente pirandelliano in cui irrompe con eleganza la spontaneit\u00e0 di una comicit\u00e0 irresistibile\u201d.<\/p>\n\n\n\n<p>E aggiunge a nome del Direttivo la Presidente, Laura Delli Colli \u201cUn premio che sottolinea anche la brillante capacit\u00e0 del cinema italiano che ha lavorato in sinergia superando ogni concorrenza nella formula produttiva nell\u2019unione di Bibi Film e Tramp LTD con Medusa Film e Rai Cinema, in collaborazione con Prime Video. Un progetto forte che ha finalmente richiamato il grande pubblico in sala segnando una svolta, non solo nella commedia, con un\u2019idea colta e straordinariamente originale\u201d.<\/p>\n\n<div style=\"font-size: 0px; height: 0px; line-height: 0px; margin: 0; padding: 0; clear: both;\"><\/div>","protected":false},"excerpt":{"rendered":"<p>Roma, 27 Gennaio \u2013 Va al film di Roberto And\u00f2 La stranezza il \u201cNastro dell\u2019Anno\u201d 2023, riconoscimento che il Direttivo dei Giornalisti Cinematografici assegna scegliendo tradizionalmente ogni anno un\u2019opera che merita una particolare sottolineatura di eccellenza e di novit\u00e0 oltre il verdetto che annualmente premia i migliori film usciti in sala attraverso il voto di [&hellip;]<\/p>\n","protected":false},"author":1,"featured_media":4733,"comment_status":"open","ping_status":"open","sticky":false,"template":"","format":"standard","meta":{"tdm_status":"","tdm_grid_status":"","footnotes":""},"categories":[1533,71,3470,30],"tags":[273,4169,994,4170,3549,4168,1359,4171],"class_list":{"0":"post-4732","1":"post","2":"type-post","3":"status-publish","4":"format-standard","5":"has-post-thumbnail","7":"category-featured","8":"category-italia-paese","9":"category-premiazioni","10":"category-progetti-cinematografici","11":"tag-casting-news","12":"tag-la-stranezza","13":"tag-nastri-dargento","14":"tag-nastro-dellanno","15":"tag-roberto-ando","16":"tag-salvo-ficarra","17":"tag-toni-servillo","18":"tag-valentino-picone"},"yoast_head":"<!-- This site is optimized with the Yoast SEO plugin v27.4 - https:\/\/yoast.com\/product\/yoast-seo-wordpress\/ -->\r\n<title>Nastri d\u2019Argento: \u201cLa stranezza\u201d \u00e8 il film dell\u2019anno 2023 - Casting News Magazine<\/title>\r\n<meta name=\"description\" content=\"Va al film di Roberto And\u00f2 La stranezza il \u201cNastro dell\u2019Anno\u201d 2023, riconoscimento che il Direttivo dei Giornalisti Cinematografici assegna scegliendo tradizionalmente ogni anno un\u2019opera che merita una particolare sottolineatura di eccellenza e di novit\u00e0.\" \/>\r\n<meta name=\"robots\" content=\"index, follow, max-snippet:-1, max-image-preview:large, max-video-preview:-1\" \/>\r\n<link rel=\"canonical\" href=\"https:\/\/www.castingnews.eu\/magazine\/2023\/01\/27\/nastri-dargento-la-stranezza-e-il-film-dellanno-2023\/\" \/>\r\n<meta property=\"og:locale\" content=\"it_IT\" \/>\r\n<meta property=\"og:type\" content=\"article\" \/>\r\n<meta property=\"og:title\" content=\"Nastri d\u2019Argento: \u201cLa stranezza\u201d \u00e8 il film dell\u2019anno 2023 - Casting News Magazine\" \/>\r\n<meta property=\"og:description\" content=\"Va al film di Roberto And\u00f2 La stranezza il \u201cNastro dell\u2019Anno\u201d 2023, riconoscimento che il Direttivo dei Giornalisti Cinematografici assegna scegliendo tradizionalmente ogni anno un\u2019opera che merita una particolare sottolineatura di eccellenza e di novit\u00e0.\" \/>\r\n<meta property=\"og:url\" content=\"https:\/\/www.castingnews.eu\/magazine\/2023\/01\/27\/nastri-dargento-la-stranezza-e-il-film-dellanno-2023\/\" \/>\r\n<meta property=\"og:site_name\" content=\"Casting News Magazine\" \/>\r\n<meta property=\"article:published_time\" content=\"2023-01-27T10:34:22+00:00\" \/>\r\n<meta property=\"article:modified_time\" content=\"2023-01-27T13:13:34+00:00\" \/>\r\n<meta property=\"og:image\" content=\"https:\/\/www.castingnews.eu\/magazine\/wp-content\/uploads\/2023\/01\/La-Stranezza_FicarraServilloPicone.jpg\" \/>\r\n\t<meta property=\"og:image:width\" content=\"1280\" \/>\r\n\t<meta property=\"og:image:height\" content=\"854\" \/>\r\n\t<meta property=\"og:image:type\" content=\"image\/jpeg\" \/>\r\n<meta name=\"author\" content=\"Redazione\" \/>\r\n<meta name=\"twitter:card\" content=\"summary_large_image\" \/>\r\n<meta name=\"twitter:label1\" content=\"Scritto da\" \/>\n\t<meta name=\"twitter:data1\" content=\"Redazione\" \/>\n\t<meta name=\"twitter:label2\" content=\"Tempo di lettura stimato\" \/>\n\t<meta name=\"twitter:data2\" content=\"3 minuti\" \/>\r\n<script type=\"application\/ld+json\" class=\"yoast-schema-graph\">{\"@context\":\"https:\\\/\\\/schema.org\",\"@graph\":[{\"@type\":\"Article\",\"@id\":\"https:\\\/\\\/www.castingnews.eu\\\/magazine\\\/2023\\\/01\\\/27\\\/nastri-dargento-la-stranezza-e-il-film-dellanno-2023\\\/#article\",\"isPartOf\":{\"@id\":\"https:\\\/\\\/www.castingnews.eu\\\/magazine\\\/2023\\\/01\\\/27\\\/nastri-dargento-la-stranezza-e-il-film-dellanno-2023\\\/\"},\"author\":{\"name\":\"Redazione\",\"@id\":\"https:\\\/\\\/www.castingnews.eu\\\/magazine\\\/#\\\/schema\\\/person\\\/099d71c568c9a7e5e4037b1594108f17\"},\"headline\":\"Nastri d\u2019Argento: \u201cLa stranezza\u201d \u00e8 il film dell\u2019anno 2023\",\"datePublished\":\"2023-01-27T10:34:22+00:00\",\"dateModified\":\"2023-01-27T13:13:34+00:00\",\"mainEntityOfPage\":{\"@id\":\"https:\\\/\\\/www.castingnews.eu\\\/magazine\\\/2023\\\/01\\\/27\\\/nastri-dargento-la-stranezza-e-il-film-dellanno-2023\\\/\"},\"wordCount\":388,\"commentCount\":0,\"image\":{\"@id\":\"https:\\\/\\\/www.castingnews.eu\\\/magazine\\\/2023\\\/01\\\/27\\\/nastri-dargento-la-stranezza-e-il-film-dellanno-2023\\\/#primaryimage\"},\"thumbnailUrl\":\"https:\\\/\\\/www.castingnews.eu\\\/magazine\\\/wp-content\\\/uploads\\\/2023\\\/01\\\/La-Stranezza_FicarraServilloPicone.jpg\",\"keywords\":[\"Casting News\",\"La stranezza\",\"Nastri d\u2019Argento\",\"Nastro dell\u2019Anno\",\"Roberto And\u00f2\",\"Salvo Ficarra\",\"Toni Servillo\",\"Valentino Picone\"],\"articleSection\":[\"In primo piano\",\"Italia\",\"Premiazioni\",\"Progetti cinematografici\"],\"inLanguage\":\"it-IT\",\"potentialAction\":[{\"@type\":\"CommentAction\",\"name\":\"Comment\",\"target\":[\"https:\\\/\\\/www.castingnews.eu\\\/magazine\\\/2023\\\/01\\\/27\\\/nastri-dargento-la-stranezza-e-il-film-dellanno-2023\\\/#respond\"]}]},{\"@type\":\"WebPage\",\"@id\":\"https:\\\/\\\/www.castingnews.eu\\\/magazine\\\/2023\\\/01\\\/27\\\/nastri-dargento-la-stranezza-e-il-film-dellanno-2023\\\/\",\"url\":\"https:\\\/\\\/www.castingnews.eu\\\/magazine\\\/2023\\\/01\\\/27\\\/nastri-dargento-la-stranezza-e-il-film-dellanno-2023\\\/\",\"name\":\"Nastri d\u2019Argento: \u201cLa stranezza\u201d \u00e8 il film dell\u2019anno 2023 - Casting News Magazine\",\"isPartOf\":{\"@id\":\"https:\\\/\\\/www.castingnews.eu\\\/magazine\\\/#website\"},\"primaryImageOfPage\":{\"@id\":\"https:\\\/\\\/www.castingnews.eu\\\/magazine\\\/2023\\\/01\\\/27\\\/nastri-dargento-la-stranezza-e-il-film-dellanno-2023\\\/#primaryimage\"},\"image\":{\"@id\":\"https:\\\/\\\/www.castingnews.eu\\\/magazine\\\/2023\\\/01\\\/27\\\/nastri-dargento-la-stranezza-e-il-film-dellanno-2023\\\/#primaryimage\"},\"thumbnailUrl\":\"https:\\\/\\\/www.castingnews.eu\\\/magazine\\\/wp-content\\\/uploads\\\/2023\\\/01\\\/La-Stranezza_FicarraServilloPicone.jpg\",\"datePublished\":\"2023-01-27T10:34:22+00:00\",\"dateModified\":\"2023-01-27T13:13:34+00:00\",\"author\":{\"@id\":\"https:\\\/\\\/www.castingnews.eu\\\/magazine\\\/#\\\/schema\\\/person\\\/099d71c568c9a7e5e4037b1594108f17\"},\"description\":\"Va al film di Roberto And\u00f2 La stranezza il \u201cNastro dell\u2019Anno\u201d 2023, riconoscimento che il Direttivo dei Giornalisti Cinematografici assegna scegliendo tradizionalmente ogni anno un\u2019opera che merita una particolare sottolineatura di eccellenza e di novit\u00e0.\",\"breadcrumb\":{\"@id\":\"https:\\\/\\\/www.castingnews.eu\\\/magazine\\\/2023\\\/01\\\/27\\\/nastri-dargento-la-stranezza-e-il-film-dellanno-2023\\\/#breadcrumb\"},\"inLanguage\":\"it-IT\",\"potentialAction\":[{\"@type\":\"ReadAction\",\"target\":[\"https:\\\/\\\/www.castingnews.eu\\\/magazine\\\/2023\\\/01\\\/27\\\/nastri-dargento-la-stranezza-e-il-film-dellanno-2023\\\/\"]}]},{\"@type\":\"ImageObject\",\"inLanguage\":\"it-IT\",\"@id\":\"https:\\\/\\\/www.castingnews.eu\\\/magazine\\\/2023\\\/01\\\/27\\\/nastri-dargento-la-stranezza-e-il-film-dellanno-2023\\\/#primaryimage\",\"url\":\"https:\\\/\\\/www.castingnews.eu\\\/magazine\\\/wp-content\\\/uploads\\\/2023\\\/01\\\/La-Stranezza_FicarraServilloPicone.jpg\",\"contentUrl\":\"https:\\\/\\\/www.castingnews.eu\\\/magazine\\\/wp-content\\\/uploads\\\/2023\\\/01\\\/La-Stranezza_FicarraServilloPicone.jpg\",\"width\":1280,\"height\":854,\"caption\":\"La Stranezza - Ficarra, Servillo e Picone\"},{\"@type\":\"BreadcrumbList\",\"@id\":\"https:\\\/\\\/www.castingnews.eu\\\/magazine\\\/2023\\\/01\\\/27\\\/nastri-dargento-la-stranezza-e-il-film-dellanno-2023\\\/#breadcrumb\",\"itemListElement\":[{\"@type\":\"ListItem\",\"position\":1,\"name\":\"Home\",\"item\":\"https:\\\/\\\/www.castingnews.eu\\\/magazine\\\/\"},{\"@type\":\"ListItem\",\"position\":2,\"name\":\"Nastri d\u2019Argento: \u201cLa stranezza\u201d \u00e8 il film dell\u2019anno 2023\"}]},{\"@type\":\"WebSite\",\"@id\":\"https:\\\/\\\/www.castingnews.eu\\\/magazine\\\/#website\",\"url\":\"https:\\\/\\\/www.castingnews.eu\\\/magazine\\\/\",\"name\":\"Casting News Magazine\",\"description\":\"News e aggiornamenti sui film, serie tv, teatro e festival italiani ed internazionali\",\"potentialAction\":[{\"@type\":\"SearchAction\",\"target\":{\"@type\":\"EntryPoint\",\"urlTemplate\":\"https:\\\/\\\/www.castingnews.eu\\\/magazine\\\/?s={search_term_string}\"},\"query-input\":{\"@type\":\"PropertyValueSpecification\",\"valueRequired\":true,\"valueName\":\"search_term_string\"}}],\"inLanguage\":\"it-IT\"},{\"@type\":\"Person\",\"@id\":\"https:\\\/\\\/www.castingnews.eu\\\/magazine\\\/#\\\/schema\\\/person\\\/099d71c568c9a7e5e4037b1594108f17\",\"name\":\"Redazione\",\"image\":{\"@type\":\"ImageObject\",\"inLanguage\":\"it-IT\",\"@id\":\"https:\\\/\\\/secure.gravatar.com\\\/avatar\\\/b73a087aa3bd279fb70d24f1960a91c82cf67619395b60b564c90e9e5d5325fc?s=96&d=mm&r=g\",\"url\":\"https:\\\/\\\/secure.gravatar.com\\\/avatar\\\/b73a087aa3bd279fb70d24f1960a91c82cf67619395b60b564c90e9e5d5325fc?s=96&d=mm&r=g\",\"contentUrl\":\"https:\\\/\\\/secure.gravatar.com\\\/avatar\\\/b73a087aa3bd279fb70d24f1960a91c82cf67619395b60b564c90e9e5d5325fc?s=96&d=mm&r=g\",\"caption\":\"Redazione\"},\"description\":\"News e aggiornamenti sui film, serie tv, teatro e festival italiani ed internazionali.\",\"url\":\"https:\\\/\\\/www.castingnews.eu\\\/magazine\\\/author\\\/redazione\\\/\"}]}<\/script>\r\n<!-- \/ Yoast SEO plugin. -->","yoast_head_json":{"title":"Nastri d\u2019Argento: \u201cLa stranezza\u201d \u00e8 il film dell\u2019anno 2023 - Casting News Magazine","description":"Va al film di Roberto And\u00f2 La stranezza il \u201cNastro dell\u2019Anno\u201d 2023, riconoscimento che il Direttivo dei Giornalisti Cinematografici assegna scegliendo tradizionalmente ogni anno un\u2019opera che merita una particolare sottolineatura di eccellenza e di novit\u00e0.","robots":{"index":"index","follow":"follow","max-snippet":"max-snippet:-1","max-image-preview":"max-image-preview:large","max-video-preview":"max-video-preview:-1"},"canonical":"https:\/\/www.castingnews.eu\/magazine\/2023\/01\/27\/nastri-dargento-la-stranezza-e-il-film-dellanno-2023\/","og_locale":"it_IT","og_type":"article","og_title":"Nastri d\u2019Argento: \u201cLa stranezza\u201d \u00e8 il film dell\u2019anno 2023 - Casting News Magazine","og_description":"Va al film di Roberto And\u00f2 La stranezza il \u201cNastro dell\u2019Anno\u201d 2023, riconoscimento che il Direttivo dei Giornalisti Cinematografici assegna scegliendo tradizionalmente ogni anno un\u2019opera che merita una particolare sottolineatura di eccellenza e di novit\u00e0.","og_url":"https:\/\/www.castingnews.eu\/magazine\/2023\/01\/27\/nastri-dargento-la-stranezza-e-il-film-dellanno-2023\/","og_site_name":"Casting News Magazine","article_published_time":"2023-01-27T10:34:22+00:00","article_modified_time":"2023-01-27T13:13:34+00:00","og_image":[{"width":1280,"height":854,"url":"https:\/\/www.castingnews.eu\/magazine\/wp-content\/uploads\/2023\/01\/La-Stranezza_FicarraServilloPicone.jpg","type":"image\/jpeg"}],"author":"Redazione","twitter_card":"summary_large_image","twitter_misc":{"Scritto da":"Redazione","Tempo di lettura stimato":"3 minuti"},"schema":{"@context":"https:\/\/schema.org","@graph":[{"@type":"Article","@id":"https:\/\/www.castingnews.eu\/magazine\/2023\/01\/27\/nastri-dargento-la-stranezza-e-il-film-dellanno-2023\/#article","isPartOf":{"@id":"https:\/\/www.castingnews.eu\/magazine\/2023\/01\/27\/nastri-dargento-la-stranezza-e-il-film-dellanno-2023\/"},"author":{"name":"Redazione","@id":"https:\/\/www.castingnews.eu\/magazine\/#\/schema\/person\/099d71c568c9a7e5e4037b1594108f17"},"headline":"Nastri d\u2019Argento: \u201cLa stranezza\u201d \u00e8 il film dell\u2019anno 2023","datePublished":"2023-01-27T10:34:22+00:00","dateModified":"2023-01-27T13:13:34+00:00","mainEntityOfPage":{"@id":"https:\/\/www.castingnews.eu\/magazine\/2023\/01\/27\/nastri-dargento-la-stranezza-e-il-film-dellanno-2023\/"},"wordCount":388,"commentCount":0,"image":{"@id":"https:\/\/www.castingnews.eu\/magazine\/2023\/01\/27\/nastri-dargento-la-stranezza-e-il-film-dellanno-2023\/#primaryimage"},"thumbnailUrl":"https:\/\/www.castingnews.eu\/magazine\/wp-content\/uploads\/2023\/01\/La-Stranezza_FicarraServilloPicone.jpg","keywords":["Casting News","La stranezza","Nastri d\u2019Argento","Nastro dell\u2019Anno","Roberto And\u00f2","Salvo Ficarra","Toni Servillo","Valentino Picone"],"articleSection":["In primo piano","Italia","Premiazioni","Progetti cinematografici"],"inLanguage":"it-IT","potentialAction":[{"@type":"CommentAction","name":"Comment","target":["https:\/\/www.castingnews.eu\/magazine\/2023\/01\/27\/nastri-dargento-la-stranezza-e-il-film-dellanno-2023\/#respond"]}]},{"@type":"WebPage","@id":"https:\/\/www.castingnews.eu\/magazine\/2023\/01\/27\/nastri-dargento-la-stranezza-e-il-film-dellanno-2023\/","url":"https:\/\/www.castingnews.eu\/magazine\/2023\/01\/27\/nastri-dargento-la-stranezza-e-il-film-dellanno-2023\/","name":"Nastri d\u2019Argento: \u201cLa stranezza\u201d \u00e8 il film dell\u2019anno 2023 - Casting News Magazine","isPartOf":{"@id":"https:\/\/www.castingnews.eu\/magazine\/#website"},"primaryImageOfPage":{"@id":"https:\/\/www.castingnews.eu\/magazine\/2023\/01\/27\/nastri-dargento-la-stranezza-e-il-film-dellanno-2023\/#primaryimage"},"image":{"@id":"https:\/\/www.castingnews.eu\/magazine\/2023\/01\/27\/nastri-dargento-la-stranezza-e-il-film-dellanno-2023\/#primaryimage"},"thumbnailUrl":"https:\/\/www.castingnews.eu\/magazine\/wp-content\/uploads\/2023\/01\/La-Stranezza_FicarraServilloPicone.jpg","datePublished":"2023-01-27T10:34:22+00:00","dateModified":"2023-01-27T13:13:34+00:00","author":{"@id":"https:\/\/www.castingnews.eu\/magazine\/#\/schema\/person\/099d71c568c9a7e5e4037b1594108f17"},"description":"Va al film di Roberto And\u00f2 La stranezza il \u201cNastro dell\u2019Anno\u201d 2023, riconoscimento che il Direttivo dei Giornalisti Cinematografici assegna scegliendo tradizionalmente ogni anno un\u2019opera che merita una particolare sottolineatura di eccellenza e di novit\u00e0.","breadcrumb":{"@id":"https:\/\/www.castingnews.eu\/magazine\/2023\/01\/27\/nastri-dargento-la-stranezza-e-il-film-dellanno-2023\/#breadcrumb"},"inLanguage":"it-IT","potentialAction":[{"@type":"ReadAction","target":["https:\/\/www.castingnews.eu\/magazine\/2023\/01\/27\/nastri-dargento-la-stranezza-e-il-film-dellanno-2023\/"]}]},{"@type":"ImageObject","inLanguage":"it-IT","@id":"https:\/\/www.castingnews.eu\/magazine\/2023\/01\/27\/nastri-dargento-la-stranezza-e-il-film-dellanno-2023\/#primaryimage","url":"https:\/\/www.castingnews.eu\/magazine\/wp-content\/uploads\/2023\/01\/La-Stranezza_FicarraServilloPicone.jpg","contentUrl":"https:\/\/www.castingnews.eu\/magazine\/wp-content\/uploads\/2023\/01\/La-Stranezza_FicarraServilloPicone.jpg","width":1280,"height":854,"caption":"La Stranezza - Ficarra, Servillo e Picone"},{"@type":"BreadcrumbList","@id":"https:\/\/www.castingnews.eu\/magazine\/2023\/01\/27\/nastri-dargento-la-stranezza-e-il-film-dellanno-2023\/#breadcrumb","itemListElement":[{"@type":"ListItem","position":1,"name":"Home","item":"https:\/\/www.castingnews.eu\/magazine\/"},{"@type":"ListItem","position":2,"name":"Nastri d\u2019Argento: \u201cLa stranezza\u201d \u00e8 il film dell\u2019anno 2023"}]},{"@type":"WebSite","@id":"https:\/\/www.castingnews.eu\/magazine\/#website","url":"https:\/\/www.castingnews.eu\/magazine\/","name":"Casting News Magazine","description":"News e aggiornamenti sui film, serie tv, teatro e festival italiani ed internazionali","potentialAction":[{"@type":"SearchAction","target":{"@type":"EntryPoint","urlTemplate":"https:\/\/www.castingnews.eu\/magazine\/?s={search_term_string}"},"query-input":{"@type":"PropertyValueSpecification","valueRequired":true,"valueName":"search_term_string"}}],"inLanguage":"it-IT"},{"@type":"Person","@id":"https:\/\/www.castingnews.eu\/magazine\/#\/schema\/person\/099d71c568c9a7e5e4037b1594108f17","name":"Redazione","image":{"@type":"ImageObject","inLanguage":"it-IT","@id":"https:\/\/secure.gravatar.com\/avatar\/b73a087aa3bd279fb70d24f1960a91c82cf67619395b60b564c90e9e5d5325fc?s=96&d=mm&r=g","url":"https:\/\/secure.gravatar.com\/avatar\/b73a087aa3bd279fb70d24f1960a91c82cf67619395b60b564c90e9e5d5325fc?s=96&d=mm&r=g","contentUrl":"https:\/\/secure.gravatar.com\/avatar\/b73a087aa3bd279fb70d24f1960a91c82cf67619395b60b564c90e9e5d5325fc?s=96&d=mm&r=g","caption":"Redazione"},"description":"News e aggiornamenti sui film, serie tv, teatro e festival italiani ed internazionali.","url":"https:\/\/www.castingnews.eu\/magazine\/author\/redazione\/"}]}},"_links":{"self":[{"href":"https:\/\/www.castingnews.eu\/magazine\/wp-json\/wp\/v2\/posts\/4732","targetHints":{"allow":["GET"]}}],"collection":[{"href":"https:\/\/www.castingnews.eu\/magazine\/wp-json\/wp\/v2\/posts"}],"about":[{"href":"https:\/\/www.castingnews.eu\/magazine\/wp-json\/wp\/v2\/types\/post"}],"author":[{"embeddable":true,"href":"https:\/\/www.castingnews.eu\/magazine\/wp-json\/wp\/v2\/users\/1"}],"replies":[{"embeddable":true,"href":"https:\/\/www.castingnews.eu\/magazine\/wp-json\/wp\/v2\/comments?post=4732"}],"version-history":[{"count":3,"href":"https:\/\/www.castingnews.eu\/magazine\/wp-json\/wp\/v2\/posts\/4732\/revisions"}],"predecessor-version":[{"id":4737,"href":"https:\/\/www.castingnews.eu\/magazine\/wp-json\/wp\/v2\/posts\/4732\/revisions\/4737"}],"wp:featuredmedia":[{"embeddable":true,"href":"https:\/\/www.castingnews.eu\/magazine\/wp-json\/wp\/v2\/media\/4733"}],"wp:attachment":[{"href":"https:\/\/www.castingnews.eu\/magazine\/wp-json\/wp\/v2\/media?parent=4732"}],"wp:term":[{"taxonomy":"category","embeddable":true,"href":"https:\/\/www.castingnews.eu\/magazine\/wp-json\/wp\/v2\/categories?post=4732"},{"taxonomy":"post_tag","embeddable":true,"href":"https:\/\/www.castingnews.eu\/magazine\/wp-json\/wp\/v2\/tags?post=4732"}],"curies":[{"name":"wp","href":"https:\/\/api.w.org\/{rel}","templated":true}]}}