{"id":4729,"date":"2023-01-26T15:27:41","date_gmt":"2023-01-26T14:27:41","guid":{"rendered":"https:\/\/www.castingnews.eu\/magazine\/?p=4729"},"modified":"2023-04-06T13:56:16","modified_gmt":"2023-04-06T11:56:16","slug":"m-il-figlio-del-secolo-nuovi-casting-a-roma-per-la-serie-tv-con-luca-marinelli","status":"publish","type":"post","link":"https:\/\/www.castingnews.eu\/magazine\/2023\/01\/26\/m-il-figlio-del-secolo-nuovi-casting-a-roma-per-la-serie-tv-con-luca-marinelli\/","title":{"rendered":"M. Il figlio del secolo, nuovi casting a Roma per la serie TV con Luca Marinelli"},"content":{"rendered":"\n<p>Per la realizzazione della nova <strong>serie TV Sky<\/strong> <strong><a href=\"https:\/\/www.castingnews.eu\/news\/news.asp?id_news=10008&amp;id_cat=1\">\u201cM. Il figlio del secolo\u201d<\/a><\/strong>, le cui riprese proseguiranno nei prossimi mesi a <strong>Roma<\/strong>, la produzione \u00e8 alla ricerca di <strong>comparse e figurazioni speciali<\/strong>. Si cercano principalmente uomini dai 18 anni in su di nazionalit\u00e0 italiana.<br>Nei panni di Benito Mussolini ci sar\u00e0 Luca Marinelli. M. Il figlio del secolo \u00e8 prodotta da Sky Studios e da Lorenzo Mieli per The Apartment Pictures, societ\u00e0 del gruppo Fremantle.<\/p><div class=\"6d3639e8c6ac292cde400fad8ff8a5b9\" data-index=\"1\" style=\"float: none; margin:10px 0 10px 0; text-align:center;\">\n<script async src=\"\/\/pagead2.googlesyndication.com\/pagead\/js\/adsbygoogle.js\"><\/script>\r\n<!-- Casting Bambini NEW -->\r\n<ins class=\"adsbygoogle\"\r\n     style=\"display:inline-block;width:336px;height:280px\"\r\n     data-ad-client=\"ca-pub-5538097485429833\"\r\n     data-ad-slot=\"5127154445\"><\/ins>\r\n<script>\r\n(adsbygoogle = window.adsbygoogle || []).push({});\r\n<\/script>\n<\/div>\n\n\n\n\n<p>In virt\u00f9 del periodo storico in cui si ambienta la serie si astengano dal venire al casting: chi ha gi\u00e0 partecipato al casting di 12 e 13 settembre 2022, persone con tatuaggi in vista persone con visibili risultati di chirurgia estetica persone con tagli \/ colori di capelli moderni uomini non disposti a tagliare la barba e i capelli.<\/p>\n\n\n\n<p>La serie, diretta da Joe Wright e prodotta da The Apartment Pictures, \u00e8 un adattamento dell\u2019omonimo romanzo di Antonio Scurati vincitore del Premio Strega e bestseller internazionale, che racconta la nascita del fascismo in Italia e l\u2019ascesa al potere del Duce Benito Mussolini.<br>Il lavoro sar\u00e0 regolarmente retribuito.<br><strong>Tutti i dettagli sono disponibili nell\u2019area riservata di Casting News Professional al seguente link: <a href=\"https:\/\/www.castingnews.eu\/news\/news.asp?id_news=10008&amp;id_cat=1\">M. Il figlio del secolo, nuovi casting a Roma per la serie TV con Luca Marinelli<\/a><\/strong><\/p>\n\n<div style=\"font-size: 0px; height: 0px; line-height: 0px; margin: 0; padding: 0; clear: both;\"><\/div>","protected":false},"excerpt":{"rendered":"<p>Per la realizzazione della nova serie TV Sky \u201cM. Il figlio del secolo\u201d, le cui riprese proseguiranno nei prossimi mesi a Roma, la produzione \u00e8 alla ricerca di comparse e figurazioni speciali. Si cercano principalmente uomini dai 18 anni in su di nazionalit\u00e0 italiana.Nei panni di Benito Mussolini ci sar\u00e0 Luca Marinelli. M. Il figlio [&hellip;]<\/p>\n","protected":false},"author":1,"featured_media":5584,"comment_status":"open","ping_status":"open","sticky":false,"template":"","format":"standard","meta":{"tdm_status":"","tdm_grid_status":"","footnotes":""},"categories":[58,1462,1463,1533,71,3958,21,31],"tags":[4027,4022,4024,266,3676,273,337,4020,1720,1815,4021,4025,3672,818,3669,4026,1118,4028,1611,1281,4019,4023,1529],"class_list":{"0":"post-4729","1":"post","2":"type-post","3":"status-publish","4":"format-standard","5":"has-post-thumbnail","7":"category-biografico","8":"category-fiction-tv","9":"category-fiction-tv-casting-provini","10":"category-featured","11":"category-italia-paese","12":"category-lazio","13":"category-in-primo-piano","14":"category-progetti-tv","15":"tag-alberto-onofrietti","16":"tag-antonio-perretta","17":"tag-beatrice-verzotti","18":"tag-casting","19":"tag-casting-call","20":"tag-casting-news","21":"tag-comparse","22":"tag-diana-manea","23":"tag-figurazioni","24":"tag-figurazioni-speciali","25":"tag-francesca-osso","26":"tag-giulia-heathfield-di-renzi","27":"tag-joe-wright","28":"tag-luca-marinelli","29":"tag-m-il-figlio-del-secolo","30":"tag-paolo-musio","31":"tag-provini","32":"tag-raffaele-esposito","33":"tag-serie-tv","34":"tag-sky","35":"tag-the-apartment-pictures","36":"tag-tommaso-cardarelli","37":"tag-tommaso-ragno"},"yoast_head":"<!-- This site is optimized with the Yoast SEO plugin v27.4 - https:\/\/yoast.com\/product\/yoast-seo-wordpress\/ -->\r\n<title>M. Il figlio del secolo, nuovi casting a Roma per la serie TV con Luca Marinelli - Casting News Magazine<\/title>\r\n<meta name=\"description\" content=\"Per la nuova serie TV targata Sky dal titolo \u201cM. Il figlio del secolo\u201d, le cui riprese proseguiranno nei prossimi mesi, la produzione \u00e8 alla ricerca di uomini di et\u00e0 compresa tra i 18 e i 60 anni.\" \/>\r\n<meta name=\"robots\" content=\"index, follow, max-snippet:-1, max-image-preview:large, max-video-preview:-1\" \/>\r\n<link rel=\"canonical\" href=\"https:\/\/www.castingnews.eu\/magazine\/2023\/01\/26\/m-il-figlio-del-secolo-nuovi-casting-a-roma-per-la-serie-tv-con-luca-marinelli\/\" \/>\r\n<meta property=\"og:locale\" content=\"it_IT\" \/>\r\n<meta property=\"og:type\" content=\"article\" \/>\r\n<meta property=\"og:title\" content=\"M. Il figlio del secolo, nuovi casting a Roma per la serie TV con Luca Marinelli - Casting News Magazine\" \/>\r\n<meta property=\"og:description\" content=\"Per la nuova serie TV targata Sky dal titolo \u201cM. Il figlio del secolo\u201d, le cui riprese proseguiranno nei prossimi mesi, la produzione \u00e8 alla ricerca di uomini di et\u00e0 compresa tra i 18 e i 60 anni.\" \/>\r\n<meta property=\"og:url\" content=\"https:\/\/www.castingnews.eu\/magazine\/2023\/01\/26\/m-il-figlio-del-secolo-nuovi-casting-a-roma-per-la-serie-tv-con-luca-marinelli\/\" \/>\r\n<meta property=\"og:site_name\" content=\"Casting News Magazine\" \/>\r\n<meta property=\"article:published_time\" content=\"2023-01-26T14:27:41+00:00\" \/>\r\n<meta property=\"article:modified_time\" content=\"2023-04-06T11:56:16+00:00\" \/>\r\n<meta property=\"og:image\" content=\"https:\/\/www.castingnews.eu\/magazine\/wp-content\/uploads\/2020\/10\/ciak-castingnews-movie-2023.jpg\" \/>\r\n\t<meta property=\"og:image:width\" content=\"750\" \/>\r\n\t<meta property=\"og:image:height\" content=\"564\" \/>\r\n\t<meta property=\"og:image:type\" content=\"image\/jpeg\" \/>\r\n<meta name=\"author\" content=\"Redazione\" \/>\r\n<meta name=\"twitter:card\" content=\"summary_large_image\" \/>\r\n<meta name=\"twitter:label1\" content=\"Scritto da\" \/>\n\t<meta name=\"twitter:data1\" content=\"Redazione\" \/>\n\t<meta name=\"twitter:label2\" content=\"Tempo di lettura stimato\" \/>\n\t<meta name=\"twitter:data2\" content=\"2 minuti\" \/>\r\n<script type=\"application\/ld+json\" class=\"yoast-schema-graph\">{\"@context\":\"https:\\\/\\\/schema.org\",\"@graph\":[{\"@type\":\"Article\",\"@id\":\"https:\\\/\\\/www.castingnews.eu\\\/magazine\\\/2023\\\/01\\\/26\\\/m-il-figlio-del-secolo-nuovi-casting-a-roma-per-la-serie-tv-con-luca-marinelli\\\/#article\",\"isPartOf\":{\"@id\":\"https:\\\/\\\/www.castingnews.eu\\\/magazine\\\/2023\\\/01\\\/26\\\/m-il-figlio-del-secolo-nuovi-casting-a-roma-per-la-serie-tv-con-luca-marinelli\\\/\"},\"author\":{\"name\":\"Redazione\",\"@id\":\"https:\\\/\\\/www.castingnews.eu\\\/magazine\\\/#\\\/schema\\\/person\\\/099d71c568c9a7e5e4037b1594108f17\"},\"headline\":\"M. Il figlio del secolo, nuovi casting a Roma per la serie TV con Luca Marinelli\",\"datePublished\":\"2023-01-26T14:27:41+00:00\",\"dateModified\":\"2023-04-06T11:56:16+00:00\",\"mainEntityOfPage\":{\"@id\":\"https:\\\/\\\/www.castingnews.eu\\\/magazine\\\/2023\\\/01\\\/26\\\/m-il-figlio-del-secolo-nuovi-casting-a-roma-per-la-serie-tv-con-luca-marinelli\\\/\"},\"wordCount\":223,\"commentCount\":0,\"image\":{\"@id\":\"https:\\\/\\\/www.castingnews.eu\\\/magazine\\\/2023\\\/01\\\/26\\\/m-il-figlio-del-secolo-nuovi-casting-a-roma-per-la-serie-tv-con-luca-marinelli\\\/#primaryimage\"},\"thumbnailUrl\":\"https:\\\/\\\/www.castingnews.eu\\\/magazine\\\/wp-content\\\/uploads\\\/2020\\\/10\\\/ciak-castingnews-movie-2023.jpg\",\"keywords\":[\"Alberto Onofrietti\",\"Antonio Perretta\",\"Beatrice Verzotti\",\"casting\",\"casting call\",\"Casting News\",\"comparse\",\"Diana Manea\",\"figurazioni\",\"figurazioni speciali\",\"Francesca Osso\",\"Giulia Heathfield Di Renzi\",\"Joe Wright\",\"Luca Marinelli\",\"M. Il figlio del secolo\",\"Paolo Musio\",\"Provini\",\"Raffaele Esposito\",\"Serie tv\",\"Sky\",\"The Apartment Pictures\",\"Tommaso Cardarelli\",\"Tommaso Ragno\"],\"articleSection\":[\"Biografico\",\"Fiction TV\",\"Fiction TV\",\"In primo piano\",\"Italia\",\"Lazio\",\"Primo piano\",\"Progetti TV\"],\"inLanguage\":\"it-IT\",\"potentialAction\":[{\"@type\":\"CommentAction\",\"name\":\"Comment\",\"target\":[\"https:\\\/\\\/www.castingnews.eu\\\/magazine\\\/2023\\\/01\\\/26\\\/m-il-figlio-del-secolo-nuovi-casting-a-roma-per-la-serie-tv-con-luca-marinelli\\\/#respond\"]}]},{\"@type\":\"WebPage\",\"@id\":\"https:\\\/\\\/www.castingnews.eu\\\/magazine\\\/2023\\\/01\\\/26\\\/m-il-figlio-del-secolo-nuovi-casting-a-roma-per-la-serie-tv-con-luca-marinelli\\\/\",\"url\":\"https:\\\/\\\/www.castingnews.eu\\\/magazine\\\/2023\\\/01\\\/26\\\/m-il-figlio-del-secolo-nuovi-casting-a-roma-per-la-serie-tv-con-luca-marinelli\\\/\",\"name\":\"M. Il figlio del secolo, nuovi casting a Roma per la serie TV con Luca Marinelli - Casting News Magazine\",\"isPartOf\":{\"@id\":\"https:\\\/\\\/www.castingnews.eu\\\/magazine\\\/#website\"},\"primaryImageOfPage\":{\"@id\":\"https:\\\/\\\/www.castingnews.eu\\\/magazine\\\/2023\\\/01\\\/26\\\/m-il-figlio-del-secolo-nuovi-casting-a-roma-per-la-serie-tv-con-luca-marinelli\\\/#primaryimage\"},\"image\":{\"@id\":\"https:\\\/\\\/www.castingnews.eu\\\/magazine\\\/2023\\\/01\\\/26\\\/m-il-figlio-del-secolo-nuovi-casting-a-roma-per-la-serie-tv-con-luca-marinelli\\\/#primaryimage\"},\"thumbnailUrl\":\"https:\\\/\\\/www.castingnews.eu\\\/magazine\\\/wp-content\\\/uploads\\\/2020\\\/10\\\/ciak-castingnews-movie-2023.jpg\",\"datePublished\":\"2023-01-26T14:27:41+00:00\",\"dateModified\":\"2023-04-06T11:56:16+00:00\",\"author\":{\"@id\":\"https:\\\/\\\/www.castingnews.eu\\\/magazine\\\/#\\\/schema\\\/person\\\/099d71c568c9a7e5e4037b1594108f17\"},\"description\":\"Per la nuova serie TV targata Sky dal titolo \u201cM. Il figlio del secolo\u201d, le cui riprese proseguiranno nei prossimi mesi, la produzione \u00e8 alla ricerca di uomini di et\u00e0 compresa tra i 18 e i 60 anni.\",\"breadcrumb\":{\"@id\":\"https:\\\/\\\/www.castingnews.eu\\\/magazine\\\/2023\\\/01\\\/26\\\/m-il-figlio-del-secolo-nuovi-casting-a-roma-per-la-serie-tv-con-luca-marinelli\\\/#breadcrumb\"},\"inLanguage\":\"it-IT\",\"potentialAction\":[{\"@type\":\"ReadAction\",\"target\":[\"https:\\\/\\\/www.castingnews.eu\\\/magazine\\\/2023\\\/01\\\/26\\\/m-il-figlio-del-secolo-nuovi-casting-a-roma-per-la-serie-tv-con-luca-marinelli\\\/\"]}]},{\"@type\":\"ImageObject\",\"inLanguage\":\"it-IT\",\"@id\":\"https:\\\/\\\/www.castingnews.eu\\\/magazine\\\/2023\\\/01\\\/26\\\/m-il-figlio-del-secolo-nuovi-casting-a-roma-per-la-serie-tv-con-luca-marinelli\\\/#primaryimage\",\"url\":\"https:\\\/\\\/www.castingnews.eu\\\/magazine\\\/wp-content\\\/uploads\\\/2020\\\/10\\\/ciak-castingnews-movie-2023.jpg\",\"contentUrl\":\"https:\\\/\\\/www.castingnews.eu\\\/magazine\\\/wp-content\\\/uploads\\\/2020\\\/10\\\/ciak-castingnews-movie-2023.jpg\",\"width\":750,\"height\":564},{\"@type\":\"BreadcrumbList\",\"@id\":\"https:\\\/\\\/www.castingnews.eu\\\/magazine\\\/2023\\\/01\\\/26\\\/m-il-figlio-del-secolo-nuovi-casting-a-roma-per-la-serie-tv-con-luca-marinelli\\\/#breadcrumb\",\"itemListElement\":[{\"@type\":\"ListItem\",\"position\":1,\"name\":\"Home\",\"item\":\"https:\\\/\\\/www.castingnews.eu\\\/magazine\\\/\"},{\"@type\":\"ListItem\",\"position\":2,\"name\":\"M. Il figlio del secolo, nuovi casting a Roma per la serie TV con Luca Marinelli\"}]},{\"@type\":\"WebSite\",\"@id\":\"https:\\\/\\\/www.castingnews.eu\\\/magazine\\\/#website\",\"url\":\"https:\\\/\\\/www.castingnews.eu\\\/magazine\\\/\",\"name\":\"Casting News Magazine\",\"description\":\"News e aggiornamenti sui film, serie tv, teatro e festival italiani ed internazionali\",\"potentialAction\":[{\"@type\":\"SearchAction\",\"target\":{\"@type\":\"EntryPoint\",\"urlTemplate\":\"https:\\\/\\\/www.castingnews.eu\\\/magazine\\\/?s={search_term_string}\"},\"query-input\":{\"@type\":\"PropertyValueSpecification\",\"valueRequired\":true,\"valueName\":\"search_term_string\"}}],\"inLanguage\":\"it-IT\"},{\"@type\":\"Person\",\"@id\":\"https:\\\/\\\/www.castingnews.eu\\\/magazine\\\/#\\\/schema\\\/person\\\/099d71c568c9a7e5e4037b1594108f17\",\"name\":\"Redazione\",\"image\":{\"@type\":\"ImageObject\",\"inLanguage\":\"it-IT\",\"@id\":\"https:\\\/\\\/secure.gravatar.com\\\/avatar\\\/b73a087aa3bd279fb70d24f1960a91c82cf67619395b60b564c90e9e5d5325fc?s=96&d=mm&r=g\",\"url\":\"https:\\\/\\\/secure.gravatar.com\\\/avatar\\\/b73a087aa3bd279fb70d24f1960a91c82cf67619395b60b564c90e9e5d5325fc?s=96&d=mm&r=g\",\"contentUrl\":\"https:\\\/\\\/secure.gravatar.com\\\/avatar\\\/b73a087aa3bd279fb70d24f1960a91c82cf67619395b60b564c90e9e5d5325fc?s=96&d=mm&r=g\",\"caption\":\"Redazione\"},\"description\":\"News e aggiornamenti sui film, serie tv, teatro e festival italiani ed internazionali.\",\"url\":\"https:\\\/\\\/www.castingnews.eu\\\/magazine\\\/author\\\/redazione\\\/\"}]}<\/script>\r\n<!-- \/ Yoast SEO plugin. -->","yoast_head_json":{"title":"M. Il figlio del secolo, nuovi casting a Roma per la serie TV con Luca Marinelli - Casting News Magazine","description":"Per la nuova serie TV targata Sky dal titolo \u201cM. Il figlio del secolo\u201d, le cui riprese proseguiranno nei prossimi mesi, la produzione \u00e8 alla ricerca di uomini di et\u00e0 compresa tra i 18 e i 60 anni.","robots":{"index":"index","follow":"follow","max-snippet":"max-snippet:-1","max-image-preview":"max-image-preview:large","max-video-preview":"max-video-preview:-1"},"canonical":"https:\/\/www.castingnews.eu\/magazine\/2023\/01\/26\/m-il-figlio-del-secolo-nuovi-casting-a-roma-per-la-serie-tv-con-luca-marinelli\/","og_locale":"it_IT","og_type":"article","og_title":"M. Il figlio del secolo, nuovi casting a Roma per la serie TV con Luca Marinelli - Casting News Magazine","og_description":"Per la nuova serie TV targata Sky dal titolo \u201cM. Il figlio del secolo\u201d, le cui riprese proseguiranno nei prossimi mesi, la produzione \u00e8 alla ricerca di uomini di et\u00e0 compresa tra i 18 e i 60 anni.","og_url":"https:\/\/www.castingnews.eu\/magazine\/2023\/01\/26\/m-il-figlio-del-secolo-nuovi-casting-a-roma-per-la-serie-tv-con-luca-marinelli\/","og_site_name":"Casting News Magazine","article_published_time":"2023-01-26T14:27:41+00:00","article_modified_time":"2023-04-06T11:56:16+00:00","og_image":[{"width":750,"height":564,"url":"https:\/\/www.castingnews.eu\/magazine\/wp-content\/uploads\/2020\/10\/ciak-castingnews-movie-2023.jpg","type":"image\/jpeg"}],"author":"Redazione","twitter_card":"summary_large_image","twitter_misc":{"Scritto da":"Redazione","Tempo di lettura stimato":"2 minuti"},"schema":{"@context":"https:\/\/schema.org","@graph":[{"@type":"Article","@id":"https:\/\/www.castingnews.eu\/magazine\/2023\/01\/26\/m-il-figlio-del-secolo-nuovi-casting-a-roma-per-la-serie-tv-con-luca-marinelli\/#article","isPartOf":{"@id":"https:\/\/www.castingnews.eu\/magazine\/2023\/01\/26\/m-il-figlio-del-secolo-nuovi-casting-a-roma-per-la-serie-tv-con-luca-marinelli\/"},"author":{"name":"Redazione","@id":"https:\/\/www.castingnews.eu\/magazine\/#\/schema\/person\/099d71c568c9a7e5e4037b1594108f17"},"headline":"M. Il figlio del secolo, nuovi casting a Roma per la serie TV con Luca Marinelli","datePublished":"2023-01-26T14:27:41+00:00","dateModified":"2023-04-06T11:56:16+00:00","mainEntityOfPage":{"@id":"https:\/\/www.castingnews.eu\/magazine\/2023\/01\/26\/m-il-figlio-del-secolo-nuovi-casting-a-roma-per-la-serie-tv-con-luca-marinelli\/"},"wordCount":223,"commentCount":0,"image":{"@id":"https:\/\/www.castingnews.eu\/magazine\/2023\/01\/26\/m-il-figlio-del-secolo-nuovi-casting-a-roma-per-la-serie-tv-con-luca-marinelli\/#primaryimage"},"thumbnailUrl":"https:\/\/www.castingnews.eu\/magazine\/wp-content\/uploads\/2020\/10\/ciak-castingnews-movie-2023.jpg","keywords":["Alberto Onofrietti","Antonio Perretta","Beatrice Verzotti","casting","casting call","Casting News","comparse","Diana Manea","figurazioni","figurazioni speciali","Francesca Osso","Giulia Heathfield Di Renzi","Joe Wright","Luca Marinelli","M. Il figlio del secolo","Paolo Musio","Provini","Raffaele Esposito","Serie tv","Sky","The Apartment Pictures","Tommaso Cardarelli","Tommaso Ragno"],"articleSection":["Biografico","Fiction TV","Fiction TV","In primo piano","Italia","Lazio","Primo piano","Progetti TV"],"inLanguage":"it-IT","potentialAction":[{"@type":"CommentAction","name":"Comment","target":["https:\/\/www.castingnews.eu\/magazine\/2023\/01\/26\/m-il-figlio-del-secolo-nuovi-casting-a-roma-per-la-serie-tv-con-luca-marinelli\/#respond"]}]},{"@type":"WebPage","@id":"https:\/\/www.castingnews.eu\/magazine\/2023\/01\/26\/m-il-figlio-del-secolo-nuovi-casting-a-roma-per-la-serie-tv-con-luca-marinelli\/","url":"https:\/\/www.castingnews.eu\/magazine\/2023\/01\/26\/m-il-figlio-del-secolo-nuovi-casting-a-roma-per-la-serie-tv-con-luca-marinelli\/","name":"M. Il figlio del secolo, nuovi casting a Roma per la serie TV con Luca Marinelli - Casting News Magazine","isPartOf":{"@id":"https:\/\/www.castingnews.eu\/magazine\/#website"},"primaryImageOfPage":{"@id":"https:\/\/www.castingnews.eu\/magazine\/2023\/01\/26\/m-il-figlio-del-secolo-nuovi-casting-a-roma-per-la-serie-tv-con-luca-marinelli\/#primaryimage"},"image":{"@id":"https:\/\/www.castingnews.eu\/magazine\/2023\/01\/26\/m-il-figlio-del-secolo-nuovi-casting-a-roma-per-la-serie-tv-con-luca-marinelli\/#primaryimage"},"thumbnailUrl":"https:\/\/www.castingnews.eu\/magazine\/wp-content\/uploads\/2020\/10\/ciak-castingnews-movie-2023.jpg","datePublished":"2023-01-26T14:27:41+00:00","dateModified":"2023-04-06T11:56:16+00:00","author":{"@id":"https:\/\/www.castingnews.eu\/magazine\/#\/schema\/person\/099d71c568c9a7e5e4037b1594108f17"},"description":"Per la nuova serie TV targata Sky dal titolo \u201cM. Il figlio del secolo\u201d, le cui riprese proseguiranno nei prossimi mesi, la produzione \u00e8 alla ricerca di uomini di et\u00e0 compresa tra i 18 e i 60 anni.","breadcrumb":{"@id":"https:\/\/www.castingnews.eu\/magazine\/2023\/01\/26\/m-il-figlio-del-secolo-nuovi-casting-a-roma-per-la-serie-tv-con-luca-marinelli\/#breadcrumb"},"inLanguage":"it-IT","potentialAction":[{"@type":"ReadAction","target":["https:\/\/www.castingnews.eu\/magazine\/2023\/01\/26\/m-il-figlio-del-secolo-nuovi-casting-a-roma-per-la-serie-tv-con-luca-marinelli\/"]}]},{"@type":"ImageObject","inLanguage":"it-IT","@id":"https:\/\/www.castingnews.eu\/magazine\/2023\/01\/26\/m-il-figlio-del-secolo-nuovi-casting-a-roma-per-la-serie-tv-con-luca-marinelli\/#primaryimage","url":"https:\/\/www.castingnews.eu\/magazine\/wp-content\/uploads\/2020\/10\/ciak-castingnews-movie-2023.jpg","contentUrl":"https:\/\/www.castingnews.eu\/magazine\/wp-content\/uploads\/2020\/10\/ciak-castingnews-movie-2023.jpg","width":750,"height":564},{"@type":"BreadcrumbList","@id":"https:\/\/www.castingnews.eu\/magazine\/2023\/01\/26\/m-il-figlio-del-secolo-nuovi-casting-a-roma-per-la-serie-tv-con-luca-marinelli\/#breadcrumb","itemListElement":[{"@type":"ListItem","position":1,"name":"Home","item":"https:\/\/www.castingnews.eu\/magazine\/"},{"@type":"ListItem","position":2,"name":"M. Il figlio del secolo, nuovi casting a Roma per la serie TV con Luca Marinelli"}]},{"@type":"WebSite","@id":"https:\/\/www.castingnews.eu\/magazine\/#website","url":"https:\/\/www.castingnews.eu\/magazine\/","name":"Casting News Magazine","description":"News e aggiornamenti sui film, serie tv, teatro e festival italiani ed internazionali","potentialAction":[{"@type":"SearchAction","target":{"@type":"EntryPoint","urlTemplate":"https:\/\/www.castingnews.eu\/magazine\/?s={search_term_string}"},"query-input":{"@type":"PropertyValueSpecification","valueRequired":true,"valueName":"search_term_string"}}],"inLanguage":"it-IT"},{"@type":"Person","@id":"https:\/\/www.castingnews.eu\/magazine\/#\/schema\/person\/099d71c568c9a7e5e4037b1594108f17","name":"Redazione","image":{"@type":"ImageObject","inLanguage":"it-IT","@id":"https:\/\/secure.gravatar.com\/avatar\/b73a087aa3bd279fb70d24f1960a91c82cf67619395b60b564c90e9e5d5325fc?s=96&d=mm&r=g","url":"https:\/\/secure.gravatar.com\/avatar\/b73a087aa3bd279fb70d24f1960a91c82cf67619395b60b564c90e9e5d5325fc?s=96&d=mm&r=g","contentUrl":"https:\/\/secure.gravatar.com\/avatar\/b73a087aa3bd279fb70d24f1960a91c82cf67619395b60b564c90e9e5d5325fc?s=96&d=mm&r=g","caption":"Redazione"},"description":"News e aggiornamenti sui film, serie tv, teatro e festival italiani ed internazionali.","url":"https:\/\/www.castingnews.eu\/magazine\/author\/redazione\/"}]}},"_links":{"self":[{"href":"https:\/\/www.castingnews.eu\/magazine\/wp-json\/wp\/v2\/posts\/4729","targetHints":{"allow":["GET"]}}],"collection":[{"href":"https:\/\/www.castingnews.eu\/magazine\/wp-json\/wp\/v2\/posts"}],"about":[{"href":"https:\/\/www.castingnews.eu\/magazine\/wp-json\/wp\/v2\/types\/post"}],"author":[{"embeddable":true,"href":"https:\/\/www.castingnews.eu\/magazine\/wp-json\/wp\/v2\/users\/1"}],"replies":[{"embeddable":true,"href":"https:\/\/www.castingnews.eu\/magazine\/wp-json\/wp\/v2\/comments?post=4729"}],"version-history":[{"count":1,"href":"https:\/\/www.castingnews.eu\/magazine\/wp-json\/wp\/v2\/posts\/4729\/revisions"}],"predecessor-version":[{"id":4731,"href":"https:\/\/www.castingnews.eu\/magazine\/wp-json\/wp\/v2\/posts\/4729\/revisions\/4731"}],"wp:featuredmedia":[{"embeddable":true,"href":"https:\/\/www.castingnews.eu\/magazine\/wp-json\/wp\/v2\/media\/5584"}],"wp:attachment":[{"href":"https:\/\/www.castingnews.eu\/magazine\/wp-json\/wp\/v2\/media?parent=4729"}],"wp:term":[{"taxonomy":"category","embeddable":true,"href":"https:\/\/www.castingnews.eu\/magazine\/wp-json\/wp\/v2\/categories?post=4729"},{"taxonomy":"post_tag","embeddable":true,"href":"https:\/\/www.castingnews.eu\/magazine\/wp-json\/wp\/v2\/tags?post=4729"}],"curies":[{"name":"wp","href":"https:\/\/api.w.org\/{rel}","templated":true}]}}