{"id":4726,"date":"2023-01-26T12:34:22","date_gmt":"2023-01-26T11:34:22","guid":{"rendered":"https:\/\/www.castingnews.eu\/magazine\/?p=4726"},"modified":"2023-01-26T12:34:25","modified_gmt":"2023-01-26T11:34:25","slug":"friedas-fall-casting-per-un-nuovo-progetto-cinematografico-da-girare-in-svizzera","status":"publish","type":"post","link":"https:\/\/www.castingnews.eu\/magazine\/2023\/01\/26\/friedas-fall-casting-per-un-nuovo-progetto-cinematografico-da-girare-in-svizzera\/","title":{"rendered":"Frieda\u2019s Fall, casting per un nuovo progetto cinematografico da girare in Svizzera"},"content":{"rendered":"\n<p>Per un nuovo <strong>film drammatico <\/strong>dal titolo<strong><a href=\"https:\/\/www.castingnews.eu\/news\/news.asp?id_news=10003&amp;id_cat=12\"> Frieda\u2019s Fall<\/a><\/strong>, le cui riprese si terranno in <strong>Svizzera<\/strong>, la produzione \u00e8 ancora alla ricerca di attori e attrici. Il film \u00e8 diretto dalla regista tedesco-svizzera <strong>Maria Brendle<\/strong> e prodotto da Condor Films.<\/p><div class=\"6d3639e8c6ac292cde400fad8ff8a5b9\" data-index=\"1\" style=\"float: none; margin:10px 0 10px 0; text-align:center;\">\n<script async src=\"\/\/pagead2.googlesyndication.com\/pagead\/js\/adsbygoogle.js\"><\/script>\r\n<!-- Casting Bambini NEW -->\r\n<ins class=\"adsbygoogle\"\r\n     style=\"display:inline-block;width:336px;height:280px\"\r\n     data-ad-client=\"ca-pub-5538097485429833\"\r\n     data-ad-slot=\"5127154445\"><\/ins>\r\n<script>\r\n(adsbygoogle = window.adsbygoogle || []).push({});\r\n<\/script>\n<\/div>\n\n\n\n\n<p>Il film racconta la storia di una donna sotto processo per aver commesso un infanticidio, ma il tribunale non fa i conti con la societ\u00e0, che \u00e8 pi\u00f9 avanzata della magistratura. Persone da tutte le parti del Paese si battono, in una corsa contro il tempo, affinch\u00e9 Frieda Keller non subisca una pena esemplare per la colpa di qualcun\u2019altro.<br><strong>Tutti i dettagli sono disponibili nell\u2019area riservata di Casting News Professional al seguente link: <a href=\"https:\/\/www.castingnews.eu\/news\/news.asp?id_news=10003&amp;id_cat=12\">Friedas Fall, casting ancora aperti per un film che sar\u00e0 girato in Svizzera<\/a><\/strong><\/p>\n\n<div style=\"font-size: 0px; height: 0px; line-height: 0px; margin: 0; padding: 0; clear: both;\"><\/div>","protected":false},"excerpt":{"rendered":"<p>Per un nuovo film drammatico dal titolo Frieda\u2019s Fall, le cui riprese si terranno in Svizzera, la produzione \u00e8 ancora alla ricerca di attori e attrici. Il film \u00e8 diretto dalla regista tedesco-svizzera Maria Brendle e prodotto da Condor Films. Il film racconta la storia di una donna sotto processo per aver commesso un infanticidio, [&hellip;]<\/p>\n","protected":false},"author":1,"featured_media":4727,"comment_status":"open","ping_status":"open","sticky":false,"template":"","format":"standard","meta":{"tdm_status":"","tdm_grid_status":"","footnotes":""},"categories":[3,4,64,1533,21,30,40],"tags":[266,3676,3802,273,302,4164,534,4166,4163,835,4165,1113,1118,4167],"class_list":{"0":"post-4726","1":"post","2":"type-post","3":"status-publish","4":"format-standard","5":"has-post-thumbnail","7":"category-casting-cinematografici","8":"category-cinema-casting","9":"category-drammatico","10":"category-featured","11":"category-in-primo-piano","12":"category-progetti-cinematografici","13":"category-svizzera","14":"tag-casting","15":"tag-casting-call","16":"tag-casting-in-svizzera","17":"tag-casting-news","18":"tag-cinema","19":"tag-condor-films","20":"tag-film","21":"tag-friedas-fall","22":"tag-julia-buchmann","23":"tag-lungometraggio","24":"tag-maria-brendle","25":"tag-progetto-cinematografico","26":"tag-provini","27":"tag-svizzera-casting-svizzera"},"yoast_head":"<!-- This site is optimized with the Yoast SEO plugin v27.4 - https:\/\/yoast.com\/product\/yoast-seo-wordpress\/ -->\r\n<title>Frieda\u2019s Fall, casting per un nuovo progetto cinematografico da girare in Svizzera - Casting News Magazine<\/title>\r\n<meta name=\"description\" content=\"Per un nuovo film drammatico dal titolo Frieda\u2019s Fall, le cui riprese si terranno in Svizzera, la produzione \u00e8 ancora alla ricerca di attori e attrici.\" \/>\r\n<meta name=\"robots\" content=\"index, follow, max-snippet:-1, max-image-preview:large, max-video-preview:-1\" \/>\r\n<link rel=\"canonical\" href=\"https:\/\/www.castingnews.eu\/magazine\/2023\/01\/26\/friedas-fall-casting-per-un-nuovo-progetto-cinematografico-da-girare-in-svizzera\/\" \/>\r\n<meta property=\"og:locale\" content=\"it_IT\" \/>\r\n<meta property=\"og:type\" content=\"article\" \/>\r\n<meta property=\"og:title\" content=\"Frieda\u2019s Fall, casting per un nuovo progetto cinematografico da girare in Svizzera - Casting News Magazine\" \/>\r\n<meta property=\"og:description\" content=\"Per un nuovo film drammatico dal titolo Frieda\u2019s Fall, le cui riprese si terranno in Svizzera, la produzione \u00e8 ancora alla ricerca di attori e attrici.\" \/>\r\n<meta property=\"og:url\" content=\"https:\/\/www.castingnews.eu\/magazine\/2023\/01\/26\/friedas-fall-casting-per-un-nuovo-progetto-cinematografico-da-girare-in-svizzera\/\" \/>\r\n<meta property=\"og:site_name\" content=\"Casting News Magazine\" \/>\r\n<meta property=\"article:published_time\" content=\"2023-01-26T11:34:22+00:00\" \/>\r\n<meta property=\"article:modified_time\" content=\"2023-01-26T11:34:25+00:00\" \/>\r\n<meta property=\"og:image\" content=\"https:\/\/www.castingnews.eu\/magazine\/wp-content\/uploads\/2023\/01\/Frieda-Keller-film.jpg\" \/>\r\n\t<meta property=\"og:image:width\" content=\"1200\" \/>\r\n\t<meta property=\"og:image:height\" content=\"707\" \/>\r\n\t<meta property=\"og:image:type\" content=\"image\/jpeg\" \/>\r\n<meta name=\"author\" content=\"Redazione\" \/>\r\n<meta name=\"twitter:card\" content=\"summary_large_image\" \/>\r\n<meta name=\"twitter:label1\" content=\"Scritto da\" \/>\n\t<meta name=\"twitter:data1\" content=\"Redazione\" \/>\n\t<meta name=\"twitter:label2\" content=\"Tempo di lettura stimato\" \/>\n\t<meta name=\"twitter:data2\" content=\"1 minuto\" \/>\r\n<script type=\"application\/ld+json\" class=\"yoast-schema-graph\">{\"@context\":\"https:\\\/\\\/schema.org\",\"@graph\":[{\"@type\":\"Article\",\"@id\":\"https:\\\/\\\/www.castingnews.eu\\\/magazine\\\/2023\\\/01\\\/26\\\/friedas-fall-casting-per-un-nuovo-progetto-cinematografico-da-girare-in-svizzera\\\/#article\",\"isPartOf\":{\"@id\":\"https:\\\/\\\/www.castingnews.eu\\\/magazine\\\/2023\\\/01\\\/26\\\/friedas-fall-casting-per-un-nuovo-progetto-cinematografico-da-girare-in-svizzera\\\/\"},\"author\":{\"name\":\"Redazione\",\"@id\":\"https:\\\/\\\/www.castingnews.eu\\\/magazine\\\/#\\\/schema\\\/person\\\/099d71c568c9a7e5e4037b1594108f17\"},\"headline\":\"Frieda\u2019s Fall, casting per un nuovo progetto cinematografico da girare in Svizzera\",\"datePublished\":\"2023-01-26T11:34:22+00:00\",\"dateModified\":\"2023-01-26T11:34:25+00:00\",\"mainEntityOfPage\":{\"@id\":\"https:\\\/\\\/www.castingnews.eu\\\/magazine\\\/2023\\\/01\\\/26\\\/friedas-fall-casting-per-un-nuovo-progetto-cinematografico-da-girare-in-svizzera\\\/\"},\"wordCount\":139,\"commentCount\":0,\"image\":{\"@id\":\"https:\\\/\\\/www.castingnews.eu\\\/magazine\\\/2023\\\/01\\\/26\\\/friedas-fall-casting-per-un-nuovo-progetto-cinematografico-da-girare-in-svizzera\\\/#primaryimage\"},\"thumbnailUrl\":\"https:\\\/\\\/www.castingnews.eu\\\/magazine\\\/wp-content\\\/uploads\\\/2023\\\/01\\\/Frieda-Keller-film.jpg\",\"keywords\":[\"casting\",\"casting call\",\"Casting in Svizzera\",\"Casting News\",\"Cinema\",\"Condor Films\",\"Film\",\"Frieda\u2019s Fall\",\"Julia Buchmann\",\"Lungometraggio\",\"Maria Brendle\",\"progetto cinematografico\",\"Provini\",\"Svizzera Casting Svizzera\"],\"articleSection\":[\"Casting Cinematografici\",\"Cinema\",\"Drammatico\",\"In primo piano\",\"Primo piano\",\"Progetti cinematografici\",\"Svizzera\"],\"inLanguage\":\"it-IT\",\"potentialAction\":[{\"@type\":\"CommentAction\",\"name\":\"Comment\",\"target\":[\"https:\\\/\\\/www.castingnews.eu\\\/magazine\\\/2023\\\/01\\\/26\\\/friedas-fall-casting-per-un-nuovo-progetto-cinematografico-da-girare-in-svizzera\\\/#respond\"]}]},{\"@type\":\"WebPage\",\"@id\":\"https:\\\/\\\/www.castingnews.eu\\\/magazine\\\/2023\\\/01\\\/26\\\/friedas-fall-casting-per-un-nuovo-progetto-cinematografico-da-girare-in-svizzera\\\/\",\"url\":\"https:\\\/\\\/www.castingnews.eu\\\/magazine\\\/2023\\\/01\\\/26\\\/friedas-fall-casting-per-un-nuovo-progetto-cinematografico-da-girare-in-svizzera\\\/\",\"name\":\"Frieda\u2019s Fall, casting per un nuovo progetto cinematografico da girare in Svizzera - Casting News Magazine\",\"isPartOf\":{\"@id\":\"https:\\\/\\\/www.castingnews.eu\\\/magazine\\\/#website\"},\"primaryImageOfPage\":{\"@id\":\"https:\\\/\\\/www.castingnews.eu\\\/magazine\\\/2023\\\/01\\\/26\\\/friedas-fall-casting-per-un-nuovo-progetto-cinematografico-da-girare-in-svizzera\\\/#primaryimage\"},\"image\":{\"@id\":\"https:\\\/\\\/www.castingnews.eu\\\/magazine\\\/2023\\\/01\\\/26\\\/friedas-fall-casting-per-un-nuovo-progetto-cinematografico-da-girare-in-svizzera\\\/#primaryimage\"},\"thumbnailUrl\":\"https:\\\/\\\/www.castingnews.eu\\\/magazine\\\/wp-content\\\/uploads\\\/2023\\\/01\\\/Frieda-Keller-film.jpg\",\"datePublished\":\"2023-01-26T11:34:22+00:00\",\"dateModified\":\"2023-01-26T11:34:25+00:00\",\"author\":{\"@id\":\"https:\\\/\\\/www.castingnews.eu\\\/magazine\\\/#\\\/schema\\\/person\\\/099d71c568c9a7e5e4037b1594108f17\"},\"description\":\"Per un nuovo film drammatico dal titolo Frieda\u2019s Fall, le cui riprese si terranno in Svizzera, la produzione \u00e8 ancora alla ricerca di attori e attrici.\",\"breadcrumb\":{\"@id\":\"https:\\\/\\\/www.castingnews.eu\\\/magazine\\\/2023\\\/01\\\/26\\\/friedas-fall-casting-per-un-nuovo-progetto-cinematografico-da-girare-in-svizzera\\\/#breadcrumb\"},\"inLanguage\":\"it-IT\",\"potentialAction\":[{\"@type\":\"ReadAction\",\"target\":[\"https:\\\/\\\/www.castingnews.eu\\\/magazine\\\/2023\\\/01\\\/26\\\/friedas-fall-casting-per-un-nuovo-progetto-cinematografico-da-girare-in-svizzera\\\/\"]}]},{\"@type\":\"ImageObject\",\"inLanguage\":\"it-IT\",\"@id\":\"https:\\\/\\\/www.castingnews.eu\\\/magazine\\\/2023\\\/01\\\/26\\\/friedas-fall-casting-per-un-nuovo-progetto-cinematografico-da-girare-in-svizzera\\\/#primaryimage\",\"url\":\"https:\\\/\\\/www.castingnews.eu\\\/magazine\\\/wp-content\\\/uploads\\\/2023\\\/01\\\/Frieda-Keller-film.jpg\",\"contentUrl\":\"https:\\\/\\\/www.castingnews.eu\\\/magazine\\\/wp-content\\\/uploads\\\/2023\\\/01\\\/Frieda-Keller-film.jpg\",\"width\":1200,\"height\":707,\"caption\":\"Casting film Svizzera\"},{\"@type\":\"BreadcrumbList\",\"@id\":\"https:\\\/\\\/www.castingnews.eu\\\/magazine\\\/2023\\\/01\\\/26\\\/friedas-fall-casting-per-un-nuovo-progetto-cinematografico-da-girare-in-svizzera\\\/#breadcrumb\",\"itemListElement\":[{\"@type\":\"ListItem\",\"position\":1,\"name\":\"Home\",\"item\":\"https:\\\/\\\/www.castingnews.eu\\\/magazine\\\/\"},{\"@type\":\"ListItem\",\"position\":2,\"name\":\"Frieda\u2019s Fall, casting per un nuovo progetto cinematografico da girare in Svizzera\"}]},{\"@type\":\"WebSite\",\"@id\":\"https:\\\/\\\/www.castingnews.eu\\\/magazine\\\/#website\",\"url\":\"https:\\\/\\\/www.castingnews.eu\\\/magazine\\\/\",\"name\":\"Casting News Magazine\",\"description\":\"News e aggiornamenti sui film, serie tv, teatro e festival italiani ed internazionali\",\"potentialAction\":[{\"@type\":\"SearchAction\",\"target\":{\"@type\":\"EntryPoint\",\"urlTemplate\":\"https:\\\/\\\/www.castingnews.eu\\\/magazine\\\/?s={search_term_string}\"},\"query-input\":{\"@type\":\"PropertyValueSpecification\",\"valueRequired\":true,\"valueName\":\"search_term_string\"}}],\"inLanguage\":\"it-IT\"},{\"@type\":\"Person\",\"@id\":\"https:\\\/\\\/www.castingnews.eu\\\/magazine\\\/#\\\/schema\\\/person\\\/099d71c568c9a7e5e4037b1594108f17\",\"name\":\"Redazione\",\"image\":{\"@type\":\"ImageObject\",\"inLanguage\":\"it-IT\",\"@id\":\"https:\\\/\\\/secure.gravatar.com\\\/avatar\\\/b73a087aa3bd279fb70d24f1960a91c82cf67619395b60b564c90e9e5d5325fc?s=96&d=mm&r=g\",\"url\":\"https:\\\/\\\/secure.gravatar.com\\\/avatar\\\/b73a087aa3bd279fb70d24f1960a91c82cf67619395b60b564c90e9e5d5325fc?s=96&d=mm&r=g\",\"contentUrl\":\"https:\\\/\\\/secure.gravatar.com\\\/avatar\\\/b73a087aa3bd279fb70d24f1960a91c82cf67619395b60b564c90e9e5d5325fc?s=96&d=mm&r=g\",\"caption\":\"Redazione\"},\"description\":\"News e aggiornamenti sui film, serie tv, teatro e festival italiani ed internazionali.\",\"url\":\"https:\\\/\\\/www.castingnews.eu\\\/magazine\\\/author\\\/redazione\\\/\"}]}<\/script>\r\n<!-- \/ Yoast SEO plugin. -->","yoast_head_json":{"title":"Frieda\u2019s Fall, casting per un nuovo progetto cinematografico da girare in Svizzera - Casting News Magazine","description":"Per un nuovo film drammatico dal titolo Frieda\u2019s Fall, le cui riprese si terranno in Svizzera, la produzione \u00e8 ancora alla ricerca di attori e attrici.","robots":{"index":"index","follow":"follow","max-snippet":"max-snippet:-1","max-image-preview":"max-image-preview:large","max-video-preview":"max-video-preview:-1"},"canonical":"https:\/\/www.castingnews.eu\/magazine\/2023\/01\/26\/friedas-fall-casting-per-un-nuovo-progetto-cinematografico-da-girare-in-svizzera\/","og_locale":"it_IT","og_type":"article","og_title":"Frieda\u2019s Fall, casting per un nuovo progetto cinematografico da girare in Svizzera - Casting News Magazine","og_description":"Per un nuovo film drammatico dal titolo Frieda\u2019s Fall, le cui riprese si terranno in Svizzera, la produzione \u00e8 ancora alla ricerca di attori e attrici.","og_url":"https:\/\/www.castingnews.eu\/magazine\/2023\/01\/26\/friedas-fall-casting-per-un-nuovo-progetto-cinematografico-da-girare-in-svizzera\/","og_site_name":"Casting News Magazine","article_published_time":"2023-01-26T11:34:22+00:00","article_modified_time":"2023-01-26T11:34:25+00:00","og_image":[{"width":1200,"height":707,"url":"https:\/\/www.castingnews.eu\/magazine\/wp-content\/uploads\/2023\/01\/Frieda-Keller-film.jpg","type":"image\/jpeg"}],"author":"Redazione","twitter_card":"summary_large_image","twitter_misc":{"Scritto da":"Redazione","Tempo di lettura stimato":"1 minuto"},"schema":{"@context":"https:\/\/schema.org","@graph":[{"@type":"Article","@id":"https:\/\/www.castingnews.eu\/magazine\/2023\/01\/26\/friedas-fall-casting-per-un-nuovo-progetto-cinematografico-da-girare-in-svizzera\/#article","isPartOf":{"@id":"https:\/\/www.castingnews.eu\/magazine\/2023\/01\/26\/friedas-fall-casting-per-un-nuovo-progetto-cinematografico-da-girare-in-svizzera\/"},"author":{"name":"Redazione","@id":"https:\/\/www.castingnews.eu\/magazine\/#\/schema\/person\/099d71c568c9a7e5e4037b1594108f17"},"headline":"Frieda\u2019s Fall, casting per un nuovo progetto cinematografico da girare in Svizzera","datePublished":"2023-01-26T11:34:22+00:00","dateModified":"2023-01-26T11:34:25+00:00","mainEntityOfPage":{"@id":"https:\/\/www.castingnews.eu\/magazine\/2023\/01\/26\/friedas-fall-casting-per-un-nuovo-progetto-cinematografico-da-girare-in-svizzera\/"},"wordCount":139,"commentCount":0,"image":{"@id":"https:\/\/www.castingnews.eu\/magazine\/2023\/01\/26\/friedas-fall-casting-per-un-nuovo-progetto-cinematografico-da-girare-in-svizzera\/#primaryimage"},"thumbnailUrl":"https:\/\/www.castingnews.eu\/magazine\/wp-content\/uploads\/2023\/01\/Frieda-Keller-film.jpg","keywords":["casting","casting call","Casting in Svizzera","Casting News","Cinema","Condor Films","Film","Frieda\u2019s Fall","Julia Buchmann","Lungometraggio","Maria Brendle","progetto cinematografico","Provini","Svizzera Casting Svizzera"],"articleSection":["Casting Cinematografici","Cinema","Drammatico","In primo piano","Primo piano","Progetti cinematografici","Svizzera"],"inLanguage":"it-IT","potentialAction":[{"@type":"CommentAction","name":"Comment","target":["https:\/\/www.castingnews.eu\/magazine\/2023\/01\/26\/friedas-fall-casting-per-un-nuovo-progetto-cinematografico-da-girare-in-svizzera\/#respond"]}]},{"@type":"WebPage","@id":"https:\/\/www.castingnews.eu\/magazine\/2023\/01\/26\/friedas-fall-casting-per-un-nuovo-progetto-cinematografico-da-girare-in-svizzera\/","url":"https:\/\/www.castingnews.eu\/magazine\/2023\/01\/26\/friedas-fall-casting-per-un-nuovo-progetto-cinematografico-da-girare-in-svizzera\/","name":"Frieda\u2019s Fall, casting per un nuovo progetto cinematografico da girare in Svizzera - Casting News Magazine","isPartOf":{"@id":"https:\/\/www.castingnews.eu\/magazine\/#website"},"primaryImageOfPage":{"@id":"https:\/\/www.castingnews.eu\/magazine\/2023\/01\/26\/friedas-fall-casting-per-un-nuovo-progetto-cinematografico-da-girare-in-svizzera\/#primaryimage"},"image":{"@id":"https:\/\/www.castingnews.eu\/magazine\/2023\/01\/26\/friedas-fall-casting-per-un-nuovo-progetto-cinematografico-da-girare-in-svizzera\/#primaryimage"},"thumbnailUrl":"https:\/\/www.castingnews.eu\/magazine\/wp-content\/uploads\/2023\/01\/Frieda-Keller-film.jpg","datePublished":"2023-01-26T11:34:22+00:00","dateModified":"2023-01-26T11:34:25+00:00","author":{"@id":"https:\/\/www.castingnews.eu\/magazine\/#\/schema\/person\/099d71c568c9a7e5e4037b1594108f17"},"description":"Per un nuovo film drammatico dal titolo Frieda\u2019s Fall, le cui riprese si terranno in Svizzera, la produzione \u00e8 ancora alla ricerca di attori e attrici.","breadcrumb":{"@id":"https:\/\/www.castingnews.eu\/magazine\/2023\/01\/26\/friedas-fall-casting-per-un-nuovo-progetto-cinematografico-da-girare-in-svizzera\/#breadcrumb"},"inLanguage":"it-IT","potentialAction":[{"@type":"ReadAction","target":["https:\/\/www.castingnews.eu\/magazine\/2023\/01\/26\/friedas-fall-casting-per-un-nuovo-progetto-cinematografico-da-girare-in-svizzera\/"]}]},{"@type":"ImageObject","inLanguage":"it-IT","@id":"https:\/\/www.castingnews.eu\/magazine\/2023\/01\/26\/friedas-fall-casting-per-un-nuovo-progetto-cinematografico-da-girare-in-svizzera\/#primaryimage","url":"https:\/\/www.castingnews.eu\/magazine\/wp-content\/uploads\/2023\/01\/Frieda-Keller-film.jpg","contentUrl":"https:\/\/www.castingnews.eu\/magazine\/wp-content\/uploads\/2023\/01\/Frieda-Keller-film.jpg","width":1200,"height":707,"caption":"Casting film Svizzera"},{"@type":"BreadcrumbList","@id":"https:\/\/www.castingnews.eu\/magazine\/2023\/01\/26\/friedas-fall-casting-per-un-nuovo-progetto-cinematografico-da-girare-in-svizzera\/#breadcrumb","itemListElement":[{"@type":"ListItem","position":1,"name":"Home","item":"https:\/\/www.castingnews.eu\/magazine\/"},{"@type":"ListItem","position":2,"name":"Frieda\u2019s Fall, casting per un nuovo progetto cinematografico da girare in Svizzera"}]},{"@type":"WebSite","@id":"https:\/\/www.castingnews.eu\/magazine\/#website","url":"https:\/\/www.castingnews.eu\/magazine\/","name":"Casting News Magazine","description":"News e aggiornamenti sui film, serie tv, teatro e festival italiani ed internazionali","potentialAction":[{"@type":"SearchAction","target":{"@type":"EntryPoint","urlTemplate":"https:\/\/www.castingnews.eu\/magazine\/?s={search_term_string}"},"query-input":{"@type":"PropertyValueSpecification","valueRequired":true,"valueName":"search_term_string"}}],"inLanguage":"it-IT"},{"@type":"Person","@id":"https:\/\/www.castingnews.eu\/magazine\/#\/schema\/person\/099d71c568c9a7e5e4037b1594108f17","name":"Redazione","image":{"@type":"ImageObject","inLanguage":"it-IT","@id":"https:\/\/secure.gravatar.com\/avatar\/b73a087aa3bd279fb70d24f1960a91c82cf67619395b60b564c90e9e5d5325fc?s=96&d=mm&r=g","url":"https:\/\/secure.gravatar.com\/avatar\/b73a087aa3bd279fb70d24f1960a91c82cf67619395b60b564c90e9e5d5325fc?s=96&d=mm&r=g","contentUrl":"https:\/\/secure.gravatar.com\/avatar\/b73a087aa3bd279fb70d24f1960a91c82cf67619395b60b564c90e9e5d5325fc?s=96&d=mm&r=g","caption":"Redazione"},"description":"News e aggiornamenti sui film, serie tv, teatro e festival italiani ed internazionali.","url":"https:\/\/www.castingnews.eu\/magazine\/author\/redazione\/"}]}},"_links":{"self":[{"href":"https:\/\/www.castingnews.eu\/magazine\/wp-json\/wp\/v2\/posts\/4726","targetHints":{"allow":["GET"]}}],"collection":[{"href":"https:\/\/www.castingnews.eu\/magazine\/wp-json\/wp\/v2\/posts"}],"about":[{"href":"https:\/\/www.castingnews.eu\/magazine\/wp-json\/wp\/v2\/types\/post"}],"author":[{"embeddable":true,"href":"https:\/\/www.castingnews.eu\/magazine\/wp-json\/wp\/v2\/users\/1"}],"replies":[{"embeddable":true,"href":"https:\/\/www.castingnews.eu\/magazine\/wp-json\/wp\/v2\/comments?post=4726"}],"version-history":[{"count":1,"href":"https:\/\/www.castingnews.eu\/magazine\/wp-json\/wp\/v2\/posts\/4726\/revisions"}],"predecessor-version":[{"id":4728,"href":"https:\/\/www.castingnews.eu\/magazine\/wp-json\/wp\/v2\/posts\/4726\/revisions\/4728"}],"wp:featuredmedia":[{"embeddable":true,"href":"https:\/\/www.castingnews.eu\/magazine\/wp-json\/wp\/v2\/media\/4727"}],"wp:attachment":[{"href":"https:\/\/www.castingnews.eu\/magazine\/wp-json\/wp\/v2\/media?parent=4726"}],"wp:term":[{"taxonomy":"category","embeddable":true,"href":"https:\/\/www.castingnews.eu\/magazine\/wp-json\/wp\/v2\/categories?post=4726"},{"taxonomy":"post_tag","embeddable":true,"href":"https:\/\/www.castingnews.eu\/magazine\/wp-json\/wp\/v2\/tags?post=4726"}],"curies":[{"name":"wp","href":"https:\/\/api.w.org\/{rel}","templated":true}]}}