{"id":469,"date":"2009-09-23T16:51:26","date_gmt":"2009-09-23T15:51:26","guid":{"rendered":"http:\/\/www.film-movie.eu\/?p=469"},"modified":"2009-09-23T16:51:26","modified_gmt":"2009-09-23T15:51:26","slug":"diario-da-gaza-in-onda-su-doc-3","status":"publish","type":"post","link":"https:\/\/www.castingnews.eu\/magazine\/2009\/09\/23\/diario-da-gaza-in-onda-su-doc-3\/","title":{"rendered":"Diario da Gaza di Stefano Savona &#8211; Rai 3"},"content":{"rendered":"<h3 style=\"text-align: justify;\">Rai Tre -Diario da Gaza di Stefano Savona &#8211; 24 settembre 2009<\/h3>\n<p style=\"text-align: justify;\">Gioved\u00ec 24 settembre 2009 alle 24:00 va in onda su Rai 3 Diario da Gaza di Stefano Savona, l&#8217;incredibile e sconvolgente documento realizzato, a gennaio di quest\u2019anno, nella striscia di Gaza dal solo regista occidentale che sia riuscito ad entrarvi durante i drammatici giorni dell\u2019operazione \u201cPiombo Fuso\u201d.<br \/>\nQuesto documentario mostra ci\u00f2 che Stefano Savona, con la sua telecamera, ha potuto filmare al di l\u00e0 di quel confine. E\u2019 il racconto diretto per immagini della vita quotidiana a Gaza durante i giorni della guerra e vuole essere uno stimolo libero per la riflessione di tutti perch\u00e9 a parlare sono le immagini e la voce della guerra.<\/p><div class=\"6d3639e8c6ac292cde400fad8ff8a5b9\" data-index=\"1\" style=\"float: none; margin:10px 0 10px 0; text-align:center;\">\n<script async src=\"\/\/pagead2.googlesyndication.com\/pagead\/js\/adsbygoogle.js\"><\/script>\r\n<!-- Casting Bambini NEW -->\r\n<ins class=\"adsbygoogle\"\r\n     style=\"display:inline-block;width:336px;height:280px\"\r\n     data-ad-client=\"ca-pub-5538097485429833\"\r\n     data-ad-slot=\"5127154445\"><\/ins>\r\n<script>\r\n(adsbygoogle = window.adsbygoogle || []).push({});\r\n<\/script>\n<\/div>\n\n<p style=\"text-align: justify;\">Il documentario \u00e8 realizzato da uno dei pi\u00f9 sorprendenti cineasti italiani, gi\u00e0 autore, tra gli altri, di Primavera in Kurdistan del 2006 e candidato al David di Donatello. Palermitano di nascita, Stefano Savona vive da anni a Parigi ed \u00e8 autore pluripremiato in Italia e all\u2019estero.<\/p>\n<p style=\"text-align: justify;\">Il documentario, nella versione di 52 minuti, sar\u00e0 presentato da Alessandro Robecchi, giornalista e autore di programmi come Verba Volant e Crozza Italia.<\/p>\n<p style=\"text-align: justify;\">Diario da Gaza \u00e8 prodotto da Roberto Ruini e Fausto Rizzi per la Pulsemedia di Reggio Emilia, dinamica realt\u00e0 produttiva multimediale che spazia dalla produzione di documentari all\u2019editoria per il web.<\/p>\n<p style=\"text-align: justify;\">Sito Web: <a href=\"http:\/\/www.pulsemedia.it\" target=\"_blank\">www.pulsemedia.it<\/a><\/p>\n\n<div style=\"font-size: 0px; height: 0px; line-height: 0px; margin: 0; padding: 0; clear: both;\"><\/div>","protected":false},"excerpt":{"rendered":"<p>Rai Tre -Diario da Gaza di Stefano Savona &#8211; 24 settembre 2009 Gioved\u00ec 24 settembre 2009 alle 24:00 va in onda su Rai 3 Diario da Gaza di Stefano Savona, l&#8217;incredibile e sconvolgente documento realizzato, a gennaio di quest\u2019anno, nella striscia di Gaza dal solo regista occidentale che sia riuscito ad entrarvi durante i drammatici [&hellip;]<\/p>\n","protected":false},"author":1,"featured_media":468,"comment_status":"closed","ping_status":"open","sticky":false,"template":"","format":"standard","meta":{"tdm_status":"","tdm_grid_status":"","footnotes":""},"categories":[62,15,71],"tags":[102,380,395,406,416,505,717,1083,1109,1124,1135,1187,1307,1315,1403],"class_list":{"0":"post-469","1":"post","2":"type-post","3":"status-publish","4":"format-standard","5":"has-post-thumbnail","7":"category-documentario","8":"category-film-italia","9":"category-italia-paese","10":"tag-alessandro-robecchi","11":"tag-crozza-italia","12":"tag-david-di-donatello","13":"tag-diario-da-gaza","14":"tag-documentario","15":"tag-fausto-rizzi","16":"tag-italia","17":"tag-piombo-fuso","18":"tag-primavera-in-kurdistan","19":"tag-pulsemedia","20":"tag-rai-3","21":"tag-roberto-ruini","22":"tag-stefano-savona","23":"tag-striscia-di-gaza","24":"tag-verba-volant"},"yoast_head":"<!-- This site is optimized with the Yoast SEO plugin v27.4 - https:\/\/yoast.com\/product\/yoast-seo-wordpress\/ -->\r\n<title>Diario da Gaza di Stefano Savona - Rai 3 - Casting News Magazine<\/title>\r\n<meta name=\"robots\" content=\"index, follow, max-snippet:-1, max-image-preview:large, max-video-preview:-1\" \/>\r\n<link rel=\"canonical\" href=\"https:\/\/www.castingnews.eu\/magazine\/2009\/09\/23\/diario-da-gaza-in-onda-su-doc-3\/\" \/>\r\n<meta property=\"og:locale\" content=\"it_IT\" \/>\r\n<meta property=\"og:type\" content=\"article\" \/>\r\n<meta property=\"og:title\" content=\"Diario da Gaza di Stefano Savona - Rai 3 - Casting News Magazine\" \/>\r\n<meta property=\"og:description\" content=\"Rai Tre -Diario da Gaza di Stefano Savona &#8211; 24 settembre 2009 Gioved\u00ec 24 settembre 2009 alle 24:00 va in onda su Rai 3 Diario da Gaza di Stefano Savona, l&#8217;incredibile e sconvolgente documento realizzato, a gennaio di quest\u2019anno, nella striscia di Gaza dal solo regista occidentale che sia riuscito ad entrarvi durante i drammatici [&hellip;]\" \/>\r\n<meta property=\"og:url\" content=\"https:\/\/www.castingnews.eu\/magazine\/2009\/09\/23\/diario-da-gaza-in-onda-su-doc-3\/\" \/>\r\n<meta property=\"og:site_name\" content=\"Casting News Magazine\" \/>\r\n<meta property=\"article:published_time\" content=\"2009-09-23T15:51:26+00:00\" \/>\r\n<meta property=\"og:image\" content=\"https:\/\/www.castingnews.eu\/magazine\/wp-content\/uploads\/2009\/09\/Diario-da-Gaza-di-Stefano-Savona3-1.jpg\" \/>\r\n\t<meta property=\"og:image:width\" content=\"482\" \/>\r\n\t<meta property=\"og:image:height\" content=\"320\" \/>\r\n\t<meta property=\"og:image:type\" content=\"image\/jpeg\" \/>\r\n<meta name=\"author\" content=\"Redazione\" \/>\r\n<meta name=\"twitter:card\" content=\"summary_large_image\" \/>\r\n<meta name=\"twitter:label1\" content=\"Scritto da\" \/>\n\t<meta name=\"twitter:data1\" content=\"Redazione\" \/>\n\t<meta name=\"twitter:label2\" content=\"Tempo di lettura stimato\" \/>\n\t<meta name=\"twitter:data2\" content=\"1 minuto\" \/>\r\n<script type=\"application\/ld+json\" class=\"yoast-schema-graph\">{\"@context\":\"https:\\\/\\\/schema.org\",\"@graph\":[{\"@type\":\"Article\",\"@id\":\"https:\\\/\\\/www.castingnews.eu\\\/magazine\\\/2009\\\/09\\\/23\\\/diario-da-gaza-in-onda-su-doc-3\\\/#article\",\"isPartOf\":{\"@id\":\"https:\\\/\\\/www.castingnews.eu\\\/magazine\\\/2009\\\/09\\\/23\\\/diario-da-gaza-in-onda-su-doc-3\\\/\"},\"author\":{\"name\":\"Redazione\",\"@id\":\"https:\\\/\\\/www.castingnews.eu\\\/magazine\\\/#\\\/schema\\\/person\\\/099d71c568c9a7e5e4037b1594108f17\"},\"headline\":\"Diario da Gaza di Stefano Savona &#8211; Rai 3\",\"datePublished\":\"2009-09-23T15:51:26+00:00\",\"mainEntityOfPage\":{\"@id\":\"https:\\\/\\\/www.castingnews.eu\\\/magazine\\\/2009\\\/09\\\/23\\\/diario-da-gaza-in-onda-su-doc-3\\\/\"},\"wordCount\":224,\"image\":{\"@id\":\"https:\\\/\\\/www.castingnews.eu\\\/magazine\\\/2009\\\/09\\\/23\\\/diario-da-gaza-in-onda-su-doc-3\\\/#primaryimage\"},\"thumbnailUrl\":\"https:\\\/\\\/www.castingnews.eu\\\/magazine\\\/wp-content\\\/uploads\\\/2009\\\/09\\\/Diario-da-Gaza-di-Stefano-Savona3-1.jpg\",\"keywords\":[\"Alessandro Robecchi\",\"Crozza Italia\",\"David di Donatello\",\"Diario da Gaza\",\"Documentario\",\"Fausto Rizzi\",\"Italia\",\"Piombo Fuso\",\"Primavera in Kurdistan\",\"Pulsemedia\",\"Rai 3\",\"Roberto Ruini\",\"Stefano Savona\",\"Striscia di Gaza\",\"Verba Volant\"],\"articleSection\":[\"Documentario\",\"Film - Italia\",\"Italia\"],\"inLanguage\":\"it-IT\"},{\"@type\":\"WebPage\",\"@id\":\"https:\\\/\\\/www.castingnews.eu\\\/magazine\\\/2009\\\/09\\\/23\\\/diario-da-gaza-in-onda-su-doc-3\\\/\",\"url\":\"https:\\\/\\\/www.castingnews.eu\\\/magazine\\\/2009\\\/09\\\/23\\\/diario-da-gaza-in-onda-su-doc-3\\\/\",\"name\":\"Diario da Gaza di Stefano Savona - Rai 3 - Casting News Magazine\",\"isPartOf\":{\"@id\":\"https:\\\/\\\/www.castingnews.eu\\\/magazine\\\/#website\"},\"primaryImageOfPage\":{\"@id\":\"https:\\\/\\\/www.castingnews.eu\\\/magazine\\\/2009\\\/09\\\/23\\\/diario-da-gaza-in-onda-su-doc-3\\\/#primaryimage\"},\"image\":{\"@id\":\"https:\\\/\\\/www.castingnews.eu\\\/magazine\\\/2009\\\/09\\\/23\\\/diario-da-gaza-in-onda-su-doc-3\\\/#primaryimage\"},\"thumbnailUrl\":\"https:\\\/\\\/www.castingnews.eu\\\/magazine\\\/wp-content\\\/uploads\\\/2009\\\/09\\\/Diario-da-Gaza-di-Stefano-Savona3-1.jpg\",\"datePublished\":\"2009-09-23T15:51:26+00:00\",\"author\":{\"@id\":\"https:\\\/\\\/www.castingnews.eu\\\/magazine\\\/#\\\/schema\\\/person\\\/099d71c568c9a7e5e4037b1594108f17\"},\"breadcrumb\":{\"@id\":\"https:\\\/\\\/www.castingnews.eu\\\/magazine\\\/2009\\\/09\\\/23\\\/diario-da-gaza-in-onda-su-doc-3\\\/#breadcrumb\"},\"inLanguage\":\"it-IT\",\"potentialAction\":[{\"@type\":\"ReadAction\",\"target\":[\"https:\\\/\\\/www.castingnews.eu\\\/magazine\\\/2009\\\/09\\\/23\\\/diario-da-gaza-in-onda-su-doc-3\\\/\"]}]},{\"@type\":\"ImageObject\",\"inLanguage\":\"it-IT\",\"@id\":\"https:\\\/\\\/www.castingnews.eu\\\/magazine\\\/2009\\\/09\\\/23\\\/diario-da-gaza-in-onda-su-doc-3\\\/#primaryimage\",\"url\":\"https:\\\/\\\/www.castingnews.eu\\\/magazine\\\/wp-content\\\/uploads\\\/2009\\\/09\\\/Diario-da-Gaza-di-Stefano-Savona3-1.jpg\",\"contentUrl\":\"https:\\\/\\\/www.castingnews.eu\\\/magazine\\\/wp-content\\\/uploads\\\/2009\\\/09\\\/Diario-da-Gaza-di-Stefano-Savona3-1.jpg\",\"width\":482,\"height\":320},{\"@type\":\"BreadcrumbList\",\"@id\":\"https:\\\/\\\/www.castingnews.eu\\\/magazine\\\/2009\\\/09\\\/23\\\/diario-da-gaza-in-onda-su-doc-3\\\/#breadcrumb\",\"itemListElement\":[{\"@type\":\"ListItem\",\"position\":1,\"name\":\"Home\",\"item\":\"https:\\\/\\\/www.castingnews.eu\\\/magazine\\\/\"},{\"@type\":\"ListItem\",\"position\":2,\"name\":\"Diario da Gaza di Stefano Savona &#8211; Rai 3\"}]},{\"@type\":\"WebSite\",\"@id\":\"https:\\\/\\\/www.castingnews.eu\\\/magazine\\\/#website\",\"url\":\"https:\\\/\\\/www.castingnews.eu\\\/magazine\\\/\",\"name\":\"Casting News Magazine\",\"description\":\"News e aggiornamenti sui film, serie tv, teatro e festival italiani ed internazionali\",\"potentialAction\":[{\"@type\":\"SearchAction\",\"target\":{\"@type\":\"EntryPoint\",\"urlTemplate\":\"https:\\\/\\\/www.castingnews.eu\\\/magazine\\\/?s={search_term_string}\"},\"query-input\":{\"@type\":\"PropertyValueSpecification\",\"valueRequired\":true,\"valueName\":\"search_term_string\"}}],\"inLanguage\":\"it-IT\"},{\"@type\":\"Person\",\"@id\":\"https:\\\/\\\/www.castingnews.eu\\\/magazine\\\/#\\\/schema\\\/person\\\/099d71c568c9a7e5e4037b1594108f17\",\"name\":\"Redazione\",\"image\":{\"@type\":\"ImageObject\",\"inLanguage\":\"it-IT\",\"@id\":\"https:\\\/\\\/secure.gravatar.com\\\/avatar\\\/b73a087aa3bd279fb70d24f1960a91c82cf67619395b60b564c90e9e5d5325fc?s=96&d=mm&r=g\",\"url\":\"https:\\\/\\\/secure.gravatar.com\\\/avatar\\\/b73a087aa3bd279fb70d24f1960a91c82cf67619395b60b564c90e9e5d5325fc?s=96&d=mm&r=g\",\"contentUrl\":\"https:\\\/\\\/secure.gravatar.com\\\/avatar\\\/b73a087aa3bd279fb70d24f1960a91c82cf67619395b60b564c90e9e5d5325fc?s=96&d=mm&r=g\",\"caption\":\"Redazione\"},\"description\":\"News e aggiornamenti sui film, serie tv, teatro e festival italiani ed internazionali.\",\"url\":\"https:\\\/\\\/www.castingnews.eu\\\/magazine\\\/author\\\/redazione\\\/\"}]}<\/script>\r\n<!-- \/ Yoast SEO plugin. -->","yoast_head_json":{"title":"Diario da Gaza di Stefano Savona - Rai 3 - Casting News Magazine","robots":{"index":"index","follow":"follow","max-snippet":"max-snippet:-1","max-image-preview":"max-image-preview:large","max-video-preview":"max-video-preview:-1"},"canonical":"https:\/\/www.castingnews.eu\/magazine\/2009\/09\/23\/diario-da-gaza-in-onda-su-doc-3\/","og_locale":"it_IT","og_type":"article","og_title":"Diario da Gaza di Stefano Savona - Rai 3 - Casting News Magazine","og_description":"Rai Tre -Diario da Gaza di Stefano Savona &#8211; 24 settembre 2009 Gioved\u00ec 24 settembre 2009 alle 24:00 va in onda su Rai 3 Diario da Gaza di Stefano Savona, l&#8217;incredibile e sconvolgente documento realizzato, a gennaio di quest\u2019anno, nella striscia di Gaza dal solo regista occidentale che sia riuscito ad entrarvi durante i drammatici [&hellip;]","og_url":"https:\/\/www.castingnews.eu\/magazine\/2009\/09\/23\/diario-da-gaza-in-onda-su-doc-3\/","og_site_name":"Casting News Magazine","article_published_time":"2009-09-23T15:51:26+00:00","og_image":[{"width":482,"height":320,"url":"https:\/\/www.castingnews.eu\/magazine\/wp-content\/uploads\/2009\/09\/Diario-da-Gaza-di-Stefano-Savona3-1.jpg","type":"image\/jpeg"}],"author":"Redazione","twitter_card":"summary_large_image","twitter_misc":{"Scritto da":"Redazione","Tempo di lettura stimato":"1 minuto"},"schema":{"@context":"https:\/\/schema.org","@graph":[{"@type":"Article","@id":"https:\/\/www.castingnews.eu\/magazine\/2009\/09\/23\/diario-da-gaza-in-onda-su-doc-3\/#article","isPartOf":{"@id":"https:\/\/www.castingnews.eu\/magazine\/2009\/09\/23\/diario-da-gaza-in-onda-su-doc-3\/"},"author":{"name":"Redazione","@id":"https:\/\/www.castingnews.eu\/magazine\/#\/schema\/person\/099d71c568c9a7e5e4037b1594108f17"},"headline":"Diario da Gaza di Stefano Savona &#8211; Rai 3","datePublished":"2009-09-23T15:51:26+00:00","mainEntityOfPage":{"@id":"https:\/\/www.castingnews.eu\/magazine\/2009\/09\/23\/diario-da-gaza-in-onda-su-doc-3\/"},"wordCount":224,"image":{"@id":"https:\/\/www.castingnews.eu\/magazine\/2009\/09\/23\/diario-da-gaza-in-onda-su-doc-3\/#primaryimage"},"thumbnailUrl":"https:\/\/www.castingnews.eu\/magazine\/wp-content\/uploads\/2009\/09\/Diario-da-Gaza-di-Stefano-Savona3-1.jpg","keywords":["Alessandro Robecchi","Crozza Italia","David di Donatello","Diario da Gaza","Documentario","Fausto Rizzi","Italia","Piombo Fuso","Primavera in Kurdistan","Pulsemedia","Rai 3","Roberto Ruini","Stefano Savona","Striscia di Gaza","Verba Volant"],"articleSection":["Documentario","Film - Italia","Italia"],"inLanguage":"it-IT"},{"@type":"WebPage","@id":"https:\/\/www.castingnews.eu\/magazine\/2009\/09\/23\/diario-da-gaza-in-onda-su-doc-3\/","url":"https:\/\/www.castingnews.eu\/magazine\/2009\/09\/23\/diario-da-gaza-in-onda-su-doc-3\/","name":"Diario da Gaza di Stefano Savona - Rai 3 - Casting News Magazine","isPartOf":{"@id":"https:\/\/www.castingnews.eu\/magazine\/#website"},"primaryImageOfPage":{"@id":"https:\/\/www.castingnews.eu\/magazine\/2009\/09\/23\/diario-da-gaza-in-onda-su-doc-3\/#primaryimage"},"image":{"@id":"https:\/\/www.castingnews.eu\/magazine\/2009\/09\/23\/diario-da-gaza-in-onda-su-doc-3\/#primaryimage"},"thumbnailUrl":"https:\/\/www.castingnews.eu\/magazine\/wp-content\/uploads\/2009\/09\/Diario-da-Gaza-di-Stefano-Savona3-1.jpg","datePublished":"2009-09-23T15:51:26+00:00","author":{"@id":"https:\/\/www.castingnews.eu\/magazine\/#\/schema\/person\/099d71c568c9a7e5e4037b1594108f17"},"breadcrumb":{"@id":"https:\/\/www.castingnews.eu\/magazine\/2009\/09\/23\/diario-da-gaza-in-onda-su-doc-3\/#breadcrumb"},"inLanguage":"it-IT","potentialAction":[{"@type":"ReadAction","target":["https:\/\/www.castingnews.eu\/magazine\/2009\/09\/23\/diario-da-gaza-in-onda-su-doc-3\/"]}]},{"@type":"ImageObject","inLanguage":"it-IT","@id":"https:\/\/www.castingnews.eu\/magazine\/2009\/09\/23\/diario-da-gaza-in-onda-su-doc-3\/#primaryimage","url":"https:\/\/www.castingnews.eu\/magazine\/wp-content\/uploads\/2009\/09\/Diario-da-Gaza-di-Stefano-Savona3-1.jpg","contentUrl":"https:\/\/www.castingnews.eu\/magazine\/wp-content\/uploads\/2009\/09\/Diario-da-Gaza-di-Stefano-Savona3-1.jpg","width":482,"height":320},{"@type":"BreadcrumbList","@id":"https:\/\/www.castingnews.eu\/magazine\/2009\/09\/23\/diario-da-gaza-in-onda-su-doc-3\/#breadcrumb","itemListElement":[{"@type":"ListItem","position":1,"name":"Home","item":"https:\/\/www.castingnews.eu\/magazine\/"},{"@type":"ListItem","position":2,"name":"Diario da Gaza di Stefano Savona &#8211; Rai 3"}]},{"@type":"WebSite","@id":"https:\/\/www.castingnews.eu\/magazine\/#website","url":"https:\/\/www.castingnews.eu\/magazine\/","name":"Casting News Magazine","description":"News e aggiornamenti sui film, serie tv, teatro e festival italiani ed internazionali","potentialAction":[{"@type":"SearchAction","target":{"@type":"EntryPoint","urlTemplate":"https:\/\/www.castingnews.eu\/magazine\/?s={search_term_string}"},"query-input":{"@type":"PropertyValueSpecification","valueRequired":true,"valueName":"search_term_string"}}],"inLanguage":"it-IT"},{"@type":"Person","@id":"https:\/\/www.castingnews.eu\/magazine\/#\/schema\/person\/099d71c568c9a7e5e4037b1594108f17","name":"Redazione","image":{"@type":"ImageObject","inLanguage":"it-IT","@id":"https:\/\/secure.gravatar.com\/avatar\/b73a087aa3bd279fb70d24f1960a91c82cf67619395b60b564c90e9e5d5325fc?s=96&d=mm&r=g","url":"https:\/\/secure.gravatar.com\/avatar\/b73a087aa3bd279fb70d24f1960a91c82cf67619395b60b564c90e9e5d5325fc?s=96&d=mm&r=g","contentUrl":"https:\/\/secure.gravatar.com\/avatar\/b73a087aa3bd279fb70d24f1960a91c82cf67619395b60b564c90e9e5d5325fc?s=96&d=mm&r=g","caption":"Redazione"},"description":"News e aggiornamenti sui film, serie tv, teatro e festival italiani ed internazionali.","url":"https:\/\/www.castingnews.eu\/magazine\/author\/redazione\/"}]}},"_links":{"self":[{"href":"https:\/\/www.castingnews.eu\/magazine\/wp-json\/wp\/v2\/posts\/469","targetHints":{"allow":["GET"]}}],"collection":[{"href":"https:\/\/www.castingnews.eu\/magazine\/wp-json\/wp\/v2\/posts"}],"about":[{"href":"https:\/\/www.castingnews.eu\/magazine\/wp-json\/wp\/v2\/types\/post"}],"author":[{"embeddable":true,"href":"https:\/\/www.castingnews.eu\/magazine\/wp-json\/wp\/v2\/users\/1"}],"replies":[{"embeddable":true,"href":"https:\/\/www.castingnews.eu\/magazine\/wp-json\/wp\/v2\/comments?post=469"}],"version-history":[{"count":0,"href":"https:\/\/www.castingnews.eu\/magazine\/wp-json\/wp\/v2\/posts\/469\/revisions"}],"wp:featuredmedia":[{"embeddable":true,"href":"https:\/\/www.castingnews.eu\/magazine\/wp-json\/wp\/v2\/media\/468"}],"wp:attachment":[{"href":"https:\/\/www.castingnews.eu\/magazine\/wp-json\/wp\/v2\/media?parent=469"}],"wp:term":[{"taxonomy":"category","embeddable":true,"href":"https:\/\/www.castingnews.eu\/magazine\/wp-json\/wp\/v2\/categories?post=469"},{"taxonomy":"post_tag","embeddable":true,"href":"https:\/\/www.castingnews.eu\/magazine\/wp-json\/wp\/v2\/tags?post=469"}],"curies":[{"name":"wp","href":"https:\/\/api.w.org\/{rel}","templated":true}]}}