{"id":447,"date":"2009-09-21T14:43:31","date_gmt":"2009-09-21T13:43:31","guid":{"rendered":"http:\/\/www.film-movie.eu\/?p=447"},"modified":"2009-09-21T14:43:31","modified_gmt":"2009-09-21T13:43:31","slug":"movie-up-gira-in-verde-concorso-video","status":"publish","type":"post","link":"https:\/\/www.castingnews.eu\/magazine\/2009\/09\/21\/movie-up-gira-in-verde-concorso-video\/","title":{"rendered":"&#8220;Movie Up &#8211; Gira in verde&#8221; &#8211; Concorso video"},"content":{"rendered":"<h3 style=\"text-align: justify;\">Il concorso \u00e8 indirizzato ai giovani di et\u00e0 inferiore ai 27 anni.<\/h3>\n<p style=\"text-align: justify;\">ARPAV, Agenzia Regionale per la Prevenzione e Protezione Ambientale del Veneto, pianifica con il patrocinio dell\u2019UNESCO, del MIUR e della Regione del Veneto, un concorso video a premi sul tema del consumo responsabile e sostenibile.<br \/>\nI video dovranno suggerire nuovi atteggiamenti per rendere il consumatore informato e consapevole, capace di scegliere, nel consumo dei prodotti e quindi delle risorse ambientali, comportamenti che siano in conformit\u00e0 a principi di qualit\u00e0, efficacia, durata nel tempo, reale utilit\u00e0, corretto utilizzo, possibilit\u00e0 di manutenzione, in modo che tutto il processo, dall\u2019acquisto all\u2019uso, fino alla dismissione, sia socialmente sostenibile, rispettoso dell\u2019ambiente e minimizzi i processi di inquinamento.<br \/>\nIl concorso \u00e8 indirizzato ai giovani di et\u00e0 inferiore ai 27 anni e si suddivide in due sezioni:<br \/>\n&#8211; Studenti di et\u00e0 non inferiore a 18 anni degli istituti scolastici statali e paritari di secondo grado con sede nel territorio del Veneto.<br \/>\n&#8211; Giovani fino a 27 anni residenti in Veneto o iscritti alle Universit\u00e0 del Veneto.<\/p><div class=\"6d3639e8c6ac292cde400fad8ff8a5b9\" data-index=\"1\" style=\"float: none; margin:10px 0 10px 0; text-align:center;\">\n<script async src=\"\/\/pagead2.googlesyndication.com\/pagead\/js\/adsbygoogle.js\"><\/script>\r\n<!-- Casting Bambini NEW -->\r\n<ins class=\"adsbygoogle\"\r\n     style=\"display:inline-block;width:336px;height:280px\"\r\n     data-ad-client=\"ca-pub-5538097485429833\"\r\n     data-ad-slot=\"5127154445\"><\/ins>\r\n<script>\r\n(adsbygoogle = window.adsbygoogle || []).push({});\r\n<\/script>\n<\/div>\n\n<p style=\"text-align: justify;\">Ad ogni sezione verranno assegnati 3 premi: 3.000,00 \/ 2.000,00 \/ 1.000,00 euro.<br \/>\nVerr\u00e0 inoltre assegnato un premio speciale di 6.000 euro assegnati a completamento di un periodo di stage di 6 mesi presso ARPAV.<br \/>\nLe opere realizzate dovranno avere durata massima non superiore agli 8 minuti.<br \/>\nIl termine per la consegna \u00e8 luned\u00ec 11 gennaio 2010.<\/p>\n<p style=\"text-align: justify;\">Il regolamento del concorso e la scheda di partecipazione sono scaricabili dal sito <a href=\"http:\/\/www.arpa.veneto.it\" target=\"_blank\">www.arpa.veneto.it<\/a><\/p>\n\n<div style=\"font-size: 0px; height: 0px; line-height: 0px; margin: 0; padding: 0; clear: both;\"><\/div>","protected":false},"excerpt":{"rendered":"<p>Il concorso \u00e8 indirizzato ai giovani di et\u00e0 inferiore ai 27 anni. ARPAV, Agenzia Regionale per la Prevenzione e Protezione Ambientale del Veneto, pianifica con il patrocinio dell\u2019UNESCO, del MIUR e della Regione del Veneto, un concorso video a premi sul tema del consumo responsabile e sostenibile. I video dovranno suggerire nuovi atteggiamenti per rendere [&hellip;]<\/p>\n","protected":false},"author":1,"featured_media":448,"comment_status":"closed","ping_status":"open","sticky":false,"template":"","format":"standard","meta":{"tdm_status":"","tdm_grid_status":"","footnotes":""},"categories":[48],"tags":[168,348,952,1385,1408],"class_list":{"0":"post-447","1":"post","2":"type-post","3":"status-publish","4":"format-standard","5":"has-post-thumbnail","7":"category-video-cinematografico","8":"tag-arpav","9":"tag-concorso","10":"tag-miur","11":"tag-unesco","12":"tag-video"},"yoast_head":"<!-- This site is optimized with the Yoast SEO plugin v27.4 - https:\/\/yoast.com\/product\/yoast-seo-wordpress\/ -->\r\n<title>&quot;Movie Up - Gira in verde&quot; - Concorso video - Casting News Magazine<\/title>\r\n<meta name=\"robots\" content=\"index, follow, max-snippet:-1, max-image-preview:large, max-video-preview:-1\" \/>\r\n<link rel=\"canonical\" href=\"https:\/\/www.castingnews.eu\/magazine\/2009\/09\/21\/movie-up-gira-in-verde-concorso-video\/\" \/>\r\n<meta property=\"og:locale\" content=\"it_IT\" \/>\r\n<meta property=\"og:type\" content=\"article\" \/>\r\n<meta property=\"og:title\" content=\"&quot;Movie Up - Gira in verde&quot; - Concorso video - Casting News Magazine\" \/>\r\n<meta property=\"og:description\" content=\"Il concorso \u00e8 indirizzato ai giovani di et\u00e0 inferiore ai 27 anni. ARPAV, Agenzia Regionale per la Prevenzione e Protezione Ambientale del Veneto, pianifica con il patrocinio dell\u2019UNESCO, del MIUR e della Regione del Veneto, un concorso video a premi sul tema del consumo responsabile e sostenibile. I video dovranno suggerire nuovi atteggiamenti per rendere [&hellip;]\" \/>\r\n<meta property=\"og:url\" content=\"https:\/\/www.castingnews.eu\/magazine\/2009\/09\/21\/movie-up-gira-in-verde-concorso-video\/\" \/>\r\n<meta property=\"og:site_name\" content=\"Casting News Magazine\" \/>\r\n<meta property=\"article:published_time\" content=\"2009-09-21T13:43:31+00:00\" \/>\r\n<meta property=\"og:image\" content=\"https:\/\/www.castingnews.eu\/magazine\/wp-content\/uploads\/2009\/09\/movie-up-concorso-1.jpg\" \/>\r\n\t<meta property=\"og:image:width\" content=\"450\" \/>\r\n\t<meta property=\"og:image:height\" content=\"256\" \/>\r\n\t<meta property=\"og:image:type\" content=\"image\/jpeg\" \/>\r\n<meta name=\"author\" content=\"Redazione\" \/>\r\n<meta name=\"twitter:card\" content=\"summary_large_image\" \/>\r\n<meta name=\"twitter:label1\" content=\"Scritto da\" \/>\n\t<meta name=\"twitter:data1\" content=\"Redazione\" \/>\n\t<meta name=\"twitter:label2\" content=\"Tempo di lettura stimato\" \/>\n\t<meta name=\"twitter:data2\" content=\"1 minuto\" \/>\r\n<script type=\"application\/ld+json\" class=\"yoast-schema-graph\">{\"@context\":\"https:\\\/\\\/schema.org\",\"@graph\":[{\"@type\":\"Article\",\"@id\":\"https:\\\/\\\/www.castingnews.eu\\\/magazine\\\/2009\\\/09\\\/21\\\/movie-up-gira-in-verde-concorso-video\\\/#article\",\"isPartOf\":{\"@id\":\"https:\\\/\\\/www.castingnews.eu\\\/magazine\\\/2009\\\/09\\\/21\\\/movie-up-gira-in-verde-concorso-video\\\/\"},\"author\":{\"name\":\"Redazione\",\"@id\":\"https:\\\/\\\/www.castingnews.eu\\\/magazine\\\/#\\\/schema\\\/person\\\/099d71c568c9a7e5e4037b1594108f17\"},\"headline\":\"&#8220;Movie Up &#8211; Gira in verde&#8221; &#8211; Concorso video\",\"datePublished\":\"2009-09-21T13:43:31+00:00\",\"mainEntityOfPage\":{\"@id\":\"https:\\\/\\\/www.castingnews.eu\\\/magazine\\\/2009\\\/09\\\/21\\\/movie-up-gira-in-verde-concorso-video\\\/\"},\"wordCount\":240,\"image\":{\"@id\":\"https:\\\/\\\/www.castingnews.eu\\\/magazine\\\/2009\\\/09\\\/21\\\/movie-up-gira-in-verde-concorso-video\\\/#primaryimage\"},\"thumbnailUrl\":\"https:\\\/\\\/www.castingnews.eu\\\/magazine\\\/wp-content\\\/uploads\\\/2009\\\/09\\\/movie-up-concorso-1.jpg\",\"keywords\":[\"Arpav\",\"Concorso\",\"Miur\",\"Unesco\",\"Video\"],\"articleSection\":[\"Video-cinematografico\"],\"inLanguage\":\"it-IT\"},{\"@type\":\"WebPage\",\"@id\":\"https:\\\/\\\/www.castingnews.eu\\\/magazine\\\/2009\\\/09\\\/21\\\/movie-up-gira-in-verde-concorso-video\\\/\",\"url\":\"https:\\\/\\\/www.castingnews.eu\\\/magazine\\\/2009\\\/09\\\/21\\\/movie-up-gira-in-verde-concorso-video\\\/\",\"name\":\"\\\"Movie Up - Gira in verde\\\" - Concorso video - Casting News Magazine\",\"isPartOf\":{\"@id\":\"https:\\\/\\\/www.castingnews.eu\\\/magazine\\\/#website\"},\"primaryImageOfPage\":{\"@id\":\"https:\\\/\\\/www.castingnews.eu\\\/magazine\\\/2009\\\/09\\\/21\\\/movie-up-gira-in-verde-concorso-video\\\/#primaryimage\"},\"image\":{\"@id\":\"https:\\\/\\\/www.castingnews.eu\\\/magazine\\\/2009\\\/09\\\/21\\\/movie-up-gira-in-verde-concorso-video\\\/#primaryimage\"},\"thumbnailUrl\":\"https:\\\/\\\/www.castingnews.eu\\\/magazine\\\/wp-content\\\/uploads\\\/2009\\\/09\\\/movie-up-concorso-1.jpg\",\"datePublished\":\"2009-09-21T13:43:31+00:00\",\"author\":{\"@id\":\"https:\\\/\\\/www.castingnews.eu\\\/magazine\\\/#\\\/schema\\\/person\\\/099d71c568c9a7e5e4037b1594108f17\"},\"breadcrumb\":{\"@id\":\"https:\\\/\\\/www.castingnews.eu\\\/magazine\\\/2009\\\/09\\\/21\\\/movie-up-gira-in-verde-concorso-video\\\/#breadcrumb\"},\"inLanguage\":\"it-IT\",\"potentialAction\":[{\"@type\":\"ReadAction\",\"target\":[\"https:\\\/\\\/www.castingnews.eu\\\/magazine\\\/2009\\\/09\\\/21\\\/movie-up-gira-in-verde-concorso-video\\\/\"]}]},{\"@type\":\"ImageObject\",\"inLanguage\":\"it-IT\",\"@id\":\"https:\\\/\\\/www.castingnews.eu\\\/magazine\\\/2009\\\/09\\\/21\\\/movie-up-gira-in-verde-concorso-video\\\/#primaryimage\",\"url\":\"https:\\\/\\\/www.castingnews.eu\\\/magazine\\\/wp-content\\\/uploads\\\/2009\\\/09\\\/movie-up-concorso-1.jpg\",\"contentUrl\":\"https:\\\/\\\/www.castingnews.eu\\\/magazine\\\/wp-content\\\/uploads\\\/2009\\\/09\\\/movie-up-concorso-1.jpg\",\"width\":450,\"height\":256},{\"@type\":\"BreadcrumbList\",\"@id\":\"https:\\\/\\\/www.castingnews.eu\\\/magazine\\\/2009\\\/09\\\/21\\\/movie-up-gira-in-verde-concorso-video\\\/#breadcrumb\",\"itemListElement\":[{\"@type\":\"ListItem\",\"position\":1,\"name\":\"Home\",\"item\":\"https:\\\/\\\/www.castingnews.eu\\\/magazine\\\/\"},{\"@type\":\"ListItem\",\"position\":2,\"name\":\"&#8220;Movie Up &#8211; Gira in verde&#8221; &#8211; Concorso video\"}]},{\"@type\":\"WebSite\",\"@id\":\"https:\\\/\\\/www.castingnews.eu\\\/magazine\\\/#website\",\"url\":\"https:\\\/\\\/www.castingnews.eu\\\/magazine\\\/\",\"name\":\"Casting News Magazine\",\"description\":\"News e aggiornamenti sui film, serie tv, teatro e festival italiani ed internazionali\",\"potentialAction\":[{\"@type\":\"SearchAction\",\"target\":{\"@type\":\"EntryPoint\",\"urlTemplate\":\"https:\\\/\\\/www.castingnews.eu\\\/magazine\\\/?s={search_term_string}\"},\"query-input\":{\"@type\":\"PropertyValueSpecification\",\"valueRequired\":true,\"valueName\":\"search_term_string\"}}],\"inLanguage\":\"it-IT\"},{\"@type\":\"Person\",\"@id\":\"https:\\\/\\\/www.castingnews.eu\\\/magazine\\\/#\\\/schema\\\/person\\\/099d71c568c9a7e5e4037b1594108f17\",\"name\":\"Redazione\",\"image\":{\"@type\":\"ImageObject\",\"inLanguage\":\"it-IT\",\"@id\":\"https:\\\/\\\/secure.gravatar.com\\\/avatar\\\/b73a087aa3bd279fb70d24f1960a91c82cf67619395b60b564c90e9e5d5325fc?s=96&d=mm&r=g\",\"url\":\"https:\\\/\\\/secure.gravatar.com\\\/avatar\\\/b73a087aa3bd279fb70d24f1960a91c82cf67619395b60b564c90e9e5d5325fc?s=96&d=mm&r=g\",\"contentUrl\":\"https:\\\/\\\/secure.gravatar.com\\\/avatar\\\/b73a087aa3bd279fb70d24f1960a91c82cf67619395b60b564c90e9e5d5325fc?s=96&d=mm&r=g\",\"caption\":\"Redazione\"},\"description\":\"News e aggiornamenti sui film, serie tv, teatro e festival italiani ed internazionali.\",\"url\":\"https:\\\/\\\/www.castingnews.eu\\\/magazine\\\/author\\\/redazione\\\/\"}]}<\/script>\r\n<!-- \/ Yoast SEO plugin. -->","yoast_head_json":{"title":"\"Movie Up - Gira in verde\" - Concorso video - Casting News Magazine","robots":{"index":"index","follow":"follow","max-snippet":"max-snippet:-1","max-image-preview":"max-image-preview:large","max-video-preview":"max-video-preview:-1"},"canonical":"https:\/\/www.castingnews.eu\/magazine\/2009\/09\/21\/movie-up-gira-in-verde-concorso-video\/","og_locale":"it_IT","og_type":"article","og_title":"\"Movie Up - Gira in verde\" - Concorso video - Casting News Magazine","og_description":"Il concorso \u00e8 indirizzato ai giovani di et\u00e0 inferiore ai 27 anni. ARPAV, Agenzia Regionale per la Prevenzione e Protezione Ambientale del Veneto, pianifica con il patrocinio dell\u2019UNESCO, del MIUR e della Regione del Veneto, un concorso video a premi sul tema del consumo responsabile e sostenibile. I video dovranno suggerire nuovi atteggiamenti per rendere [&hellip;]","og_url":"https:\/\/www.castingnews.eu\/magazine\/2009\/09\/21\/movie-up-gira-in-verde-concorso-video\/","og_site_name":"Casting News Magazine","article_published_time":"2009-09-21T13:43:31+00:00","og_image":[{"width":450,"height":256,"url":"https:\/\/www.castingnews.eu\/magazine\/wp-content\/uploads\/2009\/09\/movie-up-concorso-1.jpg","type":"image\/jpeg"}],"author":"Redazione","twitter_card":"summary_large_image","twitter_misc":{"Scritto da":"Redazione","Tempo di lettura stimato":"1 minuto"},"schema":{"@context":"https:\/\/schema.org","@graph":[{"@type":"Article","@id":"https:\/\/www.castingnews.eu\/magazine\/2009\/09\/21\/movie-up-gira-in-verde-concorso-video\/#article","isPartOf":{"@id":"https:\/\/www.castingnews.eu\/magazine\/2009\/09\/21\/movie-up-gira-in-verde-concorso-video\/"},"author":{"name":"Redazione","@id":"https:\/\/www.castingnews.eu\/magazine\/#\/schema\/person\/099d71c568c9a7e5e4037b1594108f17"},"headline":"&#8220;Movie Up &#8211; Gira in verde&#8221; &#8211; Concorso video","datePublished":"2009-09-21T13:43:31+00:00","mainEntityOfPage":{"@id":"https:\/\/www.castingnews.eu\/magazine\/2009\/09\/21\/movie-up-gira-in-verde-concorso-video\/"},"wordCount":240,"image":{"@id":"https:\/\/www.castingnews.eu\/magazine\/2009\/09\/21\/movie-up-gira-in-verde-concorso-video\/#primaryimage"},"thumbnailUrl":"https:\/\/www.castingnews.eu\/magazine\/wp-content\/uploads\/2009\/09\/movie-up-concorso-1.jpg","keywords":["Arpav","Concorso","Miur","Unesco","Video"],"articleSection":["Video-cinematografico"],"inLanguage":"it-IT"},{"@type":"WebPage","@id":"https:\/\/www.castingnews.eu\/magazine\/2009\/09\/21\/movie-up-gira-in-verde-concorso-video\/","url":"https:\/\/www.castingnews.eu\/magazine\/2009\/09\/21\/movie-up-gira-in-verde-concorso-video\/","name":"\"Movie Up - Gira in verde\" - Concorso video - Casting News Magazine","isPartOf":{"@id":"https:\/\/www.castingnews.eu\/magazine\/#website"},"primaryImageOfPage":{"@id":"https:\/\/www.castingnews.eu\/magazine\/2009\/09\/21\/movie-up-gira-in-verde-concorso-video\/#primaryimage"},"image":{"@id":"https:\/\/www.castingnews.eu\/magazine\/2009\/09\/21\/movie-up-gira-in-verde-concorso-video\/#primaryimage"},"thumbnailUrl":"https:\/\/www.castingnews.eu\/magazine\/wp-content\/uploads\/2009\/09\/movie-up-concorso-1.jpg","datePublished":"2009-09-21T13:43:31+00:00","author":{"@id":"https:\/\/www.castingnews.eu\/magazine\/#\/schema\/person\/099d71c568c9a7e5e4037b1594108f17"},"breadcrumb":{"@id":"https:\/\/www.castingnews.eu\/magazine\/2009\/09\/21\/movie-up-gira-in-verde-concorso-video\/#breadcrumb"},"inLanguage":"it-IT","potentialAction":[{"@type":"ReadAction","target":["https:\/\/www.castingnews.eu\/magazine\/2009\/09\/21\/movie-up-gira-in-verde-concorso-video\/"]}]},{"@type":"ImageObject","inLanguage":"it-IT","@id":"https:\/\/www.castingnews.eu\/magazine\/2009\/09\/21\/movie-up-gira-in-verde-concorso-video\/#primaryimage","url":"https:\/\/www.castingnews.eu\/magazine\/wp-content\/uploads\/2009\/09\/movie-up-concorso-1.jpg","contentUrl":"https:\/\/www.castingnews.eu\/magazine\/wp-content\/uploads\/2009\/09\/movie-up-concorso-1.jpg","width":450,"height":256},{"@type":"BreadcrumbList","@id":"https:\/\/www.castingnews.eu\/magazine\/2009\/09\/21\/movie-up-gira-in-verde-concorso-video\/#breadcrumb","itemListElement":[{"@type":"ListItem","position":1,"name":"Home","item":"https:\/\/www.castingnews.eu\/magazine\/"},{"@type":"ListItem","position":2,"name":"&#8220;Movie Up &#8211; Gira in verde&#8221; &#8211; Concorso video"}]},{"@type":"WebSite","@id":"https:\/\/www.castingnews.eu\/magazine\/#website","url":"https:\/\/www.castingnews.eu\/magazine\/","name":"Casting News Magazine","description":"News e aggiornamenti sui film, serie tv, teatro e festival italiani ed internazionali","potentialAction":[{"@type":"SearchAction","target":{"@type":"EntryPoint","urlTemplate":"https:\/\/www.castingnews.eu\/magazine\/?s={search_term_string}"},"query-input":{"@type":"PropertyValueSpecification","valueRequired":true,"valueName":"search_term_string"}}],"inLanguage":"it-IT"},{"@type":"Person","@id":"https:\/\/www.castingnews.eu\/magazine\/#\/schema\/person\/099d71c568c9a7e5e4037b1594108f17","name":"Redazione","image":{"@type":"ImageObject","inLanguage":"it-IT","@id":"https:\/\/secure.gravatar.com\/avatar\/b73a087aa3bd279fb70d24f1960a91c82cf67619395b60b564c90e9e5d5325fc?s=96&d=mm&r=g","url":"https:\/\/secure.gravatar.com\/avatar\/b73a087aa3bd279fb70d24f1960a91c82cf67619395b60b564c90e9e5d5325fc?s=96&d=mm&r=g","contentUrl":"https:\/\/secure.gravatar.com\/avatar\/b73a087aa3bd279fb70d24f1960a91c82cf67619395b60b564c90e9e5d5325fc?s=96&d=mm&r=g","caption":"Redazione"},"description":"News e aggiornamenti sui film, serie tv, teatro e festival italiani ed internazionali.","url":"https:\/\/www.castingnews.eu\/magazine\/author\/redazione\/"}]}},"_links":{"self":[{"href":"https:\/\/www.castingnews.eu\/magazine\/wp-json\/wp\/v2\/posts\/447","targetHints":{"allow":["GET"]}}],"collection":[{"href":"https:\/\/www.castingnews.eu\/magazine\/wp-json\/wp\/v2\/posts"}],"about":[{"href":"https:\/\/www.castingnews.eu\/magazine\/wp-json\/wp\/v2\/types\/post"}],"author":[{"embeddable":true,"href":"https:\/\/www.castingnews.eu\/magazine\/wp-json\/wp\/v2\/users\/1"}],"replies":[{"embeddable":true,"href":"https:\/\/www.castingnews.eu\/magazine\/wp-json\/wp\/v2\/comments?post=447"}],"version-history":[{"count":0,"href":"https:\/\/www.castingnews.eu\/magazine\/wp-json\/wp\/v2\/posts\/447\/revisions"}],"wp:featuredmedia":[{"embeddable":true,"href":"https:\/\/www.castingnews.eu\/magazine\/wp-json\/wp\/v2\/media\/448"}],"wp:attachment":[{"href":"https:\/\/www.castingnews.eu\/magazine\/wp-json\/wp\/v2\/media?parent=447"}],"wp:term":[{"taxonomy":"category","embeddable":true,"href":"https:\/\/www.castingnews.eu\/magazine\/wp-json\/wp\/v2\/categories?post=447"},{"taxonomy":"post_tag","embeddable":true,"href":"https:\/\/www.castingnews.eu\/magazine\/wp-json\/wp\/v2\/tags?post=447"}],"curies":[{"name":"wp","href":"https:\/\/api.w.org\/{rel}","templated":true}]}}