{"id":4318,"date":"2022-11-14T17:43:55","date_gmt":"2022-11-14T16:43:55","guid":{"rendered":"https:\/\/www.castingnews.eu\/magazine\/?p=4318"},"modified":"2023-04-06T14:13:52","modified_gmt":"2023-04-06T12:13:52","slug":"il-comandante-al-via-le-riprese-del-nuovo-film-con-pierfrancesco-favino","status":"publish","type":"post","link":"https:\/\/www.castingnews.eu\/magazine\/2022\/11\/14\/il-comandante-al-via-le-riprese-del-nuovo-film-con-pierfrancesco-favino\/","title":{"rendered":"Il Comandante: al via le riprese del nuovo film con Pierfrancesco Favino"},"content":{"rendered":"\n<p>Iniziano le riprese de <strong><a href=\"https:\/\/www.castingnews.eu\/news\/news.asp?id_news=9822&amp;id_cat=2\">&#8220;Il Comandante&#8221;<\/a><\/strong>, il nuovo film diretto da Edoardo De Angelis con Pierfrancesco Favino, Massimiliano Rossi e Silvia D&#8217;Amico.<br>Per la realizzazione del film \u00e8 stato ricostruito in ogni dettaglio il sommergibile Cappellini del 1940, lungo 73 metri per 70 tonnellate di acciaio, ricreato a partire dai progetti trovati nell&#8217;Ufficio Storico della Marina Militare. La sua costruzione, in collaborazione con Cinecitt\u00e0, ha coinvolto pi\u00f9 di 100 professionisti fra ingegneri, costruttori e artigiani. I lavori sono durati 8 mesi e si sono conclusi con il varo all\u2019interno del bacino dell\u2019arsenale della Marina Militare.<br>Le riprese hanno una durata di 8 settimane e si svolgono a Taranto e Roma.<\/p><div class=\"6d3639e8c6ac292cde400fad8ff8a5b9\" data-index=\"1\" style=\"float: none; margin:10px 0 10px 0; text-align:center;\">\n<script async src=\"\/\/pagead2.googlesyndication.com\/pagead\/js\/adsbygoogle.js\"><\/script>\r\n<!-- Casting Bambini NEW -->\r\n<ins class=\"adsbygoogle\"\r\n     style=\"display:inline-block;width:336px;height:280px\"\r\n     data-ad-client=\"ca-pub-5538097485429833\"\r\n     data-ad-slot=\"5127154445\"><\/ins>\r\n<script>\r\n(adsbygoogle = window.adsbygoogle || []).push({});\r\n<\/script>\n<\/div>\n\n\n\n\n<p>Il film \u00e8 una produzione Indigo Film con Rai Cinema, O&#8217;Groove, Tramp LTD, VGroove e Wise realizzata con il supporto del Programma Europa Creativa &#8211; MEDIA dell&#8217;Unione Europea e della Direzione Generale Cinema e audiovisivo del Ministero della Cultura con il contributo allo sviluppo della Regione Campania, dell\u2019Agenzia Turistica Regionale Puglia Promozione e con la collaborazione dell\u2019Apulia Film Commission, prodotto da Pierpaolo Verga, Nicola Giuliano, Attilio De Razza, Edoardo De Angelis in collaborazione con Marina Militare, Cinecitt\u00e0 e Fincantieri in coproduzione con Beside Production, sar\u00e0 portato in sala da 01 Distribution.<\/p>\n\n\n\n<p>SINOSSI<br>Salvatore Todaro comanda il sommergibile Cappellini. Durante la Seconda Guerra Mondiale, nel 1940, mentre perlustra l\u2019Atlantico in cerca del nemico, si imbatte nel Kabalo, un mercantile armato belga. Il Belgio \u00e8 una nazione neutrale per\u00f2 il battello naviga a luci spente e trasporta aerei inglesi. Scoppia una battaglia in cui Todaro perde un uomo valoroso e affonda il mercantile senza piet\u00e0. Non \u00e8 per\u00f2 l\u2019affondamento che fa di lui un eroe consegnato alla memoria eterna. Piuttosto, \u00e8 il salvataggio dei 26 naufraghi, effettuato navigando in emersione per 4 giorni e 4 notti mettendo a repentaglio la sua vita e quella dei suoi uomini. Il capitano del Kabalo, congedandosi da lui, gli chiede perch\u00e9 si sia esposto ad un tale rischio per loro che al suo posto non lo avrebbero mai fatto. Todaro risponde: \u201cnoi siamo italiani\u201d.<\/p>\n\n<div style=\"font-size: 0px; height: 0px; line-height: 0px; margin: 0; padding: 0; clear: both;\"><\/div>","protected":false},"excerpt":{"rendered":"<p>Iniziano le riprese de &#8220;Il Comandante&#8221;, il nuovo film diretto da Edoardo De Angelis con Pierfrancesco Favino, Massimiliano Rossi e Silvia D&#8217;Amico.Per la realizzazione del film \u00e8 stato ricostruito in ogni dettaglio il sommergibile Cappellini del 1940, lungo 73 metri per 70 tonnellate di acciaio, ricreato a partire dai progetti trovati nell&#8217;Ufficio Storico della Marina [&hellip;]<\/p>\n","protected":false},"author":1,"featured_media":5584,"comment_status":"open","ping_status":"open","sticky":false,"template":"","format":"standard","meta":{"tdm_status":"","tdm_grid_status":"","footnotes":""},"categories":[1533,71,21,30,38],"tags":[3737,2224,273,2176,534,3735,835,3739,3899,3740,3738,1698,1136,3736,3900],"class_list":{"0":"post-4318","1":"post","2":"type-post","3":"status-publish","4":"format-standard","5":"has-post-thumbnail","7":"category-featured","8":"category-italia-paese","9":"category-in-primo-piano","10":"category-progetti-cinematografici","11":"category-storico","12":"tag-cappellini","13":"tag-casting-film","14":"tag-casting-news","15":"tag-edoardo-de-angelis","16":"tag-film","17":"tag-il-comandante","18":"tag-lungometraggio","19":"tag-manny-films","20":"tag-massimiliano-rossi","21":"tag-ministero-della-cultura","22":"tag-ogroove","23":"tag-pierfrancesco-favino","24":"tag-rai-cinema","25":"tag-salvatore-todaro","26":"tag-silvia-damico-2"},"yoast_head":"<!-- This site is optimized with the Yoast SEO plugin v27.4 - https:\/\/yoast.com\/product\/yoast-seo-wordpress\/ -->\r\n<title>Il Comandante: al via le riprese del nuovo film con Pierfrancesco Favino - Casting News Magazine<\/title>\r\n<meta name=\"robots\" content=\"index, follow, max-snippet:-1, max-image-preview:large, max-video-preview:-1\" \/>\r\n<link rel=\"canonical\" href=\"https:\/\/www.castingnews.eu\/magazine\/2022\/11\/14\/il-comandante-al-via-le-riprese-del-nuovo-film-con-pierfrancesco-favino\/\" \/>\r\n<meta property=\"og:locale\" content=\"it_IT\" \/>\r\n<meta property=\"og:type\" content=\"article\" \/>\r\n<meta property=\"og:title\" content=\"Il Comandante: al via le riprese del nuovo film con Pierfrancesco Favino - Casting News Magazine\" \/>\r\n<meta property=\"og:description\" content=\"Iniziano le riprese de &#8220;Il Comandante&#8221;, il nuovo film diretto da Edoardo De Angelis con Pierfrancesco Favino, Massimiliano Rossi e Silvia D&#8217;Amico.Per la realizzazione del film \u00e8 stato ricostruito in ogni dettaglio il sommergibile Cappellini del 1940, lungo 73 metri per 70 tonnellate di acciaio, ricreato a partire dai progetti trovati nell&#8217;Ufficio Storico della Marina [&hellip;]\" \/>\r\n<meta property=\"og:url\" content=\"https:\/\/www.castingnews.eu\/magazine\/2022\/11\/14\/il-comandante-al-via-le-riprese-del-nuovo-film-con-pierfrancesco-favino\/\" \/>\r\n<meta property=\"og:site_name\" content=\"Casting News Magazine\" \/>\r\n<meta property=\"article:published_time\" content=\"2022-11-14T16:43:55+00:00\" \/>\r\n<meta property=\"article:modified_time\" content=\"2023-04-06T12:13:52+00:00\" \/>\r\n<meta property=\"og:image\" content=\"https:\/\/www.castingnews.eu\/magazine\/wp-content\/uploads\/2020\/10\/ciak-castingnews-movie-2023.jpg\" \/>\r\n\t<meta property=\"og:image:width\" content=\"750\" \/>\r\n\t<meta property=\"og:image:height\" content=\"564\" \/>\r\n\t<meta property=\"og:image:type\" content=\"image\/jpeg\" \/>\r\n<meta name=\"author\" content=\"Redazione\" \/>\r\n<meta name=\"twitter:card\" content=\"summary_large_image\" \/>\r\n<meta name=\"twitter:label1\" content=\"Scritto da\" \/>\n\t<meta name=\"twitter:data1\" content=\"Redazione\" \/>\n\t<meta name=\"twitter:label2\" content=\"Tempo di lettura stimato\" \/>\n\t<meta name=\"twitter:data2\" content=\"2 minuti\" \/>\r\n<script type=\"application\/ld+json\" class=\"yoast-schema-graph\">{\"@context\":\"https:\\\/\\\/schema.org\",\"@graph\":[{\"@type\":\"Article\",\"@id\":\"https:\\\/\\\/www.castingnews.eu\\\/magazine\\\/2022\\\/11\\\/14\\\/il-comandante-al-via-le-riprese-del-nuovo-film-con-pierfrancesco-favino\\\/#article\",\"isPartOf\":{\"@id\":\"https:\\\/\\\/www.castingnews.eu\\\/magazine\\\/2022\\\/11\\\/14\\\/il-comandante-al-via-le-riprese-del-nuovo-film-con-pierfrancesco-favino\\\/\"},\"author\":{\"name\":\"Redazione\",\"@id\":\"https:\\\/\\\/www.castingnews.eu\\\/magazine\\\/#\\\/schema\\\/person\\\/099d71c568c9a7e5e4037b1594108f17\"},\"headline\":\"Il Comandante: al via le riprese del nuovo film con Pierfrancesco Favino\",\"datePublished\":\"2022-11-14T16:43:55+00:00\",\"dateModified\":\"2023-04-06T12:13:52+00:00\",\"mainEntityOfPage\":{\"@id\":\"https:\\\/\\\/www.castingnews.eu\\\/magazine\\\/2022\\\/11\\\/14\\\/il-comandante-al-via-le-riprese-del-nuovo-film-con-pierfrancesco-favino\\\/\"},\"wordCount\":343,\"commentCount\":0,\"image\":{\"@id\":\"https:\\\/\\\/www.castingnews.eu\\\/magazine\\\/2022\\\/11\\\/14\\\/il-comandante-al-via-le-riprese-del-nuovo-film-con-pierfrancesco-favino\\\/#primaryimage\"},\"thumbnailUrl\":\"https:\\\/\\\/www.castingnews.eu\\\/magazine\\\/wp-content\\\/uploads\\\/2020\\\/10\\\/ciak-castingnews-movie-2023.jpg\",\"keywords\":[\"Cappellini\",\"casting film\",\"Casting News\",\"Edoardo De Angelis\",\"Film\",\"Il Comandante\",\"Lungometraggio\",\"Manny Films\",\"Massimiliano Rossi\",\"Ministero della Cultura\",\"O\u2019Groove\",\"Pierfrancesco Favino\",\"Rai Cinema\",\"Salvatore Todaro\",\"Silvia D&#039;Amico\"],\"articleSection\":[\"In primo piano\",\"Italia\",\"Primo piano\",\"Progetti cinematografici\",\"Storico\"],\"inLanguage\":\"it-IT\",\"potentialAction\":[{\"@type\":\"CommentAction\",\"name\":\"Comment\",\"target\":[\"https:\\\/\\\/www.castingnews.eu\\\/magazine\\\/2022\\\/11\\\/14\\\/il-comandante-al-via-le-riprese-del-nuovo-film-con-pierfrancesco-favino\\\/#respond\"]}]},{\"@type\":\"WebPage\",\"@id\":\"https:\\\/\\\/www.castingnews.eu\\\/magazine\\\/2022\\\/11\\\/14\\\/il-comandante-al-via-le-riprese-del-nuovo-film-con-pierfrancesco-favino\\\/\",\"url\":\"https:\\\/\\\/www.castingnews.eu\\\/magazine\\\/2022\\\/11\\\/14\\\/il-comandante-al-via-le-riprese-del-nuovo-film-con-pierfrancesco-favino\\\/\",\"name\":\"Il Comandante: al via le riprese del nuovo film con Pierfrancesco Favino - Casting News Magazine\",\"isPartOf\":{\"@id\":\"https:\\\/\\\/www.castingnews.eu\\\/magazine\\\/#website\"},\"primaryImageOfPage\":{\"@id\":\"https:\\\/\\\/www.castingnews.eu\\\/magazine\\\/2022\\\/11\\\/14\\\/il-comandante-al-via-le-riprese-del-nuovo-film-con-pierfrancesco-favino\\\/#primaryimage\"},\"image\":{\"@id\":\"https:\\\/\\\/www.castingnews.eu\\\/magazine\\\/2022\\\/11\\\/14\\\/il-comandante-al-via-le-riprese-del-nuovo-film-con-pierfrancesco-favino\\\/#primaryimage\"},\"thumbnailUrl\":\"https:\\\/\\\/www.castingnews.eu\\\/magazine\\\/wp-content\\\/uploads\\\/2020\\\/10\\\/ciak-castingnews-movie-2023.jpg\",\"datePublished\":\"2022-11-14T16:43:55+00:00\",\"dateModified\":\"2023-04-06T12:13:52+00:00\",\"author\":{\"@id\":\"https:\\\/\\\/www.castingnews.eu\\\/magazine\\\/#\\\/schema\\\/person\\\/099d71c568c9a7e5e4037b1594108f17\"},\"breadcrumb\":{\"@id\":\"https:\\\/\\\/www.castingnews.eu\\\/magazine\\\/2022\\\/11\\\/14\\\/il-comandante-al-via-le-riprese-del-nuovo-film-con-pierfrancesco-favino\\\/#breadcrumb\"},\"inLanguage\":\"it-IT\",\"potentialAction\":[{\"@type\":\"ReadAction\",\"target\":[\"https:\\\/\\\/www.castingnews.eu\\\/magazine\\\/2022\\\/11\\\/14\\\/il-comandante-al-via-le-riprese-del-nuovo-film-con-pierfrancesco-favino\\\/\"]}]},{\"@type\":\"ImageObject\",\"inLanguage\":\"it-IT\",\"@id\":\"https:\\\/\\\/www.castingnews.eu\\\/magazine\\\/2022\\\/11\\\/14\\\/il-comandante-al-via-le-riprese-del-nuovo-film-con-pierfrancesco-favino\\\/#primaryimage\",\"url\":\"https:\\\/\\\/www.castingnews.eu\\\/magazine\\\/wp-content\\\/uploads\\\/2020\\\/10\\\/ciak-castingnews-movie-2023.jpg\",\"contentUrl\":\"https:\\\/\\\/www.castingnews.eu\\\/magazine\\\/wp-content\\\/uploads\\\/2020\\\/10\\\/ciak-castingnews-movie-2023.jpg\",\"width\":750,\"height\":564},{\"@type\":\"BreadcrumbList\",\"@id\":\"https:\\\/\\\/www.castingnews.eu\\\/magazine\\\/2022\\\/11\\\/14\\\/il-comandante-al-via-le-riprese-del-nuovo-film-con-pierfrancesco-favino\\\/#breadcrumb\",\"itemListElement\":[{\"@type\":\"ListItem\",\"position\":1,\"name\":\"Home\",\"item\":\"https:\\\/\\\/www.castingnews.eu\\\/magazine\\\/\"},{\"@type\":\"ListItem\",\"position\":2,\"name\":\"Il Comandante: al via le riprese del nuovo film con Pierfrancesco Favino\"}]},{\"@type\":\"WebSite\",\"@id\":\"https:\\\/\\\/www.castingnews.eu\\\/magazine\\\/#website\",\"url\":\"https:\\\/\\\/www.castingnews.eu\\\/magazine\\\/\",\"name\":\"Casting News Magazine\",\"description\":\"News e aggiornamenti sui film, serie tv, teatro e festival italiani ed internazionali\",\"potentialAction\":[{\"@type\":\"SearchAction\",\"target\":{\"@type\":\"EntryPoint\",\"urlTemplate\":\"https:\\\/\\\/www.castingnews.eu\\\/magazine\\\/?s={search_term_string}\"},\"query-input\":{\"@type\":\"PropertyValueSpecification\",\"valueRequired\":true,\"valueName\":\"search_term_string\"}}],\"inLanguage\":\"it-IT\"},{\"@type\":\"Person\",\"@id\":\"https:\\\/\\\/www.castingnews.eu\\\/magazine\\\/#\\\/schema\\\/person\\\/099d71c568c9a7e5e4037b1594108f17\",\"name\":\"Redazione\",\"image\":{\"@type\":\"ImageObject\",\"inLanguage\":\"it-IT\",\"@id\":\"https:\\\/\\\/secure.gravatar.com\\\/avatar\\\/b73a087aa3bd279fb70d24f1960a91c82cf67619395b60b564c90e9e5d5325fc?s=96&d=mm&r=g\",\"url\":\"https:\\\/\\\/secure.gravatar.com\\\/avatar\\\/b73a087aa3bd279fb70d24f1960a91c82cf67619395b60b564c90e9e5d5325fc?s=96&d=mm&r=g\",\"contentUrl\":\"https:\\\/\\\/secure.gravatar.com\\\/avatar\\\/b73a087aa3bd279fb70d24f1960a91c82cf67619395b60b564c90e9e5d5325fc?s=96&d=mm&r=g\",\"caption\":\"Redazione\"},\"description\":\"News e aggiornamenti sui film, serie tv, teatro e festival italiani ed internazionali.\",\"url\":\"https:\\\/\\\/www.castingnews.eu\\\/magazine\\\/author\\\/redazione\\\/\"}]}<\/script>\r\n<!-- \/ Yoast SEO plugin. -->","yoast_head_json":{"title":"Il Comandante: al via le riprese del nuovo film con Pierfrancesco Favino - Casting News Magazine","robots":{"index":"index","follow":"follow","max-snippet":"max-snippet:-1","max-image-preview":"max-image-preview:large","max-video-preview":"max-video-preview:-1"},"canonical":"https:\/\/www.castingnews.eu\/magazine\/2022\/11\/14\/il-comandante-al-via-le-riprese-del-nuovo-film-con-pierfrancesco-favino\/","og_locale":"it_IT","og_type":"article","og_title":"Il Comandante: al via le riprese del nuovo film con Pierfrancesco Favino - Casting News Magazine","og_description":"Iniziano le riprese de &#8220;Il Comandante&#8221;, il nuovo film diretto da Edoardo De Angelis con Pierfrancesco Favino, Massimiliano Rossi e Silvia D&#8217;Amico.Per la realizzazione del film \u00e8 stato ricostruito in ogni dettaglio il sommergibile Cappellini del 1940, lungo 73 metri per 70 tonnellate di acciaio, ricreato a partire dai progetti trovati nell&#8217;Ufficio Storico della Marina [&hellip;]","og_url":"https:\/\/www.castingnews.eu\/magazine\/2022\/11\/14\/il-comandante-al-via-le-riprese-del-nuovo-film-con-pierfrancesco-favino\/","og_site_name":"Casting News Magazine","article_published_time":"2022-11-14T16:43:55+00:00","article_modified_time":"2023-04-06T12:13:52+00:00","og_image":[{"width":750,"height":564,"url":"https:\/\/www.castingnews.eu\/magazine\/wp-content\/uploads\/2020\/10\/ciak-castingnews-movie-2023.jpg","type":"image\/jpeg"}],"author":"Redazione","twitter_card":"summary_large_image","twitter_misc":{"Scritto da":"Redazione","Tempo di lettura stimato":"2 minuti"},"schema":{"@context":"https:\/\/schema.org","@graph":[{"@type":"Article","@id":"https:\/\/www.castingnews.eu\/magazine\/2022\/11\/14\/il-comandante-al-via-le-riprese-del-nuovo-film-con-pierfrancesco-favino\/#article","isPartOf":{"@id":"https:\/\/www.castingnews.eu\/magazine\/2022\/11\/14\/il-comandante-al-via-le-riprese-del-nuovo-film-con-pierfrancesco-favino\/"},"author":{"name":"Redazione","@id":"https:\/\/www.castingnews.eu\/magazine\/#\/schema\/person\/099d71c568c9a7e5e4037b1594108f17"},"headline":"Il Comandante: al via le riprese del nuovo film con Pierfrancesco Favino","datePublished":"2022-11-14T16:43:55+00:00","dateModified":"2023-04-06T12:13:52+00:00","mainEntityOfPage":{"@id":"https:\/\/www.castingnews.eu\/magazine\/2022\/11\/14\/il-comandante-al-via-le-riprese-del-nuovo-film-con-pierfrancesco-favino\/"},"wordCount":343,"commentCount":0,"image":{"@id":"https:\/\/www.castingnews.eu\/magazine\/2022\/11\/14\/il-comandante-al-via-le-riprese-del-nuovo-film-con-pierfrancesco-favino\/#primaryimage"},"thumbnailUrl":"https:\/\/www.castingnews.eu\/magazine\/wp-content\/uploads\/2020\/10\/ciak-castingnews-movie-2023.jpg","keywords":["Cappellini","casting film","Casting News","Edoardo De Angelis","Film","Il Comandante","Lungometraggio","Manny Films","Massimiliano Rossi","Ministero della Cultura","O\u2019Groove","Pierfrancesco Favino","Rai Cinema","Salvatore Todaro","Silvia D&#039;Amico"],"articleSection":["In primo piano","Italia","Primo piano","Progetti cinematografici","Storico"],"inLanguage":"it-IT","potentialAction":[{"@type":"CommentAction","name":"Comment","target":["https:\/\/www.castingnews.eu\/magazine\/2022\/11\/14\/il-comandante-al-via-le-riprese-del-nuovo-film-con-pierfrancesco-favino\/#respond"]}]},{"@type":"WebPage","@id":"https:\/\/www.castingnews.eu\/magazine\/2022\/11\/14\/il-comandante-al-via-le-riprese-del-nuovo-film-con-pierfrancesco-favino\/","url":"https:\/\/www.castingnews.eu\/magazine\/2022\/11\/14\/il-comandante-al-via-le-riprese-del-nuovo-film-con-pierfrancesco-favino\/","name":"Il Comandante: al via le riprese del nuovo film con Pierfrancesco Favino - Casting News Magazine","isPartOf":{"@id":"https:\/\/www.castingnews.eu\/magazine\/#website"},"primaryImageOfPage":{"@id":"https:\/\/www.castingnews.eu\/magazine\/2022\/11\/14\/il-comandante-al-via-le-riprese-del-nuovo-film-con-pierfrancesco-favino\/#primaryimage"},"image":{"@id":"https:\/\/www.castingnews.eu\/magazine\/2022\/11\/14\/il-comandante-al-via-le-riprese-del-nuovo-film-con-pierfrancesco-favino\/#primaryimage"},"thumbnailUrl":"https:\/\/www.castingnews.eu\/magazine\/wp-content\/uploads\/2020\/10\/ciak-castingnews-movie-2023.jpg","datePublished":"2022-11-14T16:43:55+00:00","dateModified":"2023-04-06T12:13:52+00:00","author":{"@id":"https:\/\/www.castingnews.eu\/magazine\/#\/schema\/person\/099d71c568c9a7e5e4037b1594108f17"},"breadcrumb":{"@id":"https:\/\/www.castingnews.eu\/magazine\/2022\/11\/14\/il-comandante-al-via-le-riprese-del-nuovo-film-con-pierfrancesco-favino\/#breadcrumb"},"inLanguage":"it-IT","potentialAction":[{"@type":"ReadAction","target":["https:\/\/www.castingnews.eu\/magazine\/2022\/11\/14\/il-comandante-al-via-le-riprese-del-nuovo-film-con-pierfrancesco-favino\/"]}]},{"@type":"ImageObject","inLanguage":"it-IT","@id":"https:\/\/www.castingnews.eu\/magazine\/2022\/11\/14\/il-comandante-al-via-le-riprese-del-nuovo-film-con-pierfrancesco-favino\/#primaryimage","url":"https:\/\/www.castingnews.eu\/magazine\/wp-content\/uploads\/2020\/10\/ciak-castingnews-movie-2023.jpg","contentUrl":"https:\/\/www.castingnews.eu\/magazine\/wp-content\/uploads\/2020\/10\/ciak-castingnews-movie-2023.jpg","width":750,"height":564},{"@type":"BreadcrumbList","@id":"https:\/\/www.castingnews.eu\/magazine\/2022\/11\/14\/il-comandante-al-via-le-riprese-del-nuovo-film-con-pierfrancesco-favino\/#breadcrumb","itemListElement":[{"@type":"ListItem","position":1,"name":"Home","item":"https:\/\/www.castingnews.eu\/magazine\/"},{"@type":"ListItem","position":2,"name":"Il Comandante: al via le riprese del nuovo film con Pierfrancesco Favino"}]},{"@type":"WebSite","@id":"https:\/\/www.castingnews.eu\/magazine\/#website","url":"https:\/\/www.castingnews.eu\/magazine\/","name":"Casting News Magazine","description":"News e aggiornamenti sui film, serie tv, teatro e festival italiani ed internazionali","potentialAction":[{"@type":"SearchAction","target":{"@type":"EntryPoint","urlTemplate":"https:\/\/www.castingnews.eu\/magazine\/?s={search_term_string}"},"query-input":{"@type":"PropertyValueSpecification","valueRequired":true,"valueName":"search_term_string"}}],"inLanguage":"it-IT"},{"@type":"Person","@id":"https:\/\/www.castingnews.eu\/magazine\/#\/schema\/person\/099d71c568c9a7e5e4037b1594108f17","name":"Redazione","image":{"@type":"ImageObject","inLanguage":"it-IT","@id":"https:\/\/secure.gravatar.com\/avatar\/b73a087aa3bd279fb70d24f1960a91c82cf67619395b60b564c90e9e5d5325fc?s=96&d=mm&r=g","url":"https:\/\/secure.gravatar.com\/avatar\/b73a087aa3bd279fb70d24f1960a91c82cf67619395b60b564c90e9e5d5325fc?s=96&d=mm&r=g","contentUrl":"https:\/\/secure.gravatar.com\/avatar\/b73a087aa3bd279fb70d24f1960a91c82cf67619395b60b564c90e9e5d5325fc?s=96&d=mm&r=g","caption":"Redazione"},"description":"News e aggiornamenti sui film, serie tv, teatro e festival italiani ed internazionali.","url":"https:\/\/www.castingnews.eu\/magazine\/author\/redazione\/"}]}},"_links":{"self":[{"href":"https:\/\/www.castingnews.eu\/magazine\/wp-json\/wp\/v2\/posts\/4318","targetHints":{"allow":["GET"]}}],"collection":[{"href":"https:\/\/www.castingnews.eu\/magazine\/wp-json\/wp\/v2\/posts"}],"about":[{"href":"https:\/\/www.castingnews.eu\/magazine\/wp-json\/wp\/v2\/types\/post"}],"author":[{"embeddable":true,"href":"https:\/\/www.castingnews.eu\/magazine\/wp-json\/wp\/v2\/users\/1"}],"replies":[{"embeddable":true,"href":"https:\/\/www.castingnews.eu\/magazine\/wp-json\/wp\/v2\/comments?post=4318"}],"version-history":[{"count":4,"href":"https:\/\/www.castingnews.eu\/magazine\/wp-json\/wp\/v2\/posts\/4318\/revisions"}],"predecessor-version":[{"id":5589,"href":"https:\/\/www.castingnews.eu\/magazine\/wp-json\/wp\/v2\/posts\/4318\/revisions\/5589"}],"wp:featuredmedia":[{"embeddable":true,"href":"https:\/\/www.castingnews.eu\/magazine\/wp-json\/wp\/v2\/media\/5584"}],"wp:attachment":[{"href":"https:\/\/www.castingnews.eu\/magazine\/wp-json\/wp\/v2\/media?parent=4318"}],"wp:term":[{"taxonomy":"category","embeddable":true,"href":"https:\/\/www.castingnews.eu\/magazine\/wp-json\/wp\/v2\/categories?post=4318"},{"taxonomy":"post_tag","embeddable":true,"href":"https:\/\/www.castingnews.eu\/magazine\/wp-json\/wp\/v2\/tags?post=4318"}],"curies":[{"name":"wp","href":"https:\/\/api.w.org\/{rel}","templated":true}]}}