{"id":4037,"date":"2022-09-05T12:48:08","date_gmt":"2022-09-05T10:48:08","guid":{"rendered":"https:\/\/www.castingnews.eu\/magazine\/?p=4037"},"modified":"2022-09-05T12:48:14","modified_gmt":"2022-09-05T10:48:14","slug":"m-il-figlio-del-secolo-casting-per-la-nuova-serie-drammatica-di-sky-studios-che-si-girera-a-roma","status":"publish","type":"post","link":"https:\/\/www.castingnews.eu\/magazine\/2022\/09\/05\/m-il-figlio-del-secolo-casting-per-la-nuova-serie-drammatica-di-sky-studios-che-si-girera-a-roma\/","title":{"rendered":"M. Il figlio del secolo, casting per la nuova serie drammatica di Sky Studios che si girer\u00e0 a Roma"},"content":{"rendered":"\n<p>La produzione \u00e8 alla ricerca di figurazioni speciali e comparse per la nuova serie drammatica di Sky Studios in 8 episodi dal titolo <strong><a href=\"https:\/\/www.castingnews.eu\/news\/news.asp?id_news=9752&amp;id_cat=1\">\u201cM. Il figlio del secolo\u201d<\/a><\/strong>. La serie, prodotta da Lorenzo Mieli con The Apartment Pictures, \u00e8 un adattamento dell\u2019omonimo romanzo di Antonio Scurati che racconta l&#8217;ascesa al potere di Mussolini e la nascita del fascismo.<\/p><div class=\"6d3639e8c6ac292cde400fad8ff8a5b9\" data-index=\"1\" style=\"float: none; margin:10px 0 10px 0; text-align:center;\">\n<script async src=\"\/\/pagead2.googlesyndication.com\/pagead\/js\/adsbygoogle.js\"><\/script>\r\n<!-- Casting Bambini NEW -->\r\n<ins class=\"adsbygoogle\"\r\n     style=\"display:inline-block;width:336px;height:280px\"\r\n     data-ad-client=\"ca-pub-5538097485429833\"\r\n     data-ad-slot=\"5127154445\"><\/ins>\r\n<script>\r\n(adsbygoogle = window.adsbygoogle || []).push({});\r\n<\/script>\n<\/div>\n\n\n\n\n<p>Data l\u2019ambientazione della serie non possono candidarsi persone che abbiano piercing e tatuaggi in parti del corpo visibili (avambracci, caviglie\/polpacci, collo, volto, persone con visibili risultati di chirurgia estetica, persone con tagli e colori di capelli moderni, uomini non disposti a tagliare la barba.<br>Le selezioni si terranno luned\u00ec 12 e marted\u00ec 13 settembre a Roma presso Cinecitt\u00e0 Studios.<br><strong>CASTING NEWS<br><a href=\"https:\/\/www.castingnews.eu\/news\/news.asp?id_news=9752&amp;id_cat=1\" target=\"_blank\" rel=\"noreferrer noopener\">Casting per la nuova serie Sky diretta da Joe Wright<\/a><\/strong><\/p>\n\n<div style=\"font-size: 0px; height: 0px; line-height: 0px; margin: 0; padding: 0; clear: both;\"><\/div>","protected":false},"excerpt":{"rendered":"<p>La produzione \u00e8 alla ricerca di figurazioni speciali e comparse per la nuova serie drammatica di Sky Studios in 8 episodi dal titolo \u201cM. Il figlio del secolo\u201d. La serie, prodotta da Lorenzo Mieli con The Apartment Pictures, \u00e8 un adattamento dell\u2019omonimo romanzo di Antonio Scurati che racconta l&#8217;ascesa al potere di Mussolini e la [&hellip;]<\/p>\n","protected":false},"author":1,"featured_media":4038,"comment_status":"open","ping_status":"open","sticky":false,"template":"","format":"standard","meta":{"tdm_status":"","tdm_grid_status":"","footnotes":""},"categories":[64,1462,1463,1533,71,31],"tags":[3671,3675,266,1715,3676,3590,3585,298,3673,337,531,1720,1815,3584,3672,3669,3034,3677,1118,1193,1611,2967,3674,3670],"class_list":{"0":"post-4037","1":"post","2":"type-post","3":"status-publish","4":"format-standard","5":"has-post-thumbnail","7":"category-drammatico","8":"category-fiction-tv","9":"category-fiction-tv-casting-provini","10":"category-featured","11":"category-italia-paese","12":"category-progetti-tv","13":"tag-antonio-scurati","14":"tag-benito-mussolini","15":"tag-casting","16":"tag-casting-a-roma","17":"tag-casting-call","18":"tag-casting-roma","19":"tag-casting-serie-tv","20":"tag-cinecitta","21":"tag-cinecitta-studios","22":"tag-comparse","23":"tag-fiction","24":"tag-figurazioni","25":"tag-figurazioni-speciali","26":"tag-generici","27":"tag-joe-wright","28":"tag-m-il-figlio-del-secolo","29":"tag-mussolini","30":"tag-open-casting","31":"tag-provini","32":"tag-roma","33":"tag-serie-tv","34":"tag-series","35":"tag-sky-duce","36":"tag-sky-studios"},"yoast_head":"<!-- This site is optimized with the Yoast SEO plugin v27.4 - https:\/\/yoast.com\/product\/yoast-seo-wordpress\/ -->\r\n<title>M. Il figlio del secolo, casting per la nuova serie drammatica di Sky Studios che si girer\u00e0 a Roma - Casting News Magazine<\/title>\r\n<meta name=\"robots\" content=\"index, follow, max-snippet:-1, max-image-preview:large, max-video-preview:-1\" \/>\r\n<link rel=\"canonical\" href=\"https:\/\/www.castingnews.eu\/magazine\/2022\/09\/05\/m-il-figlio-del-secolo-casting-per-la-nuova-serie-drammatica-di-sky-studios-che-si-girera-a-roma\/\" \/>\r\n<meta property=\"og:locale\" content=\"it_IT\" \/>\r\n<meta property=\"og:type\" content=\"article\" \/>\r\n<meta property=\"og:title\" content=\"M. Il figlio del secolo, casting per la nuova serie drammatica di Sky Studios che si girer\u00e0 a Roma - Casting News Magazine\" \/>\r\n<meta property=\"og:description\" content=\"La produzione \u00e8 alla ricerca di figurazioni speciali e comparse per la nuova serie drammatica di Sky Studios in 8 episodi dal titolo \u201cM. Il figlio del secolo\u201d. La serie, prodotta da Lorenzo Mieli con The Apartment Pictures, \u00e8 un adattamento dell\u2019omonimo romanzo di Antonio Scurati che racconta l&#8217;ascesa al potere di Mussolini e la [&hellip;]\" \/>\r\n<meta property=\"og:url\" content=\"https:\/\/www.castingnews.eu\/magazine\/2022\/09\/05\/m-il-figlio-del-secolo-casting-per-la-nuova-serie-drammatica-di-sky-studios-che-si-girera-a-roma\/\" \/>\r\n<meta property=\"og:site_name\" content=\"Casting News Magazine\" \/>\r\n<meta property=\"article:published_time\" content=\"2022-09-05T10:48:08+00:00\" \/>\r\n<meta property=\"article:modified_time\" content=\"2022-09-05T10:48:14+00:00\" \/>\r\n<meta property=\"og:image\" content=\"https:\/\/www.castingnews.eu\/magazine\/wp-content\/uploads\/2022\/09\/M-Il-figlio-del-secolo-serie-tv.jpg\" \/>\r\n\t<meta property=\"og:image:width\" content=\"1200\" \/>\r\n\t<meta property=\"og:image:height\" content=\"713\" \/>\r\n\t<meta property=\"og:image:type\" content=\"image\/jpeg\" \/>\r\n<meta name=\"author\" content=\"Redazione\" \/>\r\n<meta name=\"twitter:card\" content=\"summary_large_image\" \/>\r\n<meta name=\"twitter:label1\" content=\"Scritto da\" \/>\n\t<meta name=\"twitter:data1\" content=\"Redazione\" \/>\n\t<meta name=\"twitter:label2\" content=\"Tempo di lettura stimato\" \/>\n\t<meta name=\"twitter:data2\" content=\"1 minuto\" \/>\r\n<script type=\"application\/ld+json\" class=\"yoast-schema-graph\">{\"@context\":\"https:\\\/\\\/schema.org\",\"@graph\":[{\"@type\":\"Article\",\"@id\":\"https:\\\/\\\/www.castingnews.eu\\\/magazine\\\/2022\\\/09\\\/05\\\/m-il-figlio-del-secolo-casting-per-la-nuova-serie-drammatica-di-sky-studios-che-si-girera-a-roma\\\/#article\",\"isPartOf\":{\"@id\":\"https:\\\/\\\/www.castingnews.eu\\\/magazine\\\/2022\\\/09\\\/05\\\/m-il-figlio-del-secolo-casting-per-la-nuova-serie-drammatica-di-sky-studios-che-si-girera-a-roma\\\/\"},\"author\":{\"name\":\"Redazione\",\"@id\":\"https:\\\/\\\/www.castingnews.eu\\\/magazine\\\/#\\\/schema\\\/person\\\/099d71c568c9a7e5e4037b1594108f17\"},\"headline\":\"M. Il figlio del secolo, casting per la nuova serie drammatica di Sky Studios che si girer\u00e0 a Roma\",\"datePublished\":\"2022-09-05T10:48:08+00:00\",\"dateModified\":\"2022-09-05T10:48:14+00:00\",\"mainEntityOfPage\":{\"@id\":\"https:\\\/\\\/www.castingnews.eu\\\/magazine\\\/2022\\\/09\\\/05\\\/m-il-figlio-del-secolo-casting-per-la-nuova-serie-drammatica-di-sky-studios-che-si-girera-a-roma\\\/\"},\"wordCount\":147,\"commentCount\":0,\"image\":{\"@id\":\"https:\\\/\\\/www.castingnews.eu\\\/magazine\\\/2022\\\/09\\\/05\\\/m-il-figlio-del-secolo-casting-per-la-nuova-serie-drammatica-di-sky-studios-che-si-girera-a-roma\\\/#primaryimage\"},\"thumbnailUrl\":\"https:\\\/\\\/www.castingnews.eu\\\/magazine\\\/wp-content\\\/uploads\\\/2022\\\/09\\\/M-Il-figlio-del-secolo-serie-tv.jpg\",\"keywords\":[\"Antonio Scurati\",\"Benito Mussolini\",\"casting\",\"Casting a Roma\",\"casting call\",\"Casting Roma\",\"casting serie tv\",\"Cinecitt\u00e0\",\"Cinecitt\u00e0 Studios\",\"comparse\",\"fiction\",\"figurazioni\",\"figurazioni speciali\",\"generici\",\"Joe Wright\",\"M. Il figlio del secolo\",\"Mussolini\",\"open casting\",\"Provini\",\"Roma\",\"Serie tv\",\"series\",\"Sky Duce\",\"Sky Studios\"],\"articleSection\":[\"Drammatico\",\"Fiction TV\",\"Fiction TV\",\"In primo piano\",\"Italia\",\"Progetti TV\"],\"inLanguage\":\"it-IT\",\"potentialAction\":[{\"@type\":\"CommentAction\",\"name\":\"Comment\",\"target\":[\"https:\\\/\\\/www.castingnews.eu\\\/magazine\\\/2022\\\/09\\\/05\\\/m-il-figlio-del-secolo-casting-per-la-nuova-serie-drammatica-di-sky-studios-che-si-girera-a-roma\\\/#respond\"]}]},{\"@type\":\"WebPage\",\"@id\":\"https:\\\/\\\/www.castingnews.eu\\\/magazine\\\/2022\\\/09\\\/05\\\/m-il-figlio-del-secolo-casting-per-la-nuova-serie-drammatica-di-sky-studios-che-si-girera-a-roma\\\/\",\"url\":\"https:\\\/\\\/www.castingnews.eu\\\/magazine\\\/2022\\\/09\\\/05\\\/m-il-figlio-del-secolo-casting-per-la-nuova-serie-drammatica-di-sky-studios-che-si-girera-a-roma\\\/\",\"name\":\"M. Il figlio del secolo, casting per la nuova serie drammatica di Sky Studios che si girer\u00e0 a Roma - Casting News Magazine\",\"isPartOf\":{\"@id\":\"https:\\\/\\\/www.castingnews.eu\\\/magazine\\\/#website\"},\"primaryImageOfPage\":{\"@id\":\"https:\\\/\\\/www.castingnews.eu\\\/magazine\\\/2022\\\/09\\\/05\\\/m-il-figlio-del-secolo-casting-per-la-nuova-serie-drammatica-di-sky-studios-che-si-girera-a-roma\\\/#primaryimage\"},\"image\":{\"@id\":\"https:\\\/\\\/www.castingnews.eu\\\/magazine\\\/2022\\\/09\\\/05\\\/m-il-figlio-del-secolo-casting-per-la-nuova-serie-drammatica-di-sky-studios-che-si-girera-a-roma\\\/#primaryimage\"},\"thumbnailUrl\":\"https:\\\/\\\/www.castingnews.eu\\\/magazine\\\/wp-content\\\/uploads\\\/2022\\\/09\\\/M-Il-figlio-del-secolo-serie-tv.jpg\",\"datePublished\":\"2022-09-05T10:48:08+00:00\",\"dateModified\":\"2022-09-05T10:48:14+00:00\",\"author\":{\"@id\":\"https:\\\/\\\/www.castingnews.eu\\\/magazine\\\/#\\\/schema\\\/person\\\/099d71c568c9a7e5e4037b1594108f17\"},\"breadcrumb\":{\"@id\":\"https:\\\/\\\/www.castingnews.eu\\\/magazine\\\/2022\\\/09\\\/05\\\/m-il-figlio-del-secolo-casting-per-la-nuova-serie-drammatica-di-sky-studios-che-si-girera-a-roma\\\/#breadcrumb\"},\"inLanguage\":\"it-IT\",\"potentialAction\":[{\"@type\":\"ReadAction\",\"target\":[\"https:\\\/\\\/www.castingnews.eu\\\/magazine\\\/2022\\\/09\\\/05\\\/m-il-figlio-del-secolo-casting-per-la-nuova-serie-drammatica-di-sky-studios-che-si-girera-a-roma\\\/\"]}]},{\"@type\":\"ImageObject\",\"inLanguage\":\"it-IT\",\"@id\":\"https:\\\/\\\/www.castingnews.eu\\\/magazine\\\/2022\\\/09\\\/05\\\/m-il-figlio-del-secolo-casting-per-la-nuova-serie-drammatica-di-sky-studios-che-si-girera-a-roma\\\/#primaryimage\",\"url\":\"https:\\\/\\\/www.castingnews.eu\\\/magazine\\\/wp-content\\\/uploads\\\/2022\\\/09\\\/M-Il-figlio-del-secolo-serie-tv.jpg\",\"contentUrl\":\"https:\\\/\\\/www.castingnews.eu\\\/magazine\\\/wp-content\\\/uploads\\\/2022\\\/09\\\/M-Il-figlio-del-secolo-serie-tv.jpg\",\"width\":1200,\"height\":713,\"caption\":\"M. Il figlio del secolo serie tv\"},{\"@type\":\"BreadcrumbList\",\"@id\":\"https:\\\/\\\/www.castingnews.eu\\\/magazine\\\/2022\\\/09\\\/05\\\/m-il-figlio-del-secolo-casting-per-la-nuova-serie-drammatica-di-sky-studios-che-si-girera-a-roma\\\/#breadcrumb\",\"itemListElement\":[{\"@type\":\"ListItem\",\"position\":1,\"name\":\"Home\",\"item\":\"https:\\\/\\\/www.castingnews.eu\\\/magazine\\\/\"},{\"@type\":\"ListItem\",\"position\":2,\"name\":\"M. Il figlio del secolo, casting per la nuova serie drammatica di Sky Studios che si girer\u00e0 a Roma\"}]},{\"@type\":\"WebSite\",\"@id\":\"https:\\\/\\\/www.castingnews.eu\\\/magazine\\\/#website\",\"url\":\"https:\\\/\\\/www.castingnews.eu\\\/magazine\\\/\",\"name\":\"Casting News Magazine\",\"description\":\"News e aggiornamenti sui film, serie tv, teatro e festival italiani ed internazionali\",\"potentialAction\":[{\"@type\":\"SearchAction\",\"target\":{\"@type\":\"EntryPoint\",\"urlTemplate\":\"https:\\\/\\\/www.castingnews.eu\\\/magazine\\\/?s={search_term_string}\"},\"query-input\":{\"@type\":\"PropertyValueSpecification\",\"valueRequired\":true,\"valueName\":\"search_term_string\"}}],\"inLanguage\":\"it-IT\"},{\"@type\":\"Person\",\"@id\":\"https:\\\/\\\/www.castingnews.eu\\\/magazine\\\/#\\\/schema\\\/person\\\/099d71c568c9a7e5e4037b1594108f17\",\"name\":\"Redazione\",\"image\":{\"@type\":\"ImageObject\",\"inLanguage\":\"it-IT\",\"@id\":\"https:\\\/\\\/secure.gravatar.com\\\/avatar\\\/b73a087aa3bd279fb70d24f1960a91c82cf67619395b60b564c90e9e5d5325fc?s=96&d=mm&r=g\",\"url\":\"https:\\\/\\\/secure.gravatar.com\\\/avatar\\\/b73a087aa3bd279fb70d24f1960a91c82cf67619395b60b564c90e9e5d5325fc?s=96&d=mm&r=g\",\"contentUrl\":\"https:\\\/\\\/secure.gravatar.com\\\/avatar\\\/b73a087aa3bd279fb70d24f1960a91c82cf67619395b60b564c90e9e5d5325fc?s=96&d=mm&r=g\",\"caption\":\"Redazione\"},\"description\":\"News e aggiornamenti sui film, serie tv, teatro e festival italiani ed internazionali.\",\"url\":\"https:\\\/\\\/www.castingnews.eu\\\/magazine\\\/author\\\/redazione\\\/\"}]}<\/script>\r\n<!-- \/ Yoast SEO plugin. -->","yoast_head_json":{"title":"M. Il figlio del secolo, casting per la nuova serie drammatica di Sky Studios che si girer\u00e0 a Roma - Casting News Magazine","robots":{"index":"index","follow":"follow","max-snippet":"max-snippet:-1","max-image-preview":"max-image-preview:large","max-video-preview":"max-video-preview:-1"},"canonical":"https:\/\/www.castingnews.eu\/magazine\/2022\/09\/05\/m-il-figlio-del-secolo-casting-per-la-nuova-serie-drammatica-di-sky-studios-che-si-girera-a-roma\/","og_locale":"it_IT","og_type":"article","og_title":"M. Il figlio del secolo, casting per la nuova serie drammatica di Sky Studios che si girer\u00e0 a Roma - Casting News Magazine","og_description":"La produzione \u00e8 alla ricerca di figurazioni speciali e comparse per la nuova serie drammatica di Sky Studios in 8 episodi dal titolo \u201cM. Il figlio del secolo\u201d. La serie, prodotta da Lorenzo Mieli con The Apartment Pictures, \u00e8 un adattamento dell\u2019omonimo romanzo di Antonio Scurati che racconta l&#8217;ascesa al potere di Mussolini e la [&hellip;]","og_url":"https:\/\/www.castingnews.eu\/magazine\/2022\/09\/05\/m-il-figlio-del-secolo-casting-per-la-nuova-serie-drammatica-di-sky-studios-che-si-girera-a-roma\/","og_site_name":"Casting News Magazine","article_published_time":"2022-09-05T10:48:08+00:00","article_modified_time":"2022-09-05T10:48:14+00:00","og_image":[{"width":1200,"height":713,"url":"https:\/\/www.castingnews.eu\/magazine\/wp-content\/uploads\/2022\/09\/M-Il-figlio-del-secolo-serie-tv.jpg","type":"image\/jpeg"}],"author":"Redazione","twitter_card":"summary_large_image","twitter_misc":{"Scritto da":"Redazione","Tempo di lettura stimato":"1 minuto"},"schema":{"@context":"https:\/\/schema.org","@graph":[{"@type":"Article","@id":"https:\/\/www.castingnews.eu\/magazine\/2022\/09\/05\/m-il-figlio-del-secolo-casting-per-la-nuova-serie-drammatica-di-sky-studios-che-si-girera-a-roma\/#article","isPartOf":{"@id":"https:\/\/www.castingnews.eu\/magazine\/2022\/09\/05\/m-il-figlio-del-secolo-casting-per-la-nuova-serie-drammatica-di-sky-studios-che-si-girera-a-roma\/"},"author":{"name":"Redazione","@id":"https:\/\/www.castingnews.eu\/magazine\/#\/schema\/person\/099d71c568c9a7e5e4037b1594108f17"},"headline":"M. Il figlio del secolo, casting per la nuova serie drammatica di Sky Studios che si girer\u00e0 a Roma","datePublished":"2022-09-05T10:48:08+00:00","dateModified":"2022-09-05T10:48:14+00:00","mainEntityOfPage":{"@id":"https:\/\/www.castingnews.eu\/magazine\/2022\/09\/05\/m-il-figlio-del-secolo-casting-per-la-nuova-serie-drammatica-di-sky-studios-che-si-girera-a-roma\/"},"wordCount":147,"commentCount":0,"image":{"@id":"https:\/\/www.castingnews.eu\/magazine\/2022\/09\/05\/m-il-figlio-del-secolo-casting-per-la-nuova-serie-drammatica-di-sky-studios-che-si-girera-a-roma\/#primaryimage"},"thumbnailUrl":"https:\/\/www.castingnews.eu\/magazine\/wp-content\/uploads\/2022\/09\/M-Il-figlio-del-secolo-serie-tv.jpg","keywords":["Antonio Scurati","Benito Mussolini","casting","Casting a Roma","casting call","Casting Roma","casting serie tv","Cinecitt\u00e0","Cinecitt\u00e0 Studios","comparse","fiction","figurazioni","figurazioni speciali","generici","Joe Wright","M. Il figlio del secolo","Mussolini","open casting","Provini","Roma","Serie tv","series","Sky Duce","Sky Studios"],"articleSection":["Drammatico","Fiction TV","Fiction TV","In primo piano","Italia","Progetti TV"],"inLanguage":"it-IT","potentialAction":[{"@type":"CommentAction","name":"Comment","target":["https:\/\/www.castingnews.eu\/magazine\/2022\/09\/05\/m-il-figlio-del-secolo-casting-per-la-nuova-serie-drammatica-di-sky-studios-che-si-girera-a-roma\/#respond"]}]},{"@type":"WebPage","@id":"https:\/\/www.castingnews.eu\/magazine\/2022\/09\/05\/m-il-figlio-del-secolo-casting-per-la-nuova-serie-drammatica-di-sky-studios-che-si-girera-a-roma\/","url":"https:\/\/www.castingnews.eu\/magazine\/2022\/09\/05\/m-il-figlio-del-secolo-casting-per-la-nuova-serie-drammatica-di-sky-studios-che-si-girera-a-roma\/","name":"M. Il figlio del secolo, casting per la nuova serie drammatica di Sky Studios che si girer\u00e0 a Roma - Casting News Magazine","isPartOf":{"@id":"https:\/\/www.castingnews.eu\/magazine\/#website"},"primaryImageOfPage":{"@id":"https:\/\/www.castingnews.eu\/magazine\/2022\/09\/05\/m-il-figlio-del-secolo-casting-per-la-nuova-serie-drammatica-di-sky-studios-che-si-girera-a-roma\/#primaryimage"},"image":{"@id":"https:\/\/www.castingnews.eu\/magazine\/2022\/09\/05\/m-il-figlio-del-secolo-casting-per-la-nuova-serie-drammatica-di-sky-studios-che-si-girera-a-roma\/#primaryimage"},"thumbnailUrl":"https:\/\/www.castingnews.eu\/magazine\/wp-content\/uploads\/2022\/09\/M-Il-figlio-del-secolo-serie-tv.jpg","datePublished":"2022-09-05T10:48:08+00:00","dateModified":"2022-09-05T10:48:14+00:00","author":{"@id":"https:\/\/www.castingnews.eu\/magazine\/#\/schema\/person\/099d71c568c9a7e5e4037b1594108f17"},"breadcrumb":{"@id":"https:\/\/www.castingnews.eu\/magazine\/2022\/09\/05\/m-il-figlio-del-secolo-casting-per-la-nuova-serie-drammatica-di-sky-studios-che-si-girera-a-roma\/#breadcrumb"},"inLanguage":"it-IT","potentialAction":[{"@type":"ReadAction","target":["https:\/\/www.castingnews.eu\/magazine\/2022\/09\/05\/m-il-figlio-del-secolo-casting-per-la-nuova-serie-drammatica-di-sky-studios-che-si-girera-a-roma\/"]}]},{"@type":"ImageObject","inLanguage":"it-IT","@id":"https:\/\/www.castingnews.eu\/magazine\/2022\/09\/05\/m-il-figlio-del-secolo-casting-per-la-nuova-serie-drammatica-di-sky-studios-che-si-girera-a-roma\/#primaryimage","url":"https:\/\/www.castingnews.eu\/magazine\/wp-content\/uploads\/2022\/09\/M-Il-figlio-del-secolo-serie-tv.jpg","contentUrl":"https:\/\/www.castingnews.eu\/magazine\/wp-content\/uploads\/2022\/09\/M-Il-figlio-del-secolo-serie-tv.jpg","width":1200,"height":713,"caption":"M. Il figlio del secolo serie tv"},{"@type":"BreadcrumbList","@id":"https:\/\/www.castingnews.eu\/magazine\/2022\/09\/05\/m-il-figlio-del-secolo-casting-per-la-nuova-serie-drammatica-di-sky-studios-che-si-girera-a-roma\/#breadcrumb","itemListElement":[{"@type":"ListItem","position":1,"name":"Home","item":"https:\/\/www.castingnews.eu\/magazine\/"},{"@type":"ListItem","position":2,"name":"M. Il figlio del secolo, casting per la nuova serie drammatica di Sky Studios che si girer\u00e0 a Roma"}]},{"@type":"WebSite","@id":"https:\/\/www.castingnews.eu\/magazine\/#website","url":"https:\/\/www.castingnews.eu\/magazine\/","name":"Casting News Magazine","description":"News e aggiornamenti sui film, serie tv, teatro e festival italiani ed internazionali","potentialAction":[{"@type":"SearchAction","target":{"@type":"EntryPoint","urlTemplate":"https:\/\/www.castingnews.eu\/magazine\/?s={search_term_string}"},"query-input":{"@type":"PropertyValueSpecification","valueRequired":true,"valueName":"search_term_string"}}],"inLanguage":"it-IT"},{"@type":"Person","@id":"https:\/\/www.castingnews.eu\/magazine\/#\/schema\/person\/099d71c568c9a7e5e4037b1594108f17","name":"Redazione","image":{"@type":"ImageObject","inLanguage":"it-IT","@id":"https:\/\/secure.gravatar.com\/avatar\/b73a087aa3bd279fb70d24f1960a91c82cf67619395b60b564c90e9e5d5325fc?s=96&d=mm&r=g","url":"https:\/\/secure.gravatar.com\/avatar\/b73a087aa3bd279fb70d24f1960a91c82cf67619395b60b564c90e9e5d5325fc?s=96&d=mm&r=g","contentUrl":"https:\/\/secure.gravatar.com\/avatar\/b73a087aa3bd279fb70d24f1960a91c82cf67619395b60b564c90e9e5d5325fc?s=96&d=mm&r=g","caption":"Redazione"},"description":"News e aggiornamenti sui film, serie tv, teatro e festival italiani ed internazionali.","url":"https:\/\/www.castingnews.eu\/magazine\/author\/redazione\/"}]}},"_links":{"self":[{"href":"https:\/\/www.castingnews.eu\/magazine\/wp-json\/wp\/v2\/posts\/4037","targetHints":{"allow":["GET"]}}],"collection":[{"href":"https:\/\/www.castingnews.eu\/magazine\/wp-json\/wp\/v2\/posts"}],"about":[{"href":"https:\/\/www.castingnews.eu\/magazine\/wp-json\/wp\/v2\/types\/post"}],"author":[{"embeddable":true,"href":"https:\/\/www.castingnews.eu\/magazine\/wp-json\/wp\/v2\/users\/1"}],"replies":[{"embeddable":true,"href":"https:\/\/www.castingnews.eu\/magazine\/wp-json\/wp\/v2\/comments?post=4037"}],"version-history":[{"count":1,"href":"https:\/\/www.castingnews.eu\/magazine\/wp-json\/wp\/v2\/posts\/4037\/revisions"}],"predecessor-version":[{"id":4039,"href":"https:\/\/www.castingnews.eu\/magazine\/wp-json\/wp\/v2\/posts\/4037\/revisions\/4039"}],"wp:featuredmedia":[{"embeddable":true,"href":"https:\/\/www.castingnews.eu\/magazine\/wp-json\/wp\/v2\/media\/4038"}],"wp:attachment":[{"href":"https:\/\/www.castingnews.eu\/magazine\/wp-json\/wp\/v2\/media?parent=4037"}],"wp:term":[{"taxonomy":"category","embeddable":true,"href":"https:\/\/www.castingnews.eu\/magazine\/wp-json\/wp\/v2\/categories?post=4037"},{"taxonomy":"post_tag","embeddable":true,"href":"https:\/\/www.castingnews.eu\/magazine\/wp-json\/wp\/v2\/tags?post=4037"}],"curies":[{"name":"wp","href":"https:\/\/api.w.org\/{rel}","templated":true}]}}