{"id":391,"date":"2009-09-01T23:08:46","date_gmt":"2009-09-01T22:08:46","guid":{"rendered":"http:\/\/www.film-movie.eu\/?p=391"},"modified":"2009-09-01T23:08:46","modified_gmt":"2009-09-01T22:08:46","slug":"cortolovere-festival-2009","status":"publish","type":"post","link":"https:\/\/www.castingnews.eu\/magazine\/2009\/09\/01\/cortolovere-festival-2009\/","title":{"rendered":"CortoLovere Festival 2009"},"content":{"rendered":"<h3 style=\"text-align: justify;\">CortoLovere Festival 2009 &#8211;\u00a0Festival Interazionale Del Cortometraggio<\/h3>\n<p style=\"text-align: justify;\">Era l\u2019ultimo sabato di settembre del 1998 quando, da Los Angeles, giungeva a Lovere Maria Grazia Cucinotta per tenere a battesimo il festival del cortometraggio \u201coscarino\u201d.<br \/>\nCos\u00ec si chiamava alla nascita la kermesse cinematografica, perch\u00e9 era stata concepita con la stessa formula del premio Oscar, solo al diminutivo perch\u00e9 si tratta di cortometraggi.<br \/>\nIl nome e la statuetta (l\u2019Oscar a cui \u00e8 stata tolta la spada e messo tra le braccia un luccio) sono rimasti fino al 2007, anno in cui il fratello maggiore statunitense ha diffidato la Fondazione Domenico Oprandi, che organizza il Premio, dall\u2019utilizzare nome e logo.<\/p><div class=\"6d3639e8c6ac292cde400fad8ff8a5b9\" data-index=\"1\" style=\"float: none; margin:10px 0 10px 0; text-align:center;\">\n<script async src=\"\/\/pagead2.googlesyndication.com\/pagead\/js\/adsbygoogle.js\"><\/script>\r\n<!-- Casting Bambini NEW -->\r\n<ins class=\"adsbygoogle\"\r\n     style=\"display:inline-block;width:336px;height:280px\"\r\n     data-ad-client=\"ca-pub-5538097485429833\"\r\n     data-ad-slot=\"5127154445\"><\/ins>\r\n<script>\r\n(adsbygoogle = window.adsbygoogle || []).push({});\r\n<\/script>\n<\/div>\n\n<p style=\"text-align: justify;\">Cos\u00ec \u201coscarino\u201d diventa \u201ccortoLovere\u201d, mantiene la stessa formula e si consolida maggiormente come uno dei festival pi\u00f9 ambiti a livello internazionale.<\/p>\n<p style=\"text-align: justify;\">Il presidente onorario \u00e8 il cartoonist di fama mondiale Bruno Bozzetto mentre il presidente di Giuria cambia ogni anno. Cos\u00ec nelle undici edizioni del festival hanno assunto questo ruolo, Cochi e Renato, Maurizio Nichetti, Lina Wertmuller, Renzo Martinelli, Enzo Iacchetti, Enrico Lo Verso, Alessio Boni e altri.<\/p>\n<p style=\"text-align: justify;\">Scopo della manifestazione \u00e8 di promuovere la cinematografia dei giovani; dare dignit\u00e0 e visibilit\u00e0 al cortometraggio; creare un archivio di opere da conservare nel tempo; promuovere le opere dei giovani autori locali.<\/p>\n<p style=\"text-align: justify;\">Tante sono le sezioni riconosciute: Miglior film, soggetto, fotografia, colonna sonora, film di autore bergamasco, prodotti dalle scuole di cinema e da istituti scolastici, miglior film web, premi speciali del presidente di giuria e del pubblico in sala ed ogni anno altre sezioni si possono aggiungere.<\/p>\n<p style=\"text-align: justify;\"><a href=\"http:\/\/www.cortolovere.it\/\" target=\"_blank\">http:\/\/www.cortolovere.it\/<\/a><\/p>\n\n<div style=\"font-size: 0px; height: 0px; line-height: 0px; margin: 0; padding: 0; clear: both;\"><\/div>","protected":false},"excerpt":{"rendered":"<p>CortoLovere Festival 2009 &#8211;\u00a0Festival Interazionale Del Cortometraggio Era l\u2019ultimo sabato di settembre del 1998 quando, da Los Angeles, giungeva a Lovere Maria Grazia Cucinotta per tenere a battesimo il festival del cortometraggio \u201coscarino\u201d. Cos\u00ec si chiamava alla nascita la kermesse cinematografica, perch\u00e9 era stata concepita con la stessa formula del premio Oscar, solo al diminutivo [&hellip;]<\/p>\n","protected":false},"author":1,"featured_media":392,"comment_status":"open","ping_status":"open","sticky":false,"template":"","format":"standard","meta":{"tdm_status":"","tdm_grid_status":"","footnotes":""},"categories":[71],"tags":[104,237,331,371,372,374,456,461,556,702,717,803,868,909,1037,1162],"class_list":{"0":"post-391","1":"post","2":"type-post","3":"status-publish","4":"format-standard","5":"has-post-thumbnail","7":"category-italia-paese","8":"tag-alessio-boni","9":"tag-bruno-bozzetto","10":"tag-cochi-e-renato","11":"tag-cortolovere-festival","12":"tag-cortometraggi","13":"tag-cortometraggio","14":"tag-enrico-lo-verso","15":"tag-enzo-iacchetti","16":"tag-fondazione-domenico-oprandi","17":"tag-internazionale","18":"tag-italia","19":"tag-lina-wertmuller","20":"tag-maria-grazia-cucinotta","21":"tag-maurizio-nichetti","22":"tag-oscar","23":"tag-renzo-martinelli"},"yoast_head":"<!-- This site is optimized with the Yoast SEO plugin v27.4 - https:\/\/yoast.com\/product\/yoast-seo-wordpress\/ -->\r\n<title>CortoLovere Festival 2009 - Casting News Magazine<\/title>\r\n<meta name=\"robots\" content=\"index, follow, max-snippet:-1, max-image-preview:large, max-video-preview:-1\" \/>\r\n<link rel=\"canonical\" href=\"https:\/\/www.castingnews.eu\/magazine\/2009\/09\/01\/cortolovere-festival-2009\/\" \/>\r\n<meta property=\"og:locale\" content=\"it_IT\" \/>\r\n<meta property=\"og:type\" content=\"article\" \/>\r\n<meta property=\"og:title\" content=\"CortoLovere Festival 2009 - Casting News Magazine\" \/>\r\n<meta property=\"og:description\" content=\"CortoLovere Festival 2009 &#8211;\u00a0Festival Interazionale Del Cortometraggio Era l\u2019ultimo sabato di settembre del 1998 quando, da Los Angeles, giungeva a Lovere Maria Grazia Cucinotta per tenere a battesimo il festival del cortometraggio \u201coscarino\u201d. Cos\u00ec si chiamava alla nascita la kermesse cinematografica, perch\u00e9 era stata concepita con la stessa formula del premio Oscar, solo al diminutivo [&hellip;]\" \/>\r\n<meta property=\"og:url\" content=\"https:\/\/www.castingnews.eu\/magazine\/2009\/09\/01\/cortolovere-festival-2009\/\" \/>\r\n<meta property=\"og:site_name\" content=\"Casting News Magazine\" \/>\r\n<meta property=\"article:published_time\" content=\"2009-09-01T22:08:46+00:00\" \/>\r\n<meta property=\"og:image\" content=\"https:\/\/www.castingnews.eu\/magazine\/wp-content\/uploads\/2009\/09\/corto-lovere-2009-1.jpg\" \/>\r\n\t<meta property=\"og:image:width\" content=\"400\" \/>\r\n\t<meta property=\"og:image:height\" content=\"384\" \/>\r\n\t<meta property=\"og:image:type\" content=\"image\/jpeg\" \/>\r\n<meta name=\"author\" content=\"Redazione\" \/>\r\n<meta name=\"twitter:card\" content=\"summary_large_image\" \/>\r\n<meta name=\"twitter:label1\" content=\"Scritto da\" \/>\n\t<meta name=\"twitter:data1\" content=\"Redazione\" \/>\n\t<meta name=\"twitter:label2\" content=\"Tempo di lettura stimato\" \/>\n\t<meta name=\"twitter:data2\" content=\"1 minuto\" \/>\r\n<script type=\"application\/ld+json\" class=\"yoast-schema-graph\">{\"@context\":\"https:\\\/\\\/schema.org\",\"@graph\":[{\"@type\":\"Article\",\"@id\":\"https:\\\/\\\/www.castingnews.eu\\\/magazine\\\/2009\\\/09\\\/01\\\/cortolovere-festival-2009\\\/#article\",\"isPartOf\":{\"@id\":\"https:\\\/\\\/www.castingnews.eu\\\/magazine\\\/2009\\\/09\\\/01\\\/cortolovere-festival-2009\\\/\"},\"author\":{\"name\":\"Redazione\",\"@id\":\"https:\\\/\\\/www.castingnews.eu\\\/magazine\\\/#\\\/schema\\\/person\\\/099d71c568c9a7e5e4037b1594108f17\"},\"headline\":\"CortoLovere Festival 2009\",\"datePublished\":\"2009-09-01T22:08:46+00:00\",\"mainEntityOfPage\":{\"@id\":\"https:\\\/\\\/www.castingnews.eu\\\/magazine\\\/2009\\\/09\\\/01\\\/cortolovere-festival-2009\\\/\"},\"wordCount\":256,\"commentCount\":0,\"image\":{\"@id\":\"https:\\\/\\\/www.castingnews.eu\\\/magazine\\\/2009\\\/09\\\/01\\\/cortolovere-festival-2009\\\/#primaryimage\"},\"thumbnailUrl\":\"https:\\\/\\\/www.castingnews.eu\\\/magazine\\\/wp-content\\\/uploads\\\/2009\\\/09\\\/corto-lovere-2009-1.jpg\",\"keywords\":[\"Alessio Boni\",\"Bruno Bozzetto\",\"Cochi e Renato\",\"CortoLovere Festival\",\"Cortometraggi\",\"Cortometraggio\",\"Enrico Lo Verso\",\"Enzo Iacchetti\",\"Fondazione Domenico Oprandi\",\"Internazionale\",\"Italia\",\"Lina Wertmuller\",\"Maria Grazia Cucinotta\",\"Maurizio Nichetti\",\"Oscar\",\"Renzo Martinelli\"],\"articleSection\":[\"Italia\"],\"inLanguage\":\"it-IT\",\"potentialAction\":[{\"@type\":\"CommentAction\",\"name\":\"Comment\",\"target\":[\"https:\\\/\\\/www.castingnews.eu\\\/magazine\\\/2009\\\/09\\\/01\\\/cortolovere-festival-2009\\\/#respond\"]}]},{\"@type\":\"WebPage\",\"@id\":\"https:\\\/\\\/www.castingnews.eu\\\/magazine\\\/2009\\\/09\\\/01\\\/cortolovere-festival-2009\\\/\",\"url\":\"https:\\\/\\\/www.castingnews.eu\\\/magazine\\\/2009\\\/09\\\/01\\\/cortolovere-festival-2009\\\/\",\"name\":\"CortoLovere Festival 2009 - Casting News Magazine\",\"isPartOf\":{\"@id\":\"https:\\\/\\\/www.castingnews.eu\\\/magazine\\\/#website\"},\"primaryImageOfPage\":{\"@id\":\"https:\\\/\\\/www.castingnews.eu\\\/magazine\\\/2009\\\/09\\\/01\\\/cortolovere-festival-2009\\\/#primaryimage\"},\"image\":{\"@id\":\"https:\\\/\\\/www.castingnews.eu\\\/magazine\\\/2009\\\/09\\\/01\\\/cortolovere-festival-2009\\\/#primaryimage\"},\"thumbnailUrl\":\"https:\\\/\\\/www.castingnews.eu\\\/magazine\\\/wp-content\\\/uploads\\\/2009\\\/09\\\/corto-lovere-2009-1.jpg\",\"datePublished\":\"2009-09-01T22:08:46+00:00\",\"author\":{\"@id\":\"https:\\\/\\\/www.castingnews.eu\\\/magazine\\\/#\\\/schema\\\/person\\\/099d71c568c9a7e5e4037b1594108f17\"},\"breadcrumb\":{\"@id\":\"https:\\\/\\\/www.castingnews.eu\\\/magazine\\\/2009\\\/09\\\/01\\\/cortolovere-festival-2009\\\/#breadcrumb\"},\"inLanguage\":\"it-IT\",\"potentialAction\":[{\"@type\":\"ReadAction\",\"target\":[\"https:\\\/\\\/www.castingnews.eu\\\/magazine\\\/2009\\\/09\\\/01\\\/cortolovere-festival-2009\\\/\"]}]},{\"@type\":\"ImageObject\",\"inLanguage\":\"it-IT\",\"@id\":\"https:\\\/\\\/www.castingnews.eu\\\/magazine\\\/2009\\\/09\\\/01\\\/cortolovere-festival-2009\\\/#primaryimage\",\"url\":\"https:\\\/\\\/www.castingnews.eu\\\/magazine\\\/wp-content\\\/uploads\\\/2009\\\/09\\\/corto-lovere-2009-1.jpg\",\"contentUrl\":\"https:\\\/\\\/www.castingnews.eu\\\/magazine\\\/wp-content\\\/uploads\\\/2009\\\/09\\\/corto-lovere-2009-1.jpg\",\"width\":400,\"height\":384},{\"@type\":\"BreadcrumbList\",\"@id\":\"https:\\\/\\\/www.castingnews.eu\\\/magazine\\\/2009\\\/09\\\/01\\\/cortolovere-festival-2009\\\/#breadcrumb\",\"itemListElement\":[{\"@type\":\"ListItem\",\"position\":1,\"name\":\"Home\",\"item\":\"https:\\\/\\\/www.castingnews.eu\\\/magazine\\\/\"},{\"@type\":\"ListItem\",\"position\":2,\"name\":\"CortoLovere Festival 2009\"}]},{\"@type\":\"WebSite\",\"@id\":\"https:\\\/\\\/www.castingnews.eu\\\/magazine\\\/#website\",\"url\":\"https:\\\/\\\/www.castingnews.eu\\\/magazine\\\/\",\"name\":\"Casting News Magazine\",\"description\":\"News e aggiornamenti sui film, serie tv, teatro e festival italiani ed internazionali\",\"potentialAction\":[{\"@type\":\"SearchAction\",\"target\":{\"@type\":\"EntryPoint\",\"urlTemplate\":\"https:\\\/\\\/www.castingnews.eu\\\/magazine\\\/?s={search_term_string}\"},\"query-input\":{\"@type\":\"PropertyValueSpecification\",\"valueRequired\":true,\"valueName\":\"search_term_string\"}}],\"inLanguage\":\"it-IT\"},{\"@type\":\"Person\",\"@id\":\"https:\\\/\\\/www.castingnews.eu\\\/magazine\\\/#\\\/schema\\\/person\\\/099d71c568c9a7e5e4037b1594108f17\",\"name\":\"Redazione\",\"image\":{\"@type\":\"ImageObject\",\"inLanguage\":\"it-IT\",\"@id\":\"https:\\\/\\\/secure.gravatar.com\\\/avatar\\\/b73a087aa3bd279fb70d24f1960a91c82cf67619395b60b564c90e9e5d5325fc?s=96&d=mm&r=g\",\"url\":\"https:\\\/\\\/secure.gravatar.com\\\/avatar\\\/b73a087aa3bd279fb70d24f1960a91c82cf67619395b60b564c90e9e5d5325fc?s=96&d=mm&r=g\",\"contentUrl\":\"https:\\\/\\\/secure.gravatar.com\\\/avatar\\\/b73a087aa3bd279fb70d24f1960a91c82cf67619395b60b564c90e9e5d5325fc?s=96&d=mm&r=g\",\"caption\":\"Redazione\"},\"description\":\"News e aggiornamenti sui film, serie tv, teatro e festival italiani ed internazionali.\",\"url\":\"https:\\\/\\\/www.castingnews.eu\\\/magazine\\\/author\\\/redazione\\\/\"}]}<\/script>\r\n<!-- \/ Yoast SEO plugin. -->","yoast_head_json":{"title":"CortoLovere Festival 2009 - Casting News Magazine","robots":{"index":"index","follow":"follow","max-snippet":"max-snippet:-1","max-image-preview":"max-image-preview:large","max-video-preview":"max-video-preview:-1"},"canonical":"https:\/\/www.castingnews.eu\/magazine\/2009\/09\/01\/cortolovere-festival-2009\/","og_locale":"it_IT","og_type":"article","og_title":"CortoLovere Festival 2009 - Casting News Magazine","og_description":"CortoLovere Festival 2009 &#8211;\u00a0Festival Interazionale Del Cortometraggio Era l\u2019ultimo sabato di settembre del 1998 quando, da Los Angeles, giungeva a Lovere Maria Grazia Cucinotta per tenere a battesimo il festival del cortometraggio \u201coscarino\u201d. Cos\u00ec si chiamava alla nascita la kermesse cinematografica, perch\u00e9 era stata concepita con la stessa formula del premio Oscar, solo al diminutivo [&hellip;]","og_url":"https:\/\/www.castingnews.eu\/magazine\/2009\/09\/01\/cortolovere-festival-2009\/","og_site_name":"Casting News Magazine","article_published_time":"2009-09-01T22:08:46+00:00","og_image":[{"width":400,"height":384,"url":"https:\/\/www.castingnews.eu\/magazine\/wp-content\/uploads\/2009\/09\/corto-lovere-2009-1.jpg","type":"image\/jpeg"}],"author":"Redazione","twitter_card":"summary_large_image","twitter_misc":{"Scritto da":"Redazione","Tempo di lettura stimato":"1 minuto"},"schema":{"@context":"https:\/\/schema.org","@graph":[{"@type":"Article","@id":"https:\/\/www.castingnews.eu\/magazine\/2009\/09\/01\/cortolovere-festival-2009\/#article","isPartOf":{"@id":"https:\/\/www.castingnews.eu\/magazine\/2009\/09\/01\/cortolovere-festival-2009\/"},"author":{"name":"Redazione","@id":"https:\/\/www.castingnews.eu\/magazine\/#\/schema\/person\/099d71c568c9a7e5e4037b1594108f17"},"headline":"CortoLovere Festival 2009","datePublished":"2009-09-01T22:08:46+00:00","mainEntityOfPage":{"@id":"https:\/\/www.castingnews.eu\/magazine\/2009\/09\/01\/cortolovere-festival-2009\/"},"wordCount":256,"commentCount":0,"image":{"@id":"https:\/\/www.castingnews.eu\/magazine\/2009\/09\/01\/cortolovere-festival-2009\/#primaryimage"},"thumbnailUrl":"https:\/\/www.castingnews.eu\/magazine\/wp-content\/uploads\/2009\/09\/corto-lovere-2009-1.jpg","keywords":["Alessio Boni","Bruno Bozzetto","Cochi e Renato","CortoLovere Festival","Cortometraggi","Cortometraggio","Enrico Lo Verso","Enzo Iacchetti","Fondazione Domenico Oprandi","Internazionale","Italia","Lina Wertmuller","Maria Grazia Cucinotta","Maurizio Nichetti","Oscar","Renzo Martinelli"],"articleSection":["Italia"],"inLanguage":"it-IT","potentialAction":[{"@type":"CommentAction","name":"Comment","target":["https:\/\/www.castingnews.eu\/magazine\/2009\/09\/01\/cortolovere-festival-2009\/#respond"]}]},{"@type":"WebPage","@id":"https:\/\/www.castingnews.eu\/magazine\/2009\/09\/01\/cortolovere-festival-2009\/","url":"https:\/\/www.castingnews.eu\/magazine\/2009\/09\/01\/cortolovere-festival-2009\/","name":"CortoLovere Festival 2009 - Casting News Magazine","isPartOf":{"@id":"https:\/\/www.castingnews.eu\/magazine\/#website"},"primaryImageOfPage":{"@id":"https:\/\/www.castingnews.eu\/magazine\/2009\/09\/01\/cortolovere-festival-2009\/#primaryimage"},"image":{"@id":"https:\/\/www.castingnews.eu\/magazine\/2009\/09\/01\/cortolovere-festival-2009\/#primaryimage"},"thumbnailUrl":"https:\/\/www.castingnews.eu\/magazine\/wp-content\/uploads\/2009\/09\/corto-lovere-2009-1.jpg","datePublished":"2009-09-01T22:08:46+00:00","author":{"@id":"https:\/\/www.castingnews.eu\/magazine\/#\/schema\/person\/099d71c568c9a7e5e4037b1594108f17"},"breadcrumb":{"@id":"https:\/\/www.castingnews.eu\/magazine\/2009\/09\/01\/cortolovere-festival-2009\/#breadcrumb"},"inLanguage":"it-IT","potentialAction":[{"@type":"ReadAction","target":["https:\/\/www.castingnews.eu\/magazine\/2009\/09\/01\/cortolovere-festival-2009\/"]}]},{"@type":"ImageObject","inLanguage":"it-IT","@id":"https:\/\/www.castingnews.eu\/magazine\/2009\/09\/01\/cortolovere-festival-2009\/#primaryimage","url":"https:\/\/www.castingnews.eu\/magazine\/wp-content\/uploads\/2009\/09\/corto-lovere-2009-1.jpg","contentUrl":"https:\/\/www.castingnews.eu\/magazine\/wp-content\/uploads\/2009\/09\/corto-lovere-2009-1.jpg","width":400,"height":384},{"@type":"BreadcrumbList","@id":"https:\/\/www.castingnews.eu\/magazine\/2009\/09\/01\/cortolovere-festival-2009\/#breadcrumb","itemListElement":[{"@type":"ListItem","position":1,"name":"Home","item":"https:\/\/www.castingnews.eu\/magazine\/"},{"@type":"ListItem","position":2,"name":"CortoLovere Festival 2009"}]},{"@type":"WebSite","@id":"https:\/\/www.castingnews.eu\/magazine\/#website","url":"https:\/\/www.castingnews.eu\/magazine\/","name":"Casting News Magazine","description":"News e aggiornamenti sui film, serie tv, teatro e festival italiani ed internazionali","potentialAction":[{"@type":"SearchAction","target":{"@type":"EntryPoint","urlTemplate":"https:\/\/www.castingnews.eu\/magazine\/?s={search_term_string}"},"query-input":{"@type":"PropertyValueSpecification","valueRequired":true,"valueName":"search_term_string"}}],"inLanguage":"it-IT"},{"@type":"Person","@id":"https:\/\/www.castingnews.eu\/magazine\/#\/schema\/person\/099d71c568c9a7e5e4037b1594108f17","name":"Redazione","image":{"@type":"ImageObject","inLanguage":"it-IT","@id":"https:\/\/secure.gravatar.com\/avatar\/b73a087aa3bd279fb70d24f1960a91c82cf67619395b60b564c90e9e5d5325fc?s=96&d=mm&r=g","url":"https:\/\/secure.gravatar.com\/avatar\/b73a087aa3bd279fb70d24f1960a91c82cf67619395b60b564c90e9e5d5325fc?s=96&d=mm&r=g","contentUrl":"https:\/\/secure.gravatar.com\/avatar\/b73a087aa3bd279fb70d24f1960a91c82cf67619395b60b564c90e9e5d5325fc?s=96&d=mm&r=g","caption":"Redazione"},"description":"News e aggiornamenti sui film, serie tv, teatro e festival italiani ed internazionali.","url":"https:\/\/www.castingnews.eu\/magazine\/author\/redazione\/"}]}},"_links":{"self":[{"href":"https:\/\/www.castingnews.eu\/magazine\/wp-json\/wp\/v2\/posts\/391","targetHints":{"allow":["GET"]}}],"collection":[{"href":"https:\/\/www.castingnews.eu\/magazine\/wp-json\/wp\/v2\/posts"}],"about":[{"href":"https:\/\/www.castingnews.eu\/magazine\/wp-json\/wp\/v2\/types\/post"}],"author":[{"embeddable":true,"href":"https:\/\/www.castingnews.eu\/magazine\/wp-json\/wp\/v2\/users\/1"}],"replies":[{"embeddable":true,"href":"https:\/\/www.castingnews.eu\/magazine\/wp-json\/wp\/v2\/comments?post=391"}],"version-history":[{"count":0,"href":"https:\/\/www.castingnews.eu\/magazine\/wp-json\/wp\/v2\/posts\/391\/revisions"}],"wp:featuredmedia":[{"embeddable":true,"href":"https:\/\/www.castingnews.eu\/magazine\/wp-json\/wp\/v2\/media\/392"}],"wp:attachment":[{"href":"https:\/\/www.castingnews.eu\/magazine\/wp-json\/wp\/v2\/media?parent=391"}],"wp:term":[{"taxonomy":"category","embeddable":true,"href":"https:\/\/www.castingnews.eu\/magazine\/wp-json\/wp\/v2\/categories?post=391"},{"taxonomy":"post_tag","embeddable":true,"href":"https:\/\/www.castingnews.eu\/magazine\/wp-json\/wp\/v2\/tags?post=391"}],"curies":[{"name":"wp","href":"https:\/\/api.w.org\/{rel}","templated":true}]}}