{"id":387,"date":"2009-09-01T22:58:22","date_gmt":"2009-09-01T21:58:22","guid":{"rendered":"http:\/\/www.film-movie.eu\/?p=387"},"modified":"2009-09-01T22:58:22","modified_gmt":"2009-09-01T21:58:22","slug":"marcarolo-film-festival-2009-dal-1-settembre-al-13-settembre-2009","status":"publish","type":"post","link":"https:\/\/www.castingnews.eu\/magazine\/2009\/09\/01\/marcarolo-film-festival-2009-dal-1-settembre-al-13-settembre-2009\/","title":{"rendered":"Marcarolo Film Festival 2009 dal 1 settembre al 13 settembre 2009"},"content":{"rendered":"<h3>\u00a0<span style=\"font-size: 1.17em; text-align: justify;\">Dopo le tre serate dell&#8217;Anteprima Festival nel mese di agosto, parte la II edizione del MarcaroloFilm Festival.<\/span><\/h3>\n<p style=\"text-align: justify;\">La manifestazione cinematografica \u00e8 organizzata dal Parco naturale delle Capanne di Marcarolo e dall&#8217;Ecomuseo di Cascina Moglioni. Dal 1 al 13 settembre 2009, 13 serate di cinema a tematica ambientale, naturalistica e socio-antropologica che si svolgeranno tra Alto Monferrato e Liguria nelle citt\u00e0 di Gavi, Ovada, Arquata Scrivia, Rossiglione e, per il primo anno, in tutti i sei comuni del Parco Capanne di Marcarolo (Bosio, Lerma, Mornese, Casaleggio Boiro, Tagliolo Monf.to, Voltaggio).<br \/>\nIl festival proporr\u00e0 al pubblico proiezioni di film di finzione e documentari del panorama cinematografico nazionale e internazionale e incontri con gli autori in sala, oltre alla sesta edizione del videoconcorso Parchi in Campo e alla seconda edizione del workshop per autori di documentari Sotto il castagno di Marcarolo.<br \/>\nContinuano inoltre le collaborazioni con Superottimisti, il progetto di recupero della memoria audiovisiva promosso dall&#8217;associazione Documentary in Europe di Torino, e con il Festival Cinemambiente di Torino.<br \/>\nIl Festival ospiter\u00e0, inoltre, come evento speciale il regista Daniele Gaglianone con il film documentario Rata nece biti (non ci sar\u00e0 la guerra) che ha vinto il David di Donatello 2009 come miglior documentario di lungometraggio.<\/p><div class=\"6d3639e8c6ac292cde400fad8ff8a5b9\" data-index=\"1\" style=\"float: none; margin:10px 0 10px 0; text-align:center;\">\n<script async src=\"\/\/pagead2.googlesyndication.com\/pagead\/js\/adsbygoogle.js\"><\/script>\r\n<!-- Casting Bambini NEW -->\r\n<ins class=\"adsbygoogle\"\r\n     style=\"display:inline-block;width:336px;height:280px\"\r\n     data-ad-client=\"ca-pub-5538097485429833\"\r\n     data-ad-slot=\"5127154445\"><\/ins>\r\n<script>\r\n(adsbygoogle = window.adsbygoogle || []).push({});\r\n<\/script>\n<\/div>\n\n<p style=\"text-align: justify;\">Per la serata di apertura (1 settembre 2009) al Forte di Gavi, il Marcarolo Film Festival ospita il film In un altro mondo di Joseph Peaquin, direttamente dall&#8217;ultima edizione del Festival del Cinema di Locarno, che racconta un anno con un guardiaparco del Parco Nazionale del Gran Paradiso.<br \/>\nMercoled\u00ec 2 settembre 2009 in programma a Mornese la prima delle tre serate dedicate al regista torinese Daniele Gaglianone. In questa occasione verr\u00e0 proiettato il lungometraggio Nemmeno il destino, tratto dall&#8217;omonimo romanzo di Gianfranco Bettin, che racconta la storia di tre adolescenti di una periferia in decadenza e del loro tentativo di sfuggire al proprio destino.<br \/>\nIl 3 settembre, a Voltaggio, viaggio nel Parco del Delta del Po con il documentario Un metro sotto i pesci di Michele Mellara e Alessandro Rossi.<br \/>\nVenerd\u00ec 4 settembre, ad Arquata Scrivia, ritorna SUPEROTTIMISTI &#8211; i nostri ricordi in pellicola. Continua, infatti la ricerca, avviata lo scorso anno, di materiale Super 8 e 8 mm ad opera di Superottimisti, progetto di recupero della memoria audiovisiva promosso dall&#8217;associazione Documentary in Europe di Torino. Durante la serata il pubblico potr\u00e0 assistere alla proiezione di un montaggio in musica del materiale raccolto sul nostro territorio: rivivranno cos\u00ec feste di paese, eventi pubblici e di costume, luoghi e atmosfere che oggi non esistono pi\u00f9.<br \/>\nIl territorio di Capanne di Marcarolo e la suggestiva sede dell&#8217;Ecomuseo di Cascina Moglioni diventano protagonisti ospitando il 5 settembre il film Olga e il tempo e il suo autore, il regista Manuele Cecconello e, nelle giornate del 5 e 6 settembre, gli incontri finali di Sotto il castagno di Marcarolo, workshop sulla scrittura e lo sviluppo di film documentari ecosostenibili. Quest&#8217;ultima iniziativa ha coinvolto filmaker e autori, convenuti da tutta Italia a Cascina Moglioni per sviluppare progetti di film sul tema del rapporto uomo-territorio sotto la guida e la supervisione di Stefano Tealdi e Edoardo Fracchia, docenti di fama internazionale nell&#8217;ambito del film documentario di creazione.<br \/>\nLa manifestazione dedicher\u00e0, inoltre, due serate dedicate al grande scrittore francese Jean Giono, l&#8217;autore de L&#8217;uomo che piantava gli alberi, che, pochi sanno, era anche regista e sceneggiatore. Domenica 6 settembre presso la Chiesa di San Leone di Casaleggio Boiro il Festival presenta, infatti, il suo film Cresus (Francia 1960) una vivace commedia di costume acuta e intelligente in lingua originale, mentre marted\u00ec 8 settembre a Lerma sar\u00e0 la volta del documentario Mystere Jean Giono, realizzato da Jacques Meny, regista e presidente dell&#8217;Associazione des Amis de Jean Giono che sar\u00e0 presente ad entrambe le proiezioni.<br \/>\nIl 7 settembre presso il Teatro Civico di Gavi, al via le proiezioni dell&#8217;attesissimo video concorso Parchi In Campo, giunto ormai alla sesta edizione. Verranno presentati i film finalisti, selezionati tra i 59 pervenuti: una panoramica di ambienti, paesaggi, culture e storie dalle aree protette e dagli ecomusei della nostra penisola. Le proiezioni di Parchi In Campo continuano gioved\u00ec 10 settembre a Tagliolo Monferrato.<br \/>\nMercoled\u00ec 9 settembre a Rossiglione secondo appuntamento con la retrospettiva su Daniele Gaglianone con la proiezione de I nostri anni, un film sperimentale e evocativo sulla memoria della Resistenza che sar\u00e0 seguito da una tavola rotonda a cui sono stati invitati Enti e Associazioni del territorio.<br \/>\nVenerd\u00ec 11 settembre ad Arquata Scrivia, nell&#8217;evento realizzato in collaborazione con Festival Cinemambiente, in programma Corridor # 8 di Boris Despodov, un documentario sul Corridoio Otto, un progetto cominciato, ma mai terminato, che prevedeva di unire commercialmente la Bulgaria, la Macedonia e l&#8217;Albania.<br \/>\nSabato 12 settembre torna il video concorso Parchi In Campo con la serata finale che vedr\u00e0 la proclamazione del vincitore del primo premio, un contributo di 10.000,00 euro da utilizzare per la realizzazione di un progetto di film documentario nel territorio dell&#8217;Oltregiogo. La Giuria di Esperti, presieduta da Stefano Della Casa, assegner\u00e0, oltre al primo premio, una menzione speciale, mentre la Giuria popolare aggiudicher\u00e0 il premio del pubblico. Serata conclusiva quella del 12 settembre anche per il Sotto il castagno di Marcarolo, workshop sulla scrittura e lo sviluppo di film documentari ecosostenibili. Una Giuria di Esperti nell&#8217;ambito della scrittura filmica assegner\u00e0 al miglior progetto il contributo di 1.250, 00 Euro.<br \/>\nIl Festival si concluder\u00e0 con l&#8217;evento speciale in programma domenica 13 settembre 2009 al Cinema Comunale di Ovada con un ospite d&#8217;eccezione: il regista Daniele Gaglianone che presenta il suo film documentario Rata nece biti (non ci sar\u00e0 la guerra), un viaggio in Bosnia Erzegovina che ha vinto il David di Donatello 2009 come miglior documentario di lungometraggio.<\/p>\n<p style=\"text-align: justify;\">INFO E AGGIORNAMENTI:<br \/>\nParco naturale delle Capanne di Marcarolo &#8211; Ecomuseo di Cascina Moglioni<br \/>\ntel \/ fax 0143684777 \/ <a href=\"http:\/\/www.parcocapanne.it\" target=\"_blank\">www.parcocapanne.it<\/a> \/<\/p>\n<p style=\"text-align: justify;\">ecomuseo.cascinamoglioni@ruparpiemonte.it<\/p>\n<p style=\"text-align: justify;\">Il Marcarolo Film Festival \u00e8 organizzato da:<br \/>\nParco naturale delle Capanne di Marcarolo<br \/>\nEcomuseo di Cascina Moglioni<\/p>\n<p style=\"text-align: justify;\">Partner Istituzionali:<br \/>\nRegione Piemonte<br \/>\nPiemonte Parchi<br \/>\nLaboratorio Ecomusei<br \/>\nProvincia di Alessandria<\/p>\n<p style=\"text-align: justify;\">In collaborazione con:<br \/>\nStefilm<br \/>\nFestival Cinemambiente di Torino<br \/>\nDocumentary In Europe<\/p>\n<p style=\"text-align: justify;\">Con il patrocinio di:<br \/>\nComune di Bosio<br \/>\nComune di Arquata Scrivia<br \/>\nComune di Casaleggio Boiro<br \/>\nComune di Gavi<br \/>\nComune di Lerma<br \/>\nComune di Mornese<br \/>\nComune di Ovada<br \/>\nComune di Rossiglione<br \/>\nComune di Tagliolo Monferrato<br \/>\nComune di Voltaggio<\/p>\n\n<div style=\"font-size: 0px; height: 0px; line-height: 0px; margin: 0; padding: 0; clear: both;\"><\/div>","protected":false},"excerpt":{"rendered":"<p>\u00a0Dopo le tre serate dell&#8217;Anteprima Festival nel mese di agosto, parte la II edizione del MarcaroloFilm Festival. La manifestazione cinematografica \u00e8 organizzata dal Parco naturale delle Capanne di Marcarolo e dall&#8217;Ecomuseo di Cascina Moglioni. Dal 1 al 13 settembre 2009, 13 serate di cinema a tematica ambientale, naturalistica e socio-antropologica che si svolgeranno tra Alto [&hellip;]<\/p>\n","protected":false},"author":1,"featured_media":388,"comment_status":"open","ping_status":"open","sticky":false,"template":"","format":"standard","meta":{"tdm_status":"","tdm_grid_status":"","footnotes":""},"categories":[71],"tags":[389,395,416,514,835,856,1148],"class_list":{"0":"post-387","1":"post","2":"type-post","3":"status-publish","4":"format-standard","5":"has-post-thumbnail","7":"category-italia-paese","8":"tag-daniele-gaglianone","9":"tag-david-di-donatello","10":"tag-documentario","11":"tag-festival","12":"tag-lungometraggio","13":"tag-marcarolo-film-festival","14":"tag-rata-nece-biti"},"yoast_head":"<!-- This site is optimized with the Yoast SEO plugin v27.4 - https:\/\/yoast.com\/product\/yoast-seo-wordpress\/ -->\r\n<title>Marcarolo Film Festival 2009 dal 1 settembre al 13 settembre 2009 - Casting News Magazine<\/title>\r\n<meta name=\"robots\" content=\"index, follow, max-snippet:-1, max-image-preview:large, max-video-preview:-1\" \/>\r\n<link rel=\"canonical\" href=\"https:\/\/www.castingnews.eu\/magazine\/2009\/09\/01\/marcarolo-film-festival-2009-dal-1-settembre-al-13-settembre-2009\/\" \/>\r\n<meta property=\"og:locale\" content=\"it_IT\" \/>\r\n<meta property=\"og:type\" content=\"article\" \/>\r\n<meta property=\"og:title\" content=\"Marcarolo Film Festival 2009 dal 1 settembre al 13 settembre 2009 - Casting News Magazine\" \/>\r\n<meta property=\"og:description\" content=\"\u00a0Dopo le tre serate dell&#8217;Anteprima Festival nel mese di agosto, parte la II edizione del MarcaroloFilm Festival. La manifestazione cinematografica \u00e8 organizzata dal Parco naturale delle Capanne di Marcarolo e dall&#8217;Ecomuseo di Cascina Moglioni. Dal 1 al 13 settembre 2009, 13 serate di cinema a tematica ambientale, naturalistica e socio-antropologica che si svolgeranno tra Alto [&hellip;]\" \/>\r\n<meta property=\"og:url\" content=\"https:\/\/www.castingnews.eu\/magazine\/2009\/09\/01\/marcarolo-film-festival-2009-dal-1-settembre-al-13-settembre-2009\/\" \/>\r\n<meta property=\"og:site_name\" content=\"Casting News Magazine\" \/>\r\n<meta property=\"article:published_time\" content=\"2009-09-01T21:58:22+00:00\" \/>\r\n<meta property=\"og:image\" content=\"https:\/\/www.castingnews.eu\/magazine\/wp-content\/uploads\/2009\/09\/Marcarolo-Film-Festival-1.jpg\" \/>\r\n\t<meta property=\"og:image:width\" content=\"616\" \/>\r\n\t<meta property=\"og:image:height\" content=\"292\" \/>\r\n\t<meta property=\"og:image:type\" content=\"image\/jpeg\" \/>\r\n<meta name=\"author\" content=\"Redazione\" \/>\r\n<meta name=\"twitter:card\" content=\"summary_large_image\" \/>\r\n<meta name=\"twitter:label1\" content=\"Scritto da\" \/>\n\t<meta name=\"twitter:data1\" content=\"Redazione\" \/>\n\t<meta name=\"twitter:label2\" content=\"Tempo di lettura stimato\" \/>\n\t<meta name=\"twitter:data2\" content=\"5 minuti\" \/>\r\n<script type=\"application\/ld+json\" class=\"yoast-schema-graph\">{\"@context\":\"https:\\\/\\\/schema.org\",\"@graph\":[{\"@type\":\"Article\",\"@id\":\"https:\\\/\\\/www.castingnews.eu\\\/magazine\\\/2009\\\/09\\\/01\\\/marcarolo-film-festival-2009-dal-1-settembre-al-13-settembre-2009\\\/#article\",\"isPartOf\":{\"@id\":\"https:\\\/\\\/www.castingnews.eu\\\/magazine\\\/2009\\\/09\\\/01\\\/marcarolo-film-festival-2009-dal-1-settembre-al-13-settembre-2009\\\/\"},\"author\":{\"name\":\"Redazione\",\"@id\":\"https:\\\/\\\/www.castingnews.eu\\\/magazine\\\/#\\\/schema\\\/person\\\/099d71c568c9a7e5e4037b1594108f17\"},\"headline\":\"Marcarolo Film Festival 2009 dal 1 settembre al 13 settembre 2009\",\"datePublished\":\"2009-09-01T21:58:22+00:00\",\"mainEntityOfPage\":{\"@id\":\"https:\\\/\\\/www.castingnews.eu\\\/magazine\\\/2009\\\/09\\\/01\\\/marcarolo-film-festival-2009-dal-1-settembre-al-13-settembre-2009\\\/\"},\"wordCount\":1028,\"commentCount\":0,\"image\":{\"@id\":\"https:\\\/\\\/www.castingnews.eu\\\/magazine\\\/2009\\\/09\\\/01\\\/marcarolo-film-festival-2009-dal-1-settembre-al-13-settembre-2009\\\/#primaryimage\"},\"thumbnailUrl\":\"https:\\\/\\\/www.castingnews.eu\\\/magazine\\\/wp-content\\\/uploads\\\/2009\\\/09\\\/Marcarolo-Film-Festival-1.jpg\",\"keywords\":[\"Daniele Gaglianone\",\"David di Donatello\",\"Documentario\",\"Festival\",\"Lungometraggio\",\"Marcarolo Film Festival\",\"Rata nece biti\"],\"articleSection\":[\"Italia\"],\"inLanguage\":\"it-IT\",\"potentialAction\":[{\"@type\":\"CommentAction\",\"name\":\"Comment\",\"target\":[\"https:\\\/\\\/www.castingnews.eu\\\/magazine\\\/2009\\\/09\\\/01\\\/marcarolo-film-festival-2009-dal-1-settembre-al-13-settembre-2009\\\/#respond\"]}]},{\"@type\":\"WebPage\",\"@id\":\"https:\\\/\\\/www.castingnews.eu\\\/magazine\\\/2009\\\/09\\\/01\\\/marcarolo-film-festival-2009-dal-1-settembre-al-13-settembre-2009\\\/\",\"url\":\"https:\\\/\\\/www.castingnews.eu\\\/magazine\\\/2009\\\/09\\\/01\\\/marcarolo-film-festival-2009-dal-1-settembre-al-13-settembre-2009\\\/\",\"name\":\"Marcarolo Film Festival 2009 dal 1 settembre al 13 settembre 2009 - Casting News Magazine\",\"isPartOf\":{\"@id\":\"https:\\\/\\\/www.castingnews.eu\\\/magazine\\\/#website\"},\"primaryImageOfPage\":{\"@id\":\"https:\\\/\\\/www.castingnews.eu\\\/magazine\\\/2009\\\/09\\\/01\\\/marcarolo-film-festival-2009-dal-1-settembre-al-13-settembre-2009\\\/#primaryimage\"},\"image\":{\"@id\":\"https:\\\/\\\/www.castingnews.eu\\\/magazine\\\/2009\\\/09\\\/01\\\/marcarolo-film-festival-2009-dal-1-settembre-al-13-settembre-2009\\\/#primaryimage\"},\"thumbnailUrl\":\"https:\\\/\\\/www.castingnews.eu\\\/magazine\\\/wp-content\\\/uploads\\\/2009\\\/09\\\/Marcarolo-Film-Festival-1.jpg\",\"datePublished\":\"2009-09-01T21:58:22+00:00\",\"author\":{\"@id\":\"https:\\\/\\\/www.castingnews.eu\\\/magazine\\\/#\\\/schema\\\/person\\\/099d71c568c9a7e5e4037b1594108f17\"},\"breadcrumb\":{\"@id\":\"https:\\\/\\\/www.castingnews.eu\\\/magazine\\\/2009\\\/09\\\/01\\\/marcarolo-film-festival-2009-dal-1-settembre-al-13-settembre-2009\\\/#breadcrumb\"},\"inLanguage\":\"it-IT\",\"potentialAction\":[{\"@type\":\"ReadAction\",\"target\":[\"https:\\\/\\\/www.castingnews.eu\\\/magazine\\\/2009\\\/09\\\/01\\\/marcarolo-film-festival-2009-dal-1-settembre-al-13-settembre-2009\\\/\"]}]},{\"@type\":\"ImageObject\",\"inLanguage\":\"it-IT\",\"@id\":\"https:\\\/\\\/www.castingnews.eu\\\/magazine\\\/2009\\\/09\\\/01\\\/marcarolo-film-festival-2009-dal-1-settembre-al-13-settembre-2009\\\/#primaryimage\",\"url\":\"https:\\\/\\\/www.castingnews.eu\\\/magazine\\\/wp-content\\\/uploads\\\/2009\\\/09\\\/Marcarolo-Film-Festival-1.jpg\",\"contentUrl\":\"https:\\\/\\\/www.castingnews.eu\\\/magazine\\\/wp-content\\\/uploads\\\/2009\\\/09\\\/Marcarolo-Film-Festival-1.jpg\",\"width\":616,\"height\":292},{\"@type\":\"BreadcrumbList\",\"@id\":\"https:\\\/\\\/www.castingnews.eu\\\/magazine\\\/2009\\\/09\\\/01\\\/marcarolo-film-festival-2009-dal-1-settembre-al-13-settembre-2009\\\/#breadcrumb\",\"itemListElement\":[{\"@type\":\"ListItem\",\"position\":1,\"name\":\"Home\",\"item\":\"https:\\\/\\\/www.castingnews.eu\\\/magazine\\\/\"},{\"@type\":\"ListItem\",\"position\":2,\"name\":\"Marcarolo Film Festival 2009 dal 1 settembre al 13 settembre 2009\"}]},{\"@type\":\"WebSite\",\"@id\":\"https:\\\/\\\/www.castingnews.eu\\\/magazine\\\/#website\",\"url\":\"https:\\\/\\\/www.castingnews.eu\\\/magazine\\\/\",\"name\":\"Casting News Magazine\",\"description\":\"News e aggiornamenti sui film, serie tv, teatro e festival italiani ed internazionali\",\"potentialAction\":[{\"@type\":\"SearchAction\",\"target\":{\"@type\":\"EntryPoint\",\"urlTemplate\":\"https:\\\/\\\/www.castingnews.eu\\\/magazine\\\/?s={search_term_string}\"},\"query-input\":{\"@type\":\"PropertyValueSpecification\",\"valueRequired\":true,\"valueName\":\"search_term_string\"}}],\"inLanguage\":\"it-IT\"},{\"@type\":\"Person\",\"@id\":\"https:\\\/\\\/www.castingnews.eu\\\/magazine\\\/#\\\/schema\\\/person\\\/099d71c568c9a7e5e4037b1594108f17\",\"name\":\"Redazione\",\"image\":{\"@type\":\"ImageObject\",\"inLanguage\":\"it-IT\",\"@id\":\"https:\\\/\\\/secure.gravatar.com\\\/avatar\\\/b73a087aa3bd279fb70d24f1960a91c82cf67619395b60b564c90e9e5d5325fc?s=96&d=mm&r=g\",\"url\":\"https:\\\/\\\/secure.gravatar.com\\\/avatar\\\/b73a087aa3bd279fb70d24f1960a91c82cf67619395b60b564c90e9e5d5325fc?s=96&d=mm&r=g\",\"contentUrl\":\"https:\\\/\\\/secure.gravatar.com\\\/avatar\\\/b73a087aa3bd279fb70d24f1960a91c82cf67619395b60b564c90e9e5d5325fc?s=96&d=mm&r=g\",\"caption\":\"Redazione\"},\"description\":\"News e aggiornamenti sui film, serie tv, teatro e festival italiani ed internazionali.\",\"url\":\"https:\\\/\\\/www.castingnews.eu\\\/magazine\\\/author\\\/redazione\\\/\"}]}<\/script>\r\n<!-- \/ Yoast SEO plugin. -->","yoast_head_json":{"title":"Marcarolo Film Festival 2009 dal 1 settembre al 13 settembre 2009 - Casting News Magazine","robots":{"index":"index","follow":"follow","max-snippet":"max-snippet:-1","max-image-preview":"max-image-preview:large","max-video-preview":"max-video-preview:-1"},"canonical":"https:\/\/www.castingnews.eu\/magazine\/2009\/09\/01\/marcarolo-film-festival-2009-dal-1-settembre-al-13-settembre-2009\/","og_locale":"it_IT","og_type":"article","og_title":"Marcarolo Film Festival 2009 dal 1 settembre al 13 settembre 2009 - Casting News Magazine","og_description":"\u00a0Dopo le tre serate dell&#8217;Anteprima Festival nel mese di agosto, parte la II edizione del MarcaroloFilm Festival. La manifestazione cinematografica \u00e8 organizzata dal Parco naturale delle Capanne di Marcarolo e dall&#8217;Ecomuseo di Cascina Moglioni. Dal 1 al 13 settembre 2009, 13 serate di cinema a tematica ambientale, naturalistica e socio-antropologica che si svolgeranno tra Alto [&hellip;]","og_url":"https:\/\/www.castingnews.eu\/magazine\/2009\/09\/01\/marcarolo-film-festival-2009-dal-1-settembre-al-13-settembre-2009\/","og_site_name":"Casting News Magazine","article_published_time":"2009-09-01T21:58:22+00:00","og_image":[{"width":616,"height":292,"url":"https:\/\/www.castingnews.eu\/magazine\/wp-content\/uploads\/2009\/09\/Marcarolo-Film-Festival-1.jpg","type":"image\/jpeg"}],"author":"Redazione","twitter_card":"summary_large_image","twitter_misc":{"Scritto da":"Redazione","Tempo di lettura stimato":"5 minuti"},"schema":{"@context":"https:\/\/schema.org","@graph":[{"@type":"Article","@id":"https:\/\/www.castingnews.eu\/magazine\/2009\/09\/01\/marcarolo-film-festival-2009-dal-1-settembre-al-13-settembre-2009\/#article","isPartOf":{"@id":"https:\/\/www.castingnews.eu\/magazine\/2009\/09\/01\/marcarolo-film-festival-2009-dal-1-settembre-al-13-settembre-2009\/"},"author":{"name":"Redazione","@id":"https:\/\/www.castingnews.eu\/magazine\/#\/schema\/person\/099d71c568c9a7e5e4037b1594108f17"},"headline":"Marcarolo Film Festival 2009 dal 1 settembre al 13 settembre 2009","datePublished":"2009-09-01T21:58:22+00:00","mainEntityOfPage":{"@id":"https:\/\/www.castingnews.eu\/magazine\/2009\/09\/01\/marcarolo-film-festival-2009-dal-1-settembre-al-13-settembre-2009\/"},"wordCount":1028,"commentCount":0,"image":{"@id":"https:\/\/www.castingnews.eu\/magazine\/2009\/09\/01\/marcarolo-film-festival-2009-dal-1-settembre-al-13-settembre-2009\/#primaryimage"},"thumbnailUrl":"https:\/\/www.castingnews.eu\/magazine\/wp-content\/uploads\/2009\/09\/Marcarolo-Film-Festival-1.jpg","keywords":["Daniele Gaglianone","David di Donatello","Documentario","Festival","Lungometraggio","Marcarolo Film Festival","Rata nece biti"],"articleSection":["Italia"],"inLanguage":"it-IT","potentialAction":[{"@type":"CommentAction","name":"Comment","target":["https:\/\/www.castingnews.eu\/magazine\/2009\/09\/01\/marcarolo-film-festival-2009-dal-1-settembre-al-13-settembre-2009\/#respond"]}]},{"@type":"WebPage","@id":"https:\/\/www.castingnews.eu\/magazine\/2009\/09\/01\/marcarolo-film-festival-2009-dal-1-settembre-al-13-settembre-2009\/","url":"https:\/\/www.castingnews.eu\/magazine\/2009\/09\/01\/marcarolo-film-festival-2009-dal-1-settembre-al-13-settembre-2009\/","name":"Marcarolo Film Festival 2009 dal 1 settembre al 13 settembre 2009 - Casting News Magazine","isPartOf":{"@id":"https:\/\/www.castingnews.eu\/magazine\/#website"},"primaryImageOfPage":{"@id":"https:\/\/www.castingnews.eu\/magazine\/2009\/09\/01\/marcarolo-film-festival-2009-dal-1-settembre-al-13-settembre-2009\/#primaryimage"},"image":{"@id":"https:\/\/www.castingnews.eu\/magazine\/2009\/09\/01\/marcarolo-film-festival-2009-dal-1-settembre-al-13-settembre-2009\/#primaryimage"},"thumbnailUrl":"https:\/\/www.castingnews.eu\/magazine\/wp-content\/uploads\/2009\/09\/Marcarolo-Film-Festival-1.jpg","datePublished":"2009-09-01T21:58:22+00:00","author":{"@id":"https:\/\/www.castingnews.eu\/magazine\/#\/schema\/person\/099d71c568c9a7e5e4037b1594108f17"},"breadcrumb":{"@id":"https:\/\/www.castingnews.eu\/magazine\/2009\/09\/01\/marcarolo-film-festival-2009-dal-1-settembre-al-13-settembre-2009\/#breadcrumb"},"inLanguage":"it-IT","potentialAction":[{"@type":"ReadAction","target":["https:\/\/www.castingnews.eu\/magazine\/2009\/09\/01\/marcarolo-film-festival-2009-dal-1-settembre-al-13-settembre-2009\/"]}]},{"@type":"ImageObject","inLanguage":"it-IT","@id":"https:\/\/www.castingnews.eu\/magazine\/2009\/09\/01\/marcarolo-film-festival-2009-dal-1-settembre-al-13-settembre-2009\/#primaryimage","url":"https:\/\/www.castingnews.eu\/magazine\/wp-content\/uploads\/2009\/09\/Marcarolo-Film-Festival-1.jpg","contentUrl":"https:\/\/www.castingnews.eu\/magazine\/wp-content\/uploads\/2009\/09\/Marcarolo-Film-Festival-1.jpg","width":616,"height":292},{"@type":"BreadcrumbList","@id":"https:\/\/www.castingnews.eu\/magazine\/2009\/09\/01\/marcarolo-film-festival-2009-dal-1-settembre-al-13-settembre-2009\/#breadcrumb","itemListElement":[{"@type":"ListItem","position":1,"name":"Home","item":"https:\/\/www.castingnews.eu\/magazine\/"},{"@type":"ListItem","position":2,"name":"Marcarolo Film Festival 2009 dal 1 settembre al 13 settembre 2009"}]},{"@type":"WebSite","@id":"https:\/\/www.castingnews.eu\/magazine\/#website","url":"https:\/\/www.castingnews.eu\/magazine\/","name":"Casting News Magazine","description":"News e aggiornamenti sui film, serie tv, teatro e festival italiani ed internazionali","potentialAction":[{"@type":"SearchAction","target":{"@type":"EntryPoint","urlTemplate":"https:\/\/www.castingnews.eu\/magazine\/?s={search_term_string}"},"query-input":{"@type":"PropertyValueSpecification","valueRequired":true,"valueName":"search_term_string"}}],"inLanguage":"it-IT"},{"@type":"Person","@id":"https:\/\/www.castingnews.eu\/magazine\/#\/schema\/person\/099d71c568c9a7e5e4037b1594108f17","name":"Redazione","image":{"@type":"ImageObject","inLanguage":"it-IT","@id":"https:\/\/secure.gravatar.com\/avatar\/b73a087aa3bd279fb70d24f1960a91c82cf67619395b60b564c90e9e5d5325fc?s=96&d=mm&r=g","url":"https:\/\/secure.gravatar.com\/avatar\/b73a087aa3bd279fb70d24f1960a91c82cf67619395b60b564c90e9e5d5325fc?s=96&d=mm&r=g","contentUrl":"https:\/\/secure.gravatar.com\/avatar\/b73a087aa3bd279fb70d24f1960a91c82cf67619395b60b564c90e9e5d5325fc?s=96&d=mm&r=g","caption":"Redazione"},"description":"News e aggiornamenti sui film, serie tv, teatro e festival italiani ed internazionali.","url":"https:\/\/www.castingnews.eu\/magazine\/author\/redazione\/"}]}},"_links":{"self":[{"href":"https:\/\/www.castingnews.eu\/magazine\/wp-json\/wp\/v2\/posts\/387","targetHints":{"allow":["GET"]}}],"collection":[{"href":"https:\/\/www.castingnews.eu\/magazine\/wp-json\/wp\/v2\/posts"}],"about":[{"href":"https:\/\/www.castingnews.eu\/magazine\/wp-json\/wp\/v2\/types\/post"}],"author":[{"embeddable":true,"href":"https:\/\/www.castingnews.eu\/magazine\/wp-json\/wp\/v2\/users\/1"}],"replies":[{"embeddable":true,"href":"https:\/\/www.castingnews.eu\/magazine\/wp-json\/wp\/v2\/comments?post=387"}],"version-history":[{"count":0,"href":"https:\/\/www.castingnews.eu\/magazine\/wp-json\/wp\/v2\/posts\/387\/revisions"}],"wp:featuredmedia":[{"embeddable":true,"href":"https:\/\/www.castingnews.eu\/magazine\/wp-json\/wp\/v2\/media\/388"}],"wp:attachment":[{"href":"https:\/\/www.castingnews.eu\/magazine\/wp-json\/wp\/v2\/media?parent=387"}],"wp:term":[{"taxonomy":"category","embeddable":true,"href":"https:\/\/www.castingnews.eu\/magazine\/wp-json\/wp\/v2\/categories?post=387"},{"taxonomy":"post_tag","embeddable":true,"href":"https:\/\/www.castingnews.eu\/magazine\/wp-json\/wp\/v2\/tags?post=387"}],"curies":[{"name":"wp","href":"https:\/\/api.w.org\/{rel}","templated":true}]}}