{"id":3796,"date":"2021-12-04T13:57:56","date_gmt":"2021-12-04T12:57:56","guid":{"rendered":"https:\/\/www.castingnews.eu\/magazine\/?p=3796"},"modified":"2021-12-04T13:58:01","modified_gmt":"2021-12-04T12:58:01","slug":"lisola-del-cinema-presenta-isola-mondo-edizione-speciale-il-pianeta-racconta","status":"publish","type":"post","link":"https:\/\/www.castingnews.eu\/magazine\/2021\/12\/04\/lisola-del-cinema-presenta-isola-mondo-edizione-speciale-il-pianeta-racconta\/","title":{"rendered":"L&#8217;Isola del Cinema presenta Isola Mondo Edizione Speciale: \u201cIl Pianeta Racconta\u201d"},"content":{"rendered":"\n<p><strong>Roma, venerd\u00ec 3 dicembre 2021.&nbsp;<\/strong>Al via l\u2019Edizione Speciale de<strong>&nbsp;\u201cL\u2019Isola del Cinema\u201d<\/strong>, dedicata all\u2019Ambiente e ai Talenti Italiani, che porter\u00e0,&nbsp;<strong>tra il 10 e il 23 dicembre<\/strong>, nella storica sala di Cinema dell\u2019ex Filmstudio a Trastevere, Spazio Scena, una serie di giornate di proiezioni gratuite.<br>Film, documentari, corti, dibattiti, incontri con registi e attori saranno i principali appuntamenti che si terranno in Sala 1, mentre le presentazioni letterarie si terranno generalmente in Sala 2.<br>I film selezionati fanno parte della produzione cinematografica del 2021 o comunque degli ultimi anni, per permettere al pubblico di recuperare alcune pellicole che non hanno potuto vedere a causa del lockdown dovuto alla pandemia.<br>Particolare attenzione quest\u2019anno viene riservata alle registe donne, con la sezione&nbsp;GIRL POWER.<\/p><div class=\"6d3639e8c6ac292cde400fad8ff8a5b9\" data-index=\"1\" style=\"float: none; margin:10px 0 10px 0; text-align:center;\">\n<script async src=\"\/\/pagead2.googlesyndication.com\/pagead\/js\/adsbygoogle.js\"><\/script>\r\n<!-- Casting Bambini NEW -->\r\n<ins class=\"adsbygoogle\"\r\n     style=\"display:inline-block;width:336px;height:280px\"\r\n     data-ad-client=\"ca-pub-5538097485429833\"\r\n     data-ad-slot=\"5127154445\"><\/ins>\r\n<script>\r\n(adsbygoogle = window.adsbygoogle || []).push({});\r\n<\/script>\n<\/div>\n\n\n\n\n<p><strong>La 27\u00b0 edizione<\/strong>&nbsp;si apre&nbsp;<strong>venerd\u00ec 10 dicembre alle ore 19:30<\/strong>&nbsp;con il film di&nbsp;<strong>Sabina Guzzanti<\/strong>&nbsp;\u201c<strong>SPINTIME Che Fatica la Democrazia!<\/strong>\u201d (2021), un documentario partecipativo che fotografa la situazione del palazzo occupato a Roma dal 2013, in cui vivono persone di 20 Paesi diversi.&nbsp;<strong>La regista sar\u00e0 presente&nbsp;<\/strong>in sala per un saluto al pubblico prima del film e per rispondere alle domande dopo la proiezione.<\/p>\n\n\n\n<p>Spazio al&nbsp;CINEMA ITALIANO&nbsp;e ai registi che si stanno affermando nel panorama cinematografico nazionale, facendo parlare positivamente delle loro opere. La proiezione che chiude la giornata di venerd\u00ec 10 dicembre \u00e8, alle ore 21:30, \u201c<strong>L\u2019 Arminuta<\/strong>\u201d (2021) di&nbsp;<strong>Giuseppe Bonito<\/strong>. Il film \u00e8 tratto dal libro bestseller di Monica Zapelli e&nbsp;Donatella Di Pietrantonio, vincitore del Premio Campiello 2017. Ambientato nell\u2019estate del \u201975 racconta la storia di una ragazzina di tredici anni che viene restituita alla famiglia cui non sapeva di appartenere, venendo catapultata in un mondo estraneo e perdendo il calore e le attenzioni della famiglia in cui era cresciuta.<\/p>\n\n\n\n<p>Altro film interessante, girato a quattro mani da due registi italiani, in programma per sabato 11 dicembre alle ore 19:30 \u00e8 \u201c<strong>Ritual- Una storia psicomagica<\/strong>\u201d (2014), diretto da&nbsp;<strong>Giulia Brazzale e Luca Immesi<\/strong>. Il film rappresenta un omaggio all\u2019artista cileno Jodorowsky e racconta la storia di una ragazza fragile che, travolta da un rapporto con un narcisista e sadico, si rifugia dalla zia guaritrice in un paesino veneto.&nbsp;<strong>Saranno presenti alla proiezione i registi e l\u2019attrice D\u00e9sir\u00e9e Giorgetti<\/strong>.<\/p>\n\n\n\n<p>Per la sezione&nbsp;CINEMA ITALIANO, L\u2019Isola del Cinema propone il film drammatico ambientato in un carcere in un tempo sospeso, \u201c<strong>Ariaferma<\/strong>\u201d (2021), di&nbsp;<strong>Leonardo Di Costanzo<\/strong>, che vede tra i principali interpreti Toni Servillo, Silvio Orlando e Fabrizio Ferracane. La proiezione si terr\u00e0 12 dicembre alle ore 19:30.<\/p>\n\n\n\n<p>Tanti i film sulle tematiche dell\u2019Ambiente e della biodiversit\u00e0, che rappresentano il vero cuore del programma, con titoli come quello di domenica 19 dicembre alle 21:30, con l\u2019<strong>anteprima romana<\/strong>&nbsp;di \u201c<strong>Homo Botanicus<\/strong>\u201d (2018) del regista colombiano&nbsp;<strong>Guillermo Quintero<\/strong>. Un documentario in cui il regista, durante una visita al suo vecchio professore di botanica Julio Betancur, nel ritornare nella foresta tropicale colombiana, si pone il quesito filosofico sull\u2019ossessione dell\u2019uomo di controllare e mappare la natura. Il film sar\u00e0 preceduto dalla proiezione del corto indipendente \u201c<strong>The Nameless Call<\/strong>\u201d (2021)&nbsp;di Wow Tapes, sul profondo legame con la natura in un viaggio on the road attraverso la Costa Rica compiuto da&nbsp;un equipaggio di 6 persone, che ha toccato 25 localit\u00e0 sparse in tutto il paese, per un totale di 3000 km percorsi.&nbsp;<\/p>\n\n\n\n<p>Ogni giorno, dal&nbsp;<strong>10 al 12 dicembre<\/strong>&nbsp;e, in seconda ripresa&nbsp;<strong>dal 19 al 23 dicembre<\/strong>, il pomeriggio si apre con una presentazione letteraria o con la proiezione di un film d\u2019animazione, per una proposta culturale e di intrattenimento che possa coinvolgere tutta la famiglia, con titoli come: \u201c<strong>RON &#8211; Un amico fuori programma<\/strong>\u201d di&nbsp;<strong>Jean-Philippe Vine<\/strong>&nbsp;e&nbsp;<strong>Sarah Smith<\/strong>&nbsp;(12 dicembre) \u201c<strong>COCO<\/strong>\u201d di&nbsp;<strong>Adrian Molina e Lee Unkrich<\/strong>&nbsp;(21 dicembre) e \u201c<strong>WALL-E\u201d<\/strong>&nbsp;di&nbsp;<strong>Andrew Stanton<\/strong>&nbsp;(22 dicembre).<\/p>\n\n\n\n<p>Infine, due film per la sezione riservata alla cinematografia internazionale,&nbsp;<strong>ISOLA MONDO<\/strong>: \u201c<strong>L&#8217;Isola di Calvino<\/strong>\u201d (2006) di&nbsp;<strong>Roberto Giannarelli<\/strong>, in programma marted\u00ec 21 dicembre alle 19:30, che verr\u00e0 presentato collaborazione con l\u2019Ambasciata di Cuba, per assistere ad un viaggio nelle radici e nella formazione di Italo Calvino, raccontato attraverso i luoghi calviniani e le testimonianze di amici come Caridad Quesada Bernal (figlia di El Cubano, collaboratore di Mario Calvino), Libereso Guglielmi (giardiniere di Villa Meridiana, casa dei Calvino a San Remo), Helio Orovio (musicologo, giornalista, poeta e scrittore cubano), G.B. Pigati (compagno di scuola di Calvino), Emanuele Luzzati, Renzo Piano, Eugenio Scalfari, Gore Vidal e Inge Feltrinelli.<\/p>\n\n\n\n<p>Mercoled\u00ec&nbsp;22 dicembre alle ore 21:30, si terr\u00e0 la proiezione de \u201c<strong>Il ragazzo pi\u00f9 bello del mondo<\/strong>\u201d&nbsp;(2021) di&nbsp;<strong>Kristina Lindstr\u00f6m<\/strong>. Un film documentario su Bj\u00f6rn Andr\u00e9sen e sugli effetti della fama dopo essere apparso nel film del 1971 di Luchino Visconti, \u201cMorte a Venezia\u201d.&nbsp;Un timido ragazzo scoperto a Stoccolma dal regista milanese, che rivestendo il ruolo di protagonista del capolavoro di Visconti viene catapultato nel jet set internazionale. Bj\u00f6rn si racconta in un documentario intimo e personale svelando la sua storia fuori dal set dopo cinquant\u2019anni.<\/p>\n\n\n\n<p><strong>Evento Speciale, domenica 19 dicembre<\/strong>, alle ore 17:00: l\u2019appuntamento \u00e8 dedicato al vignettista francese&nbsp;<strong>Philippe Geluck<\/strong>, che con il suo celebre gatto realizza da decenni migliaia di strisce umoristiche. Geluck, \u00e8 oggi tra i disegnatori pi\u00f9 apprezzati in Francia. Aforista per adulti molto amato dai bambini, il Gatto conquista per la sua semplicit\u00e0. L\u2019animale pi\u00f9 popolare del fumetto europeo arriva in Italia con un\u2019edizione speciale del suo storico primo album. Geluck e il suo Gatto si affacceranno a salutare il pubblico il 19 dicembre. Interviene all\u2019incontro&nbsp;<strong>Barbara Altomonte<\/strong>, curatrice e traduttrice della pubblicazione.<\/p>\n\n\n\n<p>A seguire, alle 18:30, la serata dedicata all\u2019Ambiente si apre con l\u2019intervento video del&nbsp;<strong>Prof. Marco Ginanneschi<\/strong>, Prof. di Economia presso la&nbsp;Link Campus University, che introdurr\u00e0 la proiezione dal titolo \u201c<strong>Dall&#8217;orange alla green economy: tutti i colori dell&#8217;economia<\/strong>\u201d. La serata prosegue con il film cult \u201c<strong>Primavera, estate, autunno, inverno\u2026 e ancora primavera<\/strong>\u201d (2004) del regista coreano&nbsp;<strong>Kim Ki-Duk<\/strong>: un racconto poetico sul ciclo della vita, ambientato in un eremo buddhista al centro di un lago in una foresta incontaminata.<\/p>\n\n\n\n<p>Il Programma prosegue con le&nbsp;<strong>presentazioni letterarie<\/strong>&nbsp;dei seguenti libri: \u201c<strong>Il Consolo<\/strong>\u201d&nbsp;di&nbsp;<strong>Orsola Severini,<\/strong>&nbsp;che verr\u00e0 presentato l\u201911 dicembre alle 16:00 dalla giornalista e scrittrice Alma Daddario;&nbsp;\u201c<strong>Il Suono della Bellezza<\/strong>\u201d&nbsp;di&nbsp;<strong>Virginia Saba<\/strong>, verr\u00e0 presentato nell\u2019incontro del 22 dicembre, alle ore 18:00, moderato dall\u2019attrice sarda&nbsp;<strong>Simonetta Columbu<\/strong>. Il 23 dicembre alle ore 18:00 sar\u00e0 la volta del libro di racconti che \u00e8 fortemente connesso con il cinema: \u201c<strong>Penelope alla peste: la pandemia raccontata dalle donne<\/strong>\u201d, della giornalista&nbsp;<strong>Veronica Passeri<\/strong>,&nbsp;con prefazione di Giovanna Botteri. A seguire, verranno proiettati due corti che hanno preso ispirazione dal libro e ricevuto il premio Bookciak all\u2019ultima Mostra del Cinema di Venezia: \u201c<strong>This is fine<\/strong>\u201d di Gianmarco Nepa (IFA Scuola di cinema Pescara<em>)&nbsp;<\/em>e\u201c<strong>Penelope&nbsp;a Rebibbia<\/strong>\u201d di e con Maria S., Loide D., Gabriela P.<\/p>\n\n\n\n<p>La rassegna cinematografica e culturale de&nbsp;<strong>L\u2019Isola del Cinema<\/strong>&nbsp;propone, gioved\u00ec 23 dicembre alle ore 16:00, la proiezione di un documentario selezionato anche per gli Oscar che vede protagonisti gli animali: \u201c<strong>Gunda<\/strong>\u201d (2020) di&nbsp;<strong>Victor Kossakovsky<\/strong>. Joaquin Phoenix, tra i pi\u00f9 celebri attori a battersi per il veganesimo, \u00e8 il produttore esecutivo di questo gioiello del documentario, che rappresenta a pieno titolo la sezione&nbsp;FUOCO SUL REALE&nbsp;e offre una sconvolgente prospettiva sulla sensibilit\u00e0 degli animali.&nbsp;&nbsp;L\u2019opera ha ottenuto la nomination agli EUROPEAN FILM AWARDS nella categoria European Documentary 2020.<\/p>\n\n\n\n<p>Film di chiusura, per la sezione IL PIANETA RACCONTA, \u00e8 \u201c<strong>Futura<\/strong>\u201d (2021), film documentario del regista&nbsp;<strong>Pietro Marcello<\/strong>, che con&nbsp;<strong>Francesco Munzi<\/strong>&nbsp;e&nbsp;<strong>Alice Rohrwacher<\/strong>&nbsp;ha raccolto in tutta Italia i commenti e le considerazioni dei ragazzi sulla loro visione di futuro, restituendo il ritratto di una generazione, tra timori e speranze.<\/p>\n\n\n\n<p>L\u2019Isola del Cinema \u00e8 organizzata dall\u2019<strong>Associazione Culturale \u201cAmici di Trastevere\u201d<\/strong>, con il contributo del&nbsp;<strong>MiC&nbsp;<\/strong>(Ministero della Cultura), il patrocinio dell\u2019<strong>Ambasciata della Repubblica di Cuba in Italia<\/strong>&nbsp;e vanta come Partner Culturale il&nbsp;<strong>Goethe-Institut<\/strong>.<\/p>\n\n\n\n<p><br>Il progetto, promosso da&nbsp;<strong>Roma Culture<\/strong>, \u00e8 vincitore dell&#8217;Avviso pubblico Estate Romana 2020-2021- 2022, curato dal Dipartimento Attivit\u00e0 Culturali, ed \u00e8 realizzato in collaborazione con&nbsp;<strong>SIAE<\/strong>.&nbsp;<strong>MODALIT\u00c0 DI ACCESSO IN SALA<\/strong>:<br>L\u2019evento che si terr\u00e0 a Spazio Scena \u00e8 ad&nbsp;<strong>ingresso gratuito<\/strong>.<br>Per poter assistere alle proiezioni \u00e8 necessario prenotare, telefonando o scrivendo a Spazio Scena.&nbsp;&nbsp;<br>Super&nbsp;Green Pass obbligatorio.<br><strong>SPAZIO SCENA:<\/strong>&nbsp;Via degli Orti d\u2019Alibert 1, Roma&nbsp;<a href=\"http:\/\/www.scenaweb.it\/\" target=\"_blank\" rel=\"noreferrer noopener\">www.scenaweb.it<\/a><br>Per le prenotazioni: Cell. 366 8301304; Tel. 0651685734; e-mail:&nbsp;<a href=\"mailto:staffscena@gmail.com\" target=\"_blank\" rel=\"noreferrer noopener\">staffscena@gmail.com<\/a><\/p>\n\n<div style=\"font-size: 0px; height: 0px; line-height: 0px; margin: 0; padding: 0; clear: both;\"><\/div>","protected":false},"excerpt":{"rendered":"<p>Roma, venerd\u00ec 3 dicembre 2021.&nbsp;Al via l\u2019Edizione Speciale de&nbsp;\u201cL\u2019Isola del Cinema\u201d, dedicata all\u2019Ambiente e ai Talenti Italiani, che porter\u00e0,&nbsp;tra il 10 e il 23 dicembre, nella storica sala di Cinema dell\u2019ex Filmstudio a Trastevere, Spazio Scena, una serie di giornate di proiezioni gratuite.Film, documentari, corti, dibattiti, incontri con registi e attori saranno i principali appuntamenti [&hellip;]<\/p>\n","protected":false},"author":1,"featured_media":3797,"comment_status":"open","ping_status":"open","sticky":false,"template":"","format":"standard","meta":{"tdm_status":"","tdm_grid_status":"","footnotes":""},"categories":[10,11,1533,71],"tags":[514,3388,3386,3385,717,1864,1193,3387],"class_list":{"0":"post-3796","1":"post","2":"type-post","3":"status-publish","4":"format-standard","5":"has-post-thumbnail","7":"category-eventi","8":"category-festival","9":"category-featured","10":"category-italia-paese","11":"tag-festival","12":"tag-girl-power","13":"tag-il-pianeta-racconta","14":"tag-isola-mondo-edizione-speciale","15":"tag-italia","16":"tag-lisola-del-cinema-2","17":"tag-roma","18":"tag-trastevere"},"yoast_head":"<!-- This site is optimized with the Yoast SEO plugin v27.4 - https:\/\/yoast.com\/product\/yoast-seo-wordpress\/ -->\r\n<title>L&#039;Isola del Cinema presenta Isola Mondo Edizione Speciale: \u201cIl Pianeta Racconta\u201d - Casting News Magazine<\/title>\r\n<meta name=\"robots\" content=\"index, follow, max-snippet:-1, max-image-preview:large, max-video-preview:-1\" \/>\r\n<link rel=\"canonical\" href=\"https:\/\/www.castingnews.eu\/magazine\/2021\/12\/04\/lisola-del-cinema-presenta-isola-mondo-edizione-speciale-il-pianeta-racconta\/\" \/>\r\n<meta property=\"og:locale\" content=\"it_IT\" \/>\r\n<meta property=\"og:type\" content=\"article\" \/>\r\n<meta property=\"og:title\" content=\"L&#039;Isola del Cinema presenta Isola Mondo Edizione Speciale: \u201cIl Pianeta Racconta\u201d - Casting News Magazine\" \/>\r\n<meta property=\"og:description\" content=\"Roma, venerd\u00ec 3 dicembre 2021.&nbsp;Al via l\u2019Edizione Speciale de&nbsp;\u201cL\u2019Isola del Cinema\u201d, dedicata all\u2019Ambiente e ai Talenti Italiani, che porter\u00e0,&nbsp;tra il 10 e il 23 dicembre, nella storica sala di Cinema dell\u2019ex Filmstudio a Trastevere, Spazio Scena, una serie di giornate di proiezioni gratuite.Film, documentari, corti, dibattiti, incontri con registi e attori saranno i principali appuntamenti [&hellip;]\" \/>\r\n<meta property=\"og:url\" content=\"https:\/\/www.castingnews.eu\/magazine\/2021\/12\/04\/lisola-del-cinema-presenta-isola-mondo-edizione-speciale-il-pianeta-racconta\/\" \/>\r\n<meta property=\"og:site_name\" content=\"Casting News Magazine\" \/>\r\n<meta property=\"article:published_time\" content=\"2021-12-04T12:57:56+00:00\" \/>\r\n<meta property=\"article:modified_time\" content=\"2021-12-04T12:58:01+00:00\" \/>\r\n<meta property=\"og:image\" content=\"https:\/\/www.castingnews.eu\/magazine\/wp-content\/uploads\/2021\/12\/Il-Pianeta-Racconta.jpg\" \/>\r\n\t<meta property=\"og:image:width\" content=\"1200\" \/>\r\n\t<meta property=\"og:image:height\" content=\"675\" \/>\r\n\t<meta property=\"og:image:type\" content=\"image\/jpeg\" \/>\r\n<meta name=\"author\" content=\"Redazione\" \/>\r\n<meta name=\"twitter:card\" content=\"summary_large_image\" \/>\r\n<meta name=\"twitter:label1\" content=\"Scritto da\" \/>\n\t<meta name=\"twitter:data1\" content=\"Redazione\" \/>\n\t<meta name=\"twitter:label2\" content=\"Tempo di lettura stimato\" \/>\n\t<meta name=\"twitter:data2\" content=\"7 minuti\" \/>\r\n<script type=\"application\/ld+json\" class=\"yoast-schema-graph\">{\"@context\":\"https:\\\/\\\/schema.org\",\"@graph\":[{\"@type\":\"Article\",\"@id\":\"https:\\\/\\\/www.castingnews.eu\\\/magazine\\\/2021\\\/12\\\/04\\\/lisola-del-cinema-presenta-isola-mondo-edizione-speciale-il-pianeta-racconta\\\/#article\",\"isPartOf\":{\"@id\":\"https:\\\/\\\/www.castingnews.eu\\\/magazine\\\/2021\\\/12\\\/04\\\/lisola-del-cinema-presenta-isola-mondo-edizione-speciale-il-pianeta-racconta\\\/\"},\"author\":{\"name\":\"Redazione\",\"@id\":\"https:\\\/\\\/www.castingnews.eu\\\/magazine\\\/#\\\/schema\\\/person\\\/099d71c568c9a7e5e4037b1594108f17\"},\"headline\":\"L&#8217;Isola del Cinema presenta Isola Mondo Edizione Speciale: \u201cIl Pianeta Racconta\u201d\",\"datePublished\":\"2021-12-04T12:57:56+00:00\",\"dateModified\":\"2021-12-04T12:58:01+00:00\",\"mainEntityOfPage\":{\"@id\":\"https:\\\/\\\/www.castingnews.eu\\\/magazine\\\/2021\\\/12\\\/04\\\/lisola-del-cinema-presenta-isola-mondo-edizione-speciale-il-pianeta-racconta\\\/\"},\"wordCount\":1450,\"commentCount\":0,\"image\":{\"@id\":\"https:\\\/\\\/www.castingnews.eu\\\/magazine\\\/2021\\\/12\\\/04\\\/lisola-del-cinema-presenta-isola-mondo-edizione-speciale-il-pianeta-racconta\\\/#primaryimage\"},\"thumbnailUrl\":\"https:\\\/\\\/www.castingnews.eu\\\/magazine\\\/wp-content\\\/uploads\\\/2021\\\/12\\\/Il-Pianeta-Racconta.jpg\",\"keywords\":[\"Festival\",\"GIRL POWER\",\"Il Pianeta Racconta\",\"Isola Mondo Edizione Speciale\",\"Italia\",\"L\u2019Isola del Cinema\",\"Roma\",\"Trastevere\"],\"articleSection\":[\"Eventi\",\"Festival\",\"In primo piano\",\"Italia\"],\"inLanguage\":\"it-IT\",\"potentialAction\":[{\"@type\":\"CommentAction\",\"name\":\"Comment\",\"target\":[\"https:\\\/\\\/www.castingnews.eu\\\/magazine\\\/2021\\\/12\\\/04\\\/lisola-del-cinema-presenta-isola-mondo-edizione-speciale-il-pianeta-racconta\\\/#respond\"]}]},{\"@type\":\"WebPage\",\"@id\":\"https:\\\/\\\/www.castingnews.eu\\\/magazine\\\/2021\\\/12\\\/04\\\/lisola-del-cinema-presenta-isola-mondo-edizione-speciale-il-pianeta-racconta\\\/\",\"url\":\"https:\\\/\\\/www.castingnews.eu\\\/magazine\\\/2021\\\/12\\\/04\\\/lisola-del-cinema-presenta-isola-mondo-edizione-speciale-il-pianeta-racconta\\\/\",\"name\":\"L'Isola del Cinema presenta Isola Mondo Edizione Speciale: \u201cIl Pianeta Racconta\u201d - Casting News Magazine\",\"isPartOf\":{\"@id\":\"https:\\\/\\\/www.castingnews.eu\\\/magazine\\\/#website\"},\"primaryImageOfPage\":{\"@id\":\"https:\\\/\\\/www.castingnews.eu\\\/magazine\\\/2021\\\/12\\\/04\\\/lisola-del-cinema-presenta-isola-mondo-edizione-speciale-il-pianeta-racconta\\\/#primaryimage\"},\"image\":{\"@id\":\"https:\\\/\\\/www.castingnews.eu\\\/magazine\\\/2021\\\/12\\\/04\\\/lisola-del-cinema-presenta-isola-mondo-edizione-speciale-il-pianeta-racconta\\\/#primaryimage\"},\"thumbnailUrl\":\"https:\\\/\\\/www.castingnews.eu\\\/magazine\\\/wp-content\\\/uploads\\\/2021\\\/12\\\/Il-Pianeta-Racconta.jpg\",\"datePublished\":\"2021-12-04T12:57:56+00:00\",\"dateModified\":\"2021-12-04T12:58:01+00:00\",\"author\":{\"@id\":\"https:\\\/\\\/www.castingnews.eu\\\/magazine\\\/#\\\/schema\\\/person\\\/099d71c568c9a7e5e4037b1594108f17\"},\"breadcrumb\":{\"@id\":\"https:\\\/\\\/www.castingnews.eu\\\/magazine\\\/2021\\\/12\\\/04\\\/lisola-del-cinema-presenta-isola-mondo-edizione-speciale-il-pianeta-racconta\\\/#breadcrumb\"},\"inLanguage\":\"it-IT\",\"potentialAction\":[{\"@type\":\"ReadAction\",\"target\":[\"https:\\\/\\\/www.castingnews.eu\\\/magazine\\\/2021\\\/12\\\/04\\\/lisola-del-cinema-presenta-isola-mondo-edizione-speciale-il-pianeta-racconta\\\/\"]}]},{\"@type\":\"ImageObject\",\"inLanguage\":\"it-IT\",\"@id\":\"https:\\\/\\\/www.castingnews.eu\\\/magazine\\\/2021\\\/12\\\/04\\\/lisola-del-cinema-presenta-isola-mondo-edizione-speciale-il-pianeta-racconta\\\/#primaryimage\",\"url\":\"https:\\\/\\\/www.castingnews.eu\\\/magazine\\\/wp-content\\\/uploads\\\/2021\\\/12\\\/Il-Pianeta-Racconta.jpg\",\"contentUrl\":\"https:\\\/\\\/www.castingnews.eu\\\/magazine\\\/wp-content\\\/uploads\\\/2021\\\/12\\\/Il-Pianeta-Racconta.jpg\",\"width\":1200,\"height\":675,\"caption\":\"L'Isola del Cinema - Il Pianeta Racconta\"},{\"@type\":\"BreadcrumbList\",\"@id\":\"https:\\\/\\\/www.castingnews.eu\\\/magazine\\\/2021\\\/12\\\/04\\\/lisola-del-cinema-presenta-isola-mondo-edizione-speciale-il-pianeta-racconta\\\/#breadcrumb\",\"itemListElement\":[{\"@type\":\"ListItem\",\"position\":1,\"name\":\"Home\",\"item\":\"https:\\\/\\\/www.castingnews.eu\\\/magazine\\\/\"},{\"@type\":\"ListItem\",\"position\":2,\"name\":\"L&#8217;Isola del Cinema presenta Isola Mondo Edizione Speciale: \u201cIl Pianeta Racconta\u201d\"}]},{\"@type\":\"WebSite\",\"@id\":\"https:\\\/\\\/www.castingnews.eu\\\/magazine\\\/#website\",\"url\":\"https:\\\/\\\/www.castingnews.eu\\\/magazine\\\/\",\"name\":\"Casting News Magazine\",\"description\":\"News e aggiornamenti sui film, serie tv, teatro e festival italiani ed internazionali\",\"potentialAction\":[{\"@type\":\"SearchAction\",\"target\":{\"@type\":\"EntryPoint\",\"urlTemplate\":\"https:\\\/\\\/www.castingnews.eu\\\/magazine\\\/?s={search_term_string}\"},\"query-input\":{\"@type\":\"PropertyValueSpecification\",\"valueRequired\":true,\"valueName\":\"search_term_string\"}}],\"inLanguage\":\"it-IT\"},{\"@type\":\"Person\",\"@id\":\"https:\\\/\\\/www.castingnews.eu\\\/magazine\\\/#\\\/schema\\\/person\\\/099d71c568c9a7e5e4037b1594108f17\",\"name\":\"Redazione\",\"image\":{\"@type\":\"ImageObject\",\"inLanguage\":\"it-IT\",\"@id\":\"https:\\\/\\\/secure.gravatar.com\\\/avatar\\\/b73a087aa3bd279fb70d24f1960a91c82cf67619395b60b564c90e9e5d5325fc?s=96&d=mm&r=g\",\"url\":\"https:\\\/\\\/secure.gravatar.com\\\/avatar\\\/b73a087aa3bd279fb70d24f1960a91c82cf67619395b60b564c90e9e5d5325fc?s=96&d=mm&r=g\",\"contentUrl\":\"https:\\\/\\\/secure.gravatar.com\\\/avatar\\\/b73a087aa3bd279fb70d24f1960a91c82cf67619395b60b564c90e9e5d5325fc?s=96&d=mm&r=g\",\"caption\":\"Redazione\"},\"description\":\"News e aggiornamenti sui film, serie tv, teatro e festival italiani ed internazionali.\",\"url\":\"https:\\\/\\\/www.castingnews.eu\\\/magazine\\\/author\\\/redazione\\\/\"}]}<\/script>\r\n<!-- \/ Yoast SEO plugin. -->","yoast_head_json":{"title":"L'Isola del Cinema presenta Isola Mondo Edizione Speciale: \u201cIl Pianeta Racconta\u201d - Casting News Magazine","robots":{"index":"index","follow":"follow","max-snippet":"max-snippet:-1","max-image-preview":"max-image-preview:large","max-video-preview":"max-video-preview:-1"},"canonical":"https:\/\/www.castingnews.eu\/magazine\/2021\/12\/04\/lisola-del-cinema-presenta-isola-mondo-edizione-speciale-il-pianeta-racconta\/","og_locale":"it_IT","og_type":"article","og_title":"L'Isola del Cinema presenta Isola Mondo Edizione Speciale: \u201cIl Pianeta Racconta\u201d - Casting News Magazine","og_description":"Roma, venerd\u00ec 3 dicembre 2021.&nbsp;Al via l\u2019Edizione Speciale de&nbsp;\u201cL\u2019Isola del Cinema\u201d, dedicata all\u2019Ambiente e ai Talenti Italiani, che porter\u00e0,&nbsp;tra il 10 e il 23 dicembre, nella storica sala di Cinema dell\u2019ex Filmstudio a Trastevere, Spazio Scena, una serie di giornate di proiezioni gratuite.Film, documentari, corti, dibattiti, incontri con registi e attori saranno i principali appuntamenti [&hellip;]","og_url":"https:\/\/www.castingnews.eu\/magazine\/2021\/12\/04\/lisola-del-cinema-presenta-isola-mondo-edizione-speciale-il-pianeta-racconta\/","og_site_name":"Casting News Magazine","article_published_time":"2021-12-04T12:57:56+00:00","article_modified_time":"2021-12-04T12:58:01+00:00","og_image":[{"width":1200,"height":675,"url":"https:\/\/www.castingnews.eu\/magazine\/wp-content\/uploads\/2021\/12\/Il-Pianeta-Racconta.jpg","type":"image\/jpeg"}],"author":"Redazione","twitter_card":"summary_large_image","twitter_misc":{"Scritto da":"Redazione","Tempo di lettura stimato":"7 minuti"},"schema":{"@context":"https:\/\/schema.org","@graph":[{"@type":"Article","@id":"https:\/\/www.castingnews.eu\/magazine\/2021\/12\/04\/lisola-del-cinema-presenta-isola-mondo-edizione-speciale-il-pianeta-racconta\/#article","isPartOf":{"@id":"https:\/\/www.castingnews.eu\/magazine\/2021\/12\/04\/lisola-del-cinema-presenta-isola-mondo-edizione-speciale-il-pianeta-racconta\/"},"author":{"name":"Redazione","@id":"https:\/\/www.castingnews.eu\/magazine\/#\/schema\/person\/099d71c568c9a7e5e4037b1594108f17"},"headline":"L&#8217;Isola del Cinema presenta Isola Mondo Edizione Speciale: \u201cIl Pianeta Racconta\u201d","datePublished":"2021-12-04T12:57:56+00:00","dateModified":"2021-12-04T12:58:01+00:00","mainEntityOfPage":{"@id":"https:\/\/www.castingnews.eu\/magazine\/2021\/12\/04\/lisola-del-cinema-presenta-isola-mondo-edizione-speciale-il-pianeta-racconta\/"},"wordCount":1450,"commentCount":0,"image":{"@id":"https:\/\/www.castingnews.eu\/magazine\/2021\/12\/04\/lisola-del-cinema-presenta-isola-mondo-edizione-speciale-il-pianeta-racconta\/#primaryimage"},"thumbnailUrl":"https:\/\/www.castingnews.eu\/magazine\/wp-content\/uploads\/2021\/12\/Il-Pianeta-Racconta.jpg","keywords":["Festival","GIRL POWER","Il Pianeta Racconta","Isola Mondo Edizione Speciale","Italia","L\u2019Isola del Cinema","Roma","Trastevere"],"articleSection":["Eventi","Festival","In primo piano","Italia"],"inLanguage":"it-IT","potentialAction":[{"@type":"CommentAction","name":"Comment","target":["https:\/\/www.castingnews.eu\/magazine\/2021\/12\/04\/lisola-del-cinema-presenta-isola-mondo-edizione-speciale-il-pianeta-racconta\/#respond"]}]},{"@type":"WebPage","@id":"https:\/\/www.castingnews.eu\/magazine\/2021\/12\/04\/lisola-del-cinema-presenta-isola-mondo-edizione-speciale-il-pianeta-racconta\/","url":"https:\/\/www.castingnews.eu\/magazine\/2021\/12\/04\/lisola-del-cinema-presenta-isola-mondo-edizione-speciale-il-pianeta-racconta\/","name":"L'Isola del Cinema presenta Isola Mondo Edizione Speciale: \u201cIl Pianeta Racconta\u201d - Casting News Magazine","isPartOf":{"@id":"https:\/\/www.castingnews.eu\/magazine\/#website"},"primaryImageOfPage":{"@id":"https:\/\/www.castingnews.eu\/magazine\/2021\/12\/04\/lisola-del-cinema-presenta-isola-mondo-edizione-speciale-il-pianeta-racconta\/#primaryimage"},"image":{"@id":"https:\/\/www.castingnews.eu\/magazine\/2021\/12\/04\/lisola-del-cinema-presenta-isola-mondo-edizione-speciale-il-pianeta-racconta\/#primaryimage"},"thumbnailUrl":"https:\/\/www.castingnews.eu\/magazine\/wp-content\/uploads\/2021\/12\/Il-Pianeta-Racconta.jpg","datePublished":"2021-12-04T12:57:56+00:00","dateModified":"2021-12-04T12:58:01+00:00","author":{"@id":"https:\/\/www.castingnews.eu\/magazine\/#\/schema\/person\/099d71c568c9a7e5e4037b1594108f17"},"breadcrumb":{"@id":"https:\/\/www.castingnews.eu\/magazine\/2021\/12\/04\/lisola-del-cinema-presenta-isola-mondo-edizione-speciale-il-pianeta-racconta\/#breadcrumb"},"inLanguage":"it-IT","potentialAction":[{"@type":"ReadAction","target":["https:\/\/www.castingnews.eu\/magazine\/2021\/12\/04\/lisola-del-cinema-presenta-isola-mondo-edizione-speciale-il-pianeta-racconta\/"]}]},{"@type":"ImageObject","inLanguage":"it-IT","@id":"https:\/\/www.castingnews.eu\/magazine\/2021\/12\/04\/lisola-del-cinema-presenta-isola-mondo-edizione-speciale-il-pianeta-racconta\/#primaryimage","url":"https:\/\/www.castingnews.eu\/magazine\/wp-content\/uploads\/2021\/12\/Il-Pianeta-Racconta.jpg","contentUrl":"https:\/\/www.castingnews.eu\/magazine\/wp-content\/uploads\/2021\/12\/Il-Pianeta-Racconta.jpg","width":1200,"height":675,"caption":"L'Isola del Cinema - Il Pianeta Racconta"},{"@type":"BreadcrumbList","@id":"https:\/\/www.castingnews.eu\/magazine\/2021\/12\/04\/lisola-del-cinema-presenta-isola-mondo-edizione-speciale-il-pianeta-racconta\/#breadcrumb","itemListElement":[{"@type":"ListItem","position":1,"name":"Home","item":"https:\/\/www.castingnews.eu\/magazine\/"},{"@type":"ListItem","position":2,"name":"L&#8217;Isola del Cinema presenta Isola Mondo Edizione Speciale: \u201cIl Pianeta Racconta\u201d"}]},{"@type":"WebSite","@id":"https:\/\/www.castingnews.eu\/magazine\/#website","url":"https:\/\/www.castingnews.eu\/magazine\/","name":"Casting News Magazine","description":"News e aggiornamenti sui film, serie tv, teatro e festival italiani ed internazionali","potentialAction":[{"@type":"SearchAction","target":{"@type":"EntryPoint","urlTemplate":"https:\/\/www.castingnews.eu\/magazine\/?s={search_term_string}"},"query-input":{"@type":"PropertyValueSpecification","valueRequired":true,"valueName":"search_term_string"}}],"inLanguage":"it-IT"},{"@type":"Person","@id":"https:\/\/www.castingnews.eu\/magazine\/#\/schema\/person\/099d71c568c9a7e5e4037b1594108f17","name":"Redazione","image":{"@type":"ImageObject","inLanguage":"it-IT","@id":"https:\/\/secure.gravatar.com\/avatar\/b73a087aa3bd279fb70d24f1960a91c82cf67619395b60b564c90e9e5d5325fc?s=96&d=mm&r=g","url":"https:\/\/secure.gravatar.com\/avatar\/b73a087aa3bd279fb70d24f1960a91c82cf67619395b60b564c90e9e5d5325fc?s=96&d=mm&r=g","contentUrl":"https:\/\/secure.gravatar.com\/avatar\/b73a087aa3bd279fb70d24f1960a91c82cf67619395b60b564c90e9e5d5325fc?s=96&d=mm&r=g","caption":"Redazione"},"description":"News e aggiornamenti sui film, serie tv, teatro e festival italiani ed internazionali.","url":"https:\/\/www.castingnews.eu\/magazine\/author\/redazione\/"}]}},"_links":{"self":[{"href":"https:\/\/www.castingnews.eu\/magazine\/wp-json\/wp\/v2\/posts\/3796","targetHints":{"allow":["GET"]}}],"collection":[{"href":"https:\/\/www.castingnews.eu\/magazine\/wp-json\/wp\/v2\/posts"}],"about":[{"href":"https:\/\/www.castingnews.eu\/magazine\/wp-json\/wp\/v2\/types\/post"}],"author":[{"embeddable":true,"href":"https:\/\/www.castingnews.eu\/magazine\/wp-json\/wp\/v2\/users\/1"}],"replies":[{"embeddable":true,"href":"https:\/\/www.castingnews.eu\/magazine\/wp-json\/wp\/v2\/comments?post=3796"}],"version-history":[{"count":1,"href":"https:\/\/www.castingnews.eu\/magazine\/wp-json\/wp\/v2\/posts\/3796\/revisions"}],"predecessor-version":[{"id":3798,"href":"https:\/\/www.castingnews.eu\/magazine\/wp-json\/wp\/v2\/posts\/3796\/revisions\/3798"}],"wp:featuredmedia":[{"embeddable":true,"href":"https:\/\/www.castingnews.eu\/magazine\/wp-json\/wp\/v2\/media\/3797"}],"wp:attachment":[{"href":"https:\/\/www.castingnews.eu\/magazine\/wp-json\/wp\/v2\/media?parent=3796"}],"wp:term":[{"taxonomy":"category","embeddable":true,"href":"https:\/\/www.castingnews.eu\/magazine\/wp-json\/wp\/v2\/categories?post=3796"},{"taxonomy":"post_tag","embeddable":true,"href":"https:\/\/www.castingnews.eu\/magazine\/wp-json\/wp\/v2\/tags?post=3796"}],"curies":[{"name":"wp","href":"https:\/\/api.w.org\/{rel}","templated":true}]}}