{"id":3774,"date":"2021-11-27T16:36:27","date_gmt":"2021-11-27T15:36:27","guid":{"rendered":"https:\/\/www.castingnews.eu\/magazine\/?p=3774"},"modified":"2021-11-27T16:36:31","modified_gmt":"2021-11-27T15:36:31","slug":"acqua-e-anice-concluse-le-riprese-dellopera-prima-di-corrado-ceron-con-stefania-sandrelli-silvia-damico-paolo-rossi-e-luisa-de-santis","status":"publish","type":"post","link":"https:\/\/www.castingnews.eu\/magazine\/2021\/11\/27\/acqua-e-anice-concluse-le-riprese-dellopera-prima-di-corrado-ceron-con-stefania-sandrelli-silvia-damico-paolo-rossi-e-luisa-de-santis\/","title":{"rendered":"Acqua e Anice: concluse le riprese dell\u2019opera prima di Corrado Ceron con Stefania Sandrelli, Silvia D\u2019Amico, Paolo Rossi e Luisa De Santis"},"content":{"rendered":"\n<p>Si sono concluse le riprese di <a href=\"https:\/\/www.castingnews.eu\/news\/news.asp?id_news=9144&amp;id_cat=2\" target=\"_blank\" rel=\"noreferrer noopener\"><strong>Acqua e Anice<\/strong><\/a>, l\u2019opera prima di Corrado Ceron, interpretata da Stefania Sandrelli, Silvia D\u2019Amico, Paolo Rossi e Luisa De Santis. Il film, prodotto da K+ in collaborazione con Rai Cinema, \u00e8 un \u201croad movie da balera\u201d che racconta la storia di Olimpia (Stefania Sandrelli), una leggenda del Liscio che a 70 anni rimette in strada il furgone della sua orchestra e parte per un viaggio dalle persone che l\u2019hanno amata e nei luoghi che l\u2019hanno resa una star. Con lei, una giovane donna, Maria (Silvia D\u2019Amico), timida e impacciata, appena ingaggiata per farle da autista.<\/p><div class=\"6d3639e8c6ac292cde400fad8ff8a5b9\" data-index=\"1\" style=\"float: none; margin:10px 0 10px 0; text-align:center;\">\n<script async src=\"\/\/pagead2.googlesyndication.com\/pagead\/js\/adsbygoogle.js\"><\/script>\r\n<!-- Casting Bambini NEW -->\r\n<ins class=\"adsbygoogle\"\r\n     style=\"display:inline-block;width:336px;height:280px\"\r\n     data-ad-client=\"ca-pub-5538097485429833\"\r\n     data-ad-slot=\"5127154445\"><\/ins>\r\n<script>\r\n(adsbygoogle = window.adsbygoogle || []).push({});\r\n<\/script>\n<\/div>\n\n\n\n\n<p>Il film \u00e8 prodotto da Nicola Fedrigoni e Valentina Zanella, Acqua e Anice \u00e8 una produzione K+ in collaborazione con Rai Cinema, con il sostegno della Regione Emilia-Romagna.<br><em>SINOSSI<\/em><br><em>Olimpia \u00e8 una leggenda del liscio e delle balere. All\u2019et\u00e0 di 70 anni rimette in strada il Ducato della sua orchestra e parte per un viaggio dalle persone che l\u2019hanno amata e nei luoghi che l\u2019hanno resa una star. Da qualche tempo per\u00f2 la donna dimentica le cose, anche quelle pi\u00f9 importanti, tipo chi \u00e8 lei o la strada di casa\u201d Per questo, ingaggia come autista e accompagnatrice Maria, una ragazza che deve ancora uscire dal suo bozzolo. Olimpia \u00e8 eccessiva, scorretta, passionale, mentre Maria non dice mai quello che pensa perch\u00e9 ha paura che non piaccia agli altri, \u00e8 silenziosa, lunatica, tutto l\u2019opposto della vecchia cantante. Le due donne impareranno a volersi bene, fino a quando Maria capir\u00e0 che Olimpia le sta chiedendo di essere molto pi\u00f9 di un\u2019autista. Perch\u00e9 non ha detto a nessuno che quel viaggio, per lei, sar\u00e0 l\u2019ultimo.<\/em><br>Regia: Corrado Ceron<br>Soggetto: Federico Fava e Corrado Ceron<br>Sceneggiatura: Federico Fava, Corrado Ceron, in collaborazione con Valentina Zanella<br>Fotografia: Massimo Moschin<br>Scenografia: Massimo Pauletto<br>Costumi: Marzia Paparini<br>Hair &amp; Make Up: Paolo Manciocchi, Julia Piercey<br>Suono presa diretta: Andrea Guerrini<br>Montaggio: Davide Vizzini, Nicola Bonaldo<br>Musiche: Daniele Benati, Claudio Zanoni<br>Sound Mix: Paolo Favarin<br>Organizzatore: Gabor Agoston<br>Coordinamento di produzione: Gloria Zanette<br>Aiuto regia: Andrea Pagani<\/p>\n\n<div style=\"font-size: 0px; height: 0px; line-height: 0px; margin: 0; padding: 0; clear: both;\"><\/div>","protected":false},"excerpt":{"rendered":"<p>Si sono concluse le riprese di Acqua e Anice, l\u2019opera prima di Corrado Ceron, interpretata da Stefania Sandrelli, Silvia D\u2019Amico, Paolo Rossi e Luisa De Santis. Il film, prodotto da K+ in collaborazione con Rai Cinema, \u00e8 un \u201croad movie da balera\u201d che racconta la storia di Olimpia (Stefania Sandrelli), una leggenda del Liscio che [&hellip;]<\/p>\n","protected":false},"author":1,"featured_media":3775,"comment_status":"open","ping_status":"open","sticky":false,"template":"","format":"standard","meta":{"tdm_status":"","tdm_grid_status":"","footnotes":""},"categories":[1533,71,30],"tags":[3355,302,3354,534,3358,3357,3356,1136,3359,2753,2243],"class_list":{"0":"post-3774","1":"post","2":"type-post","3":"status-publish","4":"format-standard","5":"has-post-thumbnail","7":"category-featured","8":"category-italia-paese","9":"category-progetti-cinematografici","10":"tag-acqua-e-anice","11":"tag-cinema","12":"tag-corrado-ceron","13":"tag-film","14":"tag-liscio","15":"tag-luisa-de-santis","16":"tag-paolo-rossi","17":"tag-rai-cinema","18":"tag-road-movie","19":"tag-silvia-damico","20":"tag-stefania-sandrelli"},"yoast_head":"<!-- This site is optimized with the Yoast SEO plugin v27.4 - https:\/\/yoast.com\/product\/yoast-seo-wordpress\/ -->\r\n<title>Acqua e Anice: concluse le riprese dell\u2019opera prima di Corrado Ceron con Stefania Sandrelli, Silvia D\u2019Amico, Paolo Rossi e Luisa De Santis - Casting News Magazine<\/title>\r\n<meta name=\"robots\" content=\"index, follow, max-snippet:-1, max-image-preview:large, max-video-preview:-1\" \/>\r\n<link rel=\"canonical\" href=\"https:\/\/www.castingnews.eu\/magazine\/2021\/11\/27\/acqua-e-anice-concluse-le-riprese-dellopera-prima-di-corrado-ceron-con-stefania-sandrelli-silvia-damico-paolo-rossi-e-luisa-de-santis\/\" \/>\r\n<meta property=\"og:locale\" content=\"it_IT\" \/>\r\n<meta property=\"og:type\" content=\"article\" \/>\r\n<meta property=\"og:title\" content=\"Acqua e Anice: concluse le riprese dell\u2019opera prima di Corrado Ceron con Stefania Sandrelli, Silvia D\u2019Amico, Paolo Rossi e Luisa De Santis - Casting News Magazine\" \/>\r\n<meta property=\"og:description\" content=\"Si sono concluse le riprese di Acqua e Anice, l\u2019opera prima di Corrado Ceron, interpretata da Stefania Sandrelli, Silvia D\u2019Amico, Paolo Rossi e Luisa De Santis. Il film, prodotto da K+ in collaborazione con Rai Cinema, \u00e8 un \u201croad movie da balera\u201d che racconta la storia di Olimpia (Stefania Sandrelli), una leggenda del Liscio che [&hellip;]\" \/>\r\n<meta property=\"og:url\" content=\"https:\/\/www.castingnews.eu\/magazine\/2021\/11\/27\/acqua-e-anice-concluse-le-riprese-dellopera-prima-di-corrado-ceron-con-stefania-sandrelli-silvia-damico-paolo-rossi-e-luisa-de-santis\/\" \/>\r\n<meta property=\"og:site_name\" content=\"Casting News Magazine\" \/>\r\n<meta property=\"article:published_time\" content=\"2021-11-27T15:36:27+00:00\" \/>\r\n<meta property=\"article:modified_time\" content=\"2021-11-27T15:36:31+00:00\" \/>\r\n<meta property=\"og:image\" content=\"https:\/\/www.castingnews.eu\/magazine\/wp-content\/uploads\/2021\/11\/Acqua-e-Anice.jpeg\" \/>\r\n\t<meta property=\"og:image:width\" content=\"890\" \/>\r\n\t<meta property=\"og:image:height\" content=\"500\" \/>\r\n\t<meta property=\"og:image:type\" content=\"image\/jpeg\" \/>\r\n<meta name=\"author\" content=\"Redazione\" \/>\r\n<meta name=\"twitter:card\" content=\"summary_large_image\" \/>\r\n<meta name=\"twitter:label1\" content=\"Scritto da\" \/>\n\t<meta name=\"twitter:data1\" content=\"Redazione\" \/>\n\t<meta name=\"twitter:label2\" content=\"Tempo di lettura stimato\" \/>\n\t<meta name=\"twitter:data2\" content=\"2 minuti\" \/>\r\n<script type=\"application\/ld+json\" class=\"yoast-schema-graph\">{\"@context\":\"https:\\\/\\\/schema.org\",\"@graph\":[{\"@type\":\"Article\",\"@id\":\"https:\\\/\\\/www.castingnews.eu\\\/magazine\\\/2021\\\/11\\\/27\\\/acqua-e-anice-concluse-le-riprese-dellopera-prima-di-corrado-ceron-con-stefania-sandrelli-silvia-damico-paolo-rossi-e-luisa-de-santis\\\/#article\",\"isPartOf\":{\"@id\":\"https:\\\/\\\/www.castingnews.eu\\\/magazine\\\/2021\\\/11\\\/27\\\/acqua-e-anice-concluse-le-riprese-dellopera-prima-di-corrado-ceron-con-stefania-sandrelli-silvia-damico-paolo-rossi-e-luisa-de-santis\\\/\"},\"author\":{\"name\":\"Redazione\",\"@id\":\"https:\\\/\\\/www.castingnews.eu\\\/magazine\\\/#\\\/schema\\\/person\\\/099d71c568c9a7e5e4037b1594108f17\"},\"headline\":\"Acqua e Anice: concluse le riprese dell\u2019opera prima di Corrado Ceron con Stefania Sandrelli, Silvia D\u2019Amico, Paolo Rossi e Luisa De Santis\",\"datePublished\":\"2021-11-27T15:36:27+00:00\",\"dateModified\":\"2021-11-27T15:36:31+00:00\",\"mainEntityOfPage\":{\"@id\":\"https:\\\/\\\/www.castingnews.eu\\\/magazine\\\/2021\\\/11\\\/27\\\/acqua-e-anice-concluse-le-riprese-dellopera-prima-di-corrado-ceron-con-stefania-sandrelli-silvia-damico-paolo-rossi-e-luisa-de-santis\\\/\"},\"wordCount\":353,\"commentCount\":0,\"image\":{\"@id\":\"https:\\\/\\\/www.castingnews.eu\\\/magazine\\\/2021\\\/11\\\/27\\\/acqua-e-anice-concluse-le-riprese-dellopera-prima-di-corrado-ceron-con-stefania-sandrelli-silvia-damico-paolo-rossi-e-luisa-de-santis\\\/#primaryimage\"},\"thumbnailUrl\":\"https:\\\/\\\/www.castingnews.eu\\\/magazine\\\/wp-content\\\/uploads\\\/2021\\\/11\\\/Acqua-e-Anice.jpeg\",\"keywords\":[\"Acqua e Anice\",\"Cinema\",\"Corrado Ceron\",\"Film\",\"liscio\",\"Luisa De Santis\",\"Paolo Rossi\",\"Rai Cinema\",\"road movie\",\"Silvia D\u2019Amico\",\"Stefania Sandrelli\"],\"articleSection\":[\"In primo piano\",\"Italia\",\"Progetti cinematografici\"],\"inLanguage\":\"it-IT\",\"potentialAction\":[{\"@type\":\"CommentAction\",\"name\":\"Comment\",\"target\":[\"https:\\\/\\\/www.castingnews.eu\\\/magazine\\\/2021\\\/11\\\/27\\\/acqua-e-anice-concluse-le-riprese-dellopera-prima-di-corrado-ceron-con-stefania-sandrelli-silvia-damico-paolo-rossi-e-luisa-de-santis\\\/#respond\"]}]},{\"@type\":\"WebPage\",\"@id\":\"https:\\\/\\\/www.castingnews.eu\\\/magazine\\\/2021\\\/11\\\/27\\\/acqua-e-anice-concluse-le-riprese-dellopera-prima-di-corrado-ceron-con-stefania-sandrelli-silvia-damico-paolo-rossi-e-luisa-de-santis\\\/\",\"url\":\"https:\\\/\\\/www.castingnews.eu\\\/magazine\\\/2021\\\/11\\\/27\\\/acqua-e-anice-concluse-le-riprese-dellopera-prima-di-corrado-ceron-con-stefania-sandrelli-silvia-damico-paolo-rossi-e-luisa-de-santis\\\/\",\"name\":\"Acqua e Anice: concluse le riprese dell\u2019opera prima di Corrado Ceron con Stefania Sandrelli, Silvia D\u2019Amico, Paolo Rossi e Luisa De Santis - Casting News Magazine\",\"isPartOf\":{\"@id\":\"https:\\\/\\\/www.castingnews.eu\\\/magazine\\\/#website\"},\"primaryImageOfPage\":{\"@id\":\"https:\\\/\\\/www.castingnews.eu\\\/magazine\\\/2021\\\/11\\\/27\\\/acqua-e-anice-concluse-le-riprese-dellopera-prima-di-corrado-ceron-con-stefania-sandrelli-silvia-damico-paolo-rossi-e-luisa-de-santis\\\/#primaryimage\"},\"image\":{\"@id\":\"https:\\\/\\\/www.castingnews.eu\\\/magazine\\\/2021\\\/11\\\/27\\\/acqua-e-anice-concluse-le-riprese-dellopera-prima-di-corrado-ceron-con-stefania-sandrelli-silvia-damico-paolo-rossi-e-luisa-de-santis\\\/#primaryimage\"},\"thumbnailUrl\":\"https:\\\/\\\/www.castingnews.eu\\\/magazine\\\/wp-content\\\/uploads\\\/2021\\\/11\\\/Acqua-e-Anice.jpeg\",\"datePublished\":\"2021-11-27T15:36:27+00:00\",\"dateModified\":\"2021-11-27T15:36:31+00:00\",\"author\":{\"@id\":\"https:\\\/\\\/www.castingnews.eu\\\/magazine\\\/#\\\/schema\\\/person\\\/099d71c568c9a7e5e4037b1594108f17\"},\"breadcrumb\":{\"@id\":\"https:\\\/\\\/www.castingnews.eu\\\/magazine\\\/2021\\\/11\\\/27\\\/acqua-e-anice-concluse-le-riprese-dellopera-prima-di-corrado-ceron-con-stefania-sandrelli-silvia-damico-paolo-rossi-e-luisa-de-santis\\\/#breadcrumb\"},\"inLanguage\":\"it-IT\",\"potentialAction\":[{\"@type\":\"ReadAction\",\"target\":[\"https:\\\/\\\/www.castingnews.eu\\\/magazine\\\/2021\\\/11\\\/27\\\/acqua-e-anice-concluse-le-riprese-dellopera-prima-di-corrado-ceron-con-stefania-sandrelli-silvia-damico-paolo-rossi-e-luisa-de-santis\\\/\"]}]},{\"@type\":\"ImageObject\",\"inLanguage\":\"it-IT\",\"@id\":\"https:\\\/\\\/www.castingnews.eu\\\/magazine\\\/2021\\\/11\\\/27\\\/acqua-e-anice-concluse-le-riprese-dellopera-prima-di-corrado-ceron-con-stefania-sandrelli-silvia-damico-paolo-rossi-e-luisa-de-santis\\\/#primaryimage\",\"url\":\"https:\\\/\\\/www.castingnews.eu\\\/magazine\\\/wp-content\\\/uploads\\\/2021\\\/11\\\/Acqua-e-Anice.jpeg\",\"contentUrl\":\"https:\\\/\\\/www.castingnews.eu\\\/magazine\\\/wp-content\\\/uploads\\\/2021\\\/11\\\/Acqua-e-Anice.jpeg\",\"width\":890,\"height\":500,\"caption\":\"Acqua e Anice\"},{\"@type\":\"BreadcrumbList\",\"@id\":\"https:\\\/\\\/www.castingnews.eu\\\/magazine\\\/2021\\\/11\\\/27\\\/acqua-e-anice-concluse-le-riprese-dellopera-prima-di-corrado-ceron-con-stefania-sandrelli-silvia-damico-paolo-rossi-e-luisa-de-santis\\\/#breadcrumb\",\"itemListElement\":[{\"@type\":\"ListItem\",\"position\":1,\"name\":\"Home\",\"item\":\"https:\\\/\\\/www.castingnews.eu\\\/magazine\\\/\"},{\"@type\":\"ListItem\",\"position\":2,\"name\":\"Acqua e Anice: concluse le riprese dell\u2019opera prima di Corrado Ceron con Stefania Sandrelli, Silvia D\u2019Amico, Paolo Rossi e Luisa De Santis\"}]},{\"@type\":\"WebSite\",\"@id\":\"https:\\\/\\\/www.castingnews.eu\\\/magazine\\\/#website\",\"url\":\"https:\\\/\\\/www.castingnews.eu\\\/magazine\\\/\",\"name\":\"Casting News Magazine\",\"description\":\"News e aggiornamenti sui film, serie tv, teatro e festival italiani ed internazionali\",\"potentialAction\":[{\"@type\":\"SearchAction\",\"target\":{\"@type\":\"EntryPoint\",\"urlTemplate\":\"https:\\\/\\\/www.castingnews.eu\\\/magazine\\\/?s={search_term_string}\"},\"query-input\":{\"@type\":\"PropertyValueSpecification\",\"valueRequired\":true,\"valueName\":\"search_term_string\"}}],\"inLanguage\":\"it-IT\"},{\"@type\":\"Person\",\"@id\":\"https:\\\/\\\/www.castingnews.eu\\\/magazine\\\/#\\\/schema\\\/person\\\/099d71c568c9a7e5e4037b1594108f17\",\"name\":\"Redazione\",\"image\":{\"@type\":\"ImageObject\",\"inLanguage\":\"it-IT\",\"@id\":\"https:\\\/\\\/secure.gravatar.com\\\/avatar\\\/b73a087aa3bd279fb70d24f1960a91c82cf67619395b60b564c90e9e5d5325fc?s=96&d=mm&r=g\",\"url\":\"https:\\\/\\\/secure.gravatar.com\\\/avatar\\\/b73a087aa3bd279fb70d24f1960a91c82cf67619395b60b564c90e9e5d5325fc?s=96&d=mm&r=g\",\"contentUrl\":\"https:\\\/\\\/secure.gravatar.com\\\/avatar\\\/b73a087aa3bd279fb70d24f1960a91c82cf67619395b60b564c90e9e5d5325fc?s=96&d=mm&r=g\",\"caption\":\"Redazione\"},\"description\":\"News e aggiornamenti sui film, serie tv, teatro e festival italiani ed internazionali.\",\"url\":\"https:\\\/\\\/www.castingnews.eu\\\/magazine\\\/author\\\/redazione\\\/\"}]}<\/script>\r\n<!-- \/ Yoast SEO plugin. -->","yoast_head_json":{"title":"Acqua e Anice: concluse le riprese dell\u2019opera prima di Corrado Ceron con Stefania Sandrelli, Silvia D\u2019Amico, Paolo Rossi e Luisa De Santis - Casting News Magazine","robots":{"index":"index","follow":"follow","max-snippet":"max-snippet:-1","max-image-preview":"max-image-preview:large","max-video-preview":"max-video-preview:-1"},"canonical":"https:\/\/www.castingnews.eu\/magazine\/2021\/11\/27\/acqua-e-anice-concluse-le-riprese-dellopera-prima-di-corrado-ceron-con-stefania-sandrelli-silvia-damico-paolo-rossi-e-luisa-de-santis\/","og_locale":"it_IT","og_type":"article","og_title":"Acqua e Anice: concluse le riprese dell\u2019opera prima di Corrado Ceron con Stefania Sandrelli, Silvia D\u2019Amico, Paolo Rossi e Luisa De Santis - Casting News Magazine","og_description":"Si sono concluse le riprese di Acqua e Anice, l\u2019opera prima di Corrado Ceron, interpretata da Stefania Sandrelli, Silvia D\u2019Amico, Paolo Rossi e Luisa De Santis. Il film, prodotto da K+ in collaborazione con Rai Cinema, \u00e8 un \u201croad movie da balera\u201d che racconta la storia di Olimpia (Stefania Sandrelli), una leggenda del Liscio che [&hellip;]","og_url":"https:\/\/www.castingnews.eu\/magazine\/2021\/11\/27\/acqua-e-anice-concluse-le-riprese-dellopera-prima-di-corrado-ceron-con-stefania-sandrelli-silvia-damico-paolo-rossi-e-luisa-de-santis\/","og_site_name":"Casting News Magazine","article_published_time":"2021-11-27T15:36:27+00:00","article_modified_time":"2021-11-27T15:36:31+00:00","og_image":[{"width":890,"height":500,"url":"https:\/\/www.castingnews.eu\/magazine\/wp-content\/uploads\/2021\/11\/Acqua-e-Anice.jpeg","type":"image\/jpeg"}],"author":"Redazione","twitter_card":"summary_large_image","twitter_misc":{"Scritto da":"Redazione","Tempo di lettura stimato":"2 minuti"},"schema":{"@context":"https:\/\/schema.org","@graph":[{"@type":"Article","@id":"https:\/\/www.castingnews.eu\/magazine\/2021\/11\/27\/acqua-e-anice-concluse-le-riprese-dellopera-prima-di-corrado-ceron-con-stefania-sandrelli-silvia-damico-paolo-rossi-e-luisa-de-santis\/#article","isPartOf":{"@id":"https:\/\/www.castingnews.eu\/magazine\/2021\/11\/27\/acqua-e-anice-concluse-le-riprese-dellopera-prima-di-corrado-ceron-con-stefania-sandrelli-silvia-damico-paolo-rossi-e-luisa-de-santis\/"},"author":{"name":"Redazione","@id":"https:\/\/www.castingnews.eu\/magazine\/#\/schema\/person\/099d71c568c9a7e5e4037b1594108f17"},"headline":"Acqua e Anice: concluse le riprese dell\u2019opera prima di Corrado Ceron con Stefania Sandrelli, Silvia D\u2019Amico, Paolo Rossi e Luisa De Santis","datePublished":"2021-11-27T15:36:27+00:00","dateModified":"2021-11-27T15:36:31+00:00","mainEntityOfPage":{"@id":"https:\/\/www.castingnews.eu\/magazine\/2021\/11\/27\/acqua-e-anice-concluse-le-riprese-dellopera-prima-di-corrado-ceron-con-stefania-sandrelli-silvia-damico-paolo-rossi-e-luisa-de-santis\/"},"wordCount":353,"commentCount":0,"image":{"@id":"https:\/\/www.castingnews.eu\/magazine\/2021\/11\/27\/acqua-e-anice-concluse-le-riprese-dellopera-prima-di-corrado-ceron-con-stefania-sandrelli-silvia-damico-paolo-rossi-e-luisa-de-santis\/#primaryimage"},"thumbnailUrl":"https:\/\/www.castingnews.eu\/magazine\/wp-content\/uploads\/2021\/11\/Acqua-e-Anice.jpeg","keywords":["Acqua e Anice","Cinema","Corrado Ceron","Film","liscio","Luisa De Santis","Paolo Rossi","Rai Cinema","road movie","Silvia D\u2019Amico","Stefania Sandrelli"],"articleSection":["In primo piano","Italia","Progetti cinematografici"],"inLanguage":"it-IT","potentialAction":[{"@type":"CommentAction","name":"Comment","target":["https:\/\/www.castingnews.eu\/magazine\/2021\/11\/27\/acqua-e-anice-concluse-le-riprese-dellopera-prima-di-corrado-ceron-con-stefania-sandrelli-silvia-damico-paolo-rossi-e-luisa-de-santis\/#respond"]}]},{"@type":"WebPage","@id":"https:\/\/www.castingnews.eu\/magazine\/2021\/11\/27\/acqua-e-anice-concluse-le-riprese-dellopera-prima-di-corrado-ceron-con-stefania-sandrelli-silvia-damico-paolo-rossi-e-luisa-de-santis\/","url":"https:\/\/www.castingnews.eu\/magazine\/2021\/11\/27\/acqua-e-anice-concluse-le-riprese-dellopera-prima-di-corrado-ceron-con-stefania-sandrelli-silvia-damico-paolo-rossi-e-luisa-de-santis\/","name":"Acqua e Anice: concluse le riprese dell\u2019opera prima di Corrado Ceron con Stefania Sandrelli, Silvia D\u2019Amico, Paolo Rossi e Luisa De Santis - Casting News Magazine","isPartOf":{"@id":"https:\/\/www.castingnews.eu\/magazine\/#website"},"primaryImageOfPage":{"@id":"https:\/\/www.castingnews.eu\/magazine\/2021\/11\/27\/acqua-e-anice-concluse-le-riprese-dellopera-prima-di-corrado-ceron-con-stefania-sandrelli-silvia-damico-paolo-rossi-e-luisa-de-santis\/#primaryimage"},"image":{"@id":"https:\/\/www.castingnews.eu\/magazine\/2021\/11\/27\/acqua-e-anice-concluse-le-riprese-dellopera-prima-di-corrado-ceron-con-stefania-sandrelli-silvia-damico-paolo-rossi-e-luisa-de-santis\/#primaryimage"},"thumbnailUrl":"https:\/\/www.castingnews.eu\/magazine\/wp-content\/uploads\/2021\/11\/Acqua-e-Anice.jpeg","datePublished":"2021-11-27T15:36:27+00:00","dateModified":"2021-11-27T15:36:31+00:00","author":{"@id":"https:\/\/www.castingnews.eu\/magazine\/#\/schema\/person\/099d71c568c9a7e5e4037b1594108f17"},"breadcrumb":{"@id":"https:\/\/www.castingnews.eu\/magazine\/2021\/11\/27\/acqua-e-anice-concluse-le-riprese-dellopera-prima-di-corrado-ceron-con-stefania-sandrelli-silvia-damico-paolo-rossi-e-luisa-de-santis\/#breadcrumb"},"inLanguage":"it-IT","potentialAction":[{"@type":"ReadAction","target":["https:\/\/www.castingnews.eu\/magazine\/2021\/11\/27\/acqua-e-anice-concluse-le-riprese-dellopera-prima-di-corrado-ceron-con-stefania-sandrelli-silvia-damico-paolo-rossi-e-luisa-de-santis\/"]}]},{"@type":"ImageObject","inLanguage":"it-IT","@id":"https:\/\/www.castingnews.eu\/magazine\/2021\/11\/27\/acqua-e-anice-concluse-le-riprese-dellopera-prima-di-corrado-ceron-con-stefania-sandrelli-silvia-damico-paolo-rossi-e-luisa-de-santis\/#primaryimage","url":"https:\/\/www.castingnews.eu\/magazine\/wp-content\/uploads\/2021\/11\/Acqua-e-Anice.jpeg","contentUrl":"https:\/\/www.castingnews.eu\/magazine\/wp-content\/uploads\/2021\/11\/Acqua-e-Anice.jpeg","width":890,"height":500,"caption":"Acqua e Anice"},{"@type":"BreadcrumbList","@id":"https:\/\/www.castingnews.eu\/magazine\/2021\/11\/27\/acqua-e-anice-concluse-le-riprese-dellopera-prima-di-corrado-ceron-con-stefania-sandrelli-silvia-damico-paolo-rossi-e-luisa-de-santis\/#breadcrumb","itemListElement":[{"@type":"ListItem","position":1,"name":"Home","item":"https:\/\/www.castingnews.eu\/magazine\/"},{"@type":"ListItem","position":2,"name":"Acqua e Anice: concluse le riprese dell\u2019opera prima di Corrado Ceron con Stefania Sandrelli, Silvia D\u2019Amico, Paolo Rossi e Luisa De Santis"}]},{"@type":"WebSite","@id":"https:\/\/www.castingnews.eu\/magazine\/#website","url":"https:\/\/www.castingnews.eu\/magazine\/","name":"Casting News Magazine","description":"News e aggiornamenti sui film, serie tv, teatro e festival italiani ed internazionali","potentialAction":[{"@type":"SearchAction","target":{"@type":"EntryPoint","urlTemplate":"https:\/\/www.castingnews.eu\/magazine\/?s={search_term_string}"},"query-input":{"@type":"PropertyValueSpecification","valueRequired":true,"valueName":"search_term_string"}}],"inLanguage":"it-IT"},{"@type":"Person","@id":"https:\/\/www.castingnews.eu\/magazine\/#\/schema\/person\/099d71c568c9a7e5e4037b1594108f17","name":"Redazione","image":{"@type":"ImageObject","inLanguage":"it-IT","@id":"https:\/\/secure.gravatar.com\/avatar\/b73a087aa3bd279fb70d24f1960a91c82cf67619395b60b564c90e9e5d5325fc?s=96&d=mm&r=g","url":"https:\/\/secure.gravatar.com\/avatar\/b73a087aa3bd279fb70d24f1960a91c82cf67619395b60b564c90e9e5d5325fc?s=96&d=mm&r=g","contentUrl":"https:\/\/secure.gravatar.com\/avatar\/b73a087aa3bd279fb70d24f1960a91c82cf67619395b60b564c90e9e5d5325fc?s=96&d=mm&r=g","caption":"Redazione"},"description":"News e aggiornamenti sui film, serie tv, teatro e festival italiani ed internazionali.","url":"https:\/\/www.castingnews.eu\/magazine\/author\/redazione\/"}]}},"_links":{"self":[{"href":"https:\/\/www.castingnews.eu\/magazine\/wp-json\/wp\/v2\/posts\/3774","targetHints":{"allow":["GET"]}}],"collection":[{"href":"https:\/\/www.castingnews.eu\/magazine\/wp-json\/wp\/v2\/posts"}],"about":[{"href":"https:\/\/www.castingnews.eu\/magazine\/wp-json\/wp\/v2\/types\/post"}],"author":[{"embeddable":true,"href":"https:\/\/www.castingnews.eu\/magazine\/wp-json\/wp\/v2\/users\/1"}],"replies":[{"embeddable":true,"href":"https:\/\/www.castingnews.eu\/magazine\/wp-json\/wp\/v2\/comments?post=3774"}],"version-history":[{"count":1,"href":"https:\/\/www.castingnews.eu\/magazine\/wp-json\/wp\/v2\/posts\/3774\/revisions"}],"predecessor-version":[{"id":3776,"href":"https:\/\/www.castingnews.eu\/magazine\/wp-json\/wp\/v2\/posts\/3774\/revisions\/3776"}],"wp:featuredmedia":[{"embeddable":true,"href":"https:\/\/www.castingnews.eu\/magazine\/wp-json\/wp\/v2\/media\/3775"}],"wp:attachment":[{"href":"https:\/\/www.castingnews.eu\/magazine\/wp-json\/wp\/v2\/media?parent=3774"}],"wp:term":[{"taxonomy":"category","embeddable":true,"href":"https:\/\/www.castingnews.eu\/magazine\/wp-json\/wp\/v2\/categories?post=3774"},{"taxonomy":"post_tag","embeddable":true,"href":"https:\/\/www.castingnews.eu\/magazine\/wp-json\/wp\/v2\/tags?post=3774"}],"curies":[{"name":"wp","href":"https:\/\/api.w.org\/{rel}","templated":true}]}}