{"id":3768,"date":"2021-11-26T18:47:13","date_gmt":"2021-11-26T17:47:13","guid":{"rendered":"https:\/\/www.castingnews.eu\/magazine\/?p=3768"},"modified":"2021-11-26T18:47:18","modified_gmt":"2021-11-26T17:47:18","slug":"jellystone-i-leggendari-personaggi-di-hanna-barbera-tornano-in-prima-tv-assoluta","status":"publish","type":"post","link":"https:\/\/www.castingnews.eu\/magazine\/2021\/11\/26\/jellystone-i-leggendari-personaggi-di-hanna-barbera-tornano-in-prima-tv-assoluta\/","title":{"rendered":"Jellystone: i leggendari personaggi di Hanna-Barbera tornano in Prima TV assoluta"},"content":{"rendered":"\n<p>In arrivo la nuova serie in <strong>Prima TV assoluta<\/strong> con i leggendari protagonisti targati <strong>Hanna-Barbera<\/strong>, tra cui <strong>Yoghi<\/strong> e <strong>Bubu<\/strong>, <strong>Top Cat<\/strong>, <strong>Braccobaldo <\/strong>e tanti altri personaggi cult. Su <strong>Cartoon Network (Canale 607 di Sky)<\/strong> dal <strong>29 novembre<\/strong>, dal luned\u00ec al venerd\u00ec, alle 19.15.<br>Lo show, prodotto dalla <strong>Warner Bros. Animation<\/strong>, \u00e8 ambientato nella citt\u00e0 di Jellystone, un luogo incantevole dove tutti i personaggi vivono, lavorano e giocano insieme ma, allo stesso tempo, non possono fare a meno di creare problemi l&#8217;uno con l&#8217;altro. Jellystone ha l\u2019aspetto e il fascino di un piccolo villaggio, ma con tutte le comodit\u00e0 di una citt\u00e0 moderna. I suoi abitanti passeggiano tra le sue deliziose strade e, chiacchierando tra di loro, si raccontano le rispettive disavventure.<\/p><div class=\"6d3639e8c6ac292cde400fad8ff8a5b9\" data-index=\"1\" style=\"float: none; margin:10px 0 10px 0; text-align:center;\">\n<script async src=\"\/\/pagead2.googlesyndication.com\/pagead\/js\/adsbygoogle.js\"><\/script>\r\n<!-- Casting Bambini NEW -->\r\n<ins class=\"adsbygoogle\"\r\n     style=\"display:inline-block;width:336px;height:280px\"\r\n     data-ad-client=\"ca-pub-5538097485429833\"\r\n     data-ad-slot=\"5127154445\"><\/ins>\r\n<script>\r\n(adsbygoogle = window.adsbygoogle || []).push({});\r\n<\/script>\n<\/div>\n\n\n\n\n<figure class=\"wp-block-image size-large\"><img loading=\"lazy\" decoding=\"async\" width=\"1024\" height=\"576\" src=\"https:\/\/www.castingnews.eu\/magazine\/wp-content\/uploads\/2021\/11\/Jellystone_Cartoon-Network-4-1024x576.jpg\" alt=\"Jellystone_Cartoon-Network-4\" class=\"wp-image-3770\" srcset=\"https:\/\/www.castingnews.eu\/magazine\/wp-content\/uploads\/2021\/11\/Jellystone_Cartoon-Network-4-1024x576.jpg 1024w, https:\/\/www.castingnews.eu\/magazine\/wp-content\/uploads\/2021\/11\/Jellystone_Cartoon-Network-4-300x169.jpg 300w, https:\/\/www.castingnews.eu\/magazine\/wp-content\/uploads\/2021\/11\/Jellystone_Cartoon-Network-4-768x432.jpg 768w, https:\/\/www.castingnews.eu\/magazine\/wp-content\/uploads\/2021\/11\/Jellystone_Cartoon-Network-4-1536x864.jpg 1536w, https:\/\/www.castingnews.eu\/magazine\/wp-content\/uploads\/2021\/11\/Jellystone_Cartoon-Network-4-696x392.jpg 696w, https:\/\/www.castingnews.eu\/magazine\/wp-content\/uploads\/2021\/11\/Jellystone_Cartoon-Network-4-1068x601.jpg 1068w, https:\/\/www.castingnews.eu\/magazine\/wp-content\/uploads\/2021\/11\/Jellystone_Cartoon-Network-4-747x420.jpg 747w, https:\/\/www.castingnews.eu\/magazine\/wp-content\/uploads\/2021\/11\/Jellystone_Cartoon-Network-4.jpg 1920w\" sizes=\"auto, (max-width: 1024px) 100vw, 1024px\" \/><figcaption><strong>JELLYSTONE\u00a0<\/strong><\/figcaption><\/figure>\n\n\n\n<p>Jellystone \u00e8 una comunit\u00e0 continuamente alle prese con strani avvenimenti e imprevisti di ogni tipo, spesso causati\u2026da loro stessi! Ognuno dei personaggi ha un ruolo all\u2019interno della citt\u00e0: Braccobaldo \u00e8 il fiero sindaco di Jellystone, Yoghi, Bubu e Cindy sono lo staff medico mentre Jabberjaw lavora nel negozio di abbigliamento.<br>Le avventure quotidiane dei diversi protagonisti si incroceranno nei modi pi\u00f9 divertenti e incredibili che si possano immaginare. Ognuno di loro vive il suo mondo, infatti, come una spassosa sitcom e questo conquister\u00e0 i vecchi e nuovi appassionati dell\u2019universo Hanna-Barbera fin dalla prima puntata.<br>\u201cSono cresciuto guardando i cartoni animati di Hanna-Barbera e nutro un profondo amore per loro&#8221; &#8211; ha dichiarato C. H. Greenblatt, executive producer e showrunner della serie &#8211; \u201cl&#8217;enorme quantit\u00e0 di personaggi, pi\u00f9 o meno classici, che abbiamo potuto utilizzare attingendo dalla produzione Hanna-Barbera \u00e8 ci\u00f2 che rende davvero speciale tutto quello che ruota intorno a Jellystone. Invece di ricercare l\u2019atmosfera tipica dei cartoons del passato, abbiamo deciso di divertirci, giocando con i characters ed esplorando le rispettive personalit\u00e0 per conferirgli maggiore profondit\u00e0. Nella serie, ci sono molte probabilit\u00e0 di imbattersi in uno dei personaggi a cui si \u00e8 particolarmente legati. Ci auguriamo che i fan di vecchia data apprezzino il risultato, da parte nostra siamo veramente entusiasti che i genitori di oggi possano introdurre i propri figli e godersi insieme a loro i personaggi che hanno pi\u00f9 amato del mondo Hanna-Barbera\u201d.<\/p>\n\n\n\n<figure class=\"wp-block-image size-large\"><img loading=\"lazy\" decoding=\"async\" width=\"1024\" height=\"576\" src=\"https:\/\/www.castingnews.eu\/magazine\/wp-content\/uploads\/2021\/11\/Jellystone_Cartoon-Network-3-1024x576.jpg\" alt=\"Jellystone_Cartoon-Network-3\" class=\"wp-image-3771\" srcset=\"https:\/\/www.castingnews.eu\/magazine\/wp-content\/uploads\/2021\/11\/Jellystone_Cartoon-Network-3-1024x576.jpg 1024w, https:\/\/www.castingnews.eu\/magazine\/wp-content\/uploads\/2021\/11\/Jellystone_Cartoon-Network-3-300x169.jpg 300w, https:\/\/www.castingnews.eu\/magazine\/wp-content\/uploads\/2021\/11\/Jellystone_Cartoon-Network-3-768x432.jpg 768w, https:\/\/www.castingnews.eu\/magazine\/wp-content\/uploads\/2021\/11\/Jellystone_Cartoon-Network-3-1536x864.jpg 1536w, https:\/\/www.castingnews.eu\/magazine\/wp-content\/uploads\/2021\/11\/Jellystone_Cartoon-Network-3-696x392.jpg 696w, https:\/\/www.castingnews.eu\/magazine\/wp-content\/uploads\/2021\/11\/Jellystone_Cartoon-Network-3-1068x601.jpg 1068w, https:\/\/www.castingnews.eu\/magazine\/wp-content\/uploads\/2021\/11\/Jellystone_Cartoon-Network-3-747x420.jpg 747w, https:\/\/www.castingnews.eu\/magazine\/wp-content\/uploads\/2021\/11\/Jellystone_Cartoon-Network-3.jpg 1920w\" sizes=\"auto, (max-width: 1024px) 100vw, 1024px\" \/><figcaption> <strong>JELLYSTONE\u00a0<\/strong> <\/figcaption><\/figure>\n\n<div style=\"font-size: 0px; height: 0px; line-height: 0px; margin: 0; padding: 0; clear: both;\"><\/div>","protected":false},"excerpt":{"rendered":"<p>In arrivo la nuova serie in Prima TV assoluta con i leggendari protagonisti targati Hanna-Barbera, tra cui Yoghi e Bubu, Top Cat, Braccobaldo e tanti altri personaggi cult. Su Cartoon Network (Canale 607 di Sky) dal 29 novembre, dal luned\u00ec al venerd\u00ec, alle 19.15.Lo show, prodotto dalla Warner Bros. Animation, \u00e8 ambientato nella citt\u00e0 di [&hellip;]<\/p>\n","protected":false},"author":1,"featured_media":3769,"comment_status":"open","ping_status":"open","sticky":false,"template":"","format":"standard","meta":{"tdm_status":"","tdm_grid_status":"","footnotes":""},"categories":[54,1533,71,42],"tags":[3348,3349,3353,3350,3345,3352,3343,3346,1281,3344,3351,3347],"class_list":{"0":"post-3768","1":"post","2":"type-post","3":"status-publish","4":"format-standard","5":"has-post-thumbnail","7":"category-animazione","8":"category-featured","9":"category-italia-paese","10":"category-televisione","11":"tag-braccobaldo","12":"tag-bubu","13":"tag-cartoon-network","14":"tag-cindy","15":"tag-hanna-barbera","16":"tag-jabberjaw","17":"tag-jellystone","18":"tag-prima-tv","19":"tag-sky","20":"tag-top-cat","21":"tag-warner-bros-animation","22":"tag-yoghi"},"yoast_head":"<!-- This site is optimized with the Yoast SEO plugin v27.4 - https:\/\/yoast.com\/product\/yoast-seo-wordpress\/ -->\r\n<title>Jellystone: i leggendari personaggi di Hanna-Barbera tornano in Prima TV assoluta - Casting News Magazine<\/title>\r\n<meta name=\"robots\" content=\"index, follow, max-snippet:-1, max-image-preview:large, max-video-preview:-1\" \/>\r\n<link rel=\"canonical\" href=\"https:\/\/www.castingnews.eu\/magazine\/2021\/11\/26\/jellystone-i-leggendari-personaggi-di-hanna-barbera-tornano-in-prima-tv-assoluta\/\" \/>\r\n<meta property=\"og:locale\" content=\"it_IT\" \/>\r\n<meta property=\"og:type\" content=\"article\" \/>\r\n<meta property=\"og:title\" content=\"Jellystone: i leggendari personaggi di Hanna-Barbera tornano in Prima TV assoluta - Casting News Magazine\" \/>\r\n<meta property=\"og:description\" content=\"In arrivo la nuova serie in Prima TV assoluta con i leggendari protagonisti targati Hanna-Barbera, tra cui Yoghi e Bubu, Top Cat, Braccobaldo e tanti altri personaggi cult. Su Cartoon Network (Canale 607 di Sky) dal 29 novembre, dal luned\u00ec al venerd\u00ec, alle 19.15.Lo show, prodotto dalla Warner Bros. Animation, \u00e8 ambientato nella citt\u00e0 di [&hellip;]\" \/>\r\n<meta property=\"og:url\" content=\"https:\/\/www.castingnews.eu\/magazine\/2021\/11\/26\/jellystone-i-leggendari-personaggi-di-hanna-barbera-tornano-in-prima-tv-assoluta\/\" \/>\r\n<meta property=\"og:site_name\" content=\"Casting News Magazine\" \/>\r\n<meta property=\"article:published_time\" content=\"2021-11-26T17:47:13+00:00\" \/>\r\n<meta property=\"article:modified_time\" content=\"2021-11-26T17:47:18+00:00\" \/>\r\n<meta property=\"og:image\" content=\"https:\/\/www.castingnews.eu\/magazine\/wp-content\/uploads\/2021\/11\/Jellystone_Cartoon-Network.jpg\" \/>\r\n\t<meta property=\"og:image:width\" content=\"1920\" \/>\r\n\t<meta property=\"og:image:height\" content=\"1080\" \/>\r\n\t<meta property=\"og:image:type\" content=\"image\/jpeg\" \/>\r\n<meta name=\"author\" content=\"Redazione\" \/>\r\n<meta name=\"twitter:card\" content=\"summary_large_image\" \/>\r\n<meta name=\"twitter:label1\" content=\"Scritto da\" \/>\n\t<meta name=\"twitter:data1\" content=\"Redazione\" \/>\n\t<meta name=\"twitter:label2\" content=\"Tempo di lettura stimato\" \/>\n\t<meta name=\"twitter:data2\" content=\"2 minuti\" \/>\r\n<script type=\"application\/ld+json\" class=\"yoast-schema-graph\">{\"@context\":\"https:\\\/\\\/schema.org\",\"@graph\":[{\"@type\":\"Article\",\"@id\":\"https:\\\/\\\/www.castingnews.eu\\\/magazine\\\/2021\\\/11\\\/26\\\/jellystone-i-leggendari-personaggi-di-hanna-barbera-tornano-in-prima-tv-assoluta\\\/#article\",\"isPartOf\":{\"@id\":\"https:\\\/\\\/www.castingnews.eu\\\/magazine\\\/2021\\\/11\\\/26\\\/jellystone-i-leggendari-personaggi-di-hanna-barbera-tornano-in-prima-tv-assoluta\\\/\"},\"author\":{\"name\":\"Redazione\",\"@id\":\"https:\\\/\\\/www.castingnews.eu\\\/magazine\\\/#\\\/schema\\\/person\\\/099d71c568c9a7e5e4037b1594108f17\"},\"headline\":\"Jellystone: i leggendari personaggi di Hanna-Barbera tornano in Prima TV assoluta\",\"datePublished\":\"2021-11-26T17:47:13+00:00\",\"dateModified\":\"2021-11-26T17:47:18+00:00\",\"mainEntityOfPage\":{\"@id\":\"https:\\\/\\\/www.castingnews.eu\\\/magazine\\\/2021\\\/11\\\/26\\\/jellystone-i-leggendari-personaggi-di-hanna-barbera-tornano-in-prima-tv-assoluta\\\/\"},\"wordCount\":371,\"commentCount\":0,\"image\":{\"@id\":\"https:\\\/\\\/www.castingnews.eu\\\/magazine\\\/2021\\\/11\\\/26\\\/jellystone-i-leggendari-personaggi-di-hanna-barbera-tornano-in-prima-tv-assoluta\\\/#primaryimage\"},\"thumbnailUrl\":\"https:\\\/\\\/www.castingnews.eu\\\/magazine\\\/wp-content\\\/uploads\\\/2021\\\/11\\\/Jellystone_Cartoon-Network.jpg\",\"keywords\":[\"Braccobaldo\",\"Bubu\",\"Cartoon Network\",\"Cindy\",\"Hanna-Barbera\",\"Jabberjaw\",\"Jellystone\",\"Prima TV\",\"Sky\",\"Top Cat\",\"Warner Bros. Animation\",\"Yoghi\"],\"articleSection\":[\"Animazione\",\"In primo piano\",\"Italia\",\"TV\"],\"inLanguage\":\"it-IT\",\"potentialAction\":[{\"@type\":\"CommentAction\",\"name\":\"Comment\",\"target\":[\"https:\\\/\\\/www.castingnews.eu\\\/magazine\\\/2021\\\/11\\\/26\\\/jellystone-i-leggendari-personaggi-di-hanna-barbera-tornano-in-prima-tv-assoluta\\\/#respond\"]}]},{\"@type\":\"WebPage\",\"@id\":\"https:\\\/\\\/www.castingnews.eu\\\/magazine\\\/2021\\\/11\\\/26\\\/jellystone-i-leggendari-personaggi-di-hanna-barbera-tornano-in-prima-tv-assoluta\\\/\",\"url\":\"https:\\\/\\\/www.castingnews.eu\\\/magazine\\\/2021\\\/11\\\/26\\\/jellystone-i-leggendari-personaggi-di-hanna-barbera-tornano-in-prima-tv-assoluta\\\/\",\"name\":\"Jellystone: i leggendari personaggi di Hanna-Barbera tornano in Prima TV assoluta - Casting News Magazine\",\"isPartOf\":{\"@id\":\"https:\\\/\\\/www.castingnews.eu\\\/magazine\\\/#website\"},\"primaryImageOfPage\":{\"@id\":\"https:\\\/\\\/www.castingnews.eu\\\/magazine\\\/2021\\\/11\\\/26\\\/jellystone-i-leggendari-personaggi-di-hanna-barbera-tornano-in-prima-tv-assoluta\\\/#primaryimage\"},\"image\":{\"@id\":\"https:\\\/\\\/www.castingnews.eu\\\/magazine\\\/2021\\\/11\\\/26\\\/jellystone-i-leggendari-personaggi-di-hanna-barbera-tornano-in-prima-tv-assoluta\\\/#primaryimage\"},\"thumbnailUrl\":\"https:\\\/\\\/www.castingnews.eu\\\/magazine\\\/wp-content\\\/uploads\\\/2021\\\/11\\\/Jellystone_Cartoon-Network.jpg\",\"datePublished\":\"2021-11-26T17:47:13+00:00\",\"dateModified\":\"2021-11-26T17:47:18+00:00\",\"author\":{\"@id\":\"https:\\\/\\\/www.castingnews.eu\\\/magazine\\\/#\\\/schema\\\/person\\\/099d71c568c9a7e5e4037b1594108f17\"},\"breadcrumb\":{\"@id\":\"https:\\\/\\\/www.castingnews.eu\\\/magazine\\\/2021\\\/11\\\/26\\\/jellystone-i-leggendari-personaggi-di-hanna-barbera-tornano-in-prima-tv-assoluta\\\/#breadcrumb\"},\"inLanguage\":\"it-IT\",\"potentialAction\":[{\"@type\":\"ReadAction\",\"target\":[\"https:\\\/\\\/www.castingnews.eu\\\/magazine\\\/2021\\\/11\\\/26\\\/jellystone-i-leggendari-personaggi-di-hanna-barbera-tornano-in-prima-tv-assoluta\\\/\"]}]},{\"@type\":\"ImageObject\",\"inLanguage\":\"it-IT\",\"@id\":\"https:\\\/\\\/www.castingnews.eu\\\/magazine\\\/2021\\\/11\\\/26\\\/jellystone-i-leggendari-personaggi-di-hanna-barbera-tornano-in-prima-tv-assoluta\\\/#primaryimage\",\"url\":\"https:\\\/\\\/www.castingnews.eu\\\/magazine\\\/wp-content\\\/uploads\\\/2021\\\/11\\\/Jellystone_Cartoon-Network.jpg\",\"contentUrl\":\"https:\\\/\\\/www.castingnews.eu\\\/magazine\\\/wp-content\\\/uploads\\\/2021\\\/11\\\/Jellystone_Cartoon-Network.jpg\",\"width\":1920,\"height\":1080,\"caption\":\"Jellystone - Cartoon Network\"},{\"@type\":\"BreadcrumbList\",\"@id\":\"https:\\\/\\\/www.castingnews.eu\\\/magazine\\\/2021\\\/11\\\/26\\\/jellystone-i-leggendari-personaggi-di-hanna-barbera-tornano-in-prima-tv-assoluta\\\/#breadcrumb\",\"itemListElement\":[{\"@type\":\"ListItem\",\"position\":1,\"name\":\"Home\",\"item\":\"https:\\\/\\\/www.castingnews.eu\\\/magazine\\\/\"},{\"@type\":\"ListItem\",\"position\":2,\"name\":\"Jellystone: i leggendari personaggi di Hanna-Barbera tornano in Prima TV assoluta\"}]},{\"@type\":\"WebSite\",\"@id\":\"https:\\\/\\\/www.castingnews.eu\\\/magazine\\\/#website\",\"url\":\"https:\\\/\\\/www.castingnews.eu\\\/magazine\\\/\",\"name\":\"Casting News Magazine\",\"description\":\"News e aggiornamenti sui film, serie tv, teatro e festival italiani ed internazionali\",\"potentialAction\":[{\"@type\":\"SearchAction\",\"target\":{\"@type\":\"EntryPoint\",\"urlTemplate\":\"https:\\\/\\\/www.castingnews.eu\\\/magazine\\\/?s={search_term_string}\"},\"query-input\":{\"@type\":\"PropertyValueSpecification\",\"valueRequired\":true,\"valueName\":\"search_term_string\"}}],\"inLanguage\":\"it-IT\"},{\"@type\":\"Person\",\"@id\":\"https:\\\/\\\/www.castingnews.eu\\\/magazine\\\/#\\\/schema\\\/person\\\/099d71c568c9a7e5e4037b1594108f17\",\"name\":\"Redazione\",\"image\":{\"@type\":\"ImageObject\",\"inLanguage\":\"it-IT\",\"@id\":\"https:\\\/\\\/secure.gravatar.com\\\/avatar\\\/b73a087aa3bd279fb70d24f1960a91c82cf67619395b60b564c90e9e5d5325fc?s=96&d=mm&r=g\",\"url\":\"https:\\\/\\\/secure.gravatar.com\\\/avatar\\\/b73a087aa3bd279fb70d24f1960a91c82cf67619395b60b564c90e9e5d5325fc?s=96&d=mm&r=g\",\"contentUrl\":\"https:\\\/\\\/secure.gravatar.com\\\/avatar\\\/b73a087aa3bd279fb70d24f1960a91c82cf67619395b60b564c90e9e5d5325fc?s=96&d=mm&r=g\",\"caption\":\"Redazione\"},\"description\":\"News e aggiornamenti sui film, serie tv, teatro e festival italiani ed internazionali.\",\"url\":\"https:\\\/\\\/www.castingnews.eu\\\/magazine\\\/author\\\/redazione\\\/\"}]}<\/script>\r\n<!-- \/ Yoast SEO plugin. -->","yoast_head_json":{"title":"Jellystone: i leggendari personaggi di Hanna-Barbera tornano in Prima TV assoluta - Casting News Magazine","robots":{"index":"index","follow":"follow","max-snippet":"max-snippet:-1","max-image-preview":"max-image-preview:large","max-video-preview":"max-video-preview:-1"},"canonical":"https:\/\/www.castingnews.eu\/magazine\/2021\/11\/26\/jellystone-i-leggendari-personaggi-di-hanna-barbera-tornano-in-prima-tv-assoluta\/","og_locale":"it_IT","og_type":"article","og_title":"Jellystone: i leggendari personaggi di Hanna-Barbera tornano in Prima TV assoluta - Casting News Magazine","og_description":"In arrivo la nuova serie in Prima TV assoluta con i leggendari protagonisti targati Hanna-Barbera, tra cui Yoghi e Bubu, Top Cat, Braccobaldo e tanti altri personaggi cult. Su Cartoon Network (Canale 607 di Sky) dal 29 novembre, dal luned\u00ec al venerd\u00ec, alle 19.15.Lo show, prodotto dalla Warner Bros. Animation, \u00e8 ambientato nella citt\u00e0 di [&hellip;]","og_url":"https:\/\/www.castingnews.eu\/magazine\/2021\/11\/26\/jellystone-i-leggendari-personaggi-di-hanna-barbera-tornano-in-prima-tv-assoluta\/","og_site_name":"Casting News Magazine","article_published_time":"2021-11-26T17:47:13+00:00","article_modified_time":"2021-11-26T17:47:18+00:00","og_image":[{"width":1920,"height":1080,"url":"https:\/\/www.castingnews.eu\/magazine\/wp-content\/uploads\/2021\/11\/Jellystone_Cartoon-Network.jpg","type":"image\/jpeg"}],"author":"Redazione","twitter_card":"summary_large_image","twitter_misc":{"Scritto da":"Redazione","Tempo di lettura stimato":"2 minuti"},"schema":{"@context":"https:\/\/schema.org","@graph":[{"@type":"Article","@id":"https:\/\/www.castingnews.eu\/magazine\/2021\/11\/26\/jellystone-i-leggendari-personaggi-di-hanna-barbera-tornano-in-prima-tv-assoluta\/#article","isPartOf":{"@id":"https:\/\/www.castingnews.eu\/magazine\/2021\/11\/26\/jellystone-i-leggendari-personaggi-di-hanna-barbera-tornano-in-prima-tv-assoluta\/"},"author":{"name":"Redazione","@id":"https:\/\/www.castingnews.eu\/magazine\/#\/schema\/person\/099d71c568c9a7e5e4037b1594108f17"},"headline":"Jellystone: i leggendari personaggi di Hanna-Barbera tornano in Prima TV assoluta","datePublished":"2021-11-26T17:47:13+00:00","dateModified":"2021-11-26T17:47:18+00:00","mainEntityOfPage":{"@id":"https:\/\/www.castingnews.eu\/magazine\/2021\/11\/26\/jellystone-i-leggendari-personaggi-di-hanna-barbera-tornano-in-prima-tv-assoluta\/"},"wordCount":371,"commentCount":0,"image":{"@id":"https:\/\/www.castingnews.eu\/magazine\/2021\/11\/26\/jellystone-i-leggendari-personaggi-di-hanna-barbera-tornano-in-prima-tv-assoluta\/#primaryimage"},"thumbnailUrl":"https:\/\/www.castingnews.eu\/magazine\/wp-content\/uploads\/2021\/11\/Jellystone_Cartoon-Network.jpg","keywords":["Braccobaldo","Bubu","Cartoon Network","Cindy","Hanna-Barbera","Jabberjaw","Jellystone","Prima TV","Sky","Top Cat","Warner Bros. Animation","Yoghi"],"articleSection":["Animazione","In primo piano","Italia","TV"],"inLanguage":"it-IT","potentialAction":[{"@type":"CommentAction","name":"Comment","target":["https:\/\/www.castingnews.eu\/magazine\/2021\/11\/26\/jellystone-i-leggendari-personaggi-di-hanna-barbera-tornano-in-prima-tv-assoluta\/#respond"]}]},{"@type":"WebPage","@id":"https:\/\/www.castingnews.eu\/magazine\/2021\/11\/26\/jellystone-i-leggendari-personaggi-di-hanna-barbera-tornano-in-prima-tv-assoluta\/","url":"https:\/\/www.castingnews.eu\/magazine\/2021\/11\/26\/jellystone-i-leggendari-personaggi-di-hanna-barbera-tornano-in-prima-tv-assoluta\/","name":"Jellystone: i leggendari personaggi di Hanna-Barbera tornano in Prima TV assoluta - Casting News Magazine","isPartOf":{"@id":"https:\/\/www.castingnews.eu\/magazine\/#website"},"primaryImageOfPage":{"@id":"https:\/\/www.castingnews.eu\/magazine\/2021\/11\/26\/jellystone-i-leggendari-personaggi-di-hanna-barbera-tornano-in-prima-tv-assoluta\/#primaryimage"},"image":{"@id":"https:\/\/www.castingnews.eu\/magazine\/2021\/11\/26\/jellystone-i-leggendari-personaggi-di-hanna-barbera-tornano-in-prima-tv-assoluta\/#primaryimage"},"thumbnailUrl":"https:\/\/www.castingnews.eu\/magazine\/wp-content\/uploads\/2021\/11\/Jellystone_Cartoon-Network.jpg","datePublished":"2021-11-26T17:47:13+00:00","dateModified":"2021-11-26T17:47:18+00:00","author":{"@id":"https:\/\/www.castingnews.eu\/magazine\/#\/schema\/person\/099d71c568c9a7e5e4037b1594108f17"},"breadcrumb":{"@id":"https:\/\/www.castingnews.eu\/magazine\/2021\/11\/26\/jellystone-i-leggendari-personaggi-di-hanna-barbera-tornano-in-prima-tv-assoluta\/#breadcrumb"},"inLanguage":"it-IT","potentialAction":[{"@type":"ReadAction","target":["https:\/\/www.castingnews.eu\/magazine\/2021\/11\/26\/jellystone-i-leggendari-personaggi-di-hanna-barbera-tornano-in-prima-tv-assoluta\/"]}]},{"@type":"ImageObject","inLanguage":"it-IT","@id":"https:\/\/www.castingnews.eu\/magazine\/2021\/11\/26\/jellystone-i-leggendari-personaggi-di-hanna-barbera-tornano-in-prima-tv-assoluta\/#primaryimage","url":"https:\/\/www.castingnews.eu\/magazine\/wp-content\/uploads\/2021\/11\/Jellystone_Cartoon-Network.jpg","contentUrl":"https:\/\/www.castingnews.eu\/magazine\/wp-content\/uploads\/2021\/11\/Jellystone_Cartoon-Network.jpg","width":1920,"height":1080,"caption":"Jellystone - Cartoon Network"},{"@type":"BreadcrumbList","@id":"https:\/\/www.castingnews.eu\/magazine\/2021\/11\/26\/jellystone-i-leggendari-personaggi-di-hanna-barbera-tornano-in-prima-tv-assoluta\/#breadcrumb","itemListElement":[{"@type":"ListItem","position":1,"name":"Home","item":"https:\/\/www.castingnews.eu\/magazine\/"},{"@type":"ListItem","position":2,"name":"Jellystone: i leggendari personaggi di Hanna-Barbera tornano in Prima TV assoluta"}]},{"@type":"WebSite","@id":"https:\/\/www.castingnews.eu\/magazine\/#website","url":"https:\/\/www.castingnews.eu\/magazine\/","name":"Casting News Magazine","description":"News e aggiornamenti sui film, serie tv, teatro e festival italiani ed internazionali","potentialAction":[{"@type":"SearchAction","target":{"@type":"EntryPoint","urlTemplate":"https:\/\/www.castingnews.eu\/magazine\/?s={search_term_string}"},"query-input":{"@type":"PropertyValueSpecification","valueRequired":true,"valueName":"search_term_string"}}],"inLanguage":"it-IT"},{"@type":"Person","@id":"https:\/\/www.castingnews.eu\/magazine\/#\/schema\/person\/099d71c568c9a7e5e4037b1594108f17","name":"Redazione","image":{"@type":"ImageObject","inLanguage":"it-IT","@id":"https:\/\/secure.gravatar.com\/avatar\/b73a087aa3bd279fb70d24f1960a91c82cf67619395b60b564c90e9e5d5325fc?s=96&d=mm&r=g","url":"https:\/\/secure.gravatar.com\/avatar\/b73a087aa3bd279fb70d24f1960a91c82cf67619395b60b564c90e9e5d5325fc?s=96&d=mm&r=g","contentUrl":"https:\/\/secure.gravatar.com\/avatar\/b73a087aa3bd279fb70d24f1960a91c82cf67619395b60b564c90e9e5d5325fc?s=96&d=mm&r=g","caption":"Redazione"},"description":"News e aggiornamenti sui film, serie tv, teatro e festival italiani ed internazionali.","url":"https:\/\/www.castingnews.eu\/magazine\/author\/redazione\/"}]}},"_links":{"self":[{"href":"https:\/\/www.castingnews.eu\/magazine\/wp-json\/wp\/v2\/posts\/3768","targetHints":{"allow":["GET"]}}],"collection":[{"href":"https:\/\/www.castingnews.eu\/magazine\/wp-json\/wp\/v2\/posts"}],"about":[{"href":"https:\/\/www.castingnews.eu\/magazine\/wp-json\/wp\/v2\/types\/post"}],"author":[{"embeddable":true,"href":"https:\/\/www.castingnews.eu\/magazine\/wp-json\/wp\/v2\/users\/1"}],"replies":[{"embeddable":true,"href":"https:\/\/www.castingnews.eu\/magazine\/wp-json\/wp\/v2\/comments?post=3768"}],"version-history":[{"count":1,"href":"https:\/\/www.castingnews.eu\/magazine\/wp-json\/wp\/v2\/posts\/3768\/revisions"}],"predecessor-version":[{"id":3772,"href":"https:\/\/www.castingnews.eu\/magazine\/wp-json\/wp\/v2\/posts\/3768\/revisions\/3772"}],"wp:featuredmedia":[{"embeddable":true,"href":"https:\/\/www.castingnews.eu\/magazine\/wp-json\/wp\/v2\/media\/3769"}],"wp:attachment":[{"href":"https:\/\/www.castingnews.eu\/magazine\/wp-json\/wp\/v2\/media?parent=3768"}],"wp:term":[{"taxonomy":"category","embeddable":true,"href":"https:\/\/www.castingnews.eu\/magazine\/wp-json\/wp\/v2\/categories?post=3768"},{"taxonomy":"post_tag","embeddable":true,"href":"https:\/\/www.castingnews.eu\/magazine\/wp-json\/wp\/v2\/tags?post=3768"}],"curies":[{"name":"wp","href":"https:\/\/api.w.org\/{rel}","templated":true}]}}