{"id":3756,"date":"2021-11-19T13:04:31","date_gmt":"2021-11-19T12:04:31","guid":{"rendered":"https:\/\/www.castingnews.eu\/magazine\/?p=3756"},"modified":"2021-11-19T13:04:36","modified_gmt":"2021-11-19T12:04:36","slug":"frida-kahlo-il-film-evento-nei-cinema-dal-22-al-24-novembre","status":"publish","type":"post","link":"https:\/\/www.castingnews.eu\/magazine\/2021\/11\/19\/frida-kahlo-il-film-evento-nei-cinema-dal-22-al-24-novembre\/","title":{"rendered":"Frida Kahlo: il film evento nei cinema dal 22 al 24 novembre"},"content":{"rendered":"\n<p>Il 22, 23 e 24 novembre arriva in Italia <strong>\u201cFrida Kahlo\u201d<\/strong> della regista <strong>Ali Ray<\/strong>, il <strong>film <\/strong>documentario definitivo sulla vita e la produzione artistica della celebre artista messicana, autentica icona mondiale. Il film \u00e8 distribuito da Adler Entertainment.<br>SINOSSI: Chi era Frida Kahlo? Tutti la conoscono, ma chi era davvero la donna dietro i colori brillanti, le grandi sopracciglia e le corone di fiori? Un viaggio attraverso la vita di un&#8217;autentica icona mondiale, alla scoperta della sua arte e della verit\u00e0 dietro la sua vita, spesso turbolenta.<\/p><div class=\"6d3639e8c6ac292cde400fad8ff8a5b9\" data-index=\"1\" style=\"float: none; margin:10px 0 10px 0; text-align:center;\">\n<script async src=\"\/\/pagead2.googlesyndication.com\/pagead\/js\/adsbygoogle.js\"><\/script>\r\n<!-- Casting Bambini NEW -->\r\n<ins class=\"adsbygoogle\"\r\n     style=\"display:inline-block;width:336px;height:280px\"\r\n     data-ad-client=\"ca-pub-5538097485429833\"\r\n     data-ad-slot=\"5127154445\"><\/ins>\r\n<script>\r\n(adsbygoogle = window.adsbygoogle || []).push({});\r\n<\/script>\n<\/div>\n\n\n\n\n<p>Realizzato nella famosa Casa Azul (Casa Blu) a Coyoac\u00e1n, sobborgo di Citt\u00e0 del Messico, e creato in collaborazione con esperti di fama mondiale che conoscevano personalmente Frida Kahlo, insieme a coloro che hanno studiato e curato il suo lavoro, il documentario di Ali Ray mostra un insieme di interviste, commenti e una dettagliata esplorazione della sua arte: un vero e proprio tesoro di colori e un\u2019esplosione di vivacit\u00e0.<br>Il film \u201cFRIDA KAHLO\u201d offre dunque un accesso privilegiato, personale e intimo alle opere dell\u2019artista e mette in evidenza la fonte della sua febbrile creativit\u00e0, la sua resilienza e la sua ineguagliabile passione per la vita, la politica, gli uomini e le donne. Scavando pi\u00f9 a fondo di quanto qualsiasi film abbia mai fatto finora ed esplorando la grandiosit\u00e0 di quest\u2019artista, alla scoperta della vera Frida Kahlo.<\/p>\n\n\n\n<figure class=\"wp-block-embed is-type-video is-provider-youtube wp-block-embed-youtube wp-embed-aspect-16-9 wp-has-aspect-ratio\"><div class=\"wp-block-embed__wrapper\">\n<div class=\"youtube-embed\" data-video_id=\"rvTZ4qEQQ4M\"><iframe loading=\"lazy\" title=\"FRIDA KAHLO - Trailer Italiano Ufficiale\" width=\"696\" height=\"392\" src=\"https:\/\/www.youtube.com\/embed\/rvTZ4qEQQ4M?feature=oembed&#038;enablejsapi=1\" frameborder=\"0\" allow=\"accelerometer; autoplay; clipboard-write; encrypted-media; gyroscope; picture-in-picture\" allowfullscreen><\/iframe><\/div>\n<\/div><\/figure>\n\n\n\n<p>\u201cFRIDA KAHLO\u201d \u00e8 il primo appuntamento al cinema della nuova collana ART ICONS, una serie di film documentari sulle icone indiscusse del mondo dell\u2019arte, che grazie ad Adler Entertainment arriveranno sul grande schermo con tre imperdibili film evento con protagoniste altrettante personalit\u00e0 illustri del panorama artistico: tre autentiche icone pop del mondo dell\u2019arte che hanno fatto la Storia, amate e conosciute in tutto il mondo.<\/p>\n\n<div style=\"font-size: 0px; height: 0px; line-height: 0px; margin: 0; padding: 0; clear: both;\"><\/div>","protected":false},"excerpt":{"rendered":"<p>Il 22, 23 e 24 novembre arriva in Italia \u201cFrida Kahlo\u201d della regista Ali Ray, il film documentario definitivo sulla vita e la produzione artistica della celebre artista messicana, autentica icona mondiale. Il film \u00e8 distribuito da Adler Entertainment.SINOSSI: Chi era Frida Kahlo? Tutti la conoscono, ma chi era davvero la donna dietro i colori [&hellip;]<\/p>\n","protected":false},"author":1,"featured_media":3761,"comment_status":"open","ping_status":"open","sticky":false,"template":"","format":"standard","meta":{"tdm_status":"","tdm_grid_status":"","footnotes":""},"categories":[62,1533,71,30],"tags":[3332,3337,3333,3336,302,3335,3334,416,534,3331],"class_list":{"0":"post-3756","1":"post","2":"type-post","3":"status-publish","4":"format-standard","5":"has-post-thumbnail","7":"category-documentario","8":"category-featured","9":"category-italia-paese","10":"category-progetti-cinematografici","11":"tag-ali-ray","12":"tag-art-icons","13":"tag-artista-messicana","14":"tag-casa-azul","15":"tag-cinema","16":"tag-citta-del-messico","17":"tag-coyoacan","18":"tag-documentario","19":"tag-film","20":"tag-frida-kahlo"},"yoast_head":"<!-- This site is optimized with the Yoast SEO plugin v27.4 - https:\/\/yoast.com\/product\/yoast-seo-wordpress\/ -->\r\n<title>Frida Kahlo: il film evento nei cinema dal 22 al 24 novembre - Casting News Magazine<\/title>\r\n<meta name=\"robots\" content=\"index, follow, max-snippet:-1, max-image-preview:large, max-video-preview:-1\" \/>\r\n<link rel=\"canonical\" href=\"https:\/\/www.castingnews.eu\/magazine\/2021\/11\/19\/frida-kahlo-il-film-evento-nei-cinema-dal-22-al-24-novembre\/\" \/>\r\n<meta property=\"og:locale\" content=\"it_IT\" \/>\r\n<meta property=\"og:type\" content=\"article\" \/>\r\n<meta property=\"og:title\" content=\"Frida Kahlo: il film evento nei cinema dal 22 al 24 novembre - Casting News Magazine\" \/>\r\n<meta property=\"og:description\" content=\"Il 22, 23 e 24 novembre arriva in Italia \u201cFrida Kahlo\u201d della regista Ali Ray, il film documentario definitivo sulla vita e la produzione artistica della celebre artista messicana, autentica icona mondiale. Il film \u00e8 distribuito da Adler Entertainment.SINOSSI: Chi era Frida Kahlo? Tutti la conoscono, ma chi era davvero la donna dietro i colori [&hellip;]\" \/>\r\n<meta property=\"og:url\" content=\"https:\/\/www.castingnews.eu\/magazine\/2021\/11\/19\/frida-kahlo-il-film-evento-nei-cinema-dal-22-al-24-novembre\/\" \/>\r\n<meta property=\"og:site_name\" content=\"Casting News Magazine\" \/>\r\n<meta property=\"article:published_time\" content=\"2021-11-19T12:04:31+00:00\" \/>\r\n<meta property=\"article:modified_time\" content=\"2021-11-19T12:04:36+00:00\" \/>\r\n<meta property=\"og:image\" content=\"https:\/\/www.castingnews.eu\/magazine\/wp-content\/uploads\/2021\/11\/Frida-Kahlo-The-Two-Fridas-1939-EXHIBITION-ON-SCREEN.jpeg\" \/>\r\n\t<meta property=\"og:image:width\" content=\"1200\" \/>\r\n\t<meta property=\"og:image:height\" content=\"900\" \/>\r\n\t<meta property=\"og:image:type\" content=\"image\/jpeg\" \/>\r\n<meta name=\"author\" content=\"Redazione\" \/>\r\n<meta name=\"twitter:card\" content=\"summary_large_image\" \/>\r\n<meta name=\"twitter:label1\" content=\"Scritto da\" \/>\n\t<meta name=\"twitter:data1\" content=\"Redazione\" \/>\n\t<meta name=\"twitter:label2\" content=\"Tempo di lettura stimato\" \/>\n\t<meta name=\"twitter:data2\" content=\"2 minuti\" \/>\r\n<script type=\"application\/ld+json\" class=\"yoast-schema-graph\">{\"@context\":\"https:\\\/\\\/schema.org\",\"@graph\":[{\"@type\":\"Article\",\"@id\":\"https:\\\/\\\/www.castingnews.eu\\\/magazine\\\/2021\\\/11\\\/19\\\/frida-kahlo-il-film-evento-nei-cinema-dal-22-al-24-novembre\\\/#article\",\"isPartOf\":{\"@id\":\"https:\\\/\\\/www.castingnews.eu\\\/magazine\\\/2021\\\/11\\\/19\\\/frida-kahlo-il-film-evento-nei-cinema-dal-22-al-24-novembre\\\/\"},\"author\":{\"name\":\"Redazione\",\"@id\":\"https:\\\/\\\/www.castingnews.eu\\\/magazine\\\/#\\\/schema\\\/person\\\/099d71c568c9a7e5e4037b1594108f17\"},\"headline\":\"Frida Kahlo: il film evento nei cinema dal 22 al 24 novembre\",\"datePublished\":\"2021-11-19T12:04:31+00:00\",\"dateModified\":\"2021-11-19T12:04:36+00:00\",\"mainEntityOfPage\":{\"@id\":\"https:\\\/\\\/www.castingnews.eu\\\/magazine\\\/2021\\\/11\\\/19\\\/frida-kahlo-il-film-evento-nei-cinema-dal-22-al-24-novembre\\\/\"},\"wordCount\":309,\"commentCount\":0,\"image\":{\"@id\":\"https:\\\/\\\/www.castingnews.eu\\\/magazine\\\/2021\\\/11\\\/19\\\/frida-kahlo-il-film-evento-nei-cinema-dal-22-al-24-novembre\\\/#primaryimage\"},\"thumbnailUrl\":\"https:\\\/\\\/www.castingnews.eu\\\/magazine\\\/wp-content\\\/uploads\\\/2021\\\/11\\\/Frida-Kahlo-The-Two-Fridas-1939-EXHIBITION-ON-SCREEN.jpeg\",\"keywords\":[\"Ali Ray\",\"ART ICONS\",\"artista messicana\",\"Casa Azul\",\"Cinema\",\"Citt\u00e0 del Messico\",\"Coyoac\u00e1n\",\"Documentario\",\"Film\",\"Frida Kahlo\"],\"articleSection\":[\"Documentario\",\"In primo piano\",\"Italia\",\"Progetti cinematografici\"],\"inLanguage\":\"it-IT\",\"potentialAction\":[{\"@type\":\"CommentAction\",\"name\":\"Comment\",\"target\":[\"https:\\\/\\\/www.castingnews.eu\\\/magazine\\\/2021\\\/11\\\/19\\\/frida-kahlo-il-film-evento-nei-cinema-dal-22-al-24-novembre\\\/#respond\"]}]},{\"@type\":\"WebPage\",\"@id\":\"https:\\\/\\\/www.castingnews.eu\\\/magazine\\\/2021\\\/11\\\/19\\\/frida-kahlo-il-film-evento-nei-cinema-dal-22-al-24-novembre\\\/\",\"url\":\"https:\\\/\\\/www.castingnews.eu\\\/magazine\\\/2021\\\/11\\\/19\\\/frida-kahlo-il-film-evento-nei-cinema-dal-22-al-24-novembre\\\/\",\"name\":\"Frida Kahlo: il film evento nei cinema dal 22 al 24 novembre - Casting News Magazine\",\"isPartOf\":{\"@id\":\"https:\\\/\\\/www.castingnews.eu\\\/magazine\\\/#website\"},\"primaryImageOfPage\":{\"@id\":\"https:\\\/\\\/www.castingnews.eu\\\/magazine\\\/2021\\\/11\\\/19\\\/frida-kahlo-il-film-evento-nei-cinema-dal-22-al-24-novembre\\\/#primaryimage\"},\"image\":{\"@id\":\"https:\\\/\\\/www.castingnews.eu\\\/magazine\\\/2021\\\/11\\\/19\\\/frida-kahlo-il-film-evento-nei-cinema-dal-22-al-24-novembre\\\/#primaryimage\"},\"thumbnailUrl\":\"https:\\\/\\\/www.castingnews.eu\\\/magazine\\\/wp-content\\\/uploads\\\/2021\\\/11\\\/Frida-Kahlo-The-Two-Fridas-1939-EXHIBITION-ON-SCREEN.jpeg\",\"datePublished\":\"2021-11-19T12:04:31+00:00\",\"dateModified\":\"2021-11-19T12:04:36+00:00\",\"author\":{\"@id\":\"https:\\\/\\\/www.castingnews.eu\\\/magazine\\\/#\\\/schema\\\/person\\\/099d71c568c9a7e5e4037b1594108f17\"},\"breadcrumb\":{\"@id\":\"https:\\\/\\\/www.castingnews.eu\\\/magazine\\\/2021\\\/11\\\/19\\\/frida-kahlo-il-film-evento-nei-cinema-dal-22-al-24-novembre\\\/#breadcrumb\"},\"inLanguage\":\"it-IT\",\"potentialAction\":[{\"@type\":\"ReadAction\",\"target\":[\"https:\\\/\\\/www.castingnews.eu\\\/magazine\\\/2021\\\/11\\\/19\\\/frida-kahlo-il-film-evento-nei-cinema-dal-22-al-24-novembre\\\/\"]}]},{\"@type\":\"ImageObject\",\"inLanguage\":\"it-IT\",\"@id\":\"https:\\\/\\\/www.castingnews.eu\\\/magazine\\\/2021\\\/11\\\/19\\\/frida-kahlo-il-film-evento-nei-cinema-dal-22-al-24-novembre\\\/#primaryimage\",\"url\":\"https:\\\/\\\/www.castingnews.eu\\\/magazine\\\/wp-content\\\/uploads\\\/2021\\\/11\\\/Frida-Kahlo-The-Two-Fridas-1939-EXHIBITION-ON-SCREEN.jpeg\",\"contentUrl\":\"https:\\\/\\\/www.castingnews.eu\\\/magazine\\\/wp-content\\\/uploads\\\/2021\\\/11\\\/Frida-Kahlo-The-Two-Fridas-1939-EXHIBITION-ON-SCREEN.jpeg\",\"width\":1200,\"height\":900,\"caption\":\"Frida Kahlo, The Two Fridas, 1939 \u00a9 EXHIBITION ON SCREEN\"},{\"@type\":\"BreadcrumbList\",\"@id\":\"https:\\\/\\\/www.castingnews.eu\\\/magazine\\\/2021\\\/11\\\/19\\\/frida-kahlo-il-film-evento-nei-cinema-dal-22-al-24-novembre\\\/#breadcrumb\",\"itemListElement\":[{\"@type\":\"ListItem\",\"position\":1,\"name\":\"Home\",\"item\":\"https:\\\/\\\/www.castingnews.eu\\\/magazine\\\/\"},{\"@type\":\"ListItem\",\"position\":2,\"name\":\"Frida Kahlo: il film evento nei cinema dal 22 al 24 novembre\"}]},{\"@type\":\"WebSite\",\"@id\":\"https:\\\/\\\/www.castingnews.eu\\\/magazine\\\/#website\",\"url\":\"https:\\\/\\\/www.castingnews.eu\\\/magazine\\\/\",\"name\":\"Casting News Magazine\",\"description\":\"News e aggiornamenti sui film, serie tv, teatro e festival italiani ed internazionali\",\"potentialAction\":[{\"@type\":\"SearchAction\",\"target\":{\"@type\":\"EntryPoint\",\"urlTemplate\":\"https:\\\/\\\/www.castingnews.eu\\\/magazine\\\/?s={search_term_string}\"},\"query-input\":{\"@type\":\"PropertyValueSpecification\",\"valueRequired\":true,\"valueName\":\"search_term_string\"}}],\"inLanguage\":\"it-IT\"},{\"@type\":\"Person\",\"@id\":\"https:\\\/\\\/www.castingnews.eu\\\/magazine\\\/#\\\/schema\\\/person\\\/099d71c568c9a7e5e4037b1594108f17\",\"name\":\"Redazione\",\"image\":{\"@type\":\"ImageObject\",\"inLanguage\":\"it-IT\",\"@id\":\"https:\\\/\\\/secure.gravatar.com\\\/avatar\\\/b73a087aa3bd279fb70d24f1960a91c82cf67619395b60b564c90e9e5d5325fc?s=96&d=mm&r=g\",\"url\":\"https:\\\/\\\/secure.gravatar.com\\\/avatar\\\/b73a087aa3bd279fb70d24f1960a91c82cf67619395b60b564c90e9e5d5325fc?s=96&d=mm&r=g\",\"contentUrl\":\"https:\\\/\\\/secure.gravatar.com\\\/avatar\\\/b73a087aa3bd279fb70d24f1960a91c82cf67619395b60b564c90e9e5d5325fc?s=96&d=mm&r=g\",\"caption\":\"Redazione\"},\"description\":\"News e aggiornamenti sui film, serie tv, teatro e festival italiani ed internazionali.\",\"url\":\"https:\\\/\\\/www.castingnews.eu\\\/magazine\\\/author\\\/redazione\\\/\"}]}<\/script>\r\n<!-- \/ Yoast SEO plugin. -->","yoast_head_json":{"title":"Frida Kahlo: il film evento nei cinema dal 22 al 24 novembre - Casting News Magazine","robots":{"index":"index","follow":"follow","max-snippet":"max-snippet:-1","max-image-preview":"max-image-preview:large","max-video-preview":"max-video-preview:-1"},"canonical":"https:\/\/www.castingnews.eu\/magazine\/2021\/11\/19\/frida-kahlo-il-film-evento-nei-cinema-dal-22-al-24-novembre\/","og_locale":"it_IT","og_type":"article","og_title":"Frida Kahlo: il film evento nei cinema dal 22 al 24 novembre - Casting News Magazine","og_description":"Il 22, 23 e 24 novembre arriva in Italia \u201cFrida Kahlo\u201d della regista Ali Ray, il film documentario definitivo sulla vita e la produzione artistica della celebre artista messicana, autentica icona mondiale. Il film \u00e8 distribuito da Adler Entertainment.SINOSSI: Chi era Frida Kahlo? Tutti la conoscono, ma chi era davvero la donna dietro i colori [&hellip;]","og_url":"https:\/\/www.castingnews.eu\/magazine\/2021\/11\/19\/frida-kahlo-il-film-evento-nei-cinema-dal-22-al-24-novembre\/","og_site_name":"Casting News Magazine","article_published_time":"2021-11-19T12:04:31+00:00","article_modified_time":"2021-11-19T12:04:36+00:00","og_image":[{"width":1200,"height":900,"url":"https:\/\/www.castingnews.eu\/magazine\/wp-content\/uploads\/2021\/11\/Frida-Kahlo-The-Two-Fridas-1939-EXHIBITION-ON-SCREEN.jpeg","type":"image\/jpeg"}],"author":"Redazione","twitter_card":"summary_large_image","twitter_misc":{"Scritto da":"Redazione","Tempo di lettura stimato":"2 minuti"},"schema":{"@context":"https:\/\/schema.org","@graph":[{"@type":"Article","@id":"https:\/\/www.castingnews.eu\/magazine\/2021\/11\/19\/frida-kahlo-il-film-evento-nei-cinema-dal-22-al-24-novembre\/#article","isPartOf":{"@id":"https:\/\/www.castingnews.eu\/magazine\/2021\/11\/19\/frida-kahlo-il-film-evento-nei-cinema-dal-22-al-24-novembre\/"},"author":{"name":"Redazione","@id":"https:\/\/www.castingnews.eu\/magazine\/#\/schema\/person\/099d71c568c9a7e5e4037b1594108f17"},"headline":"Frida Kahlo: il film evento nei cinema dal 22 al 24 novembre","datePublished":"2021-11-19T12:04:31+00:00","dateModified":"2021-11-19T12:04:36+00:00","mainEntityOfPage":{"@id":"https:\/\/www.castingnews.eu\/magazine\/2021\/11\/19\/frida-kahlo-il-film-evento-nei-cinema-dal-22-al-24-novembre\/"},"wordCount":309,"commentCount":0,"image":{"@id":"https:\/\/www.castingnews.eu\/magazine\/2021\/11\/19\/frida-kahlo-il-film-evento-nei-cinema-dal-22-al-24-novembre\/#primaryimage"},"thumbnailUrl":"https:\/\/www.castingnews.eu\/magazine\/wp-content\/uploads\/2021\/11\/Frida-Kahlo-The-Two-Fridas-1939-EXHIBITION-ON-SCREEN.jpeg","keywords":["Ali Ray","ART ICONS","artista messicana","Casa Azul","Cinema","Citt\u00e0 del Messico","Coyoac\u00e1n","Documentario","Film","Frida Kahlo"],"articleSection":["Documentario","In primo piano","Italia","Progetti cinematografici"],"inLanguage":"it-IT","potentialAction":[{"@type":"CommentAction","name":"Comment","target":["https:\/\/www.castingnews.eu\/magazine\/2021\/11\/19\/frida-kahlo-il-film-evento-nei-cinema-dal-22-al-24-novembre\/#respond"]}]},{"@type":"WebPage","@id":"https:\/\/www.castingnews.eu\/magazine\/2021\/11\/19\/frida-kahlo-il-film-evento-nei-cinema-dal-22-al-24-novembre\/","url":"https:\/\/www.castingnews.eu\/magazine\/2021\/11\/19\/frida-kahlo-il-film-evento-nei-cinema-dal-22-al-24-novembre\/","name":"Frida Kahlo: il film evento nei cinema dal 22 al 24 novembre - Casting News Magazine","isPartOf":{"@id":"https:\/\/www.castingnews.eu\/magazine\/#website"},"primaryImageOfPage":{"@id":"https:\/\/www.castingnews.eu\/magazine\/2021\/11\/19\/frida-kahlo-il-film-evento-nei-cinema-dal-22-al-24-novembre\/#primaryimage"},"image":{"@id":"https:\/\/www.castingnews.eu\/magazine\/2021\/11\/19\/frida-kahlo-il-film-evento-nei-cinema-dal-22-al-24-novembre\/#primaryimage"},"thumbnailUrl":"https:\/\/www.castingnews.eu\/magazine\/wp-content\/uploads\/2021\/11\/Frida-Kahlo-The-Two-Fridas-1939-EXHIBITION-ON-SCREEN.jpeg","datePublished":"2021-11-19T12:04:31+00:00","dateModified":"2021-11-19T12:04:36+00:00","author":{"@id":"https:\/\/www.castingnews.eu\/magazine\/#\/schema\/person\/099d71c568c9a7e5e4037b1594108f17"},"breadcrumb":{"@id":"https:\/\/www.castingnews.eu\/magazine\/2021\/11\/19\/frida-kahlo-il-film-evento-nei-cinema-dal-22-al-24-novembre\/#breadcrumb"},"inLanguage":"it-IT","potentialAction":[{"@type":"ReadAction","target":["https:\/\/www.castingnews.eu\/magazine\/2021\/11\/19\/frida-kahlo-il-film-evento-nei-cinema-dal-22-al-24-novembre\/"]}]},{"@type":"ImageObject","inLanguage":"it-IT","@id":"https:\/\/www.castingnews.eu\/magazine\/2021\/11\/19\/frida-kahlo-il-film-evento-nei-cinema-dal-22-al-24-novembre\/#primaryimage","url":"https:\/\/www.castingnews.eu\/magazine\/wp-content\/uploads\/2021\/11\/Frida-Kahlo-The-Two-Fridas-1939-EXHIBITION-ON-SCREEN.jpeg","contentUrl":"https:\/\/www.castingnews.eu\/magazine\/wp-content\/uploads\/2021\/11\/Frida-Kahlo-The-Two-Fridas-1939-EXHIBITION-ON-SCREEN.jpeg","width":1200,"height":900,"caption":"Frida Kahlo, The Two Fridas, 1939 \u00a9 EXHIBITION ON SCREEN"},{"@type":"BreadcrumbList","@id":"https:\/\/www.castingnews.eu\/magazine\/2021\/11\/19\/frida-kahlo-il-film-evento-nei-cinema-dal-22-al-24-novembre\/#breadcrumb","itemListElement":[{"@type":"ListItem","position":1,"name":"Home","item":"https:\/\/www.castingnews.eu\/magazine\/"},{"@type":"ListItem","position":2,"name":"Frida Kahlo: il film evento nei cinema dal 22 al 24 novembre"}]},{"@type":"WebSite","@id":"https:\/\/www.castingnews.eu\/magazine\/#website","url":"https:\/\/www.castingnews.eu\/magazine\/","name":"Casting News Magazine","description":"News e aggiornamenti sui film, serie tv, teatro e festival italiani ed internazionali","potentialAction":[{"@type":"SearchAction","target":{"@type":"EntryPoint","urlTemplate":"https:\/\/www.castingnews.eu\/magazine\/?s={search_term_string}"},"query-input":{"@type":"PropertyValueSpecification","valueRequired":true,"valueName":"search_term_string"}}],"inLanguage":"it-IT"},{"@type":"Person","@id":"https:\/\/www.castingnews.eu\/magazine\/#\/schema\/person\/099d71c568c9a7e5e4037b1594108f17","name":"Redazione","image":{"@type":"ImageObject","inLanguage":"it-IT","@id":"https:\/\/secure.gravatar.com\/avatar\/b73a087aa3bd279fb70d24f1960a91c82cf67619395b60b564c90e9e5d5325fc?s=96&d=mm&r=g","url":"https:\/\/secure.gravatar.com\/avatar\/b73a087aa3bd279fb70d24f1960a91c82cf67619395b60b564c90e9e5d5325fc?s=96&d=mm&r=g","contentUrl":"https:\/\/secure.gravatar.com\/avatar\/b73a087aa3bd279fb70d24f1960a91c82cf67619395b60b564c90e9e5d5325fc?s=96&d=mm&r=g","caption":"Redazione"},"description":"News e aggiornamenti sui film, serie tv, teatro e festival italiani ed internazionali.","url":"https:\/\/www.castingnews.eu\/magazine\/author\/redazione\/"}]}},"_links":{"self":[{"href":"https:\/\/www.castingnews.eu\/magazine\/wp-json\/wp\/v2\/posts\/3756","targetHints":{"allow":["GET"]}}],"collection":[{"href":"https:\/\/www.castingnews.eu\/magazine\/wp-json\/wp\/v2\/posts"}],"about":[{"href":"https:\/\/www.castingnews.eu\/magazine\/wp-json\/wp\/v2\/types\/post"}],"author":[{"embeddable":true,"href":"https:\/\/www.castingnews.eu\/magazine\/wp-json\/wp\/v2\/users\/1"}],"replies":[{"embeddable":true,"href":"https:\/\/www.castingnews.eu\/magazine\/wp-json\/wp\/v2\/comments?post=3756"}],"version-history":[{"count":1,"href":"https:\/\/www.castingnews.eu\/magazine\/wp-json\/wp\/v2\/posts\/3756\/revisions"}],"predecessor-version":[{"id":3762,"href":"https:\/\/www.castingnews.eu\/magazine\/wp-json\/wp\/v2\/posts\/3756\/revisions\/3762"}],"wp:featuredmedia":[{"embeddable":true,"href":"https:\/\/www.castingnews.eu\/magazine\/wp-json\/wp\/v2\/media\/3761"}],"wp:attachment":[{"href":"https:\/\/www.castingnews.eu\/magazine\/wp-json\/wp\/v2\/media?parent=3756"}],"wp:term":[{"taxonomy":"category","embeddable":true,"href":"https:\/\/www.castingnews.eu\/magazine\/wp-json\/wp\/v2\/categories?post=3756"},{"taxonomy":"post_tag","embeddable":true,"href":"https:\/\/www.castingnews.eu\/magazine\/wp-json\/wp\/v2\/tags?post=3756"}],"curies":[{"name":"wp","href":"https:\/\/api.w.org\/{rel}","templated":true}]}}