{"id":299,"date":"2009-08-03T16:58:50","date_gmt":"2009-08-03T15:58:50","guid":{"rendered":"http:\/\/www.film-movie.eu\/?p=299"},"modified":"2009-08-03T16:58:50","modified_gmt":"2009-08-03T15:58:50","slug":"festival-clusone-2009-settimana-in-musica","status":"publish","type":"post","link":"https:\/\/www.castingnews.eu\/magazine\/2009\/08\/03\/festival-clusone-2009-settimana-in-musica\/","title":{"rendered":"FESTIVAL Clusone 2009 \u2013 Settimana in Musica"},"content":{"rendered":"<h3>\u00a0<span style=\"font-size: 1.17em; text-align: justify;\">FESTIVAL Clusone 2009 \u2013 Settimana in musica \u00e8 un\u2019iniziativa realizzata da LaRiS \u2013 Progetti Musicali<\/span><\/h3>\n<p style=\"text-align: justify;\">Mercoled\u00ec 5 Agosto il via ufficiale &#8211;\u00a0Il concerto di Mercoled\u00ec 5 Agosto alle ore 21, nel giardino del Museo Arte Tempo di Clusone (Bergamo) con musiche di Ciaikovsky-Rachmaninov, Ravel e Gershwin dar\u00e0 il via ufficiale alla Terza Edizione del Festival Settimana in Musica \u2013 Clusone 2009, ideato e realizzato da LaRiS \u2013 Progetti Musicali.<br \/>\nDopo il successo ottenuto dalle prime due edizioni, che hanno raccolto attorno alle manifestazioni musicali migliaia di presenze, il nuovo progetto \u00e8 quello di un Festival che muove i passi a partire dagli aspetti meglio riusciti degli scorsi anni ed ai quali il pubblico \u00e8 pi\u00f9 legato, e che al contempo si arricchisce di nuovi contenuti e si contraddistingue quindi per la molteplicit\u00e0 di proposte artistiche.<\/p><div class=\"6d3639e8c6ac292cde400fad8ff8a5b9\" data-index=\"1\" style=\"float: none; margin:10px 0 10px 0; text-align:center;\">\n<script async src=\"\/\/pagead2.googlesyndication.com\/pagead\/js\/adsbygoogle.js\"><\/script>\r\n<!-- Casting Bambini NEW -->\r\n<ins class=\"adsbygoogle\"\r\n     style=\"display:inline-block;width:336px;height:280px\"\r\n     data-ad-client=\"ca-pub-5538097485429833\"\r\n     data-ad-slot=\"5127154445\"><\/ins>\r\n<script>\r\n(adsbygoogle = window.adsbygoogle || []).push({});\r\n<\/script>\n<\/div>\n\n<p style=\"text-align: justify;\">Anche quest\u2019anno la Settimana in Musica presenta un ricco e variegato calendario di concerti serali, come di consueto alternati agli aperitivi musicali pomeridiani, che permetter\u00e0 al pubblico di ritrovare delle presenze gi\u00e0 conosciute (come il LaRiS Opera Ensemble, l\u2019organista Stefano Aldeghi e i pianisti Giulio Ruzza, Danilo Lorenzini ed Alessandro Palumbo) a fianco di nuovi musicisti, che approdano per la prima volta al Festival: i pianisti Luca Ciammarughi e Thomas Schwan, il duo jazz Donatella Amalia Lorenzini (canto) &#8211; Marco Ilari (chitarra) ed il tenore Emanuel Vitolano.<br \/>\nAltra ricorrenza importante sar\u00e0 l\u2019inaugurazione della mostra del pittore Martin Cambriglia, responsabile degli aspetti grafici, scenografici e di immagine del LaRiS, che si aprir\u00e0 Gioved\u00ec 6 Agosto, durante il concerto serale, all\u2019interno degli spazi del MAT \u2013 Museo Arte Tempo.<\/p>\n<p style=\"text-align: justify;\">Novit\u00e0 assoluta del Festival \u00e8 la proposta della Commedia musicale in prima esecuzione assoluta: Playboy, ovvero: Ma che cosa \u00e8 questo amore? di Danilo Lorenzini, un brillante atto unico liberamente tratto da un racconto di Isaac Asimov. L\u2019esecuzione \u00e8 a cura del LaRiS Opera Ensemble, una formazione di cantanti e strumentisti che si pone l\u2019obiettivo di restituire alla pratica dell\u2019esecuzione i capolavori del teatro musicale da camera: Serena Cucchi nel ruolo di Marge, Dario Battaglia in quello di Charlie, Emanuel Vitolano nell\u2019alieno Botax e Gabriele Sagona nei panni del comandante Garm. Scene e costumi di Martin Cambriglia, regia di Claudio Beccari.<\/p>\n<p style=\"text-align: justify;\">FESTIVAL Clusone 2009 \u2013 Settimana in musica \u00e8 un\u2019iniziativa realizzata da LaRiS \u2013 Progetti Musicali con il sostegno del Comune di Clusone &#8211; Assessorato alla cultura e della TurismoProClusone e col patrocinio del MAT \u2013 Museo Arte Tempo e di Radio Classica. Media partner dell\u2019evento \u00e8 L\u2019Eco di Bergamo. L\u2019iniziativa fa parte del calendario degli eventi della quarta edizione del Festival di Temponautica.<\/p>\n<p style=\"text-align: justify;\">Direzione artistica e organizzazione generale Danilo Lorenzini e Marco Seco, direzione grafica Martin Cambriglia, ufficio stampa Marta Savoldelli.<\/p>\n<p style=\"text-align: justify;\">L\u2019ingresso \u00e8 libero e gratuito a tutti gli spettacoli<\/p>\n\n<div style=\"font-size: 0px; height: 0px; line-height: 0px; margin: 0; padding: 0; clear: both;\"><\/div>","protected":false},"excerpt":{"rendered":"<p>\u00a0FESTIVAL Clusone 2009 \u2013 Settimana in musica \u00e8 un\u2019iniziativa realizzata da LaRiS \u2013 Progetti Musicali Mercoled\u00ec 5 Agosto il via ufficiale &#8211;\u00a0Il concerto di Mercoled\u00ec 5 Agosto alle ore 21, nel giardino del Museo Arte Tempo di Clusone (Bergamo) con musiche di Ciaikovsky-Rachmaninov, Ravel e Gershwin dar\u00e0 il via ufficiale alla Terza Edizione del Festival [&hellip;]<\/p>\n","protected":false},"author":1,"featured_media":300,"comment_status":"open","ping_status":"open","sticky":false,"template":"","format":"standard","meta":{"tdm_status":"","tdm_grid_status":"","footnotes":""},"categories":[71],"tags":[],"class_list":{"0":"post-299","1":"post","2":"type-post","3":"status-publish","4":"format-standard","5":"has-post-thumbnail","7":"category-italia-paese"},"yoast_head":"<!-- This site is optimized with the Yoast SEO plugin v27.4 - https:\/\/yoast.com\/product\/yoast-seo-wordpress\/ -->\r\n<title>FESTIVAL Clusone 2009 \u2013 Settimana in Musica - Casting News Magazine<\/title>\r\n<meta name=\"robots\" content=\"index, follow, max-snippet:-1, max-image-preview:large, max-video-preview:-1\" \/>\r\n<link rel=\"canonical\" href=\"https:\/\/www.castingnews.eu\/magazine\/2009\/08\/03\/festival-clusone-2009-settimana-in-musica\/\" \/>\r\n<meta property=\"og:locale\" content=\"it_IT\" \/>\r\n<meta property=\"og:type\" content=\"article\" \/>\r\n<meta property=\"og:title\" content=\"FESTIVAL Clusone 2009 \u2013 Settimana in Musica - Casting News Magazine\" \/>\r\n<meta property=\"og:description\" content=\"\u00a0FESTIVAL Clusone 2009 \u2013 Settimana in musica \u00e8 un\u2019iniziativa realizzata da LaRiS \u2013 Progetti Musicali Mercoled\u00ec 5 Agosto il via ufficiale &#8211;\u00a0Il concerto di Mercoled\u00ec 5 Agosto alle ore 21, nel giardino del Museo Arte Tempo di Clusone (Bergamo) con musiche di Ciaikovsky-Rachmaninov, Ravel e Gershwin dar\u00e0 il via ufficiale alla Terza Edizione del Festival [&hellip;]\" \/>\r\n<meta property=\"og:url\" content=\"https:\/\/www.castingnews.eu\/magazine\/2009\/08\/03\/festival-clusone-2009-settimana-in-musica\/\" \/>\r\n<meta property=\"og:site_name\" content=\"Casting News Magazine\" \/>\r\n<meta property=\"article:published_time\" content=\"2009-08-03T15:58:50+00:00\" \/>\r\n<meta property=\"og:image\" content=\"https:\/\/www.castingnews.eu\/magazine\/wp-content\/uploads\/2009\/08\/FESTIVAL-Clusone-2009-1.jpg\" \/>\r\n\t<meta property=\"og:image:width\" content=\"300\" \/>\r\n\t<meta property=\"og:image:height\" content=\"435\" \/>\r\n\t<meta property=\"og:image:type\" content=\"image\/jpeg\" \/>\r\n<meta name=\"author\" content=\"Redazione\" \/>\r\n<meta name=\"twitter:card\" content=\"summary_large_image\" \/>\r\n<meta name=\"twitter:label1\" content=\"Scritto da\" \/>\n\t<meta name=\"twitter:data1\" content=\"Redazione\" \/>\n\t<meta name=\"twitter:label2\" content=\"Tempo di lettura stimato\" \/>\n\t<meta name=\"twitter:data2\" content=\"2 minuti\" \/>\r\n<script type=\"application\/ld+json\" class=\"yoast-schema-graph\">{\"@context\":\"https:\\\/\\\/schema.org\",\"@graph\":[{\"@type\":\"Article\",\"@id\":\"https:\\\/\\\/www.castingnews.eu\\\/magazine\\\/2009\\\/08\\\/03\\\/festival-clusone-2009-settimana-in-musica\\\/#article\",\"isPartOf\":{\"@id\":\"https:\\\/\\\/www.castingnews.eu\\\/magazine\\\/2009\\\/08\\\/03\\\/festival-clusone-2009-settimana-in-musica\\\/\"},\"author\":{\"name\":\"Redazione\",\"@id\":\"https:\\\/\\\/www.castingnews.eu\\\/magazine\\\/#\\\/schema\\\/person\\\/099d71c568c9a7e5e4037b1594108f17\"},\"headline\":\"FESTIVAL Clusone 2009 \u2013 Settimana in Musica\",\"datePublished\":\"2009-08-03T15:58:50+00:00\",\"mainEntityOfPage\":{\"@id\":\"https:\\\/\\\/www.castingnews.eu\\\/magazine\\\/2009\\\/08\\\/03\\\/festival-clusone-2009-settimana-in-musica\\\/\"},\"wordCount\":449,\"commentCount\":0,\"image\":{\"@id\":\"https:\\\/\\\/www.castingnews.eu\\\/magazine\\\/2009\\\/08\\\/03\\\/festival-clusone-2009-settimana-in-musica\\\/#primaryimage\"},\"thumbnailUrl\":\"https:\\\/\\\/www.castingnews.eu\\\/magazine\\\/wp-content\\\/uploads\\\/2009\\\/08\\\/FESTIVAL-Clusone-2009-1.jpg\",\"articleSection\":[\"Italia\"],\"inLanguage\":\"it-IT\",\"potentialAction\":[{\"@type\":\"CommentAction\",\"name\":\"Comment\",\"target\":[\"https:\\\/\\\/www.castingnews.eu\\\/magazine\\\/2009\\\/08\\\/03\\\/festival-clusone-2009-settimana-in-musica\\\/#respond\"]}]},{\"@type\":\"WebPage\",\"@id\":\"https:\\\/\\\/www.castingnews.eu\\\/magazine\\\/2009\\\/08\\\/03\\\/festival-clusone-2009-settimana-in-musica\\\/\",\"url\":\"https:\\\/\\\/www.castingnews.eu\\\/magazine\\\/2009\\\/08\\\/03\\\/festival-clusone-2009-settimana-in-musica\\\/\",\"name\":\"FESTIVAL Clusone 2009 \u2013 Settimana in Musica - Casting News Magazine\",\"isPartOf\":{\"@id\":\"https:\\\/\\\/www.castingnews.eu\\\/magazine\\\/#website\"},\"primaryImageOfPage\":{\"@id\":\"https:\\\/\\\/www.castingnews.eu\\\/magazine\\\/2009\\\/08\\\/03\\\/festival-clusone-2009-settimana-in-musica\\\/#primaryimage\"},\"image\":{\"@id\":\"https:\\\/\\\/www.castingnews.eu\\\/magazine\\\/2009\\\/08\\\/03\\\/festival-clusone-2009-settimana-in-musica\\\/#primaryimage\"},\"thumbnailUrl\":\"https:\\\/\\\/www.castingnews.eu\\\/magazine\\\/wp-content\\\/uploads\\\/2009\\\/08\\\/FESTIVAL-Clusone-2009-1.jpg\",\"datePublished\":\"2009-08-03T15:58:50+00:00\",\"author\":{\"@id\":\"https:\\\/\\\/www.castingnews.eu\\\/magazine\\\/#\\\/schema\\\/person\\\/099d71c568c9a7e5e4037b1594108f17\"},\"breadcrumb\":{\"@id\":\"https:\\\/\\\/www.castingnews.eu\\\/magazine\\\/2009\\\/08\\\/03\\\/festival-clusone-2009-settimana-in-musica\\\/#breadcrumb\"},\"inLanguage\":\"it-IT\",\"potentialAction\":[{\"@type\":\"ReadAction\",\"target\":[\"https:\\\/\\\/www.castingnews.eu\\\/magazine\\\/2009\\\/08\\\/03\\\/festival-clusone-2009-settimana-in-musica\\\/\"]}]},{\"@type\":\"ImageObject\",\"inLanguage\":\"it-IT\",\"@id\":\"https:\\\/\\\/www.castingnews.eu\\\/magazine\\\/2009\\\/08\\\/03\\\/festival-clusone-2009-settimana-in-musica\\\/#primaryimage\",\"url\":\"https:\\\/\\\/www.castingnews.eu\\\/magazine\\\/wp-content\\\/uploads\\\/2009\\\/08\\\/FESTIVAL-Clusone-2009-1.jpg\",\"contentUrl\":\"https:\\\/\\\/www.castingnews.eu\\\/magazine\\\/wp-content\\\/uploads\\\/2009\\\/08\\\/FESTIVAL-Clusone-2009-1.jpg\",\"width\":300,\"height\":435},{\"@type\":\"BreadcrumbList\",\"@id\":\"https:\\\/\\\/www.castingnews.eu\\\/magazine\\\/2009\\\/08\\\/03\\\/festival-clusone-2009-settimana-in-musica\\\/#breadcrumb\",\"itemListElement\":[{\"@type\":\"ListItem\",\"position\":1,\"name\":\"Home\",\"item\":\"https:\\\/\\\/www.castingnews.eu\\\/magazine\\\/\"},{\"@type\":\"ListItem\",\"position\":2,\"name\":\"FESTIVAL Clusone 2009 \u2013 Settimana in Musica\"}]},{\"@type\":\"WebSite\",\"@id\":\"https:\\\/\\\/www.castingnews.eu\\\/magazine\\\/#website\",\"url\":\"https:\\\/\\\/www.castingnews.eu\\\/magazine\\\/\",\"name\":\"Casting News Magazine\",\"description\":\"News e aggiornamenti sui film, serie tv, teatro e festival italiani ed internazionali\",\"potentialAction\":[{\"@type\":\"SearchAction\",\"target\":{\"@type\":\"EntryPoint\",\"urlTemplate\":\"https:\\\/\\\/www.castingnews.eu\\\/magazine\\\/?s={search_term_string}\"},\"query-input\":{\"@type\":\"PropertyValueSpecification\",\"valueRequired\":true,\"valueName\":\"search_term_string\"}}],\"inLanguage\":\"it-IT\"},{\"@type\":\"Person\",\"@id\":\"https:\\\/\\\/www.castingnews.eu\\\/magazine\\\/#\\\/schema\\\/person\\\/099d71c568c9a7e5e4037b1594108f17\",\"name\":\"Redazione\",\"image\":{\"@type\":\"ImageObject\",\"inLanguage\":\"it-IT\",\"@id\":\"https:\\\/\\\/secure.gravatar.com\\\/avatar\\\/b73a087aa3bd279fb70d24f1960a91c82cf67619395b60b564c90e9e5d5325fc?s=96&d=mm&r=g\",\"url\":\"https:\\\/\\\/secure.gravatar.com\\\/avatar\\\/b73a087aa3bd279fb70d24f1960a91c82cf67619395b60b564c90e9e5d5325fc?s=96&d=mm&r=g\",\"contentUrl\":\"https:\\\/\\\/secure.gravatar.com\\\/avatar\\\/b73a087aa3bd279fb70d24f1960a91c82cf67619395b60b564c90e9e5d5325fc?s=96&d=mm&r=g\",\"caption\":\"Redazione\"},\"description\":\"News e aggiornamenti sui film, serie tv, teatro e festival italiani ed internazionali.\",\"url\":\"https:\\\/\\\/www.castingnews.eu\\\/magazine\\\/author\\\/redazione\\\/\"}]}<\/script>\r\n<!-- \/ Yoast SEO plugin. -->","yoast_head_json":{"title":"FESTIVAL Clusone 2009 \u2013 Settimana in Musica - Casting News Magazine","robots":{"index":"index","follow":"follow","max-snippet":"max-snippet:-1","max-image-preview":"max-image-preview:large","max-video-preview":"max-video-preview:-1"},"canonical":"https:\/\/www.castingnews.eu\/magazine\/2009\/08\/03\/festival-clusone-2009-settimana-in-musica\/","og_locale":"it_IT","og_type":"article","og_title":"FESTIVAL Clusone 2009 \u2013 Settimana in Musica - Casting News Magazine","og_description":"\u00a0FESTIVAL Clusone 2009 \u2013 Settimana in musica \u00e8 un\u2019iniziativa realizzata da LaRiS \u2013 Progetti Musicali Mercoled\u00ec 5 Agosto il via ufficiale &#8211;\u00a0Il concerto di Mercoled\u00ec 5 Agosto alle ore 21, nel giardino del Museo Arte Tempo di Clusone (Bergamo) con musiche di Ciaikovsky-Rachmaninov, Ravel e Gershwin dar\u00e0 il via ufficiale alla Terza Edizione del Festival [&hellip;]","og_url":"https:\/\/www.castingnews.eu\/magazine\/2009\/08\/03\/festival-clusone-2009-settimana-in-musica\/","og_site_name":"Casting News Magazine","article_published_time":"2009-08-03T15:58:50+00:00","og_image":[{"width":300,"height":435,"url":"https:\/\/www.castingnews.eu\/magazine\/wp-content\/uploads\/2009\/08\/FESTIVAL-Clusone-2009-1.jpg","type":"image\/jpeg"}],"author":"Redazione","twitter_card":"summary_large_image","twitter_misc":{"Scritto da":"Redazione","Tempo di lettura stimato":"2 minuti"},"schema":{"@context":"https:\/\/schema.org","@graph":[{"@type":"Article","@id":"https:\/\/www.castingnews.eu\/magazine\/2009\/08\/03\/festival-clusone-2009-settimana-in-musica\/#article","isPartOf":{"@id":"https:\/\/www.castingnews.eu\/magazine\/2009\/08\/03\/festival-clusone-2009-settimana-in-musica\/"},"author":{"name":"Redazione","@id":"https:\/\/www.castingnews.eu\/magazine\/#\/schema\/person\/099d71c568c9a7e5e4037b1594108f17"},"headline":"FESTIVAL Clusone 2009 \u2013 Settimana in Musica","datePublished":"2009-08-03T15:58:50+00:00","mainEntityOfPage":{"@id":"https:\/\/www.castingnews.eu\/magazine\/2009\/08\/03\/festival-clusone-2009-settimana-in-musica\/"},"wordCount":449,"commentCount":0,"image":{"@id":"https:\/\/www.castingnews.eu\/magazine\/2009\/08\/03\/festival-clusone-2009-settimana-in-musica\/#primaryimage"},"thumbnailUrl":"https:\/\/www.castingnews.eu\/magazine\/wp-content\/uploads\/2009\/08\/FESTIVAL-Clusone-2009-1.jpg","articleSection":["Italia"],"inLanguage":"it-IT","potentialAction":[{"@type":"CommentAction","name":"Comment","target":["https:\/\/www.castingnews.eu\/magazine\/2009\/08\/03\/festival-clusone-2009-settimana-in-musica\/#respond"]}]},{"@type":"WebPage","@id":"https:\/\/www.castingnews.eu\/magazine\/2009\/08\/03\/festival-clusone-2009-settimana-in-musica\/","url":"https:\/\/www.castingnews.eu\/magazine\/2009\/08\/03\/festival-clusone-2009-settimana-in-musica\/","name":"FESTIVAL Clusone 2009 \u2013 Settimana in Musica - Casting News Magazine","isPartOf":{"@id":"https:\/\/www.castingnews.eu\/magazine\/#website"},"primaryImageOfPage":{"@id":"https:\/\/www.castingnews.eu\/magazine\/2009\/08\/03\/festival-clusone-2009-settimana-in-musica\/#primaryimage"},"image":{"@id":"https:\/\/www.castingnews.eu\/magazine\/2009\/08\/03\/festival-clusone-2009-settimana-in-musica\/#primaryimage"},"thumbnailUrl":"https:\/\/www.castingnews.eu\/magazine\/wp-content\/uploads\/2009\/08\/FESTIVAL-Clusone-2009-1.jpg","datePublished":"2009-08-03T15:58:50+00:00","author":{"@id":"https:\/\/www.castingnews.eu\/magazine\/#\/schema\/person\/099d71c568c9a7e5e4037b1594108f17"},"breadcrumb":{"@id":"https:\/\/www.castingnews.eu\/magazine\/2009\/08\/03\/festival-clusone-2009-settimana-in-musica\/#breadcrumb"},"inLanguage":"it-IT","potentialAction":[{"@type":"ReadAction","target":["https:\/\/www.castingnews.eu\/magazine\/2009\/08\/03\/festival-clusone-2009-settimana-in-musica\/"]}]},{"@type":"ImageObject","inLanguage":"it-IT","@id":"https:\/\/www.castingnews.eu\/magazine\/2009\/08\/03\/festival-clusone-2009-settimana-in-musica\/#primaryimage","url":"https:\/\/www.castingnews.eu\/magazine\/wp-content\/uploads\/2009\/08\/FESTIVAL-Clusone-2009-1.jpg","contentUrl":"https:\/\/www.castingnews.eu\/magazine\/wp-content\/uploads\/2009\/08\/FESTIVAL-Clusone-2009-1.jpg","width":300,"height":435},{"@type":"BreadcrumbList","@id":"https:\/\/www.castingnews.eu\/magazine\/2009\/08\/03\/festival-clusone-2009-settimana-in-musica\/#breadcrumb","itemListElement":[{"@type":"ListItem","position":1,"name":"Home","item":"https:\/\/www.castingnews.eu\/magazine\/"},{"@type":"ListItem","position":2,"name":"FESTIVAL Clusone 2009 \u2013 Settimana in Musica"}]},{"@type":"WebSite","@id":"https:\/\/www.castingnews.eu\/magazine\/#website","url":"https:\/\/www.castingnews.eu\/magazine\/","name":"Casting News Magazine","description":"News e aggiornamenti sui film, serie tv, teatro e festival italiani ed internazionali","potentialAction":[{"@type":"SearchAction","target":{"@type":"EntryPoint","urlTemplate":"https:\/\/www.castingnews.eu\/magazine\/?s={search_term_string}"},"query-input":{"@type":"PropertyValueSpecification","valueRequired":true,"valueName":"search_term_string"}}],"inLanguage":"it-IT"},{"@type":"Person","@id":"https:\/\/www.castingnews.eu\/magazine\/#\/schema\/person\/099d71c568c9a7e5e4037b1594108f17","name":"Redazione","image":{"@type":"ImageObject","inLanguage":"it-IT","@id":"https:\/\/secure.gravatar.com\/avatar\/b73a087aa3bd279fb70d24f1960a91c82cf67619395b60b564c90e9e5d5325fc?s=96&d=mm&r=g","url":"https:\/\/secure.gravatar.com\/avatar\/b73a087aa3bd279fb70d24f1960a91c82cf67619395b60b564c90e9e5d5325fc?s=96&d=mm&r=g","contentUrl":"https:\/\/secure.gravatar.com\/avatar\/b73a087aa3bd279fb70d24f1960a91c82cf67619395b60b564c90e9e5d5325fc?s=96&d=mm&r=g","caption":"Redazione"},"description":"News e aggiornamenti sui film, serie tv, teatro e festival italiani ed internazionali.","url":"https:\/\/www.castingnews.eu\/magazine\/author\/redazione\/"}]}},"_links":{"self":[{"href":"https:\/\/www.castingnews.eu\/magazine\/wp-json\/wp\/v2\/posts\/299","targetHints":{"allow":["GET"]}}],"collection":[{"href":"https:\/\/www.castingnews.eu\/magazine\/wp-json\/wp\/v2\/posts"}],"about":[{"href":"https:\/\/www.castingnews.eu\/magazine\/wp-json\/wp\/v2\/types\/post"}],"author":[{"embeddable":true,"href":"https:\/\/www.castingnews.eu\/magazine\/wp-json\/wp\/v2\/users\/1"}],"replies":[{"embeddable":true,"href":"https:\/\/www.castingnews.eu\/magazine\/wp-json\/wp\/v2\/comments?post=299"}],"version-history":[{"count":0,"href":"https:\/\/www.castingnews.eu\/magazine\/wp-json\/wp\/v2\/posts\/299\/revisions"}],"wp:featuredmedia":[{"embeddable":true,"href":"https:\/\/www.castingnews.eu\/magazine\/wp-json\/wp\/v2\/media\/300"}],"wp:attachment":[{"href":"https:\/\/www.castingnews.eu\/magazine\/wp-json\/wp\/v2\/media?parent=299"}],"wp:term":[{"taxonomy":"category","embeddable":true,"href":"https:\/\/www.castingnews.eu\/magazine\/wp-json\/wp\/v2\/categories?post=299"},{"taxonomy":"post_tag","embeddable":true,"href":"https:\/\/www.castingnews.eu\/magazine\/wp-json\/wp\/v2\/tags?post=299"}],"curies":[{"name":"wp","href":"https:\/\/api.w.org\/{rel}","templated":true}]}}