{"id":2858,"date":"2019-07-28T19:14:34","date_gmt":"2019-07-28T17:14:34","guid":{"rendered":"https:\/\/www.castingnews.eu\/magazine\/?p=2858"},"modified":"2019-07-28T19:14:39","modified_gmt":"2019-07-28T17:14:39","slug":"stefano-fresi-conquista-montefiascone-ad-est-film-festival","status":"publish","type":"post","link":"https:\/\/www.castingnews.eu\/magazine\/2019\/07\/28\/stefano-fresi-conquista-montefiascone-ad-est-film-festival\/","title":{"rendered":"Stefano Fresi conquista Montefiascone ad Est Film Festival"},"content":{"rendered":"\n<p><strong>L\u2019attore romano ha intrattenuto il pubblico del Festival in un incontro all\u2019insegna dell\u2019ironia.<\/strong><br> Montefiascone. <strong>Est Film Festival<\/strong> ormai da anni \u00e8 abituato a portare a Montefiascone grandi personaggi del mondo del cinema e anche con l\u2019ospite di questa sera non ha deluso.<strong> Stefano Fresi<\/strong>, uno degli attori pi\u00f9 famosi nel panorama cinematografico italiano ha regalato alla folta platea del Festival, raccolta straordinariamente al Cinema Gallery causa maltempo, una serata all\u2019insegna dell\u2019ironia che lo contraddistingue. L\u2019attore romano \u00e8 stato premiato dal Sindaco Massimo Paolini con <strong>l\u2019Arco di Platino<\/strong> &#8211;  Citt\u00e0 di Montefiascone per la sua straordinaria carriera. <\/p><div class=\"6d3639e8c6ac292cde400fad8ff8a5b9\" data-index=\"1\" style=\"float: none; margin:10px 0 10px 0; text-align:center;\">\n<script async src=\"\/\/pagead2.googlesyndication.com\/pagead\/js\/adsbygoogle.js\"><\/script>\r\n<!-- Casting Bambini NEW -->\r\n<ins class=\"adsbygoogle\"\r\n     style=\"display:inline-block;width:336px;height:280px\"\r\n     data-ad-client=\"ca-pub-5538097485429833\"\r\n     data-ad-slot=\"5127154445\"><\/ins>\r\n<script>\r\n(adsbygoogle = window.adsbygoogle || []).push({});\r\n<\/script>\n<\/div>\n\n\n\n\n<p>Il Sindaco Paolini, salito sul palco prima della premiazione, ha tenuto a ribadire la vicinanza della sua amministrazione al Festival del Cinema che \u201cda ormai 13 anni rappresenta un volano turistico e culturale per Montefiascone\u201d \u201cL\u2019Est Film Festival \u00e8 nato qui e deve rimanere\u201d. Il direttore Vaniel Maestosi ha ringraziato il sindaco rassicurando \u201cper me e Glauco questo festival \u00e8 come un figlio e non abbiamo alcuna intenzione di abbandonarlo. Se abbiamo allargato la nostra offerta culturale \u00e8 proprio che creare un circuito che permetta ad Est Film Festival di resistere e di tornare a livelli sempre pi\u00f9 alti.\u201d \u201cStimo molto il sindaco e so che si impegna molto per il nostro progetto.\u201d ha dichiarato Maestosi.<\/p>\n\n\n\n<p>Stefano Fresi non ha tradito le aspettative del pubblico e si \u00e8 concesso in una lunga intervista. Accompagnato dai due direttori del festival, Fresi ha ripercorso tutta la sua carriera tra racconti e aneddoti che hanno divertito la sala. Dagli esordi in teatro fino al grande schermo \u201cnon riesco ad abbandonare il teatro, devo almeno una volta all\u2019anno esibirmi in uno spettacolo, adoro cambiare pubblico ogni sera e percepire dal palco le sensazioni e le reazioni degli spettatori.\u201d Fresi, che nella sua carriera ha recitato in tantissime opere prime, ha spiegato \u201ccerco di scegliere i film che mi emozionano e mi divertono, cerco copioni non scontati. Lavorare coi giovani registi mi permette di sperimentare.\u201d A conclusione dell\u2019incontro l\u2019attore e compositore romano si \u00e8 esibito, chitarra e voce, suonando e cantando una ninna nanna in romanesco che ha commosso i presenti. Subito dopo l\u2019incontro, il pubblico ha assistito alla proiezione de \u201cLa Casa di Famiglia\u201d opera prima di Augusto Fornari in cui Stefano Fresi \u00e8 uno dei protagonisti \u201cSono molto legato a questo film e ad Augusto, mi ha permesso di scoprire il mio amore per il teatro quando mi chiese di fare il pianista di scena in uno spettacolo teatrale diretto da Gigi Proietti. Fu una vera e propria scuola per me.\u201d ha dichiarato.<\/p>\n\n\n\n<p>Est Film Festival si concluder\u00e0 stasera 28 luglio alle 21.30 con la cerimonia di premiazione, il vincitore verr\u00e0 premiato con l\u2019Arco d\u2019Oro &#8211; Premio Creval e 1.000 euro. Ciascuno dei tre vincitori degli Archi d&#8217;Argento: Premio del Pubblico (Cantina di Montefiascone), Premio Giovani (Universit\u00e0 degli Studi della Tuscia) e Miglior Colonna Sonora (Terme dei Papi) ricever\u00e0 anche un premio di 500 euro.<br> Tutti gli eventi sono ad ingresso libero. In caso di maltempo, le proiezioni si svolgeranno al Cinema Gallery. <br> <a rel=\"noreferrer noopener\" aria-label=\"Il saluto di Stefano Fresi al pubblico di Est Film Festival (apre in una nuova scheda)\" href=\"https:\/\/www.facebook.com\/watch\/?v=2421842118139934\" target=\"_blank\"><strong>Il saluto di Stefano Fresi al pubblico di Est Film Festival<\/strong><\/a><br> Scarica il programma completo <a rel=\"noreferrer noopener\" aria-label=\"qui (apre in una nuova scheda)\" href=\"http:\/\/www.estfilmfestival.it\/media\/EFF2018-Programma.pdf\" target=\"_blank\"><strong>qui<\/strong><\/a><br> Maggiori info su <a rel=\"noreferrer noopener\" aria-label=\"www.estfilmfestival.it (apre in una nuova scheda)\" href=\"http:\/\/www.estfilmfestival.it\/\" target=\"_blank\"><strong>www.estfilmfestival.it<\/strong><\/a><\/p>\n\n<div style=\"font-size: 0px; height: 0px; line-height: 0px; margin: 0; padding: 0; clear: both;\"><\/div>","protected":false},"excerpt":{"rendered":"<p>L\u2019attore romano ha intrattenuto il pubblico del Festival in un incontro all\u2019insegna dell\u2019ironia. Montefiascone. Est Film Festival ormai da anni \u00e8 abituato a portare a Montefiascone grandi personaggi del mondo del cinema e anche con l\u2019ospite di questa sera non ha deluso. Stefano Fresi, uno degli attori pi\u00f9 famosi nel panorama cinematografico italiano ha regalato [&hellip;]<\/p>\n","protected":false},"author":1,"featured_media":2859,"comment_status":"open","ping_status":"open","sticky":false,"template":"","format":"standard","meta":{"tdm_status":"","tdm_grid_status":"","footnotes":""},"categories":[11,1533],"tags":[471,514,961,1674],"class_list":{"0":"post-2858","1":"post","2":"type-post","3":"status-publish","4":"format-standard","5":"has-post-thumbnail","7":"category-festival","8":"category-featured","9":"tag-est-film-festival","10":"tag-festival","11":"tag-montefiascone","12":"tag-stefano-fresi"},"yoast_head":"<!-- This site is optimized with the Yoast SEO plugin v27.4 - https:\/\/yoast.com\/product\/yoast-seo-wordpress\/ -->\r\n<title>Stefano Fresi conquista Montefiascone ad Est Film Festival - Casting News Magazine<\/title>\r\n<meta name=\"robots\" content=\"index, follow, max-snippet:-1, max-image-preview:large, max-video-preview:-1\" \/>\r\n<link rel=\"canonical\" href=\"https:\/\/www.castingnews.eu\/magazine\/2019\/07\/28\/stefano-fresi-conquista-montefiascone-ad-est-film-festival\/\" \/>\r\n<meta property=\"og:locale\" content=\"it_IT\" \/>\r\n<meta property=\"og:type\" content=\"article\" \/>\r\n<meta property=\"og:title\" content=\"Stefano Fresi conquista Montefiascone ad Est Film Festival - Casting News Magazine\" \/>\r\n<meta property=\"og:description\" content=\"L\u2019attore romano ha intrattenuto il pubblico del Festival in un incontro all\u2019insegna dell\u2019ironia. Montefiascone. Est Film Festival ormai da anni \u00e8 abituato a portare a Montefiascone grandi personaggi del mondo del cinema e anche con l\u2019ospite di questa sera non ha deluso. Stefano Fresi, uno degli attori pi\u00f9 famosi nel panorama cinematografico italiano ha regalato [&hellip;]\" \/>\r\n<meta property=\"og:url\" content=\"https:\/\/www.castingnews.eu\/magazine\/2019\/07\/28\/stefano-fresi-conquista-montefiascone-ad-est-film-festival\/\" \/>\r\n<meta property=\"og:site_name\" content=\"Casting News Magazine\" \/>\r\n<meta property=\"article:published_time\" content=\"2019-07-28T17:14:34+00:00\" \/>\r\n<meta property=\"article:modified_time\" content=\"2019-07-28T17:14:39+00:00\" \/>\r\n<meta property=\"og:image\" content=\"https:\/\/www.castingnews.eu\/magazine\/wp-content\/uploads\/2019\/07\/Stefano-Fresi-riceve-lArco-di-Platino-di-Est-Film-Festival.jpg\" \/>\r\n\t<meta property=\"og:image:width\" content=\"850\" \/>\r\n\t<meta property=\"og:image:height\" content=\"520\" \/>\r\n\t<meta property=\"og:image:type\" content=\"image\/jpeg\" \/>\r\n<meta name=\"author\" content=\"Redazione\" \/>\r\n<meta name=\"twitter:card\" content=\"summary_large_image\" \/>\r\n<meta name=\"twitter:label1\" content=\"Scritto da\" \/>\n\t<meta name=\"twitter:data1\" content=\"Redazione\" \/>\n\t<meta name=\"twitter:label2\" content=\"Tempo di lettura stimato\" \/>\n\t<meta name=\"twitter:data2\" content=\"3 minuti\" \/>\r\n<script type=\"application\/ld+json\" class=\"yoast-schema-graph\">{\"@context\":\"https:\\\/\\\/schema.org\",\"@graph\":[{\"@type\":\"Article\",\"@id\":\"https:\\\/\\\/www.castingnews.eu\\\/magazine\\\/2019\\\/07\\\/28\\\/stefano-fresi-conquista-montefiascone-ad-est-film-festival\\\/#article\",\"isPartOf\":{\"@id\":\"https:\\\/\\\/www.castingnews.eu\\\/magazine\\\/2019\\\/07\\\/28\\\/stefano-fresi-conquista-montefiascone-ad-est-film-festival\\\/\"},\"author\":{\"name\":\"Redazione\",\"@id\":\"https:\\\/\\\/www.castingnews.eu\\\/magazine\\\/#\\\/schema\\\/person\\\/099d71c568c9a7e5e4037b1594108f17\"},\"headline\":\"Stefano Fresi conquista Montefiascone ad Est Film Festival\",\"datePublished\":\"2019-07-28T17:14:34+00:00\",\"dateModified\":\"2019-07-28T17:14:39+00:00\",\"mainEntityOfPage\":{\"@id\":\"https:\\\/\\\/www.castingnews.eu\\\/magazine\\\/2019\\\/07\\\/28\\\/stefano-fresi-conquista-montefiascone-ad-est-film-festival\\\/\"},\"wordCount\":539,\"commentCount\":0,\"image\":{\"@id\":\"https:\\\/\\\/www.castingnews.eu\\\/magazine\\\/2019\\\/07\\\/28\\\/stefano-fresi-conquista-montefiascone-ad-est-film-festival\\\/#primaryimage\"},\"thumbnailUrl\":\"https:\\\/\\\/www.castingnews.eu\\\/magazine\\\/wp-content\\\/uploads\\\/2019\\\/07\\\/Stefano-Fresi-riceve-lArco-di-Platino-di-Est-Film-Festival.jpg\",\"keywords\":[\"Est Film Festival\",\"Festival\",\"Montefiascone\",\"Stefano Fresi\"],\"articleSection\":[\"Festival\",\"In primo piano\"],\"inLanguage\":\"it-IT\",\"potentialAction\":[{\"@type\":\"CommentAction\",\"name\":\"Comment\",\"target\":[\"https:\\\/\\\/www.castingnews.eu\\\/magazine\\\/2019\\\/07\\\/28\\\/stefano-fresi-conquista-montefiascone-ad-est-film-festival\\\/#respond\"]}]},{\"@type\":\"WebPage\",\"@id\":\"https:\\\/\\\/www.castingnews.eu\\\/magazine\\\/2019\\\/07\\\/28\\\/stefano-fresi-conquista-montefiascone-ad-est-film-festival\\\/\",\"url\":\"https:\\\/\\\/www.castingnews.eu\\\/magazine\\\/2019\\\/07\\\/28\\\/stefano-fresi-conquista-montefiascone-ad-est-film-festival\\\/\",\"name\":\"Stefano Fresi conquista Montefiascone ad Est Film Festival - Casting News Magazine\",\"isPartOf\":{\"@id\":\"https:\\\/\\\/www.castingnews.eu\\\/magazine\\\/#website\"},\"primaryImageOfPage\":{\"@id\":\"https:\\\/\\\/www.castingnews.eu\\\/magazine\\\/2019\\\/07\\\/28\\\/stefano-fresi-conquista-montefiascone-ad-est-film-festival\\\/#primaryimage\"},\"image\":{\"@id\":\"https:\\\/\\\/www.castingnews.eu\\\/magazine\\\/2019\\\/07\\\/28\\\/stefano-fresi-conquista-montefiascone-ad-est-film-festival\\\/#primaryimage\"},\"thumbnailUrl\":\"https:\\\/\\\/www.castingnews.eu\\\/magazine\\\/wp-content\\\/uploads\\\/2019\\\/07\\\/Stefano-Fresi-riceve-lArco-di-Platino-di-Est-Film-Festival.jpg\",\"datePublished\":\"2019-07-28T17:14:34+00:00\",\"dateModified\":\"2019-07-28T17:14:39+00:00\",\"author\":{\"@id\":\"https:\\\/\\\/www.castingnews.eu\\\/magazine\\\/#\\\/schema\\\/person\\\/099d71c568c9a7e5e4037b1594108f17\"},\"breadcrumb\":{\"@id\":\"https:\\\/\\\/www.castingnews.eu\\\/magazine\\\/2019\\\/07\\\/28\\\/stefano-fresi-conquista-montefiascone-ad-est-film-festival\\\/#breadcrumb\"},\"inLanguage\":\"it-IT\",\"potentialAction\":[{\"@type\":\"ReadAction\",\"target\":[\"https:\\\/\\\/www.castingnews.eu\\\/magazine\\\/2019\\\/07\\\/28\\\/stefano-fresi-conquista-montefiascone-ad-est-film-festival\\\/\"]}]},{\"@type\":\"ImageObject\",\"inLanguage\":\"it-IT\",\"@id\":\"https:\\\/\\\/www.castingnews.eu\\\/magazine\\\/2019\\\/07\\\/28\\\/stefano-fresi-conquista-montefiascone-ad-est-film-festival\\\/#primaryimage\",\"url\":\"https:\\\/\\\/www.castingnews.eu\\\/magazine\\\/wp-content\\\/uploads\\\/2019\\\/07\\\/Stefano-Fresi-riceve-lArco-di-Platino-di-Est-Film-Festival.jpg\",\"contentUrl\":\"https:\\\/\\\/www.castingnews.eu\\\/magazine\\\/wp-content\\\/uploads\\\/2019\\\/07\\\/Stefano-Fresi-riceve-lArco-di-Platino-di-Est-Film-Festival.jpg\",\"width\":850,\"height\":520,\"caption\":\"Stefano Fresi riceve l'Arco di Platino di Est Film Festival\"},{\"@type\":\"BreadcrumbList\",\"@id\":\"https:\\\/\\\/www.castingnews.eu\\\/magazine\\\/2019\\\/07\\\/28\\\/stefano-fresi-conquista-montefiascone-ad-est-film-festival\\\/#breadcrumb\",\"itemListElement\":[{\"@type\":\"ListItem\",\"position\":1,\"name\":\"Home\",\"item\":\"https:\\\/\\\/www.castingnews.eu\\\/magazine\\\/\"},{\"@type\":\"ListItem\",\"position\":2,\"name\":\"Stefano Fresi conquista Montefiascone ad Est Film Festival\"}]},{\"@type\":\"WebSite\",\"@id\":\"https:\\\/\\\/www.castingnews.eu\\\/magazine\\\/#website\",\"url\":\"https:\\\/\\\/www.castingnews.eu\\\/magazine\\\/\",\"name\":\"Casting News Magazine\",\"description\":\"News e aggiornamenti sui film, serie tv, teatro e festival italiani ed internazionali\",\"potentialAction\":[{\"@type\":\"SearchAction\",\"target\":{\"@type\":\"EntryPoint\",\"urlTemplate\":\"https:\\\/\\\/www.castingnews.eu\\\/magazine\\\/?s={search_term_string}\"},\"query-input\":{\"@type\":\"PropertyValueSpecification\",\"valueRequired\":true,\"valueName\":\"search_term_string\"}}],\"inLanguage\":\"it-IT\"},{\"@type\":\"Person\",\"@id\":\"https:\\\/\\\/www.castingnews.eu\\\/magazine\\\/#\\\/schema\\\/person\\\/099d71c568c9a7e5e4037b1594108f17\",\"name\":\"Redazione\",\"image\":{\"@type\":\"ImageObject\",\"inLanguage\":\"it-IT\",\"@id\":\"https:\\\/\\\/secure.gravatar.com\\\/avatar\\\/b73a087aa3bd279fb70d24f1960a91c82cf67619395b60b564c90e9e5d5325fc?s=96&d=mm&r=g\",\"url\":\"https:\\\/\\\/secure.gravatar.com\\\/avatar\\\/b73a087aa3bd279fb70d24f1960a91c82cf67619395b60b564c90e9e5d5325fc?s=96&d=mm&r=g\",\"contentUrl\":\"https:\\\/\\\/secure.gravatar.com\\\/avatar\\\/b73a087aa3bd279fb70d24f1960a91c82cf67619395b60b564c90e9e5d5325fc?s=96&d=mm&r=g\",\"caption\":\"Redazione\"},\"description\":\"News e aggiornamenti sui film, serie tv, teatro e festival italiani ed internazionali.\",\"url\":\"https:\\\/\\\/www.castingnews.eu\\\/magazine\\\/author\\\/redazione\\\/\"}]}<\/script>\r\n<!-- \/ Yoast SEO plugin. -->","yoast_head_json":{"title":"Stefano Fresi conquista Montefiascone ad Est Film Festival - Casting News Magazine","robots":{"index":"index","follow":"follow","max-snippet":"max-snippet:-1","max-image-preview":"max-image-preview:large","max-video-preview":"max-video-preview:-1"},"canonical":"https:\/\/www.castingnews.eu\/magazine\/2019\/07\/28\/stefano-fresi-conquista-montefiascone-ad-est-film-festival\/","og_locale":"it_IT","og_type":"article","og_title":"Stefano Fresi conquista Montefiascone ad Est Film Festival - Casting News Magazine","og_description":"L\u2019attore romano ha intrattenuto il pubblico del Festival in un incontro all\u2019insegna dell\u2019ironia. Montefiascone. Est Film Festival ormai da anni \u00e8 abituato a portare a Montefiascone grandi personaggi del mondo del cinema e anche con l\u2019ospite di questa sera non ha deluso. Stefano Fresi, uno degli attori pi\u00f9 famosi nel panorama cinematografico italiano ha regalato [&hellip;]","og_url":"https:\/\/www.castingnews.eu\/magazine\/2019\/07\/28\/stefano-fresi-conquista-montefiascone-ad-est-film-festival\/","og_site_name":"Casting News Magazine","article_published_time":"2019-07-28T17:14:34+00:00","article_modified_time":"2019-07-28T17:14:39+00:00","og_image":[{"width":850,"height":520,"url":"https:\/\/www.castingnews.eu\/magazine\/wp-content\/uploads\/2019\/07\/Stefano-Fresi-riceve-lArco-di-Platino-di-Est-Film-Festival.jpg","type":"image\/jpeg"}],"author":"Redazione","twitter_card":"summary_large_image","twitter_misc":{"Scritto da":"Redazione","Tempo di lettura stimato":"3 minuti"},"schema":{"@context":"https:\/\/schema.org","@graph":[{"@type":"Article","@id":"https:\/\/www.castingnews.eu\/magazine\/2019\/07\/28\/stefano-fresi-conquista-montefiascone-ad-est-film-festival\/#article","isPartOf":{"@id":"https:\/\/www.castingnews.eu\/magazine\/2019\/07\/28\/stefano-fresi-conquista-montefiascone-ad-est-film-festival\/"},"author":{"name":"Redazione","@id":"https:\/\/www.castingnews.eu\/magazine\/#\/schema\/person\/099d71c568c9a7e5e4037b1594108f17"},"headline":"Stefano Fresi conquista Montefiascone ad Est Film Festival","datePublished":"2019-07-28T17:14:34+00:00","dateModified":"2019-07-28T17:14:39+00:00","mainEntityOfPage":{"@id":"https:\/\/www.castingnews.eu\/magazine\/2019\/07\/28\/stefano-fresi-conquista-montefiascone-ad-est-film-festival\/"},"wordCount":539,"commentCount":0,"image":{"@id":"https:\/\/www.castingnews.eu\/magazine\/2019\/07\/28\/stefano-fresi-conquista-montefiascone-ad-est-film-festival\/#primaryimage"},"thumbnailUrl":"https:\/\/www.castingnews.eu\/magazine\/wp-content\/uploads\/2019\/07\/Stefano-Fresi-riceve-lArco-di-Platino-di-Est-Film-Festival.jpg","keywords":["Est Film Festival","Festival","Montefiascone","Stefano Fresi"],"articleSection":["Festival","In primo piano"],"inLanguage":"it-IT","potentialAction":[{"@type":"CommentAction","name":"Comment","target":["https:\/\/www.castingnews.eu\/magazine\/2019\/07\/28\/stefano-fresi-conquista-montefiascone-ad-est-film-festival\/#respond"]}]},{"@type":"WebPage","@id":"https:\/\/www.castingnews.eu\/magazine\/2019\/07\/28\/stefano-fresi-conquista-montefiascone-ad-est-film-festival\/","url":"https:\/\/www.castingnews.eu\/magazine\/2019\/07\/28\/stefano-fresi-conquista-montefiascone-ad-est-film-festival\/","name":"Stefano Fresi conquista Montefiascone ad Est Film Festival - Casting News Magazine","isPartOf":{"@id":"https:\/\/www.castingnews.eu\/magazine\/#website"},"primaryImageOfPage":{"@id":"https:\/\/www.castingnews.eu\/magazine\/2019\/07\/28\/stefano-fresi-conquista-montefiascone-ad-est-film-festival\/#primaryimage"},"image":{"@id":"https:\/\/www.castingnews.eu\/magazine\/2019\/07\/28\/stefano-fresi-conquista-montefiascone-ad-est-film-festival\/#primaryimage"},"thumbnailUrl":"https:\/\/www.castingnews.eu\/magazine\/wp-content\/uploads\/2019\/07\/Stefano-Fresi-riceve-lArco-di-Platino-di-Est-Film-Festival.jpg","datePublished":"2019-07-28T17:14:34+00:00","dateModified":"2019-07-28T17:14:39+00:00","author":{"@id":"https:\/\/www.castingnews.eu\/magazine\/#\/schema\/person\/099d71c568c9a7e5e4037b1594108f17"},"breadcrumb":{"@id":"https:\/\/www.castingnews.eu\/magazine\/2019\/07\/28\/stefano-fresi-conquista-montefiascone-ad-est-film-festival\/#breadcrumb"},"inLanguage":"it-IT","potentialAction":[{"@type":"ReadAction","target":["https:\/\/www.castingnews.eu\/magazine\/2019\/07\/28\/stefano-fresi-conquista-montefiascone-ad-est-film-festival\/"]}]},{"@type":"ImageObject","inLanguage":"it-IT","@id":"https:\/\/www.castingnews.eu\/magazine\/2019\/07\/28\/stefano-fresi-conquista-montefiascone-ad-est-film-festival\/#primaryimage","url":"https:\/\/www.castingnews.eu\/magazine\/wp-content\/uploads\/2019\/07\/Stefano-Fresi-riceve-lArco-di-Platino-di-Est-Film-Festival.jpg","contentUrl":"https:\/\/www.castingnews.eu\/magazine\/wp-content\/uploads\/2019\/07\/Stefano-Fresi-riceve-lArco-di-Platino-di-Est-Film-Festival.jpg","width":850,"height":520,"caption":"Stefano Fresi riceve l'Arco di Platino di Est Film Festival"},{"@type":"BreadcrumbList","@id":"https:\/\/www.castingnews.eu\/magazine\/2019\/07\/28\/stefano-fresi-conquista-montefiascone-ad-est-film-festival\/#breadcrumb","itemListElement":[{"@type":"ListItem","position":1,"name":"Home","item":"https:\/\/www.castingnews.eu\/magazine\/"},{"@type":"ListItem","position":2,"name":"Stefano Fresi conquista Montefiascone ad Est Film Festival"}]},{"@type":"WebSite","@id":"https:\/\/www.castingnews.eu\/magazine\/#website","url":"https:\/\/www.castingnews.eu\/magazine\/","name":"Casting News Magazine","description":"News e aggiornamenti sui film, serie tv, teatro e festival italiani ed internazionali","potentialAction":[{"@type":"SearchAction","target":{"@type":"EntryPoint","urlTemplate":"https:\/\/www.castingnews.eu\/magazine\/?s={search_term_string}"},"query-input":{"@type":"PropertyValueSpecification","valueRequired":true,"valueName":"search_term_string"}}],"inLanguage":"it-IT"},{"@type":"Person","@id":"https:\/\/www.castingnews.eu\/magazine\/#\/schema\/person\/099d71c568c9a7e5e4037b1594108f17","name":"Redazione","image":{"@type":"ImageObject","inLanguage":"it-IT","@id":"https:\/\/secure.gravatar.com\/avatar\/b73a087aa3bd279fb70d24f1960a91c82cf67619395b60b564c90e9e5d5325fc?s=96&d=mm&r=g","url":"https:\/\/secure.gravatar.com\/avatar\/b73a087aa3bd279fb70d24f1960a91c82cf67619395b60b564c90e9e5d5325fc?s=96&d=mm&r=g","contentUrl":"https:\/\/secure.gravatar.com\/avatar\/b73a087aa3bd279fb70d24f1960a91c82cf67619395b60b564c90e9e5d5325fc?s=96&d=mm&r=g","caption":"Redazione"},"description":"News e aggiornamenti sui film, serie tv, teatro e festival italiani ed internazionali.","url":"https:\/\/www.castingnews.eu\/magazine\/author\/redazione\/"}]}},"_links":{"self":[{"href":"https:\/\/www.castingnews.eu\/magazine\/wp-json\/wp\/v2\/posts\/2858","targetHints":{"allow":["GET"]}}],"collection":[{"href":"https:\/\/www.castingnews.eu\/magazine\/wp-json\/wp\/v2\/posts"}],"about":[{"href":"https:\/\/www.castingnews.eu\/magazine\/wp-json\/wp\/v2\/types\/post"}],"author":[{"embeddable":true,"href":"https:\/\/www.castingnews.eu\/magazine\/wp-json\/wp\/v2\/users\/1"}],"replies":[{"embeddable":true,"href":"https:\/\/www.castingnews.eu\/magazine\/wp-json\/wp\/v2\/comments?post=2858"}],"version-history":[{"count":1,"href":"https:\/\/www.castingnews.eu\/magazine\/wp-json\/wp\/v2\/posts\/2858\/revisions"}],"predecessor-version":[{"id":2860,"href":"https:\/\/www.castingnews.eu\/magazine\/wp-json\/wp\/v2\/posts\/2858\/revisions\/2860"}],"wp:featuredmedia":[{"embeddable":true,"href":"https:\/\/www.castingnews.eu\/magazine\/wp-json\/wp\/v2\/media\/2859"}],"wp:attachment":[{"href":"https:\/\/www.castingnews.eu\/magazine\/wp-json\/wp\/v2\/media?parent=2858"}],"wp:term":[{"taxonomy":"category","embeddable":true,"href":"https:\/\/www.castingnews.eu\/magazine\/wp-json\/wp\/v2\/categories?post=2858"},{"taxonomy":"post_tag","embeddable":true,"href":"https:\/\/www.castingnews.eu\/magazine\/wp-json\/wp\/v2\/tags?post=2858"}],"curies":[{"name":"wp","href":"https:\/\/api.w.org\/{rel}","templated":true}]}}