{"id":2799,"date":"2019-07-14T12:31:30","date_gmt":"2019-07-14T10:31:30","guid":{"rendered":"https:\/\/www.castingnews.eu\/magazine\/?p=2799"},"modified":"2019-07-14T12:32:33","modified_gmt":"2019-07-14T10:32:33","slug":"lisola-del-cinema-il-cinema-la-palazzina-e-la-borghesia-romana","status":"publish","type":"post","link":"https:\/\/www.castingnews.eu\/magazine\/2019\/07\/14\/lisola-del-cinema-il-cinema-la-palazzina-e-la-borghesia-romana\/","title":{"rendered":"L&#8217;Isola del Cinema: Il Cinema, la palazzina e la borghesia romana"},"content":{"rendered":"\n<p>Quest&#8217;anno L&#8217;Isola del Cinema apre a nuove esperienze e spunti di riflessione sull&#8217;ambiente. Ambiente naturale da proteggere, ma anche paesaggio artistico da valorizzare, architettura da raccontare.<br>\nLa settima arte ha narrato attraverso lo sguardo di grandi registi come Elio Petri, Pietro Germi, Michelangelo Antonioni e altri, le trasformazioni e le architetture che hanno cambiato il volto delle nostre citt\u00e0, condizionando i nostri stati d&#8217;animo e la nostra storia.<br>\nMonumenti, architetture, paesaggi urbani, sono la nostra storia, e il cinema ne conserva e tramanda la memoria.<br>\nPer questo L\u2019Isola del Cinema ha posto le basi di un ponte ideale con il FAI.<\/p><div class=\"6d3639e8c6ac292cde400fad8ff8a5b9\" data-index=\"1\" style=\"float: none; margin:10px 0 10px 0; text-align:center;\">\n<script async src=\"\/\/pagead2.googlesyndication.com\/pagead\/js\/adsbygoogle.js\"><\/script>\r\n<!-- Casting Bambini NEW -->\r\n<ins class=\"adsbygoogle\"\r\n     style=\"display:inline-block;width:336px;height:280px\"\r\n     data-ad-client=\"ca-pub-5538097485429833\"\r\n     data-ad-slot=\"5127154445\"><\/ins>\r\n<script>\r\n(adsbygoogle = window.adsbygoogle || []).push({});\r\n<\/script>\n<\/div>\n\n\n\n\n<p>Luned\u00ec 15 luglio alle ore 21.00 la Delegazione FAI di Roma presenta \u201cIl Cinema, la palazzina e la borghesia romana\u201d una conferenza a cura dell\u2019architetto Alfredo Passeri (Universit\u00e0 RomaTre) che si inserisce nelle iniziative de L\u2019Isola del Cinema, festival cinematografico estivo sull\u2019Isola Tiberina, a Roma, giunto alla XXV edizione.   La conferenza si terr\u00e0 presso lo Schermo Tevere, sull\u2019Isola Tiberina.<br>\nL\u2019incontro approfondir\u00e0 il rapporto tra architettura e cinema a Roma, dal dopoguerra in poi. L\u2019architettura del dopoguerra si caratterizza per la crescita e lo sviluppo di una nuova tipologia architettonica, la palazzina, che incontra i favori della nuova classe borghese che si va affermando a Roma e che cerca una modalit\u00e0 abitativa congeniale al suo status.  <\/p>\n\n\n\n<p>Il professore Alfredo Passeri, che ha dedicato ampi studi a questo tema, ci accompagner\u00e0 in un percorso illustrato attraverso capolavori del Cinema per raccontare come le palazzine romane siano co-protagoniste e facciano da scenografia dei racconti di Antonioni, di Fellini e di altri autori straordinari.<\/p>\n\n\n\n<p>Sar\u00e0 possibile, allora, riconoscere come la \u201cpalazzina romana\u201d abbia rappresentato un modello amatissimo di residenza, riconoscibile, d\u2019eccezione, qualificativo della borghesia romana, soprattutto, quando la palazzina \u00e8 di riconosciuta qualit\u00e0 architettonica.<\/p>\n\n\n\n<p>Antonioni per esempio, sia ne L\u2019Avventura che ne l\u2019Eclisse, utilizza la citt\u00e0 di Roma e le palazzine per esaltare le naturali scenografie e le atmosfere create \u201cintorno\u201d ai protagonisti. Racconta minuziosamente l\u2019EUR ancora in fase di realizzazione. Siamo negli anni Sessanta e Roma ci appare ancora \u201csotto controllo\u201d, bellissima, con un futuro di equilibri urbani ed architettonici che, purtroppo, saranno presto turbati. Insomma, \u00e8 la \u201cbellezza\u201d di questi quartieri che si intende mettere in luce, raccontare, osservare e, perch\u00e9 no, \u201cesaltare\u201d, come la migliore produzione moderna e contemporanea di Roma.<\/p>\n\n\n\n<p>In conclusione dell\u2019incontro, seguir\u00e0 la proiezione del film L\u2019Avventura, del regista Michelangelo Antonioni.<\/p>\n\n\n\n<p>Ingresso libero fino ad esaurimento posti, non \u00e8 necessaria prenotazione.<\/p>\n\n\n\n<p>Per informazioni:<br>\nOrari: L\u2019Isola del Cinema \u00e8 aperta tutti i giorni dal 13 giugno al 1 settembre 2019, dalle ore 18 alle ore 02<br>\nSale: Le sale dedicate alle proiezioni, agli incontri e agli eventi collaterali sono cinque.<br>\nNella sala Arena e Cinelab si accede con un biglietto a pagamento. La sala Schermo Tevere e la Sala dell\u2019Assunta sono spazi gratuiti.<br>\nBiglietti: La Biglietteria per le sale Arena e Cinelab \u00e8 UNICA, si trova presso la Sala Arena ed \u00e8 aperta tutti i giorni dalle ore 20.00 alle ore 22.30. Il costo dei biglietti \u00e8 di 6 euro (Arena) e 4 euro (Cinelab)<br>\nDove: Isola Tiberina (Piazza San Bartolomeo all\u2019Isola) <br>\nContatti: Tel. 0690214524 dal luned\u00ec al venerd\u00ec, ore 10:00 \u2013 17:00<\/p>\n\n<div style=\"font-size: 0px; height: 0px; line-height: 0px; margin: 0; padding: 0; clear: both;\"><\/div>","protected":false},"excerpt":{"rendered":"<p>Quest&#8217;anno L&#8217;Isola del Cinema apre a nuove esperienze e spunti di riflessione sull&#8217;ambiente. Ambiente naturale da proteggere, ma anche paesaggio artistico da valorizzare, architettura da raccontare. La settima arte ha narrato attraverso lo sguardo di grandi registi come Elio Petri, Pietro Germi, Michelangelo Antonioni e altri, le trasformazioni e le architetture che hanno cambiato il [&hellip;]<\/p>\n","protected":false},"author":1,"featured_media":2800,"comment_status":"open","ping_status":"open","sticky":false,"template":"","format":"standard","meta":{"tdm_status":"","tdm_grid_status":"","footnotes":""},"categories":[11,1533],"tags":[2065,2060,2067,2063,2064,2068,514,714,1778,2069,2061,2062,1193,2066],"class_list":{"0":"post-2799","1":"post","2":"type-post","3":"status-publish","4":"format-standard","5":"has-post-thumbnail","7":"category-festival","8":"category-featured","9":"tag-alfredo-passeri","10":"tag-ambiente","11":"tag-antonioni","12":"tag-elio-petri","13":"tag-fai","14":"tag-fellini","15":"tag-festival","16":"tag-isola-del-cinema","17":"tag-lisola-del-cinema","18":"tag-lavventura","19":"tag-michelangelo-antonioni","20":"tag-pietro-germi","21":"tag-roma","22":"tag-universita-romatre"},"yoast_head":"<!-- This site is optimized with the Yoast SEO plugin v27.4 - https:\/\/yoast.com\/product\/yoast-seo-wordpress\/ -->\r\n<title>L&#039;Isola del Cinema: Il Cinema, la palazzina e la borghesia romana - Casting News Magazine<\/title>\r\n<meta name=\"robots\" content=\"index, follow, max-snippet:-1, max-image-preview:large, max-video-preview:-1\" \/>\r\n<link rel=\"canonical\" href=\"https:\/\/www.castingnews.eu\/magazine\/2019\/07\/14\/lisola-del-cinema-il-cinema-la-palazzina-e-la-borghesia-romana\/\" \/>\r\n<meta property=\"og:locale\" content=\"it_IT\" \/>\r\n<meta property=\"og:type\" content=\"article\" \/>\r\n<meta property=\"og:title\" content=\"L&#039;Isola del Cinema: Il Cinema, la palazzina e la borghesia romana - Casting News Magazine\" \/>\r\n<meta property=\"og:description\" content=\"Quest&#8217;anno L&#8217;Isola del Cinema apre a nuove esperienze e spunti di riflessione sull&#8217;ambiente. Ambiente naturale da proteggere, ma anche paesaggio artistico da valorizzare, architettura da raccontare. La settima arte ha narrato attraverso lo sguardo di grandi registi come Elio Petri, Pietro Germi, Michelangelo Antonioni e altri, le trasformazioni e le architetture che hanno cambiato il [&hellip;]\" \/>\r\n<meta property=\"og:url\" content=\"https:\/\/www.castingnews.eu\/magazine\/2019\/07\/14\/lisola-del-cinema-il-cinema-la-palazzina-e-la-borghesia-romana\/\" \/>\r\n<meta property=\"og:site_name\" content=\"Casting News Magazine\" \/>\r\n<meta property=\"article:published_time\" content=\"2019-07-14T10:31:30+00:00\" \/>\r\n<meta property=\"article:modified_time\" content=\"2019-07-14T10:32:33+00:00\" \/>\r\n<meta property=\"og:image\" content=\"https:\/\/www.castingnews.eu\/magazine\/wp-content\/uploads\/2019\/07\/Frame-film.jpg\" \/>\r\n\t<meta property=\"og:image:width\" content=\"850\" \/>\r\n\t<meta property=\"og:image:height\" content=\"480\" \/>\r\n\t<meta property=\"og:image:type\" content=\"image\/jpeg\" \/>\r\n<meta name=\"author\" content=\"Redazione\" \/>\r\n<meta name=\"twitter:card\" content=\"summary_large_image\" \/>\r\n<meta name=\"twitter:label1\" content=\"Scritto da\" \/>\n\t<meta name=\"twitter:data1\" content=\"Redazione\" \/>\n\t<meta name=\"twitter:label2\" content=\"Tempo di lettura stimato\" \/>\n\t<meta name=\"twitter:data2\" content=\"3 minuti\" \/>\r\n<script type=\"application\/ld+json\" class=\"yoast-schema-graph\">{\"@context\":\"https:\\\/\\\/schema.org\",\"@graph\":[{\"@type\":\"Article\",\"@id\":\"https:\\\/\\\/www.castingnews.eu\\\/magazine\\\/2019\\\/07\\\/14\\\/lisola-del-cinema-il-cinema-la-palazzina-e-la-borghesia-romana\\\/#article\",\"isPartOf\":{\"@id\":\"https:\\\/\\\/www.castingnews.eu\\\/magazine\\\/2019\\\/07\\\/14\\\/lisola-del-cinema-il-cinema-la-palazzina-e-la-borghesia-romana\\\/\"},\"author\":{\"name\":\"Redazione\",\"@id\":\"https:\\\/\\\/www.castingnews.eu\\\/magazine\\\/#\\\/schema\\\/person\\\/099d71c568c9a7e5e4037b1594108f17\"},\"headline\":\"L&#8217;Isola del Cinema: Il Cinema, la palazzina e la borghesia romana\",\"datePublished\":\"2019-07-14T10:31:30+00:00\",\"dateModified\":\"2019-07-14T10:32:33+00:00\",\"mainEntityOfPage\":{\"@id\":\"https:\\\/\\\/www.castingnews.eu\\\/magazine\\\/2019\\\/07\\\/14\\\/lisola-del-cinema-il-cinema-la-palazzina-e-la-borghesia-romana\\\/\"},\"wordCount\":535,\"commentCount\":0,\"image\":{\"@id\":\"https:\\\/\\\/www.castingnews.eu\\\/magazine\\\/2019\\\/07\\\/14\\\/lisola-del-cinema-il-cinema-la-palazzina-e-la-borghesia-romana\\\/#primaryimage\"},\"thumbnailUrl\":\"https:\\\/\\\/www.castingnews.eu\\\/magazine\\\/wp-content\\\/uploads\\\/2019\\\/07\\\/Frame-film.jpg\",\"keywords\":[\"Alfredo Passeri\",\"ambiente\",\"Antonioni\",\"Elio Petri\",\"FAI\",\"Fellini\",\"Festival\",\"Isola del Cinema\",\"L'Isola del Cinema\",\"L\u2019Avventura\",\"Michelangelo Antonioni\",\"Pietro Germi\",\"Roma\",\"Universit\u00e0 RomaTre\"],\"articleSection\":[\"Festival\",\"In primo piano\"],\"inLanguage\":\"it-IT\",\"potentialAction\":[{\"@type\":\"CommentAction\",\"name\":\"Comment\",\"target\":[\"https:\\\/\\\/www.castingnews.eu\\\/magazine\\\/2019\\\/07\\\/14\\\/lisola-del-cinema-il-cinema-la-palazzina-e-la-borghesia-romana\\\/#respond\"]}]},{\"@type\":\"WebPage\",\"@id\":\"https:\\\/\\\/www.castingnews.eu\\\/magazine\\\/2019\\\/07\\\/14\\\/lisola-del-cinema-il-cinema-la-palazzina-e-la-borghesia-romana\\\/\",\"url\":\"https:\\\/\\\/www.castingnews.eu\\\/magazine\\\/2019\\\/07\\\/14\\\/lisola-del-cinema-il-cinema-la-palazzina-e-la-borghesia-romana\\\/\",\"name\":\"L'Isola del Cinema: Il Cinema, la palazzina e la borghesia romana - Casting News Magazine\",\"isPartOf\":{\"@id\":\"https:\\\/\\\/www.castingnews.eu\\\/magazine\\\/#website\"},\"primaryImageOfPage\":{\"@id\":\"https:\\\/\\\/www.castingnews.eu\\\/magazine\\\/2019\\\/07\\\/14\\\/lisola-del-cinema-il-cinema-la-palazzina-e-la-borghesia-romana\\\/#primaryimage\"},\"image\":{\"@id\":\"https:\\\/\\\/www.castingnews.eu\\\/magazine\\\/2019\\\/07\\\/14\\\/lisola-del-cinema-il-cinema-la-palazzina-e-la-borghesia-romana\\\/#primaryimage\"},\"thumbnailUrl\":\"https:\\\/\\\/www.castingnews.eu\\\/magazine\\\/wp-content\\\/uploads\\\/2019\\\/07\\\/Frame-film.jpg\",\"datePublished\":\"2019-07-14T10:31:30+00:00\",\"dateModified\":\"2019-07-14T10:32:33+00:00\",\"author\":{\"@id\":\"https:\\\/\\\/www.castingnews.eu\\\/magazine\\\/#\\\/schema\\\/person\\\/099d71c568c9a7e5e4037b1594108f17\"},\"breadcrumb\":{\"@id\":\"https:\\\/\\\/www.castingnews.eu\\\/magazine\\\/2019\\\/07\\\/14\\\/lisola-del-cinema-il-cinema-la-palazzina-e-la-borghesia-romana\\\/#breadcrumb\"},\"inLanguage\":\"it-IT\",\"potentialAction\":[{\"@type\":\"ReadAction\",\"target\":[\"https:\\\/\\\/www.castingnews.eu\\\/magazine\\\/2019\\\/07\\\/14\\\/lisola-del-cinema-il-cinema-la-palazzina-e-la-borghesia-romana\\\/\"]}]},{\"@type\":\"ImageObject\",\"inLanguage\":\"it-IT\",\"@id\":\"https:\\\/\\\/www.castingnews.eu\\\/magazine\\\/2019\\\/07\\\/14\\\/lisola-del-cinema-il-cinema-la-palazzina-e-la-borghesia-romana\\\/#primaryimage\",\"url\":\"https:\\\/\\\/www.castingnews.eu\\\/magazine\\\/wp-content\\\/uploads\\\/2019\\\/07\\\/Frame-film.jpg\",\"contentUrl\":\"https:\\\/\\\/www.castingnews.eu\\\/magazine\\\/wp-content\\\/uploads\\\/2019\\\/07\\\/Frame-film.jpg\",\"width\":850,\"height\":480,\"caption\":\"Frame film\"},{\"@type\":\"BreadcrumbList\",\"@id\":\"https:\\\/\\\/www.castingnews.eu\\\/magazine\\\/2019\\\/07\\\/14\\\/lisola-del-cinema-il-cinema-la-palazzina-e-la-borghesia-romana\\\/#breadcrumb\",\"itemListElement\":[{\"@type\":\"ListItem\",\"position\":1,\"name\":\"Home\",\"item\":\"https:\\\/\\\/www.castingnews.eu\\\/magazine\\\/\"},{\"@type\":\"ListItem\",\"position\":2,\"name\":\"L&#8217;Isola del Cinema: Il Cinema, la palazzina e la borghesia romana\"}]},{\"@type\":\"WebSite\",\"@id\":\"https:\\\/\\\/www.castingnews.eu\\\/magazine\\\/#website\",\"url\":\"https:\\\/\\\/www.castingnews.eu\\\/magazine\\\/\",\"name\":\"Casting News Magazine\",\"description\":\"News e aggiornamenti sui film, serie tv, teatro e festival italiani ed internazionali\",\"potentialAction\":[{\"@type\":\"SearchAction\",\"target\":{\"@type\":\"EntryPoint\",\"urlTemplate\":\"https:\\\/\\\/www.castingnews.eu\\\/magazine\\\/?s={search_term_string}\"},\"query-input\":{\"@type\":\"PropertyValueSpecification\",\"valueRequired\":true,\"valueName\":\"search_term_string\"}}],\"inLanguage\":\"it-IT\"},{\"@type\":\"Person\",\"@id\":\"https:\\\/\\\/www.castingnews.eu\\\/magazine\\\/#\\\/schema\\\/person\\\/099d71c568c9a7e5e4037b1594108f17\",\"name\":\"Redazione\",\"image\":{\"@type\":\"ImageObject\",\"inLanguage\":\"it-IT\",\"@id\":\"https:\\\/\\\/secure.gravatar.com\\\/avatar\\\/b73a087aa3bd279fb70d24f1960a91c82cf67619395b60b564c90e9e5d5325fc?s=96&d=mm&r=g\",\"url\":\"https:\\\/\\\/secure.gravatar.com\\\/avatar\\\/b73a087aa3bd279fb70d24f1960a91c82cf67619395b60b564c90e9e5d5325fc?s=96&d=mm&r=g\",\"contentUrl\":\"https:\\\/\\\/secure.gravatar.com\\\/avatar\\\/b73a087aa3bd279fb70d24f1960a91c82cf67619395b60b564c90e9e5d5325fc?s=96&d=mm&r=g\",\"caption\":\"Redazione\"},\"description\":\"News e aggiornamenti sui film, serie tv, teatro e festival italiani ed internazionali.\",\"url\":\"https:\\\/\\\/www.castingnews.eu\\\/magazine\\\/author\\\/redazione\\\/\"}]}<\/script>\r\n<!-- \/ Yoast SEO plugin. -->","yoast_head_json":{"title":"L'Isola del Cinema: Il Cinema, la palazzina e la borghesia romana - Casting News Magazine","robots":{"index":"index","follow":"follow","max-snippet":"max-snippet:-1","max-image-preview":"max-image-preview:large","max-video-preview":"max-video-preview:-1"},"canonical":"https:\/\/www.castingnews.eu\/magazine\/2019\/07\/14\/lisola-del-cinema-il-cinema-la-palazzina-e-la-borghesia-romana\/","og_locale":"it_IT","og_type":"article","og_title":"L'Isola del Cinema: Il Cinema, la palazzina e la borghesia romana - Casting News Magazine","og_description":"Quest&#8217;anno L&#8217;Isola del Cinema apre a nuove esperienze e spunti di riflessione sull&#8217;ambiente. Ambiente naturale da proteggere, ma anche paesaggio artistico da valorizzare, architettura da raccontare. La settima arte ha narrato attraverso lo sguardo di grandi registi come Elio Petri, Pietro Germi, Michelangelo Antonioni e altri, le trasformazioni e le architetture che hanno cambiato il [&hellip;]","og_url":"https:\/\/www.castingnews.eu\/magazine\/2019\/07\/14\/lisola-del-cinema-il-cinema-la-palazzina-e-la-borghesia-romana\/","og_site_name":"Casting News Magazine","article_published_time":"2019-07-14T10:31:30+00:00","article_modified_time":"2019-07-14T10:32:33+00:00","og_image":[{"width":850,"height":480,"url":"https:\/\/www.castingnews.eu\/magazine\/wp-content\/uploads\/2019\/07\/Frame-film.jpg","type":"image\/jpeg"}],"author":"Redazione","twitter_card":"summary_large_image","twitter_misc":{"Scritto da":"Redazione","Tempo di lettura stimato":"3 minuti"},"schema":{"@context":"https:\/\/schema.org","@graph":[{"@type":"Article","@id":"https:\/\/www.castingnews.eu\/magazine\/2019\/07\/14\/lisola-del-cinema-il-cinema-la-palazzina-e-la-borghesia-romana\/#article","isPartOf":{"@id":"https:\/\/www.castingnews.eu\/magazine\/2019\/07\/14\/lisola-del-cinema-il-cinema-la-palazzina-e-la-borghesia-romana\/"},"author":{"name":"Redazione","@id":"https:\/\/www.castingnews.eu\/magazine\/#\/schema\/person\/099d71c568c9a7e5e4037b1594108f17"},"headline":"L&#8217;Isola del Cinema: Il Cinema, la palazzina e la borghesia romana","datePublished":"2019-07-14T10:31:30+00:00","dateModified":"2019-07-14T10:32:33+00:00","mainEntityOfPage":{"@id":"https:\/\/www.castingnews.eu\/magazine\/2019\/07\/14\/lisola-del-cinema-il-cinema-la-palazzina-e-la-borghesia-romana\/"},"wordCount":535,"commentCount":0,"image":{"@id":"https:\/\/www.castingnews.eu\/magazine\/2019\/07\/14\/lisola-del-cinema-il-cinema-la-palazzina-e-la-borghesia-romana\/#primaryimage"},"thumbnailUrl":"https:\/\/www.castingnews.eu\/magazine\/wp-content\/uploads\/2019\/07\/Frame-film.jpg","keywords":["Alfredo Passeri","ambiente","Antonioni","Elio Petri","FAI","Fellini","Festival","Isola del Cinema","L'Isola del Cinema","L\u2019Avventura","Michelangelo Antonioni","Pietro Germi","Roma","Universit\u00e0 RomaTre"],"articleSection":["Festival","In primo piano"],"inLanguage":"it-IT","potentialAction":[{"@type":"CommentAction","name":"Comment","target":["https:\/\/www.castingnews.eu\/magazine\/2019\/07\/14\/lisola-del-cinema-il-cinema-la-palazzina-e-la-borghesia-romana\/#respond"]}]},{"@type":"WebPage","@id":"https:\/\/www.castingnews.eu\/magazine\/2019\/07\/14\/lisola-del-cinema-il-cinema-la-palazzina-e-la-borghesia-romana\/","url":"https:\/\/www.castingnews.eu\/magazine\/2019\/07\/14\/lisola-del-cinema-il-cinema-la-palazzina-e-la-borghesia-romana\/","name":"L'Isola del Cinema: Il Cinema, la palazzina e la borghesia romana - Casting News Magazine","isPartOf":{"@id":"https:\/\/www.castingnews.eu\/magazine\/#website"},"primaryImageOfPage":{"@id":"https:\/\/www.castingnews.eu\/magazine\/2019\/07\/14\/lisola-del-cinema-il-cinema-la-palazzina-e-la-borghesia-romana\/#primaryimage"},"image":{"@id":"https:\/\/www.castingnews.eu\/magazine\/2019\/07\/14\/lisola-del-cinema-il-cinema-la-palazzina-e-la-borghesia-romana\/#primaryimage"},"thumbnailUrl":"https:\/\/www.castingnews.eu\/magazine\/wp-content\/uploads\/2019\/07\/Frame-film.jpg","datePublished":"2019-07-14T10:31:30+00:00","dateModified":"2019-07-14T10:32:33+00:00","author":{"@id":"https:\/\/www.castingnews.eu\/magazine\/#\/schema\/person\/099d71c568c9a7e5e4037b1594108f17"},"breadcrumb":{"@id":"https:\/\/www.castingnews.eu\/magazine\/2019\/07\/14\/lisola-del-cinema-il-cinema-la-palazzina-e-la-borghesia-romana\/#breadcrumb"},"inLanguage":"it-IT","potentialAction":[{"@type":"ReadAction","target":["https:\/\/www.castingnews.eu\/magazine\/2019\/07\/14\/lisola-del-cinema-il-cinema-la-palazzina-e-la-borghesia-romana\/"]}]},{"@type":"ImageObject","inLanguage":"it-IT","@id":"https:\/\/www.castingnews.eu\/magazine\/2019\/07\/14\/lisola-del-cinema-il-cinema-la-palazzina-e-la-borghesia-romana\/#primaryimage","url":"https:\/\/www.castingnews.eu\/magazine\/wp-content\/uploads\/2019\/07\/Frame-film.jpg","contentUrl":"https:\/\/www.castingnews.eu\/magazine\/wp-content\/uploads\/2019\/07\/Frame-film.jpg","width":850,"height":480,"caption":"Frame film"},{"@type":"BreadcrumbList","@id":"https:\/\/www.castingnews.eu\/magazine\/2019\/07\/14\/lisola-del-cinema-il-cinema-la-palazzina-e-la-borghesia-romana\/#breadcrumb","itemListElement":[{"@type":"ListItem","position":1,"name":"Home","item":"https:\/\/www.castingnews.eu\/magazine\/"},{"@type":"ListItem","position":2,"name":"L&#8217;Isola del Cinema: Il Cinema, la palazzina e la borghesia romana"}]},{"@type":"WebSite","@id":"https:\/\/www.castingnews.eu\/magazine\/#website","url":"https:\/\/www.castingnews.eu\/magazine\/","name":"Casting News Magazine","description":"News e aggiornamenti sui film, serie tv, teatro e festival italiani ed internazionali","potentialAction":[{"@type":"SearchAction","target":{"@type":"EntryPoint","urlTemplate":"https:\/\/www.castingnews.eu\/magazine\/?s={search_term_string}"},"query-input":{"@type":"PropertyValueSpecification","valueRequired":true,"valueName":"search_term_string"}}],"inLanguage":"it-IT"},{"@type":"Person","@id":"https:\/\/www.castingnews.eu\/magazine\/#\/schema\/person\/099d71c568c9a7e5e4037b1594108f17","name":"Redazione","image":{"@type":"ImageObject","inLanguage":"it-IT","@id":"https:\/\/secure.gravatar.com\/avatar\/b73a087aa3bd279fb70d24f1960a91c82cf67619395b60b564c90e9e5d5325fc?s=96&d=mm&r=g","url":"https:\/\/secure.gravatar.com\/avatar\/b73a087aa3bd279fb70d24f1960a91c82cf67619395b60b564c90e9e5d5325fc?s=96&d=mm&r=g","contentUrl":"https:\/\/secure.gravatar.com\/avatar\/b73a087aa3bd279fb70d24f1960a91c82cf67619395b60b564c90e9e5d5325fc?s=96&d=mm&r=g","caption":"Redazione"},"description":"News e aggiornamenti sui film, serie tv, teatro e festival italiani ed internazionali.","url":"https:\/\/www.castingnews.eu\/magazine\/author\/redazione\/"}]}},"_links":{"self":[{"href":"https:\/\/www.castingnews.eu\/magazine\/wp-json\/wp\/v2\/posts\/2799","targetHints":{"allow":["GET"]}}],"collection":[{"href":"https:\/\/www.castingnews.eu\/magazine\/wp-json\/wp\/v2\/posts"}],"about":[{"href":"https:\/\/www.castingnews.eu\/magazine\/wp-json\/wp\/v2\/types\/post"}],"author":[{"embeddable":true,"href":"https:\/\/www.castingnews.eu\/magazine\/wp-json\/wp\/v2\/users\/1"}],"replies":[{"embeddable":true,"href":"https:\/\/www.castingnews.eu\/magazine\/wp-json\/wp\/v2\/comments?post=2799"}],"version-history":[{"count":1,"href":"https:\/\/www.castingnews.eu\/magazine\/wp-json\/wp\/v2\/posts\/2799\/revisions"}],"predecessor-version":[{"id":2801,"href":"https:\/\/www.castingnews.eu\/magazine\/wp-json\/wp\/v2\/posts\/2799\/revisions\/2801"}],"wp:featuredmedia":[{"embeddable":true,"href":"https:\/\/www.castingnews.eu\/magazine\/wp-json\/wp\/v2\/media\/2800"}],"wp:attachment":[{"href":"https:\/\/www.castingnews.eu\/magazine\/wp-json\/wp\/v2\/media?parent=2799"}],"wp:term":[{"taxonomy":"category","embeddable":true,"href":"https:\/\/www.castingnews.eu\/magazine\/wp-json\/wp\/v2\/categories?post=2799"},{"taxonomy":"post_tag","embeddable":true,"href":"https:\/\/www.castingnews.eu\/magazine\/wp-json\/wp\/v2\/tags?post=2799"}],"curies":[{"name":"wp","href":"https:\/\/api.w.org\/{rel}","templated":true}]}}