{"id":2763,"date":"2019-07-06T10:26:26","date_gmt":"2019-07-06T08:26:26","guid":{"rendered":"https:\/\/www.castingnews.eu\/magazine\/?p=2763"},"modified":"2019-07-06T10:32:11","modified_gmt":"2019-07-06T08:32:11","slug":"due-serate-dedicate-ai-nuovi-registi-italiani-film-internazionali-documentari-e-talk-a-lisola-del-cinema","status":"publish","type":"post","link":"https:\/\/www.castingnews.eu\/magazine\/2019\/07\/06\/due-serate-dedicate-ai-nuovi-registi-italiani-film-internazionali-documentari-e-talk-a-lisola-del-cinema\/","title":{"rendered":"Due serate dedicate ai nuovi registi italiani, film internazionali, documentari e talk a L&#8217;Isola del Cinema"},"content":{"rendered":"\n<p><strong>Riccardo Scamarcio, Valerio Mastandrea, Daniele Silvestri e Giovanni Anzaldo, attesi in Sala Groupama.<\/strong><br> Roma, 7- 8 Luglio 2109. Un osservatorio sulle migliori scoperte del Cinema Italiano, anche questo \u00e8 L\u2019Isola del Cinema, che nell\u2019ambito delle Opere Prime e Seconde presenta due serate in compagnia di protagonisti prestigiosi del panorama cinematografico e non solo, riconfermandosi come Laboratorio di Cinema contemporaneo sempre pi\u00f9 internazionale e aperto alla commistione fra le Arti.<\/p><div class=\"6d3639e8c6ac292cde400fad8ff8a5b9\" data-index=\"1\" style=\"float: none; margin:10px 0 10px 0; text-align:center;\">\n<script async src=\"\/\/pagead2.googlesyndication.com\/pagead\/js\/adsbygoogle.js\"><\/script>\r\n<!-- Casting Bambini NEW -->\r\n<ins class=\"adsbygoogle\"\r\n     style=\"display:inline-block;width:336px;height:280px\"\r\n     data-ad-client=\"ca-pub-5538097485429833\"\r\n     data-ad-slot=\"5127154445\"><\/ins>\r\n<script>\r\n(adsbygoogle = window.adsbygoogle || []).push({});\r\n<\/script>\n<\/div>\n\n\n\n\n<p>Si parte domenica <strong>7 luglio<\/strong> con il secondo film da regista della gi\u00e0 apprezzata attrice internazionale <strong>Valeria Golino<\/strong>, \u201c<strong>Euforia<\/strong>\u201d, il delicato e coinvolgente racconto sulla storia di due fratelli caratterialmente opposti, che si ritrovano vicini in un momento difficile. I protagonisti, interpretati da <strong>Riccardo Scamarcio e Valerio Mastandrea<\/strong> vivono un\u2019altalena di emozioni, cercando di ristabilire quel rapporto fraterno indissolubile, nonostante la vita li abbia portanti ad intraprendere strade e scelte diverse. Nel cast anche le attrici <strong>Isabella Ferrari e Valentina Cervi<\/strong>. In occasione della proiezione l\u2019attore <strong>Riccardo Scamarcio<\/strong> sar\u00e0 presente nella grande Sala Arena Groupama sull\u2019Isola Tiberina, insieme alla <strong>produttrice Viola Prestieri <\/strong>per introdurre il film al pubblico.<\/p>\n\n\n\n<p>Per la Sezione Fuoco sul Reale, sempre il 7 Luglio al Cinelab, alle ore 22:00, verr\u00e0 proiettato il documentario di <strong>Daniele Gaglianone e Stefano Collizzolli<\/strong> che, al di l\u00e0 delle vicende politiche sull\u2019immigrazione, racconta un altro paese, che pratica la solidariet\u00e0 e la lotta per i diritti ogni giorno. \u201c<strong>Dove bisogna stare<\/strong>\u201d racconta quattro donne, di et\u00e0 diverse, che in luoghi differenti sono impegnate in attivit\u00e0 a prima vista assurde. Donne che appaiono fuori luogo rispetto alla narrazione dominante.<\/p>\n\n\n\n<p>Allo Schermo Tevere, aperto gratuitamente al pubblico, domenica 7 luglio L\u2019Isola delle Fotografia propone un talk, a partire dalle 21:30, su \u201c<strong>Roma sotterranea, fotografare il buio<\/strong>\u201d con <strong>Carlo Pavia<\/strong>, archeologo e fotografo, intervistato da <strong>Fabio Isman<\/strong>, giornalista de Il Messaggero. Un\u2019occasione per scoprire i metodi, le difficolt\u00e0, i ritrovamenti, i gossip, curiosi aneddoti e qualche segreto che l\u2019archeologo ha incontrato e vissuto in 45 anni di lavoro negli ipogei romani.<\/p>\n\n\n\n<p>Grande attesa per Luned\u00ec 8 Luglio, quando L\u2019Isola del Cinema accoglier\u00e0 un doppio appuntamento, tra cinema e musica. Per tutti i fan del seguitissimo cantante romano <strong>Daniele Silvestri<\/strong>, l\u2019evento \u00e8 imperdibile. Il musicista e cantautore presenter\u00e0 in Arena Groupama il videoclip \u201c<strong>Scusate se non piango<\/strong>\u201d, per la regia di <strong>Valerio Mastandrea e Giorgio Testi<\/strong>. Un incontro privilegiato per il pubblico, con la possibilit\u00e0 di vedere su grande schermo il videoclip del cantante che interverr\u00e0 sul palco insieme all\u2019attore <strong>Giovanni Anzaldo<\/strong>, in una location da sempre dedicata al Cinema nel dialogo con le altre Arti, l\u2019Isola Tiberina. La proiezione rientra nel pi\u00f9 ampio appuntamento con le Opere Prime e Seconde, una sezione nata per valorizzare i nuovi talenti, accrescere la loro notoriet\u00e0 e consegnare un riconoscimento prestigioso ai cineasti che si sono particolarmente distinti. Protagonista della serata sar\u00e0 <strong>Valerio Mastandrea<\/strong>, alla suo prima prova da regista di un lungometraggio, oltre che del videoclip, che affronta il delicato tema della perdita della persona amata, la cronaca di ci\u00f2 che rimane dopo, un vuoto incolmabile e soprattutto incomunicabile. Valerio Mastandrea rompe ogni tab\u00f9 sul tema della morte e lo affronta attraverso i panni della protagonista, Carola, che reagisce come nessuno si aspetta alla perdita del consorte. Un film che indaga anche sui temi delle morti bianche e ha un approccio psicologico all\u2019elaborazione del lutto. Con questa opera cinematografica il regista di Valerio Mastandrea si \u00e8 aggiudicato il Nastro D\u2019Argento 2019 come Miglior Regista esordiente.<\/p>\n\n\n\n<p>Sul fronte ovest dell\u2019Isola Tiberina, la stessa sera nella Sala Cinelab, alle ore 22:00, si vola in Gran Bretagna, con la sezione European Focus che propone la pellicola <strong>\u201cThe Children Act\u2013 Il Verdetto\u201d<\/strong> di <strong>Richard Eyre<\/strong>, con protagonista la straordinaria<strong> Emma Thompson<\/strong>. Questa volta l\u2019attrice indossa la toga nel ruolo di Fiona Maye, un giudice dell\u2019Alta Corte britannica, specializzata in Diritto della Famiglia, alle prese con un caso difficile di un minore che rifiuta le cure a causa delle convinzioni religiose della sua famiglia.<\/p>\n\n\n\n<p>Per informazioni:<br>\nOrari: L\u2019Isola del Cinema \u00e8 aperta tutti i giorni dal 13 giugno al 1 settembre 2019, dalle ore 18 alle ore 02<br>\nSale: Le sale dedicate alle proiezioni, agli incontri e agli eventi collaterali sono cinque.<br>\nNella sala Arena e Cinelab si accede con un biglietto a pagamento. La sala Schermo Tevere e la Sala dell\u2019Assunta sono spazi gratuiti.<br>\nBiglietti: La Biglietteria per le sale Arena e Cinelab \u00e8 UNICA, si trova presso la Sala Arena ed \u00e8 aperta tutti i giorni dalle ore 20.00 alle ore 22.30. Il costo dei biglietti \u00e8 di 6 euro (Arena) e 4 euro (Cinelab)<br>\nDove: Isola Tiberina (Piazza San Bartolomeo all\u2019Isola) <br>\nContatti: Tel. 0690214524 dal luned\u00ec al venerd\u00ec, ore 10:00 \u2013 17:00<\/p>\n\n<div style=\"font-size: 0px; height: 0px; line-height: 0px; margin: 0; padding: 0; clear: both;\"><\/div>","protected":false},"excerpt":{"rendered":"<p>Riccardo Scamarcio, Valerio Mastandrea, Daniele Silvestri e Giovanni Anzaldo, attesi in Sala Groupama. Roma, 7- 8 Luglio 2109. Un osservatorio sulle migliori scoperte del Cinema Italiano, anche questo \u00e8 L\u2019Isola del Cinema, che nell\u2019ambito delle Opere Prime e Seconde presenta due serate in compagnia di protagonisti prestigiosi del panorama cinematografico e non solo, riconfermandosi come [&hellip;]<\/p>\n","protected":false},"author":1,"featured_media":2665,"comment_status":"open","ping_status":"open","sticky":false,"template":"","format":"standard","meta":{"tdm_status":"","tdm_grid_status":"","footnotes":""},"categories":[11,1533],"tags":[1990,1985,389,392,1987,1997,1986,1993,514,1991,1983,1994,714,1778,995,1844,1996,1193,1989,1992,1988,1995,1394,1984],"class_list":{"0":"post-2763","1":"post","2":"type-post","3":"status-publish","4":"format-standard","5":"has-post-thumbnail","7":"category-festival","8":"category-featured","9":"tag-carlo-pavia","10":"tag-cinema-italiano","11":"tag-daniele-gaglianone","12":"tag-daniele-silvestri","13":"tag-dove-bisogna-stare","14":"tag-emma-thompson","15":"tag-euforia","16":"tag-european-focus","17":"tag-festival","18":"tag-giorgio-testi","19":"tag-giovanni-anzaldo","20":"tag-gran-bretagna","21":"tag-isola-del-cinema","22":"tag-lisola-del-cinema","23":"tag-nastro-dargento","24":"tag-riccardo-scamarcio","25":"tag-richard-eyre","26":"tag-roma","27":"tag-roma-sotterranea-fotografare-il-buio","28":"tag-scusate-se-non-piango","29":"tag-stefano-collizzolli","30":"tag-the-children-act-il-verdetto","31":"tag-valeria-golino","32":"tag-valerio-mastandrea"},"yoast_head":"<!-- This site is optimized with the Yoast SEO plugin v27.4 - https:\/\/yoast.com\/product\/yoast-seo-wordpress\/ -->\r\n<title>Due serate dedicate ai nuovi registi italiani, film internazionali, documentari e talk a L&#039;Isola del Cinema - Casting News Magazine<\/title>\r\n<meta name=\"robots\" content=\"index, follow, max-snippet:-1, max-image-preview:large, max-video-preview:-1\" \/>\r\n<link rel=\"canonical\" href=\"https:\/\/www.castingnews.eu\/magazine\/2019\/07\/06\/due-serate-dedicate-ai-nuovi-registi-italiani-film-internazionali-documentari-e-talk-a-lisola-del-cinema\/\" \/>\r\n<meta property=\"og:locale\" content=\"it_IT\" \/>\r\n<meta property=\"og:type\" content=\"article\" \/>\r\n<meta property=\"og:title\" content=\"Due serate dedicate ai nuovi registi italiani, film internazionali, documentari e talk a L&#039;Isola del Cinema - Casting News Magazine\" \/>\r\n<meta property=\"og:description\" content=\"Riccardo Scamarcio, Valerio Mastandrea, Daniele Silvestri e Giovanni Anzaldo, attesi in Sala Groupama. Roma, 7- 8 Luglio 2109. Un osservatorio sulle migliori scoperte del Cinema Italiano, anche questo \u00e8 L\u2019Isola del Cinema, che nell\u2019ambito delle Opere Prime e Seconde presenta due serate in compagnia di protagonisti prestigiosi del panorama cinematografico e non solo, riconfermandosi come [&hellip;]\" \/>\r\n<meta property=\"og:url\" content=\"https:\/\/www.castingnews.eu\/magazine\/2019\/07\/06\/due-serate-dedicate-ai-nuovi-registi-italiani-film-internazionali-documentari-e-talk-a-lisola-del-cinema\/\" \/>\r\n<meta property=\"og:site_name\" content=\"Casting News Magazine\" \/>\r\n<meta property=\"article:published_time\" content=\"2019-07-06T08:26:26+00:00\" \/>\r\n<meta property=\"article:modified_time\" content=\"2019-07-06T08:32:11+00:00\" \/>\r\n<meta property=\"og:image\" content=\"https:\/\/www.castingnews.eu\/magazine\/wp-content\/uploads\/2019\/06\/Isola-del-cinema.jpg\" \/>\r\n\t<meta property=\"og:image:width\" content=\"800\" \/>\r\n\t<meta property=\"og:image:height\" content=\"668\" \/>\r\n\t<meta property=\"og:image:type\" content=\"image\/jpeg\" \/>\r\n<meta name=\"author\" content=\"Redazione\" \/>\r\n<meta name=\"twitter:card\" content=\"summary_large_image\" \/>\r\n<meta name=\"twitter:label1\" content=\"Scritto da\" \/>\n\t<meta name=\"twitter:data1\" content=\"Redazione\" \/>\n\t<meta name=\"twitter:label2\" content=\"Tempo di lettura stimato\" \/>\n\t<meta name=\"twitter:data2\" content=\"4 minuti\" \/>\r\n<script type=\"application\/ld+json\" class=\"yoast-schema-graph\">{\"@context\":\"https:\\\/\\\/schema.org\",\"@graph\":[{\"@type\":\"Article\",\"@id\":\"https:\\\/\\\/www.castingnews.eu\\\/magazine\\\/2019\\\/07\\\/06\\\/due-serate-dedicate-ai-nuovi-registi-italiani-film-internazionali-documentari-e-talk-a-lisola-del-cinema\\\/#article\",\"isPartOf\":{\"@id\":\"https:\\\/\\\/www.castingnews.eu\\\/magazine\\\/2019\\\/07\\\/06\\\/due-serate-dedicate-ai-nuovi-registi-italiani-film-internazionali-documentari-e-talk-a-lisola-del-cinema\\\/\"},\"author\":{\"name\":\"Redazione\",\"@id\":\"https:\\\/\\\/www.castingnews.eu\\\/magazine\\\/#\\\/schema\\\/person\\\/099d71c568c9a7e5e4037b1594108f17\"},\"headline\":\"Due serate dedicate ai nuovi registi italiani, film internazionali, documentari e talk a L&#8217;Isola del Cinema\",\"datePublished\":\"2019-07-06T08:26:26+00:00\",\"dateModified\":\"2019-07-06T08:32:11+00:00\",\"mainEntityOfPage\":{\"@id\":\"https:\\\/\\\/www.castingnews.eu\\\/magazine\\\/2019\\\/07\\\/06\\\/due-serate-dedicate-ai-nuovi-registi-italiani-film-internazionali-documentari-e-talk-a-lisola-del-cinema\\\/\"},\"wordCount\":779,\"commentCount\":0,\"image\":{\"@id\":\"https:\\\/\\\/www.castingnews.eu\\\/magazine\\\/2019\\\/07\\\/06\\\/due-serate-dedicate-ai-nuovi-registi-italiani-film-internazionali-documentari-e-talk-a-lisola-del-cinema\\\/#primaryimage\"},\"thumbnailUrl\":\"https:\\\/\\\/www.castingnews.eu\\\/magazine\\\/wp-content\\\/uploads\\\/2019\\\/06\\\/Isola-del-cinema.jpg\",\"keywords\":[\"Carlo Pavia\",\"Cinema Italiano\",\"Daniele Gaglianone\",\"Daniele Silvestri\",\"Dove bisogna stare\",\"Emma Thompson\",\"Euforia\",\"European Focus\",\"Festival\",\"Giorgio Testi\",\"Giovanni Anzaldo\",\"Gran Bretagna\",\"Isola del Cinema\",\"L'Isola del Cinema\",\"Nastro D\u2019Argento\",\"Riccardo Scamarcio\",\"Richard Eyre\",\"Roma\",\"Roma sotterranea fotografare il buio\",\"Scusate se non piango\",\"Stefano Collizzolli\",\"The Children Act\u2013 Il Verdetto\",\"Valeria Golino\",\"Valerio Mastandrea\"],\"articleSection\":[\"Festival\",\"In primo piano\"],\"inLanguage\":\"it-IT\",\"potentialAction\":[{\"@type\":\"CommentAction\",\"name\":\"Comment\",\"target\":[\"https:\\\/\\\/www.castingnews.eu\\\/magazine\\\/2019\\\/07\\\/06\\\/due-serate-dedicate-ai-nuovi-registi-italiani-film-internazionali-documentari-e-talk-a-lisola-del-cinema\\\/#respond\"]}]},{\"@type\":\"WebPage\",\"@id\":\"https:\\\/\\\/www.castingnews.eu\\\/magazine\\\/2019\\\/07\\\/06\\\/due-serate-dedicate-ai-nuovi-registi-italiani-film-internazionali-documentari-e-talk-a-lisola-del-cinema\\\/\",\"url\":\"https:\\\/\\\/www.castingnews.eu\\\/magazine\\\/2019\\\/07\\\/06\\\/due-serate-dedicate-ai-nuovi-registi-italiani-film-internazionali-documentari-e-talk-a-lisola-del-cinema\\\/\",\"name\":\"Due serate dedicate ai nuovi registi italiani, film internazionali, documentari e talk a L'Isola del Cinema - Casting News Magazine\",\"isPartOf\":{\"@id\":\"https:\\\/\\\/www.castingnews.eu\\\/magazine\\\/#website\"},\"primaryImageOfPage\":{\"@id\":\"https:\\\/\\\/www.castingnews.eu\\\/magazine\\\/2019\\\/07\\\/06\\\/due-serate-dedicate-ai-nuovi-registi-italiani-film-internazionali-documentari-e-talk-a-lisola-del-cinema\\\/#primaryimage\"},\"image\":{\"@id\":\"https:\\\/\\\/www.castingnews.eu\\\/magazine\\\/2019\\\/07\\\/06\\\/due-serate-dedicate-ai-nuovi-registi-italiani-film-internazionali-documentari-e-talk-a-lisola-del-cinema\\\/#primaryimage\"},\"thumbnailUrl\":\"https:\\\/\\\/www.castingnews.eu\\\/magazine\\\/wp-content\\\/uploads\\\/2019\\\/06\\\/Isola-del-cinema.jpg\",\"datePublished\":\"2019-07-06T08:26:26+00:00\",\"dateModified\":\"2019-07-06T08:32:11+00:00\",\"author\":{\"@id\":\"https:\\\/\\\/www.castingnews.eu\\\/magazine\\\/#\\\/schema\\\/person\\\/099d71c568c9a7e5e4037b1594108f17\"},\"breadcrumb\":{\"@id\":\"https:\\\/\\\/www.castingnews.eu\\\/magazine\\\/2019\\\/07\\\/06\\\/due-serate-dedicate-ai-nuovi-registi-italiani-film-internazionali-documentari-e-talk-a-lisola-del-cinema\\\/#breadcrumb\"},\"inLanguage\":\"it-IT\",\"potentialAction\":[{\"@type\":\"ReadAction\",\"target\":[\"https:\\\/\\\/www.castingnews.eu\\\/magazine\\\/2019\\\/07\\\/06\\\/due-serate-dedicate-ai-nuovi-registi-italiani-film-internazionali-documentari-e-talk-a-lisola-del-cinema\\\/\"]}]},{\"@type\":\"ImageObject\",\"inLanguage\":\"it-IT\",\"@id\":\"https:\\\/\\\/www.castingnews.eu\\\/magazine\\\/2019\\\/07\\\/06\\\/due-serate-dedicate-ai-nuovi-registi-italiani-film-internazionali-documentari-e-talk-a-lisola-del-cinema\\\/#primaryimage\",\"url\":\"https:\\\/\\\/www.castingnews.eu\\\/magazine\\\/wp-content\\\/uploads\\\/2019\\\/06\\\/Isola-del-cinema.jpg\",\"contentUrl\":\"https:\\\/\\\/www.castingnews.eu\\\/magazine\\\/wp-content\\\/uploads\\\/2019\\\/06\\\/Isola-del-cinema.jpg\",\"width\":800,\"height\":668,\"caption\":\"Isola del cinema\"},{\"@type\":\"BreadcrumbList\",\"@id\":\"https:\\\/\\\/www.castingnews.eu\\\/magazine\\\/2019\\\/07\\\/06\\\/due-serate-dedicate-ai-nuovi-registi-italiani-film-internazionali-documentari-e-talk-a-lisola-del-cinema\\\/#breadcrumb\",\"itemListElement\":[{\"@type\":\"ListItem\",\"position\":1,\"name\":\"Home\",\"item\":\"https:\\\/\\\/www.castingnews.eu\\\/magazine\\\/\"},{\"@type\":\"ListItem\",\"position\":2,\"name\":\"Due serate dedicate ai nuovi registi italiani, film internazionali, documentari e talk a L&#8217;Isola del Cinema\"}]},{\"@type\":\"WebSite\",\"@id\":\"https:\\\/\\\/www.castingnews.eu\\\/magazine\\\/#website\",\"url\":\"https:\\\/\\\/www.castingnews.eu\\\/magazine\\\/\",\"name\":\"Casting News Magazine\",\"description\":\"News e aggiornamenti sui film, serie tv, teatro e festival italiani ed internazionali\",\"potentialAction\":[{\"@type\":\"SearchAction\",\"target\":{\"@type\":\"EntryPoint\",\"urlTemplate\":\"https:\\\/\\\/www.castingnews.eu\\\/magazine\\\/?s={search_term_string}\"},\"query-input\":{\"@type\":\"PropertyValueSpecification\",\"valueRequired\":true,\"valueName\":\"search_term_string\"}}],\"inLanguage\":\"it-IT\"},{\"@type\":\"Person\",\"@id\":\"https:\\\/\\\/www.castingnews.eu\\\/magazine\\\/#\\\/schema\\\/person\\\/099d71c568c9a7e5e4037b1594108f17\",\"name\":\"Redazione\",\"image\":{\"@type\":\"ImageObject\",\"inLanguage\":\"it-IT\",\"@id\":\"https:\\\/\\\/secure.gravatar.com\\\/avatar\\\/b73a087aa3bd279fb70d24f1960a91c82cf67619395b60b564c90e9e5d5325fc?s=96&d=mm&r=g\",\"url\":\"https:\\\/\\\/secure.gravatar.com\\\/avatar\\\/b73a087aa3bd279fb70d24f1960a91c82cf67619395b60b564c90e9e5d5325fc?s=96&d=mm&r=g\",\"contentUrl\":\"https:\\\/\\\/secure.gravatar.com\\\/avatar\\\/b73a087aa3bd279fb70d24f1960a91c82cf67619395b60b564c90e9e5d5325fc?s=96&d=mm&r=g\",\"caption\":\"Redazione\"},\"description\":\"News e aggiornamenti sui film, serie tv, teatro e festival italiani ed internazionali.\",\"url\":\"https:\\\/\\\/www.castingnews.eu\\\/magazine\\\/author\\\/redazione\\\/\"}]}<\/script>\r\n<!-- \/ Yoast SEO plugin. -->","yoast_head_json":{"title":"Due serate dedicate ai nuovi registi italiani, film internazionali, documentari e talk a L'Isola del Cinema - Casting News Magazine","robots":{"index":"index","follow":"follow","max-snippet":"max-snippet:-1","max-image-preview":"max-image-preview:large","max-video-preview":"max-video-preview:-1"},"canonical":"https:\/\/www.castingnews.eu\/magazine\/2019\/07\/06\/due-serate-dedicate-ai-nuovi-registi-italiani-film-internazionali-documentari-e-talk-a-lisola-del-cinema\/","og_locale":"it_IT","og_type":"article","og_title":"Due serate dedicate ai nuovi registi italiani, film internazionali, documentari e talk a L'Isola del Cinema - Casting News Magazine","og_description":"Riccardo Scamarcio, Valerio Mastandrea, Daniele Silvestri e Giovanni Anzaldo, attesi in Sala Groupama. Roma, 7- 8 Luglio 2109. Un osservatorio sulle migliori scoperte del Cinema Italiano, anche questo \u00e8 L\u2019Isola del Cinema, che nell\u2019ambito delle Opere Prime e Seconde presenta due serate in compagnia di protagonisti prestigiosi del panorama cinematografico e non solo, riconfermandosi come [&hellip;]","og_url":"https:\/\/www.castingnews.eu\/magazine\/2019\/07\/06\/due-serate-dedicate-ai-nuovi-registi-italiani-film-internazionali-documentari-e-talk-a-lisola-del-cinema\/","og_site_name":"Casting News Magazine","article_published_time":"2019-07-06T08:26:26+00:00","article_modified_time":"2019-07-06T08:32:11+00:00","og_image":[{"width":800,"height":668,"url":"https:\/\/www.castingnews.eu\/magazine\/wp-content\/uploads\/2019\/06\/Isola-del-cinema.jpg","type":"image\/jpeg"}],"author":"Redazione","twitter_card":"summary_large_image","twitter_misc":{"Scritto da":"Redazione","Tempo di lettura stimato":"4 minuti"},"schema":{"@context":"https:\/\/schema.org","@graph":[{"@type":"Article","@id":"https:\/\/www.castingnews.eu\/magazine\/2019\/07\/06\/due-serate-dedicate-ai-nuovi-registi-italiani-film-internazionali-documentari-e-talk-a-lisola-del-cinema\/#article","isPartOf":{"@id":"https:\/\/www.castingnews.eu\/magazine\/2019\/07\/06\/due-serate-dedicate-ai-nuovi-registi-italiani-film-internazionali-documentari-e-talk-a-lisola-del-cinema\/"},"author":{"name":"Redazione","@id":"https:\/\/www.castingnews.eu\/magazine\/#\/schema\/person\/099d71c568c9a7e5e4037b1594108f17"},"headline":"Due serate dedicate ai nuovi registi italiani, film internazionali, documentari e talk a L&#8217;Isola del Cinema","datePublished":"2019-07-06T08:26:26+00:00","dateModified":"2019-07-06T08:32:11+00:00","mainEntityOfPage":{"@id":"https:\/\/www.castingnews.eu\/magazine\/2019\/07\/06\/due-serate-dedicate-ai-nuovi-registi-italiani-film-internazionali-documentari-e-talk-a-lisola-del-cinema\/"},"wordCount":779,"commentCount":0,"image":{"@id":"https:\/\/www.castingnews.eu\/magazine\/2019\/07\/06\/due-serate-dedicate-ai-nuovi-registi-italiani-film-internazionali-documentari-e-talk-a-lisola-del-cinema\/#primaryimage"},"thumbnailUrl":"https:\/\/www.castingnews.eu\/magazine\/wp-content\/uploads\/2019\/06\/Isola-del-cinema.jpg","keywords":["Carlo Pavia","Cinema Italiano","Daniele Gaglianone","Daniele Silvestri","Dove bisogna stare","Emma Thompson","Euforia","European Focus","Festival","Giorgio Testi","Giovanni Anzaldo","Gran Bretagna","Isola del Cinema","L'Isola del Cinema","Nastro D\u2019Argento","Riccardo Scamarcio","Richard Eyre","Roma","Roma sotterranea fotografare il buio","Scusate se non piango","Stefano Collizzolli","The Children Act\u2013 Il Verdetto","Valeria Golino","Valerio Mastandrea"],"articleSection":["Festival","In primo piano"],"inLanguage":"it-IT","potentialAction":[{"@type":"CommentAction","name":"Comment","target":["https:\/\/www.castingnews.eu\/magazine\/2019\/07\/06\/due-serate-dedicate-ai-nuovi-registi-italiani-film-internazionali-documentari-e-talk-a-lisola-del-cinema\/#respond"]}]},{"@type":"WebPage","@id":"https:\/\/www.castingnews.eu\/magazine\/2019\/07\/06\/due-serate-dedicate-ai-nuovi-registi-italiani-film-internazionali-documentari-e-talk-a-lisola-del-cinema\/","url":"https:\/\/www.castingnews.eu\/magazine\/2019\/07\/06\/due-serate-dedicate-ai-nuovi-registi-italiani-film-internazionali-documentari-e-talk-a-lisola-del-cinema\/","name":"Due serate dedicate ai nuovi registi italiani, film internazionali, documentari e talk a L'Isola del Cinema - Casting News Magazine","isPartOf":{"@id":"https:\/\/www.castingnews.eu\/magazine\/#website"},"primaryImageOfPage":{"@id":"https:\/\/www.castingnews.eu\/magazine\/2019\/07\/06\/due-serate-dedicate-ai-nuovi-registi-italiani-film-internazionali-documentari-e-talk-a-lisola-del-cinema\/#primaryimage"},"image":{"@id":"https:\/\/www.castingnews.eu\/magazine\/2019\/07\/06\/due-serate-dedicate-ai-nuovi-registi-italiani-film-internazionali-documentari-e-talk-a-lisola-del-cinema\/#primaryimage"},"thumbnailUrl":"https:\/\/www.castingnews.eu\/magazine\/wp-content\/uploads\/2019\/06\/Isola-del-cinema.jpg","datePublished":"2019-07-06T08:26:26+00:00","dateModified":"2019-07-06T08:32:11+00:00","author":{"@id":"https:\/\/www.castingnews.eu\/magazine\/#\/schema\/person\/099d71c568c9a7e5e4037b1594108f17"},"breadcrumb":{"@id":"https:\/\/www.castingnews.eu\/magazine\/2019\/07\/06\/due-serate-dedicate-ai-nuovi-registi-italiani-film-internazionali-documentari-e-talk-a-lisola-del-cinema\/#breadcrumb"},"inLanguage":"it-IT","potentialAction":[{"@type":"ReadAction","target":["https:\/\/www.castingnews.eu\/magazine\/2019\/07\/06\/due-serate-dedicate-ai-nuovi-registi-italiani-film-internazionali-documentari-e-talk-a-lisola-del-cinema\/"]}]},{"@type":"ImageObject","inLanguage":"it-IT","@id":"https:\/\/www.castingnews.eu\/magazine\/2019\/07\/06\/due-serate-dedicate-ai-nuovi-registi-italiani-film-internazionali-documentari-e-talk-a-lisola-del-cinema\/#primaryimage","url":"https:\/\/www.castingnews.eu\/magazine\/wp-content\/uploads\/2019\/06\/Isola-del-cinema.jpg","contentUrl":"https:\/\/www.castingnews.eu\/magazine\/wp-content\/uploads\/2019\/06\/Isola-del-cinema.jpg","width":800,"height":668,"caption":"Isola del cinema"},{"@type":"BreadcrumbList","@id":"https:\/\/www.castingnews.eu\/magazine\/2019\/07\/06\/due-serate-dedicate-ai-nuovi-registi-italiani-film-internazionali-documentari-e-talk-a-lisola-del-cinema\/#breadcrumb","itemListElement":[{"@type":"ListItem","position":1,"name":"Home","item":"https:\/\/www.castingnews.eu\/magazine\/"},{"@type":"ListItem","position":2,"name":"Due serate dedicate ai nuovi registi italiani, film internazionali, documentari e talk a L&#8217;Isola del Cinema"}]},{"@type":"WebSite","@id":"https:\/\/www.castingnews.eu\/magazine\/#website","url":"https:\/\/www.castingnews.eu\/magazine\/","name":"Casting News Magazine","description":"News e aggiornamenti sui film, serie tv, teatro e festival italiani ed internazionali","potentialAction":[{"@type":"SearchAction","target":{"@type":"EntryPoint","urlTemplate":"https:\/\/www.castingnews.eu\/magazine\/?s={search_term_string}"},"query-input":{"@type":"PropertyValueSpecification","valueRequired":true,"valueName":"search_term_string"}}],"inLanguage":"it-IT"},{"@type":"Person","@id":"https:\/\/www.castingnews.eu\/magazine\/#\/schema\/person\/099d71c568c9a7e5e4037b1594108f17","name":"Redazione","image":{"@type":"ImageObject","inLanguage":"it-IT","@id":"https:\/\/secure.gravatar.com\/avatar\/b73a087aa3bd279fb70d24f1960a91c82cf67619395b60b564c90e9e5d5325fc?s=96&d=mm&r=g","url":"https:\/\/secure.gravatar.com\/avatar\/b73a087aa3bd279fb70d24f1960a91c82cf67619395b60b564c90e9e5d5325fc?s=96&d=mm&r=g","contentUrl":"https:\/\/secure.gravatar.com\/avatar\/b73a087aa3bd279fb70d24f1960a91c82cf67619395b60b564c90e9e5d5325fc?s=96&d=mm&r=g","caption":"Redazione"},"description":"News e aggiornamenti sui film, serie tv, teatro e festival italiani ed internazionali.","url":"https:\/\/www.castingnews.eu\/magazine\/author\/redazione\/"}]}},"_links":{"self":[{"href":"https:\/\/www.castingnews.eu\/magazine\/wp-json\/wp\/v2\/posts\/2763","targetHints":{"allow":["GET"]}}],"collection":[{"href":"https:\/\/www.castingnews.eu\/magazine\/wp-json\/wp\/v2\/posts"}],"about":[{"href":"https:\/\/www.castingnews.eu\/magazine\/wp-json\/wp\/v2\/types\/post"}],"author":[{"embeddable":true,"href":"https:\/\/www.castingnews.eu\/magazine\/wp-json\/wp\/v2\/users\/1"}],"replies":[{"embeddable":true,"href":"https:\/\/www.castingnews.eu\/magazine\/wp-json\/wp\/v2\/comments?post=2763"}],"version-history":[{"count":2,"href":"https:\/\/www.castingnews.eu\/magazine\/wp-json\/wp\/v2\/posts\/2763\/revisions"}],"predecessor-version":[{"id":2765,"href":"https:\/\/www.castingnews.eu\/magazine\/wp-json\/wp\/v2\/posts\/2763\/revisions\/2765"}],"wp:featuredmedia":[{"embeddable":true,"href":"https:\/\/www.castingnews.eu\/magazine\/wp-json\/wp\/v2\/media\/2665"}],"wp:attachment":[{"href":"https:\/\/www.castingnews.eu\/magazine\/wp-json\/wp\/v2\/media?parent=2763"}],"wp:term":[{"taxonomy":"category","embeddable":true,"href":"https:\/\/www.castingnews.eu\/magazine\/wp-json\/wp\/v2\/categories?post=2763"},{"taxonomy":"post_tag","embeddable":true,"href":"https:\/\/www.castingnews.eu\/magazine\/wp-json\/wp\/v2\/tags?post=2763"}],"curies":[{"name":"wp","href":"https:\/\/api.w.org\/{rel}","templated":true}]}}