{"id":2749,"date":"2019-07-02T14:37:53","date_gmt":"2019-07-02T12:37:53","guid":{"rendered":"https:\/\/www.castingnews.eu\/magazine\/?p=2749"},"modified":"2019-07-02T14:38:09","modified_gmt":"2019-07-02T12:38:09","slug":"lisola-del-cinema-programma-dal-2-al-6-luglio-2019","status":"publish","type":"post","link":"https:\/\/www.castingnews.eu\/magazine\/2019\/07\/02\/lisola-del-cinema-programma-dal-2-al-6-luglio-2019\/","title":{"rendered":"L\u2019Isola del Cinema: Programma dal 2 al 6 luglio 2019"},"content":{"rendered":"\n<p><strong>L\u2019Isola del Cinema anche questa settimana propone un\u2019accurata selezione di film, italiani e internazionali, incontri culturali e presentazioni letterarie.<\/strong><br> Il 2 Luglio alle ore 21,30 presso l\u2019Arena Groupama, nell\u2019ambito del Premio Groupama Opere Prima e Seconda, ideato per valorizzare e promuovere i nuovi registi emergenti, \u00e8 la volta di CROCE E DELIZIA di Simone Godano, in sala insieme al giovane coprotagonista Filippo Scicchitano per presentare la sua nuova commedia corale, che indaga e mette in luce, attraverso l\u2019incontro e lo scontro tra due universi opposti, le ipocrisie celate dietro ogni nucleo familiare. Continua anche in questa nuova pellicola il proficuo sodalizio tra Simone Godano e Giulia Luise Steigerwalt, che firma la sceneggiatura del suo secondo lungometraggio, dando vita ad un film di forte attualit\u00e0, che tratta il tema della diversit\u00e0 con leggerezza e una sottile ironia alla portata di tutti. Due famiglie, una anticonformista e indipendente, l\u2019altra, tradizionale e calorosa, si trovano a trascorrere le vacanze estive insieme. Due mondi apparentemente inconciliabili che si conoscono, si scontrano, si innamorano e si scelgono. La pellicola \u00e8 arricchita dall\u2019interpretazione di grandi attori del calibro di Fabrizio Bentivoglio, Alessandro Gassman e Jasmine Trinca.<\/p><div class=\"6d3639e8c6ac292cde400fad8ff8a5b9\" data-index=\"1\" style=\"float: none; margin:10px 0 10px 0; text-align:center;\">\n<script async src=\"\/\/pagead2.googlesyndication.com\/pagead\/js\/adsbygoogle.js\"><\/script>\r\n<!-- Casting Bambini NEW -->\r\n<ins class=\"adsbygoogle\"\r\n     style=\"display:inline-block;width:336px;height:280px\"\r\n     data-ad-client=\"ca-pub-5538097485429833\"\r\n     data-ad-slot=\"5127154445\"><\/ins>\r\n<script>\r\n(adsbygoogle = window.adsbygoogle || []).push({});\r\n<\/script>\n<\/div>\n\n\n\n\n<p>Sempre il 2 luglio alle ore 22,00 presso il Cinelab si attraversa simbolicamente l\u2019oceano per assistere alla proiezione del film LA ZONA MORTA diretto da David Cronenberg e tratto dall&#8217;omonimo romanzo dell\u2019autore di bestseller Stephen King. Un film emozionante, grazie ad una sceneggiatura originale, che ha come protagonista Johnny Smith, giovane insegnante in una scuola nordamericana, che si risveglia dopo cinque anni da un coma profondo, trovandosi di fronte a molte novit\u00e0: ha perso il lavoro e la sua fidanzata, che ha formato una nuova famiglia con un\u2019altra persona. Man a mano che recupera il suo stato di salute, grazie alle cure e alla guida dello psichiatra dott. Weizak, scoprir\u00e0 di avere acquisito poteri paranormali: \u00e8 in grado di predire il futuro di tutte le persone con cui entra in contatto fisico.<\/p>\n\n\n\n<p>Il 3 luglio, nell\u2019ambito della Sezione Isola Mondo, alle ore 21,30 presso l\u2019Arena Groupama, si accendono i riflettori su Israele, con il film ALL IN di Yonatan Bar-Ilan: quattro ex compagni di liceo si ritrovano dopo vent\u2019anni per una partita di Poker, ma vecchi rancori mai sopiti verranno fuori e la posta in gioco sar\u00e0 molto alta. <\/p>\n\n\n\n<p>Il 3 luglio alle ore 22,00 presso il Cinelab arriva il film, acclamato dalla critica internazionale, DISOBEDIENCE di Sebasti\u00e1n Lelio su una storia d\u2019amore scandalosa tra due donne che sfidano le convenzioni della comunit\u00e0 ebraica ortodossa nella Londra contemporanea. Una pellicola che tratta di libert\u00e0, coraggio, forza, un\u2019appassionata indagine sulla femminilit\u00e0 e sui pregiudizi che ancora ne condizionano la libera espressione.<\/p>\n\n\n\n<p>Il 4 luglio, alle 21,30 all\u2019Arena Groupama, torna l\u2019appuntamento con il Isola Mondo che questa volta ci far\u00e0 volare in Giappone per una serata dedicata all\u2019affascinante cultura del Sol Levante, in collaborazione con l&#8217;Ambasciata del Giappone, l&#8217;Istituto Giapponese di Cultura e l&#8217;Ente Nazionale del Turismo Giapponese. Per l\u2019occasione verr\u00e0 presentato, in anteprima italiana, il film BORN BONE BORN di Toshiyuki Teruya, una storia familiare, tra dramma e ironia, ambientata in una remota isola di Okinawa, attraverso cui scoprire antichi rituali, paesaggi, culture e usanze delle isole a sud ovest dell&#8217;arcipelago giapponese.<\/p>\n\n\n\n<p>Il 5 luglio la storia dell\u2019iconica rock band dei Queen e del loro frontman Freddie Mercury arriva sul grande schermo dell\u2019Arena Groupama, alle ore 21,30, con il biopic musicale BOHEMIAN RHAPSODY, diretto da Bryan Singer. La genialit\u00e0, le contraddizioni, i segreti, le vicende, i tormenti, l\u2019ascesa al successo, la crisi, le paure, la sfida agli stereotipi e alle convenzioni della band che ha cambiato per sempre la storia della musica. Un film che continua a collezionare premi e consensi, con numeri da record in Italia: \u00e8 tra i film pi\u00f9 visti nel nostro paese. Sempre in Arena, dalle ore 19,00 alle ore 21,00, precede la proiezione del film l\u2019evento: ISOLA DEI POETI ANNO X. Una rassegna di poesia a cura di Francesca Farina e Roberto Piperno con la partecipazione dei poeti: Diletta Cappannini, Tomaso Kemeny, Marina Marchesiello, Vincenzo Mastropirro, Marzia Spinelli, Sasha Piersanti.<\/p>\n\n\n\n<p>Il 6 luglio, alle ore 21,30 presso la Sala Arena Groupama, il film che ha segnato il debutto come regista di Bradley Cooper: A STAR IS BORN, remake del musical \u00c8 nata una stella. Il film \u00e8 stato inserito dall&#8217;American Film Institute tra i dieci migliori film del 2018 ed ha ricevuto 8 candidature e vinto un Premio Oscar. Cooper, insieme a Lady Gaga, nel suo primo ruolo da protagonista in un film, danno vita ad una tormentata storia d\u2019amore che vede Jackson Maine, musicista di successo sul viale del tramonto, innamorato della squattrinata artista Ally. Lei ha da poco chiuso in un cassetto il suo sogno di diventare una grande cantante, fino a quando Jack la convince a tornare sul palcoscenico. Mentre la carriera di Ally inizia a spiccare il volo, il lato privato della loro relazione sta perdendo colpi a causa della battaglia che Jack conduce contro i suoi demoni interiori.<\/p>\n\n\n\n<p>Sempre il 6 luglio al Cinelab, alle ore 19.00, nella sezione CINEMA&amp;LIBRI, avranno inizio il ciclo di presentazioni letterarie a cura di Giovanni Fabiano, Maria Castaldo, Flaminia Marinaro. E, a seguire, la proiezione del film LA DOULEUR di Emmanuel Finkiel, tratto dal testo autobiografico di Marguerite Duras, La douleur. Marguerite \u00e8 una giovane donna attiva nella Resistenza francese contro il nazismo. Lavora in una casa editrice e scrive. Suo marito, Robert, viene arrestato dalla Gestapo e successivamente verr\u00e0 deportato in un campo di sterminio in Germania. A questo punto la donna decide di instaurare una relazione con un agente della Gestapo per tentare di salvare l&#8217;uomo che ama.<\/p>\n\n\n\n<p>In conclusione, il 6 luglio, alle ore 21.30 presso lo spazio Gregory\u2019s Stage, si terr\u00e0 la serata evento: MI CHIAMANO SBANDATO &#8211; RACCONTI E POESIE DAL CARCERE, di Edmond, edito dalla casa editrice Il Galeone. Una lettura dei racconti e delle poesie tratte da un&#8217;antologia che trascina il lettore dentro a un mondo di sofferenza e dolore, ma soprattutto di rabbia e voglia di riscatto, con le voci di Marcello Fonte, Edoardo Pesce, Marco Cocci e Nicholas Gallo e l\u2019accompagnamento musicale di Marco Cocci. Media partner della serata: Radio Sonica.<\/p>\n\n\n\n<p>Per informazioni:<br>\nOrari: L\u2019Isola del Cinema \u00e8 aperta tutti i giorni dal 13 giugno al 1 settembre 2019, dalle ore 18 alle ore 02<br>\nSale: Le sale dedicate alle proiezioni, agli incontri e agli eventi collaterali sono cinque.<br>\nNella sala Arena e Cinelab si accede con un biglietto a pagamento. La sala Schermo Tevere e la Sala dell\u2019Assunta sono spazi gratuiti.<br>\nBiglietti: La Biglietteria per le sale Arena e Cinelab \u00e8 UNICA, si trova presso la Sala Arena ed \u00e8 aperta tutti i giorni dalle ore 20.00 alle ore 22.30. Il costo dei biglietti \u00e8 di 6 euro (Arena) e 4 euro (Cinelab)<br>\nDove: Isola Tiberina (Piazza San Bartolomeo all\u2019Isola) <br>\nContatti: Tel. 0690214524 dal luned\u00ec al venerd\u00ec, ore 10:00 \u2013 17:00<\/p>\n\n<div style=\"font-size: 0px; height: 0px; line-height: 0px; margin: 0; padding: 0; clear: both;\"><\/div>","protected":false},"excerpt":{"rendered":"<p>L\u2019Isola del Cinema anche questa settimana propone un\u2019accurata selezione di film, italiani e internazionali, incontri culturali e presentazioni letterarie. Il 2 Luglio alle ore 21,30 presso l\u2019Arena Groupama, nell\u2019ambito del Premio Groupama Opere Prima e Seconda, ideato per valorizzare e promuovere i nuovi registi emergenti, \u00e8 la volta di CROCE E DELIZIA di Simone Godano, [&hellip;]<\/p>\n","protected":false},"author":1,"featured_media":2665,"comment_status":"open","ping_status":"open","sticky":false,"template":"","format":"standard","meta":{"tdm_status":"","tdm_grid_status":"","footnotes":""},"categories":[11,1533],"tags":[],"class_list":{"0":"post-2749","1":"post","2":"type-post","3":"status-publish","4":"format-standard","5":"has-post-thumbnail","7":"category-festival","8":"category-featured"},"yoast_head":"<!-- This site is optimized with the Yoast SEO plugin v27.4 - https:\/\/yoast.com\/product\/yoast-seo-wordpress\/ -->\r\n<title>L\u2019Isola del Cinema: Programma dal 2 al 6 luglio 2019 - Casting News Magazine<\/title>\r\n<meta name=\"robots\" content=\"index, follow, max-snippet:-1, max-image-preview:large, max-video-preview:-1\" \/>\r\n<link rel=\"canonical\" href=\"https:\/\/www.castingnews.eu\/magazine\/2019\/07\/02\/lisola-del-cinema-programma-dal-2-al-6-luglio-2019\/\" \/>\r\n<meta property=\"og:locale\" content=\"it_IT\" \/>\r\n<meta property=\"og:type\" content=\"article\" \/>\r\n<meta property=\"og:title\" content=\"L\u2019Isola del Cinema: Programma dal 2 al 6 luglio 2019 - Casting News Magazine\" \/>\r\n<meta property=\"og:description\" content=\"L\u2019Isola del Cinema anche questa settimana propone un\u2019accurata selezione di film, italiani e internazionali, incontri culturali e presentazioni letterarie. Il 2 Luglio alle ore 21,30 presso l\u2019Arena Groupama, nell\u2019ambito del Premio Groupama Opere Prima e Seconda, ideato per valorizzare e promuovere i nuovi registi emergenti, \u00e8 la volta di CROCE E DELIZIA di Simone Godano, [&hellip;]\" \/>\r\n<meta property=\"og:url\" content=\"https:\/\/www.castingnews.eu\/magazine\/2019\/07\/02\/lisola-del-cinema-programma-dal-2-al-6-luglio-2019\/\" \/>\r\n<meta property=\"og:site_name\" content=\"Casting News Magazine\" \/>\r\n<meta property=\"article:published_time\" content=\"2019-07-02T12:37:53+00:00\" \/>\r\n<meta property=\"article:modified_time\" content=\"2019-07-02T12:38:09+00:00\" \/>\r\n<meta property=\"og:image\" content=\"https:\/\/www.castingnews.eu\/magazine\/wp-content\/uploads\/2019\/06\/Isola-del-cinema.jpg\" \/>\r\n\t<meta property=\"og:image:width\" content=\"800\" \/>\r\n\t<meta property=\"og:image:height\" content=\"668\" \/>\r\n\t<meta property=\"og:image:type\" content=\"image\/jpeg\" \/>\r\n<meta name=\"author\" content=\"Redazione\" \/>\r\n<meta name=\"twitter:card\" content=\"summary_large_image\" \/>\r\n<meta name=\"twitter:label1\" content=\"Scritto da\" \/>\n\t<meta name=\"twitter:data1\" content=\"Redazione\" \/>\n\t<meta name=\"twitter:label2\" content=\"Tempo di lettura stimato\" \/>\n\t<meta name=\"twitter:data2\" content=\"6 minuti\" \/>\r\n<script type=\"application\/ld+json\" class=\"yoast-schema-graph\">{\"@context\":\"https:\\\/\\\/schema.org\",\"@graph\":[{\"@type\":\"Article\",\"@id\":\"https:\\\/\\\/www.castingnews.eu\\\/magazine\\\/2019\\\/07\\\/02\\\/lisola-del-cinema-programma-dal-2-al-6-luglio-2019\\\/#article\",\"isPartOf\":{\"@id\":\"https:\\\/\\\/www.castingnews.eu\\\/magazine\\\/2019\\\/07\\\/02\\\/lisola-del-cinema-programma-dal-2-al-6-luglio-2019\\\/\"},\"author\":{\"name\":\"Redazione\",\"@id\":\"https:\\\/\\\/www.castingnews.eu\\\/magazine\\\/#\\\/schema\\\/person\\\/099d71c568c9a7e5e4037b1594108f17\"},\"headline\":\"L\u2019Isola del Cinema: Programma dal 2 al 6 luglio 2019\",\"datePublished\":\"2019-07-02T12:37:53+00:00\",\"dateModified\":\"2019-07-02T12:38:09+00:00\",\"mainEntityOfPage\":{\"@id\":\"https:\\\/\\\/www.castingnews.eu\\\/magazine\\\/2019\\\/07\\\/02\\\/lisola-del-cinema-programma-dal-2-al-6-luglio-2019\\\/\"},\"wordCount\":1148,\"commentCount\":0,\"image\":{\"@id\":\"https:\\\/\\\/www.castingnews.eu\\\/magazine\\\/2019\\\/07\\\/02\\\/lisola-del-cinema-programma-dal-2-al-6-luglio-2019\\\/#primaryimage\"},\"thumbnailUrl\":\"https:\\\/\\\/www.castingnews.eu\\\/magazine\\\/wp-content\\\/uploads\\\/2019\\\/06\\\/Isola-del-cinema.jpg\",\"articleSection\":[\"Festival\",\"In primo piano\"],\"inLanguage\":\"it-IT\",\"potentialAction\":[{\"@type\":\"CommentAction\",\"name\":\"Comment\",\"target\":[\"https:\\\/\\\/www.castingnews.eu\\\/magazine\\\/2019\\\/07\\\/02\\\/lisola-del-cinema-programma-dal-2-al-6-luglio-2019\\\/#respond\"]}]},{\"@type\":\"WebPage\",\"@id\":\"https:\\\/\\\/www.castingnews.eu\\\/magazine\\\/2019\\\/07\\\/02\\\/lisola-del-cinema-programma-dal-2-al-6-luglio-2019\\\/\",\"url\":\"https:\\\/\\\/www.castingnews.eu\\\/magazine\\\/2019\\\/07\\\/02\\\/lisola-del-cinema-programma-dal-2-al-6-luglio-2019\\\/\",\"name\":\"L\u2019Isola del Cinema: Programma dal 2 al 6 luglio 2019 - Casting News Magazine\",\"isPartOf\":{\"@id\":\"https:\\\/\\\/www.castingnews.eu\\\/magazine\\\/#website\"},\"primaryImageOfPage\":{\"@id\":\"https:\\\/\\\/www.castingnews.eu\\\/magazine\\\/2019\\\/07\\\/02\\\/lisola-del-cinema-programma-dal-2-al-6-luglio-2019\\\/#primaryimage\"},\"image\":{\"@id\":\"https:\\\/\\\/www.castingnews.eu\\\/magazine\\\/2019\\\/07\\\/02\\\/lisola-del-cinema-programma-dal-2-al-6-luglio-2019\\\/#primaryimage\"},\"thumbnailUrl\":\"https:\\\/\\\/www.castingnews.eu\\\/magazine\\\/wp-content\\\/uploads\\\/2019\\\/06\\\/Isola-del-cinema.jpg\",\"datePublished\":\"2019-07-02T12:37:53+00:00\",\"dateModified\":\"2019-07-02T12:38:09+00:00\",\"author\":{\"@id\":\"https:\\\/\\\/www.castingnews.eu\\\/magazine\\\/#\\\/schema\\\/person\\\/099d71c568c9a7e5e4037b1594108f17\"},\"breadcrumb\":{\"@id\":\"https:\\\/\\\/www.castingnews.eu\\\/magazine\\\/2019\\\/07\\\/02\\\/lisola-del-cinema-programma-dal-2-al-6-luglio-2019\\\/#breadcrumb\"},\"inLanguage\":\"it-IT\",\"potentialAction\":[{\"@type\":\"ReadAction\",\"target\":[\"https:\\\/\\\/www.castingnews.eu\\\/magazine\\\/2019\\\/07\\\/02\\\/lisola-del-cinema-programma-dal-2-al-6-luglio-2019\\\/\"]}]},{\"@type\":\"ImageObject\",\"inLanguage\":\"it-IT\",\"@id\":\"https:\\\/\\\/www.castingnews.eu\\\/magazine\\\/2019\\\/07\\\/02\\\/lisola-del-cinema-programma-dal-2-al-6-luglio-2019\\\/#primaryimage\",\"url\":\"https:\\\/\\\/www.castingnews.eu\\\/magazine\\\/wp-content\\\/uploads\\\/2019\\\/06\\\/Isola-del-cinema.jpg\",\"contentUrl\":\"https:\\\/\\\/www.castingnews.eu\\\/magazine\\\/wp-content\\\/uploads\\\/2019\\\/06\\\/Isola-del-cinema.jpg\",\"width\":800,\"height\":668,\"caption\":\"Isola del cinema\"},{\"@type\":\"BreadcrumbList\",\"@id\":\"https:\\\/\\\/www.castingnews.eu\\\/magazine\\\/2019\\\/07\\\/02\\\/lisola-del-cinema-programma-dal-2-al-6-luglio-2019\\\/#breadcrumb\",\"itemListElement\":[{\"@type\":\"ListItem\",\"position\":1,\"name\":\"Home\",\"item\":\"https:\\\/\\\/www.castingnews.eu\\\/magazine\\\/\"},{\"@type\":\"ListItem\",\"position\":2,\"name\":\"L\u2019Isola del Cinema: Programma dal 2 al 6 luglio 2019\"}]},{\"@type\":\"WebSite\",\"@id\":\"https:\\\/\\\/www.castingnews.eu\\\/magazine\\\/#website\",\"url\":\"https:\\\/\\\/www.castingnews.eu\\\/magazine\\\/\",\"name\":\"Casting News Magazine\",\"description\":\"News e aggiornamenti sui film, serie tv, teatro e festival italiani ed internazionali\",\"potentialAction\":[{\"@type\":\"SearchAction\",\"target\":{\"@type\":\"EntryPoint\",\"urlTemplate\":\"https:\\\/\\\/www.castingnews.eu\\\/magazine\\\/?s={search_term_string}\"},\"query-input\":{\"@type\":\"PropertyValueSpecification\",\"valueRequired\":true,\"valueName\":\"search_term_string\"}}],\"inLanguage\":\"it-IT\"},{\"@type\":\"Person\",\"@id\":\"https:\\\/\\\/www.castingnews.eu\\\/magazine\\\/#\\\/schema\\\/person\\\/099d71c568c9a7e5e4037b1594108f17\",\"name\":\"Redazione\",\"image\":{\"@type\":\"ImageObject\",\"inLanguage\":\"it-IT\",\"@id\":\"https:\\\/\\\/secure.gravatar.com\\\/avatar\\\/b73a087aa3bd279fb70d24f1960a91c82cf67619395b60b564c90e9e5d5325fc?s=96&d=mm&r=g\",\"url\":\"https:\\\/\\\/secure.gravatar.com\\\/avatar\\\/b73a087aa3bd279fb70d24f1960a91c82cf67619395b60b564c90e9e5d5325fc?s=96&d=mm&r=g\",\"contentUrl\":\"https:\\\/\\\/secure.gravatar.com\\\/avatar\\\/b73a087aa3bd279fb70d24f1960a91c82cf67619395b60b564c90e9e5d5325fc?s=96&d=mm&r=g\",\"caption\":\"Redazione\"},\"description\":\"News e aggiornamenti sui film, serie tv, teatro e festival italiani ed internazionali.\",\"url\":\"https:\\\/\\\/www.castingnews.eu\\\/magazine\\\/author\\\/redazione\\\/\"}]}<\/script>\r\n<!-- \/ Yoast SEO plugin. -->","yoast_head_json":{"title":"L\u2019Isola del Cinema: Programma dal 2 al 6 luglio 2019 - Casting News Magazine","robots":{"index":"index","follow":"follow","max-snippet":"max-snippet:-1","max-image-preview":"max-image-preview:large","max-video-preview":"max-video-preview:-1"},"canonical":"https:\/\/www.castingnews.eu\/magazine\/2019\/07\/02\/lisola-del-cinema-programma-dal-2-al-6-luglio-2019\/","og_locale":"it_IT","og_type":"article","og_title":"L\u2019Isola del Cinema: Programma dal 2 al 6 luglio 2019 - Casting News Magazine","og_description":"L\u2019Isola del Cinema anche questa settimana propone un\u2019accurata selezione di film, italiani e internazionali, incontri culturali e presentazioni letterarie. Il 2 Luglio alle ore 21,30 presso l\u2019Arena Groupama, nell\u2019ambito del Premio Groupama Opere Prima e Seconda, ideato per valorizzare e promuovere i nuovi registi emergenti, \u00e8 la volta di CROCE E DELIZIA di Simone Godano, [&hellip;]","og_url":"https:\/\/www.castingnews.eu\/magazine\/2019\/07\/02\/lisola-del-cinema-programma-dal-2-al-6-luglio-2019\/","og_site_name":"Casting News Magazine","article_published_time":"2019-07-02T12:37:53+00:00","article_modified_time":"2019-07-02T12:38:09+00:00","og_image":[{"width":800,"height":668,"url":"https:\/\/www.castingnews.eu\/magazine\/wp-content\/uploads\/2019\/06\/Isola-del-cinema.jpg","type":"image\/jpeg"}],"author":"Redazione","twitter_card":"summary_large_image","twitter_misc":{"Scritto da":"Redazione","Tempo di lettura stimato":"6 minuti"},"schema":{"@context":"https:\/\/schema.org","@graph":[{"@type":"Article","@id":"https:\/\/www.castingnews.eu\/magazine\/2019\/07\/02\/lisola-del-cinema-programma-dal-2-al-6-luglio-2019\/#article","isPartOf":{"@id":"https:\/\/www.castingnews.eu\/magazine\/2019\/07\/02\/lisola-del-cinema-programma-dal-2-al-6-luglio-2019\/"},"author":{"name":"Redazione","@id":"https:\/\/www.castingnews.eu\/magazine\/#\/schema\/person\/099d71c568c9a7e5e4037b1594108f17"},"headline":"L\u2019Isola del Cinema: Programma dal 2 al 6 luglio 2019","datePublished":"2019-07-02T12:37:53+00:00","dateModified":"2019-07-02T12:38:09+00:00","mainEntityOfPage":{"@id":"https:\/\/www.castingnews.eu\/magazine\/2019\/07\/02\/lisola-del-cinema-programma-dal-2-al-6-luglio-2019\/"},"wordCount":1148,"commentCount":0,"image":{"@id":"https:\/\/www.castingnews.eu\/magazine\/2019\/07\/02\/lisola-del-cinema-programma-dal-2-al-6-luglio-2019\/#primaryimage"},"thumbnailUrl":"https:\/\/www.castingnews.eu\/magazine\/wp-content\/uploads\/2019\/06\/Isola-del-cinema.jpg","articleSection":["Festival","In primo piano"],"inLanguage":"it-IT","potentialAction":[{"@type":"CommentAction","name":"Comment","target":["https:\/\/www.castingnews.eu\/magazine\/2019\/07\/02\/lisola-del-cinema-programma-dal-2-al-6-luglio-2019\/#respond"]}]},{"@type":"WebPage","@id":"https:\/\/www.castingnews.eu\/magazine\/2019\/07\/02\/lisola-del-cinema-programma-dal-2-al-6-luglio-2019\/","url":"https:\/\/www.castingnews.eu\/magazine\/2019\/07\/02\/lisola-del-cinema-programma-dal-2-al-6-luglio-2019\/","name":"L\u2019Isola del Cinema: Programma dal 2 al 6 luglio 2019 - Casting News Magazine","isPartOf":{"@id":"https:\/\/www.castingnews.eu\/magazine\/#website"},"primaryImageOfPage":{"@id":"https:\/\/www.castingnews.eu\/magazine\/2019\/07\/02\/lisola-del-cinema-programma-dal-2-al-6-luglio-2019\/#primaryimage"},"image":{"@id":"https:\/\/www.castingnews.eu\/magazine\/2019\/07\/02\/lisola-del-cinema-programma-dal-2-al-6-luglio-2019\/#primaryimage"},"thumbnailUrl":"https:\/\/www.castingnews.eu\/magazine\/wp-content\/uploads\/2019\/06\/Isola-del-cinema.jpg","datePublished":"2019-07-02T12:37:53+00:00","dateModified":"2019-07-02T12:38:09+00:00","author":{"@id":"https:\/\/www.castingnews.eu\/magazine\/#\/schema\/person\/099d71c568c9a7e5e4037b1594108f17"},"breadcrumb":{"@id":"https:\/\/www.castingnews.eu\/magazine\/2019\/07\/02\/lisola-del-cinema-programma-dal-2-al-6-luglio-2019\/#breadcrumb"},"inLanguage":"it-IT","potentialAction":[{"@type":"ReadAction","target":["https:\/\/www.castingnews.eu\/magazine\/2019\/07\/02\/lisola-del-cinema-programma-dal-2-al-6-luglio-2019\/"]}]},{"@type":"ImageObject","inLanguage":"it-IT","@id":"https:\/\/www.castingnews.eu\/magazine\/2019\/07\/02\/lisola-del-cinema-programma-dal-2-al-6-luglio-2019\/#primaryimage","url":"https:\/\/www.castingnews.eu\/magazine\/wp-content\/uploads\/2019\/06\/Isola-del-cinema.jpg","contentUrl":"https:\/\/www.castingnews.eu\/magazine\/wp-content\/uploads\/2019\/06\/Isola-del-cinema.jpg","width":800,"height":668,"caption":"Isola del cinema"},{"@type":"BreadcrumbList","@id":"https:\/\/www.castingnews.eu\/magazine\/2019\/07\/02\/lisola-del-cinema-programma-dal-2-al-6-luglio-2019\/#breadcrumb","itemListElement":[{"@type":"ListItem","position":1,"name":"Home","item":"https:\/\/www.castingnews.eu\/magazine\/"},{"@type":"ListItem","position":2,"name":"L\u2019Isola del Cinema: Programma dal 2 al 6 luglio 2019"}]},{"@type":"WebSite","@id":"https:\/\/www.castingnews.eu\/magazine\/#website","url":"https:\/\/www.castingnews.eu\/magazine\/","name":"Casting News Magazine","description":"News e aggiornamenti sui film, serie tv, teatro e festival italiani ed internazionali","potentialAction":[{"@type":"SearchAction","target":{"@type":"EntryPoint","urlTemplate":"https:\/\/www.castingnews.eu\/magazine\/?s={search_term_string}"},"query-input":{"@type":"PropertyValueSpecification","valueRequired":true,"valueName":"search_term_string"}}],"inLanguage":"it-IT"},{"@type":"Person","@id":"https:\/\/www.castingnews.eu\/magazine\/#\/schema\/person\/099d71c568c9a7e5e4037b1594108f17","name":"Redazione","image":{"@type":"ImageObject","inLanguage":"it-IT","@id":"https:\/\/secure.gravatar.com\/avatar\/b73a087aa3bd279fb70d24f1960a91c82cf67619395b60b564c90e9e5d5325fc?s=96&d=mm&r=g","url":"https:\/\/secure.gravatar.com\/avatar\/b73a087aa3bd279fb70d24f1960a91c82cf67619395b60b564c90e9e5d5325fc?s=96&d=mm&r=g","contentUrl":"https:\/\/secure.gravatar.com\/avatar\/b73a087aa3bd279fb70d24f1960a91c82cf67619395b60b564c90e9e5d5325fc?s=96&d=mm&r=g","caption":"Redazione"},"description":"News e aggiornamenti sui film, serie tv, teatro e festival italiani ed internazionali.","url":"https:\/\/www.castingnews.eu\/magazine\/author\/redazione\/"}]}},"_links":{"self":[{"href":"https:\/\/www.castingnews.eu\/magazine\/wp-json\/wp\/v2\/posts\/2749","targetHints":{"allow":["GET"]}}],"collection":[{"href":"https:\/\/www.castingnews.eu\/magazine\/wp-json\/wp\/v2\/posts"}],"about":[{"href":"https:\/\/www.castingnews.eu\/magazine\/wp-json\/wp\/v2\/types\/post"}],"author":[{"embeddable":true,"href":"https:\/\/www.castingnews.eu\/magazine\/wp-json\/wp\/v2\/users\/1"}],"replies":[{"embeddable":true,"href":"https:\/\/www.castingnews.eu\/magazine\/wp-json\/wp\/v2\/comments?post=2749"}],"version-history":[{"count":1,"href":"https:\/\/www.castingnews.eu\/magazine\/wp-json\/wp\/v2\/posts\/2749\/revisions"}],"predecessor-version":[{"id":2750,"href":"https:\/\/www.castingnews.eu\/magazine\/wp-json\/wp\/v2\/posts\/2749\/revisions\/2750"}],"wp:featuredmedia":[{"embeddable":true,"href":"https:\/\/www.castingnews.eu\/magazine\/wp-json\/wp\/v2\/media\/2665"}],"wp:attachment":[{"href":"https:\/\/www.castingnews.eu\/magazine\/wp-json\/wp\/v2\/media?parent=2749"}],"wp:term":[{"taxonomy":"category","embeddable":true,"href":"https:\/\/www.castingnews.eu\/magazine\/wp-json\/wp\/v2\/categories?post=2749"},{"taxonomy":"post_tag","embeddable":true,"href":"https:\/\/www.castingnews.eu\/magazine\/wp-json\/wp\/v2\/tags?post=2749"}],"curies":[{"name":"wp","href":"https:\/\/api.w.org\/{rel}","templated":true}]}}