{"id":2691,"date":"2019-06-26T15:54:21","date_gmt":"2019-06-26T13:54:21","guid":{"rendered":"https:\/\/www.castingnews.eu\/magazine\/?p=2691"},"modified":"2019-06-26T16:02:33","modified_gmt":"2019-06-26T14:02:33","slug":"al-via-le-quattro-giornate-di-civita-cinema-2019","status":"publish","type":"post","link":"https:\/\/www.castingnews.eu\/magazine\/2019\/06\/26\/al-via-le-quattro-giornate-di-civita-cinema-2019\/","title":{"rendered":"Al via le quattro giornate di Civita Cinema 2019"},"content":{"rendered":"\n<p><em><strong>Sul palco di piazzale Biondini si racconter\u00e0 il regista Giovanni Veronesi<\/strong><\/em><strong>.<\/strong><br>Tutto pronto per l&#8217;inizio di Civita Cinema 2019. Quattro giornate in cui Bagnoregio mostra uno dei suoi volti pi\u00f9 belli e diventa luogo d&#8217;incontro per professionisti e appassionati del genere. Attori, registi e maestranze del cinema si incontreranno e incontreranno il pubblico da gioved\u00ec 27 a domenica 30 giugno. Diverse le location coinvolte in un&#8217;edizione che vede nell&#8217;appuntamento serale di piazzale Biondini (ore 21.30) il momento degli assi. L&#8217;inizio \u00e8 affidato a Giovanni Veronesi, che proprio dal palco Biondini (gioved\u00ec sera) si racconter\u00e0, prima della proiezione sotto le stelle di &#8216;Non \u00e8 un paese per giovani&#8217;.<\/p><div class=\"6d3639e8c6ac292cde400fad8ff8a5b9\" data-index=\"1\" style=\"float: none; margin:10px 0 10px 0; text-align:center;\">\n<script async src=\"\/\/pagead2.googlesyndication.com\/pagead\/js\/adsbygoogle.js\"><\/script>\r\n<!-- Casting Bambini NEW -->\r\n<ins class=\"adsbygoogle\"\r\n     style=\"display:inline-block;width:336px;height:280px\"\r\n     data-ad-client=\"ca-pub-5538097485429833\"\r\n     data-ad-slot=\"5127154445\"><\/ins>\r\n<script>\r\n(adsbygoogle = window.adsbygoogle || []).push({});\r\n<\/script>\n<\/div>\n\n\n\n\n<p>Veronesi inizia a lavorare con Francesco Nuti ma ottiene la fama al fianco di Pieraccioni, con il quale collabora come sceneggiatore dal 1995 a oggi. Il successo come regista grazie a film come &#8216;Che ne sar\u00e0 di noi&#8217;, &#8216;Manuale d&#8217;amore&#8217;, &#8216;Genitori &amp; Figli &#8211; Agitare bene prima dell&#8217;uso&#8217;. Nel 2017 esce &#8216;Non \u00e8 un paese per giovani&#8217;.\u00a0<\/p>\n\n\n\n<p>Seguiranno sul palco di piazzale Biondini Vittorio Sgarbi con lo spettacolo su Leonardo da Vinci (venerd\u00ec 28) e Pupi Avati (sabato 29) con la proiezione di &#8216;Un ragazzo d&#8217;oro&#8217;. La notte della chiusura (domenica 30 giugno) tutto si sposta a piazza Cavour per il concerto del premio Oscar Nicola Piovani, destinato a scrivere una pagina della storia contemporanea di Bagnoregio.\u00a0<\/p>\n\n\n\n<p>\u201cQuesto Festival nasce con l&#8217;idea di non fermarsi alla proiezione dei film. Puntiamo a far vivere al pubblico un&#8217;esperienza collettiva e coinvolgere tutti attivamente nell&#8217;evento. Nelle varie location che vivremo durante le giornate passeranno storie, racconti, esperienze, ricordi. Un tesoro umano e professionale che sar\u00e0 messo a disposizione di chi vorr\u00e0 stare con noi. Ringraziamo i tanti partner istituzionali e commerciali che sostengono il progetto e affrontiamo questa terza edizione con emozione e la convinzione che tutto andr\u00e0 per il meglio\u201d. Cos\u00ec i direttori artistici Vaniel Maestosi e Glauco Almonte.\u00a0<\/p>\n\n\n\n<p>Entusiasta anche l&#8217;amministrazione comunale di Bagnoregio. \u201cCi prepariamo a vivere quattro giornate importanti \u2013 le parole del sindaco Luca Profili &#8211; e ad accogliere uomini e donne che stanno costruendo e costruiranno la storia del cinema italiano. Bagnoregio conferma la propria centralit\u00e0 e la propria convinzione dell&#8217;importanza della cultura nella promozione dei territori. Avere ospiti attori e registi nel nostro paese aumenta le possibilit\u00e0 di essere scelti per le riprese di nuovi film e questo \u00e8 un obiettivo strategico che dobbiamo perseguire in maniera sempre pi\u00f9 attenta, per le importanti ricadute che \u00e8 capace di attivare\u201d.\u00a0<\/p>\n\n\n\n<p>La giornata di apertura inizia alle ore 11 all&#8217;Auditorium Taborra con &#8216;Amaranto&#8217; di Emanuela Moroni e Manuela Cannone. Un documentario-racconto in cinque tappe sulla vita di un essere umano. Le storie dei cinque protagonisti offrono lo spunto per riflettere su scelte di vita lontane da quelle convenzionali e pi\u00f9 vicine ai reali bisogni dell&#8217;essere umano e del pianeta.\u00a0<\/p>\n\n\n\n<p>Sempre al Taborra appuntamento alle 16.30 con &#8216;DentroFuori&#8217; di Roberto Orazi. Documentario che racconta le storie di un gruppo di pazienti psichiatrici che da molti anni frequentano il Centro Diurno della Comunit\u00e0 Terapeutica Reverie.\u00a0<\/p>\n\n\n\n<p>Rinviato l&#8217;incontro con Valeria Solarino, da programma previsto questo gioved\u00ec alle ore 19 al Belvedere. A breve l&#8217;organizzazione del Festival comunicher\u00e0 una nuova data. Alle 23.30 al Magna Civita la proiezione di Sharing, contometraggio di Emanuela Moroni e Manuela Cannone.\u00a0Ogni ulteriore informazione sul sito <a href=\"http:\/\/www.civitacinema.it\/\">www.civitacinema.it<\/a><\/p>\n\n<div style=\"font-size: 0px; height: 0px; line-height: 0px; margin: 0; padding: 0; clear: both;\"><\/div>","protected":false},"excerpt":{"rendered":"<p>Sul palco di piazzale Biondini si racconter\u00e0 il regista Giovanni Veronesi.Tutto pronto per l&#8217;inizio di Civita Cinema 2019. Quattro giornate in cui Bagnoregio mostra uno dei suoi volti pi\u00f9 belli e diventa luogo d&#8217;incontro per professionisti e appassionati del genere. Attori, registi e maestranze del cinema si incontreranno e incontreranno il pubblico da gioved\u00ec 27 [&hellip;]<\/p>\n","protected":false},"author":1,"featured_media":2692,"comment_status":"open","ping_status":"open","sticky":false,"template":"","format":"standard","meta":{"tdm_status":"","tdm_grid_status":"","footnotes":""},"categories":[11,1533],"tags":[1897,1857,1898,514,1896],"class_list":{"0":"post-2691","1":"post","2":"type-post","3":"status-publish","4":"format-standard","5":"has-post-thumbnail","7":"category-festival","8":"category-featured","9":"tag-bagnoregio","10":"tag-civita-cinema-2019","11":"tag-civitacinema","12":"tag-festival","13":"tag-giovanni-veronesi"},"yoast_head":"<!-- This site is optimized with the Yoast SEO plugin v27.4 - https:\/\/yoast.com\/product\/yoast-seo-wordpress\/ -->\r\n<title>Al via le quattro giornate di Civita Cinema 2019 - Casting News Magazine<\/title>\r\n<meta name=\"robots\" content=\"index, follow, max-snippet:-1, max-image-preview:large, max-video-preview:-1\" \/>\r\n<link rel=\"canonical\" href=\"https:\/\/www.castingnews.eu\/magazine\/2019\/06\/26\/al-via-le-quattro-giornate-di-civita-cinema-2019\/\" \/>\r\n<meta property=\"og:locale\" content=\"it_IT\" \/>\r\n<meta property=\"og:type\" content=\"article\" \/>\r\n<meta property=\"og:title\" content=\"Al via le quattro giornate di Civita Cinema 2019 - Casting News Magazine\" \/>\r\n<meta property=\"og:description\" content=\"Sul palco di piazzale Biondini si racconter\u00e0 il regista Giovanni Veronesi.Tutto pronto per l&#8217;inizio di Civita Cinema 2019. Quattro giornate in cui Bagnoregio mostra uno dei suoi volti pi\u00f9 belli e diventa luogo d&#8217;incontro per professionisti e appassionati del genere. Attori, registi e maestranze del cinema si incontreranno e incontreranno il pubblico da gioved\u00ec 27 [&hellip;]\" \/>\r\n<meta property=\"og:url\" content=\"https:\/\/www.castingnews.eu\/magazine\/2019\/06\/26\/al-via-le-quattro-giornate-di-civita-cinema-2019\/\" \/>\r\n<meta property=\"og:site_name\" content=\"Casting News Magazine\" \/>\r\n<meta property=\"article:published_time\" content=\"2019-06-26T13:54:21+00:00\" \/>\r\n<meta property=\"article:modified_time\" content=\"2019-06-26T14:02:33+00:00\" \/>\r\n<meta property=\"og:image\" content=\"https:\/\/www.castingnews.eu\/magazine\/wp-content\/uploads\/2019\/06\/Giovanni-Veronesi.jpg\" \/>\r\n\t<meta property=\"og:image:width\" content=\"1000\" \/>\r\n\t<meta property=\"og:image:height\" content=\"538\" \/>\r\n\t<meta property=\"og:image:type\" content=\"image\/jpeg\" \/>\r\n<meta name=\"author\" content=\"Redazione\" \/>\r\n<meta name=\"twitter:card\" content=\"summary_large_image\" \/>\r\n<meta name=\"twitter:label1\" content=\"Scritto da\" \/>\n\t<meta name=\"twitter:data1\" content=\"Redazione\" \/>\n\t<meta name=\"twitter:label2\" content=\"Tempo di lettura stimato\" \/>\n\t<meta name=\"twitter:data2\" content=\"3 minuti\" \/>\r\n<script type=\"application\/ld+json\" class=\"yoast-schema-graph\">{\"@context\":\"https:\\\/\\\/schema.org\",\"@graph\":[{\"@type\":\"Article\",\"@id\":\"https:\\\/\\\/www.castingnews.eu\\\/magazine\\\/2019\\\/06\\\/26\\\/al-via-le-quattro-giornate-di-civita-cinema-2019\\\/#article\",\"isPartOf\":{\"@id\":\"https:\\\/\\\/www.castingnews.eu\\\/magazine\\\/2019\\\/06\\\/26\\\/al-via-le-quattro-giornate-di-civita-cinema-2019\\\/\"},\"author\":{\"name\":\"Redazione\",\"@id\":\"https:\\\/\\\/www.castingnews.eu\\\/magazine\\\/#\\\/schema\\\/person\\\/099d71c568c9a7e5e4037b1594108f17\"},\"headline\":\"Al via le quattro giornate di Civita Cinema 2019\",\"datePublished\":\"2019-06-26T13:54:21+00:00\",\"dateModified\":\"2019-06-26T14:02:33+00:00\",\"mainEntityOfPage\":{\"@id\":\"https:\\\/\\\/www.castingnews.eu\\\/magazine\\\/2019\\\/06\\\/26\\\/al-via-le-quattro-giornate-di-civita-cinema-2019\\\/\"},\"wordCount\":556,\"commentCount\":0,\"image\":{\"@id\":\"https:\\\/\\\/www.castingnews.eu\\\/magazine\\\/2019\\\/06\\\/26\\\/al-via-le-quattro-giornate-di-civita-cinema-2019\\\/#primaryimage\"},\"thumbnailUrl\":\"https:\\\/\\\/www.castingnews.eu\\\/magazine\\\/wp-content\\\/uploads\\\/2019\\\/06\\\/Giovanni-Veronesi.jpg\",\"keywords\":[\"Bagnoregio\",\"Civita Cinema 2019\",\"civitacinema\",\"Festival\",\"Giovanni Veronesi\"],\"articleSection\":[\"Festival\",\"In primo piano\"],\"inLanguage\":\"it-IT\",\"potentialAction\":[{\"@type\":\"CommentAction\",\"name\":\"Comment\",\"target\":[\"https:\\\/\\\/www.castingnews.eu\\\/magazine\\\/2019\\\/06\\\/26\\\/al-via-le-quattro-giornate-di-civita-cinema-2019\\\/#respond\"]}]},{\"@type\":\"WebPage\",\"@id\":\"https:\\\/\\\/www.castingnews.eu\\\/magazine\\\/2019\\\/06\\\/26\\\/al-via-le-quattro-giornate-di-civita-cinema-2019\\\/\",\"url\":\"https:\\\/\\\/www.castingnews.eu\\\/magazine\\\/2019\\\/06\\\/26\\\/al-via-le-quattro-giornate-di-civita-cinema-2019\\\/\",\"name\":\"Al via le quattro giornate di Civita Cinema 2019 - Casting News Magazine\",\"isPartOf\":{\"@id\":\"https:\\\/\\\/www.castingnews.eu\\\/magazine\\\/#website\"},\"primaryImageOfPage\":{\"@id\":\"https:\\\/\\\/www.castingnews.eu\\\/magazine\\\/2019\\\/06\\\/26\\\/al-via-le-quattro-giornate-di-civita-cinema-2019\\\/#primaryimage\"},\"image\":{\"@id\":\"https:\\\/\\\/www.castingnews.eu\\\/magazine\\\/2019\\\/06\\\/26\\\/al-via-le-quattro-giornate-di-civita-cinema-2019\\\/#primaryimage\"},\"thumbnailUrl\":\"https:\\\/\\\/www.castingnews.eu\\\/magazine\\\/wp-content\\\/uploads\\\/2019\\\/06\\\/Giovanni-Veronesi.jpg\",\"datePublished\":\"2019-06-26T13:54:21+00:00\",\"dateModified\":\"2019-06-26T14:02:33+00:00\",\"author\":{\"@id\":\"https:\\\/\\\/www.castingnews.eu\\\/magazine\\\/#\\\/schema\\\/person\\\/099d71c568c9a7e5e4037b1594108f17\"},\"breadcrumb\":{\"@id\":\"https:\\\/\\\/www.castingnews.eu\\\/magazine\\\/2019\\\/06\\\/26\\\/al-via-le-quattro-giornate-di-civita-cinema-2019\\\/#breadcrumb\"},\"inLanguage\":\"it-IT\",\"potentialAction\":[{\"@type\":\"ReadAction\",\"target\":[\"https:\\\/\\\/www.castingnews.eu\\\/magazine\\\/2019\\\/06\\\/26\\\/al-via-le-quattro-giornate-di-civita-cinema-2019\\\/\"]}]},{\"@type\":\"ImageObject\",\"inLanguage\":\"it-IT\",\"@id\":\"https:\\\/\\\/www.castingnews.eu\\\/magazine\\\/2019\\\/06\\\/26\\\/al-via-le-quattro-giornate-di-civita-cinema-2019\\\/#primaryimage\",\"url\":\"https:\\\/\\\/www.castingnews.eu\\\/magazine\\\/wp-content\\\/uploads\\\/2019\\\/06\\\/Giovanni-Veronesi.jpg\",\"contentUrl\":\"https:\\\/\\\/www.castingnews.eu\\\/magazine\\\/wp-content\\\/uploads\\\/2019\\\/06\\\/Giovanni-Veronesi.jpg\",\"width\":1000,\"height\":538,\"caption\":\"Giovanni Veronesi\"},{\"@type\":\"BreadcrumbList\",\"@id\":\"https:\\\/\\\/www.castingnews.eu\\\/magazine\\\/2019\\\/06\\\/26\\\/al-via-le-quattro-giornate-di-civita-cinema-2019\\\/#breadcrumb\",\"itemListElement\":[{\"@type\":\"ListItem\",\"position\":1,\"name\":\"Home\",\"item\":\"https:\\\/\\\/www.castingnews.eu\\\/magazine\\\/\"},{\"@type\":\"ListItem\",\"position\":2,\"name\":\"Al via le quattro giornate di Civita Cinema 2019\"}]},{\"@type\":\"WebSite\",\"@id\":\"https:\\\/\\\/www.castingnews.eu\\\/magazine\\\/#website\",\"url\":\"https:\\\/\\\/www.castingnews.eu\\\/magazine\\\/\",\"name\":\"Casting News Magazine\",\"description\":\"News e aggiornamenti sui film, serie tv, teatro e festival italiani ed internazionali\",\"potentialAction\":[{\"@type\":\"SearchAction\",\"target\":{\"@type\":\"EntryPoint\",\"urlTemplate\":\"https:\\\/\\\/www.castingnews.eu\\\/magazine\\\/?s={search_term_string}\"},\"query-input\":{\"@type\":\"PropertyValueSpecification\",\"valueRequired\":true,\"valueName\":\"search_term_string\"}}],\"inLanguage\":\"it-IT\"},{\"@type\":\"Person\",\"@id\":\"https:\\\/\\\/www.castingnews.eu\\\/magazine\\\/#\\\/schema\\\/person\\\/099d71c568c9a7e5e4037b1594108f17\",\"name\":\"Redazione\",\"image\":{\"@type\":\"ImageObject\",\"inLanguage\":\"it-IT\",\"@id\":\"https:\\\/\\\/secure.gravatar.com\\\/avatar\\\/b73a087aa3bd279fb70d24f1960a91c82cf67619395b60b564c90e9e5d5325fc?s=96&d=mm&r=g\",\"url\":\"https:\\\/\\\/secure.gravatar.com\\\/avatar\\\/b73a087aa3bd279fb70d24f1960a91c82cf67619395b60b564c90e9e5d5325fc?s=96&d=mm&r=g\",\"contentUrl\":\"https:\\\/\\\/secure.gravatar.com\\\/avatar\\\/b73a087aa3bd279fb70d24f1960a91c82cf67619395b60b564c90e9e5d5325fc?s=96&d=mm&r=g\",\"caption\":\"Redazione\"},\"description\":\"News e aggiornamenti sui film, serie tv, teatro e festival italiani ed internazionali.\",\"url\":\"https:\\\/\\\/www.castingnews.eu\\\/magazine\\\/author\\\/redazione\\\/\"}]}<\/script>\r\n<!-- \/ Yoast SEO plugin. -->","yoast_head_json":{"title":"Al via le quattro giornate di Civita Cinema 2019 - Casting News Magazine","robots":{"index":"index","follow":"follow","max-snippet":"max-snippet:-1","max-image-preview":"max-image-preview:large","max-video-preview":"max-video-preview:-1"},"canonical":"https:\/\/www.castingnews.eu\/magazine\/2019\/06\/26\/al-via-le-quattro-giornate-di-civita-cinema-2019\/","og_locale":"it_IT","og_type":"article","og_title":"Al via le quattro giornate di Civita Cinema 2019 - Casting News Magazine","og_description":"Sul palco di piazzale Biondini si racconter\u00e0 il regista Giovanni Veronesi.Tutto pronto per l&#8217;inizio di Civita Cinema 2019. Quattro giornate in cui Bagnoregio mostra uno dei suoi volti pi\u00f9 belli e diventa luogo d&#8217;incontro per professionisti e appassionati del genere. Attori, registi e maestranze del cinema si incontreranno e incontreranno il pubblico da gioved\u00ec 27 [&hellip;]","og_url":"https:\/\/www.castingnews.eu\/magazine\/2019\/06\/26\/al-via-le-quattro-giornate-di-civita-cinema-2019\/","og_site_name":"Casting News Magazine","article_published_time":"2019-06-26T13:54:21+00:00","article_modified_time":"2019-06-26T14:02:33+00:00","og_image":[{"width":1000,"height":538,"url":"https:\/\/www.castingnews.eu\/magazine\/wp-content\/uploads\/2019\/06\/Giovanni-Veronesi.jpg","type":"image\/jpeg"}],"author":"Redazione","twitter_card":"summary_large_image","twitter_misc":{"Scritto da":"Redazione","Tempo di lettura stimato":"3 minuti"},"schema":{"@context":"https:\/\/schema.org","@graph":[{"@type":"Article","@id":"https:\/\/www.castingnews.eu\/magazine\/2019\/06\/26\/al-via-le-quattro-giornate-di-civita-cinema-2019\/#article","isPartOf":{"@id":"https:\/\/www.castingnews.eu\/magazine\/2019\/06\/26\/al-via-le-quattro-giornate-di-civita-cinema-2019\/"},"author":{"name":"Redazione","@id":"https:\/\/www.castingnews.eu\/magazine\/#\/schema\/person\/099d71c568c9a7e5e4037b1594108f17"},"headline":"Al via le quattro giornate di Civita Cinema 2019","datePublished":"2019-06-26T13:54:21+00:00","dateModified":"2019-06-26T14:02:33+00:00","mainEntityOfPage":{"@id":"https:\/\/www.castingnews.eu\/magazine\/2019\/06\/26\/al-via-le-quattro-giornate-di-civita-cinema-2019\/"},"wordCount":556,"commentCount":0,"image":{"@id":"https:\/\/www.castingnews.eu\/magazine\/2019\/06\/26\/al-via-le-quattro-giornate-di-civita-cinema-2019\/#primaryimage"},"thumbnailUrl":"https:\/\/www.castingnews.eu\/magazine\/wp-content\/uploads\/2019\/06\/Giovanni-Veronesi.jpg","keywords":["Bagnoregio","Civita Cinema 2019","civitacinema","Festival","Giovanni Veronesi"],"articleSection":["Festival","In primo piano"],"inLanguage":"it-IT","potentialAction":[{"@type":"CommentAction","name":"Comment","target":["https:\/\/www.castingnews.eu\/magazine\/2019\/06\/26\/al-via-le-quattro-giornate-di-civita-cinema-2019\/#respond"]}]},{"@type":"WebPage","@id":"https:\/\/www.castingnews.eu\/magazine\/2019\/06\/26\/al-via-le-quattro-giornate-di-civita-cinema-2019\/","url":"https:\/\/www.castingnews.eu\/magazine\/2019\/06\/26\/al-via-le-quattro-giornate-di-civita-cinema-2019\/","name":"Al via le quattro giornate di Civita Cinema 2019 - Casting News Magazine","isPartOf":{"@id":"https:\/\/www.castingnews.eu\/magazine\/#website"},"primaryImageOfPage":{"@id":"https:\/\/www.castingnews.eu\/magazine\/2019\/06\/26\/al-via-le-quattro-giornate-di-civita-cinema-2019\/#primaryimage"},"image":{"@id":"https:\/\/www.castingnews.eu\/magazine\/2019\/06\/26\/al-via-le-quattro-giornate-di-civita-cinema-2019\/#primaryimage"},"thumbnailUrl":"https:\/\/www.castingnews.eu\/magazine\/wp-content\/uploads\/2019\/06\/Giovanni-Veronesi.jpg","datePublished":"2019-06-26T13:54:21+00:00","dateModified":"2019-06-26T14:02:33+00:00","author":{"@id":"https:\/\/www.castingnews.eu\/magazine\/#\/schema\/person\/099d71c568c9a7e5e4037b1594108f17"},"breadcrumb":{"@id":"https:\/\/www.castingnews.eu\/magazine\/2019\/06\/26\/al-via-le-quattro-giornate-di-civita-cinema-2019\/#breadcrumb"},"inLanguage":"it-IT","potentialAction":[{"@type":"ReadAction","target":["https:\/\/www.castingnews.eu\/magazine\/2019\/06\/26\/al-via-le-quattro-giornate-di-civita-cinema-2019\/"]}]},{"@type":"ImageObject","inLanguage":"it-IT","@id":"https:\/\/www.castingnews.eu\/magazine\/2019\/06\/26\/al-via-le-quattro-giornate-di-civita-cinema-2019\/#primaryimage","url":"https:\/\/www.castingnews.eu\/magazine\/wp-content\/uploads\/2019\/06\/Giovanni-Veronesi.jpg","contentUrl":"https:\/\/www.castingnews.eu\/magazine\/wp-content\/uploads\/2019\/06\/Giovanni-Veronesi.jpg","width":1000,"height":538,"caption":"Giovanni Veronesi"},{"@type":"BreadcrumbList","@id":"https:\/\/www.castingnews.eu\/magazine\/2019\/06\/26\/al-via-le-quattro-giornate-di-civita-cinema-2019\/#breadcrumb","itemListElement":[{"@type":"ListItem","position":1,"name":"Home","item":"https:\/\/www.castingnews.eu\/magazine\/"},{"@type":"ListItem","position":2,"name":"Al via le quattro giornate di Civita Cinema 2019"}]},{"@type":"WebSite","@id":"https:\/\/www.castingnews.eu\/magazine\/#website","url":"https:\/\/www.castingnews.eu\/magazine\/","name":"Casting News Magazine","description":"News e aggiornamenti sui film, serie tv, teatro e festival italiani ed internazionali","potentialAction":[{"@type":"SearchAction","target":{"@type":"EntryPoint","urlTemplate":"https:\/\/www.castingnews.eu\/magazine\/?s={search_term_string}"},"query-input":{"@type":"PropertyValueSpecification","valueRequired":true,"valueName":"search_term_string"}}],"inLanguage":"it-IT"},{"@type":"Person","@id":"https:\/\/www.castingnews.eu\/magazine\/#\/schema\/person\/099d71c568c9a7e5e4037b1594108f17","name":"Redazione","image":{"@type":"ImageObject","inLanguage":"it-IT","@id":"https:\/\/secure.gravatar.com\/avatar\/b73a087aa3bd279fb70d24f1960a91c82cf67619395b60b564c90e9e5d5325fc?s=96&d=mm&r=g","url":"https:\/\/secure.gravatar.com\/avatar\/b73a087aa3bd279fb70d24f1960a91c82cf67619395b60b564c90e9e5d5325fc?s=96&d=mm&r=g","contentUrl":"https:\/\/secure.gravatar.com\/avatar\/b73a087aa3bd279fb70d24f1960a91c82cf67619395b60b564c90e9e5d5325fc?s=96&d=mm&r=g","caption":"Redazione"},"description":"News e aggiornamenti sui film, serie tv, teatro e festival italiani ed internazionali.","url":"https:\/\/www.castingnews.eu\/magazine\/author\/redazione\/"}]}},"_links":{"self":[{"href":"https:\/\/www.castingnews.eu\/magazine\/wp-json\/wp\/v2\/posts\/2691","targetHints":{"allow":["GET"]}}],"collection":[{"href":"https:\/\/www.castingnews.eu\/magazine\/wp-json\/wp\/v2\/posts"}],"about":[{"href":"https:\/\/www.castingnews.eu\/magazine\/wp-json\/wp\/v2\/types\/post"}],"author":[{"embeddable":true,"href":"https:\/\/www.castingnews.eu\/magazine\/wp-json\/wp\/v2\/users\/1"}],"replies":[{"embeddable":true,"href":"https:\/\/www.castingnews.eu\/magazine\/wp-json\/wp\/v2\/comments?post=2691"}],"version-history":[{"count":1,"href":"https:\/\/www.castingnews.eu\/magazine\/wp-json\/wp\/v2\/posts\/2691\/revisions"}],"predecessor-version":[{"id":2693,"href":"https:\/\/www.castingnews.eu\/magazine\/wp-json\/wp\/v2\/posts\/2691\/revisions\/2693"}],"wp:featuredmedia":[{"embeddable":true,"href":"https:\/\/www.castingnews.eu\/magazine\/wp-json\/wp\/v2\/media\/2692"}],"wp:attachment":[{"href":"https:\/\/www.castingnews.eu\/magazine\/wp-json\/wp\/v2\/media?parent=2691"}],"wp:term":[{"taxonomy":"category","embeddable":true,"href":"https:\/\/www.castingnews.eu\/magazine\/wp-json\/wp\/v2\/categories?post=2691"},{"taxonomy":"post_tag","embeddable":true,"href":"https:\/\/www.castingnews.eu\/magazine\/wp-json\/wp\/v2\/tags?post=2691"}],"curies":[{"name":"wp","href":"https:\/\/api.w.org\/{rel}","templated":true}]}}