{"id":2688,"date":"2019-06-25T15:19:42","date_gmt":"2019-06-25T13:19:42","guid":{"rendered":"https:\/\/www.castingnews.eu\/magazine\/?p=2688"},"modified":"2023-04-06T15:46:42","modified_gmt":"2023-04-06T13:46:42","slug":"sono-iniziate-le-riprese-del-film-calibro-9-la-nuova-pellicola-di-toni-dangelo","status":"publish","type":"post","link":"https:\/\/www.castingnews.eu\/magazine\/2019\/06\/25\/sono-iniziate-le-riprese-del-film-calibro-9-la-nuova-pellicola-di-toni-dangelo\/","title":{"rendered":"Sono iniziate le riprese del film Calibro 9, la nuova pellicola di Toni D&#8217;Angelo"},"content":{"rendered":"\n<p>Sono iniziate in Calabria le riprese del film Calibro 9, la\nnuova pellicola di Toni D\u2019Angelo, regista del film noir \u201cFalchi\u201d. Il film \u00e8 un\naffresco impietoso sulla ndrangheta, la pi\u00f9 influente organizzazione criminale\nal mondo.<\/p><div class=\"6d3639e8c6ac292cde400fad8ff8a5b9\" data-index=\"1\" style=\"float: none; margin:10px 0 10px 0; text-align:center;\">\n<script async src=\"\/\/pagead2.googlesyndication.com\/pagead\/js\/adsbygoogle.js\"><\/script>\r\n<!-- Casting Bambini NEW -->\r\n<ins class=\"adsbygoogle\"\r\n     style=\"display:inline-block;width:336px;height:280px\"\r\n     data-ad-client=\"ca-pub-5538097485429833\"\r\n     data-ad-slot=\"5127154445\"><\/ins>\r\n<script>\r\n(adsbygoogle = window.adsbygoogle || []).push({});\r\n<\/script>\n<\/div>\n\n\n\n\n<p>Il film si propone come ideale proseguimento del capolavoro di Fernando Di Leo, \u201cMilano Calibro 9\u201d ed \u00e8 prodotto da Minerva Pictures con Rai Cinema in co-produzione con Gapbusters (Belgio) e con il contributo del MIBAC e della Calabria Film Commission. Le riprese dureranno nove settimane e si svolgeranno tra Calabria, Milano, Roma e Anversa in Belgio.<br>\nMarco Bocci, Ksenia Rappoport, Michele Placido, Alessio Boni e Barbara Bouchet sono i protagonisti di questa storia che si propone di tracciare un ponte ideale tra il celebre racconto di Fernando Di Leo sulla malavita organizzata di fine anni \u201970 e il contesto criminale della ndrangheta di oggi.<\/p>\n\n\n\n<p>SINOSSI<br>\nMilano, oggi. Fernando &#8211; il figlio di Ugo Piazza &#8211; \u00e8 un brillante penalista cresciuto da sua madre Nelly con l&#8217;intento di farne un uomo diverso da suo padre. Ma se in citt\u00e0 scompaiono 100 milioni di euro con una truffa telematica, e se il principale indiziato \u00e8 proprio un cliente dell\u2019avvocato Fernando Piazza, quel cognome non pu\u00f2 non avere un peso e portare ad un naturale collegamento. Soprattutto se la societ\u00e0 truffata \u00e8 solo una copertura e, chi c\u2019\u00e8 dietro, \u00e8 una delle pi\u00f9 potenti organizzazioni criminali del pianeta; la \u2018ndrangheta.<\/p>\n\n\n\n<p>Milano, Calabria, Francoforte, Mosca e Anversa sono solo alcune caselle dello scacchiere su cui Fernando \u00e8 costretto a giocare la partita per la propria vita\u2026 una partita da giocare a tutto campo, impegnativa come il nemico che si trova a fronteggiare.<\/p>\n\n\n\n<p>Sar\u00e0 supportato da Maia Corapi, una donna con il destino segnato sin da quando \u00e8 nata. La sua \u201cgabbia\u201d gli scorre nelle vene. \u00c8 la nipote prediletta di Don Mimmo, il boss\u2026 non c\u2019\u00e8 altro da sapere. Ha studiato legge all\u2019estero per volere di suo zio, ha lasciato il ragazzo che amava e sposato un altro uomo, per preciso volere di suo zio\u2026. Ora che Don Mimmo vive come un topo la sua latitanza &#8211; e suo marito \u00e8 in galera &#8211; controlla gli interessi della famiglia da uno studio legale del centro di Milano. \u00c8 bella, ricca, potente: ma non pu\u00f2 decidere nulla della sua vita\u2026 non l\u2019ha mai potuto fare. Anche quando Fernando andr\u00e0 a bussare alla sua porta chiedendo aiuto, non sar\u00e0 lei a decidere. Lo aiuter\u00e0 a trovare una soluzione al suo problema, ma ancora una volta in nome dei \u201cCorapi\u201d. Don Mimmo ha infatti un debito d\u2019onore con Rocco: quando era recluso a San Vittore gli ha salvato la vita e ora il boss vuole restituire il favore. Ma durante il loro viaggio saranno osteggiati anche da un poliziotto, Valerio: \u00e8 lui a muovere le fila di tutto ci\u00f2 che accade.<\/p>\n\n<div style=\"font-size: 0px; height: 0px; line-height: 0px; margin: 0; padding: 0; clear: both;\"><\/div>","protected":false},"excerpt":{"rendered":"<p>Sono iniziate in Calabria le riprese del film Calibro 9, la nuova pellicola di Toni D\u2019Angelo, regista del film noir \u201cFalchi\u201d. Il film \u00e8 un affresco impietoso sulla ndrangheta, la pi\u00f9 influente organizzazione criminale al mondo. Il film si propone come ideale proseguimento del capolavoro di Fernando Di Leo, \u201cMilano Calibro 9\u201d ed \u00e8 prodotto [&hellip;]<\/p>\n","protected":false},"author":1,"featured_media":5595,"comment_status":"open","ping_status":"open","sticky":false,"template":"","format":"standard","meta":{"tdm_status":"","tdm_grid_status":"","footnotes":""},"categories":[1895,1533,71,30],"tags":[104,1891,1894,1826,1887,1882,534,1889,1885,1892,1893,1886,927,940,1884,1890,1888,1136,1883],"class_list":{"0":"post-2688","1":"post","2":"type-post","3":"status-publish","4":"format-standard","5":"has-post-thumbnail","7":"category-belgio","8":"category-featured","9":"category-italia-paese","10":"category-progetti-cinematografici","11":"tag-alessio-boni","12":"tag-anversa","13":"tag-barbara-bouchet","14":"tag-calabria","15":"tag-calabria-film-commission","16":"tag-calibro-9","17":"tag-film","18":"tag-francoforte","19":"tag-gapbusters","20":"tag-ksenia-rappoport","21":"tag-marco-bocci","22":"tag-mibac","23":"tag-michele-placido","24":"tag-milano","25":"tag-minerva-pictures","26":"tag-mosca","27":"tag-ndrangheta","28":"tag-rai-cinema","29":"tag-toni-dangelo"},"yoast_head":"<!-- This site is optimized with the Yoast SEO plugin v27.4 - https:\/\/yoast.com\/product\/yoast-seo-wordpress\/ -->\r\n<title>Sono iniziate le riprese del film Calibro 9, la nuova pellicola di Toni D&#039;Angelo - Casting News Magazine<\/title>\r\n<meta name=\"robots\" content=\"index, follow, max-snippet:-1, max-image-preview:large, max-video-preview:-1\" \/>\r\n<link rel=\"canonical\" href=\"https:\/\/www.castingnews.eu\/magazine\/2019\/06\/25\/sono-iniziate-le-riprese-del-film-calibro-9-la-nuova-pellicola-di-toni-dangelo\/\" \/>\r\n<meta property=\"og:locale\" content=\"it_IT\" \/>\r\n<meta property=\"og:type\" content=\"article\" \/>\r\n<meta property=\"og:title\" content=\"Sono iniziate le riprese del film Calibro 9, la nuova pellicola di Toni D&#039;Angelo - Casting News Magazine\" \/>\r\n<meta property=\"og:description\" content=\"Sono iniziate in Calabria le riprese del film Calibro 9, la nuova pellicola di Toni D\u2019Angelo, regista del film noir \u201cFalchi\u201d. Il film \u00e8 un affresco impietoso sulla ndrangheta, la pi\u00f9 influente organizzazione criminale al mondo. Il film si propone come ideale proseguimento del capolavoro di Fernando Di Leo, \u201cMilano Calibro 9\u201d ed \u00e8 prodotto [&hellip;]\" \/>\r\n<meta property=\"og:url\" content=\"https:\/\/www.castingnews.eu\/magazine\/2019\/06\/25\/sono-iniziate-le-riprese-del-film-calibro-9-la-nuova-pellicola-di-toni-dangelo\/\" \/>\r\n<meta property=\"og:site_name\" content=\"Casting News Magazine\" \/>\r\n<meta property=\"article:published_time\" content=\"2019-06-25T13:19:42+00:00\" \/>\r\n<meta property=\"article:modified_time\" content=\"2023-04-06T13:46:42+00:00\" \/>\r\n<meta property=\"og:image\" content=\"https:\/\/www.castingnews.eu\/magazine\/wp-content\/uploads\/2019\/10\/Casting-e-provini-film-2023.jpg\" \/>\r\n\t<meta property=\"og:image:width\" content=\"750\" \/>\r\n\t<meta property=\"og:image:height\" content=\"500\" \/>\r\n\t<meta property=\"og:image:type\" content=\"image\/jpeg\" \/>\r\n<meta name=\"author\" content=\"Redazione\" \/>\r\n<meta name=\"twitter:card\" content=\"summary_large_image\" \/>\r\n<meta name=\"twitter:label1\" content=\"Scritto da\" \/>\n\t<meta name=\"twitter:data1\" content=\"Redazione\" \/>\n\t<meta name=\"twitter:label2\" content=\"Tempo di lettura stimato\" \/>\n\t<meta name=\"twitter:data2\" content=\"3 minuti\" \/>\r\n<script type=\"application\/ld+json\" class=\"yoast-schema-graph\">{\"@context\":\"https:\\\/\\\/schema.org\",\"@graph\":[{\"@type\":\"Article\",\"@id\":\"https:\\\/\\\/www.castingnews.eu\\\/magazine\\\/2019\\\/06\\\/25\\\/sono-iniziate-le-riprese-del-film-calibro-9-la-nuova-pellicola-di-toni-dangelo\\\/#article\",\"isPartOf\":{\"@id\":\"https:\\\/\\\/www.castingnews.eu\\\/magazine\\\/2019\\\/06\\\/25\\\/sono-iniziate-le-riprese-del-film-calibro-9-la-nuova-pellicola-di-toni-dangelo\\\/\"},\"author\":{\"name\":\"Redazione\",\"@id\":\"https:\\\/\\\/www.castingnews.eu\\\/magazine\\\/#\\\/schema\\\/person\\\/099d71c568c9a7e5e4037b1594108f17\"},\"headline\":\"Sono iniziate le riprese del film Calibro 9, la nuova pellicola di Toni D&#8217;Angelo\",\"datePublished\":\"2019-06-25T13:19:42+00:00\",\"dateModified\":\"2023-04-06T13:46:42+00:00\",\"mainEntityOfPage\":{\"@id\":\"https:\\\/\\\/www.castingnews.eu\\\/magazine\\\/2019\\\/06\\\/25\\\/sono-iniziate-le-riprese-del-film-calibro-9-la-nuova-pellicola-di-toni-dangelo\\\/\"},\"wordCount\":475,\"commentCount\":0,\"image\":{\"@id\":\"https:\\\/\\\/www.castingnews.eu\\\/magazine\\\/2019\\\/06\\\/25\\\/sono-iniziate-le-riprese-del-film-calibro-9-la-nuova-pellicola-di-toni-dangelo\\\/#primaryimage\"},\"thumbnailUrl\":\"https:\\\/\\\/www.castingnews.eu\\\/magazine\\\/wp-content\\\/uploads\\\/2019\\\/10\\\/Casting-e-provini-film-2023.jpg\",\"keywords\":[\"Alessio Boni\",\"Anversa\",\"Barbara Bouchet\",\"Calabria\",\"Calabria Film Commission\",\"Calibro 9\",\"Film\",\"Francoforte\",\"Gapbusters\",\"Ksenia Rappoport\",\"Marco Bocci\",\"MIBAC\",\"Michele Placido\",\"Milano\",\"Minerva Pictures\",\"Mosca\",\"ndrangheta\",\"Rai Cinema\",\"Toni D&#039;Angelo\"],\"articleSection\":[\"Belgio\",\"In primo piano\",\"Italia\",\"Progetti cinematografici\"],\"inLanguage\":\"it-IT\",\"potentialAction\":[{\"@type\":\"CommentAction\",\"name\":\"Comment\",\"target\":[\"https:\\\/\\\/www.castingnews.eu\\\/magazine\\\/2019\\\/06\\\/25\\\/sono-iniziate-le-riprese-del-film-calibro-9-la-nuova-pellicola-di-toni-dangelo\\\/#respond\"]}]},{\"@type\":\"WebPage\",\"@id\":\"https:\\\/\\\/www.castingnews.eu\\\/magazine\\\/2019\\\/06\\\/25\\\/sono-iniziate-le-riprese-del-film-calibro-9-la-nuova-pellicola-di-toni-dangelo\\\/\",\"url\":\"https:\\\/\\\/www.castingnews.eu\\\/magazine\\\/2019\\\/06\\\/25\\\/sono-iniziate-le-riprese-del-film-calibro-9-la-nuova-pellicola-di-toni-dangelo\\\/\",\"name\":\"Sono iniziate le riprese del film Calibro 9, la nuova pellicola di Toni D'Angelo - Casting News Magazine\",\"isPartOf\":{\"@id\":\"https:\\\/\\\/www.castingnews.eu\\\/magazine\\\/#website\"},\"primaryImageOfPage\":{\"@id\":\"https:\\\/\\\/www.castingnews.eu\\\/magazine\\\/2019\\\/06\\\/25\\\/sono-iniziate-le-riprese-del-film-calibro-9-la-nuova-pellicola-di-toni-dangelo\\\/#primaryimage\"},\"image\":{\"@id\":\"https:\\\/\\\/www.castingnews.eu\\\/magazine\\\/2019\\\/06\\\/25\\\/sono-iniziate-le-riprese-del-film-calibro-9-la-nuova-pellicola-di-toni-dangelo\\\/#primaryimage\"},\"thumbnailUrl\":\"https:\\\/\\\/www.castingnews.eu\\\/magazine\\\/wp-content\\\/uploads\\\/2019\\\/10\\\/Casting-e-provini-film-2023.jpg\",\"datePublished\":\"2019-06-25T13:19:42+00:00\",\"dateModified\":\"2023-04-06T13:46:42+00:00\",\"author\":{\"@id\":\"https:\\\/\\\/www.castingnews.eu\\\/magazine\\\/#\\\/schema\\\/person\\\/099d71c568c9a7e5e4037b1594108f17\"},\"breadcrumb\":{\"@id\":\"https:\\\/\\\/www.castingnews.eu\\\/magazine\\\/2019\\\/06\\\/25\\\/sono-iniziate-le-riprese-del-film-calibro-9-la-nuova-pellicola-di-toni-dangelo\\\/#breadcrumb\"},\"inLanguage\":\"it-IT\",\"potentialAction\":[{\"@type\":\"ReadAction\",\"target\":[\"https:\\\/\\\/www.castingnews.eu\\\/magazine\\\/2019\\\/06\\\/25\\\/sono-iniziate-le-riprese-del-film-calibro-9-la-nuova-pellicola-di-toni-dangelo\\\/\"]}]},{\"@type\":\"ImageObject\",\"inLanguage\":\"it-IT\",\"@id\":\"https:\\\/\\\/www.castingnews.eu\\\/magazine\\\/2019\\\/06\\\/25\\\/sono-iniziate-le-riprese-del-film-calibro-9-la-nuova-pellicola-di-toni-dangelo\\\/#primaryimage\",\"url\":\"https:\\\/\\\/www.castingnews.eu\\\/magazine\\\/wp-content\\\/uploads\\\/2019\\\/10\\\/Casting-e-provini-film-2023.jpg\",\"contentUrl\":\"https:\\\/\\\/www.castingnews.eu\\\/magazine\\\/wp-content\\\/uploads\\\/2019\\\/10\\\/Casting-e-provini-film-2023.jpg\",\"width\":750,\"height\":500},{\"@type\":\"BreadcrumbList\",\"@id\":\"https:\\\/\\\/www.castingnews.eu\\\/magazine\\\/2019\\\/06\\\/25\\\/sono-iniziate-le-riprese-del-film-calibro-9-la-nuova-pellicola-di-toni-dangelo\\\/#breadcrumb\",\"itemListElement\":[{\"@type\":\"ListItem\",\"position\":1,\"name\":\"Home\",\"item\":\"https:\\\/\\\/www.castingnews.eu\\\/magazine\\\/\"},{\"@type\":\"ListItem\",\"position\":2,\"name\":\"Sono iniziate le riprese del film Calibro 9, la nuova pellicola di Toni D&#8217;Angelo\"}]},{\"@type\":\"WebSite\",\"@id\":\"https:\\\/\\\/www.castingnews.eu\\\/magazine\\\/#website\",\"url\":\"https:\\\/\\\/www.castingnews.eu\\\/magazine\\\/\",\"name\":\"Casting News Magazine\",\"description\":\"News e aggiornamenti sui film, serie tv, teatro e festival italiani ed internazionali\",\"potentialAction\":[{\"@type\":\"SearchAction\",\"target\":{\"@type\":\"EntryPoint\",\"urlTemplate\":\"https:\\\/\\\/www.castingnews.eu\\\/magazine\\\/?s={search_term_string}\"},\"query-input\":{\"@type\":\"PropertyValueSpecification\",\"valueRequired\":true,\"valueName\":\"search_term_string\"}}],\"inLanguage\":\"it-IT\"},{\"@type\":\"Person\",\"@id\":\"https:\\\/\\\/www.castingnews.eu\\\/magazine\\\/#\\\/schema\\\/person\\\/099d71c568c9a7e5e4037b1594108f17\",\"name\":\"Redazione\",\"image\":{\"@type\":\"ImageObject\",\"inLanguage\":\"it-IT\",\"@id\":\"https:\\\/\\\/secure.gravatar.com\\\/avatar\\\/b73a087aa3bd279fb70d24f1960a91c82cf67619395b60b564c90e9e5d5325fc?s=96&d=mm&r=g\",\"url\":\"https:\\\/\\\/secure.gravatar.com\\\/avatar\\\/b73a087aa3bd279fb70d24f1960a91c82cf67619395b60b564c90e9e5d5325fc?s=96&d=mm&r=g\",\"contentUrl\":\"https:\\\/\\\/secure.gravatar.com\\\/avatar\\\/b73a087aa3bd279fb70d24f1960a91c82cf67619395b60b564c90e9e5d5325fc?s=96&d=mm&r=g\",\"caption\":\"Redazione\"},\"description\":\"News e aggiornamenti sui film, serie tv, teatro e festival italiani ed internazionali.\",\"url\":\"https:\\\/\\\/www.castingnews.eu\\\/magazine\\\/author\\\/redazione\\\/\"}]}<\/script>\r\n<!-- \/ Yoast SEO plugin. -->","yoast_head_json":{"title":"Sono iniziate le riprese del film Calibro 9, la nuova pellicola di Toni D'Angelo - Casting News Magazine","robots":{"index":"index","follow":"follow","max-snippet":"max-snippet:-1","max-image-preview":"max-image-preview:large","max-video-preview":"max-video-preview:-1"},"canonical":"https:\/\/www.castingnews.eu\/magazine\/2019\/06\/25\/sono-iniziate-le-riprese-del-film-calibro-9-la-nuova-pellicola-di-toni-dangelo\/","og_locale":"it_IT","og_type":"article","og_title":"Sono iniziate le riprese del film Calibro 9, la nuova pellicola di Toni D'Angelo - Casting News Magazine","og_description":"Sono iniziate in Calabria le riprese del film Calibro 9, la nuova pellicola di Toni D\u2019Angelo, regista del film noir \u201cFalchi\u201d. Il film \u00e8 un affresco impietoso sulla ndrangheta, la pi\u00f9 influente organizzazione criminale al mondo. Il film si propone come ideale proseguimento del capolavoro di Fernando Di Leo, \u201cMilano Calibro 9\u201d ed \u00e8 prodotto [&hellip;]","og_url":"https:\/\/www.castingnews.eu\/magazine\/2019\/06\/25\/sono-iniziate-le-riprese-del-film-calibro-9-la-nuova-pellicola-di-toni-dangelo\/","og_site_name":"Casting News Magazine","article_published_time":"2019-06-25T13:19:42+00:00","article_modified_time":"2023-04-06T13:46:42+00:00","og_image":[{"width":750,"height":500,"url":"https:\/\/www.castingnews.eu\/magazine\/wp-content\/uploads\/2019\/10\/Casting-e-provini-film-2023.jpg","type":"image\/jpeg"}],"author":"Redazione","twitter_card":"summary_large_image","twitter_misc":{"Scritto da":"Redazione","Tempo di lettura stimato":"3 minuti"},"schema":{"@context":"https:\/\/schema.org","@graph":[{"@type":"Article","@id":"https:\/\/www.castingnews.eu\/magazine\/2019\/06\/25\/sono-iniziate-le-riprese-del-film-calibro-9-la-nuova-pellicola-di-toni-dangelo\/#article","isPartOf":{"@id":"https:\/\/www.castingnews.eu\/magazine\/2019\/06\/25\/sono-iniziate-le-riprese-del-film-calibro-9-la-nuova-pellicola-di-toni-dangelo\/"},"author":{"name":"Redazione","@id":"https:\/\/www.castingnews.eu\/magazine\/#\/schema\/person\/099d71c568c9a7e5e4037b1594108f17"},"headline":"Sono iniziate le riprese del film Calibro 9, la nuova pellicola di Toni D&#8217;Angelo","datePublished":"2019-06-25T13:19:42+00:00","dateModified":"2023-04-06T13:46:42+00:00","mainEntityOfPage":{"@id":"https:\/\/www.castingnews.eu\/magazine\/2019\/06\/25\/sono-iniziate-le-riprese-del-film-calibro-9-la-nuova-pellicola-di-toni-dangelo\/"},"wordCount":475,"commentCount":0,"image":{"@id":"https:\/\/www.castingnews.eu\/magazine\/2019\/06\/25\/sono-iniziate-le-riprese-del-film-calibro-9-la-nuova-pellicola-di-toni-dangelo\/#primaryimage"},"thumbnailUrl":"https:\/\/www.castingnews.eu\/magazine\/wp-content\/uploads\/2019\/10\/Casting-e-provini-film-2023.jpg","keywords":["Alessio Boni","Anversa","Barbara Bouchet","Calabria","Calabria Film Commission","Calibro 9","Film","Francoforte","Gapbusters","Ksenia Rappoport","Marco Bocci","MIBAC","Michele Placido","Milano","Minerva Pictures","Mosca","ndrangheta","Rai Cinema","Toni D&#039;Angelo"],"articleSection":["Belgio","In primo piano","Italia","Progetti cinematografici"],"inLanguage":"it-IT","potentialAction":[{"@type":"CommentAction","name":"Comment","target":["https:\/\/www.castingnews.eu\/magazine\/2019\/06\/25\/sono-iniziate-le-riprese-del-film-calibro-9-la-nuova-pellicola-di-toni-dangelo\/#respond"]}]},{"@type":"WebPage","@id":"https:\/\/www.castingnews.eu\/magazine\/2019\/06\/25\/sono-iniziate-le-riprese-del-film-calibro-9-la-nuova-pellicola-di-toni-dangelo\/","url":"https:\/\/www.castingnews.eu\/magazine\/2019\/06\/25\/sono-iniziate-le-riprese-del-film-calibro-9-la-nuova-pellicola-di-toni-dangelo\/","name":"Sono iniziate le riprese del film Calibro 9, la nuova pellicola di Toni D'Angelo - Casting News Magazine","isPartOf":{"@id":"https:\/\/www.castingnews.eu\/magazine\/#website"},"primaryImageOfPage":{"@id":"https:\/\/www.castingnews.eu\/magazine\/2019\/06\/25\/sono-iniziate-le-riprese-del-film-calibro-9-la-nuova-pellicola-di-toni-dangelo\/#primaryimage"},"image":{"@id":"https:\/\/www.castingnews.eu\/magazine\/2019\/06\/25\/sono-iniziate-le-riprese-del-film-calibro-9-la-nuova-pellicola-di-toni-dangelo\/#primaryimage"},"thumbnailUrl":"https:\/\/www.castingnews.eu\/magazine\/wp-content\/uploads\/2019\/10\/Casting-e-provini-film-2023.jpg","datePublished":"2019-06-25T13:19:42+00:00","dateModified":"2023-04-06T13:46:42+00:00","author":{"@id":"https:\/\/www.castingnews.eu\/magazine\/#\/schema\/person\/099d71c568c9a7e5e4037b1594108f17"},"breadcrumb":{"@id":"https:\/\/www.castingnews.eu\/magazine\/2019\/06\/25\/sono-iniziate-le-riprese-del-film-calibro-9-la-nuova-pellicola-di-toni-dangelo\/#breadcrumb"},"inLanguage":"it-IT","potentialAction":[{"@type":"ReadAction","target":["https:\/\/www.castingnews.eu\/magazine\/2019\/06\/25\/sono-iniziate-le-riprese-del-film-calibro-9-la-nuova-pellicola-di-toni-dangelo\/"]}]},{"@type":"ImageObject","inLanguage":"it-IT","@id":"https:\/\/www.castingnews.eu\/magazine\/2019\/06\/25\/sono-iniziate-le-riprese-del-film-calibro-9-la-nuova-pellicola-di-toni-dangelo\/#primaryimage","url":"https:\/\/www.castingnews.eu\/magazine\/wp-content\/uploads\/2019\/10\/Casting-e-provini-film-2023.jpg","contentUrl":"https:\/\/www.castingnews.eu\/magazine\/wp-content\/uploads\/2019\/10\/Casting-e-provini-film-2023.jpg","width":750,"height":500},{"@type":"BreadcrumbList","@id":"https:\/\/www.castingnews.eu\/magazine\/2019\/06\/25\/sono-iniziate-le-riprese-del-film-calibro-9-la-nuova-pellicola-di-toni-dangelo\/#breadcrumb","itemListElement":[{"@type":"ListItem","position":1,"name":"Home","item":"https:\/\/www.castingnews.eu\/magazine\/"},{"@type":"ListItem","position":2,"name":"Sono iniziate le riprese del film Calibro 9, la nuova pellicola di Toni D&#8217;Angelo"}]},{"@type":"WebSite","@id":"https:\/\/www.castingnews.eu\/magazine\/#website","url":"https:\/\/www.castingnews.eu\/magazine\/","name":"Casting News Magazine","description":"News e aggiornamenti sui film, serie tv, teatro e festival italiani ed internazionali","potentialAction":[{"@type":"SearchAction","target":{"@type":"EntryPoint","urlTemplate":"https:\/\/www.castingnews.eu\/magazine\/?s={search_term_string}"},"query-input":{"@type":"PropertyValueSpecification","valueRequired":true,"valueName":"search_term_string"}}],"inLanguage":"it-IT"},{"@type":"Person","@id":"https:\/\/www.castingnews.eu\/magazine\/#\/schema\/person\/099d71c568c9a7e5e4037b1594108f17","name":"Redazione","image":{"@type":"ImageObject","inLanguage":"it-IT","@id":"https:\/\/secure.gravatar.com\/avatar\/b73a087aa3bd279fb70d24f1960a91c82cf67619395b60b564c90e9e5d5325fc?s=96&d=mm&r=g","url":"https:\/\/secure.gravatar.com\/avatar\/b73a087aa3bd279fb70d24f1960a91c82cf67619395b60b564c90e9e5d5325fc?s=96&d=mm&r=g","contentUrl":"https:\/\/secure.gravatar.com\/avatar\/b73a087aa3bd279fb70d24f1960a91c82cf67619395b60b564c90e9e5d5325fc?s=96&d=mm&r=g","caption":"Redazione"},"description":"News e aggiornamenti sui film, serie tv, teatro e festival italiani ed internazionali.","url":"https:\/\/www.castingnews.eu\/magazine\/author\/redazione\/"}]}},"_links":{"self":[{"href":"https:\/\/www.castingnews.eu\/magazine\/wp-json\/wp\/v2\/posts\/2688","targetHints":{"allow":["GET"]}}],"collection":[{"href":"https:\/\/www.castingnews.eu\/magazine\/wp-json\/wp\/v2\/posts"}],"about":[{"href":"https:\/\/www.castingnews.eu\/magazine\/wp-json\/wp\/v2\/types\/post"}],"author":[{"embeddable":true,"href":"https:\/\/www.castingnews.eu\/magazine\/wp-json\/wp\/v2\/users\/1"}],"replies":[{"embeddable":true,"href":"https:\/\/www.castingnews.eu\/magazine\/wp-json\/wp\/v2\/comments?post=2688"}],"version-history":[{"count":1,"href":"https:\/\/www.castingnews.eu\/magazine\/wp-json\/wp\/v2\/posts\/2688\/revisions"}],"predecessor-version":[{"id":2690,"href":"https:\/\/www.castingnews.eu\/magazine\/wp-json\/wp\/v2\/posts\/2688\/revisions\/2690"}],"wp:featuredmedia":[{"embeddable":true,"href":"https:\/\/www.castingnews.eu\/magazine\/wp-json\/wp\/v2\/media\/5595"}],"wp:attachment":[{"href":"https:\/\/www.castingnews.eu\/magazine\/wp-json\/wp\/v2\/media?parent=2688"}],"wp:term":[{"taxonomy":"category","embeddable":true,"href":"https:\/\/www.castingnews.eu\/magazine\/wp-json\/wp\/v2\/categories?post=2688"},{"taxonomy":"post_tag","embeddable":true,"href":"https:\/\/www.castingnews.eu\/magazine\/wp-json\/wp\/v2\/tags?post=2688"}],"curies":[{"name":"wp","href":"https:\/\/api.w.org\/{rel}","templated":true}]}}