{"id":2682,"date":"2019-06-21T18:12:56","date_gmt":"2019-06-21T16:12:56","guid":{"rendered":"https:\/\/www.castingnews.eu\/magazine\/?p=2682"},"modified":"2019-06-21T18:13:01","modified_gmt":"2019-06-21T16:13:01","slug":"lisola-del-cinema-presenta-romaparlacinema","status":"publish","type":"post","link":"https:\/\/www.castingnews.eu\/magazine\/2019\/06\/21\/lisola-del-cinema-presenta-romaparlacinema\/","title":{"rendered":"L\u2019Isola del Cinema presenta RomaParlaCinema"},"content":{"rendered":"\n<p>Il canale Loquis come guida interattiva di Cinema per la citt\u00e0<br>\nNell\u2019ottica della sua attivit\u00e0 di promozione del Cinema, anche in termini di visibilit\u00e0 dei luoghi e del cineturismo, il 22 Giugno, alle ore 21:00, L\u2019Isola del Cinema presenta il canale di Loquis \u201cRomaParlaCinema\u201d, presso lo Schermo Tevere dell\u2019Isola Tiberina, un canale dedicato che offre centinaia di podcast geo-localizzati che evocheranno le scene e le location dei film girati a Roma. <\/p><div class=\"6d3639e8c6ac292cde400fad8ff8a5b9\" data-index=\"1\" style=\"float: none; margin:10px 0 10px 0; text-align:center;\">\n<script async src=\"\/\/pagead2.googlesyndication.com\/pagead\/js\/adsbygoogle.js\"><\/script>\r\n<!-- Casting Bambini NEW -->\r\n<ins class=\"adsbygoogle\"\r\n     style=\"display:inline-block;width:336px;height:280px\"\r\n     data-ad-client=\"ca-pub-5538097485429833\"\r\n     data-ad-slot=\"5127154445\"><\/ins>\r\n<script>\r\n(adsbygoogle = window.adsbygoogle || []).push({});\r\n<\/script>\n<\/div>\n\n\n\n\n<p>Per poter ascoltare i passaggi dei film pi\u00f9 conosciuti e che ci hanno fatto innamorare sar\u00e0 sufficiente scaricare l\u2019app, gratuita per iOS e Android, e lasciarsi accompagnare dalle voci.<br>\nLoquis si pu\u00f2 definire come un navigatore, una guida a portata di smartphone, in cui al posto delle direzioni stradali vengono proposte storie e notizie in 5 lingue sui luoghi che si stanno attraversando, come nel caso delle location cinematografiche.<\/p>\n\n\n\n<p>Questo sistema \u00e8 possibile grazie al posizionamento sull\u2019Isola Tiberina di \u201csegnaletiche parlanti\u201d per ricordare alcuni film famosi, attraverso l\u2019ascolto di brevi estratti audio degli stessi associati alle location dove sono stati girati. Attraverso un QR-code sar\u00e0 possibile ascoltare gli estratti, conoscere la storia del film e scaricare l\u2019app Loquis per continuare l\u2019esperienza in giro per la citt\u00e0.<\/p>\n\n\n\n<p>In occasione della presentazione del 22 giugno si svolger\u00e0 un walkabout condotto da Carlo Infante di Urban Experience con Bruno Pellegrini di Loquis, per ascoltare, nell\u2019esplorazione partecipata, i frammenti dei film selezionati di #RomaParlaCinema e esplicitare le potenzialit\u00e0 dell\u2019app.<\/p>\n\n\n\n<p>Loquis concentra la sua attivit\u00e0 su una location di Roma fortemente collegata al Cinema, come l\u2019Isola Tiberina, dove sono stati girati film come \u201cL\u2019amore in citt\u00e0\u201d, \u201cRacconti romani\u201d di Gianni Franciolini, \u201cDonatella\u201d di Mario Monicelli, \u201cArrivederci Roma\u201d di Roy Rowland, \u201cL&#8217;Avventura\u201d, di Michelangelo Antonioni, \u201cScusi, lei \u00e8 favorevole o contrario?\u201d di Alberto Sordi, \u201cAprile\u201d di Nanni Moretti, \u201cRicordati di me\u201d di Gabriele Muccino e tanti altri.<\/p>\n\n\n\n<p>Un\u2019operazione possibile, quella della sinergia tra L\u2019Isola del Cinema e Loquis, grazie al fatto di operare in una citt\u00e0 ricca di paesaggi \u201ccinematografici\u201d, come \u00e8 Roma, in cui l\u2019Isola Tiberina, rappresenta un eccezionale set di cinema e palcoscenico di cultura.<\/p>\n\n\n\n<p>Per informazioni:<br> Orari: L\u2019Isola del Cinema \u00e8 aperta tutti i giorni dal 13 giugno al 1\u00b0 settembre 2019, dalle ore 18 alle ore 02<br> Sale: Le sale dedicate alle proiezioni, agli incontri e agli eventi collaterali sono cinque.<br> Nelle Sale Arena, Cinelab e VR si accede con un biglietto a pagamento. La sala Schermo Tevere e la Sala dell\u2019Assunta sono spazi gratuiti.<br> Biglietti: La Biglietteria per le sale Arena e Cinelab \u00e8 UNICA ed \u00e8 aperta tutti i giorni dalle ore 20.00 alle ore 22.30. Il costo dei biglietti \u00e8 di 6 euro (Arena), 4 euro (Cinelab), 8 euro (Spazio VR &amp; Gaming), biglietteria dalle 18.30 alle 22.30.<br> Dove: Isola Tiberina (Piazza San Bartolomeo all\u2019Isola)<br> Contatti: Tel. 0690214524 dal luned\u00ec al venerd\u00ec, ore 10:00 \u2013 17:00<\/p>\n\n\n\n<p><strong><a href=\"https:\/\/www.isoladelcinema.com\/\" target=\"_blank\" rel=\"noreferrer noopener\" aria-label=\"www.isoladelcinema.com (apre in una nuova scheda)\">www.isoladelcinema.com<\/a><\/strong><\/p>\n\n<div style=\"font-size: 0px; height: 0px; line-height: 0px; margin: 0; padding: 0; clear: both;\"><\/div>","protected":false},"excerpt":{"rendered":"<p>Il canale Loquis come guida interattiva di Cinema per la citt\u00e0 Nell\u2019ottica della sua attivit\u00e0 di promozione del Cinema, anche in termini di visibilit\u00e0 dei luoghi e del cineturismo, il 22 Giugno, alle ore 21:00, L\u2019Isola del Cinema presenta il canale di Loquis \u201cRomaParlaCinema\u201d, presso lo Schermo Tevere dell\u2019Isola Tiberina, un canale dedicato che offre [&hellip;]<\/p>\n","protected":false},"author":1,"featured_media":2685,"comment_status":"open","ping_status":"open","sticky":false,"template":"","format":"standard","meta":{"tdm_status":"","tdm_grid_status":"","footnotes":""},"categories":[11,1533],"tags":[302,514,1778,1866,1881,1193,1879,1880],"class_list":{"0":"post-2682","1":"post","2":"type-post","3":"status-publish","4":"format-standard","5":"has-post-thumbnail","7":"category-festival","8":"category-featured","9":"tag-cinema","10":"tag-festival","11":"tag-lisola-del-cinema","12":"tag-lisola-tiberina","13":"tag-loquis","14":"tag-roma","15":"tag-romaparlacinema","16":"tag-tevere"},"yoast_head":"<!-- This site is optimized with the Yoast SEO plugin v27.4 - https:\/\/yoast.com\/product\/yoast-seo-wordpress\/ -->\r\n<title>L\u2019Isola del Cinema presenta RomaParlaCinema - Casting News Magazine<\/title>\r\n<meta name=\"robots\" content=\"index, follow, max-snippet:-1, max-image-preview:large, max-video-preview:-1\" \/>\r\n<link rel=\"canonical\" href=\"https:\/\/www.castingnews.eu\/magazine\/2019\/06\/21\/lisola-del-cinema-presenta-romaparlacinema\/\" \/>\r\n<meta property=\"og:locale\" content=\"it_IT\" \/>\r\n<meta property=\"og:type\" content=\"article\" \/>\r\n<meta property=\"og:title\" content=\"L\u2019Isola del Cinema presenta RomaParlaCinema - Casting News Magazine\" \/>\r\n<meta property=\"og:description\" content=\"Il canale Loquis come guida interattiva di Cinema per la citt\u00e0 Nell\u2019ottica della sua attivit\u00e0 di promozione del Cinema, anche in termini di visibilit\u00e0 dei luoghi e del cineturismo, il 22 Giugno, alle ore 21:00, L\u2019Isola del Cinema presenta il canale di Loquis \u201cRomaParlaCinema\u201d, presso lo Schermo Tevere dell\u2019Isola Tiberina, un canale dedicato che offre [&hellip;]\" \/>\r\n<meta property=\"og:url\" content=\"https:\/\/www.castingnews.eu\/magazine\/2019\/06\/21\/lisola-del-cinema-presenta-romaparlacinema\/\" \/>\r\n<meta property=\"og:site_name\" content=\"Casting News Magazine\" \/>\r\n<meta property=\"article:published_time\" content=\"2019-06-21T16:12:56+00:00\" \/>\r\n<meta property=\"article:modified_time\" content=\"2019-06-21T16:13:01+00:00\" \/>\r\n<meta property=\"og:image\" content=\"https:\/\/www.castingnews.eu\/magazine\/wp-content\/uploads\/2019\/06\/Isola-del-Cinema-RomaParlaCinema.jpg\" \/>\r\n\t<meta property=\"og:image:width\" content=\"800\" \/>\r\n\t<meta property=\"og:image:height\" content=\"506\" \/>\r\n\t<meta property=\"og:image:type\" content=\"image\/jpeg\" \/>\r\n<meta name=\"author\" content=\"Redazione\" \/>\r\n<meta name=\"twitter:card\" content=\"summary_large_image\" \/>\r\n<meta name=\"twitter:label1\" content=\"Scritto da\" \/>\n\t<meta name=\"twitter:data1\" content=\"Redazione\" \/>\n\t<meta name=\"twitter:label2\" content=\"Tempo di lettura stimato\" \/>\n\t<meta name=\"twitter:data2\" content=\"2 minuti\" \/>\r\n<script type=\"application\/ld+json\" class=\"yoast-schema-graph\">{\"@context\":\"https:\\\/\\\/schema.org\",\"@graph\":[{\"@type\":\"Article\",\"@id\":\"https:\\\/\\\/www.castingnews.eu\\\/magazine\\\/2019\\\/06\\\/21\\\/lisola-del-cinema-presenta-romaparlacinema\\\/#article\",\"isPartOf\":{\"@id\":\"https:\\\/\\\/www.castingnews.eu\\\/magazine\\\/2019\\\/06\\\/21\\\/lisola-del-cinema-presenta-romaparlacinema\\\/\"},\"author\":{\"name\":\"Redazione\",\"@id\":\"https:\\\/\\\/www.castingnews.eu\\\/magazine\\\/#\\\/schema\\\/person\\\/099d71c568c9a7e5e4037b1594108f17\"},\"headline\":\"L\u2019Isola del Cinema presenta RomaParlaCinema\",\"datePublished\":\"2019-06-21T16:12:56+00:00\",\"dateModified\":\"2019-06-21T16:13:01+00:00\",\"mainEntityOfPage\":{\"@id\":\"https:\\\/\\\/www.castingnews.eu\\\/magazine\\\/2019\\\/06\\\/21\\\/lisola-del-cinema-presenta-romaparlacinema\\\/\"},\"wordCount\":469,\"commentCount\":0,\"image\":{\"@id\":\"https:\\\/\\\/www.castingnews.eu\\\/magazine\\\/2019\\\/06\\\/21\\\/lisola-del-cinema-presenta-romaparlacinema\\\/#primaryimage\"},\"thumbnailUrl\":\"https:\\\/\\\/www.castingnews.eu\\\/magazine\\\/wp-content\\\/uploads\\\/2019\\\/06\\\/Isola-del-Cinema-RomaParlaCinema.jpg\",\"keywords\":[\"Cinema\",\"Festival\",\"L'Isola del Cinema\",\"l\u2019Isola Tiberina\",\"Loquis\",\"Roma\",\"RomaParlaCinema\",\"Tevere\"],\"articleSection\":[\"Festival\",\"In primo piano\"],\"inLanguage\":\"it-IT\",\"potentialAction\":[{\"@type\":\"CommentAction\",\"name\":\"Comment\",\"target\":[\"https:\\\/\\\/www.castingnews.eu\\\/magazine\\\/2019\\\/06\\\/21\\\/lisola-del-cinema-presenta-romaparlacinema\\\/#respond\"]}]},{\"@type\":\"WebPage\",\"@id\":\"https:\\\/\\\/www.castingnews.eu\\\/magazine\\\/2019\\\/06\\\/21\\\/lisola-del-cinema-presenta-romaparlacinema\\\/\",\"url\":\"https:\\\/\\\/www.castingnews.eu\\\/magazine\\\/2019\\\/06\\\/21\\\/lisola-del-cinema-presenta-romaparlacinema\\\/\",\"name\":\"L\u2019Isola del Cinema presenta RomaParlaCinema - Casting News Magazine\",\"isPartOf\":{\"@id\":\"https:\\\/\\\/www.castingnews.eu\\\/magazine\\\/#website\"},\"primaryImageOfPage\":{\"@id\":\"https:\\\/\\\/www.castingnews.eu\\\/magazine\\\/2019\\\/06\\\/21\\\/lisola-del-cinema-presenta-romaparlacinema\\\/#primaryimage\"},\"image\":{\"@id\":\"https:\\\/\\\/www.castingnews.eu\\\/magazine\\\/2019\\\/06\\\/21\\\/lisola-del-cinema-presenta-romaparlacinema\\\/#primaryimage\"},\"thumbnailUrl\":\"https:\\\/\\\/www.castingnews.eu\\\/magazine\\\/wp-content\\\/uploads\\\/2019\\\/06\\\/Isola-del-Cinema-RomaParlaCinema.jpg\",\"datePublished\":\"2019-06-21T16:12:56+00:00\",\"dateModified\":\"2019-06-21T16:13:01+00:00\",\"author\":{\"@id\":\"https:\\\/\\\/www.castingnews.eu\\\/magazine\\\/#\\\/schema\\\/person\\\/099d71c568c9a7e5e4037b1594108f17\"},\"breadcrumb\":{\"@id\":\"https:\\\/\\\/www.castingnews.eu\\\/magazine\\\/2019\\\/06\\\/21\\\/lisola-del-cinema-presenta-romaparlacinema\\\/#breadcrumb\"},\"inLanguage\":\"it-IT\",\"potentialAction\":[{\"@type\":\"ReadAction\",\"target\":[\"https:\\\/\\\/www.castingnews.eu\\\/magazine\\\/2019\\\/06\\\/21\\\/lisola-del-cinema-presenta-romaparlacinema\\\/\"]}]},{\"@type\":\"ImageObject\",\"inLanguage\":\"it-IT\",\"@id\":\"https:\\\/\\\/www.castingnews.eu\\\/magazine\\\/2019\\\/06\\\/21\\\/lisola-del-cinema-presenta-romaparlacinema\\\/#primaryimage\",\"url\":\"https:\\\/\\\/www.castingnews.eu\\\/magazine\\\/wp-content\\\/uploads\\\/2019\\\/06\\\/Isola-del-Cinema-RomaParlaCinema.jpg\",\"contentUrl\":\"https:\\\/\\\/www.castingnews.eu\\\/magazine\\\/wp-content\\\/uploads\\\/2019\\\/06\\\/Isola-del-Cinema-RomaParlaCinema.jpg\",\"width\":800,\"height\":506},{\"@type\":\"BreadcrumbList\",\"@id\":\"https:\\\/\\\/www.castingnews.eu\\\/magazine\\\/2019\\\/06\\\/21\\\/lisola-del-cinema-presenta-romaparlacinema\\\/#breadcrumb\",\"itemListElement\":[{\"@type\":\"ListItem\",\"position\":1,\"name\":\"Home\",\"item\":\"https:\\\/\\\/www.castingnews.eu\\\/magazine\\\/\"},{\"@type\":\"ListItem\",\"position\":2,\"name\":\"L\u2019Isola del Cinema presenta RomaParlaCinema\"}]},{\"@type\":\"WebSite\",\"@id\":\"https:\\\/\\\/www.castingnews.eu\\\/magazine\\\/#website\",\"url\":\"https:\\\/\\\/www.castingnews.eu\\\/magazine\\\/\",\"name\":\"Casting News Magazine\",\"description\":\"News e aggiornamenti sui film, serie tv, teatro e festival italiani ed internazionali\",\"potentialAction\":[{\"@type\":\"SearchAction\",\"target\":{\"@type\":\"EntryPoint\",\"urlTemplate\":\"https:\\\/\\\/www.castingnews.eu\\\/magazine\\\/?s={search_term_string}\"},\"query-input\":{\"@type\":\"PropertyValueSpecification\",\"valueRequired\":true,\"valueName\":\"search_term_string\"}}],\"inLanguage\":\"it-IT\"},{\"@type\":\"Person\",\"@id\":\"https:\\\/\\\/www.castingnews.eu\\\/magazine\\\/#\\\/schema\\\/person\\\/099d71c568c9a7e5e4037b1594108f17\",\"name\":\"Redazione\",\"image\":{\"@type\":\"ImageObject\",\"inLanguage\":\"it-IT\",\"@id\":\"https:\\\/\\\/secure.gravatar.com\\\/avatar\\\/b73a087aa3bd279fb70d24f1960a91c82cf67619395b60b564c90e9e5d5325fc?s=96&d=mm&r=g\",\"url\":\"https:\\\/\\\/secure.gravatar.com\\\/avatar\\\/b73a087aa3bd279fb70d24f1960a91c82cf67619395b60b564c90e9e5d5325fc?s=96&d=mm&r=g\",\"contentUrl\":\"https:\\\/\\\/secure.gravatar.com\\\/avatar\\\/b73a087aa3bd279fb70d24f1960a91c82cf67619395b60b564c90e9e5d5325fc?s=96&d=mm&r=g\",\"caption\":\"Redazione\"},\"description\":\"News e aggiornamenti sui film, serie tv, teatro e festival italiani ed internazionali.\",\"url\":\"https:\\\/\\\/www.castingnews.eu\\\/magazine\\\/author\\\/redazione\\\/\"}]}<\/script>\r\n<!-- \/ Yoast SEO plugin. -->","yoast_head_json":{"title":"L\u2019Isola del Cinema presenta RomaParlaCinema - Casting News Magazine","robots":{"index":"index","follow":"follow","max-snippet":"max-snippet:-1","max-image-preview":"max-image-preview:large","max-video-preview":"max-video-preview:-1"},"canonical":"https:\/\/www.castingnews.eu\/magazine\/2019\/06\/21\/lisola-del-cinema-presenta-romaparlacinema\/","og_locale":"it_IT","og_type":"article","og_title":"L\u2019Isola del Cinema presenta RomaParlaCinema - Casting News Magazine","og_description":"Il canale Loquis come guida interattiva di Cinema per la citt\u00e0 Nell\u2019ottica della sua attivit\u00e0 di promozione del Cinema, anche in termini di visibilit\u00e0 dei luoghi e del cineturismo, il 22 Giugno, alle ore 21:00, L\u2019Isola del Cinema presenta il canale di Loquis \u201cRomaParlaCinema\u201d, presso lo Schermo Tevere dell\u2019Isola Tiberina, un canale dedicato che offre [&hellip;]","og_url":"https:\/\/www.castingnews.eu\/magazine\/2019\/06\/21\/lisola-del-cinema-presenta-romaparlacinema\/","og_site_name":"Casting News Magazine","article_published_time":"2019-06-21T16:12:56+00:00","article_modified_time":"2019-06-21T16:13:01+00:00","og_image":[{"width":800,"height":506,"url":"https:\/\/www.castingnews.eu\/magazine\/wp-content\/uploads\/2019\/06\/Isola-del-Cinema-RomaParlaCinema.jpg","type":"image\/jpeg"}],"author":"Redazione","twitter_card":"summary_large_image","twitter_misc":{"Scritto da":"Redazione","Tempo di lettura stimato":"2 minuti"},"schema":{"@context":"https:\/\/schema.org","@graph":[{"@type":"Article","@id":"https:\/\/www.castingnews.eu\/magazine\/2019\/06\/21\/lisola-del-cinema-presenta-romaparlacinema\/#article","isPartOf":{"@id":"https:\/\/www.castingnews.eu\/magazine\/2019\/06\/21\/lisola-del-cinema-presenta-romaparlacinema\/"},"author":{"name":"Redazione","@id":"https:\/\/www.castingnews.eu\/magazine\/#\/schema\/person\/099d71c568c9a7e5e4037b1594108f17"},"headline":"L\u2019Isola del Cinema presenta RomaParlaCinema","datePublished":"2019-06-21T16:12:56+00:00","dateModified":"2019-06-21T16:13:01+00:00","mainEntityOfPage":{"@id":"https:\/\/www.castingnews.eu\/magazine\/2019\/06\/21\/lisola-del-cinema-presenta-romaparlacinema\/"},"wordCount":469,"commentCount":0,"image":{"@id":"https:\/\/www.castingnews.eu\/magazine\/2019\/06\/21\/lisola-del-cinema-presenta-romaparlacinema\/#primaryimage"},"thumbnailUrl":"https:\/\/www.castingnews.eu\/magazine\/wp-content\/uploads\/2019\/06\/Isola-del-Cinema-RomaParlaCinema.jpg","keywords":["Cinema","Festival","L'Isola del Cinema","l\u2019Isola Tiberina","Loquis","Roma","RomaParlaCinema","Tevere"],"articleSection":["Festival","In primo piano"],"inLanguage":"it-IT","potentialAction":[{"@type":"CommentAction","name":"Comment","target":["https:\/\/www.castingnews.eu\/magazine\/2019\/06\/21\/lisola-del-cinema-presenta-romaparlacinema\/#respond"]}]},{"@type":"WebPage","@id":"https:\/\/www.castingnews.eu\/magazine\/2019\/06\/21\/lisola-del-cinema-presenta-romaparlacinema\/","url":"https:\/\/www.castingnews.eu\/magazine\/2019\/06\/21\/lisola-del-cinema-presenta-romaparlacinema\/","name":"L\u2019Isola del Cinema presenta RomaParlaCinema - Casting News Magazine","isPartOf":{"@id":"https:\/\/www.castingnews.eu\/magazine\/#website"},"primaryImageOfPage":{"@id":"https:\/\/www.castingnews.eu\/magazine\/2019\/06\/21\/lisola-del-cinema-presenta-romaparlacinema\/#primaryimage"},"image":{"@id":"https:\/\/www.castingnews.eu\/magazine\/2019\/06\/21\/lisola-del-cinema-presenta-romaparlacinema\/#primaryimage"},"thumbnailUrl":"https:\/\/www.castingnews.eu\/magazine\/wp-content\/uploads\/2019\/06\/Isola-del-Cinema-RomaParlaCinema.jpg","datePublished":"2019-06-21T16:12:56+00:00","dateModified":"2019-06-21T16:13:01+00:00","author":{"@id":"https:\/\/www.castingnews.eu\/magazine\/#\/schema\/person\/099d71c568c9a7e5e4037b1594108f17"},"breadcrumb":{"@id":"https:\/\/www.castingnews.eu\/magazine\/2019\/06\/21\/lisola-del-cinema-presenta-romaparlacinema\/#breadcrumb"},"inLanguage":"it-IT","potentialAction":[{"@type":"ReadAction","target":["https:\/\/www.castingnews.eu\/magazine\/2019\/06\/21\/lisola-del-cinema-presenta-romaparlacinema\/"]}]},{"@type":"ImageObject","inLanguage":"it-IT","@id":"https:\/\/www.castingnews.eu\/magazine\/2019\/06\/21\/lisola-del-cinema-presenta-romaparlacinema\/#primaryimage","url":"https:\/\/www.castingnews.eu\/magazine\/wp-content\/uploads\/2019\/06\/Isola-del-Cinema-RomaParlaCinema.jpg","contentUrl":"https:\/\/www.castingnews.eu\/magazine\/wp-content\/uploads\/2019\/06\/Isola-del-Cinema-RomaParlaCinema.jpg","width":800,"height":506},{"@type":"BreadcrumbList","@id":"https:\/\/www.castingnews.eu\/magazine\/2019\/06\/21\/lisola-del-cinema-presenta-romaparlacinema\/#breadcrumb","itemListElement":[{"@type":"ListItem","position":1,"name":"Home","item":"https:\/\/www.castingnews.eu\/magazine\/"},{"@type":"ListItem","position":2,"name":"L\u2019Isola del Cinema presenta RomaParlaCinema"}]},{"@type":"WebSite","@id":"https:\/\/www.castingnews.eu\/magazine\/#website","url":"https:\/\/www.castingnews.eu\/magazine\/","name":"Casting News Magazine","description":"News e aggiornamenti sui film, serie tv, teatro e festival italiani ed internazionali","potentialAction":[{"@type":"SearchAction","target":{"@type":"EntryPoint","urlTemplate":"https:\/\/www.castingnews.eu\/magazine\/?s={search_term_string}"},"query-input":{"@type":"PropertyValueSpecification","valueRequired":true,"valueName":"search_term_string"}}],"inLanguage":"it-IT"},{"@type":"Person","@id":"https:\/\/www.castingnews.eu\/magazine\/#\/schema\/person\/099d71c568c9a7e5e4037b1594108f17","name":"Redazione","image":{"@type":"ImageObject","inLanguage":"it-IT","@id":"https:\/\/secure.gravatar.com\/avatar\/b73a087aa3bd279fb70d24f1960a91c82cf67619395b60b564c90e9e5d5325fc?s=96&d=mm&r=g","url":"https:\/\/secure.gravatar.com\/avatar\/b73a087aa3bd279fb70d24f1960a91c82cf67619395b60b564c90e9e5d5325fc?s=96&d=mm&r=g","contentUrl":"https:\/\/secure.gravatar.com\/avatar\/b73a087aa3bd279fb70d24f1960a91c82cf67619395b60b564c90e9e5d5325fc?s=96&d=mm&r=g","caption":"Redazione"},"description":"News e aggiornamenti sui film, serie tv, teatro e festival italiani ed internazionali.","url":"https:\/\/www.castingnews.eu\/magazine\/author\/redazione\/"}]}},"_links":{"self":[{"href":"https:\/\/www.castingnews.eu\/magazine\/wp-json\/wp\/v2\/posts\/2682","targetHints":{"allow":["GET"]}}],"collection":[{"href":"https:\/\/www.castingnews.eu\/magazine\/wp-json\/wp\/v2\/posts"}],"about":[{"href":"https:\/\/www.castingnews.eu\/magazine\/wp-json\/wp\/v2\/types\/post"}],"author":[{"embeddable":true,"href":"https:\/\/www.castingnews.eu\/magazine\/wp-json\/wp\/v2\/users\/1"}],"replies":[{"embeddable":true,"href":"https:\/\/www.castingnews.eu\/magazine\/wp-json\/wp\/v2\/comments?post=2682"}],"version-history":[{"count":1,"href":"https:\/\/www.castingnews.eu\/magazine\/wp-json\/wp\/v2\/posts\/2682\/revisions"}],"predecessor-version":[{"id":2686,"href":"https:\/\/www.castingnews.eu\/magazine\/wp-json\/wp\/v2\/posts\/2682\/revisions\/2686"}],"wp:featuredmedia":[{"embeddable":true,"href":"https:\/\/www.castingnews.eu\/magazine\/wp-json\/wp\/v2\/media\/2685"}],"wp:attachment":[{"href":"https:\/\/www.castingnews.eu\/magazine\/wp-json\/wp\/v2\/media?parent=2682"}],"wp:term":[{"taxonomy":"category","embeddable":true,"href":"https:\/\/www.castingnews.eu\/magazine\/wp-json\/wp\/v2\/categories?post=2682"},{"taxonomy":"post_tag","embeddable":true,"href":"https:\/\/www.castingnews.eu\/magazine\/wp-json\/wp\/v2\/tags?post=2682"}],"curies":[{"name":"wp","href":"https:\/\/api.w.org\/{rel}","templated":true}]}}