{"id":2558,"date":"2019-04-18T16:56:17","date_gmt":"2019-04-18T14:56:17","guid":{"rendered":"https:\/\/www.castingnews.eu\/magazine\/?p=2558"},"modified":"2019-04-18T16:56:22","modified_gmt":"2019-04-18T14:56:22","slug":"casting-a-roma-per-una-serie-tv-e-per-due-cortometraggi-retribuiti","status":"publish","type":"post","link":"https:\/\/www.castingnews.eu\/magazine\/2019\/04\/18\/casting-a-roma-per-una-serie-tv-e-per-due-cortometraggi-retribuiti\/","title":{"rendered":"Casting a Roma per una serie TV e per due cortometraggi retribuiti"},"content":{"rendered":"\n<h4 class=\"wp-block-heading\"><strong>Si cercano varie figure per una nuova serie televisiva e per la realizzazione di due cortometraggi da girare a Roma.<\/strong><\/h4>\n\n\n\n<p><strong>Serie TV: Provini per figurazioni speciali tra i 25\/35 anni<\/strong><br> Sono aperti i casting per la realizzazione di alcune scene di un\u2019importante serie TV che sar\u00e0 girata a <strong>Roma<\/strong>.<br> Attualmente si cercano uomini fra i 25 e 35 anni in grado di dare battute in milanese.<br> Le selezioni si svolgeranno a Roma.<br> <a href=\"https:\/\/www.castingnews.eu\/news\/news.asp?id_news=7415&amp;id_cat=1\"><strong>Casting per una Serie TV a Roma<\/strong><\/a><br><\/p><div class=\"6d3639e8c6ac292cde400fad8ff8a5b9\" data-index=\"1\" style=\"float: none; margin:10px 0 10px 0; text-align:center;\">\n<script async src=\"\/\/pagead2.googlesyndication.com\/pagead\/js\/adsbygoogle.js\"><\/script>\r\n<!-- Casting Bambini NEW -->\r\n<ins class=\"adsbygoogle\"\r\n     style=\"display:inline-block;width:336px;height:280px\"\r\n     data-ad-client=\"ca-pub-5538097485429833\"\r\n     data-ad-slot=\"5127154445\"><\/ins>\r\n<script>\r\n(adsbygoogle = window.adsbygoogle || []).push({});\r\n<\/script>\n<\/div>\n\n\n\n\n<p><strong>Provini a Roma per uomini e donne tra i 18 e i 65 anni<\/strong><br> Selezioni attualmente in corso per la realizzazione di un nuovo cortometraggio retribuito. A tale proposito, si cercano <strong>attori e attrici <\/strong>di et\u00e0 compresa tra i 18 e i 65 anni.<br> Nello specifico si cercano: UOMO et\u00e0 scenica 45\u201365 anni; UOMO dall\u2019aspetto molto curato, et\u00e0 scenica 35 \u2013 45 anni; UOMO molto grosso o palestrato \u2013 et\u00e0 scenica 35 &#8211; 55 anni; UOMO et\u00e0 scenica 30 \u2013 35 anni; RAGAZZO et\u00e0 scenica 18 anni o meno; DONNA et\u00e0 scenica 20 &#8211; 35 anni; DONNA et\u00e0 scenica 40 &#8211; 50 anni.<br> <strong><a href=\"https:\/\/www.castingnews.eu\/news\/news.asp?id_news=7416&amp;id_cat=6\">Casting attori e attrici per cortometraggio retribuito<\/a><\/strong><br><\/p>\n\n\n\n<p><strong>Provini a Roma per uomini e donne tra i 28\/35 anni<\/strong><br> Sono inoltre aperte le selezioni di <strong>attori e attrici<\/strong> per realizzare un cortometraggio retribuito, le cui riprese verranno effettuate a <strong>Roma<\/strong>.<br> Nello specifico si cercano 1 uomo e 1 donna di et\u00e0 scenica compresa tra i 28 e i 35 anni, corporatura normale, altezza oltre 170 cm.<br> <strong><a href=\"https:\/\/www.castingnews.eu\/news\/news.asp?id_news=7417&amp;id_cat=6\">ROMA: Selezioni per uomini e donne dai 28 ai 35 anni<\/a><\/strong><br><\/p>\n\n<div style=\"font-size: 0px; height: 0px; line-height: 0px; margin: 0; padding: 0; clear: both;\"><\/div>","protected":false},"excerpt":{"rendered":"<p>Si cercano varie figure per una nuova serie televisiva e per la realizzazione di due cortometraggi da girare a Roma. Serie TV: Provini per figurazioni speciali tra i 25\/35 anni Sono aperti i casting per la realizzazione di alcune scene di un\u2019importante serie TV che sar\u00e0 girata a Roma. Attualmente si cercano uomini fra i [&hellip;]<\/p>\n","protected":false},"author":1,"featured_media":2325,"comment_status":"open","ping_status":"open","sticky":false,"template":"","format":"standard","meta":{"tdm_status":"","tdm_grid_status":"","footnotes":""},"categories":[2,1533],"tags":[186,188,266,1715,374,1118,1193,1611],"class_list":{"0":"post-2558","1":"post","2":"type-post","3":"status-publish","4":"format-standard","5":"has-post-thumbnail","7":"category-casting-provini","8":"category-featured","9":"tag-attori","10":"tag-attrici","11":"tag-casting","12":"tag-casting-a-roma","13":"tag-cortometraggio","14":"tag-provini","15":"tag-roma","16":"tag-serie-tv"},"yoast_head":"<!-- This site is optimized with the Yoast SEO plugin v27.4 - https:\/\/yoast.com\/product\/yoast-seo-wordpress\/ -->\r\n<title>Casting a Roma per una serie TV e per due cortometraggi retribuiti - Casting News Magazine<\/title>\r\n<meta name=\"robots\" content=\"index, follow, max-snippet:-1, max-image-preview:large, max-video-preview:-1\" \/>\r\n<link rel=\"canonical\" href=\"https:\/\/www.castingnews.eu\/magazine\/2019\/04\/18\/casting-a-roma-per-una-serie-tv-e-per-due-cortometraggi-retribuiti\/\" \/>\r\n<meta property=\"og:locale\" content=\"it_IT\" \/>\r\n<meta property=\"og:type\" content=\"article\" \/>\r\n<meta property=\"og:title\" content=\"Casting a Roma per una serie TV e per due cortometraggi retribuiti - Casting News Magazine\" \/>\r\n<meta property=\"og:description\" content=\"Si cercano varie figure per una nuova serie televisiva e per la realizzazione di due cortometraggi da girare a Roma. Serie TV: Provini per figurazioni speciali tra i 25\/35 anni Sono aperti i casting per la realizzazione di alcune scene di un\u2019importante serie TV che sar\u00e0 girata a Roma. Attualmente si cercano uomini fra i [&hellip;]\" \/>\r\n<meta property=\"og:url\" content=\"https:\/\/www.castingnews.eu\/magazine\/2019\/04\/18\/casting-a-roma-per-una-serie-tv-e-per-due-cortometraggi-retribuiti\/\" \/>\r\n<meta property=\"og:site_name\" content=\"Casting News Magazine\" \/>\r\n<meta property=\"article:published_time\" content=\"2019-04-18T14:56:17+00:00\" \/>\r\n<meta property=\"article:modified_time\" content=\"2019-04-18T14:56:22+00:00\" \/>\r\n<meta property=\"og:image\" content=\"https:\/\/www.castingnews.eu\/magazine\/wp-content\/uploads\/2019\/02\/film-ciak-2019.jpg\" \/>\r\n\t<meta property=\"og:image:width\" content=\"600\" \/>\r\n\t<meta property=\"og:image:height\" content=\"400\" \/>\r\n\t<meta property=\"og:image:type\" content=\"image\/jpeg\" \/>\r\n<meta name=\"author\" content=\"Redazione\" \/>\r\n<meta name=\"twitter:card\" content=\"summary_large_image\" \/>\r\n<meta name=\"twitter:label1\" content=\"Scritto da\" \/>\n\t<meta name=\"twitter:data1\" content=\"Redazione\" \/>\n\t<meta name=\"twitter:label2\" content=\"Tempo di lettura stimato\" \/>\n\t<meta name=\"twitter:data2\" content=\"1 minuto\" \/>\r\n<script type=\"application\/ld+json\" class=\"yoast-schema-graph\">{\"@context\":\"https:\\\/\\\/schema.org\",\"@graph\":[{\"@type\":\"Article\",\"@id\":\"https:\\\/\\\/www.castingnews.eu\\\/magazine\\\/2019\\\/04\\\/18\\\/casting-a-roma-per-una-serie-tv-e-per-due-cortometraggi-retribuiti\\\/#article\",\"isPartOf\":{\"@id\":\"https:\\\/\\\/www.castingnews.eu\\\/magazine\\\/2019\\\/04\\\/18\\\/casting-a-roma-per-una-serie-tv-e-per-due-cortometraggi-retribuiti\\\/\"},\"author\":{\"name\":\"Redazione\",\"@id\":\"https:\\\/\\\/www.castingnews.eu\\\/magazine\\\/#\\\/schema\\\/person\\\/099d71c568c9a7e5e4037b1594108f17\"},\"headline\":\"Casting a Roma per una serie TV e per due cortometraggi retribuiti\",\"datePublished\":\"2019-04-18T14:56:17+00:00\",\"dateModified\":\"2019-04-18T14:56:22+00:00\",\"mainEntityOfPage\":{\"@id\":\"https:\\\/\\\/www.castingnews.eu\\\/magazine\\\/2019\\\/04\\\/18\\\/casting-a-roma-per-una-serie-tv-e-per-due-cortometraggi-retribuiti\\\/\"},\"wordCount\":242,\"commentCount\":0,\"image\":{\"@id\":\"https:\\\/\\\/www.castingnews.eu\\\/magazine\\\/2019\\\/04\\\/18\\\/casting-a-roma-per-una-serie-tv-e-per-due-cortometraggi-retribuiti\\\/#primaryimage\"},\"thumbnailUrl\":\"https:\\\/\\\/www.castingnews.eu\\\/magazine\\\/wp-content\\\/uploads\\\/2019\\\/02\\\/film-ciak-2019.jpg\",\"keywords\":[\"Attori\",\"Attrici\",\"casting\",\"Casting a Roma\",\"Cortometraggio\",\"Provini\",\"Roma\",\"Serie tv\"],\"articleSection\":[\"Casting &amp; Provini\",\"In primo piano\"],\"inLanguage\":\"it-IT\",\"potentialAction\":[{\"@type\":\"CommentAction\",\"name\":\"Comment\",\"target\":[\"https:\\\/\\\/www.castingnews.eu\\\/magazine\\\/2019\\\/04\\\/18\\\/casting-a-roma-per-una-serie-tv-e-per-due-cortometraggi-retribuiti\\\/#respond\"]}]},{\"@type\":\"WebPage\",\"@id\":\"https:\\\/\\\/www.castingnews.eu\\\/magazine\\\/2019\\\/04\\\/18\\\/casting-a-roma-per-una-serie-tv-e-per-due-cortometraggi-retribuiti\\\/\",\"url\":\"https:\\\/\\\/www.castingnews.eu\\\/magazine\\\/2019\\\/04\\\/18\\\/casting-a-roma-per-una-serie-tv-e-per-due-cortometraggi-retribuiti\\\/\",\"name\":\"Casting a Roma per una serie TV e per due cortometraggi retribuiti - Casting News Magazine\",\"isPartOf\":{\"@id\":\"https:\\\/\\\/www.castingnews.eu\\\/magazine\\\/#website\"},\"primaryImageOfPage\":{\"@id\":\"https:\\\/\\\/www.castingnews.eu\\\/magazine\\\/2019\\\/04\\\/18\\\/casting-a-roma-per-una-serie-tv-e-per-due-cortometraggi-retribuiti\\\/#primaryimage\"},\"image\":{\"@id\":\"https:\\\/\\\/www.castingnews.eu\\\/magazine\\\/2019\\\/04\\\/18\\\/casting-a-roma-per-una-serie-tv-e-per-due-cortometraggi-retribuiti\\\/#primaryimage\"},\"thumbnailUrl\":\"https:\\\/\\\/www.castingnews.eu\\\/magazine\\\/wp-content\\\/uploads\\\/2019\\\/02\\\/film-ciak-2019.jpg\",\"datePublished\":\"2019-04-18T14:56:17+00:00\",\"dateModified\":\"2019-04-18T14:56:22+00:00\",\"author\":{\"@id\":\"https:\\\/\\\/www.castingnews.eu\\\/magazine\\\/#\\\/schema\\\/person\\\/099d71c568c9a7e5e4037b1594108f17\"},\"breadcrumb\":{\"@id\":\"https:\\\/\\\/www.castingnews.eu\\\/magazine\\\/2019\\\/04\\\/18\\\/casting-a-roma-per-una-serie-tv-e-per-due-cortometraggi-retribuiti\\\/#breadcrumb\"},\"inLanguage\":\"it-IT\",\"potentialAction\":[{\"@type\":\"ReadAction\",\"target\":[\"https:\\\/\\\/www.castingnews.eu\\\/magazine\\\/2019\\\/04\\\/18\\\/casting-a-roma-per-una-serie-tv-e-per-due-cortometraggi-retribuiti\\\/\"]}]},{\"@type\":\"ImageObject\",\"inLanguage\":\"it-IT\",\"@id\":\"https:\\\/\\\/www.castingnews.eu\\\/magazine\\\/2019\\\/04\\\/18\\\/casting-a-roma-per-una-serie-tv-e-per-due-cortometraggi-retribuiti\\\/#primaryimage\",\"url\":\"https:\\\/\\\/www.castingnews.eu\\\/magazine\\\/wp-content\\\/uploads\\\/2019\\\/02\\\/film-ciak-2019.jpg\",\"contentUrl\":\"https:\\\/\\\/www.castingnews.eu\\\/magazine\\\/wp-content\\\/uploads\\\/2019\\\/02\\\/film-ciak-2019.jpg\",\"width\":600,\"height\":400,\"caption\":\"Film ciak 2019\"},{\"@type\":\"BreadcrumbList\",\"@id\":\"https:\\\/\\\/www.castingnews.eu\\\/magazine\\\/2019\\\/04\\\/18\\\/casting-a-roma-per-una-serie-tv-e-per-due-cortometraggi-retribuiti\\\/#breadcrumb\",\"itemListElement\":[{\"@type\":\"ListItem\",\"position\":1,\"name\":\"Home\",\"item\":\"https:\\\/\\\/www.castingnews.eu\\\/magazine\\\/\"},{\"@type\":\"ListItem\",\"position\":2,\"name\":\"Casting a Roma per una serie TV e per due cortometraggi retribuiti\"}]},{\"@type\":\"WebSite\",\"@id\":\"https:\\\/\\\/www.castingnews.eu\\\/magazine\\\/#website\",\"url\":\"https:\\\/\\\/www.castingnews.eu\\\/magazine\\\/\",\"name\":\"Casting News Magazine\",\"description\":\"News e aggiornamenti sui film, serie tv, teatro e festival italiani ed internazionali\",\"potentialAction\":[{\"@type\":\"SearchAction\",\"target\":{\"@type\":\"EntryPoint\",\"urlTemplate\":\"https:\\\/\\\/www.castingnews.eu\\\/magazine\\\/?s={search_term_string}\"},\"query-input\":{\"@type\":\"PropertyValueSpecification\",\"valueRequired\":true,\"valueName\":\"search_term_string\"}}],\"inLanguage\":\"it-IT\"},{\"@type\":\"Person\",\"@id\":\"https:\\\/\\\/www.castingnews.eu\\\/magazine\\\/#\\\/schema\\\/person\\\/099d71c568c9a7e5e4037b1594108f17\",\"name\":\"Redazione\",\"image\":{\"@type\":\"ImageObject\",\"inLanguage\":\"it-IT\",\"@id\":\"https:\\\/\\\/secure.gravatar.com\\\/avatar\\\/b73a087aa3bd279fb70d24f1960a91c82cf67619395b60b564c90e9e5d5325fc?s=96&d=mm&r=g\",\"url\":\"https:\\\/\\\/secure.gravatar.com\\\/avatar\\\/b73a087aa3bd279fb70d24f1960a91c82cf67619395b60b564c90e9e5d5325fc?s=96&d=mm&r=g\",\"contentUrl\":\"https:\\\/\\\/secure.gravatar.com\\\/avatar\\\/b73a087aa3bd279fb70d24f1960a91c82cf67619395b60b564c90e9e5d5325fc?s=96&d=mm&r=g\",\"caption\":\"Redazione\"},\"description\":\"News e aggiornamenti sui film, serie tv, teatro e festival italiani ed internazionali.\",\"url\":\"https:\\\/\\\/www.castingnews.eu\\\/magazine\\\/author\\\/redazione\\\/\"}]}<\/script>\r\n<!-- \/ Yoast SEO plugin. -->","yoast_head_json":{"title":"Casting a Roma per una serie TV e per due cortometraggi retribuiti - Casting News Magazine","robots":{"index":"index","follow":"follow","max-snippet":"max-snippet:-1","max-image-preview":"max-image-preview:large","max-video-preview":"max-video-preview:-1"},"canonical":"https:\/\/www.castingnews.eu\/magazine\/2019\/04\/18\/casting-a-roma-per-una-serie-tv-e-per-due-cortometraggi-retribuiti\/","og_locale":"it_IT","og_type":"article","og_title":"Casting a Roma per una serie TV e per due cortometraggi retribuiti - Casting News Magazine","og_description":"Si cercano varie figure per una nuova serie televisiva e per la realizzazione di due cortometraggi da girare a Roma. Serie TV: Provini per figurazioni speciali tra i 25\/35 anni Sono aperti i casting per la realizzazione di alcune scene di un\u2019importante serie TV che sar\u00e0 girata a Roma. Attualmente si cercano uomini fra i [&hellip;]","og_url":"https:\/\/www.castingnews.eu\/magazine\/2019\/04\/18\/casting-a-roma-per-una-serie-tv-e-per-due-cortometraggi-retribuiti\/","og_site_name":"Casting News Magazine","article_published_time":"2019-04-18T14:56:17+00:00","article_modified_time":"2019-04-18T14:56:22+00:00","og_image":[{"width":600,"height":400,"url":"https:\/\/www.castingnews.eu\/magazine\/wp-content\/uploads\/2019\/02\/film-ciak-2019.jpg","type":"image\/jpeg"}],"author":"Redazione","twitter_card":"summary_large_image","twitter_misc":{"Scritto da":"Redazione","Tempo di lettura stimato":"1 minuto"},"schema":{"@context":"https:\/\/schema.org","@graph":[{"@type":"Article","@id":"https:\/\/www.castingnews.eu\/magazine\/2019\/04\/18\/casting-a-roma-per-una-serie-tv-e-per-due-cortometraggi-retribuiti\/#article","isPartOf":{"@id":"https:\/\/www.castingnews.eu\/magazine\/2019\/04\/18\/casting-a-roma-per-una-serie-tv-e-per-due-cortometraggi-retribuiti\/"},"author":{"name":"Redazione","@id":"https:\/\/www.castingnews.eu\/magazine\/#\/schema\/person\/099d71c568c9a7e5e4037b1594108f17"},"headline":"Casting a Roma per una serie TV e per due cortometraggi retribuiti","datePublished":"2019-04-18T14:56:17+00:00","dateModified":"2019-04-18T14:56:22+00:00","mainEntityOfPage":{"@id":"https:\/\/www.castingnews.eu\/magazine\/2019\/04\/18\/casting-a-roma-per-una-serie-tv-e-per-due-cortometraggi-retribuiti\/"},"wordCount":242,"commentCount":0,"image":{"@id":"https:\/\/www.castingnews.eu\/magazine\/2019\/04\/18\/casting-a-roma-per-una-serie-tv-e-per-due-cortometraggi-retribuiti\/#primaryimage"},"thumbnailUrl":"https:\/\/www.castingnews.eu\/magazine\/wp-content\/uploads\/2019\/02\/film-ciak-2019.jpg","keywords":["Attori","Attrici","casting","Casting a Roma","Cortometraggio","Provini","Roma","Serie tv"],"articleSection":["Casting &amp; Provini","In primo piano"],"inLanguage":"it-IT","potentialAction":[{"@type":"CommentAction","name":"Comment","target":["https:\/\/www.castingnews.eu\/magazine\/2019\/04\/18\/casting-a-roma-per-una-serie-tv-e-per-due-cortometraggi-retribuiti\/#respond"]}]},{"@type":"WebPage","@id":"https:\/\/www.castingnews.eu\/magazine\/2019\/04\/18\/casting-a-roma-per-una-serie-tv-e-per-due-cortometraggi-retribuiti\/","url":"https:\/\/www.castingnews.eu\/magazine\/2019\/04\/18\/casting-a-roma-per-una-serie-tv-e-per-due-cortometraggi-retribuiti\/","name":"Casting a Roma per una serie TV e per due cortometraggi retribuiti - Casting News Magazine","isPartOf":{"@id":"https:\/\/www.castingnews.eu\/magazine\/#website"},"primaryImageOfPage":{"@id":"https:\/\/www.castingnews.eu\/magazine\/2019\/04\/18\/casting-a-roma-per-una-serie-tv-e-per-due-cortometraggi-retribuiti\/#primaryimage"},"image":{"@id":"https:\/\/www.castingnews.eu\/magazine\/2019\/04\/18\/casting-a-roma-per-una-serie-tv-e-per-due-cortometraggi-retribuiti\/#primaryimage"},"thumbnailUrl":"https:\/\/www.castingnews.eu\/magazine\/wp-content\/uploads\/2019\/02\/film-ciak-2019.jpg","datePublished":"2019-04-18T14:56:17+00:00","dateModified":"2019-04-18T14:56:22+00:00","author":{"@id":"https:\/\/www.castingnews.eu\/magazine\/#\/schema\/person\/099d71c568c9a7e5e4037b1594108f17"},"breadcrumb":{"@id":"https:\/\/www.castingnews.eu\/magazine\/2019\/04\/18\/casting-a-roma-per-una-serie-tv-e-per-due-cortometraggi-retribuiti\/#breadcrumb"},"inLanguage":"it-IT","potentialAction":[{"@type":"ReadAction","target":["https:\/\/www.castingnews.eu\/magazine\/2019\/04\/18\/casting-a-roma-per-una-serie-tv-e-per-due-cortometraggi-retribuiti\/"]}]},{"@type":"ImageObject","inLanguage":"it-IT","@id":"https:\/\/www.castingnews.eu\/magazine\/2019\/04\/18\/casting-a-roma-per-una-serie-tv-e-per-due-cortometraggi-retribuiti\/#primaryimage","url":"https:\/\/www.castingnews.eu\/magazine\/wp-content\/uploads\/2019\/02\/film-ciak-2019.jpg","contentUrl":"https:\/\/www.castingnews.eu\/magazine\/wp-content\/uploads\/2019\/02\/film-ciak-2019.jpg","width":600,"height":400,"caption":"Film ciak 2019"},{"@type":"BreadcrumbList","@id":"https:\/\/www.castingnews.eu\/magazine\/2019\/04\/18\/casting-a-roma-per-una-serie-tv-e-per-due-cortometraggi-retribuiti\/#breadcrumb","itemListElement":[{"@type":"ListItem","position":1,"name":"Home","item":"https:\/\/www.castingnews.eu\/magazine\/"},{"@type":"ListItem","position":2,"name":"Casting a Roma per una serie TV e per due cortometraggi retribuiti"}]},{"@type":"WebSite","@id":"https:\/\/www.castingnews.eu\/magazine\/#website","url":"https:\/\/www.castingnews.eu\/magazine\/","name":"Casting News Magazine","description":"News e aggiornamenti sui film, serie tv, teatro e festival italiani ed internazionali","potentialAction":[{"@type":"SearchAction","target":{"@type":"EntryPoint","urlTemplate":"https:\/\/www.castingnews.eu\/magazine\/?s={search_term_string}"},"query-input":{"@type":"PropertyValueSpecification","valueRequired":true,"valueName":"search_term_string"}}],"inLanguage":"it-IT"},{"@type":"Person","@id":"https:\/\/www.castingnews.eu\/magazine\/#\/schema\/person\/099d71c568c9a7e5e4037b1594108f17","name":"Redazione","image":{"@type":"ImageObject","inLanguage":"it-IT","@id":"https:\/\/secure.gravatar.com\/avatar\/b73a087aa3bd279fb70d24f1960a91c82cf67619395b60b564c90e9e5d5325fc?s=96&d=mm&r=g","url":"https:\/\/secure.gravatar.com\/avatar\/b73a087aa3bd279fb70d24f1960a91c82cf67619395b60b564c90e9e5d5325fc?s=96&d=mm&r=g","contentUrl":"https:\/\/secure.gravatar.com\/avatar\/b73a087aa3bd279fb70d24f1960a91c82cf67619395b60b564c90e9e5d5325fc?s=96&d=mm&r=g","caption":"Redazione"},"description":"News e aggiornamenti sui film, serie tv, teatro e festival italiani ed internazionali.","url":"https:\/\/www.castingnews.eu\/magazine\/author\/redazione\/"}]}},"_links":{"self":[{"href":"https:\/\/www.castingnews.eu\/magazine\/wp-json\/wp\/v2\/posts\/2558","targetHints":{"allow":["GET"]}}],"collection":[{"href":"https:\/\/www.castingnews.eu\/magazine\/wp-json\/wp\/v2\/posts"}],"about":[{"href":"https:\/\/www.castingnews.eu\/magazine\/wp-json\/wp\/v2\/types\/post"}],"author":[{"embeddable":true,"href":"https:\/\/www.castingnews.eu\/magazine\/wp-json\/wp\/v2\/users\/1"}],"replies":[{"embeddable":true,"href":"https:\/\/www.castingnews.eu\/magazine\/wp-json\/wp\/v2\/comments?post=2558"}],"version-history":[{"count":1,"href":"https:\/\/www.castingnews.eu\/magazine\/wp-json\/wp\/v2\/posts\/2558\/revisions"}],"predecessor-version":[{"id":2559,"href":"https:\/\/www.castingnews.eu\/magazine\/wp-json\/wp\/v2\/posts\/2558\/revisions\/2559"}],"wp:featuredmedia":[{"embeddable":true,"href":"https:\/\/www.castingnews.eu\/magazine\/wp-json\/wp\/v2\/media\/2325"}],"wp:attachment":[{"href":"https:\/\/www.castingnews.eu\/magazine\/wp-json\/wp\/v2\/media?parent=2558"}],"wp:term":[{"taxonomy":"category","embeddable":true,"href":"https:\/\/www.castingnews.eu\/magazine\/wp-json\/wp\/v2\/categories?post=2558"},{"taxonomy":"post_tag","embeddable":true,"href":"https:\/\/www.castingnews.eu\/magazine\/wp-json\/wp\/v2\/tags?post=2558"}],"curies":[{"name":"wp","href":"https:\/\/api.w.org\/{rel}","templated":true}]}}