{"id":255,"date":"2009-07-29T11:47:47","date_gmt":"2009-07-29T10:47:47","guid":{"rendered":"http:\/\/www.film-movie.eu\/?p=255"},"modified":"2009-07-29T11:47:47","modified_gmt":"2009-07-29T10:47:47","slug":"a-viagrande-il-2-festival-internazionale-del-cortometraggio-comico-umoristico-state-akorti","status":"publish","type":"post","link":"https:\/\/www.castingnews.eu\/magazine\/2009\/07\/29\/a-viagrande-il-2-festival-internazionale-del-cortometraggio-comico-umoristico-state-akorti\/","title":{"rendered":"A Viagrande il 2\u00b0 Festival internazionale del  cortometraggio comico- umoristico \u201cState aKorti\u201d"},"content":{"rendered":"<h3 style=\"text-align: justify;\">Il festival State aKorti \u00e8 in collaborazione con AperitivoCorto,<\/h3>\n<p style=\"text-align: justify;\">Si svolger\u00e0 il 3 agosto la seconda edizione del festival di cortometraggi di genere comico \u2013 umoristico \u201cState aKorti\u201d, organizzato da SK Studio e DIBO eventi, a Viagrande, ( Catania ) a Villa Di Bella. A rispondere al concorso, ideato da Riccardo Di Bella, tanti giovani registi italiani e stranieri.<br \/>\nAlla giuria, presieduta dai registi Giovanna Brogna e Carlo Lo Giudice, che sar\u00e0 composta da registi e giornalisti, il compito di selezionare il miglior cortometraggio al quale andr\u00e0 la somma di 500 euro, e per la miglior colonna sonora originale, la somma di 150 euro.<br \/>\nIl festival State aKorti \u00e8 in collaborazione con AperitivoCorto, il primo circuito nazionale di cortometraggi, che dar\u00e0 visibilit\u00e0 sul territorio nazionale ai migliori cortometraggi che parteciperanno al festival, per un lungo periodo di tempo. E con Ustation, social network universitario, all\u2019interno del quale alla fine del concorso si potranno votare i corti che hanno partecipato al festival.<\/p><div class=\"6d3639e8c6ac292cde400fad8ff8a5b9\" data-index=\"1\" style=\"float: none; margin:10px 0 10px 0; text-align:center;\">\n<script async src=\"\/\/pagead2.googlesyndication.com\/pagead\/js\/adsbygoogle.js\"><\/script>\r\n<!-- Casting Bambini NEW -->\r\n<ins class=\"adsbygoogle\"\r\n     style=\"display:inline-block;width:336px;height:280px\"\r\n     data-ad-client=\"ca-pub-5538097485429833\"\r\n     data-ad-slot=\"5127154445\"><\/ins>\r\n<script>\r\n(adsbygoogle = window.adsbygoogle || []).push({});\r\n<\/script>\n<\/div>\n\n<p style=\"text-align: justify;\">Durante la serata, che sar\u00e0 presentata da Carla Condorelli e da Giovanni Mignemi, entrambi appartenenti al gruppo musicale degli Stipsy King, si proietteranno alcuni video del gruppo.<\/p>\n<p style=\"text-align: justify;\">L\u2019associazione che si muove a fini umanitari che quest\u2019anno sar\u00e0 ospitata \u00e8 la Fondazione Angelo D\u2019Arrigo, presente con uno stand e alla quale andr\u00e0 il ricavato della vendita del cd degli Stipsy prodotto dalla SkStudio.<br \/>\nIl concorso, anticipato di un mese rispetto alla data annunciata per fine agosto, \u00e8 patrocinato dalla Provincia regionale di Catania, dal Comune e della Proloco di Viagrande.<\/p>\n\n<div style=\"font-size: 0px; height: 0px; line-height: 0px; margin: 0; padding: 0; clear: both;\"><\/div>","protected":false},"excerpt":{"rendered":"<p>Il festival State aKorti \u00e8 in collaborazione con AperitivoCorto, Si svolger\u00e0 il 3 agosto la seconda edizione del festival di cortometraggi di genere comico \u2013 umoristico \u201cState aKorti\u201d, organizzato da SK Studio e DIBO eventi, a Viagrande, ( Catania ) a Villa Di Bella. A rispondere al concorso, ideato da Riccardo Di Bella, tanti giovani [&hellip;]<\/p>\n","protected":false},"author":1,"featured_media":256,"comment_status":"open","ping_status":"open","sticky":false,"template":"","format":"standard","meta":{"tdm_status":"","tdm_grid_status":"","footnotes":""},"categories":[71],"tags":[],"class_list":{"0":"post-255","1":"post","2":"type-post","3":"status-publish","4":"format-standard","5":"has-post-thumbnail","7":"category-italia-paese"},"yoast_head":"<!-- This site is optimized with the Yoast SEO plugin v27.4 - https:\/\/yoast.com\/product\/yoast-seo-wordpress\/ -->\r\n<title>A Viagrande il 2\u00b0 Festival internazionale del cortometraggio comico- umoristico \u201cState aKorti\u201d - Casting News Magazine<\/title>\r\n<meta name=\"robots\" content=\"index, follow, max-snippet:-1, max-image-preview:large, max-video-preview:-1\" \/>\r\n<link rel=\"canonical\" href=\"https:\/\/www.castingnews.eu\/magazine\/2009\/07\/29\/a-viagrande-il-2-festival-internazionale-del-cortometraggio-comico-umoristico-state-akorti\/\" \/>\r\n<meta property=\"og:locale\" content=\"it_IT\" \/>\r\n<meta property=\"og:type\" content=\"article\" \/>\r\n<meta property=\"og:title\" content=\"A Viagrande il 2\u00b0 Festival internazionale del cortometraggio comico- umoristico \u201cState aKorti\u201d - Casting News Magazine\" \/>\r\n<meta property=\"og:description\" content=\"Il festival State aKorti \u00e8 in collaborazione con AperitivoCorto, Si svolger\u00e0 il 3 agosto la seconda edizione del festival di cortometraggi di genere comico \u2013 umoristico \u201cState aKorti\u201d, organizzato da SK Studio e DIBO eventi, a Viagrande, ( Catania ) a Villa Di Bella. A rispondere al concorso, ideato da Riccardo Di Bella, tanti giovani [&hellip;]\" \/>\r\n<meta property=\"og:url\" content=\"https:\/\/www.castingnews.eu\/magazine\/2009\/07\/29\/a-viagrande-il-2-festival-internazionale-del-cortometraggio-comico-umoristico-state-akorti\/\" \/>\r\n<meta property=\"og:site_name\" content=\"Casting News Magazine\" \/>\r\n<meta property=\"article:published_time\" content=\"2009-07-29T10:47:47+00:00\" \/>\r\n<meta property=\"og:image\" content=\"https:\/\/www.castingnews.eu\/magazine\/wp-content\/uploads\/2009\/07\/Locandina-festival-cortometraggio-State-akorti-2009-serata-finale-1.jpg\" \/>\r\n\t<meta property=\"og:image:width\" content=\"400\" \/>\r\n\t<meta property=\"og:image:height\" content=\"589\" \/>\r\n\t<meta property=\"og:image:type\" content=\"image\/jpeg\" \/>\r\n<meta name=\"author\" content=\"Redazione\" \/>\r\n<meta name=\"twitter:card\" content=\"summary_large_image\" \/>\r\n<meta name=\"twitter:label1\" content=\"Scritto da\" \/>\n\t<meta name=\"twitter:data1\" content=\"Redazione\" \/>\n\t<meta name=\"twitter:label2\" content=\"Tempo di lettura stimato\" \/>\n\t<meta name=\"twitter:data2\" content=\"1 minuto\" \/>\r\n<script type=\"application\/ld+json\" class=\"yoast-schema-graph\">{\"@context\":\"https:\\\/\\\/schema.org\",\"@graph\":[{\"@type\":\"Article\",\"@id\":\"https:\\\/\\\/www.castingnews.eu\\\/magazine\\\/2009\\\/07\\\/29\\\/a-viagrande-il-2-festival-internazionale-del-cortometraggio-comico-umoristico-state-akorti\\\/#article\",\"isPartOf\":{\"@id\":\"https:\\\/\\\/www.castingnews.eu\\\/magazine\\\/2009\\\/07\\\/29\\\/a-viagrande-il-2-festival-internazionale-del-cortometraggio-comico-umoristico-state-akorti\\\/\"},\"author\":{\"name\":\"Redazione\",\"@id\":\"https:\\\/\\\/www.castingnews.eu\\\/magazine\\\/#\\\/schema\\\/person\\\/099d71c568c9a7e5e4037b1594108f17\"},\"headline\":\"A Viagrande il 2\u00b0 Festival internazionale del cortometraggio comico- umoristico \u201cState aKorti\u201d\",\"datePublished\":\"2009-07-29T10:47:47+00:00\",\"mainEntityOfPage\":{\"@id\":\"https:\\\/\\\/www.castingnews.eu\\\/magazine\\\/2009\\\/07\\\/29\\\/a-viagrande-il-2-festival-internazionale-del-cortometraggio-comico-umoristico-state-akorti\\\/\"},\"wordCount\":255,\"commentCount\":0,\"image\":{\"@id\":\"https:\\\/\\\/www.castingnews.eu\\\/magazine\\\/2009\\\/07\\\/29\\\/a-viagrande-il-2-festival-internazionale-del-cortometraggio-comico-umoristico-state-akorti\\\/#primaryimage\"},\"thumbnailUrl\":\"https:\\\/\\\/www.castingnews.eu\\\/magazine\\\/wp-content\\\/uploads\\\/2009\\\/07\\\/Locandina-festival-cortometraggio-State-akorti-2009-serata-finale-1.jpg\",\"articleSection\":[\"Italia\"],\"inLanguage\":\"it-IT\",\"potentialAction\":[{\"@type\":\"CommentAction\",\"name\":\"Comment\",\"target\":[\"https:\\\/\\\/www.castingnews.eu\\\/magazine\\\/2009\\\/07\\\/29\\\/a-viagrande-il-2-festival-internazionale-del-cortometraggio-comico-umoristico-state-akorti\\\/#respond\"]}]},{\"@type\":\"WebPage\",\"@id\":\"https:\\\/\\\/www.castingnews.eu\\\/magazine\\\/2009\\\/07\\\/29\\\/a-viagrande-il-2-festival-internazionale-del-cortometraggio-comico-umoristico-state-akorti\\\/\",\"url\":\"https:\\\/\\\/www.castingnews.eu\\\/magazine\\\/2009\\\/07\\\/29\\\/a-viagrande-il-2-festival-internazionale-del-cortometraggio-comico-umoristico-state-akorti\\\/\",\"name\":\"A Viagrande il 2\u00b0 Festival internazionale del cortometraggio comico- umoristico \u201cState aKorti\u201d - Casting News Magazine\",\"isPartOf\":{\"@id\":\"https:\\\/\\\/www.castingnews.eu\\\/magazine\\\/#website\"},\"primaryImageOfPage\":{\"@id\":\"https:\\\/\\\/www.castingnews.eu\\\/magazine\\\/2009\\\/07\\\/29\\\/a-viagrande-il-2-festival-internazionale-del-cortometraggio-comico-umoristico-state-akorti\\\/#primaryimage\"},\"image\":{\"@id\":\"https:\\\/\\\/www.castingnews.eu\\\/magazine\\\/2009\\\/07\\\/29\\\/a-viagrande-il-2-festival-internazionale-del-cortometraggio-comico-umoristico-state-akorti\\\/#primaryimage\"},\"thumbnailUrl\":\"https:\\\/\\\/www.castingnews.eu\\\/magazine\\\/wp-content\\\/uploads\\\/2009\\\/07\\\/Locandina-festival-cortometraggio-State-akorti-2009-serata-finale-1.jpg\",\"datePublished\":\"2009-07-29T10:47:47+00:00\",\"author\":{\"@id\":\"https:\\\/\\\/www.castingnews.eu\\\/magazine\\\/#\\\/schema\\\/person\\\/099d71c568c9a7e5e4037b1594108f17\"},\"breadcrumb\":{\"@id\":\"https:\\\/\\\/www.castingnews.eu\\\/magazine\\\/2009\\\/07\\\/29\\\/a-viagrande-il-2-festival-internazionale-del-cortometraggio-comico-umoristico-state-akorti\\\/#breadcrumb\"},\"inLanguage\":\"it-IT\",\"potentialAction\":[{\"@type\":\"ReadAction\",\"target\":[\"https:\\\/\\\/www.castingnews.eu\\\/magazine\\\/2009\\\/07\\\/29\\\/a-viagrande-il-2-festival-internazionale-del-cortometraggio-comico-umoristico-state-akorti\\\/\"]}]},{\"@type\":\"ImageObject\",\"inLanguage\":\"it-IT\",\"@id\":\"https:\\\/\\\/www.castingnews.eu\\\/magazine\\\/2009\\\/07\\\/29\\\/a-viagrande-il-2-festival-internazionale-del-cortometraggio-comico-umoristico-state-akorti\\\/#primaryimage\",\"url\":\"https:\\\/\\\/www.castingnews.eu\\\/magazine\\\/wp-content\\\/uploads\\\/2009\\\/07\\\/Locandina-festival-cortometraggio-State-akorti-2009-serata-finale-1.jpg\",\"contentUrl\":\"https:\\\/\\\/www.castingnews.eu\\\/magazine\\\/wp-content\\\/uploads\\\/2009\\\/07\\\/Locandina-festival-cortometraggio-State-akorti-2009-serata-finale-1.jpg\",\"width\":400,\"height\":589},{\"@type\":\"BreadcrumbList\",\"@id\":\"https:\\\/\\\/www.castingnews.eu\\\/magazine\\\/2009\\\/07\\\/29\\\/a-viagrande-il-2-festival-internazionale-del-cortometraggio-comico-umoristico-state-akorti\\\/#breadcrumb\",\"itemListElement\":[{\"@type\":\"ListItem\",\"position\":1,\"name\":\"Home\",\"item\":\"https:\\\/\\\/www.castingnews.eu\\\/magazine\\\/\"},{\"@type\":\"ListItem\",\"position\":2,\"name\":\"A Viagrande il 2\u00b0 Festival internazionale del cortometraggio comico- umoristico \u201cState aKorti\u201d\"}]},{\"@type\":\"WebSite\",\"@id\":\"https:\\\/\\\/www.castingnews.eu\\\/magazine\\\/#website\",\"url\":\"https:\\\/\\\/www.castingnews.eu\\\/magazine\\\/\",\"name\":\"Casting News Magazine\",\"description\":\"News e aggiornamenti sui film, serie tv, teatro e festival italiani ed internazionali\",\"potentialAction\":[{\"@type\":\"SearchAction\",\"target\":{\"@type\":\"EntryPoint\",\"urlTemplate\":\"https:\\\/\\\/www.castingnews.eu\\\/magazine\\\/?s={search_term_string}\"},\"query-input\":{\"@type\":\"PropertyValueSpecification\",\"valueRequired\":true,\"valueName\":\"search_term_string\"}}],\"inLanguage\":\"it-IT\"},{\"@type\":\"Person\",\"@id\":\"https:\\\/\\\/www.castingnews.eu\\\/magazine\\\/#\\\/schema\\\/person\\\/099d71c568c9a7e5e4037b1594108f17\",\"name\":\"Redazione\",\"image\":{\"@type\":\"ImageObject\",\"inLanguage\":\"it-IT\",\"@id\":\"https:\\\/\\\/secure.gravatar.com\\\/avatar\\\/b73a087aa3bd279fb70d24f1960a91c82cf67619395b60b564c90e9e5d5325fc?s=96&d=mm&r=g\",\"url\":\"https:\\\/\\\/secure.gravatar.com\\\/avatar\\\/b73a087aa3bd279fb70d24f1960a91c82cf67619395b60b564c90e9e5d5325fc?s=96&d=mm&r=g\",\"contentUrl\":\"https:\\\/\\\/secure.gravatar.com\\\/avatar\\\/b73a087aa3bd279fb70d24f1960a91c82cf67619395b60b564c90e9e5d5325fc?s=96&d=mm&r=g\",\"caption\":\"Redazione\"},\"description\":\"News e aggiornamenti sui film, serie tv, teatro e festival italiani ed internazionali.\",\"url\":\"https:\\\/\\\/www.castingnews.eu\\\/magazine\\\/author\\\/redazione\\\/\"}]}<\/script>\r\n<!-- \/ Yoast SEO plugin. -->","yoast_head_json":{"title":"A Viagrande il 2\u00b0 Festival internazionale del cortometraggio comico- umoristico \u201cState aKorti\u201d - Casting News Magazine","robots":{"index":"index","follow":"follow","max-snippet":"max-snippet:-1","max-image-preview":"max-image-preview:large","max-video-preview":"max-video-preview:-1"},"canonical":"https:\/\/www.castingnews.eu\/magazine\/2009\/07\/29\/a-viagrande-il-2-festival-internazionale-del-cortometraggio-comico-umoristico-state-akorti\/","og_locale":"it_IT","og_type":"article","og_title":"A Viagrande il 2\u00b0 Festival internazionale del cortometraggio comico- umoristico \u201cState aKorti\u201d - Casting News Magazine","og_description":"Il festival State aKorti \u00e8 in collaborazione con AperitivoCorto, Si svolger\u00e0 il 3 agosto la seconda edizione del festival di cortometraggi di genere comico \u2013 umoristico \u201cState aKorti\u201d, organizzato da SK Studio e DIBO eventi, a Viagrande, ( Catania ) a Villa Di Bella. A rispondere al concorso, ideato da Riccardo Di Bella, tanti giovani [&hellip;]","og_url":"https:\/\/www.castingnews.eu\/magazine\/2009\/07\/29\/a-viagrande-il-2-festival-internazionale-del-cortometraggio-comico-umoristico-state-akorti\/","og_site_name":"Casting News Magazine","article_published_time":"2009-07-29T10:47:47+00:00","og_image":[{"width":400,"height":589,"url":"https:\/\/www.castingnews.eu\/magazine\/wp-content\/uploads\/2009\/07\/Locandina-festival-cortometraggio-State-akorti-2009-serata-finale-1.jpg","type":"image\/jpeg"}],"author":"Redazione","twitter_card":"summary_large_image","twitter_misc":{"Scritto da":"Redazione","Tempo di lettura stimato":"1 minuto"},"schema":{"@context":"https:\/\/schema.org","@graph":[{"@type":"Article","@id":"https:\/\/www.castingnews.eu\/magazine\/2009\/07\/29\/a-viagrande-il-2-festival-internazionale-del-cortometraggio-comico-umoristico-state-akorti\/#article","isPartOf":{"@id":"https:\/\/www.castingnews.eu\/magazine\/2009\/07\/29\/a-viagrande-il-2-festival-internazionale-del-cortometraggio-comico-umoristico-state-akorti\/"},"author":{"name":"Redazione","@id":"https:\/\/www.castingnews.eu\/magazine\/#\/schema\/person\/099d71c568c9a7e5e4037b1594108f17"},"headline":"A Viagrande il 2\u00b0 Festival internazionale del cortometraggio comico- umoristico \u201cState aKorti\u201d","datePublished":"2009-07-29T10:47:47+00:00","mainEntityOfPage":{"@id":"https:\/\/www.castingnews.eu\/magazine\/2009\/07\/29\/a-viagrande-il-2-festival-internazionale-del-cortometraggio-comico-umoristico-state-akorti\/"},"wordCount":255,"commentCount":0,"image":{"@id":"https:\/\/www.castingnews.eu\/magazine\/2009\/07\/29\/a-viagrande-il-2-festival-internazionale-del-cortometraggio-comico-umoristico-state-akorti\/#primaryimage"},"thumbnailUrl":"https:\/\/www.castingnews.eu\/magazine\/wp-content\/uploads\/2009\/07\/Locandina-festival-cortometraggio-State-akorti-2009-serata-finale-1.jpg","articleSection":["Italia"],"inLanguage":"it-IT","potentialAction":[{"@type":"CommentAction","name":"Comment","target":["https:\/\/www.castingnews.eu\/magazine\/2009\/07\/29\/a-viagrande-il-2-festival-internazionale-del-cortometraggio-comico-umoristico-state-akorti\/#respond"]}]},{"@type":"WebPage","@id":"https:\/\/www.castingnews.eu\/magazine\/2009\/07\/29\/a-viagrande-il-2-festival-internazionale-del-cortometraggio-comico-umoristico-state-akorti\/","url":"https:\/\/www.castingnews.eu\/magazine\/2009\/07\/29\/a-viagrande-il-2-festival-internazionale-del-cortometraggio-comico-umoristico-state-akorti\/","name":"A Viagrande il 2\u00b0 Festival internazionale del cortometraggio comico- umoristico \u201cState aKorti\u201d - Casting News Magazine","isPartOf":{"@id":"https:\/\/www.castingnews.eu\/magazine\/#website"},"primaryImageOfPage":{"@id":"https:\/\/www.castingnews.eu\/magazine\/2009\/07\/29\/a-viagrande-il-2-festival-internazionale-del-cortometraggio-comico-umoristico-state-akorti\/#primaryimage"},"image":{"@id":"https:\/\/www.castingnews.eu\/magazine\/2009\/07\/29\/a-viagrande-il-2-festival-internazionale-del-cortometraggio-comico-umoristico-state-akorti\/#primaryimage"},"thumbnailUrl":"https:\/\/www.castingnews.eu\/magazine\/wp-content\/uploads\/2009\/07\/Locandina-festival-cortometraggio-State-akorti-2009-serata-finale-1.jpg","datePublished":"2009-07-29T10:47:47+00:00","author":{"@id":"https:\/\/www.castingnews.eu\/magazine\/#\/schema\/person\/099d71c568c9a7e5e4037b1594108f17"},"breadcrumb":{"@id":"https:\/\/www.castingnews.eu\/magazine\/2009\/07\/29\/a-viagrande-il-2-festival-internazionale-del-cortometraggio-comico-umoristico-state-akorti\/#breadcrumb"},"inLanguage":"it-IT","potentialAction":[{"@type":"ReadAction","target":["https:\/\/www.castingnews.eu\/magazine\/2009\/07\/29\/a-viagrande-il-2-festival-internazionale-del-cortometraggio-comico-umoristico-state-akorti\/"]}]},{"@type":"ImageObject","inLanguage":"it-IT","@id":"https:\/\/www.castingnews.eu\/magazine\/2009\/07\/29\/a-viagrande-il-2-festival-internazionale-del-cortometraggio-comico-umoristico-state-akorti\/#primaryimage","url":"https:\/\/www.castingnews.eu\/magazine\/wp-content\/uploads\/2009\/07\/Locandina-festival-cortometraggio-State-akorti-2009-serata-finale-1.jpg","contentUrl":"https:\/\/www.castingnews.eu\/magazine\/wp-content\/uploads\/2009\/07\/Locandina-festival-cortometraggio-State-akorti-2009-serata-finale-1.jpg","width":400,"height":589},{"@type":"BreadcrumbList","@id":"https:\/\/www.castingnews.eu\/magazine\/2009\/07\/29\/a-viagrande-il-2-festival-internazionale-del-cortometraggio-comico-umoristico-state-akorti\/#breadcrumb","itemListElement":[{"@type":"ListItem","position":1,"name":"Home","item":"https:\/\/www.castingnews.eu\/magazine\/"},{"@type":"ListItem","position":2,"name":"A Viagrande il 2\u00b0 Festival internazionale del cortometraggio comico- umoristico \u201cState aKorti\u201d"}]},{"@type":"WebSite","@id":"https:\/\/www.castingnews.eu\/magazine\/#website","url":"https:\/\/www.castingnews.eu\/magazine\/","name":"Casting News Magazine","description":"News e aggiornamenti sui film, serie tv, teatro e festival italiani ed internazionali","potentialAction":[{"@type":"SearchAction","target":{"@type":"EntryPoint","urlTemplate":"https:\/\/www.castingnews.eu\/magazine\/?s={search_term_string}"},"query-input":{"@type":"PropertyValueSpecification","valueRequired":true,"valueName":"search_term_string"}}],"inLanguage":"it-IT"},{"@type":"Person","@id":"https:\/\/www.castingnews.eu\/magazine\/#\/schema\/person\/099d71c568c9a7e5e4037b1594108f17","name":"Redazione","image":{"@type":"ImageObject","inLanguage":"it-IT","@id":"https:\/\/secure.gravatar.com\/avatar\/b73a087aa3bd279fb70d24f1960a91c82cf67619395b60b564c90e9e5d5325fc?s=96&d=mm&r=g","url":"https:\/\/secure.gravatar.com\/avatar\/b73a087aa3bd279fb70d24f1960a91c82cf67619395b60b564c90e9e5d5325fc?s=96&d=mm&r=g","contentUrl":"https:\/\/secure.gravatar.com\/avatar\/b73a087aa3bd279fb70d24f1960a91c82cf67619395b60b564c90e9e5d5325fc?s=96&d=mm&r=g","caption":"Redazione"},"description":"News e aggiornamenti sui film, serie tv, teatro e festival italiani ed internazionali.","url":"https:\/\/www.castingnews.eu\/magazine\/author\/redazione\/"}]}},"_links":{"self":[{"href":"https:\/\/www.castingnews.eu\/magazine\/wp-json\/wp\/v2\/posts\/255","targetHints":{"allow":["GET"]}}],"collection":[{"href":"https:\/\/www.castingnews.eu\/magazine\/wp-json\/wp\/v2\/posts"}],"about":[{"href":"https:\/\/www.castingnews.eu\/magazine\/wp-json\/wp\/v2\/types\/post"}],"author":[{"embeddable":true,"href":"https:\/\/www.castingnews.eu\/magazine\/wp-json\/wp\/v2\/users\/1"}],"replies":[{"embeddable":true,"href":"https:\/\/www.castingnews.eu\/magazine\/wp-json\/wp\/v2\/comments?post=255"}],"version-history":[{"count":0,"href":"https:\/\/www.castingnews.eu\/magazine\/wp-json\/wp\/v2\/posts\/255\/revisions"}],"wp:featuredmedia":[{"embeddable":true,"href":"https:\/\/www.castingnews.eu\/magazine\/wp-json\/wp\/v2\/media\/256"}],"wp:attachment":[{"href":"https:\/\/www.castingnews.eu\/magazine\/wp-json\/wp\/v2\/media?parent=255"}],"wp:term":[{"taxonomy":"category","embeddable":true,"href":"https:\/\/www.castingnews.eu\/magazine\/wp-json\/wp\/v2\/categories?post=255"},{"taxonomy":"post_tag","embeddable":true,"href":"https:\/\/www.castingnews.eu\/magazine\/wp-json\/wp\/v2\/tags?post=255"}],"curies":[{"name":"wp","href":"https:\/\/api.w.org\/{rel}","templated":true}]}}