{"id":2482,"date":"2019-03-16T13:15:46","date_gmt":"2019-03-16T12:15:46","guid":{"rendered":"https:\/\/www.castingnews.eu\/magazine\/?p=2482"},"modified":"2019-03-16T13:16:44","modified_gmt":"2019-03-16T12:16:44","slug":"casting-per-lamica-geniale-e-per-un-progetto-che-verra-girato-allestero","status":"publish","type":"post","link":"https:\/\/www.castingnews.eu\/magazine\/2019\/03\/16\/casting-per-lamica-geniale-e-per-un-progetto-che-verra-girato-allestero\/","title":{"rendered":"Casting per \u201cL\u2019Amica Geniale\u201d e per un progetto che verr\u00e0 girato all&#8217;estero"},"content":{"rendered":"\n<h4 class=\"wp-block-heading\"><strong>Sono aperti i casting per partecipare alle riprese della seconda stagione della serie televisiva L\u2019Amica Geniale. La produzione \u00e8 alla ricerca di bambini, bambine, uomini e donne. Sono aperte le selezioni anche per la realizzazione di un nuovo progetto che verr\u00e0 girato all\u2019estero.<\/strong><\/h4>\n\n\n\n<p><strong>Casting figurazioni per la serie TV \u201cL\u2019Amica Geniale\u201d<\/strong><br> Si cercano comparse tra i 6 e gli 80 anni che potranno partecipare alle riprese della seconda stagione de <a href=\"https:\/\/www.castingnews.eu\/news\/news.asp?id_news=7309&amp;id_cat=1\">L&#8217;Amica Geniale<\/a>, la serie targata Rai-Hbo-Wildside.<br> Le caratteristiche ricercate nelle <a href=\"https:\/\/www.castingnews.eu\/news\/comparse\/\">figurazioni <\/a>sono le seguenti: bambini e bambine dai 6 ai 12 anni; uomini (taglia massima 50) e donne (taglia massima 48) et\u00e0 compresa tra i 18 e gli 80 anni.<br> Le comparse non devono avere tatuaggi visibili e non dovranno tagliare capelli e sopracciglia.<br> <strong>CASTING NEWS<\/strong>:<br><a href=\"https:\/\/www.castingnews.eu\/news\/news.asp?id_news=7309&amp;id_cat=1\"><strong>Casting per \u201cL\u2019Amica Geniale\u201d <\/strong><\/a><br><\/p><div class=\"6d3639e8c6ac292cde400fad8ff8a5b9\" data-index=\"1\" style=\"float: none; margin:10px 0 10px 0; text-align:center;\">\n<script async src=\"\/\/pagead2.googlesyndication.com\/pagead\/js\/adsbygoogle.js\"><\/script>\r\n<!-- Casting Bambini NEW -->\r\n<ins class=\"adsbygoogle\"\r\n     style=\"display:inline-block;width:336px;height:280px\"\r\n     data-ad-client=\"ca-pub-5538097485429833\"\r\n     data-ad-slot=\"5127154445\"><\/ins>\r\n<script>\r\n(adsbygoogle = window.adsbygoogle || []).push({});\r\n<\/script>\n<\/div>\n\n\n\n\n<p><strong>Selezioni a Milano per un <\/strong><a href=\"https:\/\/www.castingnews.eu\/news\/news.asp?id_news=7312&amp;id_cat=3\"><strong>progetto <\/strong><\/a><strong>che verr\u00e0 girato all&#8217;estero<\/strong><br> La produzione \u00e8 alla ricerca di un uomo con le seguenti caratteristiche: et\u00e0 scenica 45 anni, bella presenza, moro, mediterraneo. Il lavoro sar\u00e0 regolarmente retribuito (alloggio, vitto e spese viaggio a carico della produzione).<br> Durata riprese: 1 settimana circa.<br> <strong>CASTING NEWS<\/strong>:<br><a href=\"https:\/\/www.castingnews.eu\/news\/news.asp?id_news=7312&amp;id_cat=3\"><strong>Casting a Milano<\/strong><\/a><br><\/p>\n\n<div style=\"font-size: 0px; height: 0px; line-height: 0px; margin: 0; padding: 0; clear: both;\"><\/div>","protected":false},"excerpt":{"rendered":"<p>Sono aperti i casting per partecipare alle riprese della seconda stagione della serie televisiva L\u2019Amica Geniale. La produzione \u00e8 alla ricerca di bambini, bambine, uomini e donne. Sono aperte le selezioni anche per la realizzazione di un nuovo progetto che verr\u00e0 girato all\u2019estero. Casting figurazioni per la serie TV \u201cL\u2019Amica Geniale\u201d Si cercano comparse tra [&hellip;]<\/p>\n","protected":false},"author":1,"featured_media":2483,"comment_status":"open","ping_status":"open","sticky":false,"template":"","format":"standard","meta":{"tdm_status":"","tdm_grid_status":"","footnotes":""},"categories":[2],"tags":[1718,1717,266,1690,1118,1134,1719],"class_list":{"0":"post-2482","1":"post","2":"type-post","3":"status-publish","4":"format-standard","5":"has-post-thumbnail","7":"category-casting-provini","8":"tag-amica-geniale","9":"tag-amica-geniale-2","10":"tag-casting","11":"tag-hbo","12":"tag-provini","13":"tag-rai","14":"tag-wildside"},"yoast_head":"<!-- This site is optimized with the Yoast SEO plugin v27.4 - https:\/\/yoast.com\/product\/yoast-seo-wordpress\/ -->\r\n<title>Casting per \u201cL\u2019Amica Geniale\u201d e per un progetto che verr\u00e0 girato all&#039;estero - Casting News Magazine<\/title>\r\n<meta name=\"robots\" content=\"index, follow, max-snippet:-1, max-image-preview:large, max-video-preview:-1\" \/>\r\n<link rel=\"canonical\" href=\"https:\/\/www.castingnews.eu\/magazine\/2019\/03\/16\/casting-per-lamica-geniale-e-per-un-progetto-che-verra-girato-allestero\/\" \/>\r\n<meta property=\"og:locale\" content=\"it_IT\" \/>\r\n<meta property=\"og:type\" content=\"article\" \/>\r\n<meta property=\"og:title\" content=\"Casting per \u201cL\u2019Amica Geniale\u201d e per un progetto che verr\u00e0 girato all&#039;estero - Casting News Magazine\" \/>\r\n<meta property=\"og:description\" content=\"Sono aperti i casting per partecipare alle riprese della seconda stagione della serie televisiva L\u2019Amica Geniale. La produzione \u00e8 alla ricerca di bambini, bambine, uomini e donne. Sono aperte le selezioni anche per la realizzazione di un nuovo progetto che verr\u00e0 girato all\u2019estero. Casting figurazioni per la serie TV \u201cL\u2019Amica Geniale\u201d Si cercano comparse tra [&hellip;]\" \/>\r\n<meta property=\"og:url\" content=\"https:\/\/www.castingnews.eu\/magazine\/2019\/03\/16\/casting-per-lamica-geniale-e-per-un-progetto-che-verra-girato-allestero\/\" \/>\r\n<meta property=\"og:site_name\" content=\"Casting News Magazine\" \/>\r\n<meta property=\"article:published_time\" content=\"2019-03-16T12:15:46+00:00\" \/>\r\n<meta property=\"article:modified_time\" content=\"2019-03-16T12:16:44+00:00\" \/>\r\n<meta property=\"og:image\" content=\"https:\/\/www.castingnews.eu\/magazine\/wp-content\/uploads\/2019\/03\/Amica-Geniale-2.jpg\" \/>\r\n\t<meta property=\"og:image:width\" content=\"560\" \/>\r\n\t<meta property=\"og:image:height\" content=\"315\" \/>\r\n\t<meta property=\"og:image:type\" content=\"image\/jpeg\" \/>\r\n<meta name=\"author\" content=\"Redazione\" \/>\r\n<meta name=\"twitter:card\" content=\"summary_large_image\" \/>\r\n<meta name=\"twitter:label1\" content=\"Scritto da\" \/>\n\t<meta name=\"twitter:data1\" content=\"Redazione\" \/>\n\t<meta name=\"twitter:label2\" content=\"Tempo di lettura stimato\" \/>\n\t<meta name=\"twitter:data2\" content=\"1 minuto\" \/>\r\n<script type=\"application\/ld+json\" class=\"yoast-schema-graph\">{\"@context\":\"https:\\\/\\\/schema.org\",\"@graph\":[{\"@type\":\"Article\",\"@id\":\"https:\\\/\\\/www.castingnews.eu\\\/magazine\\\/2019\\\/03\\\/16\\\/casting-per-lamica-geniale-e-per-un-progetto-che-verra-girato-allestero\\\/#article\",\"isPartOf\":{\"@id\":\"https:\\\/\\\/www.castingnews.eu\\\/magazine\\\/2019\\\/03\\\/16\\\/casting-per-lamica-geniale-e-per-un-progetto-che-verra-girato-allestero\\\/\"},\"author\":{\"name\":\"Redazione\",\"@id\":\"https:\\\/\\\/www.castingnews.eu\\\/magazine\\\/#\\\/schema\\\/person\\\/099d71c568c9a7e5e4037b1594108f17\"},\"headline\":\"Casting per \u201cL\u2019Amica Geniale\u201d e per un progetto che verr\u00e0 girato all&#8217;estero\",\"datePublished\":\"2019-03-16T12:15:46+00:00\",\"dateModified\":\"2019-03-16T12:16:44+00:00\",\"mainEntityOfPage\":{\"@id\":\"https:\\\/\\\/www.castingnews.eu\\\/magazine\\\/2019\\\/03\\\/16\\\/casting-per-lamica-geniale-e-per-un-progetto-che-verra-girato-allestero\\\/\"},\"wordCount\":192,\"commentCount\":0,\"image\":{\"@id\":\"https:\\\/\\\/www.castingnews.eu\\\/magazine\\\/2019\\\/03\\\/16\\\/casting-per-lamica-geniale-e-per-un-progetto-che-verra-girato-allestero\\\/#primaryimage\"},\"thumbnailUrl\":\"https:\\\/\\\/www.castingnews.eu\\\/magazine\\\/wp-content\\\/uploads\\\/2019\\\/03\\\/Amica-Geniale-2.jpg\",\"keywords\":[\"Amica Geniale\",\"Amica Geniale 2\",\"casting\",\"HBO\",\"Provini\",\"Rai\",\"Wildside\"],\"articleSection\":[\"Casting &amp; Provini\"],\"inLanguage\":\"it-IT\",\"potentialAction\":[{\"@type\":\"CommentAction\",\"name\":\"Comment\",\"target\":[\"https:\\\/\\\/www.castingnews.eu\\\/magazine\\\/2019\\\/03\\\/16\\\/casting-per-lamica-geniale-e-per-un-progetto-che-verra-girato-allestero\\\/#respond\"]}]},{\"@type\":\"WebPage\",\"@id\":\"https:\\\/\\\/www.castingnews.eu\\\/magazine\\\/2019\\\/03\\\/16\\\/casting-per-lamica-geniale-e-per-un-progetto-che-verra-girato-allestero\\\/\",\"url\":\"https:\\\/\\\/www.castingnews.eu\\\/magazine\\\/2019\\\/03\\\/16\\\/casting-per-lamica-geniale-e-per-un-progetto-che-verra-girato-allestero\\\/\",\"name\":\"Casting per \u201cL\u2019Amica Geniale\u201d e per un progetto che verr\u00e0 girato all'estero - Casting News Magazine\",\"isPartOf\":{\"@id\":\"https:\\\/\\\/www.castingnews.eu\\\/magazine\\\/#website\"},\"primaryImageOfPage\":{\"@id\":\"https:\\\/\\\/www.castingnews.eu\\\/magazine\\\/2019\\\/03\\\/16\\\/casting-per-lamica-geniale-e-per-un-progetto-che-verra-girato-allestero\\\/#primaryimage\"},\"image\":{\"@id\":\"https:\\\/\\\/www.castingnews.eu\\\/magazine\\\/2019\\\/03\\\/16\\\/casting-per-lamica-geniale-e-per-un-progetto-che-verra-girato-allestero\\\/#primaryimage\"},\"thumbnailUrl\":\"https:\\\/\\\/www.castingnews.eu\\\/magazine\\\/wp-content\\\/uploads\\\/2019\\\/03\\\/Amica-Geniale-2.jpg\",\"datePublished\":\"2019-03-16T12:15:46+00:00\",\"dateModified\":\"2019-03-16T12:16:44+00:00\",\"author\":{\"@id\":\"https:\\\/\\\/www.castingnews.eu\\\/magazine\\\/#\\\/schema\\\/person\\\/099d71c568c9a7e5e4037b1594108f17\"},\"breadcrumb\":{\"@id\":\"https:\\\/\\\/www.castingnews.eu\\\/magazine\\\/2019\\\/03\\\/16\\\/casting-per-lamica-geniale-e-per-un-progetto-che-verra-girato-allestero\\\/#breadcrumb\"},\"inLanguage\":\"it-IT\",\"potentialAction\":[{\"@type\":\"ReadAction\",\"target\":[\"https:\\\/\\\/www.castingnews.eu\\\/magazine\\\/2019\\\/03\\\/16\\\/casting-per-lamica-geniale-e-per-un-progetto-che-verra-girato-allestero\\\/\"]}]},{\"@type\":\"ImageObject\",\"inLanguage\":\"it-IT\",\"@id\":\"https:\\\/\\\/www.castingnews.eu\\\/magazine\\\/2019\\\/03\\\/16\\\/casting-per-lamica-geniale-e-per-un-progetto-che-verra-girato-allestero\\\/#primaryimage\",\"url\":\"https:\\\/\\\/www.castingnews.eu\\\/magazine\\\/wp-content\\\/uploads\\\/2019\\\/03\\\/Amica-Geniale-2.jpg\",\"contentUrl\":\"https:\\\/\\\/www.castingnews.eu\\\/magazine\\\/wp-content\\\/uploads\\\/2019\\\/03\\\/Amica-Geniale-2.jpg\",\"width\":560,\"height\":315,\"caption\":\"Amica Geniale 2\"},{\"@type\":\"BreadcrumbList\",\"@id\":\"https:\\\/\\\/www.castingnews.eu\\\/magazine\\\/2019\\\/03\\\/16\\\/casting-per-lamica-geniale-e-per-un-progetto-che-verra-girato-allestero\\\/#breadcrumb\",\"itemListElement\":[{\"@type\":\"ListItem\",\"position\":1,\"name\":\"Home\",\"item\":\"https:\\\/\\\/www.castingnews.eu\\\/magazine\\\/\"},{\"@type\":\"ListItem\",\"position\":2,\"name\":\"Casting per \u201cL\u2019Amica Geniale\u201d e per un progetto che verr\u00e0 girato all&#8217;estero\"}]},{\"@type\":\"WebSite\",\"@id\":\"https:\\\/\\\/www.castingnews.eu\\\/magazine\\\/#website\",\"url\":\"https:\\\/\\\/www.castingnews.eu\\\/magazine\\\/\",\"name\":\"Casting News Magazine\",\"description\":\"News e aggiornamenti sui film, serie tv, teatro e festival italiani ed internazionali\",\"potentialAction\":[{\"@type\":\"SearchAction\",\"target\":{\"@type\":\"EntryPoint\",\"urlTemplate\":\"https:\\\/\\\/www.castingnews.eu\\\/magazine\\\/?s={search_term_string}\"},\"query-input\":{\"@type\":\"PropertyValueSpecification\",\"valueRequired\":true,\"valueName\":\"search_term_string\"}}],\"inLanguage\":\"it-IT\"},{\"@type\":\"Person\",\"@id\":\"https:\\\/\\\/www.castingnews.eu\\\/magazine\\\/#\\\/schema\\\/person\\\/099d71c568c9a7e5e4037b1594108f17\",\"name\":\"Redazione\",\"image\":{\"@type\":\"ImageObject\",\"inLanguage\":\"it-IT\",\"@id\":\"https:\\\/\\\/secure.gravatar.com\\\/avatar\\\/b73a087aa3bd279fb70d24f1960a91c82cf67619395b60b564c90e9e5d5325fc?s=96&d=mm&r=g\",\"url\":\"https:\\\/\\\/secure.gravatar.com\\\/avatar\\\/b73a087aa3bd279fb70d24f1960a91c82cf67619395b60b564c90e9e5d5325fc?s=96&d=mm&r=g\",\"contentUrl\":\"https:\\\/\\\/secure.gravatar.com\\\/avatar\\\/b73a087aa3bd279fb70d24f1960a91c82cf67619395b60b564c90e9e5d5325fc?s=96&d=mm&r=g\",\"caption\":\"Redazione\"},\"description\":\"News e aggiornamenti sui film, serie tv, teatro e festival italiani ed internazionali.\",\"url\":\"https:\\\/\\\/www.castingnews.eu\\\/magazine\\\/author\\\/redazione\\\/\"}]}<\/script>\r\n<!-- \/ Yoast SEO plugin. -->","yoast_head_json":{"title":"Casting per \u201cL\u2019Amica Geniale\u201d e per un progetto che verr\u00e0 girato all'estero - Casting News Magazine","robots":{"index":"index","follow":"follow","max-snippet":"max-snippet:-1","max-image-preview":"max-image-preview:large","max-video-preview":"max-video-preview:-1"},"canonical":"https:\/\/www.castingnews.eu\/magazine\/2019\/03\/16\/casting-per-lamica-geniale-e-per-un-progetto-che-verra-girato-allestero\/","og_locale":"it_IT","og_type":"article","og_title":"Casting per \u201cL\u2019Amica Geniale\u201d e per un progetto che verr\u00e0 girato all'estero - Casting News Magazine","og_description":"Sono aperti i casting per partecipare alle riprese della seconda stagione della serie televisiva L\u2019Amica Geniale. La produzione \u00e8 alla ricerca di bambini, bambine, uomini e donne. Sono aperte le selezioni anche per la realizzazione di un nuovo progetto che verr\u00e0 girato all\u2019estero. Casting figurazioni per la serie TV \u201cL\u2019Amica Geniale\u201d Si cercano comparse tra [&hellip;]","og_url":"https:\/\/www.castingnews.eu\/magazine\/2019\/03\/16\/casting-per-lamica-geniale-e-per-un-progetto-che-verra-girato-allestero\/","og_site_name":"Casting News Magazine","article_published_time":"2019-03-16T12:15:46+00:00","article_modified_time":"2019-03-16T12:16:44+00:00","og_image":[{"width":560,"height":315,"url":"https:\/\/www.castingnews.eu\/magazine\/wp-content\/uploads\/2019\/03\/Amica-Geniale-2.jpg","type":"image\/jpeg"}],"author":"Redazione","twitter_card":"summary_large_image","twitter_misc":{"Scritto da":"Redazione","Tempo di lettura stimato":"1 minuto"},"schema":{"@context":"https:\/\/schema.org","@graph":[{"@type":"Article","@id":"https:\/\/www.castingnews.eu\/magazine\/2019\/03\/16\/casting-per-lamica-geniale-e-per-un-progetto-che-verra-girato-allestero\/#article","isPartOf":{"@id":"https:\/\/www.castingnews.eu\/magazine\/2019\/03\/16\/casting-per-lamica-geniale-e-per-un-progetto-che-verra-girato-allestero\/"},"author":{"name":"Redazione","@id":"https:\/\/www.castingnews.eu\/magazine\/#\/schema\/person\/099d71c568c9a7e5e4037b1594108f17"},"headline":"Casting per \u201cL\u2019Amica Geniale\u201d e per un progetto che verr\u00e0 girato all&#8217;estero","datePublished":"2019-03-16T12:15:46+00:00","dateModified":"2019-03-16T12:16:44+00:00","mainEntityOfPage":{"@id":"https:\/\/www.castingnews.eu\/magazine\/2019\/03\/16\/casting-per-lamica-geniale-e-per-un-progetto-che-verra-girato-allestero\/"},"wordCount":192,"commentCount":0,"image":{"@id":"https:\/\/www.castingnews.eu\/magazine\/2019\/03\/16\/casting-per-lamica-geniale-e-per-un-progetto-che-verra-girato-allestero\/#primaryimage"},"thumbnailUrl":"https:\/\/www.castingnews.eu\/magazine\/wp-content\/uploads\/2019\/03\/Amica-Geniale-2.jpg","keywords":["Amica Geniale","Amica Geniale 2","casting","HBO","Provini","Rai","Wildside"],"articleSection":["Casting &amp; Provini"],"inLanguage":"it-IT","potentialAction":[{"@type":"CommentAction","name":"Comment","target":["https:\/\/www.castingnews.eu\/magazine\/2019\/03\/16\/casting-per-lamica-geniale-e-per-un-progetto-che-verra-girato-allestero\/#respond"]}]},{"@type":"WebPage","@id":"https:\/\/www.castingnews.eu\/magazine\/2019\/03\/16\/casting-per-lamica-geniale-e-per-un-progetto-che-verra-girato-allestero\/","url":"https:\/\/www.castingnews.eu\/magazine\/2019\/03\/16\/casting-per-lamica-geniale-e-per-un-progetto-che-verra-girato-allestero\/","name":"Casting per \u201cL\u2019Amica Geniale\u201d e per un progetto che verr\u00e0 girato all'estero - Casting News Magazine","isPartOf":{"@id":"https:\/\/www.castingnews.eu\/magazine\/#website"},"primaryImageOfPage":{"@id":"https:\/\/www.castingnews.eu\/magazine\/2019\/03\/16\/casting-per-lamica-geniale-e-per-un-progetto-che-verra-girato-allestero\/#primaryimage"},"image":{"@id":"https:\/\/www.castingnews.eu\/magazine\/2019\/03\/16\/casting-per-lamica-geniale-e-per-un-progetto-che-verra-girato-allestero\/#primaryimage"},"thumbnailUrl":"https:\/\/www.castingnews.eu\/magazine\/wp-content\/uploads\/2019\/03\/Amica-Geniale-2.jpg","datePublished":"2019-03-16T12:15:46+00:00","dateModified":"2019-03-16T12:16:44+00:00","author":{"@id":"https:\/\/www.castingnews.eu\/magazine\/#\/schema\/person\/099d71c568c9a7e5e4037b1594108f17"},"breadcrumb":{"@id":"https:\/\/www.castingnews.eu\/magazine\/2019\/03\/16\/casting-per-lamica-geniale-e-per-un-progetto-che-verra-girato-allestero\/#breadcrumb"},"inLanguage":"it-IT","potentialAction":[{"@type":"ReadAction","target":["https:\/\/www.castingnews.eu\/magazine\/2019\/03\/16\/casting-per-lamica-geniale-e-per-un-progetto-che-verra-girato-allestero\/"]}]},{"@type":"ImageObject","inLanguage":"it-IT","@id":"https:\/\/www.castingnews.eu\/magazine\/2019\/03\/16\/casting-per-lamica-geniale-e-per-un-progetto-che-verra-girato-allestero\/#primaryimage","url":"https:\/\/www.castingnews.eu\/magazine\/wp-content\/uploads\/2019\/03\/Amica-Geniale-2.jpg","contentUrl":"https:\/\/www.castingnews.eu\/magazine\/wp-content\/uploads\/2019\/03\/Amica-Geniale-2.jpg","width":560,"height":315,"caption":"Amica Geniale 2"},{"@type":"BreadcrumbList","@id":"https:\/\/www.castingnews.eu\/magazine\/2019\/03\/16\/casting-per-lamica-geniale-e-per-un-progetto-che-verra-girato-allestero\/#breadcrumb","itemListElement":[{"@type":"ListItem","position":1,"name":"Home","item":"https:\/\/www.castingnews.eu\/magazine\/"},{"@type":"ListItem","position":2,"name":"Casting per \u201cL\u2019Amica Geniale\u201d e per un progetto che verr\u00e0 girato all&#8217;estero"}]},{"@type":"WebSite","@id":"https:\/\/www.castingnews.eu\/magazine\/#website","url":"https:\/\/www.castingnews.eu\/magazine\/","name":"Casting News Magazine","description":"News e aggiornamenti sui film, serie tv, teatro e festival italiani ed internazionali","potentialAction":[{"@type":"SearchAction","target":{"@type":"EntryPoint","urlTemplate":"https:\/\/www.castingnews.eu\/magazine\/?s={search_term_string}"},"query-input":{"@type":"PropertyValueSpecification","valueRequired":true,"valueName":"search_term_string"}}],"inLanguage":"it-IT"},{"@type":"Person","@id":"https:\/\/www.castingnews.eu\/magazine\/#\/schema\/person\/099d71c568c9a7e5e4037b1594108f17","name":"Redazione","image":{"@type":"ImageObject","inLanguage":"it-IT","@id":"https:\/\/secure.gravatar.com\/avatar\/b73a087aa3bd279fb70d24f1960a91c82cf67619395b60b564c90e9e5d5325fc?s=96&d=mm&r=g","url":"https:\/\/secure.gravatar.com\/avatar\/b73a087aa3bd279fb70d24f1960a91c82cf67619395b60b564c90e9e5d5325fc?s=96&d=mm&r=g","contentUrl":"https:\/\/secure.gravatar.com\/avatar\/b73a087aa3bd279fb70d24f1960a91c82cf67619395b60b564c90e9e5d5325fc?s=96&d=mm&r=g","caption":"Redazione"},"description":"News e aggiornamenti sui film, serie tv, teatro e festival italiani ed internazionali.","url":"https:\/\/www.castingnews.eu\/magazine\/author\/redazione\/"}]}},"_links":{"self":[{"href":"https:\/\/www.castingnews.eu\/magazine\/wp-json\/wp\/v2\/posts\/2482","targetHints":{"allow":["GET"]}}],"collection":[{"href":"https:\/\/www.castingnews.eu\/magazine\/wp-json\/wp\/v2\/posts"}],"about":[{"href":"https:\/\/www.castingnews.eu\/magazine\/wp-json\/wp\/v2\/types\/post"}],"author":[{"embeddable":true,"href":"https:\/\/www.castingnews.eu\/magazine\/wp-json\/wp\/v2\/users\/1"}],"replies":[{"embeddable":true,"href":"https:\/\/www.castingnews.eu\/magazine\/wp-json\/wp\/v2\/comments?post=2482"}],"version-history":[{"count":2,"href":"https:\/\/www.castingnews.eu\/magazine\/wp-json\/wp\/v2\/posts\/2482\/revisions"}],"predecessor-version":[{"id":2485,"href":"https:\/\/www.castingnews.eu\/magazine\/wp-json\/wp\/v2\/posts\/2482\/revisions\/2485"}],"wp:featuredmedia":[{"embeddable":true,"href":"https:\/\/www.castingnews.eu\/magazine\/wp-json\/wp\/v2\/media\/2483"}],"wp:attachment":[{"href":"https:\/\/www.castingnews.eu\/magazine\/wp-json\/wp\/v2\/media?parent=2482"}],"wp:term":[{"taxonomy":"category","embeddable":true,"href":"https:\/\/www.castingnews.eu\/magazine\/wp-json\/wp\/v2\/categories?post=2482"},{"taxonomy":"post_tag","embeddable":true,"href":"https:\/\/www.castingnews.eu\/magazine\/wp-json\/wp\/v2\/tags?post=2482"}],"curies":[{"name":"wp","href":"https:\/\/api.w.org\/{rel}","templated":true}]}}