{"id":203,"date":"2009-06-30T16:23:24","date_gmt":"2009-06-30T15:23:24","guid":{"rendered":"http:\/\/www.film-movie.eu\/?p=203"},"modified":"2009-06-30T16:23:24","modified_gmt":"2009-06-30T15:23:24","slug":"le-tredici-rose-di-emilio-martinez-lazaro","status":"publish","type":"post","link":"https:\/\/www.castingnews.eu\/magazine\/2009\/06\/30\/le-tredici-rose-di-emilio-martinez-lazaro\/","title":{"rendered":"\u201cLe tredici rose\u201d di Emilio Mart\u00ecnez-L\u00e0zaro"},"content":{"rendered":"<h3 style=\"text-align: justify;\">Venerd\u00ec 28 agosto esce nelle sale, distribuito da FilmExport, LE TREDICI ROSE di Emilio Mart\u00ecnez-L\u00e0zaro<\/h3>\n<p style=\"text-align: justify;\">Il 1 Aprile 1939, l\u2019entrata a Madrid delle truppe di Franco segna la fine della guerra civile spagnola. Temendo la sanguinaria repressione che si sta avvicinando, molti Repubblicani scappano dal Paese, ma altri, numerosi, restano e combattono. \u00c8 il caso delle tredici giovani donne protagoniste di questa storia vera.<br \/>\nLa loro \u00e8 un\u2019azione pacifica, nessuna di loro ha mai impugnato un\u2019arma in vita sua. Durante la guerra hanno militato nella Brigata Socialista della Giovent\u00f9 oppure lavorato nella Croce Rossa dando da mangiare a vecchi e bambini. Sono giovani ragazze, piene di speranza, che vanno al cinema o a ballare e si divertono come possono durante i giorni duri che precedono la fine della guerra.<br \/>\nUn giorno, dopo la fine della guerra, ad una ad una vengono arrestate. Alcune di esse si conoscono, altre no. Vengono sottoposte a duri interrogatori da parte della polizia e vengono mandate alla Prigione Ventas dove ci sono centinaia di detenute.<\/p><div class=\"6d3639e8c6ac292cde400fad8ff8a5b9\" data-index=\"1\" style=\"float: none; margin:10px 0 10px 0; text-align:center;\">\n<script async src=\"\/\/pagead2.googlesyndication.com\/pagead\/js\/adsbygoogle.js\"><\/script>\r\n<!-- Casting Bambini NEW -->\r\n<ins class=\"adsbygoogle\"\r\n     style=\"display:inline-block;width:336px;height:280px\"\r\n     data-ad-client=\"ca-pub-5538097485429833\"\r\n     data-ad-slot=\"5127154445\"><\/ins>\r\n<script>\r\n(adsbygoogle = window.adsbygoogle || []).push({});\r\n<\/script>\n<\/div>\n\n<p style=\"text-align: justify;\">Le tredici detenute, soprannominate dalle loro compagne \u201cle minori\u201d per la giovane et\u00e0, sono accusate di avere aiutato la ribellione e di avere partecipato al complotto per assassinare Franco, un complotto fittizio ma che fissa l\u2019accusa, senza prove reali. Le giovani donne ed i loro parenti non sembrano eccessivamente preoccupati. Non hanno fatto niente, non ci sono prove contro di loro. Al massimo verranno condannate a qualche anno di prigione.<br \/>\nMa alcuni giorni prima del processo un membro della Forze Armate di Franco, la figlia e l\u2019autista vengono uccisi. Le tredici giovani ragazze sono completamente estranee al fatto perch\u00e9 si trovano in prigione quando l\u2019evento accade. Ma viene forgiato un piano per la vendetta e il Tribunale Militare le condanna a morte. In 48 ore affronteranno il plotone d\u2019esecuzione.<br \/>\n<img loading=\"lazy\" decoding=\"async\" class=\"alignleft\" style=\"margin-left: 5px; margin-right: 5px;\" title=\"le_tredici_rose\" src=\"https:\/\/castingnews.eu\/magazine\/wp-content\/uploads\/2009\/06\/le_tredici_rose-1.jpg\" alt=\"le_tredici_rose\" width=\"252\" height=\"360\" \/>La pi\u00f9 giovane di tutte verr\u00e0 risparmiata ma sar\u00e0 costretta ad ascoltare i tredici colpi di grazia dalla finestra della sua cella\u2026.<\/p>\n<p style=\"text-align: justify;\"><strong>Emilio Mart\u00ecnez-L\u00e0zaro<\/strong><\/p>\n<p style=\"text-align: justify;\">Emilio Mart\u00ecnez-L\u00e0zaro \u00e8 un regista spagnolo famoso per alcuni film come \u201cThe other Side of the Bed\u201d e \u201cHis Master\u2019s Voice\u201d.<br \/>\nIl suo primo contatto con il cinema \u00e8 avvenuto quando ha cominciato a far parte dell\u2019Escula de Argulles, un gruppo di registi indipendenti.<br \/>\nHa fatto il suo primo cortometraggio, \u201cCircunstancias del Milagro\/The Circumstances of the Miracle\u201d nel 1968; restaurato nel 1972e rintitolato \u201cEl Camino del Cielo\/The Road to Heaven\u201d, che fu presentato a diversi Festival internazionali.<br \/>\nIl suo primo lungometraggio \u201cPastel de Sangre\/Blood Cake\u201d lo ha realizzato nel 1971.<br \/>\nEmilio Mart\u00ecnez-L\u00e0zaro ha debuttato nell\u2019industria televisiva nel 1974 mettendo in scena numerosi episodi di serie televisive e da quel momento ha continuato a lavorare in entrambi gli ambiti.<br \/>\nIl film \u201cLas Palabras de Max\/What Max Said\u201d del 1978 ha condiviso un Golden Bear al Berlin Film Festival di quell\u2019anno con \u201cLa Trucha\/The Trout\u201d di Garc\u00eca Sanchez.<br \/>\nOltre ad essere regista Mart\u00ecnez-L\u00e0zaro si \u00e8 rivelato essere anche un grande sceneggiatore.<\/p>\n<div style=\"text-align: justify;\"><\/div>\n\n<div style=\"font-size: 0px; height: 0px; line-height: 0px; margin: 0; padding: 0; clear: both;\"><\/div>","protected":false},"excerpt":{"rendered":"<p>Venerd\u00ec 28 agosto esce nelle sale, distribuito da FilmExport, LE TREDICI ROSE di Emilio Mart\u00ecnez-L\u00e0zaro Il 1 Aprile 1939, l\u2019entrata a Madrid delle truppe di Franco segna la fine della guerra civile spagnola. Temendo la sanguinaria repressione che si sta avvicinando, molti Repubblicani scappano dal Paese, ma altri, numerosi, restano e combattono. \u00c8 il caso [&hellip;]<\/p>\n","protected":false},"author":1,"featured_media":204,"comment_status":"open","ping_status":"open","sticky":false,"template":"","format":"standard","meta":{"tdm_status":"","tdm_grid_status":"","footnotes":""},"categories":[64,14,37],"tags":[],"class_list":{"0":"post-203","1":"post","2":"type-post","3":"status-publish","4":"format-standard","5":"has-post-thumbnail","7":"category-drammatico","8":"category-film-estero","9":"category-spagna"},"yoast_head":"<!-- This site is optimized with the Yoast SEO plugin v27.4 - https:\/\/yoast.com\/product\/yoast-seo-wordpress\/ -->\r\n<title>\u201cLe tredici rose\u201d di Emilio Mart\u00ecnez-L\u00e0zaro - Casting News Magazine<\/title>\r\n<meta name=\"robots\" content=\"index, follow, max-snippet:-1, max-image-preview:large, max-video-preview:-1\" \/>\r\n<link rel=\"canonical\" href=\"https:\/\/www.castingnews.eu\/magazine\/2009\/06\/30\/le-tredici-rose-di-emilio-martinez-lazaro\/\" \/>\r\n<meta property=\"og:locale\" content=\"it_IT\" \/>\r\n<meta property=\"og:type\" content=\"article\" \/>\r\n<meta property=\"og:title\" content=\"\u201cLe tredici rose\u201d di Emilio Mart\u00ecnez-L\u00e0zaro - Casting News Magazine\" \/>\r\n<meta property=\"og:description\" content=\"Venerd\u00ec 28 agosto esce nelle sale, distribuito da FilmExport, LE TREDICI ROSE di Emilio Mart\u00ecnez-L\u00e0zaro Il 1 Aprile 1939, l\u2019entrata a Madrid delle truppe di Franco segna la fine della guerra civile spagnola. Temendo la sanguinaria repressione che si sta avvicinando, molti Repubblicani scappano dal Paese, ma altri, numerosi, restano e combattono. \u00c8 il caso [&hellip;]\" \/>\r\n<meta property=\"og:url\" content=\"https:\/\/www.castingnews.eu\/magazine\/2009\/06\/30\/le-tredici-rose-di-emilio-martinez-lazaro\/\" \/>\r\n<meta property=\"og:site_name\" content=\"Casting News Magazine\" \/>\r\n<meta property=\"article:published_time\" content=\"2009-06-30T15:23:24+00:00\" \/>\r\n<meta property=\"og:image\" content=\"https:\/\/www.castingnews.eu\/magazine\/wp-content\/uploads\/2009\/06\/le_tredici_rose-1.jpg\" \/>\r\n\t<meta property=\"og:image:width\" content=\"420\" \/>\r\n\t<meta property=\"og:image:height\" content=\"600\" \/>\r\n\t<meta property=\"og:image:type\" content=\"image\/jpeg\" \/>\r\n<meta name=\"author\" content=\"Redazione\" \/>\r\n<meta name=\"twitter:card\" content=\"summary_large_image\" \/>\r\n<meta name=\"twitter:label1\" content=\"Scritto da\" \/>\n\t<meta name=\"twitter:data1\" content=\"Redazione\" \/>\n\t<meta name=\"twitter:label2\" content=\"Tempo di lettura stimato\" \/>\n\t<meta name=\"twitter:data2\" content=\"2 minuti\" \/>\r\n<script type=\"application\/ld+json\" class=\"yoast-schema-graph\">{\"@context\":\"https:\\\/\\\/schema.org\",\"@graph\":[{\"@type\":\"Article\",\"@id\":\"https:\\\/\\\/www.castingnews.eu\\\/magazine\\\/2009\\\/06\\\/30\\\/le-tredici-rose-di-emilio-martinez-lazaro\\\/#article\",\"isPartOf\":{\"@id\":\"https:\\\/\\\/www.castingnews.eu\\\/magazine\\\/2009\\\/06\\\/30\\\/le-tredici-rose-di-emilio-martinez-lazaro\\\/\"},\"author\":{\"name\":\"Redazione\",\"@id\":\"https:\\\/\\\/www.castingnews.eu\\\/magazine\\\/#\\\/schema\\\/person\\\/099d71c568c9a7e5e4037b1594108f17\"},\"headline\":\"\u201cLe tredici rose\u201d di Emilio Mart\u00ecnez-L\u00e0zaro\",\"datePublished\":\"2009-06-30T15:23:24+00:00\",\"mainEntityOfPage\":{\"@id\":\"https:\\\/\\\/www.castingnews.eu\\\/magazine\\\/2009\\\/06\\\/30\\\/le-tredici-rose-di-emilio-martinez-lazaro\\\/\"},\"wordCount\":504,\"commentCount\":0,\"image\":{\"@id\":\"https:\\\/\\\/www.castingnews.eu\\\/magazine\\\/2009\\\/06\\\/30\\\/le-tredici-rose-di-emilio-martinez-lazaro\\\/#primaryimage\"},\"thumbnailUrl\":\"https:\\\/\\\/www.castingnews.eu\\\/magazine\\\/wp-content\\\/uploads\\\/2009\\\/06\\\/le_tredici_rose-1.jpg\",\"articleSection\":[\"Drammatico\",\"Film - Estero\",\"Spagna\"],\"inLanguage\":\"it-IT\",\"potentialAction\":[{\"@type\":\"CommentAction\",\"name\":\"Comment\",\"target\":[\"https:\\\/\\\/www.castingnews.eu\\\/magazine\\\/2009\\\/06\\\/30\\\/le-tredici-rose-di-emilio-martinez-lazaro\\\/#respond\"]}]},{\"@type\":\"WebPage\",\"@id\":\"https:\\\/\\\/www.castingnews.eu\\\/magazine\\\/2009\\\/06\\\/30\\\/le-tredici-rose-di-emilio-martinez-lazaro\\\/\",\"url\":\"https:\\\/\\\/www.castingnews.eu\\\/magazine\\\/2009\\\/06\\\/30\\\/le-tredici-rose-di-emilio-martinez-lazaro\\\/\",\"name\":\"\u201cLe tredici rose\u201d di Emilio Mart\u00ecnez-L\u00e0zaro - Casting News Magazine\",\"isPartOf\":{\"@id\":\"https:\\\/\\\/www.castingnews.eu\\\/magazine\\\/#website\"},\"primaryImageOfPage\":{\"@id\":\"https:\\\/\\\/www.castingnews.eu\\\/magazine\\\/2009\\\/06\\\/30\\\/le-tredici-rose-di-emilio-martinez-lazaro\\\/#primaryimage\"},\"image\":{\"@id\":\"https:\\\/\\\/www.castingnews.eu\\\/magazine\\\/2009\\\/06\\\/30\\\/le-tredici-rose-di-emilio-martinez-lazaro\\\/#primaryimage\"},\"thumbnailUrl\":\"https:\\\/\\\/www.castingnews.eu\\\/magazine\\\/wp-content\\\/uploads\\\/2009\\\/06\\\/le_tredici_rose-1.jpg\",\"datePublished\":\"2009-06-30T15:23:24+00:00\",\"author\":{\"@id\":\"https:\\\/\\\/www.castingnews.eu\\\/magazine\\\/#\\\/schema\\\/person\\\/099d71c568c9a7e5e4037b1594108f17\"},\"breadcrumb\":{\"@id\":\"https:\\\/\\\/www.castingnews.eu\\\/magazine\\\/2009\\\/06\\\/30\\\/le-tredici-rose-di-emilio-martinez-lazaro\\\/#breadcrumb\"},\"inLanguage\":\"it-IT\",\"potentialAction\":[{\"@type\":\"ReadAction\",\"target\":[\"https:\\\/\\\/www.castingnews.eu\\\/magazine\\\/2009\\\/06\\\/30\\\/le-tredici-rose-di-emilio-martinez-lazaro\\\/\"]}]},{\"@type\":\"ImageObject\",\"inLanguage\":\"it-IT\",\"@id\":\"https:\\\/\\\/www.castingnews.eu\\\/magazine\\\/2009\\\/06\\\/30\\\/le-tredici-rose-di-emilio-martinez-lazaro\\\/#primaryimage\",\"url\":\"https:\\\/\\\/www.castingnews.eu\\\/magazine\\\/wp-content\\\/uploads\\\/2009\\\/06\\\/le_tredici_rose-1.jpg\",\"contentUrl\":\"https:\\\/\\\/www.castingnews.eu\\\/magazine\\\/wp-content\\\/uploads\\\/2009\\\/06\\\/le_tredici_rose-1.jpg\",\"width\":420,\"height\":600},{\"@type\":\"BreadcrumbList\",\"@id\":\"https:\\\/\\\/www.castingnews.eu\\\/magazine\\\/2009\\\/06\\\/30\\\/le-tredici-rose-di-emilio-martinez-lazaro\\\/#breadcrumb\",\"itemListElement\":[{\"@type\":\"ListItem\",\"position\":1,\"name\":\"Home\",\"item\":\"https:\\\/\\\/www.castingnews.eu\\\/magazine\\\/\"},{\"@type\":\"ListItem\",\"position\":2,\"name\":\"\u201cLe tredici rose\u201d di Emilio Mart\u00ecnez-L\u00e0zaro\"}]},{\"@type\":\"WebSite\",\"@id\":\"https:\\\/\\\/www.castingnews.eu\\\/magazine\\\/#website\",\"url\":\"https:\\\/\\\/www.castingnews.eu\\\/magazine\\\/\",\"name\":\"Casting News Magazine\",\"description\":\"News e aggiornamenti sui film, serie tv, teatro e festival italiani ed internazionali\",\"potentialAction\":[{\"@type\":\"SearchAction\",\"target\":{\"@type\":\"EntryPoint\",\"urlTemplate\":\"https:\\\/\\\/www.castingnews.eu\\\/magazine\\\/?s={search_term_string}\"},\"query-input\":{\"@type\":\"PropertyValueSpecification\",\"valueRequired\":true,\"valueName\":\"search_term_string\"}}],\"inLanguage\":\"it-IT\"},{\"@type\":\"Person\",\"@id\":\"https:\\\/\\\/www.castingnews.eu\\\/magazine\\\/#\\\/schema\\\/person\\\/099d71c568c9a7e5e4037b1594108f17\",\"name\":\"Redazione\",\"image\":{\"@type\":\"ImageObject\",\"inLanguage\":\"it-IT\",\"@id\":\"https:\\\/\\\/secure.gravatar.com\\\/avatar\\\/b73a087aa3bd279fb70d24f1960a91c82cf67619395b60b564c90e9e5d5325fc?s=96&d=mm&r=g\",\"url\":\"https:\\\/\\\/secure.gravatar.com\\\/avatar\\\/b73a087aa3bd279fb70d24f1960a91c82cf67619395b60b564c90e9e5d5325fc?s=96&d=mm&r=g\",\"contentUrl\":\"https:\\\/\\\/secure.gravatar.com\\\/avatar\\\/b73a087aa3bd279fb70d24f1960a91c82cf67619395b60b564c90e9e5d5325fc?s=96&d=mm&r=g\",\"caption\":\"Redazione\"},\"description\":\"News e aggiornamenti sui film, serie tv, teatro e festival italiani ed internazionali.\",\"url\":\"https:\\\/\\\/www.castingnews.eu\\\/magazine\\\/author\\\/redazione\\\/\"}]}<\/script>\r\n<!-- \/ Yoast SEO plugin. -->","yoast_head_json":{"title":"\u201cLe tredici rose\u201d di Emilio Mart\u00ecnez-L\u00e0zaro - Casting News Magazine","robots":{"index":"index","follow":"follow","max-snippet":"max-snippet:-1","max-image-preview":"max-image-preview:large","max-video-preview":"max-video-preview:-1"},"canonical":"https:\/\/www.castingnews.eu\/magazine\/2009\/06\/30\/le-tredici-rose-di-emilio-martinez-lazaro\/","og_locale":"it_IT","og_type":"article","og_title":"\u201cLe tredici rose\u201d di Emilio Mart\u00ecnez-L\u00e0zaro - Casting News Magazine","og_description":"Venerd\u00ec 28 agosto esce nelle sale, distribuito da FilmExport, LE TREDICI ROSE di Emilio Mart\u00ecnez-L\u00e0zaro Il 1 Aprile 1939, l\u2019entrata a Madrid delle truppe di Franco segna la fine della guerra civile spagnola. Temendo la sanguinaria repressione che si sta avvicinando, molti Repubblicani scappano dal Paese, ma altri, numerosi, restano e combattono. \u00c8 il caso [&hellip;]","og_url":"https:\/\/www.castingnews.eu\/magazine\/2009\/06\/30\/le-tredici-rose-di-emilio-martinez-lazaro\/","og_site_name":"Casting News Magazine","article_published_time":"2009-06-30T15:23:24+00:00","og_image":[{"width":420,"height":600,"url":"https:\/\/www.castingnews.eu\/magazine\/wp-content\/uploads\/2009\/06\/le_tredici_rose-1.jpg","type":"image\/jpeg"}],"author":"Redazione","twitter_card":"summary_large_image","twitter_misc":{"Scritto da":"Redazione","Tempo di lettura stimato":"2 minuti"},"schema":{"@context":"https:\/\/schema.org","@graph":[{"@type":"Article","@id":"https:\/\/www.castingnews.eu\/magazine\/2009\/06\/30\/le-tredici-rose-di-emilio-martinez-lazaro\/#article","isPartOf":{"@id":"https:\/\/www.castingnews.eu\/magazine\/2009\/06\/30\/le-tredici-rose-di-emilio-martinez-lazaro\/"},"author":{"name":"Redazione","@id":"https:\/\/www.castingnews.eu\/magazine\/#\/schema\/person\/099d71c568c9a7e5e4037b1594108f17"},"headline":"\u201cLe tredici rose\u201d di Emilio Mart\u00ecnez-L\u00e0zaro","datePublished":"2009-06-30T15:23:24+00:00","mainEntityOfPage":{"@id":"https:\/\/www.castingnews.eu\/magazine\/2009\/06\/30\/le-tredici-rose-di-emilio-martinez-lazaro\/"},"wordCount":504,"commentCount":0,"image":{"@id":"https:\/\/www.castingnews.eu\/magazine\/2009\/06\/30\/le-tredici-rose-di-emilio-martinez-lazaro\/#primaryimage"},"thumbnailUrl":"https:\/\/www.castingnews.eu\/magazine\/wp-content\/uploads\/2009\/06\/le_tredici_rose-1.jpg","articleSection":["Drammatico","Film - Estero","Spagna"],"inLanguage":"it-IT","potentialAction":[{"@type":"CommentAction","name":"Comment","target":["https:\/\/www.castingnews.eu\/magazine\/2009\/06\/30\/le-tredici-rose-di-emilio-martinez-lazaro\/#respond"]}]},{"@type":"WebPage","@id":"https:\/\/www.castingnews.eu\/magazine\/2009\/06\/30\/le-tredici-rose-di-emilio-martinez-lazaro\/","url":"https:\/\/www.castingnews.eu\/magazine\/2009\/06\/30\/le-tredici-rose-di-emilio-martinez-lazaro\/","name":"\u201cLe tredici rose\u201d di Emilio Mart\u00ecnez-L\u00e0zaro - Casting News Magazine","isPartOf":{"@id":"https:\/\/www.castingnews.eu\/magazine\/#website"},"primaryImageOfPage":{"@id":"https:\/\/www.castingnews.eu\/magazine\/2009\/06\/30\/le-tredici-rose-di-emilio-martinez-lazaro\/#primaryimage"},"image":{"@id":"https:\/\/www.castingnews.eu\/magazine\/2009\/06\/30\/le-tredici-rose-di-emilio-martinez-lazaro\/#primaryimage"},"thumbnailUrl":"https:\/\/www.castingnews.eu\/magazine\/wp-content\/uploads\/2009\/06\/le_tredici_rose-1.jpg","datePublished":"2009-06-30T15:23:24+00:00","author":{"@id":"https:\/\/www.castingnews.eu\/magazine\/#\/schema\/person\/099d71c568c9a7e5e4037b1594108f17"},"breadcrumb":{"@id":"https:\/\/www.castingnews.eu\/magazine\/2009\/06\/30\/le-tredici-rose-di-emilio-martinez-lazaro\/#breadcrumb"},"inLanguage":"it-IT","potentialAction":[{"@type":"ReadAction","target":["https:\/\/www.castingnews.eu\/magazine\/2009\/06\/30\/le-tredici-rose-di-emilio-martinez-lazaro\/"]}]},{"@type":"ImageObject","inLanguage":"it-IT","@id":"https:\/\/www.castingnews.eu\/magazine\/2009\/06\/30\/le-tredici-rose-di-emilio-martinez-lazaro\/#primaryimage","url":"https:\/\/www.castingnews.eu\/magazine\/wp-content\/uploads\/2009\/06\/le_tredici_rose-1.jpg","contentUrl":"https:\/\/www.castingnews.eu\/magazine\/wp-content\/uploads\/2009\/06\/le_tredici_rose-1.jpg","width":420,"height":600},{"@type":"BreadcrumbList","@id":"https:\/\/www.castingnews.eu\/magazine\/2009\/06\/30\/le-tredici-rose-di-emilio-martinez-lazaro\/#breadcrumb","itemListElement":[{"@type":"ListItem","position":1,"name":"Home","item":"https:\/\/www.castingnews.eu\/magazine\/"},{"@type":"ListItem","position":2,"name":"\u201cLe tredici rose\u201d di Emilio Mart\u00ecnez-L\u00e0zaro"}]},{"@type":"WebSite","@id":"https:\/\/www.castingnews.eu\/magazine\/#website","url":"https:\/\/www.castingnews.eu\/magazine\/","name":"Casting News Magazine","description":"News e aggiornamenti sui film, serie tv, teatro e festival italiani ed internazionali","potentialAction":[{"@type":"SearchAction","target":{"@type":"EntryPoint","urlTemplate":"https:\/\/www.castingnews.eu\/magazine\/?s={search_term_string}"},"query-input":{"@type":"PropertyValueSpecification","valueRequired":true,"valueName":"search_term_string"}}],"inLanguage":"it-IT"},{"@type":"Person","@id":"https:\/\/www.castingnews.eu\/magazine\/#\/schema\/person\/099d71c568c9a7e5e4037b1594108f17","name":"Redazione","image":{"@type":"ImageObject","inLanguage":"it-IT","@id":"https:\/\/secure.gravatar.com\/avatar\/b73a087aa3bd279fb70d24f1960a91c82cf67619395b60b564c90e9e5d5325fc?s=96&d=mm&r=g","url":"https:\/\/secure.gravatar.com\/avatar\/b73a087aa3bd279fb70d24f1960a91c82cf67619395b60b564c90e9e5d5325fc?s=96&d=mm&r=g","contentUrl":"https:\/\/secure.gravatar.com\/avatar\/b73a087aa3bd279fb70d24f1960a91c82cf67619395b60b564c90e9e5d5325fc?s=96&d=mm&r=g","caption":"Redazione"},"description":"News e aggiornamenti sui film, serie tv, teatro e festival italiani ed internazionali.","url":"https:\/\/www.castingnews.eu\/magazine\/author\/redazione\/"}]}},"_links":{"self":[{"href":"https:\/\/www.castingnews.eu\/magazine\/wp-json\/wp\/v2\/posts\/203","targetHints":{"allow":["GET"]}}],"collection":[{"href":"https:\/\/www.castingnews.eu\/magazine\/wp-json\/wp\/v2\/posts"}],"about":[{"href":"https:\/\/www.castingnews.eu\/magazine\/wp-json\/wp\/v2\/types\/post"}],"author":[{"embeddable":true,"href":"https:\/\/www.castingnews.eu\/magazine\/wp-json\/wp\/v2\/users\/1"}],"replies":[{"embeddable":true,"href":"https:\/\/www.castingnews.eu\/magazine\/wp-json\/wp\/v2\/comments?post=203"}],"version-history":[{"count":0,"href":"https:\/\/www.castingnews.eu\/magazine\/wp-json\/wp\/v2\/posts\/203\/revisions"}],"wp:featuredmedia":[{"embeddable":true,"href":"https:\/\/www.castingnews.eu\/magazine\/wp-json\/wp\/v2\/media\/204"}],"wp:attachment":[{"href":"https:\/\/www.castingnews.eu\/magazine\/wp-json\/wp\/v2\/media?parent=203"}],"wp:term":[{"taxonomy":"category","embeddable":true,"href":"https:\/\/www.castingnews.eu\/magazine\/wp-json\/wp\/v2\/categories?post=203"},{"taxonomy":"post_tag","embeddable":true,"href":"https:\/\/www.castingnews.eu\/magazine\/wp-json\/wp\/v2\/tags?post=203"}],"curies":[{"name":"wp","href":"https:\/\/api.w.org\/{rel}","templated":true}]}}