{"id":1645,"date":"2016-07-22T10:53:49","date_gmt":"2016-07-22T09:53:49","guid":{"rendered":"http:\/\/www.film-movie.eu\/?p=1645"},"modified":"2016-07-22T10:53:49","modified_gmt":"2016-07-22T09:53:49","slug":"si-accendono-riflettori-sulla-dodicesima-edizione-lago-film-fest","status":"publish","type":"post","link":"https:\/\/www.castingnews.eu\/magazine\/2016\/07\/22\/si-accendono-riflettori-sulla-dodicesima-edizione-lago-film-fest\/","title":{"rendered":"Si accendono i riflettori sulla dodicesima edizione di Lago Film Fest"},"content":{"rendered":"<h4 style=\"text-align: justify;\">Dal 22 al 30 luglio le strade del Borgo di Lago tornano ad animarsi di proiezioni, ospiti internazionali, musica e performance; pi\u00f9 di quindici mila visitatori attesi nel corso di nove giorni fitti di appuntamenti.<\/h4>\n<p style=\"text-align: justify;\">Protagonisti indiscussi come ogni anno i cortometraggi: pi\u00f9 di 200 tra anteprime internazionali, rivelazioni italiane e cubi di Rubik sperimentali. Si debutta con &#8220;A man returned&#8221; di Mahdi Fleifel, gi\u00e0 Orso d\u2019Argento a Berlino, con l\u2019incubo psichedelico Notre Dame Des Hormones del francese Bertrand Mandico e con i Simpson nel frullatore di Ralph Plays D\u2019OH di Fabio Tonetto.<\/p><div class=\"6d3639e8c6ac292cde400fad8ff8a5b9\" data-index=\"1\" style=\"float: none; margin:10px 0 10px 0; text-align:center;\">\n<script async src=\"\/\/pagead2.googlesyndication.com\/pagead\/js\/adsbygoogle.js\"><\/script>\r\n<!-- Casting Bambini NEW -->\r\n<ins class=\"adsbygoogle\"\r\n     style=\"display:inline-block;width:336px;height:280px\"\r\n     data-ad-client=\"ca-pub-5538097485429833\"\r\n     data-ad-slot=\"5127154445\"><\/ins>\r\n<script>\r\n(adsbygoogle = window.adsbygoogle || []).push({});\r\n<\/script>\n<\/div>\n\n<p style=\"text-align: justify;\">E poi Proiezioni speciali con il docufilm \u201cLa gente resta\u201d prodotto da FABRICA e Rai Cinema, l&#8217;antologia di Animazioni 4 curata da Paola Bristot, i programmi speciali dedicati a Russia e Cina, l&#8217;incontro con il Treviso Comic Book Festival dedicato tra le altre cose ai cortometraggi scandalosi ed esilaranti dell\u2019illustratore e fumettista spagnolo Joan Cornell\u00e0, le performance di danza e i concerti live di GINAH e KAROSHI.<\/p>\n<p style=\"text-align: justify;\">Revine Lago, 22 luglio 2016 &#8211; Giornata inaugurale di questa XII edizione del Lago Film Fest, www.lagofest.org, evento organizzato da Pro Loco Revine Lago con Lago Film Fest con il patrocinio del Ministero per i Beni Culturali, Regione Veneto, Provincia di Treviso, Rete Eventi, Comune Revine Lago, Comune Treviso, Comune Conegliano, Comune Vittorio Veneto, Unpli e Comitato Unicef Treviso.<br \/>\nIl festival aprir\u00e0 le danze alle 20.00, tre proiezioni, eventi e performance disseminate tra le sponde del lago e i cortili del borgo; schermo principale sar\u00e0 come sempre quello della Riva del Lago, sul quale scorreranno le primissime proposte delle sezioni Internazionale, Nazionale e Nuovi Segni.<br \/>\nDal Parco Archeologico del Livelet partir\u00e0 alle 20.30 una suggestiva passeggiata naturalistica al chiaro di luna alla scoperta del lago e delle sue rive. A seguire, ulteriori proiezioni per le sezioni Internazionale e Nuovi Segni, cui seguir\u00e0 alle 22.30 la proiezione speciale dei corti di animazione russa realizzati dagli studenti della Ural State University of Architecture and Arts.<br \/>\nIn Vicolo Arco, alle 21, un incontro organizzato in collaborazione con il Treviso Comic Book Festival: si susseguiranno i Cortissimi di Joan Cornell\u00e0 e una chiacchierata con Diego Lazzarin, fumettista, illustratore, ma anche pittore e videomaker, che racconter\u00e0 di come sia riuscito a produrre il suo primo fumetto \u201cAminoacid boy and the Chaos Order\u201d grazie al crowfunding. Dalle 22.30 la proiezione speciale dell&#8217;antologia di Animazioni, volume quarto, curato da Paola Bristot e Andrea Martignoni, vera summa dell\u2019animazione indipendente italiana.<br \/>\nIl Cortile Sasso dar\u00e0 asilo alle proiezioni speciali fuori concorso: dalle animazioni made in<br \/>\nRussia alla selezione Unicef, entrambe dedicate agli spettatori pi\u00f9 piccoli; fino a \u201cLa danza in un minuto\u201d, progetto di video-danza promosso da Coorpi: una serie di cortometraggi della durata di 60 secondi che tentano di rispondere alla domanda: \u201cCosa significa la danza per te?\u201d.<br \/>\nE di danza \u00e8 invaso anche l&#8217;Open Space, che ospiter\u00e0 alle 21 il primo classificato al concorso Danza in Vetrina-Progetto danza 2016, e a MMContemporary Dance Company, gi\u00e0 vincitrice del premio Danza&amp;Danza come miglior compagnia emergente.<br \/>\nUltimi ma non per importanza, al Lido si succederanno le proiezioni della sezione Veneto e del docufilm \u201cLa gente resta\u201d, prodotto da Fabrica e Rai Cinema, primo di una serie di documentari della sezione \u201cPrimadoc\u201d: racconti mai visti, opere crude e reali; e alle 23, i corti selezionati per il Focus Cina in collaborazione con Long Week of Short Film Festival di Shangai.<br \/>\nLa prima entusiasmante serata di LFF XII si chiude al Cortile Carlettin a partire dalle ore 22.00, con i primi act di un programma musicale in costante crescita: stasera la psichedelia di Karoshi e il prog-space-trip dei Ginah.<\/p>\n\n<div style=\"font-size: 0px; height: 0px; line-height: 0px; margin: 0; padding: 0; clear: both;\"><\/div>","protected":false},"excerpt":{"rendered":"<p>Dal 22 al 30 luglio le strade del Borgo di Lago tornano ad animarsi di proiezioni, ospiti internazionali, musica e performance; pi\u00f9 di quindici mila visitatori attesi nel corso di nove giorni fitti di appuntamenti. Protagonisti indiscussi come ogni anno i cortometraggi: pi\u00f9 di 200 tra anteprime internazionali, rivelazioni italiane e cubi di Rubik sperimentali. [&hellip;]<\/p>\n","protected":false},"author":1,"featured_media":1646,"comment_status":"open","ping_status":"open","sticky":false,"template":"","format":"standard","meta":{"tdm_status":"","tdm_grid_status":"","footnotes":""},"categories":[11,12,71,21],"tags":[348,514,534,768,1163],"class_list":{"0":"post-1645","1":"post","2":"type-post","3":"status-publish","4":"format-standard","5":"has-post-thumbnail","7":"category-festival","8":"category-film-concorsi","9":"category-italia-paese","10":"category-in-primo-piano","11":"tag-concorso","12":"tag-festival","13":"tag-film","14":"tag-lago-film-fest","15":"tag-revine-lago"},"yoast_head":"<!-- This site is optimized with the Yoast SEO plugin v27.4 - https:\/\/yoast.com\/product\/yoast-seo-wordpress\/ -->\r\n<title>Si accendono i riflettori sulla dodicesima edizione di Lago Film Fest<\/title>\r\n<meta name=\"description\" content=\"Dal 22 al 30 luglio le strade del Borgo di Lago tornano ad animarsi di proiezioni, ospiti internazionali, musica e performance.\" \/>\r\n<meta name=\"robots\" content=\"index, follow, max-snippet:-1, max-image-preview:large, max-video-preview:-1\" \/>\r\n<link rel=\"canonical\" href=\"https:\/\/www.castingnews.eu\/magazine\/2016\/07\/22\/si-accendono-riflettori-sulla-dodicesima-edizione-lago-film-fest\/\" \/>\r\n<meta property=\"og:locale\" content=\"it_IT\" \/>\r\n<meta property=\"og:type\" content=\"article\" \/>\r\n<meta property=\"og:title\" content=\"Si accendono i riflettori sulla dodicesima edizione di Lago Film Fest\" \/>\r\n<meta property=\"og:description\" content=\"Dal 22 al 30 luglio le strade del Borgo di Lago tornano ad animarsi di proiezioni, ospiti internazionali, musica e performance.\" \/>\r\n<meta property=\"og:url\" content=\"https:\/\/www.castingnews.eu\/magazine\/2016\/07\/22\/si-accendono-riflettori-sulla-dodicesima-edizione-lago-film-fest\/\" \/>\r\n<meta property=\"og:site_name\" content=\"Casting News Magazine\" \/>\r\n<meta property=\"article:published_time\" content=\"2016-07-22T09:53:49+00:00\" \/>\r\n<meta property=\"og:image\" content=\"https:\/\/www.castingnews.eu\/magazine\/wp-content\/uploads\/2016\/07\/LAGO-FILM-FEST-XII-1.jpg\" \/>\r\n\t<meta property=\"og:image:width\" content=\"650\" \/>\r\n\t<meta property=\"og:image:height\" content=\"433\" \/>\r\n\t<meta property=\"og:image:type\" content=\"image\/jpeg\" \/>\r\n<meta name=\"author\" content=\"Redazione\" \/>\r\n<meta name=\"twitter:card\" content=\"summary_large_image\" \/>\r\n<meta name=\"twitter:label1\" content=\"Scritto da\" \/>\n\t<meta name=\"twitter:data1\" content=\"Redazione\" \/>\n\t<meta name=\"twitter:label2\" content=\"Tempo di lettura stimato\" \/>\n\t<meta name=\"twitter:data2\" content=\"3 minuti\" \/>\r\n<script type=\"application\/ld+json\" class=\"yoast-schema-graph\">{\"@context\":\"https:\\\/\\\/schema.org\",\"@graph\":[{\"@type\":\"Article\",\"@id\":\"https:\\\/\\\/www.castingnews.eu\\\/magazine\\\/2016\\\/07\\\/22\\\/si-accendono-riflettori-sulla-dodicesima-edizione-lago-film-fest\\\/#article\",\"isPartOf\":{\"@id\":\"https:\\\/\\\/www.castingnews.eu\\\/magazine\\\/2016\\\/07\\\/22\\\/si-accendono-riflettori-sulla-dodicesima-edizione-lago-film-fest\\\/\"},\"author\":{\"name\":\"Redazione\",\"@id\":\"https:\\\/\\\/www.castingnews.eu\\\/magazine\\\/#\\\/schema\\\/person\\\/099d71c568c9a7e5e4037b1594108f17\"},\"headline\":\"Si accendono i riflettori sulla dodicesima edizione di Lago Film Fest\",\"datePublished\":\"2016-07-22T09:53:49+00:00\",\"mainEntityOfPage\":{\"@id\":\"https:\\\/\\\/www.castingnews.eu\\\/magazine\\\/2016\\\/07\\\/22\\\/si-accendono-riflettori-sulla-dodicesima-edizione-lago-film-fest\\\/\"},\"wordCount\":604,\"commentCount\":0,\"image\":{\"@id\":\"https:\\\/\\\/www.castingnews.eu\\\/magazine\\\/2016\\\/07\\\/22\\\/si-accendono-riflettori-sulla-dodicesima-edizione-lago-film-fest\\\/#primaryimage\"},\"thumbnailUrl\":\"https:\\\/\\\/www.castingnews.eu\\\/magazine\\\/wp-content\\\/uploads\\\/2016\\\/07\\\/LAGO-FILM-FEST-XII-1.jpg\",\"keywords\":[\"Concorso\",\"Festival\",\"Film\",\"LAGO FILM FEST\",\"Revine Lago\"],\"articleSection\":[\"Festival\",\"Film\",\"Italia\",\"Primo piano\"],\"inLanguage\":\"it-IT\",\"potentialAction\":[{\"@type\":\"CommentAction\",\"name\":\"Comment\",\"target\":[\"https:\\\/\\\/www.castingnews.eu\\\/magazine\\\/2016\\\/07\\\/22\\\/si-accendono-riflettori-sulla-dodicesima-edizione-lago-film-fest\\\/#respond\"]}]},{\"@type\":\"WebPage\",\"@id\":\"https:\\\/\\\/www.castingnews.eu\\\/magazine\\\/2016\\\/07\\\/22\\\/si-accendono-riflettori-sulla-dodicesima-edizione-lago-film-fest\\\/\",\"url\":\"https:\\\/\\\/www.castingnews.eu\\\/magazine\\\/2016\\\/07\\\/22\\\/si-accendono-riflettori-sulla-dodicesima-edizione-lago-film-fest\\\/\",\"name\":\"Si accendono i riflettori sulla dodicesima edizione di Lago Film Fest\",\"isPartOf\":{\"@id\":\"https:\\\/\\\/www.castingnews.eu\\\/magazine\\\/#website\"},\"primaryImageOfPage\":{\"@id\":\"https:\\\/\\\/www.castingnews.eu\\\/magazine\\\/2016\\\/07\\\/22\\\/si-accendono-riflettori-sulla-dodicesima-edizione-lago-film-fest\\\/#primaryimage\"},\"image\":{\"@id\":\"https:\\\/\\\/www.castingnews.eu\\\/magazine\\\/2016\\\/07\\\/22\\\/si-accendono-riflettori-sulla-dodicesima-edizione-lago-film-fest\\\/#primaryimage\"},\"thumbnailUrl\":\"https:\\\/\\\/www.castingnews.eu\\\/magazine\\\/wp-content\\\/uploads\\\/2016\\\/07\\\/LAGO-FILM-FEST-XII-1.jpg\",\"datePublished\":\"2016-07-22T09:53:49+00:00\",\"author\":{\"@id\":\"https:\\\/\\\/www.castingnews.eu\\\/magazine\\\/#\\\/schema\\\/person\\\/099d71c568c9a7e5e4037b1594108f17\"},\"description\":\"Dal 22 al 30 luglio le strade del Borgo di Lago tornano ad animarsi di proiezioni, ospiti internazionali, musica e performance.\",\"breadcrumb\":{\"@id\":\"https:\\\/\\\/www.castingnews.eu\\\/magazine\\\/2016\\\/07\\\/22\\\/si-accendono-riflettori-sulla-dodicesima-edizione-lago-film-fest\\\/#breadcrumb\"},\"inLanguage\":\"it-IT\",\"potentialAction\":[{\"@type\":\"ReadAction\",\"target\":[\"https:\\\/\\\/www.castingnews.eu\\\/magazine\\\/2016\\\/07\\\/22\\\/si-accendono-riflettori-sulla-dodicesima-edizione-lago-film-fest\\\/\"]}]},{\"@type\":\"ImageObject\",\"inLanguage\":\"it-IT\",\"@id\":\"https:\\\/\\\/www.castingnews.eu\\\/magazine\\\/2016\\\/07\\\/22\\\/si-accendono-riflettori-sulla-dodicesima-edizione-lago-film-fest\\\/#primaryimage\",\"url\":\"https:\\\/\\\/www.castingnews.eu\\\/magazine\\\/wp-content\\\/uploads\\\/2016\\\/07\\\/LAGO-FILM-FEST-XII-1.jpg\",\"contentUrl\":\"https:\\\/\\\/www.castingnews.eu\\\/magazine\\\/wp-content\\\/uploads\\\/2016\\\/07\\\/LAGO-FILM-FEST-XII-1.jpg\",\"width\":650,\"height\":433},{\"@type\":\"BreadcrumbList\",\"@id\":\"https:\\\/\\\/www.castingnews.eu\\\/magazine\\\/2016\\\/07\\\/22\\\/si-accendono-riflettori-sulla-dodicesima-edizione-lago-film-fest\\\/#breadcrumb\",\"itemListElement\":[{\"@type\":\"ListItem\",\"position\":1,\"name\":\"Home\",\"item\":\"https:\\\/\\\/www.castingnews.eu\\\/magazine\\\/\"},{\"@type\":\"ListItem\",\"position\":2,\"name\":\"Si accendono i riflettori sulla dodicesima edizione di Lago Film Fest\"}]},{\"@type\":\"WebSite\",\"@id\":\"https:\\\/\\\/www.castingnews.eu\\\/magazine\\\/#website\",\"url\":\"https:\\\/\\\/www.castingnews.eu\\\/magazine\\\/\",\"name\":\"Casting News Magazine\",\"description\":\"News e aggiornamenti sui film, serie tv, teatro e festival italiani ed internazionali\",\"potentialAction\":[{\"@type\":\"SearchAction\",\"target\":{\"@type\":\"EntryPoint\",\"urlTemplate\":\"https:\\\/\\\/www.castingnews.eu\\\/magazine\\\/?s={search_term_string}\"},\"query-input\":{\"@type\":\"PropertyValueSpecification\",\"valueRequired\":true,\"valueName\":\"search_term_string\"}}],\"inLanguage\":\"it-IT\"},{\"@type\":\"Person\",\"@id\":\"https:\\\/\\\/www.castingnews.eu\\\/magazine\\\/#\\\/schema\\\/person\\\/099d71c568c9a7e5e4037b1594108f17\",\"name\":\"Redazione\",\"image\":{\"@type\":\"ImageObject\",\"inLanguage\":\"it-IT\",\"@id\":\"https:\\\/\\\/secure.gravatar.com\\\/avatar\\\/b73a087aa3bd279fb70d24f1960a91c82cf67619395b60b564c90e9e5d5325fc?s=96&d=mm&r=g\",\"url\":\"https:\\\/\\\/secure.gravatar.com\\\/avatar\\\/b73a087aa3bd279fb70d24f1960a91c82cf67619395b60b564c90e9e5d5325fc?s=96&d=mm&r=g\",\"contentUrl\":\"https:\\\/\\\/secure.gravatar.com\\\/avatar\\\/b73a087aa3bd279fb70d24f1960a91c82cf67619395b60b564c90e9e5d5325fc?s=96&d=mm&r=g\",\"caption\":\"Redazione\"},\"description\":\"News e aggiornamenti sui film, serie tv, teatro e festival italiani ed internazionali.\",\"url\":\"https:\\\/\\\/www.castingnews.eu\\\/magazine\\\/author\\\/redazione\\\/\"}]}<\/script>\r\n<!-- \/ Yoast SEO plugin. -->","yoast_head_json":{"title":"Si accendono i riflettori sulla dodicesima edizione di Lago Film Fest","description":"Dal 22 al 30 luglio le strade del Borgo di Lago tornano ad animarsi di proiezioni, ospiti internazionali, musica e performance.","robots":{"index":"index","follow":"follow","max-snippet":"max-snippet:-1","max-image-preview":"max-image-preview:large","max-video-preview":"max-video-preview:-1"},"canonical":"https:\/\/www.castingnews.eu\/magazine\/2016\/07\/22\/si-accendono-riflettori-sulla-dodicesima-edizione-lago-film-fest\/","og_locale":"it_IT","og_type":"article","og_title":"Si accendono i riflettori sulla dodicesima edizione di Lago Film Fest","og_description":"Dal 22 al 30 luglio le strade del Borgo di Lago tornano ad animarsi di proiezioni, ospiti internazionali, musica e performance.","og_url":"https:\/\/www.castingnews.eu\/magazine\/2016\/07\/22\/si-accendono-riflettori-sulla-dodicesima-edizione-lago-film-fest\/","og_site_name":"Casting News Magazine","article_published_time":"2016-07-22T09:53:49+00:00","og_image":[{"width":650,"height":433,"url":"https:\/\/www.castingnews.eu\/magazine\/wp-content\/uploads\/2016\/07\/LAGO-FILM-FEST-XII-1.jpg","type":"image\/jpeg"}],"author":"Redazione","twitter_card":"summary_large_image","twitter_misc":{"Scritto da":"Redazione","Tempo di lettura stimato":"3 minuti"},"schema":{"@context":"https:\/\/schema.org","@graph":[{"@type":"Article","@id":"https:\/\/www.castingnews.eu\/magazine\/2016\/07\/22\/si-accendono-riflettori-sulla-dodicesima-edizione-lago-film-fest\/#article","isPartOf":{"@id":"https:\/\/www.castingnews.eu\/magazine\/2016\/07\/22\/si-accendono-riflettori-sulla-dodicesima-edizione-lago-film-fest\/"},"author":{"name":"Redazione","@id":"https:\/\/www.castingnews.eu\/magazine\/#\/schema\/person\/099d71c568c9a7e5e4037b1594108f17"},"headline":"Si accendono i riflettori sulla dodicesima edizione di Lago Film Fest","datePublished":"2016-07-22T09:53:49+00:00","mainEntityOfPage":{"@id":"https:\/\/www.castingnews.eu\/magazine\/2016\/07\/22\/si-accendono-riflettori-sulla-dodicesima-edizione-lago-film-fest\/"},"wordCount":604,"commentCount":0,"image":{"@id":"https:\/\/www.castingnews.eu\/magazine\/2016\/07\/22\/si-accendono-riflettori-sulla-dodicesima-edizione-lago-film-fest\/#primaryimage"},"thumbnailUrl":"https:\/\/www.castingnews.eu\/magazine\/wp-content\/uploads\/2016\/07\/LAGO-FILM-FEST-XII-1.jpg","keywords":["Concorso","Festival","Film","LAGO FILM FEST","Revine Lago"],"articleSection":["Festival","Film","Italia","Primo piano"],"inLanguage":"it-IT","potentialAction":[{"@type":"CommentAction","name":"Comment","target":["https:\/\/www.castingnews.eu\/magazine\/2016\/07\/22\/si-accendono-riflettori-sulla-dodicesima-edizione-lago-film-fest\/#respond"]}]},{"@type":"WebPage","@id":"https:\/\/www.castingnews.eu\/magazine\/2016\/07\/22\/si-accendono-riflettori-sulla-dodicesima-edizione-lago-film-fest\/","url":"https:\/\/www.castingnews.eu\/magazine\/2016\/07\/22\/si-accendono-riflettori-sulla-dodicesima-edizione-lago-film-fest\/","name":"Si accendono i riflettori sulla dodicesima edizione di Lago Film Fest","isPartOf":{"@id":"https:\/\/www.castingnews.eu\/magazine\/#website"},"primaryImageOfPage":{"@id":"https:\/\/www.castingnews.eu\/magazine\/2016\/07\/22\/si-accendono-riflettori-sulla-dodicesima-edizione-lago-film-fest\/#primaryimage"},"image":{"@id":"https:\/\/www.castingnews.eu\/magazine\/2016\/07\/22\/si-accendono-riflettori-sulla-dodicesima-edizione-lago-film-fest\/#primaryimage"},"thumbnailUrl":"https:\/\/www.castingnews.eu\/magazine\/wp-content\/uploads\/2016\/07\/LAGO-FILM-FEST-XII-1.jpg","datePublished":"2016-07-22T09:53:49+00:00","author":{"@id":"https:\/\/www.castingnews.eu\/magazine\/#\/schema\/person\/099d71c568c9a7e5e4037b1594108f17"},"description":"Dal 22 al 30 luglio le strade del Borgo di Lago tornano ad animarsi di proiezioni, ospiti internazionali, musica e performance.","breadcrumb":{"@id":"https:\/\/www.castingnews.eu\/magazine\/2016\/07\/22\/si-accendono-riflettori-sulla-dodicesima-edizione-lago-film-fest\/#breadcrumb"},"inLanguage":"it-IT","potentialAction":[{"@type":"ReadAction","target":["https:\/\/www.castingnews.eu\/magazine\/2016\/07\/22\/si-accendono-riflettori-sulla-dodicesima-edizione-lago-film-fest\/"]}]},{"@type":"ImageObject","inLanguage":"it-IT","@id":"https:\/\/www.castingnews.eu\/magazine\/2016\/07\/22\/si-accendono-riflettori-sulla-dodicesima-edizione-lago-film-fest\/#primaryimage","url":"https:\/\/www.castingnews.eu\/magazine\/wp-content\/uploads\/2016\/07\/LAGO-FILM-FEST-XII-1.jpg","contentUrl":"https:\/\/www.castingnews.eu\/magazine\/wp-content\/uploads\/2016\/07\/LAGO-FILM-FEST-XII-1.jpg","width":650,"height":433},{"@type":"BreadcrumbList","@id":"https:\/\/www.castingnews.eu\/magazine\/2016\/07\/22\/si-accendono-riflettori-sulla-dodicesima-edizione-lago-film-fest\/#breadcrumb","itemListElement":[{"@type":"ListItem","position":1,"name":"Home","item":"https:\/\/www.castingnews.eu\/magazine\/"},{"@type":"ListItem","position":2,"name":"Si accendono i riflettori sulla dodicesima edizione di Lago Film Fest"}]},{"@type":"WebSite","@id":"https:\/\/www.castingnews.eu\/magazine\/#website","url":"https:\/\/www.castingnews.eu\/magazine\/","name":"Casting News Magazine","description":"News e aggiornamenti sui film, serie tv, teatro e festival italiani ed internazionali","potentialAction":[{"@type":"SearchAction","target":{"@type":"EntryPoint","urlTemplate":"https:\/\/www.castingnews.eu\/magazine\/?s={search_term_string}"},"query-input":{"@type":"PropertyValueSpecification","valueRequired":true,"valueName":"search_term_string"}}],"inLanguage":"it-IT"},{"@type":"Person","@id":"https:\/\/www.castingnews.eu\/magazine\/#\/schema\/person\/099d71c568c9a7e5e4037b1594108f17","name":"Redazione","image":{"@type":"ImageObject","inLanguage":"it-IT","@id":"https:\/\/secure.gravatar.com\/avatar\/b73a087aa3bd279fb70d24f1960a91c82cf67619395b60b564c90e9e5d5325fc?s=96&d=mm&r=g","url":"https:\/\/secure.gravatar.com\/avatar\/b73a087aa3bd279fb70d24f1960a91c82cf67619395b60b564c90e9e5d5325fc?s=96&d=mm&r=g","contentUrl":"https:\/\/secure.gravatar.com\/avatar\/b73a087aa3bd279fb70d24f1960a91c82cf67619395b60b564c90e9e5d5325fc?s=96&d=mm&r=g","caption":"Redazione"},"description":"News e aggiornamenti sui film, serie tv, teatro e festival italiani ed internazionali.","url":"https:\/\/www.castingnews.eu\/magazine\/author\/redazione\/"}]}},"_links":{"self":[{"href":"https:\/\/www.castingnews.eu\/magazine\/wp-json\/wp\/v2\/posts\/1645","targetHints":{"allow":["GET"]}}],"collection":[{"href":"https:\/\/www.castingnews.eu\/magazine\/wp-json\/wp\/v2\/posts"}],"about":[{"href":"https:\/\/www.castingnews.eu\/magazine\/wp-json\/wp\/v2\/types\/post"}],"author":[{"embeddable":true,"href":"https:\/\/www.castingnews.eu\/magazine\/wp-json\/wp\/v2\/users\/1"}],"replies":[{"embeddable":true,"href":"https:\/\/www.castingnews.eu\/magazine\/wp-json\/wp\/v2\/comments?post=1645"}],"version-history":[{"count":0,"href":"https:\/\/www.castingnews.eu\/magazine\/wp-json\/wp\/v2\/posts\/1645\/revisions"}],"wp:featuredmedia":[{"embeddable":true,"href":"https:\/\/www.castingnews.eu\/magazine\/wp-json\/wp\/v2\/media\/1646"}],"wp:attachment":[{"href":"https:\/\/www.castingnews.eu\/magazine\/wp-json\/wp\/v2\/media?parent=1645"}],"wp:term":[{"taxonomy":"category","embeddable":true,"href":"https:\/\/www.castingnews.eu\/magazine\/wp-json\/wp\/v2\/categories?post=1645"},{"taxonomy":"post_tag","embeddable":true,"href":"https:\/\/www.castingnews.eu\/magazine\/wp-json\/wp\/v2\/tags?post=1645"}],"curies":[{"name":"wp","href":"https:\/\/api.w.org\/{rel}","templated":true}]}}