{"id":1639,"date":"2016-07-24T10:36:14","date_gmt":"2016-07-24T09:36:14","guid":{"rendered":"http:\/\/www.film-movie.eu\/?p=1639"},"modified":"2016-07-24T10:36:14","modified_gmt":"2016-07-24T09:36:14","slug":"lattesissimo-arrivo-gigi-proietti-ad-est-film-festival","status":"publish","type":"post","link":"https:\/\/www.castingnews.eu\/magazine\/2016\/07\/24\/lattesissimo-arrivo-gigi-proietti-ad-est-film-festival\/","title":{"rendered":"L&#8217;attesissimo arrivo di Gigi Proietti ad Est Film Festival"},"content":{"rendered":"<h4 style=\"text-align: justify;\">Ieri, la seconda giornata del 10\u00b0 Est Film Festival si \u00e8 aperta alla Rocca dei Papi con l\u2019incontro con l\u2019autore della mostra Grandi registi del cinema.<\/h4>\n<p style=\"text-align: justify;\">Dopo l\u2019incontro, il pittore Francesco Ferrari ha fatto da guida al pubblico per tutto il percorso della mostra in uno speciale tour delle Carceri papaline invitando i presenti ad indovinare i titoli dei film, i registi e gli attori protagonisti dei suoi quadri. Sar\u00e0 possibile visitare la mostra fino al 30 luglio, dalle 10 alle 13 e dalle 17 alle 21.<br \/>\nNel pomeriggio la Rocca dei Papi ha accolto il numeroso pubblico di Ciak! Montefiascone, il progetto nato in collaborazione con le associazioni Factotum, Zero a 1000 Onlus e Nuova Democrazia Italiana, giunto alla terza edizione e che ha visto proiettati sul grande schermo 5 cortometraggi ambientati a Montefiascone. Sul palco sono saliti Quinto Ficari, Fabrizio Laurentaci, Giuseppe Perfetti, Mario Zeppa e Alessandro Sega. Ad aggiudicarsi il favore del pubblico \u00e8 stato il cortometraggio Storie di altri mondi di Mario Zeppa.<\/p><div class=\"6d3639e8c6ac292cde400fad8ff8a5b9\" data-index=\"1\" style=\"float: none; margin:10px 0 10px 0; text-align:center;\">\n<script async src=\"\/\/pagead2.googlesyndication.com\/pagead\/js\/adsbygoogle.js\"><\/script>\r\n<!-- Casting Bambini NEW -->\r\n<ins class=\"adsbygoogle\"\r\n     style=\"display:inline-block;width:336px;height:280px\"\r\n     data-ad-client=\"ca-pub-5538097485429833\"\r\n     data-ad-slot=\"5127154445\"><\/ins>\r\n<script>\r\n(adsbygoogle = window.adsbygoogle || []).push({});\r\n<\/script>\n<\/div>\n\n<p style=\"text-align: justify;\">Il pomeriggio si \u00e8 concluso con la consegna della borsa di studio Est Film Festival nelle scuole assegnata da Luigia Melaragni della CNA di Viterbo e Civitavecchia a Valeria Perosillo.<\/p>\n<p style=\"text-align: justify;\">In serata, il ritorno di uno dei registi preferiti dal pubblico di Est Film Festival: Claudio Giovannesi protagonista dell\u2019incontro speciale della 10\u00b0 edizione (che gi\u00e0 aveva vinto il premio del pubblico di Est Film Festival 2009 con la sua opera prima La casa sulle nuvole e l\u2019Arco d\u2019oro \u2013 Premio Gruppo Credito Valtellinese del 2013 con Al\u00ec ha gli occhi azzurri) ha presentato Fiore, unico film italiano presente all\u2019ultima edizione del Festival di Cannes.<\/p>\n<p style=\"text-align: justify;\">La domenica di Est Film Festival sar\u00e0 un lungo omaggio al cinema italiano a partire gi\u00e0 dalla mattinata. Dopo la colazione, alla Rocca dei Papi alle 10.30 ci sar\u00e0, infatti, il concerto per pianoforte del maestro Leonardo Angelini che eseguir\u00e0 una selezione di opere che saranno il preludio alla proiezione di C\u2019eravamo tanto amati, omaggio di Est Film Festival al maestro Ettore Scola.<\/p>\n<p style=\"text-align: justify;\">Nel pomeriggio alle 16:30 presso la Rocca dei Papi, un appuntamento per conoscere pi\u00f9 da vicino la giuria dei lungometraggi in concorso; il presidente della giuria Giampaolo Sodano, oggi produttore d\u2019olio ma con un passato da giornalista, deputato, direttore di Rai2, amministratore delegato della Eagle Pictures e presidente dell\u2019UNDIM, presenter\u00e0 al pubblico gli altri giurati che quest\u2019anno dovranno aggiudicare l\u2019Arco d\u2019Oro \u2013 Premio Gruppo Credito Valtellinese: Fabio Brugnoli (ingegnere del suono), Francesca Brunori (costumista), Claudio Di Mauro (montatore), Ambrogio Lo Giudice (regista), Danilo Maestosi (giornalista e pittore).<\/p>\n<p style=\"text-align: justify;\">A seguire, alle 19:00, un altro omaggio del Festival ad un personaggio del cinema italiano molto amato e scomparso da poco: la proiezione di Pane e Olio, cortometraggio diretto nel 2008 da Giampaolo Sodano che vede Bud Spencer nella sua ultima apparizione sul set.<\/p>\n<p style=\"text-align: justify;\">La sera, alle 21:30 in Piazzale Frigo, l\u2019attesissimo incontro con Gigi Proietti che ricever\u00e0 l\u2019Arco di Platino 2016 \u2013 Premio Italiana Assicurazioni per la sua straordinaria carriera. Seguir\u00e0 la proiezione di Febbre da cavallo (Steno 1976), opera cult del cinema italiano appena restaurata e che quest\u2019anno festeggia i 40 anni dall\u2019uscita in sala.<\/p>\n<p style=\"text-align: justify;\">Per tutte le altre informazioni e il PROGRAMMA COMPLETO: <a href=\"http:\/\/www.estfilmfestival.it\" target=\"_blank\">www.estfilmfestival.it<\/a><\/p>\n\n<div style=\"font-size: 0px; height: 0px; line-height: 0px; margin: 0; padding: 0; clear: both;\"><\/div>","protected":false},"excerpt":{"rendered":"<p>Ieri, la seconda giornata del 10\u00b0 Est Film Festival si \u00e8 aperta alla Rocca dei Papi con l\u2019incontro con l\u2019autore della mostra Grandi registi del cinema. Dopo l\u2019incontro, il pittore Francesco Ferrari ha fatto da guida al pubblico per tutto il percorso della mostra in uno speciale tour delle Carceri papaline invitando i presenti ad [&hellip;]<\/p>\n","protected":false},"author":1,"featured_media":1640,"comment_status":"open","ping_status":"open","sticky":false,"template":"","format":"standard","meta":{"tdm_status":"","tdm_grid_status":"","footnotes":""},"categories":[11,12,71,21],"tags":[348,435,471,514,534,613,1188],"class_list":{"0":"post-1639","1":"post","2":"type-post","3":"status-publish","4":"format-standard","5":"has-post-thumbnail","7":"category-festival","8":"category-film-concorsi","9":"category-italia-paese","10":"category-in-primo-piano","11":"tag-concorso","12":"tag-eff-2016","13":"tag-est-film-festival","14":"tag-festival","15":"tag-film","16":"tag-gigi-proietti","17":"tag-rocca-dei-papi"},"yoast_head":"<!-- This site is optimized with the Yoast SEO plugin v27.4 - https:\/\/yoast.com\/product\/yoast-seo-wordpress\/ -->\r\n<title>L&#039;attesissimo arrivo di Gigi Proietti ad Est Film Festival<\/title>\r\n<meta name=\"description\" content=\"Ieri, la seconda giornata del 10\u00b0 Est Film Festival si \u00e8 aperta alla Rocca dei Papi con l\u2019incontro con l\u2019autore della mostra Grandi registi del cinema.\" \/>\r\n<meta name=\"robots\" content=\"index, follow, max-snippet:-1, max-image-preview:large, max-video-preview:-1\" \/>\r\n<link rel=\"canonical\" href=\"https:\/\/www.castingnews.eu\/magazine\/2016\/07\/24\/lattesissimo-arrivo-gigi-proietti-ad-est-film-festival\/\" \/>\r\n<meta property=\"og:locale\" content=\"it_IT\" \/>\r\n<meta property=\"og:type\" content=\"article\" \/>\r\n<meta property=\"og:title\" content=\"L&#039;attesissimo arrivo di Gigi Proietti ad Est Film Festival\" \/>\r\n<meta property=\"og:description\" content=\"Ieri, la seconda giornata del 10\u00b0 Est Film Festival si \u00e8 aperta alla Rocca dei Papi con l\u2019incontro con l\u2019autore della mostra Grandi registi del cinema.\" \/>\r\n<meta property=\"og:url\" content=\"https:\/\/www.castingnews.eu\/magazine\/2016\/07\/24\/lattesissimo-arrivo-gigi-proietti-ad-est-film-festival\/\" \/>\r\n<meta property=\"og:site_name\" content=\"Casting News Magazine\" \/>\r\n<meta property=\"article:published_time\" content=\"2016-07-24T09:36:14+00:00\" \/>\r\n<meta property=\"og:image\" content=\"https:\/\/www.castingnews.eu\/magazine\/wp-content\/uploads\/2016\/07\/Est-Film-Festival-Gigi-Proietti-1.jpg\" \/>\r\n\t<meta property=\"og:image:width\" content=\"650\" \/>\r\n\t<meta property=\"og:image:height\" content=\"353\" \/>\r\n\t<meta property=\"og:image:type\" content=\"image\/jpeg\" \/>\r\n<meta name=\"author\" content=\"Redazione\" \/>\r\n<meta name=\"twitter:card\" content=\"summary_large_image\" \/>\r\n<meta name=\"twitter:label1\" content=\"Scritto da\" \/>\n\t<meta name=\"twitter:data1\" content=\"Redazione\" \/>\n\t<meta name=\"twitter:label2\" content=\"Tempo di lettura stimato\" \/>\n\t<meta name=\"twitter:data2\" content=\"3 minuti\" \/>\r\n<script type=\"application\/ld+json\" class=\"yoast-schema-graph\">{\"@context\":\"https:\\\/\\\/schema.org\",\"@graph\":[{\"@type\":\"Article\",\"@id\":\"https:\\\/\\\/www.castingnews.eu\\\/magazine\\\/2016\\\/07\\\/24\\\/lattesissimo-arrivo-gigi-proietti-ad-est-film-festival\\\/#article\",\"isPartOf\":{\"@id\":\"https:\\\/\\\/www.castingnews.eu\\\/magazine\\\/2016\\\/07\\\/24\\\/lattesissimo-arrivo-gigi-proietti-ad-est-film-festival\\\/\"},\"author\":{\"name\":\"Redazione\",\"@id\":\"https:\\\/\\\/www.castingnews.eu\\\/magazine\\\/#\\\/schema\\\/person\\\/099d71c568c9a7e5e4037b1594108f17\"},\"headline\":\"L&#8217;attesissimo arrivo di Gigi Proietti ad Est Film Festival\",\"datePublished\":\"2016-07-24T09:36:14+00:00\",\"mainEntityOfPage\":{\"@id\":\"https:\\\/\\\/www.castingnews.eu\\\/magazine\\\/2016\\\/07\\\/24\\\/lattesissimo-arrivo-gigi-proietti-ad-est-film-festival\\\/\"},\"wordCount\":532,\"commentCount\":0,\"image\":{\"@id\":\"https:\\\/\\\/www.castingnews.eu\\\/magazine\\\/2016\\\/07\\\/24\\\/lattesissimo-arrivo-gigi-proietti-ad-est-film-festival\\\/#primaryimage\"},\"thumbnailUrl\":\"https:\\\/\\\/www.castingnews.eu\\\/magazine\\\/wp-content\\\/uploads\\\/2016\\\/07\\\/Est-Film-Festival-Gigi-Proietti-1.jpg\",\"keywords\":[\"Concorso\",\"EFF 2016\",\"Est Film Festival\",\"Festival\",\"Film\",\"Gigi Proietti\",\"Rocca dei Papi\"],\"articleSection\":[\"Festival\",\"Film\",\"Italia\",\"Primo piano\"],\"inLanguage\":\"it-IT\",\"potentialAction\":[{\"@type\":\"CommentAction\",\"name\":\"Comment\",\"target\":[\"https:\\\/\\\/www.castingnews.eu\\\/magazine\\\/2016\\\/07\\\/24\\\/lattesissimo-arrivo-gigi-proietti-ad-est-film-festival\\\/#respond\"]}]},{\"@type\":\"WebPage\",\"@id\":\"https:\\\/\\\/www.castingnews.eu\\\/magazine\\\/2016\\\/07\\\/24\\\/lattesissimo-arrivo-gigi-proietti-ad-est-film-festival\\\/\",\"url\":\"https:\\\/\\\/www.castingnews.eu\\\/magazine\\\/2016\\\/07\\\/24\\\/lattesissimo-arrivo-gigi-proietti-ad-est-film-festival\\\/\",\"name\":\"L'attesissimo arrivo di Gigi Proietti ad Est Film Festival\",\"isPartOf\":{\"@id\":\"https:\\\/\\\/www.castingnews.eu\\\/magazine\\\/#website\"},\"primaryImageOfPage\":{\"@id\":\"https:\\\/\\\/www.castingnews.eu\\\/magazine\\\/2016\\\/07\\\/24\\\/lattesissimo-arrivo-gigi-proietti-ad-est-film-festival\\\/#primaryimage\"},\"image\":{\"@id\":\"https:\\\/\\\/www.castingnews.eu\\\/magazine\\\/2016\\\/07\\\/24\\\/lattesissimo-arrivo-gigi-proietti-ad-est-film-festival\\\/#primaryimage\"},\"thumbnailUrl\":\"https:\\\/\\\/www.castingnews.eu\\\/magazine\\\/wp-content\\\/uploads\\\/2016\\\/07\\\/Est-Film-Festival-Gigi-Proietti-1.jpg\",\"datePublished\":\"2016-07-24T09:36:14+00:00\",\"author\":{\"@id\":\"https:\\\/\\\/www.castingnews.eu\\\/magazine\\\/#\\\/schema\\\/person\\\/099d71c568c9a7e5e4037b1594108f17\"},\"description\":\"Ieri, la seconda giornata del 10\u00b0 Est Film Festival si \u00e8 aperta alla Rocca dei Papi con l\u2019incontro con l\u2019autore della mostra Grandi registi del cinema.\",\"breadcrumb\":{\"@id\":\"https:\\\/\\\/www.castingnews.eu\\\/magazine\\\/2016\\\/07\\\/24\\\/lattesissimo-arrivo-gigi-proietti-ad-est-film-festival\\\/#breadcrumb\"},\"inLanguage\":\"it-IT\",\"potentialAction\":[{\"@type\":\"ReadAction\",\"target\":[\"https:\\\/\\\/www.castingnews.eu\\\/magazine\\\/2016\\\/07\\\/24\\\/lattesissimo-arrivo-gigi-proietti-ad-est-film-festival\\\/\"]}]},{\"@type\":\"ImageObject\",\"inLanguage\":\"it-IT\",\"@id\":\"https:\\\/\\\/www.castingnews.eu\\\/magazine\\\/2016\\\/07\\\/24\\\/lattesissimo-arrivo-gigi-proietti-ad-est-film-festival\\\/#primaryimage\",\"url\":\"https:\\\/\\\/www.castingnews.eu\\\/magazine\\\/wp-content\\\/uploads\\\/2016\\\/07\\\/Est-Film-Festival-Gigi-Proietti-1.jpg\",\"contentUrl\":\"https:\\\/\\\/www.castingnews.eu\\\/magazine\\\/wp-content\\\/uploads\\\/2016\\\/07\\\/Est-Film-Festival-Gigi-Proietti-1.jpg\",\"width\":650,\"height\":353},{\"@type\":\"BreadcrumbList\",\"@id\":\"https:\\\/\\\/www.castingnews.eu\\\/magazine\\\/2016\\\/07\\\/24\\\/lattesissimo-arrivo-gigi-proietti-ad-est-film-festival\\\/#breadcrumb\",\"itemListElement\":[{\"@type\":\"ListItem\",\"position\":1,\"name\":\"Home\",\"item\":\"https:\\\/\\\/www.castingnews.eu\\\/magazine\\\/\"},{\"@type\":\"ListItem\",\"position\":2,\"name\":\"L&#8217;attesissimo arrivo di Gigi Proietti ad Est Film Festival\"}]},{\"@type\":\"WebSite\",\"@id\":\"https:\\\/\\\/www.castingnews.eu\\\/magazine\\\/#website\",\"url\":\"https:\\\/\\\/www.castingnews.eu\\\/magazine\\\/\",\"name\":\"Casting News Magazine\",\"description\":\"News e aggiornamenti sui film, serie tv, teatro e festival italiani ed internazionali\",\"potentialAction\":[{\"@type\":\"SearchAction\",\"target\":{\"@type\":\"EntryPoint\",\"urlTemplate\":\"https:\\\/\\\/www.castingnews.eu\\\/magazine\\\/?s={search_term_string}\"},\"query-input\":{\"@type\":\"PropertyValueSpecification\",\"valueRequired\":true,\"valueName\":\"search_term_string\"}}],\"inLanguage\":\"it-IT\"},{\"@type\":\"Person\",\"@id\":\"https:\\\/\\\/www.castingnews.eu\\\/magazine\\\/#\\\/schema\\\/person\\\/099d71c568c9a7e5e4037b1594108f17\",\"name\":\"Redazione\",\"image\":{\"@type\":\"ImageObject\",\"inLanguage\":\"it-IT\",\"@id\":\"https:\\\/\\\/secure.gravatar.com\\\/avatar\\\/b73a087aa3bd279fb70d24f1960a91c82cf67619395b60b564c90e9e5d5325fc?s=96&d=mm&r=g\",\"url\":\"https:\\\/\\\/secure.gravatar.com\\\/avatar\\\/b73a087aa3bd279fb70d24f1960a91c82cf67619395b60b564c90e9e5d5325fc?s=96&d=mm&r=g\",\"contentUrl\":\"https:\\\/\\\/secure.gravatar.com\\\/avatar\\\/b73a087aa3bd279fb70d24f1960a91c82cf67619395b60b564c90e9e5d5325fc?s=96&d=mm&r=g\",\"caption\":\"Redazione\"},\"description\":\"News e aggiornamenti sui film, serie tv, teatro e festival italiani ed internazionali.\",\"url\":\"https:\\\/\\\/www.castingnews.eu\\\/magazine\\\/author\\\/redazione\\\/\"}]}<\/script>\r\n<!-- \/ Yoast SEO plugin. -->","yoast_head_json":{"title":"L'attesissimo arrivo di Gigi Proietti ad Est Film Festival","description":"Ieri, la seconda giornata del 10\u00b0 Est Film Festival si \u00e8 aperta alla Rocca dei Papi con l\u2019incontro con l\u2019autore della mostra Grandi registi del cinema.","robots":{"index":"index","follow":"follow","max-snippet":"max-snippet:-1","max-image-preview":"max-image-preview:large","max-video-preview":"max-video-preview:-1"},"canonical":"https:\/\/www.castingnews.eu\/magazine\/2016\/07\/24\/lattesissimo-arrivo-gigi-proietti-ad-est-film-festival\/","og_locale":"it_IT","og_type":"article","og_title":"L'attesissimo arrivo di Gigi Proietti ad Est Film Festival","og_description":"Ieri, la seconda giornata del 10\u00b0 Est Film Festival si \u00e8 aperta alla Rocca dei Papi con l\u2019incontro con l\u2019autore della mostra Grandi registi del cinema.","og_url":"https:\/\/www.castingnews.eu\/magazine\/2016\/07\/24\/lattesissimo-arrivo-gigi-proietti-ad-est-film-festival\/","og_site_name":"Casting News Magazine","article_published_time":"2016-07-24T09:36:14+00:00","og_image":[{"width":650,"height":353,"url":"https:\/\/www.castingnews.eu\/magazine\/wp-content\/uploads\/2016\/07\/Est-Film-Festival-Gigi-Proietti-1.jpg","type":"image\/jpeg"}],"author":"Redazione","twitter_card":"summary_large_image","twitter_misc":{"Scritto da":"Redazione","Tempo di lettura stimato":"3 minuti"},"schema":{"@context":"https:\/\/schema.org","@graph":[{"@type":"Article","@id":"https:\/\/www.castingnews.eu\/magazine\/2016\/07\/24\/lattesissimo-arrivo-gigi-proietti-ad-est-film-festival\/#article","isPartOf":{"@id":"https:\/\/www.castingnews.eu\/magazine\/2016\/07\/24\/lattesissimo-arrivo-gigi-proietti-ad-est-film-festival\/"},"author":{"name":"Redazione","@id":"https:\/\/www.castingnews.eu\/magazine\/#\/schema\/person\/099d71c568c9a7e5e4037b1594108f17"},"headline":"L&#8217;attesissimo arrivo di Gigi Proietti ad Est Film Festival","datePublished":"2016-07-24T09:36:14+00:00","mainEntityOfPage":{"@id":"https:\/\/www.castingnews.eu\/magazine\/2016\/07\/24\/lattesissimo-arrivo-gigi-proietti-ad-est-film-festival\/"},"wordCount":532,"commentCount":0,"image":{"@id":"https:\/\/www.castingnews.eu\/magazine\/2016\/07\/24\/lattesissimo-arrivo-gigi-proietti-ad-est-film-festival\/#primaryimage"},"thumbnailUrl":"https:\/\/www.castingnews.eu\/magazine\/wp-content\/uploads\/2016\/07\/Est-Film-Festival-Gigi-Proietti-1.jpg","keywords":["Concorso","EFF 2016","Est Film Festival","Festival","Film","Gigi Proietti","Rocca dei Papi"],"articleSection":["Festival","Film","Italia","Primo piano"],"inLanguage":"it-IT","potentialAction":[{"@type":"CommentAction","name":"Comment","target":["https:\/\/www.castingnews.eu\/magazine\/2016\/07\/24\/lattesissimo-arrivo-gigi-proietti-ad-est-film-festival\/#respond"]}]},{"@type":"WebPage","@id":"https:\/\/www.castingnews.eu\/magazine\/2016\/07\/24\/lattesissimo-arrivo-gigi-proietti-ad-est-film-festival\/","url":"https:\/\/www.castingnews.eu\/magazine\/2016\/07\/24\/lattesissimo-arrivo-gigi-proietti-ad-est-film-festival\/","name":"L'attesissimo arrivo di Gigi Proietti ad Est Film Festival","isPartOf":{"@id":"https:\/\/www.castingnews.eu\/magazine\/#website"},"primaryImageOfPage":{"@id":"https:\/\/www.castingnews.eu\/magazine\/2016\/07\/24\/lattesissimo-arrivo-gigi-proietti-ad-est-film-festival\/#primaryimage"},"image":{"@id":"https:\/\/www.castingnews.eu\/magazine\/2016\/07\/24\/lattesissimo-arrivo-gigi-proietti-ad-est-film-festival\/#primaryimage"},"thumbnailUrl":"https:\/\/www.castingnews.eu\/magazine\/wp-content\/uploads\/2016\/07\/Est-Film-Festival-Gigi-Proietti-1.jpg","datePublished":"2016-07-24T09:36:14+00:00","author":{"@id":"https:\/\/www.castingnews.eu\/magazine\/#\/schema\/person\/099d71c568c9a7e5e4037b1594108f17"},"description":"Ieri, la seconda giornata del 10\u00b0 Est Film Festival si \u00e8 aperta alla Rocca dei Papi con l\u2019incontro con l\u2019autore della mostra Grandi registi del cinema.","breadcrumb":{"@id":"https:\/\/www.castingnews.eu\/magazine\/2016\/07\/24\/lattesissimo-arrivo-gigi-proietti-ad-est-film-festival\/#breadcrumb"},"inLanguage":"it-IT","potentialAction":[{"@type":"ReadAction","target":["https:\/\/www.castingnews.eu\/magazine\/2016\/07\/24\/lattesissimo-arrivo-gigi-proietti-ad-est-film-festival\/"]}]},{"@type":"ImageObject","inLanguage":"it-IT","@id":"https:\/\/www.castingnews.eu\/magazine\/2016\/07\/24\/lattesissimo-arrivo-gigi-proietti-ad-est-film-festival\/#primaryimage","url":"https:\/\/www.castingnews.eu\/magazine\/wp-content\/uploads\/2016\/07\/Est-Film-Festival-Gigi-Proietti-1.jpg","contentUrl":"https:\/\/www.castingnews.eu\/magazine\/wp-content\/uploads\/2016\/07\/Est-Film-Festival-Gigi-Proietti-1.jpg","width":650,"height":353},{"@type":"BreadcrumbList","@id":"https:\/\/www.castingnews.eu\/magazine\/2016\/07\/24\/lattesissimo-arrivo-gigi-proietti-ad-est-film-festival\/#breadcrumb","itemListElement":[{"@type":"ListItem","position":1,"name":"Home","item":"https:\/\/www.castingnews.eu\/magazine\/"},{"@type":"ListItem","position":2,"name":"L&#8217;attesissimo arrivo di Gigi Proietti ad Est Film Festival"}]},{"@type":"WebSite","@id":"https:\/\/www.castingnews.eu\/magazine\/#website","url":"https:\/\/www.castingnews.eu\/magazine\/","name":"Casting News Magazine","description":"News e aggiornamenti sui film, serie tv, teatro e festival italiani ed internazionali","potentialAction":[{"@type":"SearchAction","target":{"@type":"EntryPoint","urlTemplate":"https:\/\/www.castingnews.eu\/magazine\/?s={search_term_string}"},"query-input":{"@type":"PropertyValueSpecification","valueRequired":true,"valueName":"search_term_string"}}],"inLanguage":"it-IT"},{"@type":"Person","@id":"https:\/\/www.castingnews.eu\/magazine\/#\/schema\/person\/099d71c568c9a7e5e4037b1594108f17","name":"Redazione","image":{"@type":"ImageObject","inLanguage":"it-IT","@id":"https:\/\/secure.gravatar.com\/avatar\/b73a087aa3bd279fb70d24f1960a91c82cf67619395b60b564c90e9e5d5325fc?s=96&d=mm&r=g","url":"https:\/\/secure.gravatar.com\/avatar\/b73a087aa3bd279fb70d24f1960a91c82cf67619395b60b564c90e9e5d5325fc?s=96&d=mm&r=g","contentUrl":"https:\/\/secure.gravatar.com\/avatar\/b73a087aa3bd279fb70d24f1960a91c82cf67619395b60b564c90e9e5d5325fc?s=96&d=mm&r=g","caption":"Redazione"},"description":"News e aggiornamenti sui film, serie tv, teatro e festival italiani ed internazionali.","url":"https:\/\/www.castingnews.eu\/magazine\/author\/redazione\/"}]}},"_links":{"self":[{"href":"https:\/\/www.castingnews.eu\/magazine\/wp-json\/wp\/v2\/posts\/1639","targetHints":{"allow":["GET"]}}],"collection":[{"href":"https:\/\/www.castingnews.eu\/magazine\/wp-json\/wp\/v2\/posts"}],"about":[{"href":"https:\/\/www.castingnews.eu\/magazine\/wp-json\/wp\/v2\/types\/post"}],"author":[{"embeddable":true,"href":"https:\/\/www.castingnews.eu\/magazine\/wp-json\/wp\/v2\/users\/1"}],"replies":[{"embeddable":true,"href":"https:\/\/www.castingnews.eu\/magazine\/wp-json\/wp\/v2\/comments?post=1639"}],"version-history":[{"count":0,"href":"https:\/\/www.castingnews.eu\/magazine\/wp-json\/wp\/v2\/posts\/1639\/revisions"}],"wp:featuredmedia":[{"embeddable":true,"href":"https:\/\/www.castingnews.eu\/magazine\/wp-json\/wp\/v2\/media\/1640"}],"wp:attachment":[{"href":"https:\/\/www.castingnews.eu\/magazine\/wp-json\/wp\/v2\/media?parent=1639"}],"wp:term":[{"taxonomy":"category","embeddable":true,"href":"https:\/\/www.castingnews.eu\/magazine\/wp-json\/wp\/v2\/categories?post=1639"},{"taxonomy":"post_tag","embeddable":true,"href":"https:\/\/www.castingnews.eu\/magazine\/wp-json\/wp\/v2\/tags?post=1639"}],"curies":[{"name":"wp","href":"https:\/\/api.w.org\/{rel}","templated":true}]}}