{"id":1581,"date":"2016-05-11T11:47:42","date_gmt":"2016-05-11T10:47:42","guid":{"rendered":"http:\/\/www.film-movie.eu\/?p=1581"},"modified":"2016-05-11T11:47:42","modified_gmt":"2016-05-11T10:47:42","slug":"uscita-la-selezione-ufficiale-dellennesimo-film-festival","status":"publish","type":"post","link":"https:\/\/www.castingnews.eu\/magazine\/2016\/05\/11\/uscita-la-selezione-ufficiale-dellennesimo-film-festival\/","title":{"rendered":"Uscita la selezione ufficiale dell\u2019Ennesimo Film Festival"},"content":{"rendered":"<h4 style=\"text-align: justify;\">Sono stati annunciati oggi i nomi dei 21 finalisti della prima edizione dell\u2019Ennesimo Film Festival che si terr\u00e0 al Teatro Astoria di Fiorano Modenese il 27, 28 e 29 maggio.<br \/>\nTra questi anche il vincitore della scorsa edizione del Festival di Cannes.<\/h4>\n<p style=\"text-align: justify;\"><a href=\"https:\/\/castingnews.eu\/magazine\/wp-content\/uploads\/2016\/05\/Selezione-Ufficiale-Ennesimo-Film-Festival-1.png\"><img loading=\"lazy\" decoding=\"async\" class=\"alignleft wp-image-1583 size-thumbnail\" src=\"http:\/\/www.film-movie.eu\/wp-content\/uploads\/2016\/05\/Selezione-Ufficiale-Ennesimo-Film-Festival-150x150.png\" alt=\"Selezione Ufficiale Ennesimo Film Festival\" width=\"150\" height=\"150\" \/><\/a>\u00abInnanzitutto vogliamo ringraziare tutti gli autori e i registi che hanno speso parte del loro tempo per condividere con noi la loro opera &#8211; spiegano Mirco Marmiroli e Federico Ferrari curatori della kermesse \u2013 in quanto ci hanno permesso di viaggiare per settimane (il minutaggio complessivo dei cortometraggi arrivati per la selezione supera i 16 giorni) intorno al mondo all\u2019interno di numerosi Paesi, tra le tematiche pi\u00f9 disparate.<br \/>\nArrivare a questa rosa di nomi \u00e8 stato particolarmente complesso a causa dell\u2019altissima qualit\u00e0 dei corti arrivati, molti dei quali hanno gi\u00e0 trionfato quest\u2019anno in diversi Festival in giro per il mondo fra cui il Sundance, il Tribeca e addirittura abbiamo in selezione una Palma d\u2019Oro di Cannes. Sinonimo di come il Festival che stiamo lanciando abbia gi\u00e0 riscontrato interesse a livello internazionale. Speriamo che questa selezione possa soddisfare anche il pubblico del Distretto Ceramico che dopo anni pu\u00f2 tornare al cinema a gustarsi la visione di questa forma d\u2019arte cinematografica\u00bb.<\/p><div class=\"6d3639e8c6ac292cde400fad8ff8a5b9\" data-index=\"1\" style=\"float: none; margin:10px 0 10px 0; text-align:center;\">\n<script async src=\"\/\/pagead2.googlesyndication.com\/pagead\/js\/adsbygoogle.js\"><\/script>\r\n<!-- Casting Bambini NEW -->\r\n<ins class=\"adsbygoogle\"\r\n     style=\"display:inline-block;width:336px;height:280px\"\r\n     data-ad-client=\"ca-pub-5538097485429833\"\r\n     data-ad-slot=\"5127154445\"><\/ins>\r\n<script>\r\n(adsbygoogle = window.adsbygoogle || []).push({});\r\n<\/script>\n<\/div>\n\n<p style=\"text-align: justify;\">Ennesima Selezione Ufficiale<br \/>\n1. A tropical Sunday di Fabian Ribezzo<br \/>\n2. Aubade di Mauro Carraro<br \/>\n3. Auguste p\u00eacheur di Ma\u00eblle Ferr\u00e9<br \/>\n4. Barbara di Yannick Privat<br \/>\n5. Cagoule di Jullian Fioriti<br \/>\n6. Denize di Ufuk \u00c7avu\u015f<br \/>\n7. El amor me queda grande di Javier Giner<br \/>\n8. En bout de course di Gianguido Spinelli<br \/>\n9. En Vred Mand di Jannik Dahl Pedersen<br \/>\n10. Ferguson 365 di Christopher Phillips<br \/>\n11. I said I would never talk about politics di Aitor O\u00f1ederra<br \/>\n12. Inside di Sebastien Trahan<br \/>\n13. \u0141a\u0144cuchy Pokarmowe Teren\u00f3w Zalesionych di Maciej Gajewski<br \/>\n14. Leidi di Simon Mesa Soto<br \/>\n15. Les fr\u00e9missements du th\u00e9 di Marc Fouchard<br \/>\n16. Palm rot di Ryan Gillis<br \/>\n17. Que la nuit soit douce di Fr\u00e9d\u00e9ric Recrosio<br \/>\n18. R\u00e9plique di Antoine Giorgini<br \/>\n19. Rien ne va plus di Christoph Daniel &amp; Marc Schmidheiny<br \/>\n20. The auction di Ioakim Mylonas<br \/>\n21. The surgeons di Siar Sedig<br \/>\nPer maggiori informazioni e per rimanere aggiornati sulle novit\u00e0 riguardanti l\u2019Ennesimo Film Festival si rimanda al sito www.ennesimofilmfestival.com e ai canali social correlati facebook.com\/EnnesimoFilmFestival, twitter.com\/ennesimoFF e instagram.com\/ennesimofilmfestival\/<\/p>\n<p style=\"text-align: justify;\">L\u2019ingresso a tutte le proiezioni sar\u00e0 gratuito.<\/p>\n\n<div style=\"font-size: 0px; height: 0px; line-height: 0px; margin: 0; padding: 0; clear: both;\"><\/div>","protected":false},"excerpt":{"rendered":"<p>Sono stati annunciati oggi i nomi dei 21 finalisti della prima edizione dell\u2019Ennesimo Film Festival che si terr\u00e0 al Teatro Astoria di Fiorano Modenese il 27, 28 e 29 maggio. Tra questi anche il vincitore della scorsa edizione del Festival di Cannes. \u00abInnanzitutto vogliamo ringraziare tutti gli autori e i registi che hanno speso parte [&hellip;]<\/p>\n","protected":false},"author":1,"featured_media":1582,"comment_status":"open","ping_status":"open","sticky":false,"template":"","format":"standard","meta":{"tdm_status":"","tdm_grid_status":"","footnotes":""},"categories":[11,21],"tags":[454,514,547,1250,1335],"class_list":{"0":"post-1581","1":"post","2":"type-post","3":"status-publish","4":"format-standard","5":"has-post-thumbnail","7":"category-festival","8":"category-in-primo-piano","9":"tag-ennesimo-film-festival","10":"tag-festival","11":"tag-fiorano-modenese","12":"tag-selezione-ufficiale","13":"tag-teatro-astoria"},"yoast_head":"<!-- This site is optimized with the Yoast SEO plugin v27.4 - https:\/\/yoast.com\/product\/yoast-seo-wordpress\/ -->\r\n<title>Uscita la selezione ufficiale dell\u2019Ennesimo Film Festival<\/title>\r\n<meta name=\"description\" content=\"Sono stati annunciati oggi i nomi dei 21 finalisti della prima edizione dell\u2019Ennesimo Film Festival che si terr\u00e0 il 27, 28 e 29 maggio 2016.\" \/>\r\n<meta name=\"robots\" content=\"index, follow, max-snippet:-1, max-image-preview:large, max-video-preview:-1\" \/>\r\n<link rel=\"canonical\" href=\"https:\/\/www.castingnews.eu\/magazine\/2016\/05\/11\/uscita-la-selezione-ufficiale-dellennesimo-film-festival\/\" \/>\r\n<meta property=\"og:locale\" content=\"it_IT\" \/>\r\n<meta property=\"og:type\" content=\"article\" \/>\r\n<meta property=\"og:title\" content=\"Uscita la selezione ufficiale dell\u2019Ennesimo Film Festival\" \/>\r\n<meta property=\"og:description\" content=\"Sono stati annunciati oggi i nomi dei 21 finalisti della prima edizione dell\u2019Ennesimo Film Festival che si terr\u00e0 il 27, 28 e 29 maggio 2016.\" \/>\r\n<meta property=\"og:url\" content=\"https:\/\/www.castingnews.eu\/magazine\/2016\/05\/11\/uscita-la-selezione-ufficiale-dellennesimo-film-festival\/\" \/>\r\n<meta property=\"og:site_name\" content=\"Casting News Magazine\" \/>\r\n<meta property=\"article:published_time\" content=\"2016-05-11T10:47:42+00:00\" \/>\r\n<meta property=\"og:image\" content=\"https:\/\/www.castingnews.eu\/magazine\/wp-content\/uploads\/2016\/05\/Leidi-Ennesimo-Film-Festival-1.jpg\" \/>\r\n\t<meta property=\"og:image:width\" content=\"650\" \/>\r\n\t<meta property=\"og:image:height\" content=\"422\" \/>\r\n\t<meta property=\"og:image:type\" content=\"image\/jpeg\" \/>\r\n<meta name=\"author\" content=\"Redazione\" \/>\r\n<meta name=\"twitter:card\" content=\"summary_large_image\" \/>\r\n<meta name=\"twitter:label1\" content=\"Scritto da\" \/>\n\t<meta name=\"twitter:data1\" content=\"Redazione\" \/>\n\t<meta name=\"twitter:label2\" content=\"Tempo di lettura stimato\" \/>\n\t<meta name=\"twitter:data2\" content=\"2 minuti\" \/>\r\n<script type=\"application\/ld+json\" class=\"yoast-schema-graph\">{\"@context\":\"https:\\\/\\\/schema.org\",\"@graph\":[{\"@type\":\"Article\",\"@id\":\"https:\\\/\\\/www.castingnews.eu\\\/magazine\\\/2016\\\/05\\\/11\\\/uscita-la-selezione-ufficiale-dellennesimo-film-festival\\\/#article\",\"isPartOf\":{\"@id\":\"https:\\\/\\\/www.castingnews.eu\\\/magazine\\\/2016\\\/05\\\/11\\\/uscita-la-selezione-ufficiale-dellennesimo-film-festival\\\/\"},\"author\":{\"name\":\"Redazione\",\"@id\":\"https:\\\/\\\/www.castingnews.eu\\\/magazine\\\/#\\\/schema\\\/person\\\/099d71c568c9a7e5e4037b1594108f17\"},\"headline\":\"Uscita la selezione ufficiale dell\u2019Ennesimo Film Festival\",\"datePublished\":\"2016-05-11T10:47:42+00:00\",\"mainEntityOfPage\":{\"@id\":\"https:\\\/\\\/www.castingnews.eu\\\/magazine\\\/2016\\\/05\\\/11\\\/uscita-la-selezione-ufficiale-dellennesimo-film-festival\\\/\"},\"wordCount\":388,\"commentCount\":0,\"image\":{\"@id\":\"https:\\\/\\\/www.castingnews.eu\\\/magazine\\\/2016\\\/05\\\/11\\\/uscita-la-selezione-ufficiale-dellennesimo-film-festival\\\/#primaryimage\"},\"thumbnailUrl\":\"https:\\\/\\\/www.castingnews.eu\\\/magazine\\\/wp-content\\\/uploads\\\/2016\\\/05\\\/Leidi-Ennesimo-Film-Festival-1.jpg\",\"keywords\":[\"Ennesimo Film Festival\",\"Festival\",\"Fiorano Modenese\",\"Selezione Ufficiale\",\"Teatro Astoria\"],\"articleSection\":[\"Festival\",\"Primo piano\"],\"inLanguage\":\"it-IT\",\"potentialAction\":[{\"@type\":\"CommentAction\",\"name\":\"Comment\",\"target\":[\"https:\\\/\\\/www.castingnews.eu\\\/magazine\\\/2016\\\/05\\\/11\\\/uscita-la-selezione-ufficiale-dellennesimo-film-festival\\\/#respond\"]}]},{\"@type\":\"WebPage\",\"@id\":\"https:\\\/\\\/www.castingnews.eu\\\/magazine\\\/2016\\\/05\\\/11\\\/uscita-la-selezione-ufficiale-dellennesimo-film-festival\\\/\",\"url\":\"https:\\\/\\\/www.castingnews.eu\\\/magazine\\\/2016\\\/05\\\/11\\\/uscita-la-selezione-ufficiale-dellennesimo-film-festival\\\/\",\"name\":\"Uscita la selezione ufficiale dell\u2019Ennesimo Film Festival\",\"isPartOf\":{\"@id\":\"https:\\\/\\\/www.castingnews.eu\\\/magazine\\\/#website\"},\"primaryImageOfPage\":{\"@id\":\"https:\\\/\\\/www.castingnews.eu\\\/magazine\\\/2016\\\/05\\\/11\\\/uscita-la-selezione-ufficiale-dellennesimo-film-festival\\\/#primaryimage\"},\"image\":{\"@id\":\"https:\\\/\\\/www.castingnews.eu\\\/magazine\\\/2016\\\/05\\\/11\\\/uscita-la-selezione-ufficiale-dellennesimo-film-festival\\\/#primaryimage\"},\"thumbnailUrl\":\"https:\\\/\\\/www.castingnews.eu\\\/magazine\\\/wp-content\\\/uploads\\\/2016\\\/05\\\/Leidi-Ennesimo-Film-Festival-1.jpg\",\"datePublished\":\"2016-05-11T10:47:42+00:00\",\"author\":{\"@id\":\"https:\\\/\\\/www.castingnews.eu\\\/magazine\\\/#\\\/schema\\\/person\\\/099d71c568c9a7e5e4037b1594108f17\"},\"description\":\"Sono stati annunciati oggi i nomi dei 21 finalisti della prima edizione dell\u2019Ennesimo Film Festival che si terr\u00e0 il 27, 28 e 29 maggio 2016.\",\"breadcrumb\":{\"@id\":\"https:\\\/\\\/www.castingnews.eu\\\/magazine\\\/2016\\\/05\\\/11\\\/uscita-la-selezione-ufficiale-dellennesimo-film-festival\\\/#breadcrumb\"},\"inLanguage\":\"it-IT\",\"potentialAction\":[{\"@type\":\"ReadAction\",\"target\":[\"https:\\\/\\\/www.castingnews.eu\\\/magazine\\\/2016\\\/05\\\/11\\\/uscita-la-selezione-ufficiale-dellennesimo-film-festival\\\/\"]}]},{\"@type\":\"ImageObject\",\"inLanguage\":\"it-IT\",\"@id\":\"https:\\\/\\\/www.castingnews.eu\\\/magazine\\\/2016\\\/05\\\/11\\\/uscita-la-selezione-ufficiale-dellennesimo-film-festival\\\/#primaryimage\",\"url\":\"https:\\\/\\\/www.castingnews.eu\\\/magazine\\\/wp-content\\\/uploads\\\/2016\\\/05\\\/Leidi-Ennesimo-Film-Festival-1.jpg\",\"contentUrl\":\"https:\\\/\\\/www.castingnews.eu\\\/magazine\\\/wp-content\\\/uploads\\\/2016\\\/05\\\/Leidi-Ennesimo-Film-Festival-1.jpg\",\"width\":650,\"height\":422},{\"@type\":\"BreadcrumbList\",\"@id\":\"https:\\\/\\\/www.castingnews.eu\\\/magazine\\\/2016\\\/05\\\/11\\\/uscita-la-selezione-ufficiale-dellennesimo-film-festival\\\/#breadcrumb\",\"itemListElement\":[{\"@type\":\"ListItem\",\"position\":1,\"name\":\"Home\",\"item\":\"https:\\\/\\\/www.castingnews.eu\\\/magazine\\\/\"},{\"@type\":\"ListItem\",\"position\":2,\"name\":\"Uscita la selezione ufficiale dell\u2019Ennesimo Film Festival\"}]},{\"@type\":\"WebSite\",\"@id\":\"https:\\\/\\\/www.castingnews.eu\\\/magazine\\\/#website\",\"url\":\"https:\\\/\\\/www.castingnews.eu\\\/magazine\\\/\",\"name\":\"Casting News Magazine\",\"description\":\"News e aggiornamenti sui film, serie tv, teatro e festival italiani ed internazionali\",\"potentialAction\":[{\"@type\":\"SearchAction\",\"target\":{\"@type\":\"EntryPoint\",\"urlTemplate\":\"https:\\\/\\\/www.castingnews.eu\\\/magazine\\\/?s={search_term_string}\"},\"query-input\":{\"@type\":\"PropertyValueSpecification\",\"valueRequired\":true,\"valueName\":\"search_term_string\"}}],\"inLanguage\":\"it-IT\"},{\"@type\":\"Person\",\"@id\":\"https:\\\/\\\/www.castingnews.eu\\\/magazine\\\/#\\\/schema\\\/person\\\/099d71c568c9a7e5e4037b1594108f17\",\"name\":\"Redazione\",\"image\":{\"@type\":\"ImageObject\",\"inLanguage\":\"it-IT\",\"@id\":\"https:\\\/\\\/secure.gravatar.com\\\/avatar\\\/b73a087aa3bd279fb70d24f1960a91c82cf67619395b60b564c90e9e5d5325fc?s=96&d=mm&r=g\",\"url\":\"https:\\\/\\\/secure.gravatar.com\\\/avatar\\\/b73a087aa3bd279fb70d24f1960a91c82cf67619395b60b564c90e9e5d5325fc?s=96&d=mm&r=g\",\"contentUrl\":\"https:\\\/\\\/secure.gravatar.com\\\/avatar\\\/b73a087aa3bd279fb70d24f1960a91c82cf67619395b60b564c90e9e5d5325fc?s=96&d=mm&r=g\",\"caption\":\"Redazione\"},\"description\":\"News e aggiornamenti sui film, serie tv, teatro e festival italiani ed internazionali.\",\"url\":\"https:\\\/\\\/www.castingnews.eu\\\/magazine\\\/author\\\/redazione\\\/\"}]}<\/script>\r\n<!-- \/ Yoast SEO plugin. -->","yoast_head_json":{"title":"Uscita la selezione ufficiale dell\u2019Ennesimo Film Festival","description":"Sono stati annunciati oggi i nomi dei 21 finalisti della prima edizione dell\u2019Ennesimo Film Festival che si terr\u00e0 il 27, 28 e 29 maggio 2016.","robots":{"index":"index","follow":"follow","max-snippet":"max-snippet:-1","max-image-preview":"max-image-preview:large","max-video-preview":"max-video-preview:-1"},"canonical":"https:\/\/www.castingnews.eu\/magazine\/2016\/05\/11\/uscita-la-selezione-ufficiale-dellennesimo-film-festival\/","og_locale":"it_IT","og_type":"article","og_title":"Uscita la selezione ufficiale dell\u2019Ennesimo Film Festival","og_description":"Sono stati annunciati oggi i nomi dei 21 finalisti della prima edizione dell\u2019Ennesimo Film Festival che si terr\u00e0 il 27, 28 e 29 maggio 2016.","og_url":"https:\/\/www.castingnews.eu\/magazine\/2016\/05\/11\/uscita-la-selezione-ufficiale-dellennesimo-film-festival\/","og_site_name":"Casting News Magazine","article_published_time":"2016-05-11T10:47:42+00:00","og_image":[{"width":650,"height":422,"url":"https:\/\/www.castingnews.eu\/magazine\/wp-content\/uploads\/2016\/05\/Leidi-Ennesimo-Film-Festival-1.jpg","type":"image\/jpeg"}],"author":"Redazione","twitter_card":"summary_large_image","twitter_misc":{"Scritto da":"Redazione","Tempo di lettura stimato":"2 minuti"},"schema":{"@context":"https:\/\/schema.org","@graph":[{"@type":"Article","@id":"https:\/\/www.castingnews.eu\/magazine\/2016\/05\/11\/uscita-la-selezione-ufficiale-dellennesimo-film-festival\/#article","isPartOf":{"@id":"https:\/\/www.castingnews.eu\/magazine\/2016\/05\/11\/uscita-la-selezione-ufficiale-dellennesimo-film-festival\/"},"author":{"name":"Redazione","@id":"https:\/\/www.castingnews.eu\/magazine\/#\/schema\/person\/099d71c568c9a7e5e4037b1594108f17"},"headline":"Uscita la selezione ufficiale dell\u2019Ennesimo Film Festival","datePublished":"2016-05-11T10:47:42+00:00","mainEntityOfPage":{"@id":"https:\/\/www.castingnews.eu\/magazine\/2016\/05\/11\/uscita-la-selezione-ufficiale-dellennesimo-film-festival\/"},"wordCount":388,"commentCount":0,"image":{"@id":"https:\/\/www.castingnews.eu\/magazine\/2016\/05\/11\/uscita-la-selezione-ufficiale-dellennesimo-film-festival\/#primaryimage"},"thumbnailUrl":"https:\/\/www.castingnews.eu\/magazine\/wp-content\/uploads\/2016\/05\/Leidi-Ennesimo-Film-Festival-1.jpg","keywords":["Ennesimo Film Festival","Festival","Fiorano Modenese","Selezione Ufficiale","Teatro Astoria"],"articleSection":["Festival","Primo piano"],"inLanguage":"it-IT","potentialAction":[{"@type":"CommentAction","name":"Comment","target":["https:\/\/www.castingnews.eu\/magazine\/2016\/05\/11\/uscita-la-selezione-ufficiale-dellennesimo-film-festival\/#respond"]}]},{"@type":"WebPage","@id":"https:\/\/www.castingnews.eu\/magazine\/2016\/05\/11\/uscita-la-selezione-ufficiale-dellennesimo-film-festival\/","url":"https:\/\/www.castingnews.eu\/magazine\/2016\/05\/11\/uscita-la-selezione-ufficiale-dellennesimo-film-festival\/","name":"Uscita la selezione ufficiale dell\u2019Ennesimo Film Festival","isPartOf":{"@id":"https:\/\/www.castingnews.eu\/magazine\/#website"},"primaryImageOfPage":{"@id":"https:\/\/www.castingnews.eu\/magazine\/2016\/05\/11\/uscita-la-selezione-ufficiale-dellennesimo-film-festival\/#primaryimage"},"image":{"@id":"https:\/\/www.castingnews.eu\/magazine\/2016\/05\/11\/uscita-la-selezione-ufficiale-dellennesimo-film-festival\/#primaryimage"},"thumbnailUrl":"https:\/\/www.castingnews.eu\/magazine\/wp-content\/uploads\/2016\/05\/Leidi-Ennesimo-Film-Festival-1.jpg","datePublished":"2016-05-11T10:47:42+00:00","author":{"@id":"https:\/\/www.castingnews.eu\/magazine\/#\/schema\/person\/099d71c568c9a7e5e4037b1594108f17"},"description":"Sono stati annunciati oggi i nomi dei 21 finalisti della prima edizione dell\u2019Ennesimo Film Festival che si terr\u00e0 il 27, 28 e 29 maggio 2016.","breadcrumb":{"@id":"https:\/\/www.castingnews.eu\/magazine\/2016\/05\/11\/uscita-la-selezione-ufficiale-dellennesimo-film-festival\/#breadcrumb"},"inLanguage":"it-IT","potentialAction":[{"@type":"ReadAction","target":["https:\/\/www.castingnews.eu\/magazine\/2016\/05\/11\/uscita-la-selezione-ufficiale-dellennesimo-film-festival\/"]}]},{"@type":"ImageObject","inLanguage":"it-IT","@id":"https:\/\/www.castingnews.eu\/magazine\/2016\/05\/11\/uscita-la-selezione-ufficiale-dellennesimo-film-festival\/#primaryimage","url":"https:\/\/www.castingnews.eu\/magazine\/wp-content\/uploads\/2016\/05\/Leidi-Ennesimo-Film-Festival-1.jpg","contentUrl":"https:\/\/www.castingnews.eu\/magazine\/wp-content\/uploads\/2016\/05\/Leidi-Ennesimo-Film-Festival-1.jpg","width":650,"height":422},{"@type":"BreadcrumbList","@id":"https:\/\/www.castingnews.eu\/magazine\/2016\/05\/11\/uscita-la-selezione-ufficiale-dellennesimo-film-festival\/#breadcrumb","itemListElement":[{"@type":"ListItem","position":1,"name":"Home","item":"https:\/\/www.castingnews.eu\/magazine\/"},{"@type":"ListItem","position":2,"name":"Uscita la selezione ufficiale dell\u2019Ennesimo Film Festival"}]},{"@type":"WebSite","@id":"https:\/\/www.castingnews.eu\/magazine\/#website","url":"https:\/\/www.castingnews.eu\/magazine\/","name":"Casting News Magazine","description":"News e aggiornamenti sui film, serie tv, teatro e festival italiani ed internazionali","potentialAction":[{"@type":"SearchAction","target":{"@type":"EntryPoint","urlTemplate":"https:\/\/www.castingnews.eu\/magazine\/?s={search_term_string}"},"query-input":{"@type":"PropertyValueSpecification","valueRequired":true,"valueName":"search_term_string"}}],"inLanguage":"it-IT"},{"@type":"Person","@id":"https:\/\/www.castingnews.eu\/magazine\/#\/schema\/person\/099d71c568c9a7e5e4037b1594108f17","name":"Redazione","image":{"@type":"ImageObject","inLanguage":"it-IT","@id":"https:\/\/secure.gravatar.com\/avatar\/b73a087aa3bd279fb70d24f1960a91c82cf67619395b60b564c90e9e5d5325fc?s=96&d=mm&r=g","url":"https:\/\/secure.gravatar.com\/avatar\/b73a087aa3bd279fb70d24f1960a91c82cf67619395b60b564c90e9e5d5325fc?s=96&d=mm&r=g","contentUrl":"https:\/\/secure.gravatar.com\/avatar\/b73a087aa3bd279fb70d24f1960a91c82cf67619395b60b564c90e9e5d5325fc?s=96&d=mm&r=g","caption":"Redazione"},"description":"News e aggiornamenti sui film, serie tv, teatro e festival italiani ed internazionali.","url":"https:\/\/www.castingnews.eu\/magazine\/author\/redazione\/"}]}},"_links":{"self":[{"href":"https:\/\/www.castingnews.eu\/magazine\/wp-json\/wp\/v2\/posts\/1581","targetHints":{"allow":["GET"]}}],"collection":[{"href":"https:\/\/www.castingnews.eu\/magazine\/wp-json\/wp\/v2\/posts"}],"about":[{"href":"https:\/\/www.castingnews.eu\/magazine\/wp-json\/wp\/v2\/types\/post"}],"author":[{"embeddable":true,"href":"https:\/\/www.castingnews.eu\/magazine\/wp-json\/wp\/v2\/users\/1"}],"replies":[{"embeddable":true,"href":"https:\/\/www.castingnews.eu\/magazine\/wp-json\/wp\/v2\/comments?post=1581"}],"version-history":[{"count":0,"href":"https:\/\/www.castingnews.eu\/magazine\/wp-json\/wp\/v2\/posts\/1581\/revisions"}],"wp:featuredmedia":[{"embeddable":true,"href":"https:\/\/www.castingnews.eu\/magazine\/wp-json\/wp\/v2\/media\/1582"}],"wp:attachment":[{"href":"https:\/\/www.castingnews.eu\/magazine\/wp-json\/wp\/v2\/media?parent=1581"}],"wp:term":[{"taxonomy":"category","embeddable":true,"href":"https:\/\/www.castingnews.eu\/magazine\/wp-json\/wp\/v2\/categories?post=1581"},{"taxonomy":"post_tag","embeddable":true,"href":"https:\/\/www.castingnews.eu\/magazine\/wp-json\/wp\/v2\/tags?post=1581"}],"curies":[{"name":"wp","href":"https:\/\/api.w.org\/{rel}","templated":true}]}}