{"id":1549,"date":"2016-05-10T10:55:12","date_gmt":"2016-05-10T09:55:12","guid":{"rendered":"http:\/\/www.film-movie.eu\/?p=1549"},"modified":"2016-05-10T10:55:12","modified_gmt":"2016-05-10T09:55:12","slug":"si-vis-pacem-para-bellum-un-film-stefano-calvagna","status":"publish","type":"post","link":"https:\/\/www.castingnews.eu\/magazine\/2016\/05\/10\/si-vis-pacem-para-bellum-un-film-stefano-calvagna\/","title":{"rendered":"SI VIS PACEM PARA BELLUM &#8211; Un film di Stefano Calvagna"},"content":{"rendered":"<h4 style=\"text-align: justify;\">Con Stefano Calvagna, Francesca Fiume, Massimo Bonetti, Giulia Anchisi, Andrea Cocco, Emanuele Cerman, Lucia Batassa. Nelle sale dal 18 maggio 2016.<\/h4>\n<p style=\"text-align: justify;\">Stefano \u00e8 un \u201cragazzo di strada\u201d. \u00c8 un uomo solitario, lavora come buttafuori in una discoteca, non frequenta amici o parenti.Gira spesso Roma in moto e ama il cibo cinese. Proprio questa sua passione per il cibo cinese lo porter\u00e0 a conoscer\u00e0 Lee Ang, una ragazza che lavora come cameriera nel ristorante di famiglia.<\/p><div class=\"6d3639e8c6ac292cde400fad8ff8a5b9\" data-index=\"1\" style=\"float: none; margin:10px 0 10px 0; text-align:center;\">\n<script async src=\"\/\/pagead2.googlesyndication.com\/pagead\/js\/adsbygoogle.js\"><\/script>\r\n<!-- Casting Bambini NEW -->\r\n<ins class=\"adsbygoogle\"\r\n     style=\"display:inline-block;width:336px;height:280px\"\r\n     data-ad-client=\"ca-pub-5538097485429833\"\r\n     data-ad-slot=\"5127154445\"><\/ins>\r\n<script>\r\n(adsbygoogle = window.adsbygoogle || []).push({});\r\n<\/script>\n<\/div>\n\n<p style=\"text-align: justify;\">I due iniziano a frequentarsi, nonostante il padre della ragazza non voglia che la figlia esca con ragazzi italiani. L\u2019uomo si innamora sinceramente di Lee Ang e questo lo spinge a pensare alla sua vita, a cambiare il suo futuro. Decide di proporre a Lee Ang di partire insieme, di riportarla in Cina e vivere insieme una nuova esistenza.<\/p>\n<p style=\"text-align: justify;\">La ragazza, prigioniera delle regole severe della propria famiglia, \u00e8 felice della proposta ma anche rest\u00eca, perch\u00e9, nonostante le sofferenze, infondo le dispiacerebbe abbandonare i genitori. Tuttavia, l\u2019amore per Stefano supera questo macigno e la ragazza accetta la proposta dell\u2019uomo.<\/p>\n<p style=\"text-align: justify;\">Prima di imbarcarsi, i due scopriranno che il padre di Lee Ang \u00e8 coinvolto in giri loschi e la ragazza, spaventata, \u00e8 sempre pi\u00f9 convinta di voler sparire dalla sua famiglia di origine.<\/p>\n<p style=\"text-align: justify;\"><strong>SI VIS PACEM PARA BELLUM &#8211; TRAILER<\/strong><br \/>\n<iframe loading=\"lazy\" src=\"https:\/\/www.youtube.com\/embed\/ehLii4NUsy0\" width=\"560\" height=\"315\" frameborder=\"0\" allowfullscreen=\"allowfullscreen\"><\/iframe><\/p>\n\n<div style=\"font-size: 0px; height: 0px; line-height: 0px; margin: 0; padding: 0; clear: both;\"><\/div>","protected":false},"excerpt":{"rendered":"<p>Con Stefano Calvagna, Francesca Fiume, Massimo Bonetti, Giulia Anchisi, Andrea Cocco, Emanuele Cerman, Lucia Batassa. Nelle sale dal 18 maggio 2016. Stefano \u00e8 un \u201cragazzo di strada\u201d. \u00c8 un uomo solitario, lavora come buttafuori in una discoteca, non frequenta amici o parenti.Gira spesso Roma in moto e ama il cibo cinese. Proprio questa sua passione [&hellip;]<\/p>\n","protected":false},"author":1,"featured_media":1550,"comment_status":"open","ping_status":"open","sticky":false,"template":"","format":"standard","meta":{"tdm_status":"","tdm_grid_status":"","footnotes":""},"categories":[21,30],"tags":[121,447,534,566,626,820,891,1268,1303],"class_list":{"0":"post-1549","1":"post","2":"type-post","3":"status-publish","4":"format-standard","5":"has-post-thumbnail","7":"category-in-primo-piano","8":"category-progetti-cinematografici","9":"tag-andrea-cocco","10":"tag-emanuele-cerman","11":"tag-film","12":"tag-francesca-fiume","13":"tag-giulia-anchisi","14":"tag-lucia-batassa","15":"tag-massimo-bonetti","16":"tag-si-vis-pacem-para-bellum","17":"tag-stefano-calvagna"},"yoast_head":"<!-- This site is optimized with the Yoast SEO plugin v27.4 - https:\/\/yoast.com\/product\/yoast-seo-wordpress\/ -->\r\n<title>SI VIS PACEM PARA BELLUM - Un film di Stefano Calvagna<\/title>\r\n<meta name=\"description\" content=\"Con Stefano Calvagna, Francesca Fiume, Massimo Bonetti, Giulia Anchisi, Andrea Cocco, Emanuele Cerman, Lucia Batassa. Nelle sale dal 18 maggio 2016.\" \/>\r\n<meta name=\"robots\" content=\"index, follow, max-snippet:-1, max-image-preview:large, max-video-preview:-1\" \/>\r\n<link rel=\"canonical\" href=\"https:\/\/www.castingnews.eu\/magazine\/2016\/05\/10\/si-vis-pacem-para-bellum-un-film-stefano-calvagna\/\" \/>\r\n<meta property=\"og:locale\" content=\"it_IT\" \/>\r\n<meta property=\"og:type\" content=\"article\" \/>\r\n<meta property=\"og:title\" content=\"SI VIS PACEM PARA BELLUM - Un film di Stefano Calvagna\" \/>\r\n<meta property=\"og:description\" content=\"Con Stefano Calvagna, Francesca Fiume, Massimo Bonetti, Giulia Anchisi, Andrea Cocco, Emanuele Cerman, Lucia Batassa. Nelle sale dal 18 maggio 2016.\" \/>\r\n<meta property=\"og:url\" content=\"https:\/\/www.castingnews.eu\/magazine\/2016\/05\/10\/si-vis-pacem-para-bellum-un-film-stefano-calvagna\/\" \/>\r\n<meta property=\"og:site_name\" content=\"Casting News Magazine\" \/>\r\n<meta property=\"article:published_time\" content=\"2016-05-10T09:55:12+00:00\" \/>\r\n<meta property=\"og:image\" content=\"https:\/\/www.castingnews.eu\/magazine\/wp-content\/uploads\/2016\/05\/SI-VIS-PACEM-PARA-BELLUM-1.jpg\" \/>\r\n\t<meta property=\"og:image:width\" content=\"660\" \/>\r\n\t<meta property=\"og:image:height\" content=\"434\" \/>\r\n\t<meta property=\"og:image:type\" content=\"image\/jpeg\" \/>\r\n<meta name=\"author\" content=\"Redazione\" \/>\r\n<meta name=\"twitter:card\" content=\"summary_large_image\" \/>\r\n<meta name=\"twitter:label1\" content=\"Scritto da\" \/>\n\t<meta name=\"twitter:data1\" content=\"Redazione\" \/>\n\t<meta name=\"twitter:label2\" content=\"Tempo di lettura stimato\" \/>\n\t<meta name=\"twitter:data2\" content=\"1 minuto\" \/>\r\n<script type=\"application\/ld+json\" class=\"yoast-schema-graph\">{\"@context\":\"https:\\\/\\\/schema.org\",\"@graph\":[{\"@type\":\"Article\",\"@id\":\"https:\\\/\\\/www.castingnews.eu\\\/magazine\\\/2016\\\/05\\\/10\\\/si-vis-pacem-para-bellum-un-film-stefano-calvagna\\\/#article\",\"isPartOf\":{\"@id\":\"https:\\\/\\\/www.castingnews.eu\\\/magazine\\\/2016\\\/05\\\/10\\\/si-vis-pacem-para-bellum-un-film-stefano-calvagna\\\/\"},\"author\":{\"name\":\"Redazione\",\"@id\":\"https:\\\/\\\/www.castingnews.eu\\\/magazine\\\/#\\\/schema\\\/person\\\/099d71c568c9a7e5e4037b1594108f17\"},\"headline\":\"SI VIS PACEM PARA BELLUM &#8211; Un film di Stefano Calvagna\",\"datePublished\":\"2016-05-10T09:55:12+00:00\",\"mainEntityOfPage\":{\"@id\":\"https:\\\/\\\/www.castingnews.eu\\\/magazine\\\/2016\\\/05\\\/10\\\/si-vis-pacem-para-bellum-un-film-stefano-calvagna\\\/\"},\"wordCount\":223,\"commentCount\":0,\"image\":{\"@id\":\"https:\\\/\\\/www.castingnews.eu\\\/magazine\\\/2016\\\/05\\\/10\\\/si-vis-pacem-para-bellum-un-film-stefano-calvagna\\\/#primaryimage\"},\"thumbnailUrl\":\"https:\\\/\\\/www.castingnews.eu\\\/magazine\\\/wp-content\\\/uploads\\\/2016\\\/05\\\/SI-VIS-PACEM-PARA-BELLUM-1.jpg\",\"keywords\":[\"Andrea Cocco\",\"Emanuele Cerman\",\"Film\",\"Francesca Fiume\",\"Giulia Anchisi\",\"Lucia Batassa\",\"Massimo Bonetti\",\"SI VIS PACEM PARA BELLUM\",\"Stefano Calvagna\"],\"articleSection\":[\"Primo piano\",\"Progetti cinematografici\"],\"inLanguage\":\"it-IT\",\"potentialAction\":[{\"@type\":\"CommentAction\",\"name\":\"Comment\",\"target\":[\"https:\\\/\\\/www.castingnews.eu\\\/magazine\\\/2016\\\/05\\\/10\\\/si-vis-pacem-para-bellum-un-film-stefano-calvagna\\\/#respond\"]}]},{\"@type\":\"WebPage\",\"@id\":\"https:\\\/\\\/www.castingnews.eu\\\/magazine\\\/2016\\\/05\\\/10\\\/si-vis-pacem-para-bellum-un-film-stefano-calvagna\\\/\",\"url\":\"https:\\\/\\\/www.castingnews.eu\\\/magazine\\\/2016\\\/05\\\/10\\\/si-vis-pacem-para-bellum-un-film-stefano-calvagna\\\/\",\"name\":\"SI VIS PACEM PARA BELLUM - Un film di Stefano Calvagna\",\"isPartOf\":{\"@id\":\"https:\\\/\\\/www.castingnews.eu\\\/magazine\\\/#website\"},\"primaryImageOfPage\":{\"@id\":\"https:\\\/\\\/www.castingnews.eu\\\/magazine\\\/2016\\\/05\\\/10\\\/si-vis-pacem-para-bellum-un-film-stefano-calvagna\\\/#primaryimage\"},\"image\":{\"@id\":\"https:\\\/\\\/www.castingnews.eu\\\/magazine\\\/2016\\\/05\\\/10\\\/si-vis-pacem-para-bellum-un-film-stefano-calvagna\\\/#primaryimage\"},\"thumbnailUrl\":\"https:\\\/\\\/www.castingnews.eu\\\/magazine\\\/wp-content\\\/uploads\\\/2016\\\/05\\\/SI-VIS-PACEM-PARA-BELLUM-1.jpg\",\"datePublished\":\"2016-05-10T09:55:12+00:00\",\"author\":{\"@id\":\"https:\\\/\\\/www.castingnews.eu\\\/magazine\\\/#\\\/schema\\\/person\\\/099d71c568c9a7e5e4037b1594108f17\"},\"description\":\"Con Stefano Calvagna, Francesca Fiume, Massimo Bonetti, Giulia Anchisi, Andrea Cocco, Emanuele Cerman, Lucia Batassa. Nelle sale dal 18 maggio 2016.\",\"breadcrumb\":{\"@id\":\"https:\\\/\\\/www.castingnews.eu\\\/magazine\\\/2016\\\/05\\\/10\\\/si-vis-pacem-para-bellum-un-film-stefano-calvagna\\\/#breadcrumb\"},\"inLanguage\":\"it-IT\",\"potentialAction\":[{\"@type\":\"ReadAction\",\"target\":[\"https:\\\/\\\/www.castingnews.eu\\\/magazine\\\/2016\\\/05\\\/10\\\/si-vis-pacem-para-bellum-un-film-stefano-calvagna\\\/\"]}]},{\"@type\":\"ImageObject\",\"inLanguage\":\"it-IT\",\"@id\":\"https:\\\/\\\/www.castingnews.eu\\\/magazine\\\/2016\\\/05\\\/10\\\/si-vis-pacem-para-bellum-un-film-stefano-calvagna\\\/#primaryimage\",\"url\":\"https:\\\/\\\/www.castingnews.eu\\\/magazine\\\/wp-content\\\/uploads\\\/2016\\\/05\\\/SI-VIS-PACEM-PARA-BELLUM-1.jpg\",\"contentUrl\":\"https:\\\/\\\/www.castingnews.eu\\\/magazine\\\/wp-content\\\/uploads\\\/2016\\\/05\\\/SI-VIS-PACEM-PARA-BELLUM-1.jpg\",\"width\":660,\"height\":434},{\"@type\":\"BreadcrumbList\",\"@id\":\"https:\\\/\\\/www.castingnews.eu\\\/magazine\\\/2016\\\/05\\\/10\\\/si-vis-pacem-para-bellum-un-film-stefano-calvagna\\\/#breadcrumb\",\"itemListElement\":[{\"@type\":\"ListItem\",\"position\":1,\"name\":\"Home\",\"item\":\"https:\\\/\\\/www.castingnews.eu\\\/magazine\\\/\"},{\"@type\":\"ListItem\",\"position\":2,\"name\":\"SI VIS PACEM PARA BELLUM &#8211; Un film di Stefano Calvagna\"}]},{\"@type\":\"WebSite\",\"@id\":\"https:\\\/\\\/www.castingnews.eu\\\/magazine\\\/#website\",\"url\":\"https:\\\/\\\/www.castingnews.eu\\\/magazine\\\/\",\"name\":\"Casting News Magazine\",\"description\":\"News e aggiornamenti sui film, serie tv, teatro e festival italiani ed internazionali\",\"potentialAction\":[{\"@type\":\"SearchAction\",\"target\":{\"@type\":\"EntryPoint\",\"urlTemplate\":\"https:\\\/\\\/www.castingnews.eu\\\/magazine\\\/?s={search_term_string}\"},\"query-input\":{\"@type\":\"PropertyValueSpecification\",\"valueRequired\":true,\"valueName\":\"search_term_string\"}}],\"inLanguage\":\"it-IT\"},{\"@type\":\"Person\",\"@id\":\"https:\\\/\\\/www.castingnews.eu\\\/magazine\\\/#\\\/schema\\\/person\\\/099d71c568c9a7e5e4037b1594108f17\",\"name\":\"Redazione\",\"image\":{\"@type\":\"ImageObject\",\"inLanguage\":\"it-IT\",\"@id\":\"https:\\\/\\\/secure.gravatar.com\\\/avatar\\\/b73a087aa3bd279fb70d24f1960a91c82cf67619395b60b564c90e9e5d5325fc?s=96&d=mm&r=g\",\"url\":\"https:\\\/\\\/secure.gravatar.com\\\/avatar\\\/b73a087aa3bd279fb70d24f1960a91c82cf67619395b60b564c90e9e5d5325fc?s=96&d=mm&r=g\",\"contentUrl\":\"https:\\\/\\\/secure.gravatar.com\\\/avatar\\\/b73a087aa3bd279fb70d24f1960a91c82cf67619395b60b564c90e9e5d5325fc?s=96&d=mm&r=g\",\"caption\":\"Redazione\"},\"description\":\"News e aggiornamenti sui film, serie tv, teatro e festival italiani ed internazionali.\",\"url\":\"https:\\\/\\\/www.castingnews.eu\\\/magazine\\\/author\\\/redazione\\\/\"}]}<\/script>\r\n<!-- \/ Yoast SEO plugin. -->","yoast_head_json":{"title":"SI VIS PACEM PARA BELLUM - Un film di Stefano Calvagna","description":"Con Stefano Calvagna, Francesca Fiume, Massimo Bonetti, Giulia Anchisi, Andrea Cocco, Emanuele Cerman, Lucia Batassa. Nelle sale dal 18 maggio 2016.","robots":{"index":"index","follow":"follow","max-snippet":"max-snippet:-1","max-image-preview":"max-image-preview:large","max-video-preview":"max-video-preview:-1"},"canonical":"https:\/\/www.castingnews.eu\/magazine\/2016\/05\/10\/si-vis-pacem-para-bellum-un-film-stefano-calvagna\/","og_locale":"it_IT","og_type":"article","og_title":"SI VIS PACEM PARA BELLUM - Un film di Stefano Calvagna","og_description":"Con Stefano Calvagna, Francesca Fiume, Massimo Bonetti, Giulia Anchisi, Andrea Cocco, Emanuele Cerman, Lucia Batassa. Nelle sale dal 18 maggio 2016.","og_url":"https:\/\/www.castingnews.eu\/magazine\/2016\/05\/10\/si-vis-pacem-para-bellum-un-film-stefano-calvagna\/","og_site_name":"Casting News Magazine","article_published_time":"2016-05-10T09:55:12+00:00","og_image":[{"width":660,"height":434,"url":"https:\/\/www.castingnews.eu\/magazine\/wp-content\/uploads\/2016\/05\/SI-VIS-PACEM-PARA-BELLUM-1.jpg","type":"image\/jpeg"}],"author":"Redazione","twitter_card":"summary_large_image","twitter_misc":{"Scritto da":"Redazione","Tempo di lettura stimato":"1 minuto"},"schema":{"@context":"https:\/\/schema.org","@graph":[{"@type":"Article","@id":"https:\/\/www.castingnews.eu\/magazine\/2016\/05\/10\/si-vis-pacem-para-bellum-un-film-stefano-calvagna\/#article","isPartOf":{"@id":"https:\/\/www.castingnews.eu\/magazine\/2016\/05\/10\/si-vis-pacem-para-bellum-un-film-stefano-calvagna\/"},"author":{"name":"Redazione","@id":"https:\/\/www.castingnews.eu\/magazine\/#\/schema\/person\/099d71c568c9a7e5e4037b1594108f17"},"headline":"SI VIS PACEM PARA BELLUM &#8211; Un film di Stefano Calvagna","datePublished":"2016-05-10T09:55:12+00:00","mainEntityOfPage":{"@id":"https:\/\/www.castingnews.eu\/magazine\/2016\/05\/10\/si-vis-pacem-para-bellum-un-film-stefano-calvagna\/"},"wordCount":223,"commentCount":0,"image":{"@id":"https:\/\/www.castingnews.eu\/magazine\/2016\/05\/10\/si-vis-pacem-para-bellum-un-film-stefano-calvagna\/#primaryimage"},"thumbnailUrl":"https:\/\/www.castingnews.eu\/magazine\/wp-content\/uploads\/2016\/05\/SI-VIS-PACEM-PARA-BELLUM-1.jpg","keywords":["Andrea Cocco","Emanuele Cerman","Film","Francesca Fiume","Giulia Anchisi","Lucia Batassa","Massimo Bonetti","SI VIS PACEM PARA BELLUM","Stefano Calvagna"],"articleSection":["Primo piano","Progetti cinematografici"],"inLanguage":"it-IT","potentialAction":[{"@type":"CommentAction","name":"Comment","target":["https:\/\/www.castingnews.eu\/magazine\/2016\/05\/10\/si-vis-pacem-para-bellum-un-film-stefano-calvagna\/#respond"]}]},{"@type":"WebPage","@id":"https:\/\/www.castingnews.eu\/magazine\/2016\/05\/10\/si-vis-pacem-para-bellum-un-film-stefano-calvagna\/","url":"https:\/\/www.castingnews.eu\/magazine\/2016\/05\/10\/si-vis-pacem-para-bellum-un-film-stefano-calvagna\/","name":"SI VIS PACEM PARA BELLUM - Un film di Stefano Calvagna","isPartOf":{"@id":"https:\/\/www.castingnews.eu\/magazine\/#website"},"primaryImageOfPage":{"@id":"https:\/\/www.castingnews.eu\/magazine\/2016\/05\/10\/si-vis-pacem-para-bellum-un-film-stefano-calvagna\/#primaryimage"},"image":{"@id":"https:\/\/www.castingnews.eu\/magazine\/2016\/05\/10\/si-vis-pacem-para-bellum-un-film-stefano-calvagna\/#primaryimage"},"thumbnailUrl":"https:\/\/www.castingnews.eu\/magazine\/wp-content\/uploads\/2016\/05\/SI-VIS-PACEM-PARA-BELLUM-1.jpg","datePublished":"2016-05-10T09:55:12+00:00","author":{"@id":"https:\/\/www.castingnews.eu\/magazine\/#\/schema\/person\/099d71c568c9a7e5e4037b1594108f17"},"description":"Con Stefano Calvagna, Francesca Fiume, Massimo Bonetti, Giulia Anchisi, Andrea Cocco, Emanuele Cerman, Lucia Batassa. Nelle sale dal 18 maggio 2016.","breadcrumb":{"@id":"https:\/\/www.castingnews.eu\/magazine\/2016\/05\/10\/si-vis-pacem-para-bellum-un-film-stefano-calvagna\/#breadcrumb"},"inLanguage":"it-IT","potentialAction":[{"@type":"ReadAction","target":["https:\/\/www.castingnews.eu\/magazine\/2016\/05\/10\/si-vis-pacem-para-bellum-un-film-stefano-calvagna\/"]}]},{"@type":"ImageObject","inLanguage":"it-IT","@id":"https:\/\/www.castingnews.eu\/magazine\/2016\/05\/10\/si-vis-pacem-para-bellum-un-film-stefano-calvagna\/#primaryimage","url":"https:\/\/www.castingnews.eu\/magazine\/wp-content\/uploads\/2016\/05\/SI-VIS-PACEM-PARA-BELLUM-1.jpg","contentUrl":"https:\/\/www.castingnews.eu\/magazine\/wp-content\/uploads\/2016\/05\/SI-VIS-PACEM-PARA-BELLUM-1.jpg","width":660,"height":434},{"@type":"BreadcrumbList","@id":"https:\/\/www.castingnews.eu\/magazine\/2016\/05\/10\/si-vis-pacem-para-bellum-un-film-stefano-calvagna\/#breadcrumb","itemListElement":[{"@type":"ListItem","position":1,"name":"Home","item":"https:\/\/www.castingnews.eu\/magazine\/"},{"@type":"ListItem","position":2,"name":"SI VIS PACEM PARA BELLUM &#8211; Un film di Stefano Calvagna"}]},{"@type":"WebSite","@id":"https:\/\/www.castingnews.eu\/magazine\/#website","url":"https:\/\/www.castingnews.eu\/magazine\/","name":"Casting News Magazine","description":"News e aggiornamenti sui film, serie tv, teatro e festival italiani ed internazionali","potentialAction":[{"@type":"SearchAction","target":{"@type":"EntryPoint","urlTemplate":"https:\/\/www.castingnews.eu\/magazine\/?s={search_term_string}"},"query-input":{"@type":"PropertyValueSpecification","valueRequired":true,"valueName":"search_term_string"}}],"inLanguage":"it-IT"},{"@type":"Person","@id":"https:\/\/www.castingnews.eu\/magazine\/#\/schema\/person\/099d71c568c9a7e5e4037b1594108f17","name":"Redazione","image":{"@type":"ImageObject","inLanguage":"it-IT","@id":"https:\/\/secure.gravatar.com\/avatar\/b73a087aa3bd279fb70d24f1960a91c82cf67619395b60b564c90e9e5d5325fc?s=96&d=mm&r=g","url":"https:\/\/secure.gravatar.com\/avatar\/b73a087aa3bd279fb70d24f1960a91c82cf67619395b60b564c90e9e5d5325fc?s=96&d=mm&r=g","contentUrl":"https:\/\/secure.gravatar.com\/avatar\/b73a087aa3bd279fb70d24f1960a91c82cf67619395b60b564c90e9e5d5325fc?s=96&d=mm&r=g","caption":"Redazione"},"description":"News e aggiornamenti sui film, serie tv, teatro e festival italiani ed internazionali.","url":"https:\/\/www.castingnews.eu\/magazine\/author\/redazione\/"}]}},"_links":{"self":[{"href":"https:\/\/www.castingnews.eu\/magazine\/wp-json\/wp\/v2\/posts\/1549","targetHints":{"allow":["GET"]}}],"collection":[{"href":"https:\/\/www.castingnews.eu\/magazine\/wp-json\/wp\/v2\/posts"}],"about":[{"href":"https:\/\/www.castingnews.eu\/magazine\/wp-json\/wp\/v2\/types\/post"}],"author":[{"embeddable":true,"href":"https:\/\/www.castingnews.eu\/magazine\/wp-json\/wp\/v2\/users\/1"}],"replies":[{"embeddable":true,"href":"https:\/\/www.castingnews.eu\/magazine\/wp-json\/wp\/v2\/comments?post=1549"}],"version-history":[{"count":0,"href":"https:\/\/www.castingnews.eu\/magazine\/wp-json\/wp\/v2\/posts\/1549\/revisions"}],"wp:featuredmedia":[{"embeddable":true,"href":"https:\/\/www.castingnews.eu\/magazine\/wp-json\/wp\/v2\/media\/1550"}],"wp:attachment":[{"href":"https:\/\/www.castingnews.eu\/magazine\/wp-json\/wp\/v2\/media?parent=1549"}],"wp:term":[{"taxonomy":"category","embeddable":true,"href":"https:\/\/www.castingnews.eu\/magazine\/wp-json\/wp\/v2\/categories?post=1549"},{"taxonomy":"post_tag","embeddable":true,"href":"https:\/\/www.castingnews.eu\/magazine\/wp-json\/wp\/v2\/tags?post=1549"}],"curies":[{"name":"wp","href":"https:\/\/api.w.org\/{rel}","templated":true}]}}