{"id":1500,"date":"2015-07-30T13:44:11","date_gmt":"2015-07-30T12:44:11","guid":{"rendered":"http:\/\/www.film-movie.eu\/?p=1500"},"modified":"2015-07-30T13:44:11","modified_gmt":"2015-07-30T12:44:11","slug":"9-est-film-festival-ultima-giornata-di-documentari-a-est-film-festival","status":"publish","type":"post","link":"https:\/\/www.castingnews.eu\/magazine\/2015\/07\/30\/9-est-film-festival-ultima-giornata-di-documentari-a-est-film-festival\/","title":{"rendered":"9\u00b0 EST FILM FESTIVAL: Ultima giornata di documentari a Est Film Festival"},"content":{"rendered":"<p style=\"text-align: justify;\">Montefiascone, 29 luglio 2015. Una sola parola per la mattina che ci ha svegliato oggi: fantastica. Per tutta Montefiascone si sente questo clima perfetto con il sole alto in cielo e un vento che, muovendosi attraverso le vie strette del centro storico, arriva fino alla Rocca dei Papi rinfrescando l\u2019aria.<\/p><div class=\"6d3639e8c6ac292cde400fad8ff8a5b9\" data-index=\"1\" style=\"float: none; margin:10px 0 10px 0; text-align:center;\">\n<script async src=\"\/\/pagead2.googlesyndication.com\/pagead\/js\/adsbygoogle.js\"><\/script>\r\n<!-- Casting Bambini NEW -->\r\n<ins class=\"adsbygoogle\"\r\n     style=\"display:inline-block;width:336px;height:280px\"\r\n     data-ad-client=\"ca-pub-5538097485429833\"\r\n     data-ad-slot=\"5127154445\"><\/ins>\r\n<script>\r\n(adsbygoogle = window.adsbygoogle || []).push({});\r\n<\/script>\n<\/div>\n\n<p style=\"text-align: justify;\">\u00c8 l\u2019ultimo giorno di lavoro per i giurati della sezione documentari che oggi decider\u00e0 a chi assegnare l\u2019Arco d\u2019Argento Premio Unicoop Tirreno. E dopo la solita colazione offerta da Est Film Festival, si comincia. Sullo schermo passano le storie toccanti di alcuni migranti siriani racchiusi dentro un\u2019idea, tanto geniale quanto folle: arrivare in Svezia per chiedere asilo politico, evitando i posti di blocco. In fondo, chi fermerebbe mai un corteo di nozze? Questa \u00e8 l\u2019idea che sta dietro al documentario di Antonio Augugliaro, Gabriele Del Grande, Khaled Soliman Al Nassiry (presente in sala) Io sto con la sposa. Un progetto realizzato dal basso, come lo definiscono gli autori.<\/p>\n<p style=\"text-align: justify;\">La prima domanda riguarda proprio i meccanismi di finanziamento del film: \u201cVoi avete avuto pi\u00f9 di 2000 finanziatori, un successo ancor prima della realizzazione. Come ha funzionato la produzione con il crowfunding?\u201d.<br \/>\n\u201cAll\u2019inizio &#8211; risponde Khaled &#8211; abbiamo girato il documentario con i nostri soldi, e non \u00e8 che ne avessimo cos\u00ec tanti. Tornati dalla Svezia avevamo speso tutto e non potevamo chiedere i fondi per realizzare il film, avendo fatto una cosa non proprio legale. Abbiamo messo la nostra storia su un sito di crowfunding e abbiamo chiesto 75.000\u20ac. \u00c8 stato un lavoro difficile per farci promozione, ma poi Io sto con la sposa ha fatto 100.000\u20ac in un solo mese ed \u00e8 diventato il primo film italiano ad aver raggiunto un tale successo, grazie all\u2019aiuto di 2.700 persone italiane e di tutto il mondo. Dobbiamo molto a tutti loro. Per questo abbiamo inserito il nome di ognuno nei titoli di coda\u201d.<br \/>\nLa curiosit\u00e0 \u00e8 tanta e arriva una domanda su come i tre autori abbiano deciso di fare questo viaggio: \u201cNoi abbiamo sempre lavorato con gli emigrati attraverso dei progetti culturali. A Milano nel 2013 arrivarono molti migranti che dormivano nella stazione centrale. Ti fa molto male vedere delle persone trattate in questa maniera e non \u00e8 giusto quello che succede: tutti hanno il diritto di scappare dalla guerra, dalla fame e dalla morte per cercare la vita. Volevamo fare un atto forte. Io sono palestinese-siriano, quindi sono sempre stato considerato un apolide a livello legale per il mondo, mentre Gabriele \u00e8 un reporter che ha lavorato in Siria, in Egitto e in Libia. Avendo visto cosa succede in quelle terre, davamo una mano a questi rifugiati, gli prendevamo in casa nostra per farli riposare. Un giorno incontrammo questo ragazzo che aveva sbagliato treno e stava cercando di raggiungere la Svezia. Lo abbiamo invitato a casa e ci ha raccontato la sua storia, una storia molto forte che ci ha colpito subito. Pensammo a tanti modi per fargli raggiungere la Svezia, uno dei quali consisteva in un pullman e dei vestiti da suora. Dopo poco ci venne in mente questa idea folle: un matrimonio. Dopo quindi giorni eravamo partiti\u201d.<br \/>\nGiordano Rampazzi chiede poi a Khaled: \u201cNel documentario, poco dopo la partenza, tu scopri di essere diventato cittadino italiano e ti commuovi. Prima tu non avevi una cittadinanza, giusto?\u201d.<br \/>\n\u201cIo ero un apolide perch\u00e9 a noi rifugiati palestinesi del \u201848 (siamo 5 milioni in tutto) non \u00e8 mai stata riconosciuta una cittadinanza. Quando sono arrivato, in maniera legale, in Italia ho provato a fare dei documenti ma quando dissi di essere palestinesi mi risposero che l\u2019Italia non riconosceva come stato la Palestina, che per loro non esisteva. Mia moglie \u00e8 italiana e dopo che mi sono sposato ho potuto domandare di essere riconosciuto come cittadino italiano. \u00c8 buffo che quando ho scoperto di avere per la prima volta un passaporto \u00e8 stata anche la prima volta che stavo facendo qualcosa di illegale.\u201d<br \/>\nE proprio su questo argomento Glauco Almonte domanda: \u201cDue dei protagonisti sono stati respinti dalla Svezia. Avete avuto conseguenze legali per aver realizzato questo documentario?\u201d.<br \/>\n\u201cNo, perch\u00e9 in Italia per essere perseguitati a livello legale serve qualcuno che faccia una denuncia. Tutti hanno parlato del film e questo ci ha aiutato. La mia unica paura era la Lega Nord ma, ragionandoci sopra, loro dovrebbero essere dalla nostra parte e pagarci: in fondo abbiamo preso 5 migranti e li abbiamo portati fuori dall\u2019Italia\u201d.<br \/>\nLa sala scoppia in una risata e questo rompe il ghiaccio per le prime domande dal pubblico: \u201cCome mai alcuni dei protagonisti non hanno ottenuto l\u2019asilo politico in Svezia?\u201d<br \/>\n\u201c\u00c8 tutto un discorso di leggi europee e del fatto che l\u2019asilo politico va chiesto nel Paese di arrivo, dove sono obbligati ad accettare la richiesta. Purtroppo molto spesso non \u00e8 cos\u00ec. Il resto dei Paesi europei riempie le strade di polizia e quando trovano un migrante lo fanno tornare in Italia. Questa cosa ha reso sempre pi\u00f9 ricchi i contrabbandieri che con 1000\u20ac ti fanno arrivare in Nord Europa. Ma queste persone non sono umane: solitamente fanno fare un giro lunghissimo ai migranti per poi lasciarli sulle Alpi facendogli credere di essere in Svezia.<br \/>\nPer quanto riguarda i due protagonisti respinti, ad uno di loro avevano preso le impronte digitali qui in Italia, quindi per gli svedesi voleva dire che quello era il Paese dal quale erano entrati in Europa e quindi era l\u00ec che dovevano tornare per legge\u201d.<br \/>\nIl pubblico fa un\u2019altra domanda: \u201cPerch\u00e9 molti migranti vogliono raggiungere la Svezia?\u201d.<br \/>\n\u201cQuando arrivi in Svezia lo stato \u00e8 molto preparato e loro sono molto bravi: per tre anni si occupano di te, ti danno da mangiare, ti mandano a scuola, ti insegnano a lavorare e a parlare la loro lingua. Quando finisce questo periodo, sei pronto ad essere inserito nella societ\u00e0 pagando le tasse e ridando allo Stato i soldi spesi. \u00c8 un\u2019idea che funzionerebbe dappertutto, anche qui in Italia, ma non ho ancora capito perch\u00e9 non lo fanno\u201d.<br \/>\nUn\u2019ultima domanda viene da Giordano Rampazzi: \u201cMi ha sorpreso molto quando nel documentario il corteo supera il confine tra Italia e Francia attraversando semplicemente una rete arrugginita. Viene da chiedersi: cos\u2019\u00e8 una frontiera?\u201d.<br \/>\n\u201cNel momento in cui abbiamo scelto di parlare di immigrazione avremmo anche potuto passare il confine con la macchina, ma abbiamo un amico storico che ci ha parlato di questo posto chiamato il Passaggio dei morto usato nel passato dagli italiani per fuggire dal fascismo. Lo abbiamo fatto per ricordare che nella storia anche gli italiani sono dovuti scappare da qualcosa usando ogni mezzo possibile. L\u2019abbiamo usato come simbolo per ricordare che non \u00e8 una causa nata adesso: da sempre le persone quando hanno fame o c\u2019\u00e8 una guerra scappano e non si pu\u00f2 dire no innalzando un muro ed impedendo a queste persone di ricercare la dignit\u00e0, la felicit\u00e0 e , soprattutto, la vita\u201d. L\u2019incontro si conclude con un enorme applauso di empatia che dura per diversi minuti.<br \/>\nIl sole del pomeriggio ha scaldato la maniglia della porta della Rocca che, pesantemente, si chiude alle 17:00: \u00e8 il momento di Per tutta la vita, di Susanna Nicchiarelli, il film che chiude la sezione documentari di Est Film Festival 2015. Prima della proiezione, sul palco uno dei due vincitore dell\u2019anno scorso: Vieri Brini regista, insieme a Manuele Policante (il grande assente), di Rifiutati dalla sorte e dagli uomini.<br \/>\n\u201cEst Film Festival \u00e8 stato per noi un trampolino di lancio \u2013 afferma Vieri \u2013 che ci ha permesso di fare oltre 50 proiezioni in tutta Italia e farci conoscere. Ultimante abbiamo anche chiuso un contratto per distribuire su alcuni canali televisivi il nostro documentario\u201d.<br \/>\nInsieme a lui anche il presidente di giuria, Mariolina Scavera Malvagna: \u201cLa sezione di quest\u2019anno \u00e8 stata molto interessante con documentari di livello alto e molto vari nelle tematiche. Spero che Est Film Festival possa essere un trampolino di lancio anche per il prossimo vincitore\u201d.<br \/>\nMa, di cosa parla Per tutta la vita? Ce lo spiega la stessa Susanna: \u201cQuesto film nasce perch\u00e9 sono trascorsi 40 anni dal referendum sul divorzio e allora mi sono chiesta come fosse cambiata in tutto questo tempo l\u2019Italia. All\u2019inizio volevo realizzare un lungometraggio, ma poi mi sono resa conto che serviva un tipo differente di racconto. Mi sono ritrovata in situazioni pi\u00f9 appassionanti, intervistando delle persone che ti raccontano di emozioni reali che fanno parte della loro vita. Questo film partiva come un documentario d\u2019inchiesta e piano piano si \u00e8 trasformato in un lavoro di riflessione filosofica sull\u2019amore o sulla possibilit\u00e0 di credere ad un sentimento che duri tutta la vita perch\u00e9 mentre lo realizzavo mi sono sposata\u201d.<br \/>\nParlando con Nicoletta salta fuori il discorso delle nuove leggi sul tema, come il divorzio breve.<br \/>\n\u201cIl fatto che comunque lo Stato non consideri il cittadino abbastanza maturo ma gli dica di prendersi un tempo per pensarci, come se avesse preso una decisione del genere senza averci riflettuto prima, \u00e8 un po\u2019 offensivo. Per spezzare una lancia a favore di questo sistema, lo Stato cerca di dare una regola a qualcosa di umano che necessita di un tempo di elaborazione. Per\u00f2 tutto ci\u00f2 porta ad un costo ulteriore che prolunga la sofferenza emotiva di qualcuno\u201d.<br \/>\nDopodich\u00e9 a Nicoletta viene chiesto come mai abbia tralasciato alcuni aspetti del movimento divorzista e perch\u00e9 il suo documentario sia intramezzato dall\u2019intervista di un\u2019etologa che parla di monogamia.<br \/>\n\u201cNon ho mai voluto realizzare con questo lavoro un reportage televisivo che dicesse tutto sul divorzio. Ho voluto solo affrontare un percorso interiore. Anche perch\u00e9 credo che se uno cerca di inserire ogni cosa in un discorso, rendendolo scolastico ed esauriente, esca fuori un racconto privo di emozioni. Per quanto riguarda l\u2019etologa, ho seguito una mia curiosit\u00e0 sul mondo animale: volevo capire perch\u00e9 lo scimpanz\u00e9 che ci assomiglia non \u00e8 monogamo mentre altri animali che sembrano pi\u00f9 lontani da noi hanno dei rapporti affettivi simili ai nostri\u201d.<br \/>\nL\u2019incontro si chiude con una domanda di stampo filosofico\/marzulliano: \u201cSono le battaglie che portano avanti l\u2019Italia o \u00e8 l\u2019Italia a far nascere queste battaglie?\u201d.<br \/>\n\u201cSicuramente ogni battaglia in s\u00e9 fa crescere il Paese perch\u00e9 coinvolge le persone, anche se da noi sembra che si arrivi a riconoscere dei diritti quando ormai sono un dato di fatto\u201d.<br \/>\nLa giuria si sta gi\u00e0 riunendo per decretare un vincitore mentre un corvo, planando sul prato, vola tra le rovine della Rocca per andare a posarsi sulla Torre del pellegrino, probabilmente per vedere uno dei mille straordinari tramonti sul lago ai quali Montefiascone ci ha abituato, ma che sempre ci emozionano.<br \/>\nNel blu scuro della notte e le sue stelle, la luna \u00e8 piena questa sera: il pallore candido che la colora si confonde silenziosamente con l\u2019alone di luce che la circonda, rendendo i suoi crateri solitari un\u2019entit\u00e0 quasi palpabile anche da piazzale Frigo. L\u2019atmosfera giusta per la proiezione di questa sera: il film di fantascienza, diretto da Lorenzo Sportiello, Index Zero (primo film di Est Film Festival ad essere proiettato in inglese con i sottotitoli).<br \/>\nDal palco, il Direttore Esecutivo Vaniel Maestosi rivolge un saluto al dott. Mario Brutti, presidente della Fondazione Carivit di Viterbo, partner di Est Film Festival.<br \/>\nPrima di cominciare il dibattito, il regista Lorenzo Sportiello ci tiene a fare un ringraziamento: \u201cRingrazio i tecnici di EFF per la proiezione ottima. L\u2019audio si sentiva benissimo e in un film del genere \u00e8 fondamentale\u201d.<br \/>\nCome prima domanda viene chiesto a Lorenzo come mai abbia scelto di girare il film in inglese e se questo sia stato un tentativo per aprirsi verso il mercato estero.<br \/>\n\u201cL\u2019ho fatto per una questione di credibilit\u00e0: volevo fare un corrispettivo di Lampedusa e ho pensato che in un futuro del genere l\u2019interlingua tra un Paese e l\u2019altro potesse essere l\u2019inglese. Index Zero \u00e8 stato girato in Bulgaria perch\u00e9 cercavo delle location che potessero trasmettere un certo senso di crudezza. Le stesse comparse sarebbero state difficili da trovare in Italia: volevo delle persone che avessero una certa durezza nello sguardo, con la faccia segnate dalla vita, balcaniche. Avendolo pensato fin da subito come film di fantascienza sapevo che avrebbe avuto un mercato pi\u00f9 di nicchia, per il fatto che in Italia non c\u2019\u00e8 la tendenza a girare film del genere perch\u00e9 non c\u2019\u00e8 un pubblico cos\u00ec ampio. La scelta della lingua \u00e8 stata fondamentale ma, in fin dei conti, \u00e8 un film abbastanza silenzioso, quindi godibile anche da chi non mastica l\u2019inglese\u201d.<br \/>\nUn\u2019altra domanda riguarda la parte finanziaria di questo progetto: \u201cChe tipo di budget avete avuto?\u201d.<br \/>\n\u201cBasso, 500.000\u20ac. Per ovviare ad alcuni problemi di produzione mi sono ritrovato ad investire molto di mio in forza lavoro: ho fatto la regia, la sceneggiatura, gli effetti speciali e la colonna sonora, che si \u00e8 rivelata essere una delle parti pi\u00f9 divertenti visto che io volevo fare la rock star ma poi ho ripiegato sulla regia\u201d.<br \/>\nCogliendo l\u2019occasione, Vaniel Maestosi aggiunge: \u201cVedere un regista creare la colonna sonora del proprio film \u00e8 molto bello. Anche perch\u00e9 qui ad Est Film Festival abbiamo il Premio JazzUp per la miglior colonna sonora originale\u201d.<br \/>\nGiordano Rampazzi interviene con una domanda sugli effetti speciali: \u201cIl tuo film non pu\u00f2 essere paragonato ai kolossal di fantascienza americani, ma il lavoro che avete fatto \u00e8 straordinario e si vede. Come avete deciso di muovervi in questo senso?\u201d.<br \/>\n\u201cL\u2019atmosfera sul set era molto casalinga, calcola che ho realizzato quasi tutti gli effetti nella mia stanza grazie al fatto che oggi la tecnologia ti permette di fare un ottimo lavoro anche a livello amatoriale. Volevamo che gli effetti speciali supportassero la narrazione e non che uscissero fuori dallo schermo per colpire lo spettatore. Per me questo film di fantascienza voleva avere un\u2019impronta naturalistica: non ho inventato niente. Il film \u00e8 una leggera distorsione della nostra realt\u00e0. Ci sono cose che stanno accadendo ora e che io ho solo ripreso. Anche perch\u00e9 i documentari si occupano di realt\u00e0 mentre un film deve metaforizzarla\u201d.<br \/>\nMentre salutiamo Lorenzo, una campana lontana ci fa entrare in un nuovo giorno facendoci<br \/>\nconcludere presto la serata. Domani avremo bisogno di tutte le nostre forze per quello che ci aspetta in questo gioved\u00ec: la giornata dedicata ai cortometraggi.<\/p>\n<p style=\"text-align: justify;\">9\u00b0 EST FILM FESTIVAL<br \/>\n25 Luglio &#8211; 1 Agosto 2015, Montefiascone (VT)<br \/>\n&#8211; INGRESSO GRATUITO FINO AD ESAURIMENTO POSTI \u2013<\/p>\n\n<div style=\"font-size: 0px; height: 0px; line-height: 0px; margin: 0; padding: 0; clear: both;\"><\/div>","protected":false},"excerpt":{"rendered":"<p>Montefiascone, 29 luglio 2015. Una sola parola per la mattina che ci ha svegliato oggi: fantastica. Per tutta Montefiascone si sente questo clima perfetto con il sole alto in cielo e un vento che, muovendosi attraverso le vie strette del centro storico, arriva fino alla Rocca dei Papi rinfrescando l\u2019aria. \u00c8 l\u2019ultimo giorno di lavoro [&hellip;]<\/p>\n","protected":false},"author":1,"featured_media":1501,"comment_status":"open","ping_status":"open","sticky":false,"template":"","format":"standard","meta":{"tdm_status":"","tdm_grid_status":"","footnotes":""},"categories":[5,11,71,21],"tags":[471,514,961],"class_list":{"0":"post-1500","1":"post","2":"type-post","3":"status-publish","4":"format-standard","5":"has-post-thumbnail","7":"category-concorsi","8":"category-festival","9":"category-italia-paese","10":"category-in-primo-piano","11":"tag-est-film-festival","12":"tag-festival","13":"tag-montefiascone"},"yoast_head":"<!-- This site is optimized with the Yoast SEO plugin v27.4 - https:\/\/yoast.com\/product\/yoast-seo-wordpress\/ -->\r\n<title>9\u00b0 EST FILM FESTIVAL: Ultima giornata di documentari a Est Film Festival - Casting News Magazine<\/title>\r\n<meta name=\"robots\" content=\"index, follow, max-snippet:-1, max-image-preview:large, max-video-preview:-1\" \/>\r\n<link rel=\"canonical\" href=\"https:\/\/www.castingnews.eu\/magazine\/2015\/07\/30\/9-est-film-festival-ultima-giornata-di-documentari-a-est-film-festival\/\" \/>\r\n<meta property=\"og:locale\" content=\"it_IT\" \/>\r\n<meta property=\"og:type\" content=\"article\" \/>\r\n<meta property=\"og:title\" content=\"9\u00b0 EST FILM FESTIVAL: Ultima giornata di documentari a Est Film Festival - Casting News Magazine\" \/>\r\n<meta property=\"og:description\" content=\"Montefiascone, 29 luglio 2015. Una sola parola per la mattina che ci ha svegliato oggi: fantastica. Per tutta Montefiascone si sente questo clima perfetto con il sole alto in cielo e un vento che, muovendosi attraverso le vie strette del centro storico, arriva fino alla Rocca dei Papi rinfrescando l\u2019aria. \u00c8 l\u2019ultimo giorno di lavoro [&hellip;]\" \/>\r\n<meta property=\"og:url\" content=\"https:\/\/www.castingnews.eu\/magazine\/2015\/07\/30\/9-est-film-festival-ultima-giornata-di-documentari-a-est-film-festival\/\" \/>\r\n<meta property=\"og:site_name\" content=\"Casting News Magazine\" \/>\r\n<meta property=\"article:published_time\" content=\"2015-07-30T12:44:11+00:00\" \/>\r\n<meta property=\"og:image\" content=\"https:\/\/www.castingnews.eu\/magazine\/wp-content\/uploads\/2015\/07\/EST-FILM-FESTIVAL-2015-1.jpg\" \/>\r\n\t<meta property=\"og:image:width\" content=\"650\" \/>\r\n\t<meta property=\"og:image:height\" content=\"435\" \/>\r\n\t<meta property=\"og:image:type\" content=\"image\/jpeg\" \/>\r\n<meta name=\"author\" content=\"Redazione\" \/>\r\n<meta name=\"twitter:card\" content=\"summary_large_image\" \/>\r\n<meta name=\"twitter:label1\" content=\"Scritto da\" \/>\n\t<meta name=\"twitter:data1\" content=\"Redazione\" \/>\n\t<meta name=\"twitter:label2\" content=\"Tempo di lettura stimato\" \/>\n\t<meta name=\"twitter:data2\" content=\"12 minuti\" \/>\r\n<script type=\"application\/ld+json\" class=\"yoast-schema-graph\">{\"@context\":\"https:\\\/\\\/schema.org\",\"@graph\":[{\"@type\":\"Article\",\"@id\":\"https:\\\/\\\/www.castingnews.eu\\\/magazine\\\/2015\\\/07\\\/30\\\/9-est-film-festival-ultima-giornata-di-documentari-a-est-film-festival\\\/#article\",\"isPartOf\":{\"@id\":\"https:\\\/\\\/www.castingnews.eu\\\/magazine\\\/2015\\\/07\\\/30\\\/9-est-film-festival-ultima-giornata-di-documentari-a-est-film-festival\\\/\"},\"author\":{\"name\":\"Redazione\",\"@id\":\"https:\\\/\\\/www.castingnews.eu\\\/magazine\\\/#\\\/schema\\\/person\\\/099d71c568c9a7e5e4037b1594108f17\"},\"headline\":\"9\u00b0 EST FILM FESTIVAL: Ultima giornata di documentari a Est Film Festival\",\"datePublished\":\"2015-07-30T12:44:11+00:00\",\"mainEntityOfPage\":{\"@id\":\"https:\\\/\\\/www.castingnews.eu\\\/magazine\\\/2015\\\/07\\\/30\\\/9-est-film-festival-ultima-giornata-di-documentari-a-est-film-festival\\\/\"},\"wordCount\":2363,\"commentCount\":0,\"image\":{\"@id\":\"https:\\\/\\\/www.castingnews.eu\\\/magazine\\\/2015\\\/07\\\/30\\\/9-est-film-festival-ultima-giornata-di-documentari-a-est-film-festival\\\/#primaryimage\"},\"thumbnailUrl\":\"https:\\\/\\\/www.castingnews.eu\\\/magazine\\\/wp-content\\\/uploads\\\/2015\\\/07\\\/EST-FILM-FESTIVAL-2015-1.jpg\",\"keywords\":[\"Est Film Festival\",\"Festival\",\"Montefiascone\"],\"articleSection\":[\"Concorsi\",\"Festival\",\"Italia\",\"Primo piano\"],\"inLanguage\":\"it-IT\",\"potentialAction\":[{\"@type\":\"CommentAction\",\"name\":\"Comment\",\"target\":[\"https:\\\/\\\/www.castingnews.eu\\\/magazine\\\/2015\\\/07\\\/30\\\/9-est-film-festival-ultima-giornata-di-documentari-a-est-film-festival\\\/#respond\"]}]},{\"@type\":\"WebPage\",\"@id\":\"https:\\\/\\\/www.castingnews.eu\\\/magazine\\\/2015\\\/07\\\/30\\\/9-est-film-festival-ultima-giornata-di-documentari-a-est-film-festival\\\/\",\"url\":\"https:\\\/\\\/www.castingnews.eu\\\/magazine\\\/2015\\\/07\\\/30\\\/9-est-film-festival-ultima-giornata-di-documentari-a-est-film-festival\\\/\",\"name\":\"9\u00b0 EST FILM FESTIVAL: Ultima giornata di documentari a Est Film Festival - Casting News Magazine\",\"isPartOf\":{\"@id\":\"https:\\\/\\\/www.castingnews.eu\\\/magazine\\\/#website\"},\"primaryImageOfPage\":{\"@id\":\"https:\\\/\\\/www.castingnews.eu\\\/magazine\\\/2015\\\/07\\\/30\\\/9-est-film-festival-ultima-giornata-di-documentari-a-est-film-festival\\\/#primaryimage\"},\"image\":{\"@id\":\"https:\\\/\\\/www.castingnews.eu\\\/magazine\\\/2015\\\/07\\\/30\\\/9-est-film-festival-ultima-giornata-di-documentari-a-est-film-festival\\\/#primaryimage\"},\"thumbnailUrl\":\"https:\\\/\\\/www.castingnews.eu\\\/magazine\\\/wp-content\\\/uploads\\\/2015\\\/07\\\/EST-FILM-FESTIVAL-2015-1.jpg\",\"datePublished\":\"2015-07-30T12:44:11+00:00\",\"author\":{\"@id\":\"https:\\\/\\\/www.castingnews.eu\\\/magazine\\\/#\\\/schema\\\/person\\\/099d71c568c9a7e5e4037b1594108f17\"},\"breadcrumb\":{\"@id\":\"https:\\\/\\\/www.castingnews.eu\\\/magazine\\\/2015\\\/07\\\/30\\\/9-est-film-festival-ultima-giornata-di-documentari-a-est-film-festival\\\/#breadcrumb\"},\"inLanguage\":\"it-IT\",\"potentialAction\":[{\"@type\":\"ReadAction\",\"target\":[\"https:\\\/\\\/www.castingnews.eu\\\/magazine\\\/2015\\\/07\\\/30\\\/9-est-film-festival-ultima-giornata-di-documentari-a-est-film-festival\\\/\"]}]},{\"@type\":\"ImageObject\",\"inLanguage\":\"it-IT\",\"@id\":\"https:\\\/\\\/www.castingnews.eu\\\/magazine\\\/2015\\\/07\\\/30\\\/9-est-film-festival-ultima-giornata-di-documentari-a-est-film-festival\\\/#primaryimage\",\"url\":\"https:\\\/\\\/www.castingnews.eu\\\/magazine\\\/wp-content\\\/uploads\\\/2015\\\/07\\\/EST-FILM-FESTIVAL-2015-1.jpg\",\"contentUrl\":\"https:\\\/\\\/www.castingnews.eu\\\/magazine\\\/wp-content\\\/uploads\\\/2015\\\/07\\\/EST-FILM-FESTIVAL-2015-1.jpg\",\"width\":650,\"height\":435},{\"@type\":\"BreadcrumbList\",\"@id\":\"https:\\\/\\\/www.castingnews.eu\\\/magazine\\\/2015\\\/07\\\/30\\\/9-est-film-festival-ultima-giornata-di-documentari-a-est-film-festival\\\/#breadcrumb\",\"itemListElement\":[{\"@type\":\"ListItem\",\"position\":1,\"name\":\"Home\",\"item\":\"https:\\\/\\\/www.castingnews.eu\\\/magazine\\\/\"},{\"@type\":\"ListItem\",\"position\":2,\"name\":\"9\u00b0 EST FILM FESTIVAL: Ultima giornata di documentari a Est Film Festival\"}]},{\"@type\":\"WebSite\",\"@id\":\"https:\\\/\\\/www.castingnews.eu\\\/magazine\\\/#website\",\"url\":\"https:\\\/\\\/www.castingnews.eu\\\/magazine\\\/\",\"name\":\"Casting News Magazine\",\"description\":\"News e aggiornamenti sui film, serie tv, teatro e festival italiani ed internazionali\",\"potentialAction\":[{\"@type\":\"SearchAction\",\"target\":{\"@type\":\"EntryPoint\",\"urlTemplate\":\"https:\\\/\\\/www.castingnews.eu\\\/magazine\\\/?s={search_term_string}\"},\"query-input\":{\"@type\":\"PropertyValueSpecification\",\"valueRequired\":true,\"valueName\":\"search_term_string\"}}],\"inLanguage\":\"it-IT\"},{\"@type\":\"Person\",\"@id\":\"https:\\\/\\\/www.castingnews.eu\\\/magazine\\\/#\\\/schema\\\/person\\\/099d71c568c9a7e5e4037b1594108f17\",\"name\":\"Redazione\",\"image\":{\"@type\":\"ImageObject\",\"inLanguage\":\"it-IT\",\"@id\":\"https:\\\/\\\/secure.gravatar.com\\\/avatar\\\/b73a087aa3bd279fb70d24f1960a91c82cf67619395b60b564c90e9e5d5325fc?s=96&d=mm&r=g\",\"url\":\"https:\\\/\\\/secure.gravatar.com\\\/avatar\\\/b73a087aa3bd279fb70d24f1960a91c82cf67619395b60b564c90e9e5d5325fc?s=96&d=mm&r=g\",\"contentUrl\":\"https:\\\/\\\/secure.gravatar.com\\\/avatar\\\/b73a087aa3bd279fb70d24f1960a91c82cf67619395b60b564c90e9e5d5325fc?s=96&d=mm&r=g\",\"caption\":\"Redazione\"},\"description\":\"News e aggiornamenti sui film, serie tv, teatro e festival italiani ed internazionali.\",\"url\":\"https:\\\/\\\/www.castingnews.eu\\\/magazine\\\/author\\\/redazione\\\/\"}]}<\/script>\r\n<!-- \/ Yoast SEO plugin. -->","yoast_head_json":{"title":"9\u00b0 EST FILM FESTIVAL: Ultima giornata di documentari a Est Film Festival - Casting News Magazine","robots":{"index":"index","follow":"follow","max-snippet":"max-snippet:-1","max-image-preview":"max-image-preview:large","max-video-preview":"max-video-preview:-1"},"canonical":"https:\/\/www.castingnews.eu\/magazine\/2015\/07\/30\/9-est-film-festival-ultima-giornata-di-documentari-a-est-film-festival\/","og_locale":"it_IT","og_type":"article","og_title":"9\u00b0 EST FILM FESTIVAL: Ultima giornata di documentari a Est Film Festival - Casting News Magazine","og_description":"Montefiascone, 29 luglio 2015. Una sola parola per la mattina che ci ha svegliato oggi: fantastica. Per tutta Montefiascone si sente questo clima perfetto con il sole alto in cielo e un vento che, muovendosi attraverso le vie strette del centro storico, arriva fino alla Rocca dei Papi rinfrescando l\u2019aria. \u00c8 l\u2019ultimo giorno di lavoro [&hellip;]","og_url":"https:\/\/www.castingnews.eu\/magazine\/2015\/07\/30\/9-est-film-festival-ultima-giornata-di-documentari-a-est-film-festival\/","og_site_name":"Casting News Magazine","article_published_time":"2015-07-30T12:44:11+00:00","og_image":[{"width":650,"height":435,"url":"https:\/\/www.castingnews.eu\/magazine\/wp-content\/uploads\/2015\/07\/EST-FILM-FESTIVAL-2015-1.jpg","type":"image\/jpeg"}],"author":"Redazione","twitter_card":"summary_large_image","twitter_misc":{"Scritto da":"Redazione","Tempo di lettura stimato":"12 minuti"},"schema":{"@context":"https:\/\/schema.org","@graph":[{"@type":"Article","@id":"https:\/\/www.castingnews.eu\/magazine\/2015\/07\/30\/9-est-film-festival-ultima-giornata-di-documentari-a-est-film-festival\/#article","isPartOf":{"@id":"https:\/\/www.castingnews.eu\/magazine\/2015\/07\/30\/9-est-film-festival-ultima-giornata-di-documentari-a-est-film-festival\/"},"author":{"name":"Redazione","@id":"https:\/\/www.castingnews.eu\/magazine\/#\/schema\/person\/099d71c568c9a7e5e4037b1594108f17"},"headline":"9\u00b0 EST FILM FESTIVAL: Ultima giornata di documentari a Est Film Festival","datePublished":"2015-07-30T12:44:11+00:00","mainEntityOfPage":{"@id":"https:\/\/www.castingnews.eu\/magazine\/2015\/07\/30\/9-est-film-festival-ultima-giornata-di-documentari-a-est-film-festival\/"},"wordCount":2363,"commentCount":0,"image":{"@id":"https:\/\/www.castingnews.eu\/magazine\/2015\/07\/30\/9-est-film-festival-ultima-giornata-di-documentari-a-est-film-festival\/#primaryimage"},"thumbnailUrl":"https:\/\/www.castingnews.eu\/magazine\/wp-content\/uploads\/2015\/07\/EST-FILM-FESTIVAL-2015-1.jpg","keywords":["Est Film Festival","Festival","Montefiascone"],"articleSection":["Concorsi","Festival","Italia","Primo piano"],"inLanguage":"it-IT","potentialAction":[{"@type":"CommentAction","name":"Comment","target":["https:\/\/www.castingnews.eu\/magazine\/2015\/07\/30\/9-est-film-festival-ultima-giornata-di-documentari-a-est-film-festival\/#respond"]}]},{"@type":"WebPage","@id":"https:\/\/www.castingnews.eu\/magazine\/2015\/07\/30\/9-est-film-festival-ultima-giornata-di-documentari-a-est-film-festival\/","url":"https:\/\/www.castingnews.eu\/magazine\/2015\/07\/30\/9-est-film-festival-ultima-giornata-di-documentari-a-est-film-festival\/","name":"9\u00b0 EST FILM FESTIVAL: Ultima giornata di documentari a Est Film Festival - Casting News Magazine","isPartOf":{"@id":"https:\/\/www.castingnews.eu\/magazine\/#website"},"primaryImageOfPage":{"@id":"https:\/\/www.castingnews.eu\/magazine\/2015\/07\/30\/9-est-film-festival-ultima-giornata-di-documentari-a-est-film-festival\/#primaryimage"},"image":{"@id":"https:\/\/www.castingnews.eu\/magazine\/2015\/07\/30\/9-est-film-festival-ultima-giornata-di-documentari-a-est-film-festival\/#primaryimage"},"thumbnailUrl":"https:\/\/www.castingnews.eu\/magazine\/wp-content\/uploads\/2015\/07\/EST-FILM-FESTIVAL-2015-1.jpg","datePublished":"2015-07-30T12:44:11+00:00","author":{"@id":"https:\/\/www.castingnews.eu\/magazine\/#\/schema\/person\/099d71c568c9a7e5e4037b1594108f17"},"breadcrumb":{"@id":"https:\/\/www.castingnews.eu\/magazine\/2015\/07\/30\/9-est-film-festival-ultima-giornata-di-documentari-a-est-film-festival\/#breadcrumb"},"inLanguage":"it-IT","potentialAction":[{"@type":"ReadAction","target":["https:\/\/www.castingnews.eu\/magazine\/2015\/07\/30\/9-est-film-festival-ultima-giornata-di-documentari-a-est-film-festival\/"]}]},{"@type":"ImageObject","inLanguage":"it-IT","@id":"https:\/\/www.castingnews.eu\/magazine\/2015\/07\/30\/9-est-film-festival-ultima-giornata-di-documentari-a-est-film-festival\/#primaryimage","url":"https:\/\/www.castingnews.eu\/magazine\/wp-content\/uploads\/2015\/07\/EST-FILM-FESTIVAL-2015-1.jpg","contentUrl":"https:\/\/www.castingnews.eu\/magazine\/wp-content\/uploads\/2015\/07\/EST-FILM-FESTIVAL-2015-1.jpg","width":650,"height":435},{"@type":"BreadcrumbList","@id":"https:\/\/www.castingnews.eu\/magazine\/2015\/07\/30\/9-est-film-festival-ultima-giornata-di-documentari-a-est-film-festival\/#breadcrumb","itemListElement":[{"@type":"ListItem","position":1,"name":"Home","item":"https:\/\/www.castingnews.eu\/magazine\/"},{"@type":"ListItem","position":2,"name":"9\u00b0 EST FILM FESTIVAL: Ultima giornata di documentari a Est Film Festival"}]},{"@type":"WebSite","@id":"https:\/\/www.castingnews.eu\/magazine\/#website","url":"https:\/\/www.castingnews.eu\/magazine\/","name":"Casting News Magazine","description":"News e aggiornamenti sui film, serie tv, teatro e festival italiani ed internazionali","potentialAction":[{"@type":"SearchAction","target":{"@type":"EntryPoint","urlTemplate":"https:\/\/www.castingnews.eu\/magazine\/?s={search_term_string}"},"query-input":{"@type":"PropertyValueSpecification","valueRequired":true,"valueName":"search_term_string"}}],"inLanguage":"it-IT"},{"@type":"Person","@id":"https:\/\/www.castingnews.eu\/magazine\/#\/schema\/person\/099d71c568c9a7e5e4037b1594108f17","name":"Redazione","image":{"@type":"ImageObject","inLanguage":"it-IT","@id":"https:\/\/secure.gravatar.com\/avatar\/b73a087aa3bd279fb70d24f1960a91c82cf67619395b60b564c90e9e5d5325fc?s=96&d=mm&r=g","url":"https:\/\/secure.gravatar.com\/avatar\/b73a087aa3bd279fb70d24f1960a91c82cf67619395b60b564c90e9e5d5325fc?s=96&d=mm&r=g","contentUrl":"https:\/\/secure.gravatar.com\/avatar\/b73a087aa3bd279fb70d24f1960a91c82cf67619395b60b564c90e9e5d5325fc?s=96&d=mm&r=g","caption":"Redazione"},"description":"News e aggiornamenti sui film, serie tv, teatro e festival italiani ed internazionali.","url":"https:\/\/www.castingnews.eu\/magazine\/author\/redazione\/"}]}},"_links":{"self":[{"href":"https:\/\/www.castingnews.eu\/magazine\/wp-json\/wp\/v2\/posts\/1500","targetHints":{"allow":["GET"]}}],"collection":[{"href":"https:\/\/www.castingnews.eu\/magazine\/wp-json\/wp\/v2\/posts"}],"about":[{"href":"https:\/\/www.castingnews.eu\/magazine\/wp-json\/wp\/v2\/types\/post"}],"author":[{"embeddable":true,"href":"https:\/\/www.castingnews.eu\/magazine\/wp-json\/wp\/v2\/users\/1"}],"replies":[{"embeddable":true,"href":"https:\/\/www.castingnews.eu\/magazine\/wp-json\/wp\/v2\/comments?post=1500"}],"version-history":[{"count":0,"href":"https:\/\/www.castingnews.eu\/magazine\/wp-json\/wp\/v2\/posts\/1500\/revisions"}],"wp:featuredmedia":[{"embeddable":true,"href":"https:\/\/www.castingnews.eu\/magazine\/wp-json\/wp\/v2\/media\/1501"}],"wp:attachment":[{"href":"https:\/\/www.castingnews.eu\/magazine\/wp-json\/wp\/v2\/media?parent=1500"}],"wp:term":[{"taxonomy":"category","embeddable":true,"href":"https:\/\/www.castingnews.eu\/magazine\/wp-json\/wp\/v2\/categories?post=1500"},{"taxonomy":"post_tag","embeddable":true,"href":"https:\/\/www.castingnews.eu\/magazine\/wp-json\/wp\/v2\/tags?post=1500"}],"curies":[{"name":"wp","href":"https:\/\/api.w.org\/{rel}","templated":true}]}}