{"id":1385,"date":"2014-08-23T13:34:41","date_gmt":"2014-08-23T12:34:41","guid":{"rendered":"http:\/\/www.film-movie.eu\/?p=1385"},"modified":"2014-08-23T13:34:41","modified_gmt":"2014-08-23T12:34:41","slug":"20-anni-film-festival-lessinia","status":"publish","type":"post","link":"https:\/\/www.castingnews.eu\/magazine\/2014\/08\/23\/20-anni-film-festival-lessinia\/","title":{"rendered":"20 anni di Film Festival della Lessinia"},"content":{"rendered":"<h3 style=\"text-align: justify;\">Dal 23 al 31 agosto, al Teatro Vittoria di Bosco Chiesanuova (Verona), la rassegna cinematografica internazionale dedicata alle montagne e terre lontane.<br \/>\nEdizione dei record con 83 film in programma, 52 ore totali di proiezioni, 10 giorni quasi non stop di eventi.<\/h3>\n<p style=\"text-align: justify;\">Il Film Festival della Lessinia \u00e8 al traguardo dei vent\u2019anni.<br \/>\nUn&#8217;edizione, quella che si terr\u00e0 a Bosco Chiesanuova dal 23 al 31 agosto, che conferma la rassegna veronese dedicata alle montagne e terre lontane di ogni angolo del mondo come il festival cinematografico internazionale tra i pi\u00f9 longevi del Veneto. E, a sfogliarne catalogo e programma, tra i pi\u00f9 grandi: con 9 giorni di proiezioni, presentazioni culturali, incontri coi registi, mostre fotografiche, una programmazione di film e laboratori didattici per bimbi e ragazzi. E ancora concerti di musica dal vivo nella Piazza del Festival, novit\u00e0 editoriali nella Libreria della Montagna e degustazioni di prodotti tipici nell&#8217;Osteria del Festival.<br \/>\nLa rassegna, organizzata dall\u2019Associazione Film Festival della Lessinia con la direzione artistica di Alessandro Anderloni, \u00e8 sostenuta dalla Cantina Bertani, dalla Cassa Rurale Bassa Vallagarina e dalla Fondazione Cariverona. Partner e sostenitori istituzionali sono il Comune di Bosco Chiesanuova, la Regione Veneto, la Comunit\u00e0 Montana della Lessinia, la Camera di Commercio di Verona. Il Film Festival \u00e8 inserito nel calendario di Provincia in Festival organizzato dall\u2019Assessorato alla Cultura, Identit\u00e0 Veneta, Manifestazioni Locali per il Tempo Libero, Beni Ambientali. Partner organizzativo \u00e8 il Consorzio Monte Veronese DOP.<\/p><div class=\"6d3639e8c6ac292cde400fad8ff8a5b9\" data-index=\"1\" style=\"float: none; margin:10px 0 10px 0; text-align:center;\">\n<script async src=\"\/\/pagead2.googlesyndication.com\/pagead\/js\/adsbygoogle.js\"><\/script>\r\n<!-- Casting Bambini NEW -->\r\n<ins class=\"adsbygoogle\"\r\n     style=\"display:inline-block;width:336px;height:280px\"\r\n     data-ad-client=\"ca-pub-5538097485429833\"\r\n     data-ad-slot=\"5127154445\"><\/ins>\r\n<script>\r\n(adsbygoogle = window.adsbygoogle || []).push({});\r\n<\/script>\n<\/div>\n\n<p style=\"text-align: justify;\">I FILM. L&#8217;edizione 2014 segna un nuovo record. Sono 83 le opere in programma con 25 anteprime italiane nelle sezioni Concorso, Altre Montagne, FFDL+ Bambini e Ragazzi, Eventi Speciali. Sono 52 le ore totali di proiezioni in un\u2019unica sala, quella del Teatro Vittoria di Bosco Chiesanuova. 10 le giornate quasi non stop con appuntamenti alle 11, 16, 18, 21 e 23, gioved\u00ec 28 agosto, per \u201cLa notte corta\u201d.<br \/>\nAnche i Paesi rappresentati non sono mai stati tanti: 34, da ogni continente. Programma geograficamente ampio che esplora cinematografie emergenti e poco frequentate come quelle di Nepal, Armenia, Kazakistan, Corea del Sud, Sud Africa. Significativa la presenza di opere sudamericane: dal Cile al Per\u00f9 e, naturalmente, da Argentina e Brasile. Dall\u2019Europa emergono le produzioni scandinave, in particolare dalla Norvegia, rappresentata da 6 opere. Non sono trascurate Russia, Cina e, dall\u2019altra parte dell\u2019Oceano, Canada e Usa.<\/p>\n<p style=\"text-align: justify;\">IL CONCORSO. Sono 28 i film a contendersi, nella sezione Concorso, la Lessinia d\u2019Oro e la Lessinia d\u2019Argento: 14 documentari, 3 film a soggetto e 3 di animazione, 8 cortometraggi. I soggetti presentati interrogano sulla problematicit\u00e0 di vivere in montagna confrontandosi con un mondo altro, a volte sconosciuto, pericoloso, se non ostile. Mondo che, quasi sempre, ha il nome di \u201cprogresso\u201d. Siano pozzi petroliferi, cave, dighe, tecnologia, inquinamento o leggi, il cosiddetto progresso arriva a rompere gli equilibri delle terre alte e a provocare, immancabilmente, danni a natura, cose e persone. Si scopre cos\u00ec che la montagna vive meglio laddove la lasciano in pace, non la disturbano quando dorme sotto una coltre di neve.<br \/>\nLe opere cinematografiche saranno giudicate da una Giuria internazionale composta da un membro in rappresentanza di ciascuna delle ultime 7 edizioni: Mario Casella (Svizzera), Albert Galindo Mallol (Spagna), Sandro Gastinelli (Italia), Martin Kaufmann (Italia), Marzia Pellegrino (Italia), Karmen Tom\u0161i\u010dSlovenia), Grzegorz Zariczny (Polonia).<br \/>\nAltra Giuria sar\u00e0 quella della Casa Circondariale di Montorio, composta da 30 detenuti e detenute che attribuiranno alle pellicole in gara uno speciale riconoscimento.<\/p>\n<p style=\"text-align: justify;\">ALCUNI OSPITI. Venerd\u00ec 22 agosto (alle 21) sar\u00e0 Davide Sapienza, con un omaggio a Jack London nell&#8217;anteprima teatrale Il richiamo di Zanna Bianca, a inaugurare il Film Festival. Per la prima volta sulla scena la performance letteraria e musicale che unisce due capolavori dell&#8217;autore statunitense: Il richiamo della foresta (1903) e Zanna Bianca (1906). Sapienza, giornalista e viaggiatore, \u00e8 attualmente considerato lo studioso pi\u00f9 innovativo di London.<br \/>\nDomenica 24 agosto arriver\u00e0 a Bosco Chiesanuova Luca Mercalli. Volto della Rai in trasmissioni Che tempo che fa e TG Montagna, climatologo, presiede la Societ\u00e0 Meteorologica Italiana, dirige la rivista internazionale Nimbus, si occupa da venticinque anni di ricerca sul clima e i ghiacciai delle Alpi. Sull&#8217;altopiano dei Lessini Mercalli racconter\u00e0 la neve: com&#8217;\u00e8 fatta, si forma, si misura, quanta ne cade. Un viaggio attraverso la bellezza della neve, la sua utilit\u00e0 per le regioni alpine, il suo passato e futuro nel secolo del riscaldamento globale.<\/p>\n<p style=\"text-align: justify;\">LA NEVE. Protagonista silenziosa del Film Festival della Lessinia fin dalla prima edizione, la neve verr\u00e0 omaggiata con un filone a lei dedicato. 6 film di diversa lunghezza disegneranno un percorso che accarezza il tema: senza proporsi di risolverne il mistero, ma tratteggiando i lineamenti de \u201cla bianca\u201d come qualche anziano, con rispetto, ancora la chiama. La neve torner\u00e0 in molti film in concorso, in particolare nel cortometraggio norvegese di Hans Otto Nicolayssen e nell\u2019animazione slovacca di Ivana Sebestova, entrambi intitolati semplicemente Neve. Due storie di uomini alla ricerca, con la neve, di qualcos\u2019altro. Nella prima un fonico tenta di registrare il rumore dei fiocchi che cadono; nella seconda un innamorato cerca non l\u2019amore, ma il fiocco perfetto.<\/p>\n<p style=\"text-align: justify;\">LESSINIA 20. La retrospettiva \u201cLessinia 20\u201d raccoglier\u00e0 quest&#8217;anno una serie imperdibile di proiezioni che, anno dopo anno, hanno fatto la storia del Festival. In tutto 19 film: uno per ognuna delle edizioni di rassegna. E, per le prime proiezioni, si torner\u00e0 in quella che fu la prima sede del Festival: il Teatro di Cerro Veronese dove, il mercoled\u00ec 20 e gioved\u00ec 21 agosto (alle 21), un&#8217;anteprima cinematografica dar\u00e0 ufficialmente il via alla ventesima edizione della manifestazione.<\/p>\n<p style=\"text-align: justify;\">FFDL+. Negli ultimi anni il Festival della Lessinia ha dedicato un\u2019attenzione sempre maggiore alla programmazione per bambini e ragazzi nella sezione FFDL+. Sono 19, tra animazioni e cortometraggi, le proiezioni suddivise nelle fasce d\u2019et\u00e0 3+, 5+, 10+. L\u2019attenzione all\u2019et\u00e0 dell\u2019adolescenza fa di questa sezione un fiore all\u2019occhiello della kermesse veronese: interessante per i giovani e per tutti, indistintamente, con anteprime italiane altrimenti impossibili da ritrovare. Non mancheranno le ultime novit\u00e0 2014: Frozen, nuova produzione della Walt Disney, oltre a Belle et S\u00e9bastienne, nella versione di Nicolas Vanier.<br \/>\nAlla programmazione in sala si affiancher\u00e0 una ricca proposta di laboratori. Occasioni per far apprendere e sperimentare la lavorazione della lana di Pecora Brogna, le erbe medicinali, la pittura e la messa in scena di fiabe.<\/p>\n<p style=\"text-align: justify;\">Ingresso alle proiezioni 5 euro, 3 euro ridotto bambini (fino a 14 anni). Abbonamento, con posto numerato, a tutte le proiezioni: 50 euro. Spettacolo di anteprima: 8 euro.<br \/>\nPrevendita al Teatro Vittoria (in Piazza G. Marconi a Bosco Chiesanuova di Verona) fino al 21 agosto, dalle 10.30 alle 12.30. Dal 22 al 31 agosto, dalle 9 alle 13 e dalle 14 alle 23. Telefono 045 7050789. Email: info@ffdl.it Biglietti online pointticket.it<\/p>\n\n<div style=\"font-size: 0px; height: 0px; line-height: 0px; margin: 0; padding: 0; clear: both;\"><\/div>","protected":false},"excerpt":{"rendered":"<p>Dal 23 al 31 agosto, al Teatro Vittoria di Bosco Chiesanuova (Verona), la rassegna cinematografica internazionale dedicata alle montagne e terre lontane. Edizione dei record con 83 film in programma, 52 ore totali di proiezioni, 10 giorni quasi non stop di eventi. Il Film Festival della Lessinia \u00e8 al traguardo dei vent\u2019anni. Un&#8217;edizione, quella che [&hellip;]<\/p>\n","protected":false},"author":1,"featured_media":1386,"comment_status":"open","ping_status":"open","sticky":false,"template":"","format":"standard","meta":{"tdm_status":"","tdm_grid_status":"","footnotes":""},"categories":[11,21,33],"tags":[514,534,537,1145,1404],"class_list":{"0":"post-1385","1":"post","2":"type-post","3":"status-publish","4":"format-standard","5":"has-post-thumbnail","7":"category-festival","8":"category-in-primo-piano","9":"category-rassegne","10":"tag-festival","11":"tag-film","12":"tag-film-festival-della-lessinia","13":"tag-rassegna-cinematografica","14":"tag-verona"},"yoast_head":"<!-- This site is optimized with the Yoast SEO plugin v27.4 - https:\/\/yoast.com\/product\/yoast-seo-wordpress\/ -->\r\n<title>20 anni di Film Festival della Lessinia - Casting News Magazine<\/title>\r\n<meta name=\"description\" content=\"Dal 23 al 31 agosto, al Teatro Vittoria di Bosco Chiesanuova (Verona), la rassegna cinematografica internazionale dedicata alle montagne e terre lontane.\" \/>\r\n<meta name=\"robots\" content=\"index, follow, max-snippet:-1, max-image-preview:large, max-video-preview:-1\" \/>\r\n<link rel=\"canonical\" href=\"https:\/\/www.castingnews.eu\/magazine\/2014\/08\/23\/20-anni-film-festival-lessinia\/\" \/>\r\n<meta property=\"og:locale\" content=\"it_IT\" \/>\r\n<meta property=\"og:type\" content=\"article\" \/>\r\n<meta property=\"og:title\" content=\"20 anni di Film Festival della Lessinia - Casting News Magazine\" \/>\r\n<meta property=\"og:description\" content=\"Dal 23 al 31 agosto, al Teatro Vittoria di Bosco Chiesanuova (Verona), la rassegna cinematografica internazionale dedicata alle montagne e terre lontane.\" \/>\r\n<meta property=\"og:url\" content=\"https:\/\/www.castingnews.eu\/magazine\/2014\/08\/23\/20-anni-film-festival-lessinia\/\" \/>\r\n<meta property=\"og:site_name\" content=\"Casting News Magazine\" \/>\r\n<meta property=\"article:published_time\" content=\"2014-08-23T12:34:41+00:00\" \/>\r\n<meta property=\"og:image\" content=\"https:\/\/www.castingnews.eu\/magazine\/wp-content\/uploads\/2014\/08\/Voices-of-el-alto-1.jpg\" \/>\r\n\t<meta property=\"og:image:width\" content=\"500\" \/>\r\n\t<meta property=\"og:image:height\" content=\"333\" \/>\r\n\t<meta property=\"og:image:type\" content=\"image\/jpeg\" \/>\r\n<meta name=\"author\" content=\"Redazione\" \/>\r\n<meta name=\"twitter:card\" content=\"summary_large_image\" \/>\r\n<meta name=\"twitter:label1\" content=\"Scritto da\" \/>\n\t<meta name=\"twitter:data1\" content=\"Redazione\" \/>\n\t<meta name=\"twitter:label2\" content=\"Tempo di lettura stimato\" \/>\n\t<meta name=\"twitter:data2\" content=\"5 minuti\" \/>\r\n<script type=\"application\/ld+json\" class=\"yoast-schema-graph\">{\"@context\":\"https:\\\/\\\/schema.org\",\"@graph\":[{\"@type\":\"Article\",\"@id\":\"https:\\\/\\\/www.castingnews.eu\\\/magazine\\\/2014\\\/08\\\/23\\\/20-anni-film-festival-lessinia\\\/#article\",\"isPartOf\":{\"@id\":\"https:\\\/\\\/www.castingnews.eu\\\/magazine\\\/2014\\\/08\\\/23\\\/20-anni-film-festival-lessinia\\\/\"},\"author\":{\"name\":\"Redazione\",\"@id\":\"https:\\\/\\\/www.castingnews.eu\\\/magazine\\\/#\\\/schema\\\/person\\\/099d71c568c9a7e5e4037b1594108f17\"},\"headline\":\"20 anni di Film Festival della Lessinia\",\"datePublished\":\"2014-08-23T12:34:41+00:00\",\"mainEntityOfPage\":{\"@id\":\"https:\\\/\\\/www.castingnews.eu\\\/magazine\\\/2014\\\/08\\\/23\\\/20-anni-film-festival-lessinia\\\/\"},\"wordCount\":1072,\"commentCount\":0,\"image\":{\"@id\":\"https:\\\/\\\/www.castingnews.eu\\\/magazine\\\/2014\\\/08\\\/23\\\/20-anni-film-festival-lessinia\\\/#primaryimage\"},\"thumbnailUrl\":\"https:\\\/\\\/www.castingnews.eu\\\/magazine\\\/wp-content\\\/uploads\\\/2014\\\/08\\\/Voices-of-el-alto-1.jpg\",\"keywords\":[\"Festival\",\"Film\",\"Film Festival della Lessinia\",\"rassegna cinematografica\",\"Verona\"],\"articleSection\":[\"Festival\",\"Primo piano\",\"Rassegne\"],\"inLanguage\":\"it-IT\",\"potentialAction\":[{\"@type\":\"CommentAction\",\"name\":\"Comment\",\"target\":[\"https:\\\/\\\/www.castingnews.eu\\\/magazine\\\/2014\\\/08\\\/23\\\/20-anni-film-festival-lessinia\\\/#respond\"]}]},{\"@type\":\"WebPage\",\"@id\":\"https:\\\/\\\/www.castingnews.eu\\\/magazine\\\/2014\\\/08\\\/23\\\/20-anni-film-festival-lessinia\\\/\",\"url\":\"https:\\\/\\\/www.castingnews.eu\\\/magazine\\\/2014\\\/08\\\/23\\\/20-anni-film-festival-lessinia\\\/\",\"name\":\"20 anni di Film Festival della Lessinia - Casting News Magazine\",\"isPartOf\":{\"@id\":\"https:\\\/\\\/www.castingnews.eu\\\/magazine\\\/#website\"},\"primaryImageOfPage\":{\"@id\":\"https:\\\/\\\/www.castingnews.eu\\\/magazine\\\/2014\\\/08\\\/23\\\/20-anni-film-festival-lessinia\\\/#primaryimage\"},\"image\":{\"@id\":\"https:\\\/\\\/www.castingnews.eu\\\/magazine\\\/2014\\\/08\\\/23\\\/20-anni-film-festival-lessinia\\\/#primaryimage\"},\"thumbnailUrl\":\"https:\\\/\\\/www.castingnews.eu\\\/magazine\\\/wp-content\\\/uploads\\\/2014\\\/08\\\/Voices-of-el-alto-1.jpg\",\"datePublished\":\"2014-08-23T12:34:41+00:00\",\"author\":{\"@id\":\"https:\\\/\\\/www.castingnews.eu\\\/magazine\\\/#\\\/schema\\\/person\\\/099d71c568c9a7e5e4037b1594108f17\"},\"description\":\"Dal 23 al 31 agosto, al Teatro Vittoria di Bosco Chiesanuova (Verona), la rassegna cinematografica internazionale dedicata alle montagne e terre lontane.\",\"breadcrumb\":{\"@id\":\"https:\\\/\\\/www.castingnews.eu\\\/magazine\\\/2014\\\/08\\\/23\\\/20-anni-film-festival-lessinia\\\/#breadcrumb\"},\"inLanguage\":\"it-IT\",\"potentialAction\":[{\"@type\":\"ReadAction\",\"target\":[\"https:\\\/\\\/www.castingnews.eu\\\/magazine\\\/2014\\\/08\\\/23\\\/20-anni-film-festival-lessinia\\\/\"]}]},{\"@type\":\"ImageObject\",\"inLanguage\":\"it-IT\",\"@id\":\"https:\\\/\\\/www.castingnews.eu\\\/magazine\\\/2014\\\/08\\\/23\\\/20-anni-film-festival-lessinia\\\/#primaryimage\",\"url\":\"https:\\\/\\\/www.castingnews.eu\\\/magazine\\\/wp-content\\\/uploads\\\/2014\\\/08\\\/Voices-of-el-alto-1.jpg\",\"contentUrl\":\"https:\\\/\\\/www.castingnews.eu\\\/magazine\\\/wp-content\\\/uploads\\\/2014\\\/08\\\/Voices-of-el-alto-1.jpg\",\"width\":500,\"height\":333},{\"@type\":\"BreadcrumbList\",\"@id\":\"https:\\\/\\\/www.castingnews.eu\\\/magazine\\\/2014\\\/08\\\/23\\\/20-anni-film-festival-lessinia\\\/#breadcrumb\",\"itemListElement\":[{\"@type\":\"ListItem\",\"position\":1,\"name\":\"Home\",\"item\":\"https:\\\/\\\/www.castingnews.eu\\\/magazine\\\/\"},{\"@type\":\"ListItem\",\"position\":2,\"name\":\"20 anni di Film Festival della Lessinia\"}]},{\"@type\":\"WebSite\",\"@id\":\"https:\\\/\\\/www.castingnews.eu\\\/magazine\\\/#website\",\"url\":\"https:\\\/\\\/www.castingnews.eu\\\/magazine\\\/\",\"name\":\"Casting News Magazine\",\"description\":\"News e aggiornamenti sui film, serie tv, teatro e festival italiani ed internazionali\",\"potentialAction\":[{\"@type\":\"SearchAction\",\"target\":{\"@type\":\"EntryPoint\",\"urlTemplate\":\"https:\\\/\\\/www.castingnews.eu\\\/magazine\\\/?s={search_term_string}\"},\"query-input\":{\"@type\":\"PropertyValueSpecification\",\"valueRequired\":true,\"valueName\":\"search_term_string\"}}],\"inLanguage\":\"it-IT\"},{\"@type\":\"Person\",\"@id\":\"https:\\\/\\\/www.castingnews.eu\\\/magazine\\\/#\\\/schema\\\/person\\\/099d71c568c9a7e5e4037b1594108f17\",\"name\":\"Redazione\",\"image\":{\"@type\":\"ImageObject\",\"inLanguage\":\"it-IT\",\"@id\":\"https:\\\/\\\/secure.gravatar.com\\\/avatar\\\/b73a087aa3bd279fb70d24f1960a91c82cf67619395b60b564c90e9e5d5325fc?s=96&d=mm&r=g\",\"url\":\"https:\\\/\\\/secure.gravatar.com\\\/avatar\\\/b73a087aa3bd279fb70d24f1960a91c82cf67619395b60b564c90e9e5d5325fc?s=96&d=mm&r=g\",\"contentUrl\":\"https:\\\/\\\/secure.gravatar.com\\\/avatar\\\/b73a087aa3bd279fb70d24f1960a91c82cf67619395b60b564c90e9e5d5325fc?s=96&d=mm&r=g\",\"caption\":\"Redazione\"},\"description\":\"News e aggiornamenti sui film, serie tv, teatro e festival italiani ed internazionali.\",\"url\":\"https:\\\/\\\/www.castingnews.eu\\\/magazine\\\/author\\\/redazione\\\/\"}]}<\/script>\r\n<!-- \/ Yoast SEO plugin. -->","yoast_head_json":{"title":"20 anni di Film Festival della Lessinia - Casting News Magazine","description":"Dal 23 al 31 agosto, al Teatro Vittoria di Bosco Chiesanuova (Verona), la rassegna cinematografica internazionale dedicata alle montagne e terre lontane.","robots":{"index":"index","follow":"follow","max-snippet":"max-snippet:-1","max-image-preview":"max-image-preview:large","max-video-preview":"max-video-preview:-1"},"canonical":"https:\/\/www.castingnews.eu\/magazine\/2014\/08\/23\/20-anni-film-festival-lessinia\/","og_locale":"it_IT","og_type":"article","og_title":"20 anni di Film Festival della Lessinia - Casting News Magazine","og_description":"Dal 23 al 31 agosto, al Teatro Vittoria di Bosco Chiesanuova (Verona), la rassegna cinematografica internazionale dedicata alle montagne e terre lontane.","og_url":"https:\/\/www.castingnews.eu\/magazine\/2014\/08\/23\/20-anni-film-festival-lessinia\/","og_site_name":"Casting News Magazine","article_published_time":"2014-08-23T12:34:41+00:00","og_image":[{"width":500,"height":333,"url":"https:\/\/www.castingnews.eu\/magazine\/wp-content\/uploads\/2014\/08\/Voices-of-el-alto-1.jpg","type":"image\/jpeg"}],"author":"Redazione","twitter_card":"summary_large_image","twitter_misc":{"Scritto da":"Redazione","Tempo di lettura stimato":"5 minuti"},"schema":{"@context":"https:\/\/schema.org","@graph":[{"@type":"Article","@id":"https:\/\/www.castingnews.eu\/magazine\/2014\/08\/23\/20-anni-film-festival-lessinia\/#article","isPartOf":{"@id":"https:\/\/www.castingnews.eu\/magazine\/2014\/08\/23\/20-anni-film-festival-lessinia\/"},"author":{"name":"Redazione","@id":"https:\/\/www.castingnews.eu\/magazine\/#\/schema\/person\/099d71c568c9a7e5e4037b1594108f17"},"headline":"20 anni di Film Festival della Lessinia","datePublished":"2014-08-23T12:34:41+00:00","mainEntityOfPage":{"@id":"https:\/\/www.castingnews.eu\/magazine\/2014\/08\/23\/20-anni-film-festival-lessinia\/"},"wordCount":1072,"commentCount":0,"image":{"@id":"https:\/\/www.castingnews.eu\/magazine\/2014\/08\/23\/20-anni-film-festival-lessinia\/#primaryimage"},"thumbnailUrl":"https:\/\/www.castingnews.eu\/magazine\/wp-content\/uploads\/2014\/08\/Voices-of-el-alto-1.jpg","keywords":["Festival","Film","Film Festival della Lessinia","rassegna cinematografica","Verona"],"articleSection":["Festival","Primo piano","Rassegne"],"inLanguage":"it-IT","potentialAction":[{"@type":"CommentAction","name":"Comment","target":["https:\/\/www.castingnews.eu\/magazine\/2014\/08\/23\/20-anni-film-festival-lessinia\/#respond"]}]},{"@type":"WebPage","@id":"https:\/\/www.castingnews.eu\/magazine\/2014\/08\/23\/20-anni-film-festival-lessinia\/","url":"https:\/\/www.castingnews.eu\/magazine\/2014\/08\/23\/20-anni-film-festival-lessinia\/","name":"20 anni di Film Festival della Lessinia - Casting News Magazine","isPartOf":{"@id":"https:\/\/www.castingnews.eu\/magazine\/#website"},"primaryImageOfPage":{"@id":"https:\/\/www.castingnews.eu\/magazine\/2014\/08\/23\/20-anni-film-festival-lessinia\/#primaryimage"},"image":{"@id":"https:\/\/www.castingnews.eu\/magazine\/2014\/08\/23\/20-anni-film-festival-lessinia\/#primaryimage"},"thumbnailUrl":"https:\/\/www.castingnews.eu\/magazine\/wp-content\/uploads\/2014\/08\/Voices-of-el-alto-1.jpg","datePublished":"2014-08-23T12:34:41+00:00","author":{"@id":"https:\/\/www.castingnews.eu\/magazine\/#\/schema\/person\/099d71c568c9a7e5e4037b1594108f17"},"description":"Dal 23 al 31 agosto, al Teatro Vittoria di Bosco Chiesanuova (Verona), la rassegna cinematografica internazionale dedicata alle montagne e terre lontane.","breadcrumb":{"@id":"https:\/\/www.castingnews.eu\/magazine\/2014\/08\/23\/20-anni-film-festival-lessinia\/#breadcrumb"},"inLanguage":"it-IT","potentialAction":[{"@type":"ReadAction","target":["https:\/\/www.castingnews.eu\/magazine\/2014\/08\/23\/20-anni-film-festival-lessinia\/"]}]},{"@type":"ImageObject","inLanguage":"it-IT","@id":"https:\/\/www.castingnews.eu\/magazine\/2014\/08\/23\/20-anni-film-festival-lessinia\/#primaryimage","url":"https:\/\/www.castingnews.eu\/magazine\/wp-content\/uploads\/2014\/08\/Voices-of-el-alto-1.jpg","contentUrl":"https:\/\/www.castingnews.eu\/magazine\/wp-content\/uploads\/2014\/08\/Voices-of-el-alto-1.jpg","width":500,"height":333},{"@type":"BreadcrumbList","@id":"https:\/\/www.castingnews.eu\/magazine\/2014\/08\/23\/20-anni-film-festival-lessinia\/#breadcrumb","itemListElement":[{"@type":"ListItem","position":1,"name":"Home","item":"https:\/\/www.castingnews.eu\/magazine\/"},{"@type":"ListItem","position":2,"name":"20 anni di Film Festival della Lessinia"}]},{"@type":"WebSite","@id":"https:\/\/www.castingnews.eu\/magazine\/#website","url":"https:\/\/www.castingnews.eu\/magazine\/","name":"Casting News Magazine","description":"News e aggiornamenti sui film, serie tv, teatro e festival italiani ed internazionali","potentialAction":[{"@type":"SearchAction","target":{"@type":"EntryPoint","urlTemplate":"https:\/\/www.castingnews.eu\/magazine\/?s={search_term_string}"},"query-input":{"@type":"PropertyValueSpecification","valueRequired":true,"valueName":"search_term_string"}}],"inLanguage":"it-IT"},{"@type":"Person","@id":"https:\/\/www.castingnews.eu\/magazine\/#\/schema\/person\/099d71c568c9a7e5e4037b1594108f17","name":"Redazione","image":{"@type":"ImageObject","inLanguage":"it-IT","@id":"https:\/\/secure.gravatar.com\/avatar\/b73a087aa3bd279fb70d24f1960a91c82cf67619395b60b564c90e9e5d5325fc?s=96&d=mm&r=g","url":"https:\/\/secure.gravatar.com\/avatar\/b73a087aa3bd279fb70d24f1960a91c82cf67619395b60b564c90e9e5d5325fc?s=96&d=mm&r=g","contentUrl":"https:\/\/secure.gravatar.com\/avatar\/b73a087aa3bd279fb70d24f1960a91c82cf67619395b60b564c90e9e5d5325fc?s=96&d=mm&r=g","caption":"Redazione"},"description":"News e aggiornamenti sui film, serie tv, teatro e festival italiani ed internazionali.","url":"https:\/\/www.castingnews.eu\/magazine\/author\/redazione\/"}]}},"_links":{"self":[{"href":"https:\/\/www.castingnews.eu\/magazine\/wp-json\/wp\/v2\/posts\/1385","targetHints":{"allow":["GET"]}}],"collection":[{"href":"https:\/\/www.castingnews.eu\/magazine\/wp-json\/wp\/v2\/posts"}],"about":[{"href":"https:\/\/www.castingnews.eu\/magazine\/wp-json\/wp\/v2\/types\/post"}],"author":[{"embeddable":true,"href":"https:\/\/www.castingnews.eu\/magazine\/wp-json\/wp\/v2\/users\/1"}],"replies":[{"embeddable":true,"href":"https:\/\/www.castingnews.eu\/magazine\/wp-json\/wp\/v2\/comments?post=1385"}],"version-history":[{"count":0,"href":"https:\/\/www.castingnews.eu\/magazine\/wp-json\/wp\/v2\/posts\/1385\/revisions"}],"wp:featuredmedia":[{"embeddable":true,"href":"https:\/\/www.castingnews.eu\/magazine\/wp-json\/wp\/v2\/media\/1386"}],"wp:attachment":[{"href":"https:\/\/www.castingnews.eu\/magazine\/wp-json\/wp\/v2\/media?parent=1385"}],"wp:term":[{"taxonomy":"category","embeddable":true,"href":"https:\/\/www.castingnews.eu\/magazine\/wp-json\/wp\/v2\/categories?post=1385"},{"taxonomy":"post_tag","embeddable":true,"href":"https:\/\/www.castingnews.eu\/magazine\/wp-json\/wp\/v2\/tags?post=1385"}],"curies":[{"name":"wp","href":"https:\/\/api.w.org\/{rel}","templated":true}]}}