{"id":1352,"date":"2014-05-10T11:53:07","date_gmt":"2014-05-10T10:53:07","guid":{"rendered":"http:\/\/www.film-movie.eu\/?p=1352"},"modified":"2014-05-10T11:53:07","modified_gmt":"2014-05-10T10:53:07","slug":"viii-festival-internazionale-cinema-dellaquila","status":"publish","type":"post","link":"https:\/\/www.castingnews.eu\/magazine\/2014\/05\/10\/viii-festival-internazionale-cinema-dellaquila\/","title":{"rendered":"VIII Festival Internazionale di Cinema dell\u2019Aquila"},"content":{"rendered":"<h3 style=\"text-align: justify;\">L\u2019Associazione Culturale \u201cL\u2019Idea di Cl\u00e8ves\u201d bandisce un concorso per la realizzazione di opere cinematografiche a tema libero.<\/h3>\n<p style=\"text-align: justify;\">Questo concorso si inserisce all\u2019interno della manifestazione culturale \u201cFestival Internazionale di Cinema dell\u2019Aquila\u201d, che avr\u00e0 luogo dal 17 al 21 Novembre 2014.<br \/>\nIl tema previsto \u00e8 libero; il concorso \u00e8 aperto a tutte le opere prodotte dopo l\u20191 Gennaio 2013 o inedite in Italia.<br \/>\nIl concorso \u00e8 diviso in due sezioni:<br \/>\n&#8211; cortometraggi nazionali e internazionali, per opere di durata non superiore a 20 minuti;<br \/>\n&#8211; lungometraggi nazionali e internazionali, per lavori non documentaristici di durata superiore a 60 minuti.<br \/>\nLe opere pervenute verranno visionate e selezionate da una giuria tecnica per partecipare alle serate conclusive<br \/>\nOgni autore pu\u00f2 partecipare con una sola opera<br \/>\nCon i titolari dei diritti di distribuzione dei lungometraggi e dei documentari selezionati saranno concordati gli oneri di proiezione<br \/>\nUna giuria di esperti assegner\u00e0, a proprio insindacabile giudizio, i seguenti premi:<br \/>\n&#8211; migliore opera internazionale, riconoscimento (oltre gli oneri ex art. 5);<br \/>\n&#8211; miglior cortometraggio, riconoscimento e premio di Euro 300;<br \/>\n&#8211; migliore opera di animazione, riconoscimento, oltre eventuale premio all\u2019interno della propria categoria (se cortometraggio).<\/p><div class=\"6d3639e8c6ac292cde400fad8ff8a5b9\" data-index=\"1\" style=\"float: none; margin:10px 0 10px 0; text-align:center;\">\n<script async src=\"\/\/pagead2.googlesyndication.com\/pagead\/js\/adsbygoogle.js\"><\/script>\r\n<!-- Casting Bambini NEW -->\r\n<ins class=\"adsbygoogle\"\r\n     style=\"display:inline-block;width:336px;height:280px\"\r\n     data-ad-client=\"ca-pub-5538097485429833\"\r\n     data-ad-slot=\"5127154445\"><\/ins>\r\n<script>\r\n(adsbygoogle = window.adsbygoogle || []).push({});\r\n<\/script>\n<\/div>\n\n<p style=\"text-align: justify;\">Le opere devono essere inviate preferibilmente in formato .mkv (per consentire la migliore gestione di eventuali sottotitoli), oppure .dv, .mpg, .mov o in formato DVD, riportando sul supporto il codice di iscrizione rilasciato in seguito all\u2019iscrizione on line sul sito http:\/\/www.cleves.it ; alle opere sottotitolate (necessariamente in italiano o in inglese), qualora gli stessi sottotitoli non siano contenuti in una traccia separata dal video, deve essere allegato anche un CD contente il file dei dialoghi con timing in formato .srt o .sub<br \/>\nE\u2019 anche possibile inviare il proprio materiale attraverso il servizio di mail di grande formato WeTransfer (www.wetransfer.com) o altro servizio analogo, indirizzando il link del download a info@cleves.it; in tal caso \u00e8 fatta salva la facolt\u00e0 da parte dell\u2019Associazione L\u2019Idea di Cl\u00e9ves di richiedere l\u2019invio tramite posta ordinaria, in caso di problemi tecnici di ricezione<\/p>\n<figure id=\"attachment_1353\" aria-describedby=\"caption-attachment-1353\" style=\"width: 300px\" class=\"wp-caption alignleft\"><img loading=\"lazy\" decoding=\"async\" class=\"wp-image-1353 size-medium\" src=\"http:\/\/www.film-movie.eu\/wp-content\/uploads\/2014\/05\/Festival-Internazionale-di-Cinema-dell\u2019Aquila-300x210.jpg\" alt=\"Festival Internazionale di Cinema dell\u2019Aquila\" width=\"300\" height=\"210\" \/><figcaption id=\"caption-attachment-1353\" class=\"wp-caption-text\">Festival Internazionale di Cinema dell\u2019Aquila<\/figcaption><\/figure>\n<p style=\"text-align: justify;\">La data di scadenza per l\u2019invio delle opere \u00e8 fissata per il 30 Giugno 2014 (far\u00e0 fede il timbro postale o la ricevuta di WeTransfer o dell\u2019analogo servizio utilizzato)<br \/>\nTutto il materiale dovr\u00e0 essere inviato a: L\u2019Aquila Film Festival c\/o L\u2019Idea di Cl\u00e8ves, via del Cantarello, 10 \u2013 Preturo &#8211; 67100 L\u2019Aquila (AQ). Le spese di spedizione si intendono a carico del mittente<br \/>\nA pena di esclusione deve essere inviato:<br \/>\n&#8211; il dvd (o blusa, o altro supporto \u2013es. pennetta usb) con l\u2019opera;<br \/>\n&#8211; il codice rilasciato al termine della procedura di iscrizione on line;<br \/>\n&#8211; il file in formato .srt o .sub con dialoghi in italiano o in inglese e timing per le opere non in lingua italiana (sono escluse le opere con traccia sottotitoli separata da quella video)<br \/>\n&#8211; almeno un\u2019immagine del film in formato .jpg e una breve sinossi in formato .txt per il materiale cartaceo del festival<br \/>\n&#8211; copia di un documento di identit\u00e0 dell\u2019avente diritto sull\u2019opera<br \/>\n&#8211; il trailer del film, ove disponibile<\/p>\n<p style=\"text-align: justify;\">Le opere inviate non saranno restituite ma andranno a far parte dell\u2019\u201dArchivio Cinematografico\u201d pensato per scopi didattico\/divulgativi, utilizzabili per eventuali manifestazioni culturali o progetti a favore della diffusione della cultura cinematografica<br \/>\nTutte le informazioni relative al concorso e all\u2019intera manifestazione possono essere visionate sul sito dell\u2019Associazione http:\/\/www.cleves.it<br \/>\nL\u2019iscrizione \u00e8 gratuita.<br \/>\nL\u2019Associazione non \u00e8 responsabile per eventuali danni o smarrimento delle opere inviate<br \/>\nLa partecipazione al Festival implica l\u2019accettazione del presente regolamento in tutti i suoi punti. La Direzione del Festival regoler\u00e0 i casi non previsti.<\/p>\n\n<div style=\"font-size: 0px; height: 0px; line-height: 0px; margin: 0; padding: 0; clear: both;\"><\/div>","protected":false},"excerpt":{"rendered":"<p>L\u2019Associazione Culturale \u201cL\u2019Idea di Cl\u00e8ves\u201d bandisce un concorso per la realizzazione di opere cinematografiche a tema libero. Questo concorso si inserisce all\u2019interno della manifestazione culturale \u201cFestival Internazionale di Cinema dell\u2019Aquila\u201d, che avr\u00e0 luogo dal 17 al 21 Novembre 2014. Il tema previsto \u00e8 libero; il concorso \u00e8 aperto a tutte le opere prodotte dopo l\u20191 [&hellip;]<\/p>\n","protected":false},"author":1,"featured_media":1353,"comment_status":"open","ping_status":"open","sticky":false,"template":"","format":"standard","meta":{"tdm_status":"","tdm_grid_status":"","footnotes":""},"categories":[8,11,12,71,21],"tags":[158,348,372,525,839,834],"class_list":{"0":"post-1352","1":"post","2":"type-post","3":"status-publish","4":"format-standard","5":"has-post-thumbnail","7":"category-cortometraggi","8":"category-festival","9":"category-film-concorsi","10":"category-italia-paese","11":"category-in-primo-piano","12":"tag-aquila","13":"tag-concorso","14":"tag-cortometraggi","15":"tag-festival-internazionale","16":"tag-lidea-di-cleves","17":"tag-lungometraggi"},"yoast_head":"<!-- This site is optimized with the Yoast SEO plugin v27.4 - https:\/\/yoast.com\/product\/yoast-seo-wordpress\/ -->\r\n<title>VIII Festival Internazionale di Cinema dell\u2019Aquila - Casting News Magazine<\/title>\r\n<meta name=\"description\" content=\"L\u2019Associazione Culturale \u201cL\u2019Idea di Cl\u00e8ves\u201d bandisce un concorso per la realizzazione di opere cinematografiche a tema libero.\" \/>\r\n<meta name=\"robots\" content=\"index, follow, max-snippet:-1, max-image-preview:large, max-video-preview:-1\" \/>\r\n<link rel=\"canonical\" href=\"https:\/\/www.castingnews.eu\/magazine\/2014\/05\/10\/viii-festival-internazionale-cinema-dellaquila\/\" \/>\r\n<meta property=\"og:locale\" content=\"it_IT\" \/>\r\n<meta property=\"og:type\" content=\"article\" \/>\r\n<meta property=\"og:title\" content=\"VIII Festival Internazionale di Cinema dell\u2019Aquila - Casting News Magazine\" \/>\r\n<meta property=\"og:description\" content=\"L\u2019Associazione Culturale \u201cL\u2019Idea di Cl\u00e8ves\u201d bandisce un concorso per la realizzazione di opere cinematografiche a tema libero.\" \/>\r\n<meta property=\"og:url\" content=\"https:\/\/www.castingnews.eu\/magazine\/2014\/05\/10\/viii-festival-internazionale-cinema-dellaquila\/\" \/>\r\n<meta property=\"og:site_name\" content=\"Casting News Magazine\" \/>\r\n<meta property=\"article:published_time\" content=\"2014-05-10T10:53:07+00:00\" \/>\r\n<meta name=\"author\" content=\"Redazione\" \/>\r\n<meta name=\"twitter:card\" content=\"summary_large_image\" \/>\r\n<meta name=\"twitter:label1\" content=\"Scritto da\" \/>\n\t<meta name=\"twitter:data1\" content=\"Redazione\" \/>\n\t<meta name=\"twitter:label2\" content=\"Tempo di lettura stimato\" \/>\n\t<meta name=\"twitter:data2\" content=\"3 minuti\" \/>\r\n<script type=\"application\/ld+json\" class=\"yoast-schema-graph\">{\"@context\":\"https:\\\/\\\/schema.org\",\"@graph\":[{\"@type\":\"Article\",\"@id\":\"https:\\\/\\\/www.castingnews.eu\\\/magazine\\\/2014\\\/05\\\/10\\\/viii-festival-internazionale-cinema-dellaquila\\\/#article\",\"isPartOf\":{\"@id\":\"https:\\\/\\\/www.castingnews.eu\\\/magazine\\\/2014\\\/05\\\/10\\\/viii-festival-internazionale-cinema-dellaquila\\\/\"},\"author\":{\"name\":\"Redazione\",\"@id\":\"https:\\\/\\\/www.castingnews.eu\\\/magazine\\\/#\\\/schema\\\/person\\\/099d71c568c9a7e5e4037b1594108f17\"},\"headline\":\"VIII Festival Internazionale di Cinema dell\u2019Aquila\",\"datePublished\":\"2014-05-10T10:53:07+00:00\",\"mainEntityOfPage\":{\"@id\":\"https:\\\/\\\/www.castingnews.eu\\\/magazine\\\/2014\\\/05\\\/10\\\/viii-festival-internazionale-cinema-dellaquila\\\/\"},\"wordCount\":615,\"commentCount\":0,\"image\":{\"@id\":\"https:\\\/\\\/www.castingnews.eu\\\/magazine\\\/2014\\\/05\\\/10\\\/viii-festival-internazionale-cinema-dellaquila\\\/#primaryimage\"},\"thumbnailUrl\":\"\",\"keywords\":[\"Aquila\",\"Concorso\",\"Cortometraggi\",\"Festival Internazionale\",\"L\u2019Idea di Cl\u00e8ves\",\"Lungometraggi\"],\"articleSection\":[\"Cortometraggi\",\"Festival\",\"Film\",\"Italia\",\"Primo piano\"],\"inLanguage\":\"it-IT\",\"potentialAction\":[{\"@type\":\"CommentAction\",\"name\":\"Comment\",\"target\":[\"https:\\\/\\\/www.castingnews.eu\\\/magazine\\\/2014\\\/05\\\/10\\\/viii-festival-internazionale-cinema-dellaquila\\\/#respond\"]}]},{\"@type\":\"WebPage\",\"@id\":\"https:\\\/\\\/www.castingnews.eu\\\/magazine\\\/2014\\\/05\\\/10\\\/viii-festival-internazionale-cinema-dellaquila\\\/\",\"url\":\"https:\\\/\\\/www.castingnews.eu\\\/magazine\\\/2014\\\/05\\\/10\\\/viii-festival-internazionale-cinema-dellaquila\\\/\",\"name\":\"VIII Festival Internazionale di Cinema dell\u2019Aquila - Casting News Magazine\",\"isPartOf\":{\"@id\":\"https:\\\/\\\/www.castingnews.eu\\\/magazine\\\/#website\"},\"primaryImageOfPage\":{\"@id\":\"https:\\\/\\\/www.castingnews.eu\\\/magazine\\\/2014\\\/05\\\/10\\\/viii-festival-internazionale-cinema-dellaquila\\\/#primaryimage\"},\"image\":{\"@id\":\"https:\\\/\\\/www.castingnews.eu\\\/magazine\\\/2014\\\/05\\\/10\\\/viii-festival-internazionale-cinema-dellaquila\\\/#primaryimage\"},\"thumbnailUrl\":\"\",\"datePublished\":\"2014-05-10T10:53:07+00:00\",\"author\":{\"@id\":\"https:\\\/\\\/www.castingnews.eu\\\/magazine\\\/#\\\/schema\\\/person\\\/099d71c568c9a7e5e4037b1594108f17\"},\"description\":\"L\u2019Associazione Culturale \u201cL\u2019Idea di Cl\u00e8ves\u201d bandisce un concorso per la realizzazione di opere cinematografiche a tema libero.\",\"breadcrumb\":{\"@id\":\"https:\\\/\\\/www.castingnews.eu\\\/magazine\\\/2014\\\/05\\\/10\\\/viii-festival-internazionale-cinema-dellaquila\\\/#breadcrumb\"},\"inLanguage\":\"it-IT\",\"potentialAction\":[{\"@type\":\"ReadAction\",\"target\":[\"https:\\\/\\\/www.castingnews.eu\\\/magazine\\\/2014\\\/05\\\/10\\\/viii-festival-internazionale-cinema-dellaquila\\\/\"]}]},{\"@type\":\"ImageObject\",\"inLanguage\":\"it-IT\",\"@id\":\"https:\\\/\\\/www.castingnews.eu\\\/magazine\\\/2014\\\/05\\\/10\\\/viii-festival-internazionale-cinema-dellaquila\\\/#primaryimage\",\"url\":\"\",\"contentUrl\":\"\"},{\"@type\":\"BreadcrumbList\",\"@id\":\"https:\\\/\\\/www.castingnews.eu\\\/magazine\\\/2014\\\/05\\\/10\\\/viii-festival-internazionale-cinema-dellaquila\\\/#breadcrumb\",\"itemListElement\":[{\"@type\":\"ListItem\",\"position\":1,\"name\":\"Home\",\"item\":\"https:\\\/\\\/www.castingnews.eu\\\/magazine\\\/\"},{\"@type\":\"ListItem\",\"position\":2,\"name\":\"VIII Festival Internazionale di Cinema dell\u2019Aquila\"}]},{\"@type\":\"WebSite\",\"@id\":\"https:\\\/\\\/www.castingnews.eu\\\/magazine\\\/#website\",\"url\":\"https:\\\/\\\/www.castingnews.eu\\\/magazine\\\/\",\"name\":\"Casting News Magazine\",\"description\":\"News e aggiornamenti sui film, serie tv, teatro e festival italiani ed internazionali\",\"potentialAction\":[{\"@type\":\"SearchAction\",\"target\":{\"@type\":\"EntryPoint\",\"urlTemplate\":\"https:\\\/\\\/www.castingnews.eu\\\/magazine\\\/?s={search_term_string}\"},\"query-input\":{\"@type\":\"PropertyValueSpecification\",\"valueRequired\":true,\"valueName\":\"search_term_string\"}}],\"inLanguage\":\"it-IT\"},{\"@type\":\"Person\",\"@id\":\"https:\\\/\\\/www.castingnews.eu\\\/magazine\\\/#\\\/schema\\\/person\\\/099d71c568c9a7e5e4037b1594108f17\",\"name\":\"Redazione\",\"image\":{\"@type\":\"ImageObject\",\"inLanguage\":\"it-IT\",\"@id\":\"https:\\\/\\\/secure.gravatar.com\\\/avatar\\\/b73a087aa3bd279fb70d24f1960a91c82cf67619395b60b564c90e9e5d5325fc?s=96&d=mm&r=g\",\"url\":\"https:\\\/\\\/secure.gravatar.com\\\/avatar\\\/b73a087aa3bd279fb70d24f1960a91c82cf67619395b60b564c90e9e5d5325fc?s=96&d=mm&r=g\",\"contentUrl\":\"https:\\\/\\\/secure.gravatar.com\\\/avatar\\\/b73a087aa3bd279fb70d24f1960a91c82cf67619395b60b564c90e9e5d5325fc?s=96&d=mm&r=g\",\"caption\":\"Redazione\"},\"description\":\"News e aggiornamenti sui film, serie tv, teatro e festival italiani ed internazionali.\",\"url\":\"https:\\\/\\\/www.castingnews.eu\\\/magazine\\\/author\\\/redazione\\\/\"}]}<\/script>\r\n<!-- \/ Yoast SEO plugin. -->","yoast_head_json":{"title":"VIII Festival Internazionale di Cinema dell\u2019Aquila - Casting News Magazine","description":"L\u2019Associazione Culturale \u201cL\u2019Idea di Cl\u00e8ves\u201d bandisce un concorso per la realizzazione di opere cinematografiche a tema libero.","robots":{"index":"index","follow":"follow","max-snippet":"max-snippet:-1","max-image-preview":"max-image-preview:large","max-video-preview":"max-video-preview:-1"},"canonical":"https:\/\/www.castingnews.eu\/magazine\/2014\/05\/10\/viii-festival-internazionale-cinema-dellaquila\/","og_locale":"it_IT","og_type":"article","og_title":"VIII Festival Internazionale di Cinema dell\u2019Aquila - Casting News Magazine","og_description":"L\u2019Associazione Culturale \u201cL\u2019Idea di Cl\u00e8ves\u201d bandisce un concorso per la realizzazione di opere cinematografiche a tema libero.","og_url":"https:\/\/www.castingnews.eu\/magazine\/2014\/05\/10\/viii-festival-internazionale-cinema-dellaquila\/","og_site_name":"Casting News Magazine","article_published_time":"2014-05-10T10:53:07+00:00","author":"Redazione","twitter_card":"summary_large_image","twitter_misc":{"Scritto da":"Redazione","Tempo di lettura stimato":"3 minuti"},"schema":{"@context":"https:\/\/schema.org","@graph":[{"@type":"Article","@id":"https:\/\/www.castingnews.eu\/magazine\/2014\/05\/10\/viii-festival-internazionale-cinema-dellaquila\/#article","isPartOf":{"@id":"https:\/\/www.castingnews.eu\/magazine\/2014\/05\/10\/viii-festival-internazionale-cinema-dellaquila\/"},"author":{"name":"Redazione","@id":"https:\/\/www.castingnews.eu\/magazine\/#\/schema\/person\/099d71c568c9a7e5e4037b1594108f17"},"headline":"VIII Festival Internazionale di Cinema dell\u2019Aquila","datePublished":"2014-05-10T10:53:07+00:00","mainEntityOfPage":{"@id":"https:\/\/www.castingnews.eu\/magazine\/2014\/05\/10\/viii-festival-internazionale-cinema-dellaquila\/"},"wordCount":615,"commentCount":0,"image":{"@id":"https:\/\/www.castingnews.eu\/magazine\/2014\/05\/10\/viii-festival-internazionale-cinema-dellaquila\/#primaryimage"},"thumbnailUrl":"","keywords":["Aquila","Concorso","Cortometraggi","Festival Internazionale","L\u2019Idea di Cl\u00e8ves","Lungometraggi"],"articleSection":["Cortometraggi","Festival","Film","Italia","Primo piano"],"inLanguage":"it-IT","potentialAction":[{"@type":"CommentAction","name":"Comment","target":["https:\/\/www.castingnews.eu\/magazine\/2014\/05\/10\/viii-festival-internazionale-cinema-dellaquila\/#respond"]}]},{"@type":"WebPage","@id":"https:\/\/www.castingnews.eu\/magazine\/2014\/05\/10\/viii-festival-internazionale-cinema-dellaquila\/","url":"https:\/\/www.castingnews.eu\/magazine\/2014\/05\/10\/viii-festival-internazionale-cinema-dellaquila\/","name":"VIII Festival Internazionale di Cinema dell\u2019Aquila - Casting News Magazine","isPartOf":{"@id":"https:\/\/www.castingnews.eu\/magazine\/#website"},"primaryImageOfPage":{"@id":"https:\/\/www.castingnews.eu\/magazine\/2014\/05\/10\/viii-festival-internazionale-cinema-dellaquila\/#primaryimage"},"image":{"@id":"https:\/\/www.castingnews.eu\/magazine\/2014\/05\/10\/viii-festival-internazionale-cinema-dellaquila\/#primaryimage"},"thumbnailUrl":"","datePublished":"2014-05-10T10:53:07+00:00","author":{"@id":"https:\/\/www.castingnews.eu\/magazine\/#\/schema\/person\/099d71c568c9a7e5e4037b1594108f17"},"description":"L\u2019Associazione Culturale \u201cL\u2019Idea di Cl\u00e8ves\u201d bandisce un concorso per la realizzazione di opere cinematografiche a tema libero.","breadcrumb":{"@id":"https:\/\/www.castingnews.eu\/magazine\/2014\/05\/10\/viii-festival-internazionale-cinema-dellaquila\/#breadcrumb"},"inLanguage":"it-IT","potentialAction":[{"@type":"ReadAction","target":["https:\/\/www.castingnews.eu\/magazine\/2014\/05\/10\/viii-festival-internazionale-cinema-dellaquila\/"]}]},{"@type":"ImageObject","inLanguage":"it-IT","@id":"https:\/\/www.castingnews.eu\/magazine\/2014\/05\/10\/viii-festival-internazionale-cinema-dellaquila\/#primaryimage","url":"","contentUrl":""},{"@type":"BreadcrumbList","@id":"https:\/\/www.castingnews.eu\/magazine\/2014\/05\/10\/viii-festival-internazionale-cinema-dellaquila\/#breadcrumb","itemListElement":[{"@type":"ListItem","position":1,"name":"Home","item":"https:\/\/www.castingnews.eu\/magazine\/"},{"@type":"ListItem","position":2,"name":"VIII Festival Internazionale di Cinema dell\u2019Aquila"}]},{"@type":"WebSite","@id":"https:\/\/www.castingnews.eu\/magazine\/#website","url":"https:\/\/www.castingnews.eu\/magazine\/","name":"Casting News Magazine","description":"News e aggiornamenti sui film, serie tv, teatro e festival italiani ed internazionali","potentialAction":[{"@type":"SearchAction","target":{"@type":"EntryPoint","urlTemplate":"https:\/\/www.castingnews.eu\/magazine\/?s={search_term_string}"},"query-input":{"@type":"PropertyValueSpecification","valueRequired":true,"valueName":"search_term_string"}}],"inLanguage":"it-IT"},{"@type":"Person","@id":"https:\/\/www.castingnews.eu\/magazine\/#\/schema\/person\/099d71c568c9a7e5e4037b1594108f17","name":"Redazione","image":{"@type":"ImageObject","inLanguage":"it-IT","@id":"https:\/\/secure.gravatar.com\/avatar\/b73a087aa3bd279fb70d24f1960a91c82cf67619395b60b564c90e9e5d5325fc?s=96&d=mm&r=g","url":"https:\/\/secure.gravatar.com\/avatar\/b73a087aa3bd279fb70d24f1960a91c82cf67619395b60b564c90e9e5d5325fc?s=96&d=mm&r=g","contentUrl":"https:\/\/secure.gravatar.com\/avatar\/b73a087aa3bd279fb70d24f1960a91c82cf67619395b60b564c90e9e5d5325fc?s=96&d=mm&r=g","caption":"Redazione"},"description":"News e aggiornamenti sui film, serie tv, teatro e festival italiani ed internazionali.","url":"https:\/\/www.castingnews.eu\/magazine\/author\/redazione\/"}]}},"_links":{"self":[{"href":"https:\/\/www.castingnews.eu\/magazine\/wp-json\/wp\/v2\/posts\/1352","targetHints":{"allow":["GET"]}}],"collection":[{"href":"https:\/\/www.castingnews.eu\/magazine\/wp-json\/wp\/v2\/posts"}],"about":[{"href":"https:\/\/www.castingnews.eu\/magazine\/wp-json\/wp\/v2\/types\/post"}],"author":[{"embeddable":true,"href":"https:\/\/www.castingnews.eu\/magazine\/wp-json\/wp\/v2\/users\/1"}],"replies":[{"embeddable":true,"href":"https:\/\/www.castingnews.eu\/magazine\/wp-json\/wp\/v2\/comments?post=1352"}],"version-history":[{"count":0,"href":"https:\/\/www.castingnews.eu\/magazine\/wp-json\/wp\/v2\/posts\/1352\/revisions"}],"wp:featuredmedia":[{"embeddable":true,"href":"https:\/\/www.castingnews.eu\/magazine\/wp-json\/"}],"wp:attachment":[{"href":"https:\/\/www.castingnews.eu\/magazine\/wp-json\/wp\/v2\/media?parent=1352"}],"wp:term":[{"taxonomy":"category","embeddable":true,"href":"https:\/\/www.castingnews.eu\/magazine\/wp-json\/wp\/v2\/categories?post=1352"},{"taxonomy":"post_tag","embeddable":true,"href":"https:\/\/www.castingnews.eu\/magazine\/wp-json\/wp\/v2\/tags?post=1352"}],"curies":[{"name":"wp","href":"https:\/\/api.w.org\/{rel}","templated":true}]}}