{"id":13238,"date":"2026-09-06T15:44:02","date_gmt":"2026-09-06T13:44:02","guid":{"rendered":"https:\/\/www.castingnews.eu\/magazine\/?p=13238"},"modified":"2026-09-06T15:47:50","modified_gmt":"2026-09-06T13:47:50","slug":"creatura-casting-in-valle-daosta-per-bambini-e-attori-adulti","status":"publish","type":"post","link":"https:\/\/www.castingnews.eu\/magazine\/2026\/09\/06\/creatura-casting-in-valle-daosta-per-bambini-e-attori-adulti\/","title":{"rendered":"\u00abCreatura!\u00bb: casting in Valle d\u2019Aosta per bambini e attori adulti"},"content":{"rendered":"\n<p class=\"wp-block-paragraph\">La produzione <strong>I Cammelli S.a.s.<\/strong> ha avviato i casting per la realizzazione del cortometraggio <strong>\u00abCreatura!\u00bb<\/strong>, le cui riprese si svolgeranno <strong>in Valle d\u2019Aosta nella primavera del 2027<\/strong>.<br>Il progetto sar\u00e0 realizzato con il sostegno dello <strong>Short Film Fund<\/strong>.<\/p><div class=\"6d3639e8c6ac292cde400fad8ff8a5b9\" data-index=\"1\" style=\"float: none; margin:10px 0 10px 0; text-align:center;\">\n<script async src=\"\/\/pagead2.googlesyndication.com\/pagead\/js\/adsbygoogle.js\"><\/script>\r\n<!-- Casting Bambini NEW -->\r\n<ins class=\"adsbygoogle\"\r\n     style=\"display:inline-block;width:336px;height:280px\"\r\n     data-ad-client=\"ca-pub-5538097485429833\"\r\n     data-ad-slot=\"5127154445\"><\/ins>\r\n<script>\r\n(adsbygoogle = window.adsbygoogle || []).push({});\r\n<\/script>\n<\/div>\n\n\n\n\n<h2 class=\"wp-block-heading\">Figure ricercate<\/h2>\n\n\n\n<p class=\"wp-block-paragraph\">Per il ruolo principale, la produzione cerca: <strong>un bambino o una bambina<\/strong> con et\u00e0 scenica compresa tra i <strong>6 e i 9 anni<\/strong>.<\/p>\n\n\n\n<p class=\"wp-block-paragraph\">Per i ruoli secondari si cercano:<\/p>\n\n\n\n<ul class=\"wp-block-list\">\n<li><strong>una donna<\/strong> con et\u00e0 scenica compresa tra i <strong>30 e i 45 anni<\/strong>;<\/li>\n\n\n\n<li><strong>un uomo<\/strong> con et\u00e0 scenica compresa tra i <strong>30 e i 45 anni<\/strong>.<\/li>\n<\/ul>\n\n\n\n<p class=\"wp-block-paragraph\">Per tutte le figure selezionate \u00e8 prevista <strong>regolare retribuzione<\/strong>.<\/p>\n\n\n\n<h2 class=\"wp-block-heading\">Materiale richiesto per i minori<\/h2>\n\n\n\n<p class=\"wp-block-paragraph\">La candidatura dei bambini dovr\u00e0 essere inviata da un genitore o da chi ne esercita la responsabilit\u00e0 genitoriale. \u00c8 necessario preparare:<\/p>\n\n\n\n<ul class=\"wp-block-list\">\n<li>una fotografia in primo piano;<\/li>\n\n\n\n<li>un video in primo piano, con inquadratura del volto e delle spalle, nel quale il bambino o la bambina risponda alle seguenti domande:<\/li>\n<\/ul>\n\n\n\n<ol class=\"wp-block-list\">\n<li>Come ti chiami e quanti anni hai?<\/li>\n\n\n\n<li>Qual \u00e8 la cosa che ti piace fare durante le tue giornate?<\/li>\n\n\n\n<li>Chi vorresti diventare?<\/li>\n\n\n\n<li>C\u2019\u00e8 qualcosa che ti fa paura? Se s\u00ec, che cosa?<\/li>\n\n\n\n<li>Che cosa non ti piace degli adulti?<\/li>\n\n\n\n<li>Se avessi una bacchetta magica, quale sarebbe il tuo desiderio?<\/li>\n\n\n\n<li>Quale animale vorresti essere e perch\u00e9?<\/li>\n\n\n\n<li>Conosci il patois? Se s\u00ec, raccontaci qualcosa oppure canta una canzone.<\/li>\n<\/ol>\n\n\n\n<h2 class=\"wp-block-heading\">Materiale richiesto per gli adulti<\/h2>\n\n\n\n<p class=\"wp-block-paragraph\">Le candidate e i candidati adulti dovranno presentare:<\/p>\n\n\n\n<ul class=\"wp-block-list\">\n<li>una fotografia in primo piano;<\/li>\n\n\n\n<li>un video in primo piano contenente una breve presentazione, nella quale specificare:\n<ul class=\"wp-block-list\">\n<li>eventuali precedenti esperienze di recitazione;<\/li>\n\n\n\n<li>eventuale esperienza con animali da allevamento;<\/li>\n\n\n\n<li>conoscenza del patois;<\/li>\n<\/ul>\n<\/li>\n\n\n\n<li>un eventuale showreel, nel caso di attori professionisti.<\/li>\n<\/ul>\n\n\n\n<h2 class=\"wp-block-heading\">Riprese e modalit\u00e0 di candidatura<\/h2>\n\n\n\n<p class=\"wp-block-paragraph\">Le riprese di <strong>\u00abCreatura!\u00bb<\/strong> sono previste <strong>in Valle d\u2019Aosta durante la primavera del 2027<\/strong>.<\/p>\n\n\n\n<p class=\"wp-block-paragraph\">Gli interessati possono inviare la propria candidatura compilando l\u2019apposito <a href=\"https:\/\/docs.google.com\/forms\/d\/e\/1FAIpQLSfmu4qC7bpqjP2N4CuKLSAljHrLtwzfAzh20L__dpzfVeNOdQ\/viewform?pli=1\" target=\"_blank\" rel=\"noreferrer noopener\"><strong>formulario online<\/strong><\/a>.<\/p>\n\n\n\n<p class=\"wp-block-paragraph\">Il casting \u00e8 curato da <strong>I Cammelli S.a.s.<\/strong><\/p>\n\n\n\n<p class=\"wp-block-paragraph\">Per ulteriori informazioni \u00e8 possibile scrivere all\u2019indirizzo e-mail <strong><a href=\"mailto:amministrazione@icammelli.com\">amministrazione@icammelli.com<\/a><\/strong>.<\/p>\n\n\n\n<p class=\"wp-block-paragraph\">Iscriviti alla<strong>&nbsp;<a href=\"https:\/\/www.castingnews.eu\/newsletter\/\" target=\"_blank\" rel=\"noreferrer noopener\">newsletter giornaliera<\/a><\/strong>&nbsp;di Casting News Professional per ricevere le ultime notizie sui casting aperti, provini e audizioni.<\/p>\n\n<div style=\"font-size: 0px; height: 0px; line-height: 0px; margin: 0; padding: 0; clear: both;\"><\/div>","protected":false},"excerpt":{"rendered":"<p>La produzione I Cammelli S.a.s. ha avviato i casting per la realizzazione del cortometraggio \u00abCreatura!\u00bb, le cui riprese si svolgeranno in Valle d\u2019Aosta nella primavera del 2027.Il progetto sar\u00e0 realizzato con il sostegno dello Short Film Fund. Figure ricercate Per il ruolo principale, la produzione cerca: un bambino o una bambina con et\u00e0 scenica compresa [&hellip;]<\/p>\n","protected":false},"author":1,"featured_media":13239,"comment_status":"open","ping_status":"open","sticky":false,"template":"","format":"standard","meta":{"tdm_status":"","tdm_grid_status":"","footnotes":""},"categories":[3760,1533,71,3970],"tags":[2221,11761,1630,11751,6563,11752,272,273,11757,11759,9681,11754,11753,11755,11756,11760,11758],"class_list":["post-13238","post","type-post","status-publish","format-standard","has-post-thumbnail","category-cortometraggi-casting-provini","category-featured","category-italia-paese","category-val-daosta","tag-casting-attori","tag-casting-attori-30-45-anni","tag-casting-bambini","tag-casting-bambini-6-9-anni","tag-casting-cortometraggio","tag-casting-creatura","tag-casting-magazine","tag-casting-news","tag-casting-patois","tag-casting-primavera-2027","tag-casting-retribuito","tag-casting-valle-daosta","tag-cortometraggio-creatura","tag-cortometraggio-valle-daosta","tag-i-cammelli","tag-provini-cortometraggio","tag-short-film-fund"],"yoast_head":"<!-- This site is optimized with the Yoast SEO plugin v28.4 - https:\/\/yoast.com\/product\/yoast-seo-wordpress\/ -->\r\n<title>\u00abCreatura!\u00bb: casting in Valle d\u2019Aosta per bambini e attori adulti - Casting News Magazine<\/title>\r\n<meta name=\"description\" content=\"Aperti i casting per il cortometraggio \u00abCreatura!\u00bb: selezioni per bambini e attori adulti. Riprese in Valle d\u2019Aosta nella primavera del 2027.\" \/>\r\n<meta name=\"robots\" content=\"index, follow, max-snippet:-1, max-image-preview:large, max-video-preview:-1\" \/>\r\n<link rel=\"canonical\" href=\"https:\/\/www.castingnews.eu\/magazine\/2026\/09\/06\/creatura-casting-in-valle-daosta-per-bambini-e-attori-adulti\/\" \/>\r\n<meta property=\"og:locale\" content=\"it_IT\" \/>\r\n<meta property=\"og:type\" content=\"article\" \/>\r\n<meta property=\"og:title\" content=\"\u00abCreatura!\u00bb: casting in Valle d\u2019Aosta per bambini e attori adulti - Casting News Magazine\" \/>\r\n<meta property=\"og:description\" content=\"Aperti i casting per il cortometraggio \u00abCreatura!\u00bb: selezioni per bambini e attori adulti. Riprese in Valle d\u2019Aosta nella primavera del 2027.\" \/>\r\n<meta property=\"og:url\" content=\"https:\/\/www.castingnews.eu\/magazine\/2026\/09\/06\/creatura-casting-in-valle-daosta-per-bambini-e-attori-adulti\/\" \/>\r\n<meta property=\"og:site_name\" content=\"Casting News Magazine\" \/>\r\n<meta property=\"article:published_time\" content=\"2026-09-06T13:44:02+00:00\" \/>\r\n<meta property=\"article:modified_time\" content=\"2026-09-06T13:47:50+00:00\" \/>\r\n<meta property=\"og:image\" content=\"https:\/\/www.castingnews.eu\/magazine\/wp-content\/uploads\/2026\/09\/casting-cortometraggio-creatura-valle-d-aosta-2027.jpg\" \/>\r\n\t<meta property=\"og:image:width\" content=\"1200\" \/>\r\n\t<meta property=\"og:image:height\" content=\"676\" \/>\r\n\t<meta property=\"og:image:type\" content=\"image\/jpeg\" \/>\r\n<meta name=\"author\" content=\"Redazione\" \/>\r\n<meta name=\"twitter:card\" content=\"summary_large_image\" \/>\r\n<meta name=\"twitter:label1\" content=\"Scritto da\" \/>\n\t<meta name=\"twitter:data1\" content=\"Redazione\" \/>\n\t<meta name=\"twitter:label2\" content=\"Tempo di lettura stimato\" \/>\n\t<meta name=\"twitter:data2\" content=\"3 minuti\" \/>\r\n<script type=\"application\/ld+json\" class=\"yoast-schema-graph\">{\"@context\":\"https:\\\/\\\/schema.org\",\"@graph\":[{\"@type\":\"Article\",\"@id\":\"https:\\\/\\\/www.castingnews.eu\\\/magazine\\\/2026\\\/09\\\/06\\\/creatura-casting-in-valle-daosta-per-bambini-e-attori-adulti\\\/#article\",\"isPartOf\":{\"@id\":\"https:\\\/\\\/www.castingnews.eu\\\/magazine\\\/2026\\\/09\\\/06\\\/creatura-casting-in-valle-daosta-per-bambini-e-attori-adulti\\\/\"},\"author\":{\"name\":\"Redazione\",\"@id\":\"https:\\\/\\\/www.castingnews.eu\\\/magazine\\\/#\\\/schema\\\/person\\\/099d71c568c9a7e5e4037b1594108f17\"},\"headline\":\"\u00abCreatura!\u00bb: casting in Valle d\u2019Aosta per bambini e attori adulti\",\"datePublished\":\"2026-09-06T13:44:02+00:00\",\"dateModified\":\"2026-09-06T13:47:50+00:00\",\"mainEntityOfPage\":{\"@id\":\"https:\\\/\\\/www.castingnews.eu\\\/magazine\\\/2026\\\/09\\\/06\\\/creatura-casting-in-valle-daosta-per-bambini-e-attori-adulti\\\/\"},\"wordCount\":352,\"commentCount\":0,\"image\":{\"@id\":\"https:\\\/\\\/www.castingnews.eu\\\/magazine\\\/2026\\\/09\\\/06\\\/creatura-casting-in-valle-daosta-per-bambini-e-attori-adulti\\\/#primaryimage\"},\"thumbnailUrl\":\"https:\\\/\\\/www.castingnews.eu\\\/magazine\\\/wp-content\\\/uploads\\\/2026\\\/09\\\/casting-cortometraggio-creatura-valle-d-aosta-2027.jpg\",\"keywords\":[\"casting attori\",\"casting attori 30 45 anni\",\"casting bambini\",\"casting bambini 6 9 anni\",\"Casting cortometraggio\",\"casting Creatura\",\"Casting Magazine\",\"Casting News\",\"casting patois\",\"casting primavera 2027\",\"casting retribuito\",\"casting Valle d\u2019Aosta\",\"cortometraggio Creatura\",\"cortometraggio Valle d\u2019Aosta\",\"I Cammelli\",\"provini cortometraggio\",\"Short Film Fund\"],\"articleSection\":[\"Cortometraggi\",\"In primo piano\",\"Italia\",\"Val d'Aosta\"],\"inLanguage\":\"it-IT\",\"potentialAction\":[{\"@type\":\"CommentAction\",\"name\":\"Comment\",\"target\":[\"https:\\\/\\\/www.castingnews.eu\\\/magazine\\\/2026\\\/09\\\/06\\\/creatura-casting-in-valle-daosta-per-bambini-e-attori-adulti\\\/#respond\"]}]},{\"@type\":\"WebPage\",\"@id\":\"https:\\\/\\\/www.castingnews.eu\\\/magazine\\\/2026\\\/09\\\/06\\\/creatura-casting-in-valle-daosta-per-bambini-e-attori-adulti\\\/\",\"url\":\"https:\\\/\\\/www.castingnews.eu\\\/magazine\\\/2026\\\/09\\\/06\\\/creatura-casting-in-valle-daosta-per-bambini-e-attori-adulti\\\/\",\"name\":\"\u00abCreatura!\u00bb: casting in Valle d\u2019Aosta per bambini e attori adulti - Casting News Magazine\",\"isPartOf\":{\"@id\":\"https:\\\/\\\/www.castingnews.eu\\\/magazine\\\/#website\"},\"primaryImageOfPage\":{\"@id\":\"https:\\\/\\\/www.castingnews.eu\\\/magazine\\\/2026\\\/09\\\/06\\\/creatura-casting-in-valle-daosta-per-bambini-e-attori-adulti\\\/#primaryimage\"},\"image\":{\"@id\":\"https:\\\/\\\/www.castingnews.eu\\\/magazine\\\/2026\\\/09\\\/06\\\/creatura-casting-in-valle-daosta-per-bambini-e-attori-adulti\\\/#primaryimage\"},\"thumbnailUrl\":\"https:\\\/\\\/www.castingnews.eu\\\/magazine\\\/wp-content\\\/uploads\\\/2026\\\/09\\\/casting-cortometraggio-creatura-valle-d-aosta-2027.jpg\",\"datePublished\":\"2026-09-06T13:44:02+00:00\",\"dateModified\":\"2026-09-06T13:47:50+00:00\",\"author\":{\"@id\":\"https:\\\/\\\/www.castingnews.eu\\\/magazine\\\/#\\\/schema\\\/person\\\/099d71c568c9a7e5e4037b1594108f17\"},\"description\":\"Aperti i casting per il cortometraggio \u00abCreatura!\u00bb: selezioni per bambini e attori adulti. Riprese in Valle d\u2019Aosta nella primavera del 2027.\",\"breadcrumb\":{\"@id\":\"https:\\\/\\\/www.castingnews.eu\\\/magazine\\\/2026\\\/09\\\/06\\\/creatura-casting-in-valle-daosta-per-bambini-e-attori-adulti\\\/#breadcrumb\"},\"inLanguage\":\"it-IT\",\"potentialAction\":[{\"@type\":\"ReadAction\",\"target\":[\"https:\\\/\\\/www.castingnews.eu\\\/magazine\\\/2026\\\/09\\\/06\\\/creatura-casting-in-valle-daosta-per-bambini-e-attori-adulti\\\/\"]}]},{\"@type\":\"ImageObject\",\"inLanguage\":\"it-IT\",\"@id\":\"https:\\\/\\\/www.castingnews.eu\\\/magazine\\\/2026\\\/09\\\/06\\\/creatura-casting-in-valle-daosta-per-bambini-e-attori-adulti\\\/#primaryimage\",\"url\":\"https:\\\/\\\/www.castingnews.eu\\\/magazine\\\/wp-content\\\/uploads\\\/2026\\\/09\\\/casting-cortometraggio-creatura-valle-d-aosta-2027.jpg\",\"contentUrl\":\"https:\\\/\\\/www.castingnews.eu\\\/magazine\\\/wp-content\\\/uploads\\\/2026\\\/09\\\/casting-cortometraggio-creatura-valle-d-aosta-2027.jpg\",\"width\":1200,\"height\":676,\"caption\":\"Casting per \u00abCreatura!\u00bb in Valle d\u2019Aosta\"},{\"@type\":\"BreadcrumbList\",\"@id\":\"https:\\\/\\\/www.castingnews.eu\\\/magazine\\\/2026\\\/09\\\/06\\\/creatura-casting-in-valle-daosta-per-bambini-e-attori-adulti\\\/#breadcrumb\",\"itemListElement\":[{\"@type\":\"ListItem\",\"position\":1,\"name\":\"Home\",\"item\":\"https:\\\/\\\/www.castingnews.eu\\\/magazine\\\/\"},{\"@type\":\"ListItem\",\"position\":2,\"name\":\"\u00abCreatura!\u00bb: casting in Valle d\u2019Aosta per bambini e attori adulti\"}]},{\"@type\":\"WebSite\",\"@id\":\"https:\\\/\\\/www.castingnews.eu\\\/magazine\\\/#website\",\"url\":\"https:\\\/\\\/www.castingnews.eu\\\/magazine\\\/\",\"name\":\"Casting News Magazine\",\"description\":\"News e aggiornamenti sui film, serie tv, teatro e festival italiani ed internazionali\",\"potentialAction\":[{\"@type\":\"SearchAction\",\"target\":{\"@type\":\"EntryPoint\",\"urlTemplate\":\"https:\\\/\\\/www.castingnews.eu\\\/magazine\\\/?s={search_term_string}\"},\"query-input\":{\"@type\":\"PropertyValueSpecification\",\"valueRequired\":true,\"valueName\":\"search_term_string\"}}],\"inLanguage\":\"it-IT\"},{\"@type\":\"Person\",\"@id\":\"https:\\\/\\\/www.castingnews.eu\\\/magazine\\\/#\\\/schema\\\/person\\\/099d71c568c9a7e5e4037b1594108f17\",\"name\":\"Redazione\",\"image\":{\"@type\":\"ImageObject\",\"inLanguage\":\"it-IT\",\"@id\":\"https:\\\/\\\/secure.gravatar.com\\\/avatar\\\/b73a087aa3bd279fb70d24f1960a91c82cf67619395b60b564c90e9e5d5325fc?s=96&d=mm&r=g\",\"url\":\"https:\\\/\\\/secure.gravatar.com\\\/avatar\\\/b73a087aa3bd279fb70d24f1960a91c82cf67619395b60b564c90e9e5d5325fc?s=96&d=mm&r=g\",\"contentUrl\":\"https:\\\/\\\/secure.gravatar.com\\\/avatar\\\/b73a087aa3bd279fb70d24f1960a91c82cf67619395b60b564c90e9e5d5325fc?s=96&d=mm&r=g\",\"caption\":\"Redazione\"},\"description\":\"News e aggiornamenti sui film, serie tv, teatro e festival italiani ed internazionali.\",\"url\":\"https:\\\/\\\/www.castingnews.eu\\\/magazine\\\/author\\\/redazione\\\/\"}]}<\/script>\r\n<!-- \/ Yoast SEO plugin. -->","yoast_head_json":{"title":"\u00abCreatura!\u00bb: casting in Valle d\u2019Aosta per bambini e attori adulti - Casting News Magazine","description":"Aperti i casting per il cortometraggio \u00abCreatura!\u00bb: selezioni per bambini e attori adulti. Riprese in Valle d\u2019Aosta nella primavera del 2027.","robots":{"index":"index","follow":"follow","max-snippet":"max-snippet:-1","max-image-preview":"max-image-preview:large","max-video-preview":"max-video-preview:-1"},"canonical":"https:\/\/www.castingnews.eu\/magazine\/2026\/09\/06\/creatura-casting-in-valle-daosta-per-bambini-e-attori-adulti\/","og_locale":"it_IT","og_type":"article","og_title":"\u00abCreatura!\u00bb: casting in Valle d\u2019Aosta per bambini e attori adulti - Casting News Magazine","og_description":"Aperti i casting per il cortometraggio \u00abCreatura!\u00bb: selezioni per bambini e attori adulti. Riprese in Valle d\u2019Aosta nella primavera del 2027.","og_url":"https:\/\/www.castingnews.eu\/magazine\/2026\/09\/06\/creatura-casting-in-valle-daosta-per-bambini-e-attori-adulti\/","og_site_name":"Casting News Magazine","article_published_time":"2026-09-06T13:44:02+00:00","article_modified_time":"2026-09-06T13:47:50+00:00","og_image":[{"width":1200,"height":676,"url":"https:\/\/www.castingnews.eu\/magazine\/wp-content\/uploads\/2026\/09\/casting-cortometraggio-creatura-valle-d-aosta-2027.jpg","type":"image\/jpeg"}],"author":"Redazione","twitter_card":"summary_large_image","twitter_misc":{"Scritto da":"Redazione","Tempo di lettura stimato":"3 minuti"},"schema":{"@context":"https:\/\/schema.org","@graph":[{"@type":"Article","@id":"https:\/\/www.castingnews.eu\/magazine\/2026\/09\/06\/creatura-casting-in-valle-daosta-per-bambini-e-attori-adulti\/#article","isPartOf":{"@id":"https:\/\/www.castingnews.eu\/magazine\/2026\/09\/06\/creatura-casting-in-valle-daosta-per-bambini-e-attori-adulti\/"},"author":{"name":"Redazione","@id":"https:\/\/www.castingnews.eu\/magazine\/#\/schema\/person\/099d71c568c9a7e5e4037b1594108f17"},"headline":"\u00abCreatura!\u00bb: casting in Valle d\u2019Aosta per bambini e attori adulti","datePublished":"2026-09-06T13:44:02+00:00","dateModified":"2026-09-06T13:47:50+00:00","mainEntityOfPage":{"@id":"https:\/\/www.castingnews.eu\/magazine\/2026\/09\/06\/creatura-casting-in-valle-daosta-per-bambini-e-attori-adulti\/"},"wordCount":352,"commentCount":0,"image":{"@id":"https:\/\/www.castingnews.eu\/magazine\/2026\/09\/06\/creatura-casting-in-valle-daosta-per-bambini-e-attori-adulti\/#primaryimage"},"thumbnailUrl":"https:\/\/www.castingnews.eu\/magazine\/wp-content\/uploads\/2026\/09\/casting-cortometraggio-creatura-valle-d-aosta-2027.jpg","keywords":["casting attori","casting attori 30 45 anni","casting bambini","casting bambini 6 9 anni","Casting cortometraggio","casting Creatura","Casting Magazine","Casting News","casting patois","casting primavera 2027","casting retribuito","casting Valle d\u2019Aosta","cortometraggio Creatura","cortometraggio Valle d\u2019Aosta","I Cammelli","provini cortometraggio","Short Film Fund"],"articleSection":["Cortometraggi","In primo piano","Italia","Val d'Aosta"],"inLanguage":"it-IT","potentialAction":[{"@type":"CommentAction","name":"Comment","target":["https:\/\/www.castingnews.eu\/magazine\/2026\/09\/06\/creatura-casting-in-valle-daosta-per-bambini-e-attori-adulti\/#respond"]}]},{"@type":"WebPage","@id":"https:\/\/www.castingnews.eu\/magazine\/2026\/09\/06\/creatura-casting-in-valle-daosta-per-bambini-e-attori-adulti\/","url":"https:\/\/www.castingnews.eu\/magazine\/2026\/09\/06\/creatura-casting-in-valle-daosta-per-bambini-e-attori-adulti\/","name":"\u00abCreatura!\u00bb: casting in Valle d\u2019Aosta per bambini e attori adulti - Casting News Magazine","isPartOf":{"@id":"https:\/\/www.castingnews.eu\/magazine\/#website"},"primaryImageOfPage":{"@id":"https:\/\/www.castingnews.eu\/magazine\/2026\/09\/06\/creatura-casting-in-valle-daosta-per-bambini-e-attori-adulti\/#primaryimage"},"image":{"@id":"https:\/\/www.castingnews.eu\/magazine\/2026\/09\/06\/creatura-casting-in-valle-daosta-per-bambini-e-attori-adulti\/#primaryimage"},"thumbnailUrl":"https:\/\/www.castingnews.eu\/magazine\/wp-content\/uploads\/2026\/09\/casting-cortometraggio-creatura-valle-d-aosta-2027.jpg","datePublished":"2026-09-06T13:44:02+00:00","dateModified":"2026-09-06T13:47:50+00:00","author":{"@id":"https:\/\/www.castingnews.eu\/magazine\/#\/schema\/person\/099d71c568c9a7e5e4037b1594108f17"},"description":"Aperti i casting per il cortometraggio \u00abCreatura!\u00bb: selezioni per bambini e attori adulti. Riprese in Valle d\u2019Aosta nella primavera del 2027.","breadcrumb":{"@id":"https:\/\/www.castingnews.eu\/magazine\/2026\/09\/06\/creatura-casting-in-valle-daosta-per-bambini-e-attori-adulti\/#breadcrumb"},"inLanguage":"it-IT","potentialAction":[{"@type":"ReadAction","target":["https:\/\/www.castingnews.eu\/magazine\/2026\/09\/06\/creatura-casting-in-valle-daosta-per-bambini-e-attori-adulti\/"]}]},{"@type":"ImageObject","inLanguage":"it-IT","@id":"https:\/\/www.castingnews.eu\/magazine\/2026\/09\/06\/creatura-casting-in-valle-daosta-per-bambini-e-attori-adulti\/#primaryimage","url":"https:\/\/www.castingnews.eu\/magazine\/wp-content\/uploads\/2026\/09\/casting-cortometraggio-creatura-valle-d-aosta-2027.jpg","contentUrl":"https:\/\/www.castingnews.eu\/magazine\/wp-content\/uploads\/2026\/09\/casting-cortometraggio-creatura-valle-d-aosta-2027.jpg","width":1200,"height":676,"caption":"Casting per \u00abCreatura!\u00bb in Valle d\u2019Aosta"},{"@type":"BreadcrumbList","@id":"https:\/\/www.castingnews.eu\/magazine\/2026\/09\/06\/creatura-casting-in-valle-daosta-per-bambini-e-attori-adulti\/#breadcrumb","itemListElement":[{"@type":"ListItem","position":1,"name":"Home","item":"https:\/\/www.castingnews.eu\/magazine\/"},{"@type":"ListItem","position":2,"name":"\u00abCreatura!\u00bb: casting in Valle d\u2019Aosta per bambini e attori adulti"}]},{"@type":"WebSite","@id":"https:\/\/www.castingnews.eu\/magazine\/#website","url":"https:\/\/www.castingnews.eu\/magazine\/","name":"Casting News Magazine","description":"News e aggiornamenti sui film, serie tv, teatro e festival italiani ed internazionali","potentialAction":[{"@type":"SearchAction","target":{"@type":"EntryPoint","urlTemplate":"https:\/\/www.castingnews.eu\/magazine\/?s={search_term_string}"},"query-input":{"@type":"PropertyValueSpecification","valueRequired":true,"valueName":"search_term_string"}}],"inLanguage":"it-IT"},{"@type":"Person","@id":"https:\/\/www.castingnews.eu\/magazine\/#\/schema\/person\/099d71c568c9a7e5e4037b1594108f17","name":"Redazione","image":{"@type":"ImageObject","inLanguage":"it-IT","@id":"https:\/\/secure.gravatar.com\/avatar\/b73a087aa3bd279fb70d24f1960a91c82cf67619395b60b564c90e9e5d5325fc?s=96&d=mm&r=g","url":"https:\/\/secure.gravatar.com\/avatar\/b73a087aa3bd279fb70d24f1960a91c82cf67619395b60b564c90e9e5d5325fc?s=96&d=mm&r=g","contentUrl":"https:\/\/secure.gravatar.com\/avatar\/b73a087aa3bd279fb70d24f1960a91c82cf67619395b60b564c90e9e5d5325fc?s=96&d=mm&r=g","caption":"Redazione"},"description":"News e aggiornamenti sui film, serie tv, teatro e festival italiani ed internazionali.","url":"https:\/\/www.castingnews.eu\/magazine\/author\/redazione\/"}]}},"_links":{"self":[{"href":"https:\/\/www.castingnews.eu\/magazine\/wp-json\/wp\/v2\/posts\/13238","targetHints":{"allow":["GET"]}}],"collection":[{"href":"https:\/\/www.castingnews.eu\/magazine\/wp-json\/wp\/v2\/posts"}],"about":[{"href":"https:\/\/www.castingnews.eu\/magazine\/wp-json\/wp\/v2\/types\/post"}],"author":[{"embeddable":true,"href":"https:\/\/www.castingnews.eu\/magazine\/wp-json\/wp\/v2\/users\/1"}],"replies":[{"embeddable":true,"href":"https:\/\/www.castingnews.eu\/magazine\/wp-json\/wp\/v2\/comments?post=13238"}],"version-history":[{"count":4,"href":"https:\/\/www.castingnews.eu\/magazine\/wp-json\/wp\/v2\/posts\/13238\/revisions"}],"predecessor-version":[{"id":13244,"href":"https:\/\/www.castingnews.eu\/magazine\/wp-json\/wp\/v2\/posts\/13238\/revisions\/13244"}],"wp:featuredmedia":[{"embeddable":true,"href":"https:\/\/www.castingnews.eu\/magazine\/wp-json\/wp\/v2\/media\/13239"}],"wp:attachment":[{"href":"https:\/\/www.castingnews.eu\/magazine\/wp-json\/wp\/v2\/media?parent=13238"}],"wp:term":[{"taxonomy":"category","embeddable":true,"href":"https:\/\/www.castingnews.eu\/magazine\/wp-json\/wp\/v2\/categories?post=13238"},{"taxonomy":"post_tag","embeddable":true,"href":"https:\/\/www.castingnews.eu\/magazine\/wp-json\/wp\/v2\/tags?post=13238"}],"curies":[{"name":"wp","href":"https:\/\/api.w.org\/{rel}","templated":true}]}}