{"id":13207,"date":"2026-09-03T11:31:58","date_gmt":"2026-09-03T09:31:58","guid":{"rendered":"https:\/\/www.castingnews.eu\/magazine\/?p=13207"},"modified":"2026-09-03T11:32:02","modified_gmt":"2026-09-03T09:32:02","slug":"venezia-83-federica-luna-vincenti-madrina-del-sorriso-diverso-venezia-award-sedici-opere-in-nomination","status":"publish","type":"post","link":"https:\/\/www.castingnews.eu\/magazine\/2026\/09\/03\/venezia-83-federica-luna-vincenti-madrina-del-sorriso-diverso-venezia-award-sedici-opere-in-nomination\/","title":{"rendered":"Venezia 83, Federica Luna Vincenti madrina del Sorriso Diverso Venezia Award: sedici opere in nomination"},"content":{"rendered":"\n<p class=\"wp-block-paragraph\">Sedici opere italiane e internazionali, selezionate tra Concorso, Fuori Concorso, Orizzonti e Settimana Internazionale della Critica, concorreranno alla XVI edizione del <strong>Sorriso Diverso Venezia Award<\/strong>, riconoscimento collaterale ufficiale dell\u2019<strong>83\u00aa Mostra Internazionale d\u2019Arte Cinematografica di Venezia<\/strong>.<\/p><div class=\"6d3639e8c6ac292cde400fad8ff8a5b9\" data-index=\"1\" style=\"float: none; margin:10px 0 10px 0; text-align:center;\">\n<script async src=\"\/\/pagead2.googlesyndication.com\/pagead\/js\/adsbygoogle.js\"><\/script>\r\n<!-- Casting Bambini NEW -->\r\n<ins class=\"adsbygoogle\"\r\n     style=\"display:inline-block;width:336px;height:280px\"\r\n     data-ad-client=\"ca-pub-5538097485429833\"\r\n     data-ad-slot=\"5127154445\"><\/ins>\r\n<script>\r\n(adsbygoogle = window.adsbygoogle || []).push({});\r\n<\/script>\n<\/div>\n\n\n\n\n<p class=\"wp-block-paragraph\">La cerimonia di premiazione si svolger\u00e0 <strong>venerd\u00ec 11 settembre 2026 alle ore 16.30<\/strong>, nello Spazio Incontri del <em>Venice Production Bridge<\/em>, presso l\u2019Hotel Excelsior del Lido di Venezia. Madrina ufficiale dell\u2019edizione sar\u00e0 <strong>Federica Luna Vincenti<\/strong>, attrice, produttrice e compositrice da sempre attenta alla valorizzazione di storie dal forte significato umano e sociale.<\/p>\n\n\n\n<p class=\"wp-block-paragraph\">Alla manifestazione porteranno il proprio saluto anche il Direttore della Mostra del Cinema <strong>Alberto Barbera<\/strong>, il Presidente della Biennale <strong>Pietrangelo Buttafuoco<\/strong> e il Consigliere della Municipalit\u00e0 di Lido Pellestrina <strong>Emilio Guberti<\/strong>, a conferma del legame consolidato tra il Premio, la Mostra e il territorio veneziano.<\/p>\n\n\n\n<h2 class=\"wp-block-heading\">Le sedici opere selezionate<\/h2>\n\n\n\n<p class=\"wp-block-paragraph\">Il Sorriso Diverso Venezia Award premia ogni anno le opere cinematografiche capaci di affrontare la diversit\u00e0, le fragilit\u00e0 umane, la capacit\u00e0 di reagire alle difficolt\u00e0 e i principali temi sociali del presente. La selezione del 2026 riunisce sedici film, suddivisi tra le diverse sezioni della Mostra.<\/p>\n\n\n\n<p class=\"wp-block-paragraph\">Per il <strong>Concorso<\/strong> sono stati scelti <em>Naza<\/em> di Yuval Abraham e Rachel Szor, <em>Un bon petit soldat<\/em> di St\u00e9phane Briz\u00e9, <em>Kvinde Ukendt<\/em> di May el-Toukhy, <em>15\/18 (A Place To Heal)<\/em> di C\u00e9dric Kahn e <em>Ritorno a Buenos Aires<\/em> di Marco Bechis.<\/p>\n\n\n\n<p class=\"wp-block-paragraph\">Tra le opere <strong>Fuori Concorso<\/strong> figurano <em>Nessun dolore<\/em> di Gianni Amelio, <em>No Paradise If You Are Killed by a Woman<\/em> di Halkawt Mustafa, <em>Un bon avocat<\/em> di Tristan S\u00e9gu\u00e9la, <em>Union Town<\/em> di Barbara Kopple e <em>Holy Wood Dust<\/em> di Victor Kossakovsky.<\/p>\n\n\n\n<p class=\"wp-block-paragraph\">Cinque sono anche i titoli selezionati nella sezione <strong>Orizzonti<\/strong>: <em>Moragheb<\/em> di Mohsen Gharaei, <em>The Difficult Bride<\/em> di Rubaiyat Hossain, <em>I figli della scimmia<\/em> di Tommaso Landucci, <em>Oase<\/em> di Jannis Lenz e <em>Una storia<\/em>, che segna l\u2019esordio alla regia di <strong>Anna Foglietta<\/strong>.<\/p>\n\n\n\n<p class=\"wp-block-paragraph\">A completare le nomination \u00e8 <em>Rider<\/em> di Roan Johnson e Dade, presentato nell\u2019ambito della <strong>Settimana Internazionale della Critica<\/strong>.<\/p>\n\n\n\n<h2 class=\"wp-block-heading\">Un riconoscimento dedicato al cinema sociale<\/h2>\n\n\n\n<p class=\"wp-block-paragraph\">Le opere saranno valutate da una giuria di esperti presieduta dal critico cinematografico <strong>Catello Masullo<\/strong>. I riconoscimenti principali saranno assegnati al <strong>Miglior film italiano<\/strong> e al <strong>Miglior film straniero<\/strong>.<\/p>\n\n\n\n<p class=\"wp-block-paragraph\">\u00abButtafuoco e Barbera ci presentano un\u2019edizione stimolante: si percepisce un coraggio culturale che ci impone di riflettere su come l\u2019umanit\u00e0 intende condividere la costruzione del proprio futuro nella contesa tra le risorse essenziali e l\u2019impatto dell\u2019intelligenza artificiale\u00bb, ha dichiarato il Presidente del Premio <strong>Diego Righini<\/strong>.<\/p>\n\n\n\n<p class=\"wp-block-paragraph\">La Direttrice Artistica <strong>Paola Tassone<\/strong> ha sottolineato il valore culturale e civile della manifestazione: \u00abIl Sorriso Diverso Venezia Award rappresenta un presidio di inclusione e consapevolezza. Siamo orgogliosi di raggiungere questo importante traguardo con una selezione di sedici opere di straordinario valore. Venezia si conferma la cornice ideale per dare voce a storie universali capaci di parlare alla coscienza di ciascuno di noi\u00bb.<\/p>\n\n\n\n<p class=\"wp-block-paragraph\">La giuria \u00e8 composta inoltre da <strong>Paola Dei, Massimo Nardin, Rossella Pozza, Paola Dalla Torre, Franco Mariotti, Alessandro Occhipinti, Antonio Castaldo, Armando Lostaglio, Alberto Pierini, Michela Manente, Manuele Ferrari, Angelo Comneno e Francesca Gallifuoco<\/strong>.<\/p>\n\n\n\n<h2 class=\"wp-block-heading\">La XVI edizione del Premio<\/h2>\n\n\n\n<p class=\"wp-block-paragraph\">Il <strong>Sorriso Diverso Venezia Award<\/strong> \u00e8 promosso dall\u2019<strong>Universit\u00e0 Cerca Lavoro<\/strong>, presieduta da <strong>Ilaria Battistelli<\/strong>, ente promotore anche del <em>Festival Internazionale della Cinematografia Sociale Tulipani di Seta Nera<\/em>, ed \u00e8 realizzato in collaborazione con <strong>Dream On<\/strong>.<\/p>\n\n\n\n<p class=\"wp-block-paragraph\">La manifestazione, presieduta da Diego Righini e diretta artisticamente da Paola Tassone, gode del contributo del <strong>Ministero della Cultura<\/strong> e del patrocinio di <strong>Rai per la Sostenibilit\u00e0 ESG<\/strong>, con <strong>Rai Pubblica Utilit\u00e0<\/strong> nel ruolo di media partner.<\/p>\n\n\n\n<p class=\"wp-block-paragraph\"><strong>Frecciarossa<\/strong> si conferma infine treno ufficiale dell\u2019iniziativa, rinnovando attraverso il servizio Alta Velocit\u00e0 di Trenitalia il proprio sostegno al cinema sociale internazionale e alla promozione di una mobilit\u00e0 efficiente e sostenibile.<\/p>\n\n\n\n<p class=\"wp-block-paragraph\">Iscriviti alla<strong>&nbsp;<a href=\"https:\/\/www.castingnews.eu\/newsletter\/\" target=\"_blank\" rel=\"noreferrer noopener\">newsletter giornaliera<\/a><\/strong>&nbsp;di Casting News Professional per ricevere le ultime notizie sui casting aperti, provini e audizioni.<\/p>\n\n<div style=\"font-size: 0px; height: 0px; line-height: 0px; margin: 0; padding: 0; clear: both;\"><\/div>","protected":false},"excerpt":{"rendered":"<p>Sedici opere italiane e internazionali, selezionate tra Concorso, Fuori Concorso, Orizzonti e Settimana Internazionale della Critica, concorreranno alla XVI edizione del Sorriso Diverso Venezia Award, riconoscimento collaterale ufficiale dell\u201983\u00aa Mostra Internazionale d\u2019Arte Cinematografica di Venezia. La cerimonia di premiazione si svolger\u00e0 venerd\u00ec 11 settembre 2026 alle ore 16.30, nello Spazio Incontri del Venice Production Bridge, [&hellip;]<\/p>\n","protected":false},"author":1,"featured_media":13208,"comment_status":"open","ping_status":"open","sticky":false,"template":"","format":"standard","meta":{"tdm_status":"","tdm_grid_status":"","footnotes":""},"categories":[11,1533,71],"tags":[6078,2948,272,273,11731,6526,5228,1703,11732,9341,966,11733,11734,4794,11727,11729,11728,11528,11730],"class_list":["post-13207","post","type-post","status-publish","format-standard","has-post-thumbnail","category-festival","category-featured","category-italia-paese","tag-alberto-barbera","tag-anna-foglietta","tag-casting-magazine","tag-casting-news","tag-cedric-kahn","tag-cinema-sociale","tag-federica-luna-vincenti","tag-gianni-amelio","tag-hotel-excelsior-venezia","tag-marco-bechis","tag-mostra-del-cinema-di-venezia","tag-opere-in-nomination","tag-pietrangelo-buttafuoco","tag-premio-cinematografico","tag-sorriso-diverso-venezia-award","tag-stephane-brize","tag-venezia-2026","tag-venezia-83","tag-venice-production-bridge"],"yoast_head":"<!-- This site is optimized with the Yoast SEO plugin v28.3 - https:\/\/yoast.com\/product\/yoast-seo-wordpress\/ -->\r\n<title>Venezia 83, Federica Luna Vincenti madrina del Sorriso Diverso Venezia Award: sedici opere in nomination - Casting News Magazine<\/title>\r\n<meta name=\"description\" content=\"Venezia 83, sedici opere in nomination al Sorriso Diverso Venezia Award. Federica Luna Vincenti sar\u00e0 la madrina ufficiale della cerimonia.\" \/>\r\n<meta name=\"robots\" content=\"index, follow, max-snippet:-1, max-image-preview:large, max-video-preview:-1\" \/>\r\n<link rel=\"canonical\" href=\"https:\/\/www.castingnews.eu\/magazine\/2026\/09\/03\/venezia-83-federica-luna-vincenti-madrina-del-sorriso-diverso-venezia-award-sedici-opere-in-nomination\/\" \/>\r\n<meta property=\"og:locale\" content=\"it_IT\" \/>\r\n<meta property=\"og:type\" content=\"article\" \/>\r\n<meta property=\"og:title\" content=\"Venezia 83, Federica Luna Vincenti madrina del Sorriso Diverso Venezia Award: sedici opere in nomination - Casting News Magazine\" \/>\r\n<meta property=\"og:description\" content=\"Venezia 83, sedici opere in nomination al Sorriso Diverso Venezia Award. Federica Luna Vincenti sar\u00e0 la madrina ufficiale della cerimonia.\" \/>\r\n<meta property=\"og:url\" content=\"https:\/\/www.castingnews.eu\/magazine\/2026\/09\/03\/venezia-83-federica-luna-vincenti-madrina-del-sorriso-diverso-venezia-award-sedici-opere-in-nomination\/\" \/>\r\n<meta property=\"og:site_name\" content=\"Casting News Magazine\" \/>\r\n<meta property=\"article:published_time\" content=\"2026-09-03T09:31:58+00:00\" \/>\r\n<meta property=\"article:modified_time\" content=\"2026-09-03T09:32:02+00:00\" \/>\r\n<meta property=\"og:image\" content=\"https:\/\/www.castingnews.eu\/magazine\/wp-content\/uploads\/2026\/09\/Federica-Luna-Vincenti_Ph.-Azzurra-Primavera.jpg\" \/>\r\n\t<meta property=\"og:image:width\" content=\"1200\" \/>\r\n\t<meta property=\"og:image:height\" content=\"800\" \/>\r\n\t<meta property=\"og:image:type\" content=\"image\/jpeg\" \/>\r\n<meta name=\"author\" content=\"Redazione\" \/>\r\n<meta name=\"twitter:card\" content=\"summary_large_image\" \/>\r\n<meta name=\"twitter:label1\" content=\"Scritto da\" \/>\n\t<meta name=\"twitter:data1\" content=\"Redazione\" \/>\n\t<meta name=\"twitter:label2\" content=\"Tempo di lettura stimato\" \/>\n\t<meta name=\"twitter:data2\" content=\"4 minuti\" \/>\r\n<script type=\"application\/ld+json\" class=\"yoast-schema-graph\">{\"@context\":\"https:\\\/\\\/schema.org\",\"@graph\":[{\"@type\":\"Article\",\"@id\":\"https:\\\/\\\/www.castingnews.eu\\\/magazine\\\/2026\\\/09\\\/03\\\/venezia-83-federica-luna-vincenti-madrina-del-sorriso-diverso-venezia-award-sedici-opere-in-nomination\\\/#article\",\"isPartOf\":{\"@id\":\"https:\\\/\\\/www.castingnews.eu\\\/magazine\\\/2026\\\/09\\\/03\\\/venezia-83-federica-luna-vincenti-madrina-del-sorriso-diverso-venezia-award-sedici-opere-in-nomination\\\/\"},\"author\":{\"name\":\"Redazione\",\"@id\":\"https:\\\/\\\/www.castingnews.eu\\\/magazine\\\/#\\\/schema\\\/person\\\/099d71c568c9a7e5e4037b1594108f17\"},\"headline\":\"Venezia 83, Federica Luna Vincenti madrina del Sorriso Diverso Venezia Award: sedici opere in nomination\",\"datePublished\":\"2026-09-03T09:31:58+00:00\",\"dateModified\":\"2026-09-03T09:32:02+00:00\",\"mainEntityOfPage\":{\"@id\":\"https:\\\/\\\/www.castingnews.eu\\\/magazine\\\/2026\\\/09\\\/03\\\/venezia-83-federica-luna-vincenti-madrina-del-sorriso-diverso-venezia-award-sedici-opere-in-nomination\\\/\"},\"wordCount\":648,\"commentCount\":0,\"image\":{\"@id\":\"https:\\\/\\\/www.castingnews.eu\\\/magazine\\\/2026\\\/09\\\/03\\\/venezia-83-federica-luna-vincenti-madrina-del-sorriso-diverso-venezia-award-sedici-opere-in-nomination\\\/#primaryimage\"},\"thumbnailUrl\":\"https:\\\/\\\/www.castingnews.eu\\\/magazine\\\/wp-content\\\/uploads\\\/2026\\\/09\\\/Federica-Luna-Vincenti_Ph.-Azzurra-Primavera.jpg\",\"keywords\":[\"Alberto Barbera\",\"Anna Foglietta\",\"Casting Magazine\",\"Casting News\",\"C\u00e9dric Kahn\",\"cinema sociale\",\"Federica Luna Vincenti\",\"Gianni Amelio\",\"Hotel Excelsior Venezia\",\"Marco Bechis\",\"Mostra del Cinema di Venezia\",\"opere in nomination\",\"Pietrangelo Buttafuoco\",\"premio cinematografico\",\"Sorriso Diverso Venezia Award\",\"St\u00e9phane Briz\u00e9\",\"Venezia 2026\",\"Venezia 83\",\"Venice Production Bridge\"],\"articleSection\":[\"Festival\",\"In primo piano\",\"Italia\"],\"inLanguage\":\"it-IT\",\"potentialAction\":[{\"@type\":\"CommentAction\",\"name\":\"Comment\",\"target\":[\"https:\\\/\\\/www.castingnews.eu\\\/magazine\\\/2026\\\/09\\\/03\\\/venezia-83-federica-luna-vincenti-madrina-del-sorriso-diverso-venezia-award-sedici-opere-in-nomination\\\/#respond\"]}]},{\"@type\":\"WebPage\",\"@id\":\"https:\\\/\\\/www.castingnews.eu\\\/magazine\\\/2026\\\/09\\\/03\\\/venezia-83-federica-luna-vincenti-madrina-del-sorriso-diverso-venezia-award-sedici-opere-in-nomination\\\/\",\"url\":\"https:\\\/\\\/www.castingnews.eu\\\/magazine\\\/2026\\\/09\\\/03\\\/venezia-83-federica-luna-vincenti-madrina-del-sorriso-diverso-venezia-award-sedici-opere-in-nomination\\\/\",\"name\":\"Venezia 83, Federica Luna Vincenti madrina del Sorriso Diverso Venezia Award: sedici opere in nomination - Casting News Magazine\",\"isPartOf\":{\"@id\":\"https:\\\/\\\/www.castingnews.eu\\\/magazine\\\/#website\"},\"primaryImageOfPage\":{\"@id\":\"https:\\\/\\\/www.castingnews.eu\\\/magazine\\\/2026\\\/09\\\/03\\\/venezia-83-federica-luna-vincenti-madrina-del-sorriso-diverso-venezia-award-sedici-opere-in-nomination\\\/#primaryimage\"},\"image\":{\"@id\":\"https:\\\/\\\/www.castingnews.eu\\\/magazine\\\/2026\\\/09\\\/03\\\/venezia-83-federica-luna-vincenti-madrina-del-sorriso-diverso-venezia-award-sedici-opere-in-nomination\\\/#primaryimage\"},\"thumbnailUrl\":\"https:\\\/\\\/www.castingnews.eu\\\/magazine\\\/wp-content\\\/uploads\\\/2026\\\/09\\\/Federica-Luna-Vincenti_Ph.-Azzurra-Primavera.jpg\",\"datePublished\":\"2026-09-03T09:31:58+00:00\",\"dateModified\":\"2026-09-03T09:32:02+00:00\",\"author\":{\"@id\":\"https:\\\/\\\/www.castingnews.eu\\\/magazine\\\/#\\\/schema\\\/person\\\/099d71c568c9a7e5e4037b1594108f17\"},\"description\":\"Venezia 83, sedici opere in nomination al Sorriso Diverso Venezia Award. Federica Luna Vincenti sar\u00e0 la madrina ufficiale della cerimonia.\",\"breadcrumb\":{\"@id\":\"https:\\\/\\\/www.castingnews.eu\\\/magazine\\\/2026\\\/09\\\/03\\\/venezia-83-federica-luna-vincenti-madrina-del-sorriso-diverso-venezia-award-sedici-opere-in-nomination\\\/#breadcrumb\"},\"inLanguage\":\"it-IT\",\"potentialAction\":[{\"@type\":\"ReadAction\",\"target\":[\"https:\\\/\\\/www.castingnews.eu\\\/magazine\\\/2026\\\/09\\\/03\\\/venezia-83-federica-luna-vincenti-madrina-del-sorriso-diverso-venezia-award-sedici-opere-in-nomination\\\/\"]}]},{\"@type\":\"ImageObject\",\"inLanguage\":\"it-IT\",\"@id\":\"https:\\\/\\\/www.castingnews.eu\\\/magazine\\\/2026\\\/09\\\/03\\\/venezia-83-federica-luna-vincenti-madrina-del-sorriso-diverso-venezia-award-sedici-opere-in-nomination\\\/#primaryimage\",\"url\":\"https:\\\/\\\/www.castingnews.eu\\\/magazine\\\/wp-content\\\/uploads\\\/2026\\\/09\\\/Federica-Luna-Vincenti_Ph.-Azzurra-Primavera.jpg\",\"contentUrl\":\"https:\\\/\\\/www.castingnews.eu\\\/magazine\\\/wp-content\\\/uploads\\\/2026\\\/09\\\/Federica-Luna-Vincenti_Ph.-Azzurra-Primavera.jpg\",\"width\":1200,\"height\":800,\"caption\":\"Federica Luna Vincenti. Foto di Azzurra Primavera, courtesy Ufficio Stampa Antonio Naselli.\"},{\"@type\":\"BreadcrumbList\",\"@id\":\"https:\\\/\\\/www.castingnews.eu\\\/magazine\\\/2026\\\/09\\\/03\\\/venezia-83-federica-luna-vincenti-madrina-del-sorriso-diverso-venezia-award-sedici-opere-in-nomination\\\/#breadcrumb\",\"itemListElement\":[{\"@type\":\"ListItem\",\"position\":1,\"name\":\"Home\",\"item\":\"https:\\\/\\\/www.castingnews.eu\\\/magazine\\\/\"},{\"@type\":\"ListItem\",\"position\":2,\"name\":\"Venezia 83, Federica Luna Vincenti madrina del Sorriso Diverso Venezia Award: sedici opere in nomination\"}]},{\"@type\":\"WebSite\",\"@id\":\"https:\\\/\\\/www.castingnews.eu\\\/magazine\\\/#website\",\"url\":\"https:\\\/\\\/www.castingnews.eu\\\/magazine\\\/\",\"name\":\"Casting News Magazine\",\"description\":\"News e aggiornamenti sui film, serie tv, teatro e festival italiani ed internazionali\",\"potentialAction\":[{\"@type\":\"SearchAction\",\"target\":{\"@type\":\"EntryPoint\",\"urlTemplate\":\"https:\\\/\\\/www.castingnews.eu\\\/magazine\\\/?s={search_term_string}\"},\"query-input\":{\"@type\":\"PropertyValueSpecification\",\"valueRequired\":true,\"valueName\":\"search_term_string\"}}],\"inLanguage\":\"it-IT\"},{\"@type\":\"Person\",\"@id\":\"https:\\\/\\\/www.castingnews.eu\\\/magazine\\\/#\\\/schema\\\/person\\\/099d71c568c9a7e5e4037b1594108f17\",\"name\":\"Redazione\",\"image\":{\"@type\":\"ImageObject\",\"inLanguage\":\"it-IT\",\"@id\":\"https:\\\/\\\/secure.gravatar.com\\\/avatar\\\/b73a087aa3bd279fb70d24f1960a91c82cf67619395b60b564c90e9e5d5325fc?s=96&d=mm&r=g\",\"url\":\"https:\\\/\\\/secure.gravatar.com\\\/avatar\\\/b73a087aa3bd279fb70d24f1960a91c82cf67619395b60b564c90e9e5d5325fc?s=96&d=mm&r=g\",\"contentUrl\":\"https:\\\/\\\/secure.gravatar.com\\\/avatar\\\/b73a087aa3bd279fb70d24f1960a91c82cf67619395b60b564c90e9e5d5325fc?s=96&d=mm&r=g\",\"caption\":\"Redazione\"},\"description\":\"News e aggiornamenti sui film, serie tv, teatro e festival italiani ed internazionali.\",\"url\":\"https:\\\/\\\/www.castingnews.eu\\\/magazine\\\/author\\\/redazione\\\/\"}]}<\/script>\r\n<!-- \/ Yoast SEO plugin. -->","yoast_head_json":{"title":"Venezia 83, Federica Luna Vincenti madrina del Sorriso Diverso Venezia Award: sedici opere in nomination - Casting News Magazine","description":"Venezia 83, sedici opere in nomination al Sorriso Diverso Venezia Award. Federica Luna Vincenti sar\u00e0 la madrina ufficiale della cerimonia.","robots":{"index":"index","follow":"follow","max-snippet":"max-snippet:-1","max-image-preview":"max-image-preview:large","max-video-preview":"max-video-preview:-1"},"canonical":"https:\/\/www.castingnews.eu\/magazine\/2026\/09\/03\/venezia-83-federica-luna-vincenti-madrina-del-sorriso-diverso-venezia-award-sedici-opere-in-nomination\/","og_locale":"it_IT","og_type":"article","og_title":"Venezia 83, Federica Luna Vincenti madrina del Sorriso Diverso Venezia Award: sedici opere in nomination - Casting News Magazine","og_description":"Venezia 83, sedici opere in nomination al Sorriso Diverso Venezia Award. Federica Luna Vincenti sar\u00e0 la madrina ufficiale della cerimonia.","og_url":"https:\/\/www.castingnews.eu\/magazine\/2026\/09\/03\/venezia-83-federica-luna-vincenti-madrina-del-sorriso-diverso-venezia-award-sedici-opere-in-nomination\/","og_site_name":"Casting News Magazine","article_published_time":"2026-09-03T09:31:58+00:00","article_modified_time":"2026-09-03T09:32:02+00:00","og_image":[{"width":1200,"height":800,"url":"https:\/\/www.castingnews.eu\/magazine\/wp-content\/uploads\/2026\/09\/Federica-Luna-Vincenti_Ph.-Azzurra-Primavera.jpg","type":"image\/jpeg"}],"author":"Redazione","twitter_card":"summary_large_image","twitter_misc":{"Scritto da":"Redazione","Tempo di lettura stimato":"4 minuti"},"schema":{"@context":"https:\/\/schema.org","@graph":[{"@type":"Article","@id":"https:\/\/www.castingnews.eu\/magazine\/2026\/09\/03\/venezia-83-federica-luna-vincenti-madrina-del-sorriso-diverso-venezia-award-sedici-opere-in-nomination\/#article","isPartOf":{"@id":"https:\/\/www.castingnews.eu\/magazine\/2026\/09\/03\/venezia-83-federica-luna-vincenti-madrina-del-sorriso-diverso-venezia-award-sedici-opere-in-nomination\/"},"author":{"name":"Redazione","@id":"https:\/\/www.castingnews.eu\/magazine\/#\/schema\/person\/099d71c568c9a7e5e4037b1594108f17"},"headline":"Venezia 83, Federica Luna Vincenti madrina del Sorriso Diverso Venezia Award: sedici opere in nomination","datePublished":"2026-09-03T09:31:58+00:00","dateModified":"2026-09-03T09:32:02+00:00","mainEntityOfPage":{"@id":"https:\/\/www.castingnews.eu\/magazine\/2026\/09\/03\/venezia-83-federica-luna-vincenti-madrina-del-sorriso-diverso-venezia-award-sedici-opere-in-nomination\/"},"wordCount":648,"commentCount":0,"image":{"@id":"https:\/\/www.castingnews.eu\/magazine\/2026\/09\/03\/venezia-83-federica-luna-vincenti-madrina-del-sorriso-diverso-venezia-award-sedici-opere-in-nomination\/#primaryimage"},"thumbnailUrl":"https:\/\/www.castingnews.eu\/magazine\/wp-content\/uploads\/2026\/09\/Federica-Luna-Vincenti_Ph.-Azzurra-Primavera.jpg","keywords":["Alberto Barbera","Anna Foglietta","Casting Magazine","Casting News","C\u00e9dric Kahn","cinema sociale","Federica Luna Vincenti","Gianni Amelio","Hotel Excelsior Venezia","Marco Bechis","Mostra del Cinema di Venezia","opere in nomination","Pietrangelo Buttafuoco","premio cinematografico","Sorriso Diverso Venezia Award","St\u00e9phane Briz\u00e9","Venezia 2026","Venezia 83","Venice Production Bridge"],"articleSection":["Festival","In primo piano","Italia"],"inLanguage":"it-IT","potentialAction":[{"@type":"CommentAction","name":"Comment","target":["https:\/\/www.castingnews.eu\/magazine\/2026\/09\/03\/venezia-83-federica-luna-vincenti-madrina-del-sorriso-diverso-venezia-award-sedici-opere-in-nomination\/#respond"]}]},{"@type":"WebPage","@id":"https:\/\/www.castingnews.eu\/magazine\/2026\/09\/03\/venezia-83-federica-luna-vincenti-madrina-del-sorriso-diverso-venezia-award-sedici-opere-in-nomination\/","url":"https:\/\/www.castingnews.eu\/magazine\/2026\/09\/03\/venezia-83-federica-luna-vincenti-madrina-del-sorriso-diverso-venezia-award-sedici-opere-in-nomination\/","name":"Venezia 83, Federica Luna Vincenti madrina del Sorriso Diverso Venezia Award: sedici opere in nomination - Casting News Magazine","isPartOf":{"@id":"https:\/\/www.castingnews.eu\/magazine\/#website"},"primaryImageOfPage":{"@id":"https:\/\/www.castingnews.eu\/magazine\/2026\/09\/03\/venezia-83-federica-luna-vincenti-madrina-del-sorriso-diverso-venezia-award-sedici-opere-in-nomination\/#primaryimage"},"image":{"@id":"https:\/\/www.castingnews.eu\/magazine\/2026\/09\/03\/venezia-83-federica-luna-vincenti-madrina-del-sorriso-diverso-venezia-award-sedici-opere-in-nomination\/#primaryimage"},"thumbnailUrl":"https:\/\/www.castingnews.eu\/magazine\/wp-content\/uploads\/2026\/09\/Federica-Luna-Vincenti_Ph.-Azzurra-Primavera.jpg","datePublished":"2026-09-03T09:31:58+00:00","dateModified":"2026-09-03T09:32:02+00:00","author":{"@id":"https:\/\/www.castingnews.eu\/magazine\/#\/schema\/person\/099d71c568c9a7e5e4037b1594108f17"},"description":"Venezia 83, sedici opere in nomination al Sorriso Diverso Venezia Award. Federica Luna Vincenti sar\u00e0 la madrina ufficiale della cerimonia.","breadcrumb":{"@id":"https:\/\/www.castingnews.eu\/magazine\/2026\/09\/03\/venezia-83-federica-luna-vincenti-madrina-del-sorriso-diverso-venezia-award-sedici-opere-in-nomination\/#breadcrumb"},"inLanguage":"it-IT","potentialAction":[{"@type":"ReadAction","target":["https:\/\/www.castingnews.eu\/magazine\/2026\/09\/03\/venezia-83-federica-luna-vincenti-madrina-del-sorriso-diverso-venezia-award-sedici-opere-in-nomination\/"]}]},{"@type":"ImageObject","inLanguage":"it-IT","@id":"https:\/\/www.castingnews.eu\/magazine\/2026\/09\/03\/venezia-83-federica-luna-vincenti-madrina-del-sorriso-diverso-venezia-award-sedici-opere-in-nomination\/#primaryimage","url":"https:\/\/www.castingnews.eu\/magazine\/wp-content\/uploads\/2026\/09\/Federica-Luna-Vincenti_Ph.-Azzurra-Primavera.jpg","contentUrl":"https:\/\/www.castingnews.eu\/magazine\/wp-content\/uploads\/2026\/09\/Federica-Luna-Vincenti_Ph.-Azzurra-Primavera.jpg","width":1200,"height":800,"caption":"Federica Luna Vincenti. Foto di Azzurra Primavera, courtesy Ufficio Stampa Antonio Naselli."},{"@type":"BreadcrumbList","@id":"https:\/\/www.castingnews.eu\/magazine\/2026\/09\/03\/venezia-83-federica-luna-vincenti-madrina-del-sorriso-diverso-venezia-award-sedici-opere-in-nomination\/#breadcrumb","itemListElement":[{"@type":"ListItem","position":1,"name":"Home","item":"https:\/\/www.castingnews.eu\/magazine\/"},{"@type":"ListItem","position":2,"name":"Venezia 83, Federica Luna Vincenti madrina del Sorriso Diverso Venezia Award: sedici opere in nomination"}]},{"@type":"WebSite","@id":"https:\/\/www.castingnews.eu\/magazine\/#website","url":"https:\/\/www.castingnews.eu\/magazine\/","name":"Casting News Magazine","description":"News e aggiornamenti sui film, serie tv, teatro e festival italiani ed internazionali","potentialAction":[{"@type":"SearchAction","target":{"@type":"EntryPoint","urlTemplate":"https:\/\/www.castingnews.eu\/magazine\/?s={search_term_string}"},"query-input":{"@type":"PropertyValueSpecification","valueRequired":true,"valueName":"search_term_string"}}],"inLanguage":"it-IT"},{"@type":"Person","@id":"https:\/\/www.castingnews.eu\/magazine\/#\/schema\/person\/099d71c568c9a7e5e4037b1594108f17","name":"Redazione","image":{"@type":"ImageObject","inLanguage":"it-IT","@id":"https:\/\/secure.gravatar.com\/avatar\/b73a087aa3bd279fb70d24f1960a91c82cf67619395b60b564c90e9e5d5325fc?s=96&d=mm&r=g","url":"https:\/\/secure.gravatar.com\/avatar\/b73a087aa3bd279fb70d24f1960a91c82cf67619395b60b564c90e9e5d5325fc?s=96&d=mm&r=g","contentUrl":"https:\/\/secure.gravatar.com\/avatar\/b73a087aa3bd279fb70d24f1960a91c82cf67619395b60b564c90e9e5d5325fc?s=96&d=mm&r=g","caption":"Redazione"},"description":"News e aggiornamenti sui film, serie tv, teatro e festival italiani ed internazionali.","url":"https:\/\/www.castingnews.eu\/magazine\/author\/redazione\/"}]}},"_links":{"self":[{"href":"https:\/\/www.castingnews.eu\/magazine\/wp-json\/wp\/v2\/posts\/13207","targetHints":{"allow":["GET"]}}],"collection":[{"href":"https:\/\/www.castingnews.eu\/magazine\/wp-json\/wp\/v2\/posts"}],"about":[{"href":"https:\/\/www.castingnews.eu\/magazine\/wp-json\/wp\/v2\/types\/post"}],"author":[{"embeddable":true,"href":"https:\/\/www.castingnews.eu\/magazine\/wp-json\/wp\/v2\/users\/1"}],"replies":[{"embeddable":true,"href":"https:\/\/www.castingnews.eu\/magazine\/wp-json\/wp\/v2\/comments?post=13207"}],"version-history":[{"count":1,"href":"https:\/\/www.castingnews.eu\/magazine\/wp-json\/wp\/v2\/posts\/13207\/revisions"}],"predecessor-version":[{"id":13209,"href":"https:\/\/www.castingnews.eu\/magazine\/wp-json\/wp\/v2\/posts\/13207\/revisions\/13209"}],"wp:featuredmedia":[{"embeddable":true,"href":"https:\/\/www.castingnews.eu\/magazine\/wp-json\/wp\/v2\/media\/13208"}],"wp:attachment":[{"href":"https:\/\/www.castingnews.eu\/magazine\/wp-json\/wp\/v2\/media?parent=13207"}],"wp:term":[{"taxonomy":"category","embeddable":true,"href":"https:\/\/www.castingnews.eu\/magazine\/wp-json\/wp\/v2\/categories?post=13207"},{"taxonomy":"post_tag","embeddable":true,"href":"https:\/\/www.castingnews.eu\/magazine\/wp-json\/wp\/v2\/tags?post=13207"}],"curies":[{"name":"wp","href":"https:\/\/api.w.org\/{rel}","templated":true}]}}