{"id":13196,"date":"2026-09-02T12:20:47","date_gmt":"2026-09-02T10:20:47","guid":{"rendered":"https:\/\/www.castingnews.eu\/magazine\/?p=13196"},"modified":"2026-09-02T12:23:54","modified_gmt":"2026-09-02T10:23:54","slug":"ferrari-250-gto-al-cinema-per-tre-giorni-il-film-dedicato-al-genio-di-mauro-forghieri","status":"publish","type":"post","link":"https:\/\/www.castingnews.eu\/magazine\/2026\/09\/02\/ferrari-250-gto-al-cinema-per-tre-giorni-il-film-dedicato-al-genio-di-mauro-forghieri\/","title":{"rendered":"\u00abFerrari 250 GTO\u00bb, al cinema per tre giorni il film dedicato al genio di Mauro Forghieri"},"content":{"rendered":"\n<p class=\"wp-block-paragraph\">La storia di un giovane ingegnere fuori dagli schemi, del suo complesso rapporto con Enzo Ferrari e di un\u2019automobile destinata a diventare una leggenda. <strong>\u00abFerrari 250 GTO \u2013 L\u2019auto di Mauro Forghieri che salv\u00f2 Maranello\u00bb<\/strong>, diretto da <strong>Steve Hoover<\/strong>, arriver\u00e0 nelle sale italiane come evento speciale <strong>solo il 7, 8 e 9 settembre<\/strong>.<\/p><div class=\"6d3639e8c6ac292cde400fad8ff8a5b9\" data-index=\"1\" style=\"float: none; margin:10px 0 10px 0; text-align:center;\">\n<script async src=\"\/\/pagead2.googlesyndication.com\/pagead\/js\/adsbygoogle.js\"><\/script>\r\n<!-- Casting Bambini NEW -->\r\n<ins class=\"adsbygoogle\"\r\n     style=\"display:inline-block;width:336px;height:280px\"\r\n     data-ad-client=\"ca-pub-5538097485429833\"\r\n     data-ad-slot=\"5127154445\"><\/ins>\r\n<script>\r\n(adsbygoogle = window.adsbygoogle || []).push({});\r\n<\/script>\n<\/div>\n\n\n\n\n<p class=\"wp-block-paragraph\">Dopo essere stato presentato in prestigiosi festival internazionali, il documentario porta sul grande schermo il ritratto umano e professionale di <strong>Mauro Forghieri<\/strong>, figura centrale nella storia della casa automobilistica di Maranello e tra i pi\u00f9 importanti progettisti del motorsport internazionale.<\/p>\n\n\n\n<h2 class=\"wp-block-heading\">Il giovane ingegnere che cambi\u00f2 la storia della Ferrari<\/h2>\n\n\n\n<p class=\"wp-block-paragraph\">Forghieri aveva appena 26 anni quando, nel 1961, si trov\u00f2 ad assumere un ruolo decisivo all\u2019interno della Ferrari. Il film ripercorre gli anni in cui il giovane ingegnere contribu\u00ec a rivoluzionare il mondo dell\u2019automobilismo e alla nascita della <strong>Ferrari 250 GTO<\/strong>, una delle vetture pi\u00f9 iconiche, ammirate e preziose mai realizzate.<\/p>\n\n\n\n<p class=\"wp-block-paragraph\">Il suo legame professionale con <strong>Enzo Ferrari<\/strong>, tanto complesso quanto determinante, accompagn\u00f2 una lunga stagione di innovazioni tecniche e successi sportivi. Nel corso della sua carriera Forghieri progett\u00f2 alcune delle monoposto e delle vetture pi\u00f9 celebri della casa di Maranello, contribuendo anche alla conquista di <strong>undici titoli mondiali di Formula 1<\/strong>, tra campionati Piloti e Costruttori.<\/p>\n\n\n\n<p class=\"wp-block-paragraph\">Girato tra <strong>Italia, Regno Unito e Stati Uniti<\/strong>, il documentario unisce materiali d\u2019archivio, testimonianze esclusive e momenti pi\u00f9 intimi per ricostruire la vicenda di un uomo capace di lasciare un\u2019impronta indelebile nella storia dell\u2019ingegneria e delle competizioni automobilistiche.<\/p>\n\n\n\n<p class=\"wp-block-paragraph\">\ud83c\udfac <strong>Guarda il trailer ufficiale di \u00abFerrari 250 GTO \u2013 L\u2019auto di Mauro Forghieri che salv\u00f2 Maranello\u00bb<\/strong><\/p>\n\n\n\n<figure class=\"wp-block-embed is-type-video is-provider-youtube wp-block-embed-youtube wp-embed-aspect-16-9 wp-has-aspect-ratio\"><div class=\"wp-block-embed__wrapper\">\n<div class=\"youtube-embed\" data-video_id=\"C_RbNPCMUPg\"><iframe loading=\"lazy\" title=\"Ferrari 250 GTO \u2013 L\u2019auto di Mauro Forghieri che salv\u00f2 Maranello | Trailer ufficiale\" width=\"696\" height=\"392\" src=\"https:\/\/www.youtube.com\/embed\/C_RbNPCMUPg?feature=oembed&#038;enablejsapi=1\" frameborder=\"0\" allow=\"accelerometer; autoplay; clipboard-write; encrypted-media; gyroscope; picture-in-picture; web-share\" referrerpolicy=\"strict-origin-when-cross-origin\" allowfullscreen><\/iframe><\/div>\n<\/div><\/figure>\n\n\n\n<h2 class=\"wp-block-heading\">Un racconto che va oltre le automobili<\/h2>\n\n\n\n<p class=\"wp-block-paragraph\">\u00abFerrari 250 GTO\u00bb non \u00e8 soltanto un film dedicato ai motori. Al centro del racconto si trovano il talento, il coraggio di compiere scelte fuori dagli schemi, la determinazione e la capacit\u00e0 di trasformare una visione in qualcosa destinato a resistere nel tempo.<\/p>\n\n\n\n<p class=\"wp-block-paragraph\">Il progetto \u00e8 nato dall\u2019opportunit\u00e0, per il regista <strong>Steve Hoover<\/strong>, di trascorrere accanto a Mauro Forghieri gli ultimi mesi della sua vita. Da quell\u2019incontro ha preso forma una riflessione profondamente umana sul genio, sulla memoria e sul significato di lasciare un segno nella storia.<\/p>\n\n\n\n<p class=\"wp-block-paragraph\">Ad arricchire il documentario sono le testimonianze di alcune autorevoli personalit\u00e0 del mondo dell\u2019automobilismo, del design e della cultura. Tra queste figurano <strong>Nick Mason<\/strong>, batterista e cofondatore dei Pink Floyd nonch\u00e9 grande collezionista di automobili, lo stilista <strong>Ralph Lauren<\/strong> e il celebre progettista della McLaren <strong>Gordon Murray<\/strong>, insieme a numerosi esperti e protagonisti che hanno conosciuto Forghieri e condiviso parte del suo percorso professionale.<\/p>\n\n\n\n<p class=\"wp-block-paragraph\">Tra gli executive producer del film compare anche <strong>David Beckham<\/strong>, attraverso la sua casa di produzione <strong>Studio 99<\/strong>.<\/p>\n\n\n\n<figure class=\"wp-block-gallery has-nested-images columns-default is-cropped wp-block-gallery-1 is-layout-flex wp-block-gallery-is-layout-flex\">\n<figure class=\"wp-block-image size-large\"><img loading=\"lazy\" decoding=\"async\" width=\"1024\" height=\"579\" data-id=\"13200\" src=\"https:\/\/www.castingnews.eu\/magazine\/wp-content\/uploads\/2026\/09\/Mauro-Forghieri-1024x579.jpeg\" alt=\"\" class=\"wp-image-13200\" srcset=\"https:\/\/www.castingnews.eu\/magazine\/wp-content\/uploads\/2026\/09\/Mauro-Forghieri-1024x579.jpeg 1024w, https:\/\/www.castingnews.eu\/magazine\/wp-content\/uploads\/2026\/09\/Mauro-Forghieri-300x170.jpeg 300w, https:\/\/www.castingnews.eu\/magazine\/wp-content\/uploads\/2026\/09\/Mauro-Forghieri-768x435.jpeg 768w, https:\/\/www.castingnews.eu\/magazine\/wp-content\/uploads\/2026\/09\/Mauro-Forghieri-742x420.jpeg 742w, https:\/\/www.castingnews.eu\/magazine\/wp-content\/uploads\/2026\/09\/Mauro-Forghieri-696x394.jpeg 696w, https:\/\/www.castingnews.eu\/magazine\/wp-content\/uploads\/2026\/09\/Mauro-Forghieri-1068x604.jpeg 1068w, https:\/\/www.castingnews.eu\/magazine\/wp-content\/uploads\/2026\/09\/Mauro-Forghieri.jpeg 1200w\" sizes=\"auto, (max-width: 1024px) 100vw, 1024px\" \/><\/figure>\n\n\n\n<figure class=\"wp-block-image size-large\"><img loading=\"lazy\" decoding=\"async\" width=\"1024\" height=\"768\" data-id=\"13199\" src=\"https:\/\/www.castingnews.eu\/magazine\/wp-content\/uploads\/2026\/09\/forghieri-1024x768.jpg\" alt=\"\" class=\"wp-image-13199\" srcset=\"https:\/\/www.castingnews.eu\/magazine\/wp-content\/uploads\/2026\/09\/forghieri-1024x768.jpg 1024w, https:\/\/www.castingnews.eu\/magazine\/wp-content\/uploads\/2026\/09\/forghieri-300x225.jpg 300w, https:\/\/www.castingnews.eu\/magazine\/wp-content\/uploads\/2026\/09\/forghieri-768x576.jpg 768w, https:\/\/www.castingnews.eu\/magazine\/wp-content\/uploads\/2026\/09\/forghieri-560x420.jpg 560w, https:\/\/www.castingnews.eu\/magazine\/wp-content\/uploads\/2026\/09\/forghieri-80x60.jpg 80w, https:\/\/www.castingnews.eu\/magazine\/wp-content\/uploads\/2026\/09\/forghieri-696x522.jpg 696w, https:\/\/www.castingnews.eu\/magazine\/wp-content\/uploads\/2026\/09\/forghieri-1068x801.jpg 1068w, https:\/\/www.castingnews.eu\/magazine\/wp-content\/uploads\/2026\/09\/forghieri-265x198.jpg 265w, https:\/\/www.castingnews.eu\/magazine\/wp-content\/uploads\/2026\/09\/forghieri.jpg 1200w\" sizes=\"auto, (max-width: 1024px) 100vw, 1024px\" \/><\/figure>\n<\/figure>\n\n\n\n<h2 class=\"wp-block-heading\">Dai festival internazionali all\u2019evento nelle sale<\/h2>\n\n\n\n<p class=\"wp-block-paragraph\">Il film \u00e8 stato presentato in anteprima speciale alla <strong>Festa del Cinema di Roma<\/strong> e successivamente selezionato dal <strong>San Francisco International Film Festival<\/strong>, dal <strong>Riviera International Film Festival<\/strong>, dal <strong>Melbourne International Film Festival<\/strong> e dal <strong>Motor Valley Fest<\/strong> di Modena.<\/p>\n\n\n\n<p class=\"wp-block-paragraph\">Nel settembre 2025 il documentario \u00e8 stato inoltre proiettato al <strong>Teatro Enzo Ferrari di Maranello<\/strong>, dove ha ricevuto una calorosa accoglienza, confermando la forza emotiva di una storia capace di coinvolgere non soltanto gli appassionati di automobilismo.<\/p>\n\n\n\n<p class=\"wp-block-paragraph\">Prodotto da <strong>eMotion Entertainment<\/strong>, <strong>Watch This Ready<\/strong> e <strong>Code 39 Films<\/strong>, in associazione con <strong>Studio 99<\/strong> e <strong>Tower Way<\/strong>, <strong>\u00abFerrari 250 GTO \u2013 L\u2019auto di Mauro Forghieri che salv\u00f2 Maranello\u00bb<\/strong> sar\u00e0 al cinema esclusivamente <strong>il 7, 8 e 9 settembre<\/strong>.<\/p>\n\n\n\n<p class=\"wp-block-paragraph\">Iscriviti alla<strong>&nbsp;<a href=\"https:\/\/www.castingnews.eu\/newsletter\/\" target=\"_blank\" rel=\"noreferrer noopener\">newsletter giornaliera<\/a><\/strong>&nbsp;di Casting News Professional per ricevere le ultime notizie sui casting aperti, provini e audizioni.<\/p>\n\n<div style=\"font-size: 0px; height: 0px; line-height: 0px; margin: 0; padding: 0; clear: both;\"><\/div>","protected":false},"excerpt":{"rendered":"<p>La storia di un giovane ingegnere fuori dagli schemi, del suo complesso rapporto con Enzo Ferrari e di un\u2019automobile destinata a diventare una leggenda. \u00abFerrari 250 GTO \u2013 L\u2019auto di Mauro Forghieri che salv\u00f2 Maranello\u00bb, diretto da Steve Hoover, arriver\u00e0 nelle sale italiane come evento speciale solo il 7, 8 e 9 settembre. Dopo essere [&hellip;]<\/p>\n","protected":false},"author":1,"featured_media":13198,"comment_status":"open","ping_status":"open","sticky":false,"template":"","format":"standard","meta":{"tdm_status":"","tdm_grid_status":"","footnotes":""},"categories":[11059,62,1533,71,1564],"tags":[272,273,11726,11718,11712,11720,5123,11725,5122,11711,11724,7947,11719,3566,11713,11716,11717,11722,11714,11715,11721,11723],"class_list":["post-13196","post","type-post","status-publish","format-standard","has-post-thumbnail","category-cinema","category-documentario","category-featured","category-italia-paese","category-trailer","tag-casting-magazine","tag-casting-news","tag-cinema-settembre","tag-david-beckham","tag-documentario-ferrari","tag-emotion-entertainment","tag-enzo-ferrari","tag-evento-speciale-al-cinema","tag-ferrari","tag-ferrari-250-gto","tag-film-ferrari-250-gto","tag-formula-1","tag-gordon-murray","tag-maranello","tag-mauro-forghieri","tag-motorsport","tag-nick-mason","tag-ralph-lauren","tag-steve-hoover","tag-storia-ferrari","tag-studio-99","tag-trailer-ferrari-250-gto"],"yoast_head":"<!-- This site is optimized with the Yoast SEO plugin v28.3 - https:\/\/yoast.com\/product\/yoast-seo-wordpress\/ -->\r\n<title>\u00abFerrari 250 GTO\u00bb, al cinema per tre giorni il film dedicato al genio di Mauro Forghieri - Casting News Magazine<\/title>\r\n<meta name=\"description\" content=\"\u00abFerrari 250 GTO\u00bb, il film dedicato al genio di Mauro Forghieri, arriva al cinema solo il 7, 8 e 9 settembre. Guarda il trailer ufficiale.\" \/>\r\n<meta name=\"robots\" content=\"index, follow, max-snippet:-1, max-image-preview:large, max-video-preview:-1\" \/>\r\n<link rel=\"canonical\" href=\"https:\/\/www.castingnews.eu\/magazine\/2026\/09\/02\/ferrari-250-gto-al-cinema-per-tre-giorni-il-film-dedicato-al-genio-di-mauro-forghieri\/\" \/>\r\n<meta property=\"og:locale\" content=\"it_IT\" \/>\r\n<meta property=\"og:type\" content=\"article\" \/>\r\n<meta property=\"og:title\" content=\"\u00abFerrari 250 GTO\u00bb, al cinema per tre giorni il film dedicato al genio di Mauro Forghieri - Casting News Magazine\" \/>\r\n<meta property=\"og:description\" content=\"\u00abFerrari 250 GTO\u00bb, il film dedicato al genio di Mauro Forghieri, arriva al cinema solo il 7, 8 e 9 settembre. Guarda il trailer ufficiale.\" \/>\r\n<meta property=\"og:url\" content=\"https:\/\/www.castingnews.eu\/magazine\/2026\/09\/02\/ferrari-250-gto-al-cinema-per-tre-giorni-il-film-dedicato-al-genio-di-mauro-forghieri\/\" \/>\r\n<meta property=\"og:site_name\" content=\"Casting News Magazine\" \/>\r\n<meta property=\"article:published_time\" content=\"2026-09-02T10:20:47+00:00\" \/>\r\n<meta property=\"article:modified_time\" content=\"2026-09-02T10:23:54+00:00\" \/>\r\n<meta property=\"og:image\" content=\"https:\/\/www.castingnews.eu\/magazine\/wp-content\/uploads\/2026\/09\/Enzo-and-Mauro.jpg\" \/>\r\n\t<meta property=\"og:image:width\" content=\"1200\" \/>\r\n\t<meta property=\"og:image:height\" content=\"728\" \/>\r\n\t<meta property=\"og:image:type\" content=\"image\/jpeg\" \/>\r\n<meta name=\"author\" content=\"Redazione\" \/>\r\n<meta name=\"twitter:card\" content=\"summary_large_image\" \/>\r\n<meta name=\"twitter:label1\" content=\"Scritto da\" \/>\n\t<meta name=\"twitter:data1\" content=\"Redazione\" \/>\n\t<meta name=\"twitter:label2\" content=\"Tempo di lettura stimato\" \/>\n\t<meta name=\"twitter:data2\" content=\"4 minuti\" \/>\r\n<script type=\"application\/ld+json\" class=\"yoast-schema-graph\">{\"@context\":\"https:\\\/\\\/schema.org\",\"@graph\":[{\"@type\":\"Article\",\"@id\":\"https:\\\/\\\/www.castingnews.eu\\\/magazine\\\/2026\\\/09\\\/02\\\/ferrari-250-gto-al-cinema-per-tre-giorni-il-film-dedicato-al-genio-di-mauro-forghieri\\\/#article\",\"isPartOf\":{\"@id\":\"https:\\\/\\\/www.castingnews.eu\\\/magazine\\\/2026\\\/09\\\/02\\\/ferrari-250-gto-al-cinema-per-tre-giorni-il-film-dedicato-al-genio-di-mauro-forghieri\\\/\"},\"author\":{\"name\":\"Redazione\",\"@id\":\"https:\\\/\\\/www.castingnews.eu\\\/magazine\\\/#\\\/schema\\\/person\\\/099d71c568c9a7e5e4037b1594108f17\"},\"headline\":\"\u00abFerrari 250 GTO\u00bb, al cinema per tre giorni il film dedicato al genio di Mauro Forghieri\",\"datePublished\":\"2026-09-02T10:20:47+00:00\",\"dateModified\":\"2026-09-02T10:23:54+00:00\",\"mainEntityOfPage\":{\"@id\":\"https:\\\/\\\/www.castingnews.eu\\\/magazine\\\/2026\\\/09\\\/02\\\/ferrari-250-gto-al-cinema-per-tre-giorni-il-film-dedicato-al-genio-di-mauro-forghieri\\\/\"},\"wordCount\":594,\"commentCount\":0,\"image\":{\"@id\":\"https:\\\/\\\/www.castingnews.eu\\\/magazine\\\/2026\\\/09\\\/02\\\/ferrari-250-gto-al-cinema-per-tre-giorni-il-film-dedicato-al-genio-di-mauro-forghieri\\\/#primaryimage\"},\"thumbnailUrl\":\"https:\\\/\\\/www.castingnews.eu\\\/magazine\\\/wp-content\\\/uploads\\\/2026\\\/09\\\/Enzo-and-Mauro.jpg\",\"keywords\":[\"Casting Magazine\",\"Casting News\",\"cinema settembre\",\"David Beckham\",\"documentario Ferrari\",\"eMotion Entertainment\",\"Enzo Ferrari\",\"evento speciale al cinema\",\"Ferrari\",\"Ferrari 250 GTO\",\"film Ferrari 250 GTO\",\"Formula 1\",\"Gordon Murray\",\"Maranello\",\"Mauro Forghieri\",\"motorsport\",\"Nick Mason\",\"Ralph Lauren\",\"Steve Hoover\",\"storia Ferrari\",\"Studio 99\",\"trailer Ferrari 250 GTO\"],\"articleSection\":[\"Cinema\",\"Documentario\",\"In primo piano\",\"Italia\",\"Trailer\"],\"inLanguage\":\"it-IT\",\"potentialAction\":[{\"@type\":\"CommentAction\",\"name\":\"Comment\",\"target\":[\"https:\\\/\\\/www.castingnews.eu\\\/magazine\\\/2026\\\/09\\\/02\\\/ferrari-250-gto-al-cinema-per-tre-giorni-il-film-dedicato-al-genio-di-mauro-forghieri\\\/#respond\"]}]},{\"@type\":\"WebPage\",\"@id\":\"https:\\\/\\\/www.castingnews.eu\\\/magazine\\\/2026\\\/09\\\/02\\\/ferrari-250-gto-al-cinema-per-tre-giorni-il-film-dedicato-al-genio-di-mauro-forghieri\\\/\",\"url\":\"https:\\\/\\\/www.castingnews.eu\\\/magazine\\\/2026\\\/09\\\/02\\\/ferrari-250-gto-al-cinema-per-tre-giorni-il-film-dedicato-al-genio-di-mauro-forghieri\\\/\",\"name\":\"\u00abFerrari 250 GTO\u00bb, al cinema per tre giorni il film dedicato al genio di Mauro Forghieri - Casting News Magazine\",\"isPartOf\":{\"@id\":\"https:\\\/\\\/www.castingnews.eu\\\/magazine\\\/#website\"},\"primaryImageOfPage\":{\"@id\":\"https:\\\/\\\/www.castingnews.eu\\\/magazine\\\/2026\\\/09\\\/02\\\/ferrari-250-gto-al-cinema-per-tre-giorni-il-film-dedicato-al-genio-di-mauro-forghieri\\\/#primaryimage\"},\"image\":{\"@id\":\"https:\\\/\\\/www.castingnews.eu\\\/magazine\\\/2026\\\/09\\\/02\\\/ferrari-250-gto-al-cinema-per-tre-giorni-il-film-dedicato-al-genio-di-mauro-forghieri\\\/#primaryimage\"},\"thumbnailUrl\":\"https:\\\/\\\/www.castingnews.eu\\\/magazine\\\/wp-content\\\/uploads\\\/2026\\\/09\\\/Enzo-and-Mauro.jpg\",\"datePublished\":\"2026-09-02T10:20:47+00:00\",\"dateModified\":\"2026-09-02T10:23:54+00:00\",\"author\":{\"@id\":\"https:\\\/\\\/www.castingnews.eu\\\/magazine\\\/#\\\/schema\\\/person\\\/099d71c568c9a7e5e4037b1594108f17\"},\"description\":\"\u00abFerrari 250 GTO\u00bb, il film dedicato al genio di Mauro Forghieri, arriva al cinema solo il 7, 8 e 9 settembre. Guarda il trailer ufficiale.\",\"breadcrumb\":{\"@id\":\"https:\\\/\\\/www.castingnews.eu\\\/magazine\\\/2026\\\/09\\\/02\\\/ferrari-250-gto-al-cinema-per-tre-giorni-il-film-dedicato-al-genio-di-mauro-forghieri\\\/#breadcrumb\"},\"inLanguage\":\"it-IT\",\"potentialAction\":[{\"@type\":\"ReadAction\",\"target\":[\"https:\\\/\\\/www.castingnews.eu\\\/magazine\\\/2026\\\/09\\\/02\\\/ferrari-250-gto-al-cinema-per-tre-giorni-il-film-dedicato-al-genio-di-mauro-forghieri\\\/\"]}]},{\"@type\":\"ImageObject\",\"inLanguage\":\"it-IT\",\"@id\":\"https:\\\/\\\/www.castingnews.eu\\\/magazine\\\/2026\\\/09\\\/02\\\/ferrari-250-gto-al-cinema-per-tre-giorni-il-film-dedicato-al-genio-di-mauro-forghieri\\\/#primaryimage\",\"url\":\"https:\\\/\\\/www.castingnews.eu\\\/magazine\\\/wp-content\\\/uploads\\\/2026\\\/09\\\/Enzo-and-Mauro.jpg\",\"contentUrl\":\"https:\\\/\\\/www.castingnews.eu\\\/magazine\\\/wp-content\\\/uploads\\\/2026\\\/09\\\/Enzo-and-Mauro.jpg\",\"width\":1200,\"height\":728,\"caption\":\"Nella foto Enzo Ferrari e Mauro Forghieri. Courtesy Ufficio Stampa Ornato Comunicazione.\"},{\"@type\":\"BreadcrumbList\",\"@id\":\"https:\\\/\\\/www.castingnews.eu\\\/magazine\\\/2026\\\/09\\\/02\\\/ferrari-250-gto-al-cinema-per-tre-giorni-il-film-dedicato-al-genio-di-mauro-forghieri\\\/#breadcrumb\",\"itemListElement\":[{\"@type\":\"ListItem\",\"position\":1,\"name\":\"Home\",\"item\":\"https:\\\/\\\/www.castingnews.eu\\\/magazine\\\/\"},{\"@type\":\"ListItem\",\"position\":2,\"name\":\"\u00abFerrari 250 GTO\u00bb, al cinema per tre giorni il film dedicato al genio di Mauro Forghieri\"}]},{\"@type\":\"WebSite\",\"@id\":\"https:\\\/\\\/www.castingnews.eu\\\/magazine\\\/#website\",\"url\":\"https:\\\/\\\/www.castingnews.eu\\\/magazine\\\/\",\"name\":\"Casting News Magazine\",\"description\":\"News e aggiornamenti sui film, serie tv, teatro e festival italiani ed internazionali\",\"potentialAction\":[{\"@type\":\"SearchAction\",\"target\":{\"@type\":\"EntryPoint\",\"urlTemplate\":\"https:\\\/\\\/www.castingnews.eu\\\/magazine\\\/?s={search_term_string}\"},\"query-input\":{\"@type\":\"PropertyValueSpecification\",\"valueRequired\":true,\"valueName\":\"search_term_string\"}}],\"inLanguage\":\"it-IT\"},{\"@type\":\"Person\",\"@id\":\"https:\\\/\\\/www.castingnews.eu\\\/magazine\\\/#\\\/schema\\\/person\\\/099d71c568c9a7e5e4037b1594108f17\",\"name\":\"Redazione\",\"image\":{\"@type\":\"ImageObject\",\"inLanguage\":\"it-IT\",\"@id\":\"https:\\\/\\\/secure.gravatar.com\\\/avatar\\\/b73a087aa3bd279fb70d24f1960a91c82cf67619395b60b564c90e9e5d5325fc?s=96&d=mm&r=g\",\"url\":\"https:\\\/\\\/secure.gravatar.com\\\/avatar\\\/b73a087aa3bd279fb70d24f1960a91c82cf67619395b60b564c90e9e5d5325fc?s=96&d=mm&r=g\",\"contentUrl\":\"https:\\\/\\\/secure.gravatar.com\\\/avatar\\\/b73a087aa3bd279fb70d24f1960a91c82cf67619395b60b564c90e9e5d5325fc?s=96&d=mm&r=g\",\"caption\":\"Redazione\"},\"description\":\"News e aggiornamenti sui film, serie tv, teatro e festival italiani ed internazionali.\",\"url\":\"https:\\\/\\\/www.castingnews.eu\\\/magazine\\\/author\\\/redazione\\\/\"}]}<\/script>\r\n<!-- \/ Yoast SEO plugin. -->","yoast_head_json":{"title":"\u00abFerrari 250 GTO\u00bb, al cinema per tre giorni il film dedicato al genio di Mauro Forghieri - Casting News Magazine","description":"\u00abFerrari 250 GTO\u00bb, il film dedicato al genio di Mauro Forghieri, arriva al cinema solo il 7, 8 e 9 settembre. Guarda il trailer ufficiale.","robots":{"index":"index","follow":"follow","max-snippet":"max-snippet:-1","max-image-preview":"max-image-preview:large","max-video-preview":"max-video-preview:-1"},"canonical":"https:\/\/www.castingnews.eu\/magazine\/2026\/09\/02\/ferrari-250-gto-al-cinema-per-tre-giorni-il-film-dedicato-al-genio-di-mauro-forghieri\/","og_locale":"it_IT","og_type":"article","og_title":"\u00abFerrari 250 GTO\u00bb, al cinema per tre giorni il film dedicato al genio di Mauro Forghieri - Casting News Magazine","og_description":"\u00abFerrari 250 GTO\u00bb, il film dedicato al genio di Mauro Forghieri, arriva al cinema solo il 7, 8 e 9 settembre. Guarda il trailer ufficiale.","og_url":"https:\/\/www.castingnews.eu\/magazine\/2026\/09\/02\/ferrari-250-gto-al-cinema-per-tre-giorni-il-film-dedicato-al-genio-di-mauro-forghieri\/","og_site_name":"Casting News Magazine","article_published_time":"2026-09-02T10:20:47+00:00","article_modified_time":"2026-09-02T10:23:54+00:00","og_image":[{"width":1200,"height":728,"url":"https:\/\/www.castingnews.eu\/magazine\/wp-content\/uploads\/2026\/09\/Enzo-and-Mauro.jpg","type":"image\/jpeg"}],"author":"Redazione","twitter_card":"summary_large_image","twitter_misc":{"Scritto da":"Redazione","Tempo di lettura stimato":"4 minuti"},"schema":{"@context":"https:\/\/schema.org","@graph":[{"@type":"Article","@id":"https:\/\/www.castingnews.eu\/magazine\/2026\/09\/02\/ferrari-250-gto-al-cinema-per-tre-giorni-il-film-dedicato-al-genio-di-mauro-forghieri\/#article","isPartOf":{"@id":"https:\/\/www.castingnews.eu\/magazine\/2026\/09\/02\/ferrari-250-gto-al-cinema-per-tre-giorni-il-film-dedicato-al-genio-di-mauro-forghieri\/"},"author":{"name":"Redazione","@id":"https:\/\/www.castingnews.eu\/magazine\/#\/schema\/person\/099d71c568c9a7e5e4037b1594108f17"},"headline":"\u00abFerrari 250 GTO\u00bb, al cinema per tre giorni il film dedicato al genio di Mauro Forghieri","datePublished":"2026-09-02T10:20:47+00:00","dateModified":"2026-09-02T10:23:54+00:00","mainEntityOfPage":{"@id":"https:\/\/www.castingnews.eu\/magazine\/2026\/09\/02\/ferrari-250-gto-al-cinema-per-tre-giorni-il-film-dedicato-al-genio-di-mauro-forghieri\/"},"wordCount":594,"commentCount":0,"image":{"@id":"https:\/\/www.castingnews.eu\/magazine\/2026\/09\/02\/ferrari-250-gto-al-cinema-per-tre-giorni-il-film-dedicato-al-genio-di-mauro-forghieri\/#primaryimage"},"thumbnailUrl":"https:\/\/www.castingnews.eu\/magazine\/wp-content\/uploads\/2026\/09\/Enzo-and-Mauro.jpg","keywords":["Casting Magazine","Casting News","cinema settembre","David Beckham","documentario Ferrari","eMotion Entertainment","Enzo Ferrari","evento speciale al cinema","Ferrari","Ferrari 250 GTO","film Ferrari 250 GTO","Formula 1","Gordon Murray","Maranello","Mauro Forghieri","motorsport","Nick Mason","Ralph Lauren","Steve Hoover","storia Ferrari","Studio 99","trailer Ferrari 250 GTO"],"articleSection":["Cinema","Documentario","In primo piano","Italia","Trailer"],"inLanguage":"it-IT","potentialAction":[{"@type":"CommentAction","name":"Comment","target":["https:\/\/www.castingnews.eu\/magazine\/2026\/09\/02\/ferrari-250-gto-al-cinema-per-tre-giorni-il-film-dedicato-al-genio-di-mauro-forghieri\/#respond"]}]},{"@type":"WebPage","@id":"https:\/\/www.castingnews.eu\/magazine\/2026\/09\/02\/ferrari-250-gto-al-cinema-per-tre-giorni-il-film-dedicato-al-genio-di-mauro-forghieri\/","url":"https:\/\/www.castingnews.eu\/magazine\/2026\/09\/02\/ferrari-250-gto-al-cinema-per-tre-giorni-il-film-dedicato-al-genio-di-mauro-forghieri\/","name":"\u00abFerrari 250 GTO\u00bb, al cinema per tre giorni il film dedicato al genio di Mauro Forghieri - Casting News Magazine","isPartOf":{"@id":"https:\/\/www.castingnews.eu\/magazine\/#website"},"primaryImageOfPage":{"@id":"https:\/\/www.castingnews.eu\/magazine\/2026\/09\/02\/ferrari-250-gto-al-cinema-per-tre-giorni-il-film-dedicato-al-genio-di-mauro-forghieri\/#primaryimage"},"image":{"@id":"https:\/\/www.castingnews.eu\/magazine\/2026\/09\/02\/ferrari-250-gto-al-cinema-per-tre-giorni-il-film-dedicato-al-genio-di-mauro-forghieri\/#primaryimage"},"thumbnailUrl":"https:\/\/www.castingnews.eu\/magazine\/wp-content\/uploads\/2026\/09\/Enzo-and-Mauro.jpg","datePublished":"2026-09-02T10:20:47+00:00","dateModified":"2026-09-02T10:23:54+00:00","author":{"@id":"https:\/\/www.castingnews.eu\/magazine\/#\/schema\/person\/099d71c568c9a7e5e4037b1594108f17"},"description":"\u00abFerrari 250 GTO\u00bb, il film dedicato al genio di Mauro Forghieri, arriva al cinema solo il 7, 8 e 9 settembre. Guarda il trailer ufficiale.","breadcrumb":{"@id":"https:\/\/www.castingnews.eu\/magazine\/2026\/09\/02\/ferrari-250-gto-al-cinema-per-tre-giorni-il-film-dedicato-al-genio-di-mauro-forghieri\/#breadcrumb"},"inLanguage":"it-IT","potentialAction":[{"@type":"ReadAction","target":["https:\/\/www.castingnews.eu\/magazine\/2026\/09\/02\/ferrari-250-gto-al-cinema-per-tre-giorni-il-film-dedicato-al-genio-di-mauro-forghieri\/"]}]},{"@type":"ImageObject","inLanguage":"it-IT","@id":"https:\/\/www.castingnews.eu\/magazine\/2026\/09\/02\/ferrari-250-gto-al-cinema-per-tre-giorni-il-film-dedicato-al-genio-di-mauro-forghieri\/#primaryimage","url":"https:\/\/www.castingnews.eu\/magazine\/wp-content\/uploads\/2026\/09\/Enzo-and-Mauro.jpg","contentUrl":"https:\/\/www.castingnews.eu\/magazine\/wp-content\/uploads\/2026\/09\/Enzo-and-Mauro.jpg","width":1200,"height":728,"caption":"Nella foto Enzo Ferrari e Mauro Forghieri. Courtesy Ufficio Stampa Ornato Comunicazione."},{"@type":"BreadcrumbList","@id":"https:\/\/www.castingnews.eu\/magazine\/2026\/09\/02\/ferrari-250-gto-al-cinema-per-tre-giorni-il-film-dedicato-al-genio-di-mauro-forghieri\/#breadcrumb","itemListElement":[{"@type":"ListItem","position":1,"name":"Home","item":"https:\/\/www.castingnews.eu\/magazine\/"},{"@type":"ListItem","position":2,"name":"\u00abFerrari 250 GTO\u00bb, al cinema per tre giorni il film dedicato al genio di Mauro Forghieri"}]},{"@type":"WebSite","@id":"https:\/\/www.castingnews.eu\/magazine\/#website","url":"https:\/\/www.castingnews.eu\/magazine\/","name":"Casting News Magazine","description":"News e aggiornamenti sui film, serie tv, teatro e festival italiani ed internazionali","potentialAction":[{"@type":"SearchAction","target":{"@type":"EntryPoint","urlTemplate":"https:\/\/www.castingnews.eu\/magazine\/?s={search_term_string}"},"query-input":{"@type":"PropertyValueSpecification","valueRequired":true,"valueName":"search_term_string"}}],"inLanguage":"it-IT"},{"@type":"Person","@id":"https:\/\/www.castingnews.eu\/magazine\/#\/schema\/person\/099d71c568c9a7e5e4037b1594108f17","name":"Redazione","image":{"@type":"ImageObject","inLanguage":"it-IT","@id":"https:\/\/secure.gravatar.com\/avatar\/b73a087aa3bd279fb70d24f1960a91c82cf67619395b60b564c90e9e5d5325fc?s=96&d=mm&r=g","url":"https:\/\/secure.gravatar.com\/avatar\/b73a087aa3bd279fb70d24f1960a91c82cf67619395b60b564c90e9e5d5325fc?s=96&d=mm&r=g","contentUrl":"https:\/\/secure.gravatar.com\/avatar\/b73a087aa3bd279fb70d24f1960a91c82cf67619395b60b564c90e9e5d5325fc?s=96&d=mm&r=g","caption":"Redazione"},"description":"News e aggiornamenti sui film, serie tv, teatro e festival italiani ed internazionali.","url":"https:\/\/www.castingnews.eu\/magazine\/author\/redazione\/"}]}},"_links":{"self":[{"href":"https:\/\/www.castingnews.eu\/magazine\/wp-json\/wp\/v2\/posts\/13196","targetHints":{"allow":["GET"]}}],"collection":[{"href":"https:\/\/www.castingnews.eu\/magazine\/wp-json\/wp\/v2\/posts"}],"about":[{"href":"https:\/\/www.castingnews.eu\/magazine\/wp-json\/wp\/v2\/types\/post"}],"author":[{"embeddable":true,"href":"https:\/\/www.castingnews.eu\/magazine\/wp-json\/wp\/v2\/users\/1"}],"replies":[{"embeddable":true,"href":"https:\/\/www.castingnews.eu\/magazine\/wp-json\/wp\/v2\/comments?post=13196"}],"version-history":[{"count":2,"href":"https:\/\/www.castingnews.eu\/magazine\/wp-json\/wp\/v2\/posts\/13196\/revisions"}],"predecessor-version":[{"id":13202,"href":"https:\/\/www.castingnews.eu\/magazine\/wp-json\/wp\/v2\/posts\/13196\/revisions\/13202"}],"wp:featuredmedia":[{"embeddable":true,"href":"https:\/\/www.castingnews.eu\/magazine\/wp-json\/wp\/v2\/media\/13198"}],"wp:attachment":[{"href":"https:\/\/www.castingnews.eu\/magazine\/wp-json\/wp\/v2\/media?parent=13196"}],"wp:term":[{"taxonomy":"category","embeddable":true,"href":"https:\/\/www.castingnews.eu\/magazine\/wp-json\/wp\/v2\/categories?post=13196"},{"taxonomy":"post_tag","embeddable":true,"href":"https:\/\/www.castingnews.eu\/magazine\/wp-json\/wp\/v2\/tags?post=13196"}],"curies":[{"name":"wp","href":"https:\/\/api.w.org\/{rel}","templated":true}]}}