{"id":12233,"date":"2026-04-09T11:52:54","date_gmt":"2026-04-09T09:52:54","guid":{"rendered":"https:\/\/www.castingnews.eu\/magazine\/?p=12233"},"modified":"2026-04-20T12:08:59","modified_gmt":"2026-04-20T10:08:59","slug":"felicita-set-tra-polignano-e-alberobello-per-la-serie-polacca-con-oriana-celentano-protagonista","status":"publish","type":"post","link":"https:\/\/www.castingnews.eu\/magazine\/2026\/04\/09\/felicita-set-tra-polignano-e-alberobello-per-la-serie-polacca-con-oriana-celentano-protagonista\/","title":{"rendered":"\u00abFelicit\u00e0\u00bb, set tra Polignano e Alberobello per la serie polacca con Oriana Celentano protagonista"},"content":{"rendered":"\n<p>Le atmosfere luminose della Puglia diventano il cuore visivo di una nuova produzione televisiva internazionale: sono infatti in corso tra Polignano a Mare e Alberobello le riprese di \u00abFelicit\u00e0\u00bb, serie polacca destinata a un ampio pubblico europeo. Il progetto, articolato in 26 episodi, \u00e8 diretto da Makary Janowski e rappresenta un\u2019importante collaborazione tra Italia e Polonia.<\/p><div class=\"6d3639e8c6ac292cde400fad8ff8a5b9\" data-index=\"1\" style=\"float: none; margin:10px 0 10px 0; text-align:center;\">\n<script async src=\"\/\/pagead2.googlesyndication.com\/pagead\/js\/adsbygoogle.js\"><\/script>\r\n<!-- Casting Bambini NEW -->\r\n<ins class=\"adsbygoogle\"\r\n     style=\"display:inline-block;width:336px;height:280px\"\r\n     data-ad-client=\"ca-pub-5538097485429833\"\r\n     data-ad-slot=\"5127154445\"><\/ins>\r\n<script>\r\n(adsbygoogle = window.adsbygoogle || []).push({});\r\n<\/script>\n<\/div>\n\n\n\n\n<p>Dopo una prima fase di lavorazione gi\u00e0 realizzata a Varsavia, la produzione si sposta ora nel Sud Italia per raccontare una storia che intreccia emozioni, relazioni e identit\u00e0 culturali. La sceneggiatura si ispira liberamente ai romanzi firmati da Katarzyna Kalici\u0144ska e Rados\u0142aw Figura, rielaborati per il piccolo schermo con un tono che alterna leggerezza e momenti pi\u00f9 intensi.<\/p>\n\n\n\n<p>Alla guida del cast italiano c\u2019\u00e8 Oriana Celentano, attrice originaria della Puglia, scelta per interpretare Giulia, figura centrale dell\u2019intera narrazione. Il suo personaggio si muove tra fragilit\u00e0 e determinazione, incarnando un ritratto femminile profondamente radicato nella cultura del territorio. L\u2019attrice ha sottolineato il valore personale di questo ruolo, evidenziando il legame con la propria terra e il lavoro svolto per restituirne autenticit\u00e0 e sfumature.<\/p>\n\n\n\n<p>Accanto a lei figurano anche Alessandro Parrello, Francesco Petit, Alessandro Bressanello ed Eugenio Ricciardi, mentre il cast polacco include nomi di rilievo come Dawid Ogrodnik, Laura Breszka e Klementyna Karnkowska, confermando la dimensione internazionale dell\u2019opera.<\/p>\n\n\n\n<p>La serie \u00e8 prodotta da Telewizja Polska, con la realizzazione affidata a Golden Media Polska sotto la supervisione di Grzegorz Piekarski. L\u2019obiettivo \u00e8 quello di costruire un ponte narrativo tra due Paesi attraverso una storia capace di parlare a pubblici diversi.<\/p>\n\n\n\n<p>La messa in onda \u00e8 prevista per settembre 2026 su TVP1, principale rete nazionale polacca. Successivamente, <em>\u00abFelicit\u00e0\u00bb<\/em> dovrebbe arrivare anche in Italia. Le riprese della serie dovrebbero concludersi entro la fine di aprile.<\/p>\n\n\n\n<p>Iscriviti alla<strong>\u00a0<a href=\"https:\/\/www.castingnews.eu\/newsletter\/\" target=\"_blank\" rel=\"noreferrer noopener\">newsletter giornaliera<\/a><\/strong>\u00a0di Casting News Professional per ricevere le ultime notizie sui casting aperti, provini e audizioni.<\/p>\n\n<div style=\"font-size: 0px; height: 0px; line-height: 0px; margin: 0; padding: 0; clear: both;\"><\/div>","protected":false},"excerpt":{"rendered":"<p>Le atmosfere luminose della Puglia diventano il cuore visivo di una nuova produzione televisiva internazionale: sono infatti in corso tra Polignano a Mare e Alberobello le riprese di \u00abFelicit\u00e0\u00bb, serie polacca destinata a un ampio pubblico europeo. Il progetto, articolato in 26 episodi, \u00e8 diretto da Makary Janowski e rappresenta un\u2019importante collaborazione tra Italia e [&hellip;]<\/p>\n","protected":false},"author":1,"featured_media":12234,"comment_status":"open","ping_status":"open","sticky":false,"template":"","format":"standard","meta":{"tdm_status":"","tdm_grid_status":"","footnotes":""},"categories":[1462,1533,71,21,31,3964],"tags":[10634,272,273,10628,10636,10637,10638,10629,10631,10632,10633,10635,10627,7536,10630],"class_list":{"0":"post-12233","1":"post","2":"type-post","3":"status-publish","4":"format-standard","5":"has-post-thumbnail","7":"category-fiction-tv","8":"category-featured","9":"category-italia-paese","10":"category-in-primo-piano","11":"category-progetti-tv","12":"category-puglia","13":"tag-alberobello","14":"tag-casting-magazine","15":"tag-casting-news","16":"tag-felicita-serie-tv","17":"tag-fiction-europea","18":"tag-golden-media-polska","19":"tag-makary-janowski","20":"tag-oriana-celentano","21":"tag-polignano-a-mare","22":"tag-produzione-telewizja-polska","23":"tag-riprese-in-puglia","24":"tag-serie-ambientata-in-italia","25":"tag-serie-polacca-felicita","26":"tag-serie-tv-internazionale","27":"tag-tvp1"},"yoast_head":"<!-- This site is optimized with the Yoast SEO plugin v27.4 - https:\/\/yoast.com\/product\/yoast-seo-wordpress\/ -->\r\n<title>\u00abFelicit\u00e0\u00bb, set tra Polignano e Alberobello per la serie polacca con Oriana Celentano protagonista - Casting News Magazine<\/title>\r\n<meta name=\"description\" content=\"Riprese in Puglia per \u00abFelicit\u00e0\u00bb, serie polacca con Oriana Celentano. Debutto previsto su TVP1 a settembre 2026.\" \/>\r\n<meta name=\"robots\" content=\"index, follow, max-snippet:-1, max-image-preview:large, max-video-preview:-1\" \/>\r\n<link rel=\"canonical\" href=\"https:\/\/www.castingnews.eu\/magazine\/2026\/04\/09\/felicita-set-tra-polignano-e-alberobello-per-la-serie-polacca-con-oriana-celentano-protagonista\/\" \/>\r\n<meta property=\"og:locale\" content=\"it_IT\" \/>\r\n<meta property=\"og:type\" content=\"article\" \/>\r\n<meta property=\"og:title\" content=\"\u00abFelicit\u00e0\u00bb, set tra Polignano e Alberobello per la serie polacca con Oriana Celentano protagonista - Casting News Magazine\" \/>\r\n<meta property=\"og:description\" content=\"Riprese in Puglia per \u00abFelicit\u00e0\u00bb, serie polacca con Oriana Celentano. Debutto previsto su TVP1 a settembre 2026.\" \/>\r\n<meta property=\"og:url\" content=\"https:\/\/www.castingnews.eu\/magazine\/2026\/04\/09\/felicita-set-tra-polignano-e-alberobello-per-la-serie-polacca-con-oriana-celentano-protagonista\/\" \/>\r\n<meta property=\"og:site_name\" content=\"Casting News Magazine\" \/>\r\n<meta property=\"article:published_time\" content=\"2026-04-09T09:52:54+00:00\" \/>\r\n<meta property=\"article:modified_time\" content=\"2026-04-20T10:08:59+00:00\" \/>\r\n<meta property=\"og:image\" content=\"https:\/\/www.castingnews.eu\/magazine\/wp-content\/uploads\/2026\/04\/felicita-serie-tv-riprese-puglia-oriana-celentano.jpg\" \/>\r\n\t<meta property=\"og:image:width\" content=\"1200\" \/>\r\n\t<meta property=\"og:image:height\" content=\"630\" \/>\r\n\t<meta property=\"og:image:type\" content=\"image\/jpeg\" \/>\r\n<meta name=\"author\" content=\"Redazione\" \/>\r\n<meta name=\"twitter:card\" content=\"summary_large_image\" \/>\r\n<meta name=\"twitter:label1\" content=\"Scritto da\" \/>\n\t<meta name=\"twitter:data1\" content=\"Redazione\" \/>\n\t<meta name=\"twitter:label2\" content=\"Tempo di lettura stimato\" \/>\n\t<meta name=\"twitter:data2\" content=\"2 minuti\" \/>\r\n<script type=\"application\/ld+json\" class=\"yoast-schema-graph\">{\"@context\":\"https:\\\/\\\/schema.org\",\"@graph\":[{\"@type\":\"Article\",\"@id\":\"https:\\\/\\\/www.castingnews.eu\\\/magazine\\\/2026\\\/04\\\/09\\\/felicita-set-tra-polignano-e-alberobello-per-la-serie-polacca-con-oriana-celentano-protagonista\\\/#article\",\"isPartOf\":{\"@id\":\"https:\\\/\\\/www.castingnews.eu\\\/magazine\\\/2026\\\/04\\\/09\\\/felicita-set-tra-polignano-e-alberobello-per-la-serie-polacca-con-oriana-celentano-protagonista\\\/\"},\"author\":{\"name\":\"Redazione\",\"@id\":\"https:\\\/\\\/www.castingnews.eu\\\/magazine\\\/#\\\/schema\\\/person\\\/099d71c568c9a7e5e4037b1594108f17\"},\"headline\":\"\u00abFelicit\u00e0\u00bb, set tra Polignano e Alberobello per la serie polacca con Oriana Celentano protagonista\",\"datePublished\":\"2026-04-09T09:52:54+00:00\",\"dateModified\":\"2026-04-20T10:08:59+00:00\",\"mainEntityOfPage\":{\"@id\":\"https:\\\/\\\/www.castingnews.eu\\\/magazine\\\/2026\\\/04\\\/09\\\/felicita-set-tra-polignano-e-alberobello-per-la-serie-polacca-con-oriana-celentano-protagonista\\\/\"},\"wordCount\":321,\"commentCount\":0,\"image\":{\"@id\":\"https:\\\/\\\/www.castingnews.eu\\\/magazine\\\/2026\\\/04\\\/09\\\/felicita-set-tra-polignano-e-alberobello-per-la-serie-polacca-con-oriana-celentano-protagonista\\\/#primaryimage\"},\"thumbnailUrl\":\"https:\\\/\\\/www.castingnews.eu\\\/magazine\\\/wp-content\\\/uploads\\\/2026\\\/04\\\/felicita-serie-tv-riprese-puglia-oriana-celentano.jpg\",\"keywords\":[\"Alberobello\",\"Casting Magazine\",\"Casting News\",\"Felicit\u00e0 serie TV\",\"fiction europea\",\"Golden Media Polska\",\"Makary Janowski\",\"Oriana Celentano\",\"Polignano a Mare\",\"produzione Telewizja Polska\",\"riprese in Puglia\",\"serie ambientata in Italia\",\"serie polacca Felicit\u00e0\",\"serie TV internazionale\",\"TVP1\"],\"articleSection\":[\"Fiction TV\",\"In primo piano\",\"Italia\",\"Primo piano\",\"Progetti TV\",\"Puglia\"],\"inLanguage\":\"it-IT\",\"potentialAction\":[{\"@type\":\"CommentAction\",\"name\":\"Comment\",\"target\":[\"https:\\\/\\\/www.castingnews.eu\\\/magazine\\\/2026\\\/04\\\/09\\\/felicita-set-tra-polignano-e-alberobello-per-la-serie-polacca-con-oriana-celentano-protagonista\\\/#respond\"]}]},{\"@type\":\"WebPage\",\"@id\":\"https:\\\/\\\/www.castingnews.eu\\\/magazine\\\/2026\\\/04\\\/09\\\/felicita-set-tra-polignano-e-alberobello-per-la-serie-polacca-con-oriana-celentano-protagonista\\\/\",\"url\":\"https:\\\/\\\/www.castingnews.eu\\\/magazine\\\/2026\\\/04\\\/09\\\/felicita-set-tra-polignano-e-alberobello-per-la-serie-polacca-con-oriana-celentano-protagonista\\\/\",\"name\":\"\u00abFelicit\u00e0\u00bb, set tra Polignano e Alberobello per la serie polacca con Oriana Celentano protagonista - Casting News Magazine\",\"isPartOf\":{\"@id\":\"https:\\\/\\\/www.castingnews.eu\\\/magazine\\\/#website\"},\"primaryImageOfPage\":{\"@id\":\"https:\\\/\\\/www.castingnews.eu\\\/magazine\\\/2026\\\/04\\\/09\\\/felicita-set-tra-polignano-e-alberobello-per-la-serie-polacca-con-oriana-celentano-protagonista\\\/#primaryimage\"},\"image\":{\"@id\":\"https:\\\/\\\/www.castingnews.eu\\\/magazine\\\/2026\\\/04\\\/09\\\/felicita-set-tra-polignano-e-alberobello-per-la-serie-polacca-con-oriana-celentano-protagonista\\\/#primaryimage\"},\"thumbnailUrl\":\"https:\\\/\\\/www.castingnews.eu\\\/magazine\\\/wp-content\\\/uploads\\\/2026\\\/04\\\/felicita-serie-tv-riprese-puglia-oriana-celentano.jpg\",\"datePublished\":\"2026-04-09T09:52:54+00:00\",\"dateModified\":\"2026-04-20T10:08:59+00:00\",\"author\":{\"@id\":\"https:\\\/\\\/www.castingnews.eu\\\/magazine\\\/#\\\/schema\\\/person\\\/099d71c568c9a7e5e4037b1594108f17\"},\"description\":\"Riprese in Puglia per \u00abFelicit\u00e0\u00bb, serie polacca con Oriana Celentano. Debutto previsto su TVP1 a settembre 2026.\",\"breadcrumb\":{\"@id\":\"https:\\\/\\\/www.castingnews.eu\\\/magazine\\\/2026\\\/04\\\/09\\\/felicita-set-tra-polignano-e-alberobello-per-la-serie-polacca-con-oriana-celentano-protagonista\\\/#breadcrumb\"},\"inLanguage\":\"it-IT\",\"potentialAction\":[{\"@type\":\"ReadAction\",\"target\":[\"https:\\\/\\\/www.castingnews.eu\\\/magazine\\\/2026\\\/04\\\/09\\\/felicita-set-tra-polignano-e-alberobello-per-la-serie-polacca-con-oriana-celentano-protagonista\\\/\"]}]},{\"@type\":\"ImageObject\",\"inLanguage\":\"it-IT\",\"@id\":\"https:\\\/\\\/www.castingnews.eu\\\/magazine\\\/2026\\\/04\\\/09\\\/felicita-set-tra-polignano-e-alberobello-per-la-serie-polacca-con-oriana-celentano-protagonista\\\/#primaryimage\",\"url\":\"https:\\\/\\\/www.castingnews.eu\\\/magazine\\\/wp-content\\\/uploads\\\/2026\\\/04\\\/felicita-serie-tv-riprese-puglia-oriana-celentano.jpg\",\"contentUrl\":\"https:\\\/\\\/www.castingnews.eu\\\/magazine\\\/wp-content\\\/uploads\\\/2026\\\/04\\\/felicita-serie-tv-riprese-puglia-oriana-celentano.jpg\",\"width\":1200,\"height\":630,\"caption\":\"Polignano a Mare\"},{\"@type\":\"BreadcrumbList\",\"@id\":\"https:\\\/\\\/www.castingnews.eu\\\/magazine\\\/2026\\\/04\\\/09\\\/felicita-set-tra-polignano-e-alberobello-per-la-serie-polacca-con-oriana-celentano-protagonista\\\/#breadcrumb\",\"itemListElement\":[{\"@type\":\"ListItem\",\"position\":1,\"name\":\"Home\",\"item\":\"https:\\\/\\\/www.castingnews.eu\\\/magazine\\\/\"},{\"@type\":\"ListItem\",\"position\":2,\"name\":\"\u00abFelicit\u00e0\u00bb, set tra Polignano e Alberobello per la serie polacca con Oriana Celentano protagonista\"}]},{\"@type\":\"WebSite\",\"@id\":\"https:\\\/\\\/www.castingnews.eu\\\/magazine\\\/#website\",\"url\":\"https:\\\/\\\/www.castingnews.eu\\\/magazine\\\/\",\"name\":\"Casting News Magazine\",\"description\":\"News e aggiornamenti sui film, serie tv, teatro e festival italiani ed internazionali\",\"potentialAction\":[{\"@type\":\"SearchAction\",\"target\":{\"@type\":\"EntryPoint\",\"urlTemplate\":\"https:\\\/\\\/www.castingnews.eu\\\/magazine\\\/?s={search_term_string}\"},\"query-input\":{\"@type\":\"PropertyValueSpecification\",\"valueRequired\":true,\"valueName\":\"search_term_string\"}}],\"inLanguage\":\"it-IT\"},{\"@type\":\"Person\",\"@id\":\"https:\\\/\\\/www.castingnews.eu\\\/magazine\\\/#\\\/schema\\\/person\\\/099d71c568c9a7e5e4037b1594108f17\",\"name\":\"Redazione\",\"image\":{\"@type\":\"ImageObject\",\"inLanguage\":\"it-IT\",\"@id\":\"https:\\\/\\\/secure.gravatar.com\\\/avatar\\\/b73a087aa3bd279fb70d24f1960a91c82cf67619395b60b564c90e9e5d5325fc?s=96&d=mm&r=g\",\"url\":\"https:\\\/\\\/secure.gravatar.com\\\/avatar\\\/b73a087aa3bd279fb70d24f1960a91c82cf67619395b60b564c90e9e5d5325fc?s=96&d=mm&r=g\",\"contentUrl\":\"https:\\\/\\\/secure.gravatar.com\\\/avatar\\\/b73a087aa3bd279fb70d24f1960a91c82cf67619395b60b564c90e9e5d5325fc?s=96&d=mm&r=g\",\"caption\":\"Redazione\"},\"description\":\"News e aggiornamenti sui film, serie tv, teatro e festival italiani ed internazionali.\",\"url\":\"https:\\\/\\\/www.castingnews.eu\\\/magazine\\\/author\\\/redazione\\\/\"}]}<\/script>\r\n<!-- \/ Yoast SEO plugin. -->","yoast_head_json":{"title":"\u00abFelicit\u00e0\u00bb, set tra Polignano e Alberobello per la serie polacca con Oriana Celentano protagonista - Casting News Magazine","description":"Riprese in Puglia per \u00abFelicit\u00e0\u00bb, serie polacca con Oriana Celentano. Debutto previsto su TVP1 a settembre 2026.","robots":{"index":"index","follow":"follow","max-snippet":"max-snippet:-1","max-image-preview":"max-image-preview:large","max-video-preview":"max-video-preview:-1"},"canonical":"https:\/\/www.castingnews.eu\/magazine\/2026\/04\/09\/felicita-set-tra-polignano-e-alberobello-per-la-serie-polacca-con-oriana-celentano-protagonista\/","og_locale":"it_IT","og_type":"article","og_title":"\u00abFelicit\u00e0\u00bb, set tra Polignano e Alberobello per la serie polacca con Oriana Celentano protagonista - Casting News Magazine","og_description":"Riprese in Puglia per \u00abFelicit\u00e0\u00bb, serie polacca con Oriana Celentano. Debutto previsto su TVP1 a settembre 2026.","og_url":"https:\/\/www.castingnews.eu\/magazine\/2026\/04\/09\/felicita-set-tra-polignano-e-alberobello-per-la-serie-polacca-con-oriana-celentano-protagonista\/","og_site_name":"Casting News Magazine","article_published_time":"2026-04-09T09:52:54+00:00","article_modified_time":"2026-04-20T10:08:59+00:00","og_image":[{"width":1200,"height":630,"url":"https:\/\/www.castingnews.eu\/magazine\/wp-content\/uploads\/2026\/04\/felicita-serie-tv-riprese-puglia-oriana-celentano.jpg","type":"image\/jpeg"}],"author":"Redazione","twitter_card":"summary_large_image","twitter_misc":{"Scritto da":"Redazione","Tempo di lettura stimato":"2 minuti"},"schema":{"@context":"https:\/\/schema.org","@graph":[{"@type":"Article","@id":"https:\/\/www.castingnews.eu\/magazine\/2026\/04\/09\/felicita-set-tra-polignano-e-alberobello-per-la-serie-polacca-con-oriana-celentano-protagonista\/#article","isPartOf":{"@id":"https:\/\/www.castingnews.eu\/magazine\/2026\/04\/09\/felicita-set-tra-polignano-e-alberobello-per-la-serie-polacca-con-oriana-celentano-protagonista\/"},"author":{"name":"Redazione","@id":"https:\/\/www.castingnews.eu\/magazine\/#\/schema\/person\/099d71c568c9a7e5e4037b1594108f17"},"headline":"\u00abFelicit\u00e0\u00bb, set tra Polignano e Alberobello per la serie polacca con Oriana Celentano protagonista","datePublished":"2026-04-09T09:52:54+00:00","dateModified":"2026-04-20T10:08:59+00:00","mainEntityOfPage":{"@id":"https:\/\/www.castingnews.eu\/magazine\/2026\/04\/09\/felicita-set-tra-polignano-e-alberobello-per-la-serie-polacca-con-oriana-celentano-protagonista\/"},"wordCount":321,"commentCount":0,"image":{"@id":"https:\/\/www.castingnews.eu\/magazine\/2026\/04\/09\/felicita-set-tra-polignano-e-alberobello-per-la-serie-polacca-con-oriana-celentano-protagonista\/#primaryimage"},"thumbnailUrl":"https:\/\/www.castingnews.eu\/magazine\/wp-content\/uploads\/2026\/04\/felicita-serie-tv-riprese-puglia-oriana-celentano.jpg","keywords":["Alberobello","Casting Magazine","Casting News","Felicit\u00e0 serie TV","fiction europea","Golden Media Polska","Makary Janowski","Oriana Celentano","Polignano a Mare","produzione Telewizja Polska","riprese in Puglia","serie ambientata in Italia","serie polacca Felicit\u00e0","serie TV internazionale","TVP1"],"articleSection":["Fiction TV","In primo piano","Italia","Primo piano","Progetti TV","Puglia"],"inLanguage":"it-IT","potentialAction":[{"@type":"CommentAction","name":"Comment","target":["https:\/\/www.castingnews.eu\/magazine\/2026\/04\/09\/felicita-set-tra-polignano-e-alberobello-per-la-serie-polacca-con-oriana-celentano-protagonista\/#respond"]}]},{"@type":"WebPage","@id":"https:\/\/www.castingnews.eu\/magazine\/2026\/04\/09\/felicita-set-tra-polignano-e-alberobello-per-la-serie-polacca-con-oriana-celentano-protagonista\/","url":"https:\/\/www.castingnews.eu\/magazine\/2026\/04\/09\/felicita-set-tra-polignano-e-alberobello-per-la-serie-polacca-con-oriana-celentano-protagonista\/","name":"\u00abFelicit\u00e0\u00bb, set tra Polignano e Alberobello per la serie polacca con Oriana Celentano protagonista - Casting News Magazine","isPartOf":{"@id":"https:\/\/www.castingnews.eu\/magazine\/#website"},"primaryImageOfPage":{"@id":"https:\/\/www.castingnews.eu\/magazine\/2026\/04\/09\/felicita-set-tra-polignano-e-alberobello-per-la-serie-polacca-con-oriana-celentano-protagonista\/#primaryimage"},"image":{"@id":"https:\/\/www.castingnews.eu\/magazine\/2026\/04\/09\/felicita-set-tra-polignano-e-alberobello-per-la-serie-polacca-con-oriana-celentano-protagonista\/#primaryimage"},"thumbnailUrl":"https:\/\/www.castingnews.eu\/magazine\/wp-content\/uploads\/2026\/04\/felicita-serie-tv-riprese-puglia-oriana-celentano.jpg","datePublished":"2026-04-09T09:52:54+00:00","dateModified":"2026-04-20T10:08:59+00:00","author":{"@id":"https:\/\/www.castingnews.eu\/magazine\/#\/schema\/person\/099d71c568c9a7e5e4037b1594108f17"},"description":"Riprese in Puglia per \u00abFelicit\u00e0\u00bb, serie polacca con Oriana Celentano. Debutto previsto su TVP1 a settembre 2026.","breadcrumb":{"@id":"https:\/\/www.castingnews.eu\/magazine\/2026\/04\/09\/felicita-set-tra-polignano-e-alberobello-per-la-serie-polacca-con-oriana-celentano-protagonista\/#breadcrumb"},"inLanguage":"it-IT","potentialAction":[{"@type":"ReadAction","target":["https:\/\/www.castingnews.eu\/magazine\/2026\/04\/09\/felicita-set-tra-polignano-e-alberobello-per-la-serie-polacca-con-oriana-celentano-protagonista\/"]}]},{"@type":"ImageObject","inLanguage":"it-IT","@id":"https:\/\/www.castingnews.eu\/magazine\/2026\/04\/09\/felicita-set-tra-polignano-e-alberobello-per-la-serie-polacca-con-oriana-celentano-protagonista\/#primaryimage","url":"https:\/\/www.castingnews.eu\/magazine\/wp-content\/uploads\/2026\/04\/felicita-serie-tv-riprese-puglia-oriana-celentano.jpg","contentUrl":"https:\/\/www.castingnews.eu\/magazine\/wp-content\/uploads\/2026\/04\/felicita-serie-tv-riprese-puglia-oriana-celentano.jpg","width":1200,"height":630,"caption":"Polignano a Mare"},{"@type":"BreadcrumbList","@id":"https:\/\/www.castingnews.eu\/magazine\/2026\/04\/09\/felicita-set-tra-polignano-e-alberobello-per-la-serie-polacca-con-oriana-celentano-protagonista\/#breadcrumb","itemListElement":[{"@type":"ListItem","position":1,"name":"Home","item":"https:\/\/www.castingnews.eu\/magazine\/"},{"@type":"ListItem","position":2,"name":"\u00abFelicit\u00e0\u00bb, set tra Polignano e Alberobello per la serie polacca con Oriana Celentano protagonista"}]},{"@type":"WebSite","@id":"https:\/\/www.castingnews.eu\/magazine\/#website","url":"https:\/\/www.castingnews.eu\/magazine\/","name":"Casting News Magazine","description":"News e aggiornamenti sui film, serie tv, teatro e festival italiani ed internazionali","potentialAction":[{"@type":"SearchAction","target":{"@type":"EntryPoint","urlTemplate":"https:\/\/www.castingnews.eu\/magazine\/?s={search_term_string}"},"query-input":{"@type":"PropertyValueSpecification","valueRequired":true,"valueName":"search_term_string"}}],"inLanguage":"it-IT"},{"@type":"Person","@id":"https:\/\/www.castingnews.eu\/magazine\/#\/schema\/person\/099d71c568c9a7e5e4037b1594108f17","name":"Redazione","image":{"@type":"ImageObject","inLanguage":"it-IT","@id":"https:\/\/secure.gravatar.com\/avatar\/b73a087aa3bd279fb70d24f1960a91c82cf67619395b60b564c90e9e5d5325fc?s=96&d=mm&r=g","url":"https:\/\/secure.gravatar.com\/avatar\/b73a087aa3bd279fb70d24f1960a91c82cf67619395b60b564c90e9e5d5325fc?s=96&d=mm&r=g","contentUrl":"https:\/\/secure.gravatar.com\/avatar\/b73a087aa3bd279fb70d24f1960a91c82cf67619395b60b564c90e9e5d5325fc?s=96&d=mm&r=g","caption":"Redazione"},"description":"News e aggiornamenti sui film, serie tv, teatro e festival italiani ed internazionali.","url":"https:\/\/www.castingnews.eu\/magazine\/author\/redazione\/"}]}},"_links":{"self":[{"href":"https:\/\/www.castingnews.eu\/magazine\/wp-json\/wp\/v2\/posts\/12233","targetHints":{"allow":["GET"]}}],"collection":[{"href":"https:\/\/www.castingnews.eu\/magazine\/wp-json\/wp\/v2\/posts"}],"about":[{"href":"https:\/\/www.castingnews.eu\/magazine\/wp-json\/wp\/v2\/types\/post"}],"author":[{"embeddable":true,"href":"https:\/\/www.castingnews.eu\/magazine\/wp-json\/wp\/v2\/users\/1"}],"replies":[{"embeddable":true,"href":"https:\/\/www.castingnews.eu\/magazine\/wp-json\/wp\/v2\/comments?post=12233"}],"version-history":[{"count":3,"href":"https:\/\/www.castingnews.eu\/magazine\/wp-json\/wp\/v2\/posts\/12233\/revisions"}],"predecessor-version":[{"id":12237,"href":"https:\/\/www.castingnews.eu\/magazine\/wp-json\/wp\/v2\/posts\/12233\/revisions\/12237"}],"wp:featuredmedia":[{"embeddable":true,"href":"https:\/\/www.castingnews.eu\/magazine\/wp-json\/wp\/v2\/media\/12234"}],"wp:attachment":[{"href":"https:\/\/www.castingnews.eu\/magazine\/wp-json\/wp\/v2\/media?parent=12233"}],"wp:term":[{"taxonomy":"category","embeddable":true,"href":"https:\/\/www.castingnews.eu\/magazine\/wp-json\/wp\/v2\/categories?post=12233"},{"taxonomy":"post_tag","embeddable":true,"href":"https:\/\/www.castingnews.eu\/magazine\/wp-json\/wp\/v2\/tags?post=12233"}],"curies":[{"name":"wp","href":"https:\/\/api.w.org\/{rel}","templated":true}]}}