{"id":12139,"date":"2026-04-15T16:47:02","date_gmt":"2026-04-15T14:47:02","guid":{"rendered":"https:\/\/www.castingnews.eu\/magazine\/?p=12139"},"modified":"2026-04-15T16:47:07","modified_gmt":"2026-04-15T14:47:07","slug":"giulio-regeni-tutto-il-male-del-mondo-al-festival-tulipani-di-seta-nera-memoria-e-giustizia-al-centro-della-scena","status":"publish","type":"post","link":"https:\/\/www.castingnews.eu\/magazine\/2026\/04\/15\/giulio-regeni-tutto-il-male-del-mondo-al-festival-tulipani-di-seta-nera-memoria-e-giustizia-al-centro-della-scena\/","title":{"rendered":"\u00abGiulio Regeni \u2013 Tutto il male del mondo\u00bb al Festival Tulipani di Seta Nera: memoria e giustizia al centro della scena"},"content":{"rendered":"\n<p>Roma si prepara ad accogliere una delle opere pi\u00f9 significative del recente panorama documentaristico italiano. Venerd\u00ec 8 maggio, nell\u2019ambito del Festival Internazionale della Cinematografia Sociale Tulipani di Seta Nera, verr\u00e0 presentato fuori concorso il documentario <em>Giulio Regeni \u2013 Tutto il male del mondo<\/em>, diretto da Simone Manetti. Un appuntamento che riporta al centro del dibattito pubblico una vicenda che continua a interrogare coscienze e istituzioni.<\/p><div class=\"6d3639e8c6ac292cde400fad8ff8a5b9\" data-index=\"1\" style=\"float: none; margin:10px 0 10px 0; text-align:center;\">\n<script async src=\"\/\/pagead2.googlesyndication.com\/pagead\/js\/adsbygoogle.js\"><\/script>\r\n<!-- Casting Bambini NEW -->\r\n<ins class=\"adsbygoogle\"\r\n     style=\"display:inline-block;width:336px;height:280px\"\r\n     data-ad-client=\"ca-pub-5538097485429833\"\r\n     data-ad-slot=\"5127154445\"><\/ins>\r\n<script>\r\n(adsbygoogle = window.adsbygoogle || []).push({});\r\n<\/script>\n<\/div>\n\n\n\n\n<p>La storia di Giulio Regeni, giovane ricercatore italiano ucciso in Egitto nel 2016, resta infatti una ferita aperta. Il documentario si inserisce in questo solco, proponendosi non solo come opera cinematografica, ma come strumento di memoria e riflessione civile. La proiezione rappresenta un momento di condivisione collettiva, volto a mantenere viva l\u2019attenzione su una richiesta di verit\u00e0 che, a distanza di anni, non ha ancora trovato piena risposta.<\/p>\n\n\n\n<p>Il Festival, in programma dal 7 al 10 maggio presso il The Space Cinema Moderno di Roma, conferir\u00e0 inoltre un riconoscimento al regista Simone Manetti \u2013 che presieder\u00e0 anche la giuria della sezione documentari \u2013 insieme agli autori Emanuele Cava e Matteo Billi e ai produttori Ganesh Produzioni e Fandango. Un premio che sottolinea il valore di un\u2019opera capace di coniugare qualit\u00e0 cinematografica e impegno civile.<\/p>\n\n\n\n<p>\u201cNon \u00e8 solo una proiezione, ma una scelta consapevole\u201d, ha dichiarato il presidente del Festival Diego Righini. \u201cQuesto riconoscimento esprime un valore culturale che va oltre l\u2019ambito artistico: \u00e8 il segno di una comunit\u00e0 che sceglie di non voltarsi dall\u2019altra parte, mantenendo viva la memoria e rinnovando la richiesta di giustizia\u201d.<\/p>\n\n\n\n<figure class=\"wp-block-image size-large\"><img loading=\"lazy\" decoding=\"async\" width=\"1024\" height=\"576\" src=\"https:\/\/www.castingnews.eu\/magazine\/wp-content\/uploads\/2026\/04\/Giulio-Regeni-documentario-1024x576.jpg\" alt=\"\" class=\"wp-image-12141\" srcset=\"https:\/\/www.castingnews.eu\/magazine\/wp-content\/uploads\/2026\/04\/Giulio-Regeni-documentario-1024x576.jpg 1024w, https:\/\/www.castingnews.eu\/magazine\/wp-content\/uploads\/2026\/04\/Giulio-Regeni-documentario-300x169.jpg 300w, https:\/\/www.castingnews.eu\/magazine\/wp-content\/uploads\/2026\/04\/Giulio-Regeni-documentario-768x432.jpg 768w, https:\/\/www.castingnews.eu\/magazine\/wp-content\/uploads\/2026\/04\/Giulio-Regeni-documentario-746x420.jpg 746w, https:\/\/www.castingnews.eu\/magazine\/wp-content\/uploads\/2026\/04\/Giulio-Regeni-documentario-696x392.jpg 696w, https:\/\/www.castingnews.eu\/magazine\/wp-content\/uploads\/2026\/04\/Giulio-Regeni-documentario-1068x601.jpg 1068w, https:\/\/www.castingnews.eu\/magazine\/wp-content\/uploads\/2026\/04\/Giulio-Regeni-documentario.jpg 1400w\" sizes=\"auto, (max-width: 1024px) 100vw, 1024px\" \/><\/figure>\n\n\n\n<p>Sulla stessa linea le parole del regista Simone Manetti, che definisce il film \u201cun atto di cittadinanza\u201d, un contributo necessario alla memoria collettiva. Il documentario, infatti, si distingue per il rigore del racconto e per la profondit\u00e0 umana con cui affronta una vicenda complessa e dolorosa.<\/p>\n\n\n\n<p>Gi\u00e0 premiato con il Nastro della Legalit\u00e0 assegnato dai Giornalisti Cinematografici, il film ha riscosso grande partecipazione da parte del pubblico, registrando numerosi sold out nelle sale italiane e trovando spazio anche sui principali broadcaster nazionali, tra cui Sky e Rai.<\/p>\n\n\n\n<p>Al centro del racconto, la ricostruzione delle fasi del sequestro, delle torture e dell\u2019uccisione di Giulio Regeni, il cui corpo fu ritrovato nei pressi del Cairo il 3 febbraio 2016. Attraverso testimonianze inedite e materiali ricostruiti, emergono responsabilit\u00e0, omissioni e verit\u00e0 negate, offrendo uno sguardo lucido su una delle vicende pi\u00f9 controverse degli ultimi anni.<\/p>\n\n\n\n<p>Particolarmente significativa \u00e8 la presenza diretta dei genitori, Paola Deffendi e Claudio Regeni, che per la prima volta raccontano in prima persona il lungo e difficile percorso intrapreso per ottenere giustizia. Accanto a loro, l\u2019avvocata Alessandra Ballerini ripercorre le tappe di un iter giudiziario complesso, che ha portato all\u2019apertura del processo nei confronti di quattro agenti della National Security egiziana, avviato nella primavera del 2024 e tuttora in corso.<\/p>\n\n\n\n<p>La consegna del riconoscimento, prevista sul palco del The Space Cinema Moderno, sar\u00e0 affidata al direttore della sezione documentari Christian Carmosino Mereu, in un momento che intende rendere omaggio non solo al lavoro cinematografico, ma anche alla determinazione di una famiglia diventata simbolo di una battaglia per la verit\u00e0.<\/p>\n\n\n\n<p>Diretto da Simone Manetti e scritto insieme a Emanuele Cava e Matteo Billi, <em>Giulio Regeni \u2013 Tutto il male del mondo<\/em> \u00e8 prodotto da Agnese Ricchi e Mario Mazzarotto per Ganesh Produzioni e da Domenico Procacci e Laura Paolucci per Fandango, in collaborazione con Sky, 5\/6, Percettiva, Hop Film e Wider Studio, e distribuito da Fandango.<\/p>\n\n\n\n<p>Il Festival Tulipani di Seta Nera, presieduto da Diego Righini e ideato da Paola Tassone, nasce con l\u2019obiettivo di promuovere una cultura dell\u2019inclusione e della tutela dei diritti. In questo contesto, la proiezione del documentario su Giulio Regeni si conferma come un momento di alto valore simbolico, capace di trasformare il cinema in uno spazio attivo di memoria, consapevolezza e impegno civile.<\/p>\n\n\n\n<p>Iscriviti alla<strong>\u00a0<a href=\"https:\/\/www.castingnews.eu\/newsletter\/\" target=\"_blank\" rel=\"noreferrer noopener\">newsletter giornaliera<\/a><\/strong>\u00a0di Casting News Professional per ricevere le ultime notizie sui casting aperti, provini e audizioni.<\/p>\n\n<div style=\"font-size: 0px; height: 0px; line-height: 0px; margin: 0; padding: 0; clear: both;\"><\/div>","protected":false},"excerpt":{"rendered":"<p>Roma si prepara ad accogliere una delle opere pi\u00f9 significative del recente panorama documentaristico italiano. Venerd\u00ec 8 maggio, nell\u2019ambito del Festival Internazionale della Cinematografia Sociale Tulipani di Seta Nera, verr\u00e0 presentato fuori concorso il documentario Giulio Regeni \u2013 Tutto il male del mondo, diretto da Simone Manetti. Un appuntamento che riporta al centro del dibattito [&hellip;]<\/p>\n","protected":false},"author":1,"featured_media":12140,"comment_status":"open","ping_status":"open","sticky":false,"template":"","format":"standard","meta":{"tdm_status":"","tdm_grid_status":"","footnotes":""},"categories":[62,11,1533,71,21],"tags":[10442,10447,10444,272,273,10224,6526,10439,10435,2835,10440,10445,10436,10441,10443,10446,10437,10438],"class_list":{"0":"post-12139","1":"post","2":"type-post","3":"status-publish","4":"format-standard","5":"has-post-thumbnail","7":"category-documentario","8":"category-festival","9":"category-featured","10":"category-italia-paese","11":"category-in-primo-piano","12":"tag-amnesty-international-italia","13":"tag-cairo-2016","14":"tag-caso-regeni","15":"tag-casting-magazine","16":"tag-casting-news","17":"tag-cinema-civile-italiano","18":"tag-cinema-sociale","19":"tag-diritti-umani","20":"tag-documentario-giulio-regeni","21":"tag-fandango","22":"tag-festival-tulipani-di-seta-nera","23":"tag-ganesh-produzioni","24":"tag-giulio-regeni","25":"tag-giustizia-regeni","26":"tag-memoria-collettiva","27":"tag-processo-regeni","28":"tag-simone-manetti","29":"tag-tutto-il-male-del-mondo"},"yoast_head":"<!-- This site is optimized with the Yoast SEO plugin v27.4 - https:\/\/yoast.com\/product\/yoast-seo-wordpress\/ -->\r\n<title>\u00abGiulio Regeni \u2013 Tutto il male del mondo\u00bb al Festival Tulipani di Seta Nera: memoria e giustizia al centro della scena - Casting News Magazine<\/title>\r\n<meta name=\"description\" content=\"Il documentario su Giulio Regeni arriva al Festival Tulipani di Seta Nera, riportando al centro memoria, verit\u00e0 e richiesta di giustizia.\" \/>\r\n<meta name=\"robots\" content=\"index, follow, max-snippet:-1, max-image-preview:large, max-video-preview:-1\" \/>\r\n<link rel=\"canonical\" href=\"https:\/\/www.castingnews.eu\/magazine\/2026\/04\/15\/giulio-regeni-tutto-il-male-del-mondo-al-festival-tulipani-di-seta-nera-memoria-e-giustizia-al-centro-della-scena\/\" \/>\r\n<meta property=\"og:locale\" content=\"it_IT\" \/>\r\n<meta property=\"og:type\" content=\"article\" \/>\r\n<meta property=\"og:title\" content=\"\u00abGiulio Regeni \u2013 Tutto il male del mondo\u00bb al Festival Tulipani di Seta Nera: memoria e giustizia al centro della scena - Casting News Magazine\" \/>\r\n<meta property=\"og:description\" content=\"Il documentario su Giulio Regeni arriva al Festival Tulipani di Seta Nera, riportando al centro memoria, verit\u00e0 e richiesta di giustizia.\" \/>\r\n<meta property=\"og:url\" content=\"https:\/\/www.castingnews.eu\/magazine\/2026\/04\/15\/giulio-regeni-tutto-il-male-del-mondo-al-festival-tulipani-di-seta-nera-memoria-e-giustizia-al-centro-della-scena\/\" \/>\r\n<meta property=\"og:site_name\" content=\"Casting News Magazine\" \/>\r\n<meta property=\"article:published_time\" content=\"2026-04-15T14:47:02+00:00\" \/>\r\n<meta property=\"article:modified_time\" content=\"2026-04-15T14:47:07+00:00\" \/>\r\n<meta property=\"og:image\" content=\"https:\/\/www.castingnews.eu\/magazine\/wp-content\/uploads\/2026\/04\/Giulio-Regeni.jpg\" \/>\r\n\t<meta property=\"og:image:width\" content=\"1400\" \/>\r\n\t<meta property=\"og:image:height\" content=\"1004\" \/>\r\n\t<meta property=\"og:image:type\" content=\"image\/jpeg\" \/>\r\n<meta name=\"author\" content=\"Redazione\" \/>\r\n<meta name=\"twitter:card\" content=\"summary_large_image\" \/>\r\n<meta name=\"twitter:label1\" content=\"Scritto da\" \/>\n\t<meta name=\"twitter:data1\" content=\"Redazione\" \/>\n\t<meta name=\"twitter:label2\" content=\"Tempo di lettura stimato\" \/>\n\t<meta name=\"twitter:data2\" content=\"4 minuti\" \/>\r\n<script type=\"application\/ld+json\" class=\"yoast-schema-graph\">{\"@context\":\"https:\\\/\\\/schema.org\",\"@graph\":[{\"@type\":\"Article\",\"@id\":\"https:\\\/\\\/www.castingnews.eu\\\/magazine\\\/2026\\\/04\\\/15\\\/giulio-regeni-tutto-il-male-del-mondo-al-festival-tulipani-di-seta-nera-memoria-e-giustizia-al-centro-della-scena\\\/#article\",\"isPartOf\":{\"@id\":\"https:\\\/\\\/www.castingnews.eu\\\/magazine\\\/2026\\\/04\\\/15\\\/giulio-regeni-tutto-il-male-del-mondo-al-festival-tulipani-di-seta-nera-memoria-e-giustizia-al-centro-della-scena\\\/\"},\"author\":{\"name\":\"Redazione\",\"@id\":\"https:\\\/\\\/www.castingnews.eu\\\/magazine\\\/#\\\/schema\\\/person\\\/099d71c568c9a7e5e4037b1594108f17\"},\"headline\":\"\u00abGiulio Regeni \u2013 Tutto il male del mondo\u00bb al Festival Tulipani di Seta Nera: memoria e giustizia al centro della scena\",\"datePublished\":\"2026-04-15T14:47:02+00:00\",\"dateModified\":\"2026-04-15T14:47:07+00:00\",\"mainEntityOfPage\":{\"@id\":\"https:\\\/\\\/www.castingnews.eu\\\/magazine\\\/2026\\\/04\\\/15\\\/giulio-regeni-tutto-il-male-del-mondo-al-festival-tulipani-di-seta-nera-memoria-e-giustizia-al-centro-della-scena\\\/\"},\"wordCount\":661,\"commentCount\":0,\"image\":{\"@id\":\"https:\\\/\\\/www.castingnews.eu\\\/magazine\\\/2026\\\/04\\\/15\\\/giulio-regeni-tutto-il-male-del-mondo-al-festival-tulipani-di-seta-nera-memoria-e-giustizia-al-centro-della-scena\\\/#primaryimage\"},\"thumbnailUrl\":\"https:\\\/\\\/www.castingnews.eu\\\/magazine\\\/wp-content\\\/uploads\\\/2026\\\/04\\\/Giulio-Regeni.jpg\",\"keywords\":[\"Amnesty International Italia\",\"Cairo 2016\",\"caso Regeni\",\"Casting Magazine\",\"Casting News\",\"cinema civile italiano\",\"cinema sociale\",\"diritti umani\",\"documentario Giulio Regeni\",\"Fandango\",\"Festival Tulipani di Seta Nera\",\"Ganesh Produzioni\",\"Giulio Regeni\",\"giustizia Regeni\",\"memoria collettiva\",\"processo Regeni\",\"Simone Manetti\",\"Tutto il male del mondo\"],\"articleSection\":[\"Documentario\",\"Festival\",\"In primo piano\",\"Italia\",\"Primo piano\"],\"inLanguage\":\"it-IT\",\"potentialAction\":[{\"@type\":\"CommentAction\",\"name\":\"Comment\",\"target\":[\"https:\\\/\\\/www.castingnews.eu\\\/magazine\\\/2026\\\/04\\\/15\\\/giulio-regeni-tutto-il-male-del-mondo-al-festival-tulipani-di-seta-nera-memoria-e-giustizia-al-centro-della-scena\\\/#respond\"]}]},{\"@type\":\"WebPage\",\"@id\":\"https:\\\/\\\/www.castingnews.eu\\\/magazine\\\/2026\\\/04\\\/15\\\/giulio-regeni-tutto-il-male-del-mondo-al-festival-tulipani-di-seta-nera-memoria-e-giustizia-al-centro-della-scena\\\/\",\"url\":\"https:\\\/\\\/www.castingnews.eu\\\/magazine\\\/2026\\\/04\\\/15\\\/giulio-regeni-tutto-il-male-del-mondo-al-festival-tulipani-di-seta-nera-memoria-e-giustizia-al-centro-della-scena\\\/\",\"name\":\"\u00abGiulio Regeni \u2013 Tutto il male del mondo\u00bb al Festival Tulipani di Seta Nera: memoria e giustizia al centro della scena - Casting News Magazine\",\"isPartOf\":{\"@id\":\"https:\\\/\\\/www.castingnews.eu\\\/magazine\\\/#website\"},\"primaryImageOfPage\":{\"@id\":\"https:\\\/\\\/www.castingnews.eu\\\/magazine\\\/2026\\\/04\\\/15\\\/giulio-regeni-tutto-il-male-del-mondo-al-festival-tulipani-di-seta-nera-memoria-e-giustizia-al-centro-della-scena\\\/#primaryimage\"},\"image\":{\"@id\":\"https:\\\/\\\/www.castingnews.eu\\\/magazine\\\/2026\\\/04\\\/15\\\/giulio-regeni-tutto-il-male-del-mondo-al-festival-tulipani-di-seta-nera-memoria-e-giustizia-al-centro-della-scena\\\/#primaryimage\"},\"thumbnailUrl\":\"https:\\\/\\\/www.castingnews.eu\\\/magazine\\\/wp-content\\\/uploads\\\/2026\\\/04\\\/Giulio-Regeni.jpg\",\"datePublished\":\"2026-04-15T14:47:02+00:00\",\"dateModified\":\"2026-04-15T14:47:07+00:00\",\"author\":{\"@id\":\"https:\\\/\\\/www.castingnews.eu\\\/magazine\\\/#\\\/schema\\\/person\\\/099d71c568c9a7e5e4037b1594108f17\"},\"description\":\"Il documentario su Giulio Regeni arriva al Festival Tulipani di Seta Nera, riportando al centro memoria, verit\u00e0 e richiesta di giustizia.\",\"breadcrumb\":{\"@id\":\"https:\\\/\\\/www.castingnews.eu\\\/magazine\\\/2026\\\/04\\\/15\\\/giulio-regeni-tutto-il-male-del-mondo-al-festival-tulipani-di-seta-nera-memoria-e-giustizia-al-centro-della-scena\\\/#breadcrumb\"},\"inLanguage\":\"it-IT\",\"potentialAction\":[{\"@type\":\"ReadAction\",\"target\":[\"https:\\\/\\\/www.castingnews.eu\\\/magazine\\\/2026\\\/04\\\/15\\\/giulio-regeni-tutto-il-male-del-mondo-al-festival-tulipani-di-seta-nera-memoria-e-giustizia-al-centro-della-scena\\\/\"]}]},{\"@type\":\"ImageObject\",\"inLanguage\":\"it-IT\",\"@id\":\"https:\\\/\\\/www.castingnews.eu\\\/magazine\\\/2026\\\/04\\\/15\\\/giulio-regeni-tutto-il-male-del-mondo-al-festival-tulipani-di-seta-nera-memoria-e-giustizia-al-centro-della-scena\\\/#primaryimage\",\"url\":\"https:\\\/\\\/www.castingnews.eu\\\/magazine\\\/wp-content\\\/uploads\\\/2026\\\/04\\\/Giulio-Regeni.jpg\",\"contentUrl\":\"https:\\\/\\\/www.castingnews.eu\\\/magazine\\\/wp-content\\\/uploads\\\/2026\\\/04\\\/Giulio-Regeni.jpg\",\"width\":1400,\"height\":1004,\"caption\":\"Giulio Regeni \u2013 Tutto il male del mondo\"},{\"@type\":\"BreadcrumbList\",\"@id\":\"https:\\\/\\\/www.castingnews.eu\\\/magazine\\\/2026\\\/04\\\/15\\\/giulio-regeni-tutto-il-male-del-mondo-al-festival-tulipani-di-seta-nera-memoria-e-giustizia-al-centro-della-scena\\\/#breadcrumb\",\"itemListElement\":[{\"@type\":\"ListItem\",\"position\":1,\"name\":\"Home\",\"item\":\"https:\\\/\\\/www.castingnews.eu\\\/magazine\\\/\"},{\"@type\":\"ListItem\",\"position\":2,\"name\":\"\u00abGiulio Regeni \u2013 Tutto il male del mondo\u00bb al Festival Tulipani di Seta Nera: memoria e giustizia al centro della scena\"}]},{\"@type\":\"WebSite\",\"@id\":\"https:\\\/\\\/www.castingnews.eu\\\/magazine\\\/#website\",\"url\":\"https:\\\/\\\/www.castingnews.eu\\\/magazine\\\/\",\"name\":\"Casting News Magazine\",\"description\":\"News e aggiornamenti sui film, serie tv, teatro e festival italiani ed internazionali\",\"potentialAction\":[{\"@type\":\"SearchAction\",\"target\":{\"@type\":\"EntryPoint\",\"urlTemplate\":\"https:\\\/\\\/www.castingnews.eu\\\/magazine\\\/?s={search_term_string}\"},\"query-input\":{\"@type\":\"PropertyValueSpecification\",\"valueRequired\":true,\"valueName\":\"search_term_string\"}}],\"inLanguage\":\"it-IT\"},{\"@type\":\"Person\",\"@id\":\"https:\\\/\\\/www.castingnews.eu\\\/magazine\\\/#\\\/schema\\\/person\\\/099d71c568c9a7e5e4037b1594108f17\",\"name\":\"Redazione\",\"image\":{\"@type\":\"ImageObject\",\"inLanguage\":\"it-IT\",\"@id\":\"https:\\\/\\\/secure.gravatar.com\\\/avatar\\\/b73a087aa3bd279fb70d24f1960a91c82cf67619395b60b564c90e9e5d5325fc?s=96&d=mm&r=g\",\"url\":\"https:\\\/\\\/secure.gravatar.com\\\/avatar\\\/b73a087aa3bd279fb70d24f1960a91c82cf67619395b60b564c90e9e5d5325fc?s=96&d=mm&r=g\",\"contentUrl\":\"https:\\\/\\\/secure.gravatar.com\\\/avatar\\\/b73a087aa3bd279fb70d24f1960a91c82cf67619395b60b564c90e9e5d5325fc?s=96&d=mm&r=g\",\"caption\":\"Redazione\"},\"description\":\"News e aggiornamenti sui film, serie tv, teatro e festival italiani ed internazionali.\",\"url\":\"https:\\\/\\\/www.castingnews.eu\\\/magazine\\\/author\\\/redazione\\\/\"}]}<\/script>\r\n<!-- \/ Yoast SEO plugin. -->","yoast_head_json":{"title":"\u00abGiulio Regeni \u2013 Tutto il male del mondo\u00bb al Festival Tulipani di Seta Nera: memoria e giustizia al centro della scena - Casting News Magazine","description":"Il documentario su Giulio Regeni arriva al Festival Tulipani di Seta Nera, riportando al centro memoria, verit\u00e0 e richiesta di giustizia.","robots":{"index":"index","follow":"follow","max-snippet":"max-snippet:-1","max-image-preview":"max-image-preview:large","max-video-preview":"max-video-preview:-1"},"canonical":"https:\/\/www.castingnews.eu\/magazine\/2026\/04\/15\/giulio-regeni-tutto-il-male-del-mondo-al-festival-tulipani-di-seta-nera-memoria-e-giustizia-al-centro-della-scena\/","og_locale":"it_IT","og_type":"article","og_title":"\u00abGiulio Regeni \u2013 Tutto il male del mondo\u00bb al Festival Tulipani di Seta Nera: memoria e giustizia al centro della scena - Casting News Magazine","og_description":"Il documentario su Giulio Regeni arriva al Festival Tulipani di Seta Nera, riportando al centro memoria, verit\u00e0 e richiesta di giustizia.","og_url":"https:\/\/www.castingnews.eu\/magazine\/2026\/04\/15\/giulio-regeni-tutto-il-male-del-mondo-al-festival-tulipani-di-seta-nera-memoria-e-giustizia-al-centro-della-scena\/","og_site_name":"Casting News Magazine","article_published_time":"2026-04-15T14:47:02+00:00","article_modified_time":"2026-04-15T14:47:07+00:00","og_image":[{"width":1400,"height":1004,"url":"https:\/\/www.castingnews.eu\/magazine\/wp-content\/uploads\/2026\/04\/Giulio-Regeni.jpg","type":"image\/jpeg"}],"author":"Redazione","twitter_card":"summary_large_image","twitter_misc":{"Scritto da":"Redazione","Tempo di lettura stimato":"4 minuti"},"schema":{"@context":"https:\/\/schema.org","@graph":[{"@type":"Article","@id":"https:\/\/www.castingnews.eu\/magazine\/2026\/04\/15\/giulio-regeni-tutto-il-male-del-mondo-al-festival-tulipani-di-seta-nera-memoria-e-giustizia-al-centro-della-scena\/#article","isPartOf":{"@id":"https:\/\/www.castingnews.eu\/magazine\/2026\/04\/15\/giulio-regeni-tutto-il-male-del-mondo-al-festival-tulipani-di-seta-nera-memoria-e-giustizia-al-centro-della-scena\/"},"author":{"name":"Redazione","@id":"https:\/\/www.castingnews.eu\/magazine\/#\/schema\/person\/099d71c568c9a7e5e4037b1594108f17"},"headline":"\u00abGiulio Regeni \u2013 Tutto il male del mondo\u00bb al Festival Tulipani di Seta Nera: memoria e giustizia al centro della scena","datePublished":"2026-04-15T14:47:02+00:00","dateModified":"2026-04-15T14:47:07+00:00","mainEntityOfPage":{"@id":"https:\/\/www.castingnews.eu\/magazine\/2026\/04\/15\/giulio-regeni-tutto-il-male-del-mondo-al-festival-tulipani-di-seta-nera-memoria-e-giustizia-al-centro-della-scena\/"},"wordCount":661,"commentCount":0,"image":{"@id":"https:\/\/www.castingnews.eu\/magazine\/2026\/04\/15\/giulio-regeni-tutto-il-male-del-mondo-al-festival-tulipani-di-seta-nera-memoria-e-giustizia-al-centro-della-scena\/#primaryimage"},"thumbnailUrl":"https:\/\/www.castingnews.eu\/magazine\/wp-content\/uploads\/2026\/04\/Giulio-Regeni.jpg","keywords":["Amnesty International Italia","Cairo 2016","caso Regeni","Casting Magazine","Casting News","cinema civile italiano","cinema sociale","diritti umani","documentario Giulio Regeni","Fandango","Festival Tulipani di Seta Nera","Ganesh Produzioni","Giulio Regeni","giustizia Regeni","memoria collettiva","processo Regeni","Simone Manetti","Tutto il male del mondo"],"articleSection":["Documentario","Festival","In primo piano","Italia","Primo piano"],"inLanguage":"it-IT","potentialAction":[{"@type":"CommentAction","name":"Comment","target":["https:\/\/www.castingnews.eu\/magazine\/2026\/04\/15\/giulio-regeni-tutto-il-male-del-mondo-al-festival-tulipani-di-seta-nera-memoria-e-giustizia-al-centro-della-scena\/#respond"]}]},{"@type":"WebPage","@id":"https:\/\/www.castingnews.eu\/magazine\/2026\/04\/15\/giulio-regeni-tutto-il-male-del-mondo-al-festival-tulipani-di-seta-nera-memoria-e-giustizia-al-centro-della-scena\/","url":"https:\/\/www.castingnews.eu\/magazine\/2026\/04\/15\/giulio-regeni-tutto-il-male-del-mondo-al-festival-tulipani-di-seta-nera-memoria-e-giustizia-al-centro-della-scena\/","name":"\u00abGiulio Regeni \u2013 Tutto il male del mondo\u00bb al Festival Tulipani di Seta Nera: memoria e giustizia al centro della scena - Casting News Magazine","isPartOf":{"@id":"https:\/\/www.castingnews.eu\/magazine\/#website"},"primaryImageOfPage":{"@id":"https:\/\/www.castingnews.eu\/magazine\/2026\/04\/15\/giulio-regeni-tutto-il-male-del-mondo-al-festival-tulipani-di-seta-nera-memoria-e-giustizia-al-centro-della-scena\/#primaryimage"},"image":{"@id":"https:\/\/www.castingnews.eu\/magazine\/2026\/04\/15\/giulio-regeni-tutto-il-male-del-mondo-al-festival-tulipani-di-seta-nera-memoria-e-giustizia-al-centro-della-scena\/#primaryimage"},"thumbnailUrl":"https:\/\/www.castingnews.eu\/magazine\/wp-content\/uploads\/2026\/04\/Giulio-Regeni.jpg","datePublished":"2026-04-15T14:47:02+00:00","dateModified":"2026-04-15T14:47:07+00:00","author":{"@id":"https:\/\/www.castingnews.eu\/magazine\/#\/schema\/person\/099d71c568c9a7e5e4037b1594108f17"},"description":"Il documentario su Giulio Regeni arriva al Festival Tulipani di Seta Nera, riportando al centro memoria, verit\u00e0 e richiesta di giustizia.","breadcrumb":{"@id":"https:\/\/www.castingnews.eu\/magazine\/2026\/04\/15\/giulio-regeni-tutto-il-male-del-mondo-al-festival-tulipani-di-seta-nera-memoria-e-giustizia-al-centro-della-scena\/#breadcrumb"},"inLanguage":"it-IT","potentialAction":[{"@type":"ReadAction","target":["https:\/\/www.castingnews.eu\/magazine\/2026\/04\/15\/giulio-regeni-tutto-il-male-del-mondo-al-festival-tulipani-di-seta-nera-memoria-e-giustizia-al-centro-della-scena\/"]}]},{"@type":"ImageObject","inLanguage":"it-IT","@id":"https:\/\/www.castingnews.eu\/magazine\/2026\/04\/15\/giulio-regeni-tutto-il-male-del-mondo-al-festival-tulipani-di-seta-nera-memoria-e-giustizia-al-centro-della-scena\/#primaryimage","url":"https:\/\/www.castingnews.eu\/magazine\/wp-content\/uploads\/2026\/04\/Giulio-Regeni.jpg","contentUrl":"https:\/\/www.castingnews.eu\/magazine\/wp-content\/uploads\/2026\/04\/Giulio-Regeni.jpg","width":1400,"height":1004,"caption":"Giulio Regeni \u2013 Tutto il male del mondo"},{"@type":"BreadcrumbList","@id":"https:\/\/www.castingnews.eu\/magazine\/2026\/04\/15\/giulio-regeni-tutto-il-male-del-mondo-al-festival-tulipani-di-seta-nera-memoria-e-giustizia-al-centro-della-scena\/#breadcrumb","itemListElement":[{"@type":"ListItem","position":1,"name":"Home","item":"https:\/\/www.castingnews.eu\/magazine\/"},{"@type":"ListItem","position":2,"name":"\u00abGiulio Regeni \u2013 Tutto il male del mondo\u00bb al Festival Tulipani di Seta Nera: memoria e giustizia al centro della scena"}]},{"@type":"WebSite","@id":"https:\/\/www.castingnews.eu\/magazine\/#website","url":"https:\/\/www.castingnews.eu\/magazine\/","name":"Casting News Magazine","description":"News e aggiornamenti sui film, serie tv, teatro e festival italiani ed internazionali","potentialAction":[{"@type":"SearchAction","target":{"@type":"EntryPoint","urlTemplate":"https:\/\/www.castingnews.eu\/magazine\/?s={search_term_string}"},"query-input":{"@type":"PropertyValueSpecification","valueRequired":true,"valueName":"search_term_string"}}],"inLanguage":"it-IT"},{"@type":"Person","@id":"https:\/\/www.castingnews.eu\/magazine\/#\/schema\/person\/099d71c568c9a7e5e4037b1594108f17","name":"Redazione","image":{"@type":"ImageObject","inLanguage":"it-IT","@id":"https:\/\/secure.gravatar.com\/avatar\/b73a087aa3bd279fb70d24f1960a91c82cf67619395b60b564c90e9e5d5325fc?s=96&d=mm&r=g","url":"https:\/\/secure.gravatar.com\/avatar\/b73a087aa3bd279fb70d24f1960a91c82cf67619395b60b564c90e9e5d5325fc?s=96&d=mm&r=g","contentUrl":"https:\/\/secure.gravatar.com\/avatar\/b73a087aa3bd279fb70d24f1960a91c82cf67619395b60b564c90e9e5d5325fc?s=96&d=mm&r=g","caption":"Redazione"},"description":"News e aggiornamenti sui film, serie tv, teatro e festival italiani ed internazionali.","url":"https:\/\/www.castingnews.eu\/magazine\/author\/redazione\/"}]}},"_links":{"self":[{"href":"https:\/\/www.castingnews.eu\/magazine\/wp-json\/wp\/v2\/posts\/12139","targetHints":{"allow":["GET"]}}],"collection":[{"href":"https:\/\/www.castingnews.eu\/magazine\/wp-json\/wp\/v2\/posts"}],"about":[{"href":"https:\/\/www.castingnews.eu\/magazine\/wp-json\/wp\/v2\/types\/post"}],"author":[{"embeddable":true,"href":"https:\/\/www.castingnews.eu\/magazine\/wp-json\/wp\/v2\/users\/1"}],"replies":[{"embeddable":true,"href":"https:\/\/www.castingnews.eu\/magazine\/wp-json\/wp\/v2\/comments?post=12139"}],"version-history":[{"count":1,"href":"https:\/\/www.castingnews.eu\/magazine\/wp-json\/wp\/v2\/posts\/12139\/revisions"}],"predecessor-version":[{"id":12142,"href":"https:\/\/www.castingnews.eu\/magazine\/wp-json\/wp\/v2\/posts\/12139\/revisions\/12142"}],"wp:featuredmedia":[{"embeddable":true,"href":"https:\/\/www.castingnews.eu\/magazine\/wp-json\/wp\/v2\/media\/12140"}],"wp:attachment":[{"href":"https:\/\/www.castingnews.eu\/magazine\/wp-json\/wp\/v2\/media?parent=12139"}],"wp:term":[{"taxonomy":"category","embeddable":true,"href":"https:\/\/www.castingnews.eu\/magazine\/wp-json\/wp\/v2\/categories?post=12139"},{"taxonomy":"post_tag","embeddable":true,"href":"https:\/\/www.castingnews.eu\/magazine\/wp-json\/wp\/v2\/tags?post=12139"}],"curies":[{"name":"wp","href":"https:\/\/api.w.org\/{rel}","templated":true}]}}