{"id":11724,"date":"2026-02-19T12:20:02","date_gmt":"2026-02-19T11:20:02","guid":{"rendered":"https:\/\/www.castingnews.eu\/magazine\/?p=11724"},"modified":"2026-02-19T12:20:07","modified_gmt":"2026-02-19T11:20:07","slug":"al-cinema-dal-9-aprile-il-documentario-sulla-rinascita-di-tatti-piccolo-borgo-della-maremma-grossetana","status":"publish","type":"post","link":"https:\/\/www.castingnews.eu\/magazine\/2026\/02\/19\/al-cinema-dal-9-aprile-il-documentario-sulla-rinascita-di-tatti-piccolo-borgo-della-maremma-grossetana\/","title":{"rendered":"Al cinema dal 9 aprile il documentario sulla rinascita di Tatti, piccolo borgo della Maremma grossetana"},"content":{"rendered":"\n<p>Arriver\u00e0 nelle sale italiane dal 9 aprile 2026 <em><strong>Tatti, paese di sognatori<\/strong><\/em>, il nuovo <strong>documentario <\/strong>diretto da <strong>Ruedi Gerber<\/strong>, che racconta la storia di speranza e rigenerazione di un piccolo borgo della Maremma grossetana. Un film che intreccia vicenda personale e racconto collettivo, trasformando l\u2019esperienza di vita del regista in una testimonianza cinematografica di rinascita rurale.<\/p><div class=\"6d3639e8c6ac292cde400fad8ff8a5b9\" data-index=\"1\" style=\"float: none; margin:10px 0 10px 0; text-align:center;\">\n<script async src=\"\/\/pagead2.googlesyndication.com\/pagead\/js\/adsbygoogle.js\"><\/script>\r\n<!-- Casting Bambini NEW -->\r\n<ins class=\"adsbygoogle\"\r\n     style=\"display:inline-block;width:336px;height:280px\"\r\n     data-ad-client=\"ca-pub-5538097485429833\"\r\n     data-ad-slot=\"5127154445\"><\/ins>\r\n<script>\r\n(adsbygoogle = window.adsbygoogle || []).push({});\r\n<\/script>\n<\/div>\n\n\n\n\n<p>Al centro della narrazione c\u2019\u00e8 Tatti, frazione immersa nelle colline toscane, un tempo segnata dallo spopolamento e dall\u2019abbandono delle terre. Definito dallo stesso Gerber \u201cun paese fantasma, un deserto dal panorama bellissimo\u201d, il borgo ha saputo reinventarsi grazie alla collaborazione tra abitanti storici, agricoltori locali e nuovi residenti arrivati da fuori, attratti dalla possibilit\u00e0 di costruire un futuro condiviso.<\/p>\n\n\n\n<p>Il film nasce da una storia personale. Regista svizzero trasferitosi in Toscana, Gerber \u00e8 stato tra i promotori della rinascita del territorio, diventando imprenditore locale e produttore di olio e vino biodinamico. La macchina da presa diventa cos\u00ec strumento di osservazione e partecipazione, in un \u201cset naturale\u201d dove il racconto cinematografico si intreccia con l\u2019esperienza diretta di chi ha scelto di restare o di tornare alla terra.<\/p>\n\n\n\n<p>Gi\u00e0 presentato al Zurich Film Festival e in anteprima nazionale al Festival dei Popoli di Firenze \u2013 dove tre pullman di abitanti di Tatti hanno raggiunto la sala per assistere alla proiezione \u2013 il documentario restituisce un\u2019immagine autentica di resilienza, cooperazione e sostenibilit\u00e0. Una comunit\u00e0 che ha recuperato terreni abbandonati, riattivato economie locali e riscoperto il valore della solidariet\u00e0 come motore di sviluppo.<\/p>\n\n\n\n<figure class=\"wp-block-embed is-type-video is-provider-youtube wp-block-embed-youtube wp-embed-aspect-16-9 wp-has-aspect-ratio\"><div class=\"wp-block-embed__wrapper\">\n<div class=\"youtube-embed\" data-video_id=\"wBzMbyLEQWI\"><iframe loading=\"lazy\" title=\"Trailer - Tatti paese di sognatori 60&#039;\" width=\"696\" height=\"392\" src=\"https:\/\/www.youtube.com\/embed\/wBzMbyLEQWI?feature=oembed&#038;enablejsapi=1\" frameborder=\"0\" allow=\"accelerometer; autoplay; clipboard-write; encrypted-media; gyroscope; picture-in-picture; web-share\" referrerpolicy=\"strict-origin-when-cross-origin\" allowfullscreen><\/iframe><\/div>\n<\/div><\/figure>\n\n\n\n<p><em>Tatti, paese di sognatori<\/em> \u00e8 una produzione Zas Film e Perch\u00e9 No Films e sar\u00e0 distribuito nelle sale italiane da Lo Scrittoio a partire dal 9 aprile 2026. L\u2019uscita sar\u00e0 preceduta da una serie di anteprime che prenderanno il via il 28 marzo a Massa Marittima, per poi toccare diverse localit\u00e0 della provincia di Grosseto, tra cui Orbetello, Capalbio e Castel del Piano.<\/p>\n\n\n\n<p>Il documentario si propone come un racconto corale capace di parlare a un pubblico pi\u00f9 ampio, mostrando come anche i piccoli borghi possano diventare laboratori di futuro. In un\u2019epoca segnata da migrazioni verso le grandi citt\u00e0 e dalla crisi delle aree interne, la storia di Tatti dimostra che una vita pi\u00f9 lenta, sostenibile e condivisa non \u00e8 soltanto un\u2019utopia, ma una scelta concreta possibile.<\/p>\n\n\n\n<p>Iscriviti alla<strong>\u00a0<a href=\"https:\/\/www.castingnews.eu\/newsletter\/\" target=\"_blank\" rel=\"noreferrer noopener\">newsletter giornaliera<\/a><\/strong>\u00a0di Casting News Professional per ricevere le ultime notizie sui casting aperti, provini e audizioni.<\/p>\n\n<div style=\"font-size: 0px; height: 0px; line-height: 0px; margin: 0; padding: 0; clear: both;\"><\/div>","protected":false},"excerpt":{"rendered":"<p>Arriver\u00e0 nelle sale italiane dal 9 aprile 2026 Tatti, paese di sognatori, il nuovo documentario diretto da Ruedi Gerber, che racconta la storia di speranza e rigenerazione di un piccolo borgo della Maremma grossetana. Un film che intreccia vicenda personale e racconto collettivo, trasformando l\u2019esperienza di vita del regista in una testimonianza cinematografica di rinascita [&hellip;]<\/p>\n","protected":false},"author":1,"featured_media":11725,"comment_status":"open","ping_status":"open","sticky":false,"template":"","format":"standard","meta":{"tdm_status":"","tdm_grid_status":"","footnotes":""},"categories":[62,1533,71,21,30],"tags":[9733,9732,272,273,308,9725,9724,9728,9722,9727,9729,9723,9721,9731,9720,9726,9730],"class_list":{"0":"post-11724","1":"post","2":"type-post","3":"status-publish","4":"format-standard","5":"has-post-thumbnail","7":"category-documentario","8":"category-featured","9":"category-italia-paese","10":"category-in-primo-piano","11":"category-progetti-cinematografici","12":"tag-anteprime-toscana","13":"tag-borghi-toscani","14":"tag-casting-magazine","15":"tag-casting-news","16":"tag-cinema-indipendente","17":"tag-documentario-italiano-2026","18":"tag-festival-dei-popoli-firenze","19":"tag-lo-scrittoio-distribuzione","20":"tag-maremma-grossetana","21":"tag-perche-no-films","22":"tag-rigenerazione-rurale","23":"tag-rinascita-borghi","24":"tag-ruedi-gerber","25":"tag-sostenibilita","26":"tag-tatti-paese-di-sognatori","27":"tag-zas-film","28":"tag-zurich-film-festival"},"yoast_head":"<!-- This site is optimized with the Yoast SEO plugin v27.4 - https:\/\/yoast.com\/product\/yoast-seo-wordpress\/ -->\r\n<title>Al cinema dal 9 aprile il documentario sulla rinascita di Tatti, piccolo borgo della Maremma grossetana - Casting News Magazine<\/title>\r\n<meta name=\"description\" content=\"La storia vera di Tatti, borgo toscano rinato grazie alla cooperazione tra abitanti e nuovi residenti. Al cinema dal 9 aprile 2026.\" \/>\r\n<meta name=\"robots\" content=\"index, follow, max-snippet:-1, max-image-preview:large, max-video-preview:-1\" \/>\r\n<link rel=\"canonical\" href=\"https:\/\/www.castingnews.eu\/magazine\/2026\/02\/19\/al-cinema-dal-9-aprile-il-documentario-sulla-rinascita-di-tatti-piccolo-borgo-della-maremma-grossetana\/\" \/>\r\n<meta property=\"og:locale\" content=\"it_IT\" \/>\r\n<meta property=\"og:type\" content=\"article\" \/>\r\n<meta property=\"og:title\" content=\"Al cinema dal 9 aprile il documentario sulla rinascita di Tatti, piccolo borgo della Maremma grossetana - Casting News Magazine\" \/>\r\n<meta property=\"og:description\" content=\"La storia vera di Tatti, borgo toscano rinato grazie alla cooperazione tra abitanti e nuovi residenti. Al cinema dal 9 aprile 2026.\" \/>\r\n<meta property=\"og:url\" content=\"https:\/\/www.castingnews.eu\/magazine\/2026\/02\/19\/al-cinema-dal-9-aprile-il-documentario-sulla-rinascita-di-tatti-piccolo-borgo-della-maremma-grossetana\/\" \/>\r\n<meta property=\"og:site_name\" content=\"Casting News Magazine\" \/>\r\n<meta property=\"article:published_time\" content=\"2026-02-19T11:20:02+00:00\" \/>\r\n<meta property=\"article:modified_time\" content=\"2026-02-19T11:20:07+00:00\" \/>\r\n<meta property=\"og:image\" content=\"https:\/\/www.castingnews.eu\/magazine\/wp-content\/uploads\/2026\/02\/Marco-e-Massimo-Verniani.jpg\" \/>\r\n\t<meta property=\"og:image:width\" content=\"1400\" \/>\r\n\t<meta property=\"og:image:height\" content=\"788\" \/>\r\n\t<meta property=\"og:image:type\" content=\"image\/jpeg\" \/>\r\n<meta name=\"author\" content=\"Redazione\" \/>\r\n<meta name=\"twitter:card\" content=\"summary_large_image\" \/>\r\n<meta name=\"twitter:label1\" content=\"Scritto da\" \/>\n\t<meta name=\"twitter:data1\" content=\"Redazione\" \/>\n\t<meta name=\"twitter:label2\" content=\"Tempo di lettura stimato\" \/>\n\t<meta name=\"twitter:data2\" content=\"3 minuti\" \/>\r\n<script type=\"application\/ld+json\" class=\"yoast-schema-graph\">{\"@context\":\"https:\\\/\\\/schema.org\",\"@graph\":[{\"@type\":\"Article\",\"@id\":\"https:\\\/\\\/www.castingnews.eu\\\/magazine\\\/2026\\\/02\\\/19\\\/al-cinema-dal-9-aprile-il-documentario-sulla-rinascita-di-tatti-piccolo-borgo-della-maremma-grossetana\\\/#article\",\"isPartOf\":{\"@id\":\"https:\\\/\\\/www.castingnews.eu\\\/magazine\\\/2026\\\/02\\\/19\\\/al-cinema-dal-9-aprile-il-documentario-sulla-rinascita-di-tatti-piccolo-borgo-della-maremma-grossetana\\\/\"},\"author\":{\"name\":\"Redazione\",\"@id\":\"https:\\\/\\\/www.castingnews.eu\\\/magazine\\\/#\\\/schema\\\/person\\\/099d71c568c9a7e5e4037b1594108f17\"},\"headline\":\"Al cinema dal 9 aprile il documentario sulla rinascita di Tatti, piccolo borgo della Maremma grossetana\",\"datePublished\":\"2026-02-19T11:20:02+00:00\",\"dateModified\":\"2026-02-19T11:20:07+00:00\",\"mainEntityOfPage\":{\"@id\":\"https:\\\/\\\/www.castingnews.eu\\\/magazine\\\/2026\\\/02\\\/19\\\/al-cinema-dal-9-aprile-il-documentario-sulla-rinascita-di-tatti-piccolo-borgo-della-maremma-grossetana\\\/\"},\"wordCount\":410,\"commentCount\":0,\"image\":{\"@id\":\"https:\\\/\\\/www.castingnews.eu\\\/magazine\\\/2026\\\/02\\\/19\\\/al-cinema-dal-9-aprile-il-documentario-sulla-rinascita-di-tatti-piccolo-borgo-della-maremma-grossetana\\\/#primaryimage\"},\"thumbnailUrl\":\"https:\\\/\\\/www.castingnews.eu\\\/magazine\\\/wp-content\\\/uploads\\\/2026\\\/02\\\/Marco-e-Massimo-Verniani.jpg\",\"keywords\":[\"anteprime Toscana\",\"borghi toscani\",\"Casting Magazine\",\"Casting News\",\"Cinema indipendente\",\"documentario italiano 2026\",\"Festival dei Popoli Firenze\",\"Lo Scrittoio distribuzione\",\"Maremma grossetana\",\"Perch\u00e9 No Films\",\"rigenerazione rurale\",\"rinascita borghi\",\"Ruedi Gerber\",\"sostenibilit\u00e0\",\"Tatti paese di sognatori\",\"Zas Film\",\"Zurich Film Festival\"],\"articleSection\":[\"Documentario\",\"In primo piano\",\"Italia\",\"Primo piano\",\"Progetti cinematografici\"],\"inLanguage\":\"it-IT\",\"potentialAction\":[{\"@type\":\"CommentAction\",\"name\":\"Comment\",\"target\":[\"https:\\\/\\\/www.castingnews.eu\\\/magazine\\\/2026\\\/02\\\/19\\\/al-cinema-dal-9-aprile-il-documentario-sulla-rinascita-di-tatti-piccolo-borgo-della-maremma-grossetana\\\/#respond\"]}]},{\"@type\":\"WebPage\",\"@id\":\"https:\\\/\\\/www.castingnews.eu\\\/magazine\\\/2026\\\/02\\\/19\\\/al-cinema-dal-9-aprile-il-documentario-sulla-rinascita-di-tatti-piccolo-borgo-della-maremma-grossetana\\\/\",\"url\":\"https:\\\/\\\/www.castingnews.eu\\\/magazine\\\/2026\\\/02\\\/19\\\/al-cinema-dal-9-aprile-il-documentario-sulla-rinascita-di-tatti-piccolo-borgo-della-maremma-grossetana\\\/\",\"name\":\"Al cinema dal 9 aprile il documentario sulla rinascita di Tatti, piccolo borgo della Maremma grossetana - Casting News Magazine\",\"isPartOf\":{\"@id\":\"https:\\\/\\\/www.castingnews.eu\\\/magazine\\\/#website\"},\"primaryImageOfPage\":{\"@id\":\"https:\\\/\\\/www.castingnews.eu\\\/magazine\\\/2026\\\/02\\\/19\\\/al-cinema-dal-9-aprile-il-documentario-sulla-rinascita-di-tatti-piccolo-borgo-della-maremma-grossetana\\\/#primaryimage\"},\"image\":{\"@id\":\"https:\\\/\\\/www.castingnews.eu\\\/magazine\\\/2026\\\/02\\\/19\\\/al-cinema-dal-9-aprile-il-documentario-sulla-rinascita-di-tatti-piccolo-borgo-della-maremma-grossetana\\\/#primaryimage\"},\"thumbnailUrl\":\"https:\\\/\\\/www.castingnews.eu\\\/magazine\\\/wp-content\\\/uploads\\\/2026\\\/02\\\/Marco-e-Massimo-Verniani.jpg\",\"datePublished\":\"2026-02-19T11:20:02+00:00\",\"dateModified\":\"2026-02-19T11:20:07+00:00\",\"author\":{\"@id\":\"https:\\\/\\\/www.castingnews.eu\\\/magazine\\\/#\\\/schema\\\/person\\\/099d71c568c9a7e5e4037b1594108f17\"},\"description\":\"La storia vera di Tatti, borgo toscano rinato grazie alla cooperazione tra abitanti e nuovi residenti. Al cinema dal 9 aprile 2026.\",\"breadcrumb\":{\"@id\":\"https:\\\/\\\/www.castingnews.eu\\\/magazine\\\/2026\\\/02\\\/19\\\/al-cinema-dal-9-aprile-il-documentario-sulla-rinascita-di-tatti-piccolo-borgo-della-maremma-grossetana\\\/#breadcrumb\"},\"inLanguage\":\"it-IT\",\"potentialAction\":[{\"@type\":\"ReadAction\",\"target\":[\"https:\\\/\\\/www.castingnews.eu\\\/magazine\\\/2026\\\/02\\\/19\\\/al-cinema-dal-9-aprile-il-documentario-sulla-rinascita-di-tatti-piccolo-borgo-della-maremma-grossetana\\\/\"]}]},{\"@type\":\"ImageObject\",\"inLanguage\":\"it-IT\",\"@id\":\"https:\\\/\\\/www.castingnews.eu\\\/magazine\\\/2026\\\/02\\\/19\\\/al-cinema-dal-9-aprile-il-documentario-sulla-rinascita-di-tatti-piccolo-borgo-della-maremma-grossetana\\\/#primaryimage\",\"url\":\"https:\\\/\\\/www.castingnews.eu\\\/magazine\\\/wp-content\\\/uploads\\\/2026\\\/02\\\/Marco-e-Massimo-Verniani.jpg\",\"contentUrl\":\"https:\\\/\\\/www.castingnews.eu\\\/magazine\\\/wp-content\\\/uploads\\\/2026\\\/02\\\/Marco-e-Massimo-Verniani.jpg\",\"width\":1400,\"height\":788,\"caption\":\"Marco e Massimo Verniani\"},{\"@type\":\"BreadcrumbList\",\"@id\":\"https:\\\/\\\/www.castingnews.eu\\\/magazine\\\/2026\\\/02\\\/19\\\/al-cinema-dal-9-aprile-il-documentario-sulla-rinascita-di-tatti-piccolo-borgo-della-maremma-grossetana\\\/#breadcrumb\",\"itemListElement\":[{\"@type\":\"ListItem\",\"position\":1,\"name\":\"Home\",\"item\":\"https:\\\/\\\/www.castingnews.eu\\\/magazine\\\/\"},{\"@type\":\"ListItem\",\"position\":2,\"name\":\"Al cinema dal 9 aprile il documentario sulla rinascita di Tatti, piccolo borgo della Maremma grossetana\"}]},{\"@type\":\"WebSite\",\"@id\":\"https:\\\/\\\/www.castingnews.eu\\\/magazine\\\/#website\",\"url\":\"https:\\\/\\\/www.castingnews.eu\\\/magazine\\\/\",\"name\":\"Casting News Magazine\",\"description\":\"News e aggiornamenti sui film, serie tv, teatro e festival italiani ed internazionali\",\"potentialAction\":[{\"@type\":\"SearchAction\",\"target\":{\"@type\":\"EntryPoint\",\"urlTemplate\":\"https:\\\/\\\/www.castingnews.eu\\\/magazine\\\/?s={search_term_string}\"},\"query-input\":{\"@type\":\"PropertyValueSpecification\",\"valueRequired\":true,\"valueName\":\"search_term_string\"}}],\"inLanguage\":\"it-IT\"},{\"@type\":\"Person\",\"@id\":\"https:\\\/\\\/www.castingnews.eu\\\/magazine\\\/#\\\/schema\\\/person\\\/099d71c568c9a7e5e4037b1594108f17\",\"name\":\"Redazione\",\"image\":{\"@type\":\"ImageObject\",\"inLanguage\":\"it-IT\",\"@id\":\"https:\\\/\\\/secure.gravatar.com\\\/avatar\\\/b73a087aa3bd279fb70d24f1960a91c82cf67619395b60b564c90e9e5d5325fc?s=96&d=mm&r=g\",\"url\":\"https:\\\/\\\/secure.gravatar.com\\\/avatar\\\/b73a087aa3bd279fb70d24f1960a91c82cf67619395b60b564c90e9e5d5325fc?s=96&d=mm&r=g\",\"contentUrl\":\"https:\\\/\\\/secure.gravatar.com\\\/avatar\\\/b73a087aa3bd279fb70d24f1960a91c82cf67619395b60b564c90e9e5d5325fc?s=96&d=mm&r=g\",\"caption\":\"Redazione\"},\"description\":\"News e aggiornamenti sui film, serie tv, teatro e festival italiani ed internazionali.\",\"url\":\"https:\\\/\\\/www.castingnews.eu\\\/magazine\\\/author\\\/redazione\\\/\"}]}<\/script>\r\n<!-- \/ Yoast SEO plugin. -->","yoast_head_json":{"title":"Al cinema dal 9 aprile il documentario sulla rinascita di Tatti, piccolo borgo della Maremma grossetana - Casting News Magazine","description":"La storia vera di Tatti, borgo toscano rinato grazie alla cooperazione tra abitanti e nuovi residenti. Al cinema dal 9 aprile 2026.","robots":{"index":"index","follow":"follow","max-snippet":"max-snippet:-1","max-image-preview":"max-image-preview:large","max-video-preview":"max-video-preview:-1"},"canonical":"https:\/\/www.castingnews.eu\/magazine\/2026\/02\/19\/al-cinema-dal-9-aprile-il-documentario-sulla-rinascita-di-tatti-piccolo-borgo-della-maremma-grossetana\/","og_locale":"it_IT","og_type":"article","og_title":"Al cinema dal 9 aprile il documentario sulla rinascita di Tatti, piccolo borgo della Maremma grossetana - Casting News Magazine","og_description":"La storia vera di Tatti, borgo toscano rinato grazie alla cooperazione tra abitanti e nuovi residenti. Al cinema dal 9 aprile 2026.","og_url":"https:\/\/www.castingnews.eu\/magazine\/2026\/02\/19\/al-cinema-dal-9-aprile-il-documentario-sulla-rinascita-di-tatti-piccolo-borgo-della-maremma-grossetana\/","og_site_name":"Casting News Magazine","article_published_time":"2026-02-19T11:20:02+00:00","article_modified_time":"2026-02-19T11:20:07+00:00","og_image":[{"width":1400,"height":788,"url":"https:\/\/www.castingnews.eu\/magazine\/wp-content\/uploads\/2026\/02\/Marco-e-Massimo-Verniani.jpg","type":"image\/jpeg"}],"author":"Redazione","twitter_card":"summary_large_image","twitter_misc":{"Scritto da":"Redazione","Tempo di lettura stimato":"3 minuti"},"schema":{"@context":"https:\/\/schema.org","@graph":[{"@type":"Article","@id":"https:\/\/www.castingnews.eu\/magazine\/2026\/02\/19\/al-cinema-dal-9-aprile-il-documentario-sulla-rinascita-di-tatti-piccolo-borgo-della-maremma-grossetana\/#article","isPartOf":{"@id":"https:\/\/www.castingnews.eu\/magazine\/2026\/02\/19\/al-cinema-dal-9-aprile-il-documentario-sulla-rinascita-di-tatti-piccolo-borgo-della-maremma-grossetana\/"},"author":{"name":"Redazione","@id":"https:\/\/www.castingnews.eu\/magazine\/#\/schema\/person\/099d71c568c9a7e5e4037b1594108f17"},"headline":"Al cinema dal 9 aprile il documentario sulla rinascita di Tatti, piccolo borgo della Maremma grossetana","datePublished":"2026-02-19T11:20:02+00:00","dateModified":"2026-02-19T11:20:07+00:00","mainEntityOfPage":{"@id":"https:\/\/www.castingnews.eu\/magazine\/2026\/02\/19\/al-cinema-dal-9-aprile-il-documentario-sulla-rinascita-di-tatti-piccolo-borgo-della-maremma-grossetana\/"},"wordCount":410,"commentCount":0,"image":{"@id":"https:\/\/www.castingnews.eu\/magazine\/2026\/02\/19\/al-cinema-dal-9-aprile-il-documentario-sulla-rinascita-di-tatti-piccolo-borgo-della-maremma-grossetana\/#primaryimage"},"thumbnailUrl":"https:\/\/www.castingnews.eu\/magazine\/wp-content\/uploads\/2026\/02\/Marco-e-Massimo-Verniani.jpg","keywords":["anteprime Toscana","borghi toscani","Casting Magazine","Casting News","Cinema indipendente","documentario italiano 2026","Festival dei Popoli Firenze","Lo Scrittoio distribuzione","Maremma grossetana","Perch\u00e9 No Films","rigenerazione rurale","rinascita borghi","Ruedi Gerber","sostenibilit\u00e0","Tatti paese di sognatori","Zas Film","Zurich Film Festival"],"articleSection":["Documentario","In primo piano","Italia","Primo piano","Progetti cinematografici"],"inLanguage":"it-IT","potentialAction":[{"@type":"CommentAction","name":"Comment","target":["https:\/\/www.castingnews.eu\/magazine\/2026\/02\/19\/al-cinema-dal-9-aprile-il-documentario-sulla-rinascita-di-tatti-piccolo-borgo-della-maremma-grossetana\/#respond"]}]},{"@type":"WebPage","@id":"https:\/\/www.castingnews.eu\/magazine\/2026\/02\/19\/al-cinema-dal-9-aprile-il-documentario-sulla-rinascita-di-tatti-piccolo-borgo-della-maremma-grossetana\/","url":"https:\/\/www.castingnews.eu\/magazine\/2026\/02\/19\/al-cinema-dal-9-aprile-il-documentario-sulla-rinascita-di-tatti-piccolo-borgo-della-maremma-grossetana\/","name":"Al cinema dal 9 aprile il documentario sulla rinascita di Tatti, piccolo borgo della Maremma grossetana - Casting News Magazine","isPartOf":{"@id":"https:\/\/www.castingnews.eu\/magazine\/#website"},"primaryImageOfPage":{"@id":"https:\/\/www.castingnews.eu\/magazine\/2026\/02\/19\/al-cinema-dal-9-aprile-il-documentario-sulla-rinascita-di-tatti-piccolo-borgo-della-maremma-grossetana\/#primaryimage"},"image":{"@id":"https:\/\/www.castingnews.eu\/magazine\/2026\/02\/19\/al-cinema-dal-9-aprile-il-documentario-sulla-rinascita-di-tatti-piccolo-borgo-della-maremma-grossetana\/#primaryimage"},"thumbnailUrl":"https:\/\/www.castingnews.eu\/magazine\/wp-content\/uploads\/2026\/02\/Marco-e-Massimo-Verniani.jpg","datePublished":"2026-02-19T11:20:02+00:00","dateModified":"2026-02-19T11:20:07+00:00","author":{"@id":"https:\/\/www.castingnews.eu\/magazine\/#\/schema\/person\/099d71c568c9a7e5e4037b1594108f17"},"description":"La storia vera di Tatti, borgo toscano rinato grazie alla cooperazione tra abitanti e nuovi residenti. Al cinema dal 9 aprile 2026.","breadcrumb":{"@id":"https:\/\/www.castingnews.eu\/magazine\/2026\/02\/19\/al-cinema-dal-9-aprile-il-documentario-sulla-rinascita-di-tatti-piccolo-borgo-della-maremma-grossetana\/#breadcrumb"},"inLanguage":"it-IT","potentialAction":[{"@type":"ReadAction","target":["https:\/\/www.castingnews.eu\/magazine\/2026\/02\/19\/al-cinema-dal-9-aprile-il-documentario-sulla-rinascita-di-tatti-piccolo-borgo-della-maremma-grossetana\/"]}]},{"@type":"ImageObject","inLanguage":"it-IT","@id":"https:\/\/www.castingnews.eu\/magazine\/2026\/02\/19\/al-cinema-dal-9-aprile-il-documentario-sulla-rinascita-di-tatti-piccolo-borgo-della-maremma-grossetana\/#primaryimage","url":"https:\/\/www.castingnews.eu\/magazine\/wp-content\/uploads\/2026\/02\/Marco-e-Massimo-Verniani.jpg","contentUrl":"https:\/\/www.castingnews.eu\/magazine\/wp-content\/uploads\/2026\/02\/Marco-e-Massimo-Verniani.jpg","width":1400,"height":788,"caption":"Marco e Massimo Verniani"},{"@type":"BreadcrumbList","@id":"https:\/\/www.castingnews.eu\/magazine\/2026\/02\/19\/al-cinema-dal-9-aprile-il-documentario-sulla-rinascita-di-tatti-piccolo-borgo-della-maremma-grossetana\/#breadcrumb","itemListElement":[{"@type":"ListItem","position":1,"name":"Home","item":"https:\/\/www.castingnews.eu\/magazine\/"},{"@type":"ListItem","position":2,"name":"Al cinema dal 9 aprile il documentario sulla rinascita di Tatti, piccolo borgo della Maremma grossetana"}]},{"@type":"WebSite","@id":"https:\/\/www.castingnews.eu\/magazine\/#website","url":"https:\/\/www.castingnews.eu\/magazine\/","name":"Casting News Magazine","description":"News e aggiornamenti sui film, serie tv, teatro e festival italiani ed internazionali","potentialAction":[{"@type":"SearchAction","target":{"@type":"EntryPoint","urlTemplate":"https:\/\/www.castingnews.eu\/magazine\/?s={search_term_string}"},"query-input":{"@type":"PropertyValueSpecification","valueRequired":true,"valueName":"search_term_string"}}],"inLanguage":"it-IT"},{"@type":"Person","@id":"https:\/\/www.castingnews.eu\/magazine\/#\/schema\/person\/099d71c568c9a7e5e4037b1594108f17","name":"Redazione","image":{"@type":"ImageObject","inLanguage":"it-IT","@id":"https:\/\/secure.gravatar.com\/avatar\/b73a087aa3bd279fb70d24f1960a91c82cf67619395b60b564c90e9e5d5325fc?s=96&d=mm&r=g","url":"https:\/\/secure.gravatar.com\/avatar\/b73a087aa3bd279fb70d24f1960a91c82cf67619395b60b564c90e9e5d5325fc?s=96&d=mm&r=g","contentUrl":"https:\/\/secure.gravatar.com\/avatar\/b73a087aa3bd279fb70d24f1960a91c82cf67619395b60b564c90e9e5d5325fc?s=96&d=mm&r=g","caption":"Redazione"},"description":"News e aggiornamenti sui film, serie tv, teatro e festival italiani ed internazionali.","url":"https:\/\/www.castingnews.eu\/magazine\/author\/redazione\/"}]}},"_links":{"self":[{"href":"https:\/\/www.castingnews.eu\/magazine\/wp-json\/wp\/v2\/posts\/11724","targetHints":{"allow":["GET"]}}],"collection":[{"href":"https:\/\/www.castingnews.eu\/magazine\/wp-json\/wp\/v2\/posts"}],"about":[{"href":"https:\/\/www.castingnews.eu\/magazine\/wp-json\/wp\/v2\/types\/post"}],"author":[{"embeddable":true,"href":"https:\/\/www.castingnews.eu\/magazine\/wp-json\/wp\/v2\/users\/1"}],"replies":[{"embeddable":true,"href":"https:\/\/www.castingnews.eu\/magazine\/wp-json\/wp\/v2\/comments?post=11724"}],"version-history":[{"count":1,"href":"https:\/\/www.castingnews.eu\/magazine\/wp-json\/wp\/v2\/posts\/11724\/revisions"}],"predecessor-version":[{"id":11726,"href":"https:\/\/www.castingnews.eu\/magazine\/wp-json\/wp\/v2\/posts\/11724\/revisions\/11726"}],"wp:featuredmedia":[{"embeddable":true,"href":"https:\/\/www.castingnews.eu\/magazine\/wp-json\/wp\/v2\/media\/11725"}],"wp:attachment":[{"href":"https:\/\/www.castingnews.eu\/magazine\/wp-json\/wp\/v2\/media?parent=11724"}],"wp:term":[{"taxonomy":"category","embeddable":true,"href":"https:\/\/www.castingnews.eu\/magazine\/wp-json\/wp\/v2\/categories?post=11724"},{"taxonomy":"post_tag","embeddable":true,"href":"https:\/\/www.castingnews.eu\/magazine\/wp-json\/wp\/v2\/tags?post=11724"}],"curies":[{"name":"wp","href":"https:\/\/api.w.org\/{rel}","templated":true}]}}