{"id":11695,"date":"2026-02-16T13:55:21","date_gmt":"2026-02-16T12:55:21","guid":{"rendered":"https:\/\/www.castingnews.eu\/magazine\/?p=11695"},"modified":"2026-04-09T12:13:00","modified_gmt":"2026-04-09T10:13:00","slug":"al-via-in-sicilia-i-casting-per-al-canto-del-vespro-il-nuovo-film-di-gianni-virgadaula-dedicato-a-san-francesco","status":"publish","type":"post","link":"https:\/\/www.castingnews.eu\/magazine\/2026\/02\/16\/al-via-in-sicilia-i-casting-per-al-canto-del-vespro-il-nuovo-film-di-gianni-virgadaula-dedicato-a-san-francesco\/","title":{"rendered":"Al via in Sicilia i casting per \u201cAl canto del vespro\u201d, il nuovo film di Gianni Virgadaula dedicato a San Francesco"},"content":{"rendered":"\n<p>Si aprono ufficialmente in Sicilia le selezioni per il nuovo progetto cinematografico del regista <strong>Gianni Virgadaula<\/strong>. Il mediometraggio, dal titolo <em>\u201cAl canto del vespro\u201d<\/em>, racconter\u00e0 la vita di San Francesco d\u2019Assisi, figura centrale della spiritualit\u00e0 e della storia italiana, attraverso uno sguardo autoriale che promette intensit\u00e0 narrativa e profondit\u00e0 emotiva.<\/p><div class=\"6d3639e8c6ac292cde400fad8ff8a5b9\" data-index=\"1\" style=\"float: none; margin:10px 0 10px 0; text-align:center;\">\n<script async src=\"\/\/pagead2.googlesyndication.com\/pagead\/js\/adsbygoogle.js\"><\/script>\r\n<!-- Casting Bambini NEW -->\r\n<ins class=\"adsbygoogle\"\r\n     style=\"display:inline-block;width:336px;height:280px\"\r\n     data-ad-client=\"ca-pub-5538097485429833\"\r\n     data-ad-slot=\"5127154445\"><\/ins>\r\n<script>\r\n(adsbygoogle = window.adsbygoogle || []).push({});\r\n<\/script>\n<\/div>\n\n\n\n\n<p>La produzione \u00e8 alla ricerca di <strong>attori e attrici di et\u00e0 compresa tra i 12 e i 60 anni<\/strong>, sia professionisti sia emergenti o aspiranti interpreti interessati a prendere parte al progetto. Oltre ai ruoli principali e secondari, sono previste selezioni anche per <strong>figurazioni speciali e comparse<\/strong>, offrendo cos\u00ec un\u2019ampia opportunit\u00e0 di partecipazione a chi desidera vivere un\u2019esperienza sul set di una produzione cinematografica ambientata in un contesto storico e spirituale di grande fascino.<\/p>\n\n\n\n<p>\u201cAl canto del vespro\u201d si inserisce nel filone dei film biografici dedicati a figure iconiche della tradizione italiana, con l\u2019obiettivo di restituire al pubblico un racconto capace di coniugare ricostruzione storica e sensibilit\u00e0 contemporanea.<br>L\u2019appuntamento di Gela rappresenta dunque un\u2019occasione significativa per il territorio siciliano e per tutti coloro che aspirano a entrare nel mondo del cinema, partecipando a un progetto che punta a valorizzare talento, passione e autenticit\u00e0 interpretativa.<br>Il primo appuntamento con i casting \u00e8 fissato per <strong>venerd\u00ec 20 febbraio a Gela<\/strong>, presso l\u2019Hotel Sole. La selezione si svolger\u00e0 in due sessioni: dalle <strong>10:00 alle 13:00<\/strong> e dalle <strong>15:00 alle 18:00<\/strong>.<br>\ud83d\udccc <strong>Aggiornamento:<\/strong> nuovo appuntamento con i casting fissato per <strong>sabato 11 aprile<\/strong>, dalle 11:00 alle 16:00, presso la palestra Snoopy di via Palazzi 175, a Gela. Proseguono le selezioni avviate dal regista Gianni Virgadaula: si cercano <strong>attori<\/strong>, <strong>figuranti <\/strong>e <strong>comparse<\/strong>.<\/p>\n\n\n\n<p>Iscriviti alla<strong>&nbsp;<a href=\"https:\/\/www.castingnews.eu\/newsletter\/\" target=\"_blank\" rel=\"noreferrer noopener\">newsletter giornaliera<\/a><\/strong>&nbsp;di Casting News Professional per ricevere le ultime notizie sui casting aperti, provini e audizioni.<\/p>\n\n<div style=\"font-size: 0px; height: 0px; line-height: 0px; margin: 0; padding: 0; clear: both;\"><\/div>","protected":false},"excerpt":{"rendered":"<p>Si aprono ufficialmente in Sicilia le selezioni per il nuovo progetto cinematografico del regista Gianni Virgadaula. Il mediometraggio, dal titolo \u201cAl canto del vespro\u201d, racconter\u00e0 la vita di San Francesco d\u2019Assisi, figura centrale della spiritualit\u00e0 e della storia italiana, attraverso uno sguardo autoriale che promette intensit\u00e0 narrativa e profondit\u00e0 emotiva. La produzione \u00e8 alla ricerca [&hellip;]<\/p>\n","protected":false},"author":1,"featured_media":11696,"comment_status":"open","ping_status":"open","sticky":false,"template":"","format":"standard","meta":{"tdm_status":"","tdm_grid_status":"","footnotes":""},"categories":[4,1533,71,4489,21,3966],"tags":[9694,9697,2627,9057,9696,272,273,2483,9695,9693,9700,9511,9698,9699],"class_list":{"0":"post-11695","1":"post","2":"type-post","3":"status-publish","4":"format-standard","5":"has-post-thumbnail","7":"category-cinema-casting","8":"category-featured","9":"category-italia-paese","10":"category-mediometraggi","11":"category-in-primo-piano","12":"category-sicilia","13":"tag-al-canto-del-vespro","14":"tag-casting-attori-2026","15":"tag-casting-comparse","16":"tag-casting-figurazioni-speciali","17":"tag-casting-gela","18":"tag-casting-magazine","19":"tag-casting-news","20":"tag-casting-sicilia","21":"tag-film-su-san-francesco","22":"tag-gianni-virgadaula","23":"tag-hotel-sole-gela","24":"tag-produzione-cinematografica-sicilia","25":"tag-provini-cinema-sicilia","26":"tag-san-francesco-dassisi-film"},"yoast_head":"<!-- This site is optimized with the Yoast SEO plugin v27.4 - https:\/\/yoast.com\/product\/yoast-seo-wordpress\/ -->\r\n<title>Al via in Sicilia i casting per \u201cAl canto del vespro\u201d, il nuovo film di Gianni Virgadaula dedicato a San Francesco - Casting News Magazine<\/title>\r\n<meta name=\"description\" content=\"In Sicilia i casting per il film su San Francesco diretto da Gianni Virgadaula. Selezioni aperte a Gela per attori e figurazioni.\" \/>\r\n<meta name=\"robots\" content=\"index, follow, max-snippet:-1, max-image-preview:large, max-video-preview:-1\" \/>\r\n<link rel=\"canonical\" href=\"https:\/\/www.castingnews.eu\/magazine\/2026\/02\/16\/al-via-in-sicilia-i-casting-per-al-canto-del-vespro-il-nuovo-film-di-gianni-virgadaula-dedicato-a-san-francesco\/\" \/>\r\n<meta property=\"og:locale\" content=\"it_IT\" \/>\r\n<meta property=\"og:type\" content=\"article\" \/>\r\n<meta property=\"og:title\" content=\"Al via in Sicilia i casting per \u201cAl canto del vespro\u201d, il nuovo film di Gianni Virgadaula dedicato a San Francesco - Casting News Magazine\" \/>\r\n<meta property=\"og:description\" content=\"In Sicilia i casting per il film su San Francesco diretto da Gianni Virgadaula. Selezioni aperte a Gela per attori e figurazioni.\" \/>\r\n<meta property=\"og:url\" content=\"https:\/\/www.castingnews.eu\/magazine\/2026\/02\/16\/al-via-in-sicilia-i-casting-per-al-canto-del-vespro-il-nuovo-film-di-gianni-virgadaula-dedicato-a-san-francesco\/\" \/>\r\n<meta property=\"og:site_name\" content=\"Casting News Magazine\" \/>\r\n<meta property=\"article:published_time\" content=\"2026-02-16T12:55:21+00:00\" \/>\r\n<meta property=\"article:modified_time\" content=\"2026-04-09T10:13:00+00:00\" \/>\r\n<meta property=\"og:image\" content=\"https:\/\/www.castingnews.eu\/magazine\/wp-content\/uploads\/2026\/02\/provini-film-san-francesco-gela-2026.jpg\" \/>\r\n\t<meta property=\"og:image:width\" content=\"1200\" \/>\r\n\t<meta property=\"og:image:height\" content=\"630\" \/>\r\n\t<meta property=\"og:image:type\" content=\"image\/jpeg\" \/>\r\n<meta name=\"author\" content=\"Redazione\" \/>\r\n<meta name=\"twitter:card\" content=\"summary_large_image\" \/>\r\n<meta name=\"twitter:label1\" content=\"Scritto da\" \/>\n\t<meta name=\"twitter:data1\" content=\"Redazione\" \/>\n\t<meta name=\"twitter:label2\" content=\"Tempo di lettura stimato\" \/>\n\t<meta name=\"twitter:data2\" content=\"2 minuti\" \/>\r\n<script type=\"application\/ld+json\" class=\"yoast-schema-graph\">{\"@context\":\"https:\\\/\\\/schema.org\",\"@graph\":[{\"@type\":\"Article\",\"@id\":\"https:\\\/\\\/www.castingnews.eu\\\/magazine\\\/2026\\\/02\\\/16\\\/al-via-in-sicilia-i-casting-per-al-canto-del-vespro-il-nuovo-film-di-gianni-virgadaula-dedicato-a-san-francesco\\\/#article\",\"isPartOf\":{\"@id\":\"https:\\\/\\\/www.castingnews.eu\\\/magazine\\\/2026\\\/02\\\/16\\\/al-via-in-sicilia-i-casting-per-al-canto-del-vespro-il-nuovo-film-di-gianni-virgadaula-dedicato-a-san-francesco\\\/\"},\"author\":{\"name\":\"Redazione\",\"@id\":\"https:\\\/\\\/www.castingnews.eu\\\/magazine\\\/#\\\/schema\\\/person\\\/099d71c568c9a7e5e4037b1594108f17\"},\"headline\":\"Al via in Sicilia i casting per \u201cAl canto del vespro\u201d, il nuovo film di Gianni Virgadaula dedicato a San Francesco\",\"datePublished\":\"2026-02-16T12:55:21+00:00\",\"dateModified\":\"2026-04-09T10:13:00+00:00\",\"mainEntityOfPage\":{\"@id\":\"https:\\\/\\\/www.castingnews.eu\\\/magazine\\\/2026\\\/02\\\/16\\\/al-via-in-sicilia-i-casting-per-al-canto-del-vespro-il-nuovo-film-di-gianni-virgadaula-dedicato-a-san-francesco\\\/\"},\"wordCount\":302,\"commentCount\":0,\"image\":{\"@id\":\"https:\\\/\\\/www.castingnews.eu\\\/magazine\\\/2026\\\/02\\\/16\\\/al-via-in-sicilia-i-casting-per-al-canto-del-vespro-il-nuovo-film-di-gianni-virgadaula-dedicato-a-san-francesco\\\/#primaryimage\"},\"thumbnailUrl\":\"https:\\\/\\\/www.castingnews.eu\\\/magazine\\\/wp-content\\\/uploads\\\/2026\\\/02\\\/provini-film-san-francesco-gela-2026.jpg\",\"keywords\":[\"Al canto del vespro\",\"casting attori 2026\",\"casting comparse\",\"casting figurazioni speciali\",\"casting Gela\",\"Casting Magazine\",\"Casting News\",\"Casting Sicilia\",\"film su San Francesco\",\"Gianni Virgadaula\",\"Hotel Sole Gela\",\"produzione cinematografica Sicilia\",\"provini cinema Sicilia\",\"San Francesco d\u2019Assisi film\"],\"articleSection\":[\"Cinema\",\"In primo piano\",\"Italia\",\"Mediometraggi\",\"Primo piano\",\"Sicilia\"],\"inLanguage\":\"it-IT\",\"potentialAction\":[{\"@type\":\"CommentAction\",\"name\":\"Comment\",\"target\":[\"https:\\\/\\\/www.castingnews.eu\\\/magazine\\\/2026\\\/02\\\/16\\\/al-via-in-sicilia-i-casting-per-al-canto-del-vespro-il-nuovo-film-di-gianni-virgadaula-dedicato-a-san-francesco\\\/#respond\"]}]},{\"@type\":\"WebPage\",\"@id\":\"https:\\\/\\\/www.castingnews.eu\\\/magazine\\\/2026\\\/02\\\/16\\\/al-via-in-sicilia-i-casting-per-al-canto-del-vespro-il-nuovo-film-di-gianni-virgadaula-dedicato-a-san-francesco\\\/\",\"url\":\"https:\\\/\\\/www.castingnews.eu\\\/magazine\\\/2026\\\/02\\\/16\\\/al-via-in-sicilia-i-casting-per-al-canto-del-vespro-il-nuovo-film-di-gianni-virgadaula-dedicato-a-san-francesco\\\/\",\"name\":\"Al via in Sicilia i casting per \u201cAl canto del vespro\u201d, il nuovo film di Gianni Virgadaula dedicato a San Francesco - Casting News Magazine\",\"isPartOf\":{\"@id\":\"https:\\\/\\\/www.castingnews.eu\\\/magazine\\\/#website\"},\"primaryImageOfPage\":{\"@id\":\"https:\\\/\\\/www.castingnews.eu\\\/magazine\\\/2026\\\/02\\\/16\\\/al-via-in-sicilia-i-casting-per-al-canto-del-vespro-il-nuovo-film-di-gianni-virgadaula-dedicato-a-san-francesco\\\/#primaryimage\"},\"image\":{\"@id\":\"https:\\\/\\\/www.castingnews.eu\\\/magazine\\\/2026\\\/02\\\/16\\\/al-via-in-sicilia-i-casting-per-al-canto-del-vespro-il-nuovo-film-di-gianni-virgadaula-dedicato-a-san-francesco\\\/#primaryimage\"},\"thumbnailUrl\":\"https:\\\/\\\/www.castingnews.eu\\\/magazine\\\/wp-content\\\/uploads\\\/2026\\\/02\\\/provini-film-san-francesco-gela-2026.jpg\",\"datePublished\":\"2026-02-16T12:55:21+00:00\",\"dateModified\":\"2026-04-09T10:13:00+00:00\",\"author\":{\"@id\":\"https:\\\/\\\/www.castingnews.eu\\\/magazine\\\/#\\\/schema\\\/person\\\/099d71c568c9a7e5e4037b1594108f17\"},\"description\":\"In Sicilia i casting per il film su San Francesco diretto da Gianni Virgadaula. Selezioni aperte a Gela per attori e figurazioni.\",\"breadcrumb\":{\"@id\":\"https:\\\/\\\/www.castingnews.eu\\\/magazine\\\/2026\\\/02\\\/16\\\/al-via-in-sicilia-i-casting-per-al-canto-del-vespro-il-nuovo-film-di-gianni-virgadaula-dedicato-a-san-francesco\\\/#breadcrumb\"},\"inLanguage\":\"it-IT\",\"potentialAction\":[{\"@type\":\"ReadAction\",\"target\":[\"https:\\\/\\\/www.castingnews.eu\\\/magazine\\\/2026\\\/02\\\/16\\\/al-via-in-sicilia-i-casting-per-al-canto-del-vespro-il-nuovo-film-di-gianni-virgadaula-dedicato-a-san-francesco\\\/\"]}]},{\"@type\":\"ImageObject\",\"inLanguage\":\"it-IT\",\"@id\":\"https:\\\/\\\/www.castingnews.eu\\\/magazine\\\/2026\\\/02\\\/16\\\/al-via-in-sicilia-i-casting-per-al-canto-del-vespro-il-nuovo-film-di-gianni-virgadaula-dedicato-a-san-francesco\\\/#primaryimage\",\"url\":\"https:\\\/\\\/www.castingnews.eu\\\/magazine\\\/wp-content\\\/uploads\\\/2026\\\/02\\\/provini-film-san-francesco-gela-2026.jpg\",\"contentUrl\":\"https:\\\/\\\/www.castingnews.eu\\\/magazine\\\/wp-content\\\/uploads\\\/2026\\\/02\\\/provini-film-san-francesco-gela-2026.jpg\",\"width\":1200,\"height\":630,\"caption\":\"Casting Sicilia film su San Francesco\"},{\"@type\":\"BreadcrumbList\",\"@id\":\"https:\\\/\\\/www.castingnews.eu\\\/magazine\\\/2026\\\/02\\\/16\\\/al-via-in-sicilia-i-casting-per-al-canto-del-vespro-il-nuovo-film-di-gianni-virgadaula-dedicato-a-san-francesco\\\/#breadcrumb\",\"itemListElement\":[{\"@type\":\"ListItem\",\"position\":1,\"name\":\"Home\",\"item\":\"https:\\\/\\\/www.castingnews.eu\\\/magazine\\\/\"},{\"@type\":\"ListItem\",\"position\":2,\"name\":\"Al via in Sicilia i casting per \u201cAl canto del vespro\u201d, il nuovo film di Gianni Virgadaula dedicato a San Francesco\"}]},{\"@type\":\"WebSite\",\"@id\":\"https:\\\/\\\/www.castingnews.eu\\\/magazine\\\/#website\",\"url\":\"https:\\\/\\\/www.castingnews.eu\\\/magazine\\\/\",\"name\":\"Casting News Magazine\",\"description\":\"News e aggiornamenti sui film, serie tv, teatro e festival italiani ed internazionali\",\"potentialAction\":[{\"@type\":\"SearchAction\",\"target\":{\"@type\":\"EntryPoint\",\"urlTemplate\":\"https:\\\/\\\/www.castingnews.eu\\\/magazine\\\/?s={search_term_string}\"},\"query-input\":{\"@type\":\"PropertyValueSpecification\",\"valueRequired\":true,\"valueName\":\"search_term_string\"}}],\"inLanguage\":\"it-IT\"},{\"@type\":\"Person\",\"@id\":\"https:\\\/\\\/www.castingnews.eu\\\/magazine\\\/#\\\/schema\\\/person\\\/099d71c568c9a7e5e4037b1594108f17\",\"name\":\"Redazione\",\"image\":{\"@type\":\"ImageObject\",\"inLanguage\":\"it-IT\",\"@id\":\"https:\\\/\\\/secure.gravatar.com\\\/avatar\\\/b73a087aa3bd279fb70d24f1960a91c82cf67619395b60b564c90e9e5d5325fc?s=96&d=mm&r=g\",\"url\":\"https:\\\/\\\/secure.gravatar.com\\\/avatar\\\/b73a087aa3bd279fb70d24f1960a91c82cf67619395b60b564c90e9e5d5325fc?s=96&d=mm&r=g\",\"contentUrl\":\"https:\\\/\\\/secure.gravatar.com\\\/avatar\\\/b73a087aa3bd279fb70d24f1960a91c82cf67619395b60b564c90e9e5d5325fc?s=96&d=mm&r=g\",\"caption\":\"Redazione\"},\"description\":\"News e aggiornamenti sui film, serie tv, teatro e festival italiani ed internazionali.\",\"url\":\"https:\\\/\\\/www.castingnews.eu\\\/magazine\\\/author\\\/redazione\\\/\"}]}<\/script>\r\n<!-- \/ Yoast SEO plugin. -->","yoast_head_json":{"title":"Al via in Sicilia i casting per \u201cAl canto del vespro\u201d, il nuovo film di Gianni Virgadaula dedicato a San Francesco - Casting News Magazine","description":"In Sicilia i casting per il film su San Francesco diretto da Gianni Virgadaula. Selezioni aperte a Gela per attori e figurazioni.","robots":{"index":"index","follow":"follow","max-snippet":"max-snippet:-1","max-image-preview":"max-image-preview:large","max-video-preview":"max-video-preview:-1"},"canonical":"https:\/\/www.castingnews.eu\/magazine\/2026\/02\/16\/al-via-in-sicilia-i-casting-per-al-canto-del-vespro-il-nuovo-film-di-gianni-virgadaula-dedicato-a-san-francesco\/","og_locale":"it_IT","og_type":"article","og_title":"Al via in Sicilia i casting per \u201cAl canto del vespro\u201d, il nuovo film di Gianni Virgadaula dedicato a San Francesco - Casting News Magazine","og_description":"In Sicilia i casting per il film su San Francesco diretto da Gianni Virgadaula. Selezioni aperte a Gela per attori e figurazioni.","og_url":"https:\/\/www.castingnews.eu\/magazine\/2026\/02\/16\/al-via-in-sicilia-i-casting-per-al-canto-del-vespro-il-nuovo-film-di-gianni-virgadaula-dedicato-a-san-francesco\/","og_site_name":"Casting News Magazine","article_published_time":"2026-02-16T12:55:21+00:00","article_modified_time":"2026-04-09T10:13:00+00:00","og_image":[{"width":1200,"height":630,"url":"https:\/\/www.castingnews.eu\/magazine\/wp-content\/uploads\/2026\/02\/provini-film-san-francesco-gela-2026.jpg","type":"image\/jpeg"}],"author":"Redazione","twitter_card":"summary_large_image","twitter_misc":{"Scritto da":"Redazione","Tempo di lettura stimato":"2 minuti"},"schema":{"@context":"https:\/\/schema.org","@graph":[{"@type":"Article","@id":"https:\/\/www.castingnews.eu\/magazine\/2026\/02\/16\/al-via-in-sicilia-i-casting-per-al-canto-del-vespro-il-nuovo-film-di-gianni-virgadaula-dedicato-a-san-francesco\/#article","isPartOf":{"@id":"https:\/\/www.castingnews.eu\/magazine\/2026\/02\/16\/al-via-in-sicilia-i-casting-per-al-canto-del-vespro-il-nuovo-film-di-gianni-virgadaula-dedicato-a-san-francesco\/"},"author":{"name":"Redazione","@id":"https:\/\/www.castingnews.eu\/magazine\/#\/schema\/person\/099d71c568c9a7e5e4037b1594108f17"},"headline":"Al via in Sicilia i casting per \u201cAl canto del vespro\u201d, il nuovo film di Gianni Virgadaula dedicato a San Francesco","datePublished":"2026-02-16T12:55:21+00:00","dateModified":"2026-04-09T10:13:00+00:00","mainEntityOfPage":{"@id":"https:\/\/www.castingnews.eu\/magazine\/2026\/02\/16\/al-via-in-sicilia-i-casting-per-al-canto-del-vespro-il-nuovo-film-di-gianni-virgadaula-dedicato-a-san-francesco\/"},"wordCount":302,"commentCount":0,"image":{"@id":"https:\/\/www.castingnews.eu\/magazine\/2026\/02\/16\/al-via-in-sicilia-i-casting-per-al-canto-del-vespro-il-nuovo-film-di-gianni-virgadaula-dedicato-a-san-francesco\/#primaryimage"},"thumbnailUrl":"https:\/\/www.castingnews.eu\/magazine\/wp-content\/uploads\/2026\/02\/provini-film-san-francesco-gela-2026.jpg","keywords":["Al canto del vespro","casting attori 2026","casting comparse","casting figurazioni speciali","casting Gela","Casting Magazine","Casting News","Casting Sicilia","film su San Francesco","Gianni Virgadaula","Hotel Sole Gela","produzione cinematografica Sicilia","provini cinema Sicilia","San Francesco d\u2019Assisi film"],"articleSection":["Cinema","In primo piano","Italia","Mediometraggi","Primo piano","Sicilia"],"inLanguage":"it-IT","potentialAction":[{"@type":"CommentAction","name":"Comment","target":["https:\/\/www.castingnews.eu\/magazine\/2026\/02\/16\/al-via-in-sicilia-i-casting-per-al-canto-del-vespro-il-nuovo-film-di-gianni-virgadaula-dedicato-a-san-francesco\/#respond"]}]},{"@type":"WebPage","@id":"https:\/\/www.castingnews.eu\/magazine\/2026\/02\/16\/al-via-in-sicilia-i-casting-per-al-canto-del-vespro-il-nuovo-film-di-gianni-virgadaula-dedicato-a-san-francesco\/","url":"https:\/\/www.castingnews.eu\/magazine\/2026\/02\/16\/al-via-in-sicilia-i-casting-per-al-canto-del-vespro-il-nuovo-film-di-gianni-virgadaula-dedicato-a-san-francesco\/","name":"Al via in Sicilia i casting per \u201cAl canto del vespro\u201d, il nuovo film di Gianni Virgadaula dedicato a San Francesco - Casting News Magazine","isPartOf":{"@id":"https:\/\/www.castingnews.eu\/magazine\/#website"},"primaryImageOfPage":{"@id":"https:\/\/www.castingnews.eu\/magazine\/2026\/02\/16\/al-via-in-sicilia-i-casting-per-al-canto-del-vespro-il-nuovo-film-di-gianni-virgadaula-dedicato-a-san-francesco\/#primaryimage"},"image":{"@id":"https:\/\/www.castingnews.eu\/magazine\/2026\/02\/16\/al-via-in-sicilia-i-casting-per-al-canto-del-vespro-il-nuovo-film-di-gianni-virgadaula-dedicato-a-san-francesco\/#primaryimage"},"thumbnailUrl":"https:\/\/www.castingnews.eu\/magazine\/wp-content\/uploads\/2026\/02\/provini-film-san-francesco-gela-2026.jpg","datePublished":"2026-02-16T12:55:21+00:00","dateModified":"2026-04-09T10:13:00+00:00","author":{"@id":"https:\/\/www.castingnews.eu\/magazine\/#\/schema\/person\/099d71c568c9a7e5e4037b1594108f17"},"description":"In Sicilia i casting per il film su San Francesco diretto da Gianni Virgadaula. Selezioni aperte a Gela per attori e figurazioni.","breadcrumb":{"@id":"https:\/\/www.castingnews.eu\/magazine\/2026\/02\/16\/al-via-in-sicilia-i-casting-per-al-canto-del-vespro-il-nuovo-film-di-gianni-virgadaula-dedicato-a-san-francesco\/#breadcrumb"},"inLanguage":"it-IT","potentialAction":[{"@type":"ReadAction","target":["https:\/\/www.castingnews.eu\/magazine\/2026\/02\/16\/al-via-in-sicilia-i-casting-per-al-canto-del-vespro-il-nuovo-film-di-gianni-virgadaula-dedicato-a-san-francesco\/"]}]},{"@type":"ImageObject","inLanguage":"it-IT","@id":"https:\/\/www.castingnews.eu\/magazine\/2026\/02\/16\/al-via-in-sicilia-i-casting-per-al-canto-del-vespro-il-nuovo-film-di-gianni-virgadaula-dedicato-a-san-francesco\/#primaryimage","url":"https:\/\/www.castingnews.eu\/magazine\/wp-content\/uploads\/2026\/02\/provini-film-san-francesco-gela-2026.jpg","contentUrl":"https:\/\/www.castingnews.eu\/magazine\/wp-content\/uploads\/2026\/02\/provini-film-san-francesco-gela-2026.jpg","width":1200,"height":630,"caption":"Casting Sicilia film su San Francesco"},{"@type":"BreadcrumbList","@id":"https:\/\/www.castingnews.eu\/magazine\/2026\/02\/16\/al-via-in-sicilia-i-casting-per-al-canto-del-vespro-il-nuovo-film-di-gianni-virgadaula-dedicato-a-san-francesco\/#breadcrumb","itemListElement":[{"@type":"ListItem","position":1,"name":"Home","item":"https:\/\/www.castingnews.eu\/magazine\/"},{"@type":"ListItem","position":2,"name":"Al via in Sicilia i casting per \u201cAl canto del vespro\u201d, il nuovo film di Gianni Virgadaula dedicato a San Francesco"}]},{"@type":"WebSite","@id":"https:\/\/www.castingnews.eu\/magazine\/#website","url":"https:\/\/www.castingnews.eu\/magazine\/","name":"Casting News Magazine","description":"News e aggiornamenti sui film, serie tv, teatro e festival italiani ed internazionali","potentialAction":[{"@type":"SearchAction","target":{"@type":"EntryPoint","urlTemplate":"https:\/\/www.castingnews.eu\/magazine\/?s={search_term_string}"},"query-input":{"@type":"PropertyValueSpecification","valueRequired":true,"valueName":"search_term_string"}}],"inLanguage":"it-IT"},{"@type":"Person","@id":"https:\/\/www.castingnews.eu\/magazine\/#\/schema\/person\/099d71c568c9a7e5e4037b1594108f17","name":"Redazione","image":{"@type":"ImageObject","inLanguage":"it-IT","@id":"https:\/\/secure.gravatar.com\/avatar\/b73a087aa3bd279fb70d24f1960a91c82cf67619395b60b564c90e9e5d5325fc?s=96&d=mm&r=g","url":"https:\/\/secure.gravatar.com\/avatar\/b73a087aa3bd279fb70d24f1960a91c82cf67619395b60b564c90e9e5d5325fc?s=96&d=mm&r=g","contentUrl":"https:\/\/secure.gravatar.com\/avatar\/b73a087aa3bd279fb70d24f1960a91c82cf67619395b60b564c90e9e5d5325fc?s=96&d=mm&r=g","caption":"Redazione"},"description":"News e aggiornamenti sui film, serie tv, teatro e festival italiani ed internazionali.","url":"https:\/\/www.castingnews.eu\/magazine\/author\/redazione\/"}]}},"_links":{"self":[{"href":"https:\/\/www.castingnews.eu\/magazine\/wp-json\/wp\/v2\/posts\/11695","targetHints":{"allow":["GET"]}}],"collection":[{"href":"https:\/\/www.castingnews.eu\/magazine\/wp-json\/wp\/v2\/posts"}],"about":[{"href":"https:\/\/www.castingnews.eu\/magazine\/wp-json\/wp\/v2\/types\/post"}],"author":[{"embeddable":true,"href":"https:\/\/www.castingnews.eu\/magazine\/wp-json\/wp\/v2\/users\/1"}],"replies":[{"embeddable":true,"href":"https:\/\/www.castingnews.eu\/magazine\/wp-json\/wp\/v2\/comments?post=11695"}],"version-history":[{"count":4,"href":"https:\/\/www.castingnews.eu\/magazine\/wp-json\/wp\/v2\/posts\/11695\/revisions"}],"predecessor-version":[{"id":12080,"href":"https:\/\/www.castingnews.eu\/magazine\/wp-json\/wp\/v2\/posts\/11695\/revisions\/12080"}],"wp:featuredmedia":[{"embeddable":true,"href":"https:\/\/www.castingnews.eu\/magazine\/wp-json\/wp\/v2\/media\/11696"}],"wp:attachment":[{"href":"https:\/\/www.castingnews.eu\/magazine\/wp-json\/wp\/v2\/media?parent=11695"}],"wp:term":[{"taxonomy":"category","embeddable":true,"href":"https:\/\/www.castingnews.eu\/magazine\/wp-json\/wp\/v2\/categories?post=11695"},{"taxonomy":"post_tag","embeddable":true,"href":"https:\/\/www.castingnews.eu\/magazine\/wp-json\/wp\/v2\/tags?post=11695"}],"curies":[{"name":"wp","href":"https:\/\/api.w.org\/{rel}","templated":true}]}}