{"id":11619,"date":"2026-02-05T15:55:45","date_gmt":"2026-02-05T14:55:45","guid":{"rendered":"https:\/\/www.castingnews.eu\/magazine\/?p=11619"},"modified":"2026-02-05T15:55:50","modified_gmt":"2026-02-05T14:55:50","slug":"luca-miniero-torna-sul-set-con-the-label-14-settimane-di-riprese-tra-roma-sanremo-e-milano","status":"publish","type":"post","link":"https:\/\/www.castingnews.eu\/magazine\/2026\/02\/05\/luca-miniero-torna-sul-set-con-the-label-14-settimane-di-riprese-tra-roma-sanremo-e-milano\/","title":{"rendered":"Luca Miniero torna sul set con \u201cThe Label\u201d: 14 settimane di riprese tra Roma, Sanremo e Milano"},"content":{"rendered":"\n<p>Le riprese della miniserie <strong>\u201cThe Label\u201d<\/strong> segnano il ritorno sul set di <strong>Luca Miniero<\/strong>, impegnato in un progetto ambientato nel mondo della musica e prodotto da <strong>Be Water Film<\/strong>. Il lavoro sul set \u00e8 iniziato il 2 febbraio e proseguir\u00e0 fino all\u20198 maggio, per un totale di circa 14 settimane di lavorazione distribuite tra <strong>Lazio<\/strong>, <strong>Liguria<\/strong> e <strong>Lombardia<\/strong>.<\/p><div class=\"6d3639e8c6ac292cde400fad8ff8a5b9\" data-index=\"1\" style=\"float: none; margin:10px 0 10px 0; text-align:center;\">\n<script async src=\"\/\/pagead2.googlesyndication.com\/pagead\/js\/adsbygoogle.js\"><\/script>\r\n<!-- Casting Bambini NEW -->\r\n<ins class=\"adsbygoogle\"\r\n     style=\"display:inline-block;width:336px;height:280px\"\r\n     data-ad-client=\"ca-pub-5538097485429833\"\r\n     data-ad-slot=\"5127154445\"><\/ins>\r\n<script>\r\n(adsbygoogle = window.adsbygoogle || []).push({});\r\n<\/script>\n<\/div>\n\n\n\n\n<p>La serie, che vede nel cast anche <strong>Christian De Sica<\/strong> e <strong>Carolina Crescentini<\/strong>, prevede un articolato piano di riprese che coinvolge diverse citt\u00e0 e territori. Il cuore della produzione \u00e8 nel <strong>Roma<\/strong>, dove una troupe composta da circa 90 professionisti \u00e8 al lavoro per 24 giorni. Successivamente il set si sposter\u00e0 a <strong>Sanremo<\/strong>, in Liguria, per una breve sessione di tre giorni, prima di approdare a <strong>Milano<\/strong> per altre nove giornate di riprese.<\/p>\n\n\n\n<p>Conclusa questa fase itinerante, la produzione torner\u00e0 nuovamente a Roma, dove sono previste ulteriori 48 giornate di lavorazione. Un calendario intenso che conferma l\u2019ambizione del progetto e l\u2019importanza delle diverse location, scelte per dare profondit\u00e0 e realismo al racconto.<\/p>\n\n\n\n<p>Con \u201cThe Label\u201d, Luca Miniero affronta un contesto narrativo legato all\u2019industria musicale, affidandosi a un cast di primo piano e a una produzione strutturata, capace di muoversi tra pi\u00f9 regioni italiane. La miniserie si inserisce cos\u00ec tra i titoli pi\u00f9 attesi del panorama seriale, grazie a un mix di interpreti noti, ambientazioni riconoscibili e un percorso produttivo di ampio respiro.<\/p>\n\n\n\n<p>Iscriviti alla<strong>\u00a0<a href=\"https:\/\/www.castingnews.eu\/newsletter\/\" target=\"_blank\" rel=\"noreferrer noopener\">newsletter giornaliera<\/a><\/strong>\u00a0di Casting News Professional per ricevere le ultime notizie sui casting aperti, provini e audizioni.<\/p>\n\n<div style=\"font-size: 0px; height: 0px; line-height: 0px; margin: 0; padding: 0; clear: both;\"><\/div>","protected":false},"excerpt":{"rendered":"<p>Le riprese della miniserie \u201cThe Label\u201d segnano il ritorno sul set di Luca Miniero, impegnato in un progetto ambientato nel mondo della musica e prodotto da Be Water Film. Il lavoro sul set \u00e8 iniziato il 2 febbraio e proseguir\u00e0 fino all\u20198 maggio, per un totale di circa 14 settimane di lavorazione distribuite tra Lazio, [&hellip;]<\/p>\n","protected":false},"author":1,"featured_media":11621,"comment_status":"open","ping_status":"open","sticky":false,"template":"","format":"standard","meta":{"tdm_status":"","tdm_grid_status":"","footnotes":""},"categories":[1462,1533,71,3958,3959,3960,21,31],"tags":[8360,2729,272,273,289,1470,3057,807,9595,940,9596,9597,9598,1193,2885,6537,5361,9594],"class_list":{"0":"post-11619","1":"post","2":"type-post","3":"status-publish","4":"format-standard","5":"has-post-thumbnail","7":"category-fiction-tv","8":"category-featured","9":"category-italia-paese","10":"category-lazio","11":"category-liguria","12":"category-lombardia","13":"category-in-primo-piano","14":"category-progetti-tv","15":"tag-be-water-film","16":"tag-carolina-crescentini","17":"tag-casting-magazine","18":"tag-casting-news","19":"tag-christian-de-sica","20":"tag-lazio","21":"tag-liguria","22":"tag-lombardia","23":"tag-luca-miniero","24":"tag-milano","25":"tag-mondo-della-musica","26":"tag-produzione-seriale","27":"tag-riprese-serie-tv","28":"tag-roma","29":"tag-sanremo","30":"tag-serie-tv-italiana","31":"tag-set-cinematografico","32":"tag-the-label"},"yoast_head":"<!-- This site is optimized with the Yoast SEO plugin v27.4 - https:\/\/yoast.com\/product\/yoast-seo-wordpress\/ -->\r\n<title>Luca Miniero torna sul set con \u201cThe Label\u201d: 14 settimane di riprese tra Roma, Sanremo e Milano - Casting News Magazine<\/title>\r\n<meta name=\"description\" content=\"Luca Miniero gira The Label, miniserie prodotta da Be Water Film: 14 settimane di set tra Lazio, Liguria e Lombardia.\" \/>\r\n<meta name=\"robots\" content=\"index, follow, max-snippet:-1, max-image-preview:large, max-video-preview:-1\" \/>\r\n<link rel=\"canonical\" href=\"https:\/\/www.castingnews.eu\/magazine\/2026\/02\/05\/luca-miniero-torna-sul-set-con-the-label-14-settimane-di-riprese-tra-roma-sanremo-e-milano\/\" \/>\r\n<meta property=\"og:locale\" content=\"it_IT\" \/>\r\n<meta property=\"og:type\" content=\"article\" \/>\r\n<meta property=\"og:title\" content=\"Luca Miniero torna sul set con \u201cThe Label\u201d: 14 settimane di riprese tra Roma, Sanremo e Milano - Casting News Magazine\" \/>\r\n<meta property=\"og:description\" content=\"Luca Miniero gira The Label, miniserie prodotta da Be Water Film: 14 settimane di set tra Lazio, Liguria e Lombardia.\" \/>\r\n<meta property=\"og:url\" content=\"https:\/\/www.castingnews.eu\/magazine\/2026\/02\/05\/luca-miniero-torna-sul-set-con-the-label-14-settimane-di-riprese-tra-roma-sanremo-e-milano\/\" \/>\r\n<meta property=\"og:site_name\" content=\"Casting News Magazine\" \/>\r\n<meta property=\"article:published_time\" content=\"2026-02-05T14:55:45+00:00\" \/>\r\n<meta property=\"article:modified_time\" content=\"2026-02-05T14:55:50+00:00\" \/>\r\n<meta property=\"og:image\" content=\"https:\/\/www.castingnews.eu\/magazine\/wp-content\/uploads\/2026\/02\/the-label-serie-tv-luca-miniero-riprese.jpg\" \/>\r\n\t<meta property=\"og:image:width\" content=\"1200\" \/>\r\n\t<meta property=\"og:image:height\" content=\"630\" \/>\r\n\t<meta property=\"og:image:type\" content=\"image\/jpeg\" \/>\r\n<meta name=\"author\" content=\"Redazione\" \/>\r\n<meta name=\"twitter:card\" content=\"summary_large_image\" \/>\r\n<meta name=\"twitter:label1\" content=\"Scritto da\" \/>\n\t<meta name=\"twitter:data1\" content=\"Redazione\" \/>\n\t<meta name=\"twitter:label2\" content=\"Tempo di lettura stimato\" \/>\n\t<meta name=\"twitter:data2\" content=\"2 minuti\" \/>\r\n<script type=\"application\/ld+json\" class=\"yoast-schema-graph\">{\"@context\":\"https:\\\/\\\/schema.org\",\"@graph\":[{\"@type\":\"Article\",\"@id\":\"https:\\\/\\\/www.castingnews.eu\\\/magazine\\\/2026\\\/02\\\/05\\\/luca-miniero-torna-sul-set-con-the-label-14-settimane-di-riprese-tra-roma-sanremo-e-milano\\\/#article\",\"isPartOf\":{\"@id\":\"https:\\\/\\\/www.castingnews.eu\\\/magazine\\\/2026\\\/02\\\/05\\\/luca-miniero-torna-sul-set-con-the-label-14-settimane-di-riprese-tra-roma-sanremo-e-milano\\\/\"},\"author\":{\"name\":\"Redazione\",\"@id\":\"https:\\\/\\\/www.castingnews.eu\\\/magazine\\\/#\\\/schema\\\/person\\\/099d71c568c9a7e5e4037b1594108f17\"},\"headline\":\"Luca Miniero torna sul set con \u201cThe Label\u201d: 14 settimane di riprese tra Roma, Sanremo e Milano\",\"datePublished\":\"2026-02-05T14:55:45+00:00\",\"dateModified\":\"2026-02-05T14:55:50+00:00\",\"mainEntityOfPage\":{\"@id\":\"https:\\\/\\\/www.castingnews.eu\\\/magazine\\\/2026\\\/02\\\/05\\\/luca-miniero-torna-sul-set-con-the-label-14-settimane-di-riprese-tra-roma-sanremo-e-milano\\\/\"},\"wordCount\":260,\"commentCount\":0,\"image\":{\"@id\":\"https:\\\/\\\/www.castingnews.eu\\\/magazine\\\/2026\\\/02\\\/05\\\/luca-miniero-torna-sul-set-con-the-label-14-settimane-di-riprese-tra-roma-sanremo-e-milano\\\/#primaryimage\"},\"thumbnailUrl\":\"https:\\\/\\\/www.castingnews.eu\\\/magazine\\\/wp-content\\\/uploads\\\/2026\\\/02\\\/the-label-serie-tv-luca-miniero-riprese.jpg\",\"keywords\":[\"Be Water Film\",\"Carolina Crescentini\",\"Casting Magazine\",\"Casting News\",\"Christian De Sica\",\"Lazio\",\"Liguria\",\"Lombardia\",\"Luca Miniero\",\"Milano\",\"mondo della musica\",\"produzione seriale\",\"riprese serie tv\",\"Roma\",\"Sanremo\",\"serie TV italiana\",\"set cinematografico\",\"The Label\"],\"articleSection\":[\"Fiction TV\",\"In primo piano\",\"Italia\",\"Lazio\",\"Liguria\",\"Lombardia\",\"Primo piano\",\"Progetti TV\"],\"inLanguage\":\"it-IT\",\"potentialAction\":[{\"@type\":\"CommentAction\",\"name\":\"Comment\",\"target\":[\"https:\\\/\\\/www.castingnews.eu\\\/magazine\\\/2026\\\/02\\\/05\\\/luca-miniero-torna-sul-set-con-the-label-14-settimane-di-riprese-tra-roma-sanremo-e-milano\\\/#respond\"]}]},{\"@type\":\"WebPage\",\"@id\":\"https:\\\/\\\/www.castingnews.eu\\\/magazine\\\/2026\\\/02\\\/05\\\/luca-miniero-torna-sul-set-con-the-label-14-settimane-di-riprese-tra-roma-sanremo-e-milano\\\/\",\"url\":\"https:\\\/\\\/www.castingnews.eu\\\/magazine\\\/2026\\\/02\\\/05\\\/luca-miniero-torna-sul-set-con-the-label-14-settimane-di-riprese-tra-roma-sanremo-e-milano\\\/\",\"name\":\"Luca Miniero torna sul set con \u201cThe Label\u201d: 14 settimane di riprese tra Roma, Sanremo e Milano - Casting News Magazine\",\"isPartOf\":{\"@id\":\"https:\\\/\\\/www.castingnews.eu\\\/magazine\\\/#website\"},\"primaryImageOfPage\":{\"@id\":\"https:\\\/\\\/www.castingnews.eu\\\/magazine\\\/2026\\\/02\\\/05\\\/luca-miniero-torna-sul-set-con-the-label-14-settimane-di-riprese-tra-roma-sanremo-e-milano\\\/#primaryimage\"},\"image\":{\"@id\":\"https:\\\/\\\/www.castingnews.eu\\\/magazine\\\/2026\\\/02\\\/05\\\/luca-miniero-torna-sul-set-con-the-label-14-settimane-di-riprese-tra-roma-sanremo-e-milano\\\/#primaryimage\"},\"thumbnailUrl\":\"https:\\\/\\\/www.castingnews.eu\\\/magazine\\\/wp-content\\\/uploads\\\/2026\\\/02\\\/the-label-serie-tv-luca-miniero-riprese.jpg\",\"datePublished\":\"2026-02-05T14:55:45+00:00\",\"dateModified\":\"2026-02-05T14:55:50+00:00\",\"author\":{\"@id\":\"https:\\\/\\\/www.castingnews.eu\\\/magazine\\\/#\\\/schema\\\/person\\\/099d71c568c9a7e5e4037b1594108f17\"},\"description\":\"Luca Miniero gira The Label, miniserie prodotta da Be Water Film: 14 settimane di set tra Lazio, Liguria e Lombardia.\",\"breadcrumb\":{\"@id\":\"https:\\\/\\\/www.castingnews.eu\\\/magazine\\\/2026\\\/02\\\/05\\\/luca-miniero-torna-sul-set-con-the-label-14-settimane-di-riprese-tra-roma-sanremo-e-milano\\\/#breadcrumb\"},\"inLanguage\":\"it-IT\",\"potentialAction\":[{\"@type\":\"ReadAction\",\"target\":[\"https:\\\/\\\/www.castingnews.eu\\\/magazine\\\/2026\\\/02\\\/05\\\/luca-miniero-torna-sul-set-con-the-label-14-settimane-di-riprese-tra-roma-sanremo-e-milano\\\/\"]}]},{\"@type\":\"ImageObject\",\"inLanguage\":\"it-IT\",\"@id\":\"https:\\\/\\\/www.castingnews.eu\\\/magazine\\\/2026\\\/02\\\/05\\\/luca-miniero-torna-sul-set-con-the-label-14-settimane-di-riprese-tra-roma-sanremo-e-milano\\\/#primaryimage\",\"url\":\"https:\\\/\\\/www.castingnews.eu\\\/magazine\\\/wp-content\\\/uploads\\\/2026\\\/02\\\/the-label-serie-tv-luca-miniero-riprese.jpg\",\"contentUrl\":\"https:\\\/\\\/www.castingnews.eu\\\/magazine\\\/wp-content\\\/uploads\\\/2026\\\/02\\\/the-label-serie-tv-luca-miniero-riprese.jpg\",\"width\":1200,\"height\":630,\"caption\":\"Luca Miniero gira la serie \u201cThe Label\u201d\"},{\"@type\":\"BreadcrumbList\",\"@id\":\"https:\\\/\\\/www.castingnews.eu\\\/magazine\\\/2026\\\/02\\\/05\\\/luca-miniero-torna-sul-set-con-the-label-14-settimane-di-riprese-tra-roma-sanremo-e-milano\\\/#breadcrumb\",\"itemListElement\":[{\"@type\":\"ListItem\",\"position\":1,\"name\":\"Home\",\"item\":\"https:\\\/\\\/www.castingnews.eu\\\/magazine\\\/\"},{\"@type\":\"ListItem\",\"position\":2,\"name\":\"Luca Miniero torna sul set con \u201cThe Label\u201d: 14 settimane di riprese tra Roma, Sanremo e Milano\"}]},{\"@type\":\"WebSite\",\"@id\":\"https:\\\/\\\/www.castingnews.eu\\\/magazine\\\/#website\",\"url\":\"https:\\\/\\\/www.castingnews.eu\\\/magazine\\\/\",\"name\":\"Casting News Magazine\",\"description\":\"News e aggiornamenti sui film, serie tv, teatro e festival italiani ed internazionali\",\"potentialAction\":[{\"@type\":\"SearchAction\",\"target\":{\"@type\":\"EntryPoint\",\"urlTemplate\":\"https:\\\/\\\/www.castingnews.eu\\\/magazine\\\/?s={search_term_string}\"},\"query-input\":{\"@type\":\"PropertyValueSpecification\",\"valueRequired\":true,\"valueName\":\"search_term_string\"}}],\"inLanguage\":\"it-IT\"},{\"@type\":\"Person\",\"@id\":\"https:\\\/\\\/www.castingnews.eu\\\/magazine\\\/#\\\/schema\\\/person\\\/099d71c568c9a7e5e4037b1594108f17\",\"name\":\"Redazione\",\"image\":{\"@type\":\"ImageObject\",\"inLanguage\":\"it-IT\",\"@id\":\"https:\\\/\\\/secure.gravatar.com\\\/avatar\\\/b73a087aa3bd279fb70d24f1960a91c82cf67619395b60b564c90e9e5d5325fc?s=96&d=mm&r=g\",\"url\":\"https:\\\/\\\/secure.gravatar.com\\\/avatar\\\/b73a087aa3bd279fb70d24f1960a91c82cf67619395b60b564c90e9e5d5325fc?s=96&d=mm&r=g\",\"contentUrl\":\"https:\\\/\\\/secure.gravatar.com\\\/avatar\\\/b73a087aa3bd279fb70d24f1960a91c82cf67619395b60b564c90e9e5d5325fc?s=96&d=mm&r=g\",\"caption\":\"Redazione\"},\"description\":\"News e aggiornamenti sui film, serie tv, teatro e festival italiani ed internazionali.\",\"url\":\"https:\\\/\\\/www.castingnews.eu\\\/magazine\\\/author\\\/redazione\\\/\"}]}<\/script>\r\n<!-- \/ Yoast SEO plugin. -->","yoast_head_json":{"title":"Luca Miniero torna sul set con \u201cThe Label\u201d: 14 settimane di riprese tra Roma, Sanremo e Milano - Casting News Magazine","description":"Luca Miniero gira The Label, miniserie prodotta da Be Water Film: 14 settimane di set tra Lazio, Liguria e Lombardia.","robots":{"index":"index","follow":"follow","max-snippet":"max-snippet:-1","max-image-preview":"max-image-preview:large","max-video-preview":"max-video-preview:-1"},"canonical":"https:\/\/www.castingnews.eu\/magazine\/2026\/02\/05\/luca-miniero-torna-sul-set-con-the-label-14-settimane-di-riprese-tra-roma-sanremo-e-milano\/","og_locale":"it_IT","og_type":"article","og_title":"Luca Miniero torna sul set con \u201cThe Label\u201d: 14 settimane di riprese tra Roma, Sanremo e Milano - Casting News Magazine","og_description":"Luca Miniero gira The Label, miniserie prodotta da Be Water Film: 14 settimane di set tra Lazio, Liguria e Lombardia.","og_url":"https:\/\/www.castingnews.eu\/magazine\/2026\/02\/05\/luca-miniero-torna-sul-set-con-the-label-14-settimane-di-riprese-tra-roma-sanremo-e-milano\/","og_site_name":"Casting News Magazine","article_published_time":"2026-02-05T14:55:45+00:00","article_modified_time":"2026-02-05T14:55:50+00:00","og_image":[{"width":1200,"height":630,"url":"https:\/\/www.castingnews.eu\/magazine\/wp-content\/uploads\/2026\/02\/the-label-serie-tv-luca-miniero-riprese.jpg","type":"image\/jpeg"}],"author":"Redazione","twitter_card":"summary_large_image","twitter_misc":{"Scritto da":"Redazione","Tempo di lettura stimato":"2 minuti"},"schema":{"@context":"https:\/\/schema.org","@graph":[{"@type":"Article","@id":"https:\/\/www.castingnews.eu\/magazine\/2026\/02\/05\/luca-miniero-torna-sul-set-con-the-label-14-settimane-di-riprese-tra-roma-sanremo-e-milano\/#article","isPartOf":{"@id":"https:\/\/www.castingnews.eu\/magazine\/2026\/02\/05\/luca-miniero-torna-sul-set-con-the-label-14-settimane-di-riprese-tra-roma-sanremo-e-milano\/"},"author":{"name":"Redazione","@id":"https:\/\/www.castingnews.eu\/magazine\/#\/schema\/person\/099d71c568c9a7e5e4037b1594108f17"},"headline":"Luca Miniero torna sul set con \u201cThe Label\u201d: 14 settimane di riprese tra Roma, Sanremo e Milano","datePublished":"2026-02-05T14:55:45+00:00","dateModified":"2026-02-05T14:55:50+00:00","mainEntityOfPage":{"@id":"https:\/\/www.castingnews.eu\/magazine\/2026\/02\/05\/luca-miniero-torna-sul-set-con-the-label-14-settimane-di-riprese-tra-roma-sanremo-e-milano\/"},"wordCount":260,"commentCount":0,"image":{"@id":"https:\/\/www.castingnews.eu\/magazine\/2026\/02\/05\/luca-miniero-torna-sul-set-con-the-label-14-settimane-di-riprese-tra-roma-sanremo-e-milano\/#primaryimage"},"thumbnailUrl":"https:\/\/www.castingnews.eu\/magazine\/wp-content\/uploads\/2026\/02\/the-label-serie-tv-luca-miniero-riprese.jpg","keywords":["Be Water Film","Carolina Crescentini","Casting Magazine","Casting News","Christian De Sica","Lazio","Liguria","Lombardia","Luca Miniero","Milano","mondo della musica","produzione seriale","riprese serie tv","Roma","Sanremo","serie TV italiana","set cinematografico","The Label"],"articleSection":["Fiction TV","In primo piano","Italia","Lazio","Liguria","Lombardia","Primo piano","Progetti TV"],"inLanguage":"it-IT","potentialAction":[{"@type":"CommentAction","name":"Comment","target":["https:\/\/www.castingnews.eu\/magazine\/2026\/02\/05\/luca-miniero-torna-sul-set-con-the-label-14-settimane-di-riprese-tra-roma-sanremo-e-milano\/#respond"]}]},{"@type":"WebPage","@id":"https:\/\/www.castingnews.eu\/magazine\/2026\/02\/05\/luca-miniero-torna-sul-set-con-the-label-14-settimane-di-riprese-tra-roma-sanremo-e-milano\/","url":"https:\/\/www.castingnews.eu\/magazine\/2026\/02\/05\/luca-miniero-torna-sul-set-con-the-label-14-settimane-di-riprese-tra-roma-sanremo-e-milano\/","name":"Luca Miniero torna sul set con \u201cThe Label\u201d: 14 settimane di riprese tra Roma, Sanremo e Milano - Casting News Magazine","isPartOf":{"@id":"https:\/\/www.castingnews.eu\/magazine\/#website"},"primaryImageOfPage":{"@id":"https:\/\/www.castingnews.eu\/magazine\/2026\/02\/05\/luca-miniero-torna-sul-set-con-the-label-14-settimane-di-riprese-tra-roma-sanremo-e-milano\/#primaryimage"},"image":{"@id":"https:\/\/www.castingnews.eu\/magazine\/2026\/02\/05\/luca-miniero-torna-sul-set-con-the-label-14-settimane-di-riprese-tra-roma-sanremo-e-milano\/#primaryimage"},"thumbnailUrl":"https:\/\/www.castingnews.eu\/magazine\/wp-content\/uploads\/2026\/02\/the-label-serie-tv-luca-miniero-riprese.jpg","datePublished":"2026-02-05T14:55:45+00:00","dateModified":"2026-02-05T14:55:50+00:00","author":{"@id":"https:\/\/www.castingnews.eu\/magazine\/#\/schema\/person\/099d71c568c9a7e5e4037b1594108f17"},"description":"Luca Miniero gira The Label, miniserie prodotta da Be Water Film: 14 settimane di set tra Lazio, Liguria e Lombardia.","breadcrumb":{"@id":"https:\/\/www.castingnews.eu\/magazine\/2026\/02\/05\/luca-miniero-torna-sul-set-con-the-label-14-settimane-di-riprese-tra-roma-sanremo-e-milano\/#breadcrumb"},"inLanguage":"it-IT","potentialAction":[{"@type":"ReadAction","target":["https:\/\/www.castingnews.eu\/magazine\/2026\/02\/05\/luca-miniero-torna-sul-set-con-the-label-14-settimane-di-riprese-tra-roma-sanremo-e-milano\/"]}]},{"@type":"ImageObject","inLanguage":"it-IT","@id":"https:\/\/www.castingnews.eu\/magazine\/2026\/02\/05\/luca-miniero-torna-sul-set-con-the-label-14-settimane-di-riprese-tra-roma-sanremo-e-milano\/#primaryimage","url":"https:\/\/www.castingnews.eu\/magazine\/wp-content\/uploads\/2026\/02\/the-label-serie-tv-luca-miniero-riprese.jpg","contentUrl":"https:\/\/www.castingnews.eu\/magazine\/wp-content\/uploads\/2026\/02\/the-label-serie-tv-luca-miniero-riprese.jpg","width":1200,"height":630,"caption":"Luca Miniero gira la serie \u201cThe Label\u201d"},{"@type":"BreadcrumbList","@id":"https:\/\/www.castingnews.eu\/magazine\/2026\/02\/05\/luca-miniero-torna-sul-set-con-the-label-14-settimane-di-riprese-tra-roma-sanremo-e-milano\/#breadcrumb","itemListElement":[{"@type":"ListItem","position":1,"name":"Home","item":"https:\/\/www.castingnews.eu\/magazine\/"},{"@type":"ListItem","position":2,"name":"Luca Miniero torna sul set con \u201cThe Label\u201d: 14 settimane di riprese tra Roma, Sanremo e Milano"}]},{"@type":"WebSite","@id":"https:\/\/www.castingnews.eu\/magazine\/#website","url":"https:\/\/www.castingnews.eu\/magazine\/","name":"Casting News Magazine","description":"News e aggiornamenti sui film, serie tv, teatro e festival italiani ed internazionali","potentialAction":[{"@type":"SearchAction","target":{"@type":"EntryPoint","urlTemplate":"https:\/\/www.castingnews.eu\/magazine\/?s={search_term_string}"},"query-input":{"@type":"PropertyValueSpecification","valueRequired":true,"valueName":"search_term_string"}}],"inLanguage":"it-IT"},{"@type":"Person","@id":"https:\/\/www.castingnews.eu\/magazine\/#\/schema\/person\/099d71c568c9a7e5e4037b1594108f17","name":"Redazione","image":{"@type":"ImageObject","inLanguage":"it-IT","@id":"https:\/\/secure.gravatar.com\/avatar\/b73a087aa3bd279fb70d24f1960a91c82cf67619395b60b564c90e9e5d5325fc?s=96&d=mm&r=g","url":"https:\/\/secure.gravatar.com\/avatar\/b73a087aa3bd279fb70d24f1960a91c82cf67619395b60b564c90e9e5d5325fc?s=96&d=mm&r=g","contentUrl":"https:\/\/secure.gravatar.com\/avatar\/b73a087aa3bd279fb70d24f1960a91c82cf67619395b60b564c90e9e5d5325fc?s=96&d=mm&r=g","caption":"Redazione"},"description":"News e aggiornamenti sui film, serie tv, teatro e festival italiani ed internazionali.","url":"https:\/\/www.castingnews.eu\/magazine\/author\/redazione\/"}]}},"_links":{"self":[{"href":"https:\/\/www.castingnews.eu\/magazine\/wp-json\/wp\/v2\/posts\/11619","targetHints":{"allow":["GET"]}}],"collection":[{"href":"https:\/\/www.castingnews.eu\/magazine\/wp-json\/wp\/v2\/posts"}],"about":[{"href":"https:\/\/www.castingnews.eu\/magazine\/wp-json\/wp\/v2\/types\/post"}],"author":[{"embeddable":true,"href":"https:\/\/www.castingnews.eu\/magazine\/wp-json\/wp\/v2\/users\/1"}],"replies":[{"embeddable":true,"href":"https:\/\/www.castingnews.eu\/magazine\/wp-json\/wp\/v2\/comments?post=11619"}],"version-history":[{"count":1,"href":"https:\/\/www.castingnews.eu\/magazine\/wp-json\/wp\/v2\/posts\/11619\/revisions"}],"predecessor-version":[{"id":11622,"href":"https:\/\/www.castingnews.eu\/magazine\/wp-json\/wp\/v2\/posts\/11619\/revisions\/11622"}],"wp:featuredmedia":[{"embeddable":true,"href":"https:\/\/www.castingnews.eu\/magazine\/wp-json\/wp\/v2\/media\/11621"}],"wp:attachment":[{"href":"https:\/\/www.castingnews.eu\/magazine\/wp-json\/wp\/v2\/media?parent=11619"}],"wp:term":[{"taxonomy":"category","embeddable":true,"href":"https:\/\/www.castingnews.eu\/magazine\/wp-json\/wp\/v2\/categories?post=11619"},{"taxonomy":"post_tag","embeddable":true,"href":"https:\/\/www.castingnews.eu\/magazine\/wp-json\/wp\/v2\/tags?post=11619"}],"curies":[{"name":"wp","href":"https:\/\/api.w.org\/{rel}","templated":true}]}}