{"id":11395,"date":"2025-12-11T20:15:07","date_gmt":"2025-12-11T19:15:07","guid":{"rendered":"https:\/\/www.castingnews.eu\/magazine\/?p=11395"},"modified":"2025-12-11T20:15:11","modified_gmt":"2025-12-11T19:15:11","slug":"al-via-le-riprese-di-ritorno-a-buenos-aires-il-nuovo-progetto-internazionale-di-marco-bechis","status":"publish","type":"post","link":"https:\/\/www.castingnews.eu\/magazine\/2025\/12\/11\/al-via-le-riprese-di-ritorno-a-buenos-aires-il-nuovo-progetto-internazionale-di-marco-bechis\/","title":{"rendered":"Al via le riprese di \u00abRitorno a Buenos Aires\u00bb, il nuovo progetto internazionale di Marco Bechis"},"content":{"rendered":"\n<p>Sono ufficialmente partite le riprese di <strong>\u00abRitorno a Buenos Aires\u00bb<\/strong>, il nuovo progetto cinematografico firmato da <strong>Marco Bechis<\/strong>, regista che negli anni ha raccontato con sguardo rigoroso e personale alcune delle pagine pi\u00f9 complesse della storia latinoamericana. Il film segna il ritorno dietro la macchina da presa dell\u2019autore di <em>Garage Olimpo<\/em>, <em>Hijos\/Figli<\/em> e <em>Alambrado<\/em>.<\/p><div class=\"6d3639e8c6ac292cde400fad8ff8a5b9\" data-index=\"1\" style=\"float: none; margin:10px 0 10px 0; text-align:center;\">\n<script async src=\"\/\/pagead2.googlesyndication.com\/pagead\/js\/adsbygoogle.js\"><\/script>\r\n<!-- Casting Bambini NEW -->\r\n<ins class=\"adsbygoogle\"\r\n     style=\"display:inline-block;width:336px;height:280px\"\r\n     data-ad-client=\"ca-pub-5538097485429833\"\r\n     data-ad-slot=\"5127154445\"><\/ins>\r\n<script>\r\n(adsbygoogle = window.adsbygoogle || []).push({});\r\n<\/script>\n<\/div>\n\n\n\n\n<p>Al centro della narrazione c\u2019\u00e8 <strong>Mariano Guerra<\/strong>, interpretato da <strong>Adriano Giannini<\/strong>: un uomo costretto a fare ritorno in Argentina per offrire la propria testimonianza in un processo contro i militari responsabili del suo sequestro e delle torture subite durante la dittatura. Un viaggio che non ha i toni dell\u2019eroismo, ma quelli pi\u00f9 intimi di un confronto con il passato e con la parte pi\u00f9 oscura di s\u00e9.<br>Al suo fianco, un cast internazionale composto da <strong>Ana Celentano<\/strong>, <strong>Vero Gerez<\/strong>, <strong>Olivia Nuss<\/strong>, <strong>Adri\u00e1n Fondari<\/strong>, <strong>Marcelo Chaparro<\/strong> e dalla brasiliana <strong>Paula Cohen<\/strong>.<\/p>\n\n\n\n<p>Il film \u00e8 girato tra <strong>Porto Alegre<\/strong>, in Brasile, e <strong>Torino<\/strong>, grazie anche al supporto della <strong>Film Commission Torino Piemonte<\/strong>.<br>Sul piano tecnico, il progetto vede la collaborazione del direttore della fotografia <strong>Fabrizio La Palombara<\/strong> e del montatore <strong>Jacopo Quadri<\/strong>, professionisti abitualmente legati al cinema d\u2019autore italiano e internazionale.<\/p>\n\n\n\n<p>\u00abRitorno a Buenos Aires\u00bb nasce come <strong>coproduzione internazionale Italia\u2013Brasile<\/strong>.<br>Per l\u2019Italia partecipano <strong>Fandango<\/strong> (Domenico Procacci e Laura Paolucci), <strong>39Films<\/strong> (Alfredo Federico e Simona Banchi), <strong>Karta Film<\/strong> (Marco Bechis) con il sostegno di <strong>Rai Cinema<\/strong>.<br>Per il Brasile sono coinvolte <strong>34 Filmes<\/strong> con <strong>Patrick de Jongh, Cibele Amaral e Andr\u00e9 Ristum<\/strong>.<\/p>\n\n\n\n<p>La lavorazione proseguir\u00e0 nei prossimi mesi e la post-produzione sar\u00e0 completata entro il <strong>primo trimestre del 2026<\/strong>, anno che segna anche il <strong>cinquantesimo anniversario dell\u2019inizio della dittatura militare argentina<\/strong>, un contesto storico che il film affronta in modo diretto e profondamente umano.<\/p>\n\n\n\n<p>Iscriviti alla<strong>\u00a0<a href=\"https:\/\/www.castingnewsletter.eu\/CastingNewsPro\/\" target=\"_blank\" rel=\"noreferrer noopener\">newsletter giornaliera<\/a><\/strong>\u00a0di Casting News Professional per ricevere le ultime notizie sui casting aperti, provini e audizioni.<\/p>\n\n<div style=\"font-size: 0px; height: 0px; line-height: 0px; margin: 0; padding: 0; clear: both;\"><\/div>","protected":false},"excerpt":{"rendered":"<p>Sono ufficialmente partite le riprese di \u00abRitorno a Buenos Aires\u00bb, il nuovo progetto cinematografico firmato da Marco Bechis, regista che negli anni ha raccontato con sguardo rigoroso e personale alcune delle pagine pi\u00f9 complesse della storia latinoamericana. Il film segna il ritorno dietro la macchina da presa dell\u2019autore di Garage Olimpo, Hijos\/Figli e Alambrado. Al [&hellip;]<\/p>\n","protected":false},"author":1,"featured_media":11397,"comment_status":"open","ping_status":"open","sticky":false,"template":"","format":"standard","meta":{"tdm_status":"","tdm_grid_status":"","footnotes":""},"categories":[1533,71,21,30],"tags":[9346,9344,5459,272,273,305,9342,9343,2835,7641,9345,9341,6942,9347,1136,7796,9340,9348,1362],"class_list":{"0":"post-11395","1":"post","2":"type-post","3":"status-publish","4":"format-standard","5":"has-post-thumbnail","7":"category-featured","8":"category-italia-paese","9":"category-in-primo-piano","10":"category-progetti-cinematografici","11":"tag-34-filmes","12":"tag-39films","13":"tag-adriano-giannini","14":"tag-casting-magazine","15":"tag-casting-news","16":"tag-cinema-dautore","17":"tag-coproduzione-italia-brasile","18":"tag-dittatura-argentina","19":"tag-fandango","20":"tag-film-2026","21":"tag-karta-film","22":"tag-marco-bechis","23":"tag-memoria-storica","24":"tag-porto-alegre","25":"tag-rai-cinema","26":"tag-riprese-film","27":"tag-ritorno-a-buenos-aires","28":"tag-testimonianza-processi-militari","29":"tag-torino"},"yoast_head":"<!-- This site is optimized with the Yoast SEO plugin v27.4 - https:\/\/yoast.com\/product\/yoast-seo-wordpress\/ -->\r\n<title>Al via le riprese di \u00abRitorno a Buenos Aires\u00bb, il nuovo progetto internazionale di Marco Bechis - Casting News Magazine<\/title>\r\n<meta name=\"description\" content=\"Marco Bechis avvia le riprese di \u00abRitorno a Buenos Aires\u00bb, film sul ritorno di un uomo in Argentina per affrontare le ferite della dittatura.\" \/>\r\n<meta name=\"robots\" content=\"index, follow, max-snippet:-1, max-image-preview:large, max-video-preview:-1\" \/>\r\n<link rel=\"canonical\" href=\"https:\/\/www.castingnews.eu\/magazine\/2025\/12\/11\/al-via-le-riprese-di-ritorno-a-buenos-aires-il-nuovo-progetto-internazionale-di-marco-bechis\/\" \/>\r\n<meta property=\"og:locale\" content=\"it_IT\" \/>\r\n<meta property=\"og:type\" content=\"article\" \/>\r\n<meta property=\"og:title\" content=\"Al via le riprese di \u00abRitorno a Buenos Aires\u00bb, il nuovo progetto internazionale di Marco Bechis - Casting News Magazine\" \/>\r\n<meta property=\"og:description\" content=\"Marco Bechis avvia le riprese di \u00abRitorno a Buenos Aires\u00bb, film sul ritorno di un uomo in Argentina per affrontare le ferite della dittatura.\" \/>\r\n<meta property=\"og:url\" content=\"https:\/\/www.castingnews.eu\/magazine\/2025\/12\/11\/al-via-le-riprese-di-ritorno-a-buenos-aires-il-nuovo-progetto-internazionale-di-marco-bechis\/\" \/>\r\n<meta property=\"og:site_name\" content=\"Casting News Magazine\" \/>\r\n<meta property=\"article:published_time\" content=\"2025-12-11T19:15:07+00:00\" \/>\r\n<meta property=\"article:modified_time\" content=\"2025-12-11T19:15:11+00:00\" \/>\r\n<meta property=\"og:image\" content=\"https:\/\/www.castingnews.eu\/magazine\/wp-content\/uploads\/2025\/12\/Adriano-Giannini-Ritorno-a-Buenos-Aires.jpg\" \/>\r\n\t<meta property=\"og:image:width\" content=\"1200\" \/>\r\n\t<meta property=\"og:image:height\" content=\"675\" \/>\r\n\t<meta property=\"og:image:type\" content=\"image\/jpeg\" \/>\r\n<meta name=\"author\" content=\"Redazione\" \/>\r\n<meta name=\"twitter:card\" content=\"summary_large_image\" \/>\r\n<meta name=\"twitter:label1\" content=\"Scritto da\" \/>\n\t<meta name=\"twitter:data1\" content=\"Redazione\" \/>\n\t<meta name=\"twitter:label2\" content=\"Tempo di lettura stimato\" \/>\n\t<meta name=\"twitter:data2\" content=\"2 minuti\" \/>\r\n<script type=\"application\/ld+json\" class=\"yoast-schema-graph\">{\"@context\":\"https:\\\/\\\/schema.org\",\"@graph\":[{\"@type\":\"Article\",\"@id\":\"https:\\\/\\\/www.castingnews.eu\\\/magazine\\\/2025\\\/12\\\/11\\\/al-via-le-riprese-di-ritorno-a-buenos-aires-il-nuovo-progetto-internazionale-di-marco-bechis\\\/#article\",\"isPartOf\":{\"@id\":\"https:\\\/\\\/www.castingnews.eu\\\/magazine\\\/2025\\\/12\\\/11\\\/al-via-le-riprese-di-ritorno-a-buenos-aires-il-nuovo-progetto-internazionale-di-marco-bechis\\\/\"},\"author\":{\"name\":\"Redazione\",\"@id\":\"https:\\\/\\\/www.castingnews.eu\\\/magazine\\\/#\\\/schema\\\/person\\\/099d71c568c9a7e5e4037b1594108f17\"},\"headline\":\"Al via le riprese di \u00abRitorno a Buenos Aires\u00bb, il nuovo progetto internazionale di Marco Bechis\",\"datePublished\":\"2025-12-11T19:15:07+00:00\",\"dateModified\":\"2025-12-11T19:15:11+00:00\",\"mainEntityOfPage\":{\"@id\":\"https:\\\/\\\/www.castingnews.eu\\\/magazine\\\/2025\\\/12\\\/11\\\/al-via-le-riprese-di-ritorno-a-buenos-aires-il-nuovo-progetto-internazionale-di-marco-bechis\\\/\"},\"wordCount\":325,\"commentCount\":0,\"image\":{\"@id\":\"https:\\\/\\\/www.castingnews.eu\\\/magazine\\\/2025\\\/12\\\/11\\\/al-via-le-riprese-di-ritorno-a-buenos-aires-il-nuovo-progetto-internazionale-di-marco-bechis\\\/#primaryimage\"},\"thumbnailUrl\":\"https:\\\/\\\/www.castingnews.eu\\\/magazine\\\/wp-content\\\/uploads\\\/2025\\\/12\\\/Adriano-Giannini-Ritorno-a-Buenos-Aires.jpg\",\"keywords\":[\"34 Filmes\",\"39Films\",\"Adriano Giannini\",\"Casting Magazine\",\"Casting News\",\"Cinema d\u2019autore\",\"coproduzione Italia Brasile\",\"dittatura argentina\",\"Fandango\",\"film 2026\",\"Karta Film\",\"Marco Bechis\",\"memoria storica\",\"Porto Alegre\",\"Rai Cinema\",\"riprese film\",\"Ritorno a Buenos Aires\",\"testimonianza processi militari\",\"Torino\"],\"articleSection\":[\"In primo piano\",\"Italia\",\"Primo piano\",\"Progetti cinematografici\"],\"inLanguage\":\"it-IT\",\"potentialAction\":[{\"@type\":\"CommentAction\",\"name\":\"Comment\",\"target\":[\"https:\\\/\\\/www.castingnews.eu\\\/magazine\\\/2025\\\/12\\\/11\\\/al-via-le-riprese-di-ritorno-a-buenos-aires-il-nuovo-progetto-internazionale-di-marco-bechis\\\/#respond\"]}]},{\"@type\":\"WebPage\",\"@id\":\"https:\\\/\\\/www.castingnews.eu\\\/magazine\\\/2025\\\/12\\\/11\\\/al-via-le-riprese-di-ritorno-a-buenos-aires-il-nuovo-progetto-internazionale-di-marco-bechis\\\/\",\"url\":\"https:\\\/\\\/www.castingnews.eu\\\/magazine\\\/2025\\\/12\\\/11\\\/al-via-le-riprese-di-ritorno-a-buenos-aires-il-nuovo-progetto-internazionale-di-marco-bechis\\\/\",\"name\":\"Al via le riprese di \u00abRitorno a Buenos Aires\u00bb, il nuovo progetto internazionale di Marco Bechis - Casting News Magazine\",\"isPartOf\":{\"@id\":\"https:\\\/\\\/www.castingnews.eu\\\/magazine\\\/#website\"},\"primaryImageOfPage\":{\"@id\":\"https:\\\/\\\/www.castingnews.eu\\\/magazine\\\/2025\\\/12\\\/11\\\/al-via-le-riprese-di-ritorno-a-buenos-aires-il-nuovo-progetto-internazionale-di-marco-bechis\\\/#primaryimage\"},\"image\":{\"@id\":\"https:\\\/\\\/www.castingnews.eu\\\/magazine\\\/2025\\\/12\\\/11\\\/al-via-le-riprese-di-ritorno-a-buenos-aires-il-nuovo-progetto-internazionale-di-marco-bechis\\\/#primaryimage\"},\"thumbnailUrl\":\"https:\\\/\\\/www.castingnews.eu\\\/magazine\\\/wp-content\\\/uploads\\\/2025\\\/12\\\/Adriano-Giannini-Ritorno-a-Buenos-Aires.jpg\",\"datePublished\":\"2025-12-11T19:15:07+00:00\",\"dateModified\":\"2025-12-11T19:15:11+00:00\",\"author\":{\"@id\":\"https:\\\/\\\/www.castingnews.eu\\\/magazine\\\/#\\\/schema\\\/person\\\/099d71c568c9a7e5e4037b1594108f17\"},\"description\":\"Marco Bechis avvia le riprese di \u00abRitorno a Buenos Aires\u00bb, film sul ritorno di un uomo in Argentina per affrontare le ferite della dittatura.\",\"breadcrumb\":{\"@id\":\"https:\\\/\\\/www.castingnews.eu\\\/magazine\\\/2025\\\/12\\\/11\\\/al-via-le-riprese-di-ritorno-a-buenos-aires-il-nuovo-progetto-internazionale-di-marco-bechis\\\/#breadcrumb\"},\"inLanguage\":\"it-IT\",\"potentialAction\":[{\"@type\":\"ReadAction\",\"target\":[\"https:\\\/\\\/www.castingnews.eu\\\/magazine\\\/2025\\\/12\\\/11\\\/al-via-le-riprese-di-ritorno-a-buenos-aires-il-nuovo-progetto-internazionale-di-marco-bechis\\\/\"]}]},{\"@type\":\"ImageObject\",\"inLanguage\":\"it-IT\",\"@id\":\"https:\\\/\\\/www.castingnews.eu\\\/magazine\\\/2025\\\/12\\\/11\\\/al-via-le-riprese-di-ritorno-a-buenos-aires-il-nuovo-progetto-internazionale-di-marco-bechis\\\/#primaryimage\",\"url\":\"https:\\\/\\\/www.castingnews.eu\\\/magazine\\\/wp-content\\\/uploads\\\/2025\\\/12\\\/Adriano-Giannini-Ritorno-a-Buenos-Aires.jpg\",\"contentUrl\":\"https:\\\/\\\/www.castingnews.eu\\\/magazine\\\/wp-content\\\/uploads\\\/2025\\\/12\\\/Adriano-Giannini-Ritorno-a-Buenos-Aires.jpg\",\"width\":1200,\"height\":675,\"caption\":\"Adriano Giannini\"},{\"@type\":\"BreadcrumbList\",\"@id\":\"https:\\\/\\\/www.castingnews.eu\\\/magazine\\\/2025\\\/12\\\/11\\\/al-via-le-riprese-di-ritorno-a-buenos-aires-il-nuovo-progetto-internazionale-di-marco-bechis\\\/#breadcrumb\",\"itemListElement\":[{\"@type\":\"ListItem\",\"position\":1,\"name\":\"Home\",\"item\":\"https:\\\/\\\/www.castingnews.eu\\\/magazine\\\/\"},{\"@type\":\"ListItem\",\"position\":2,\"name\":\"Al via le riprese di \u00abRitorno a Buenos Aires\u00bb, il nuovo progetto internazionale di Marco Bechis\"}]},{\"@type\":\"WebSite\",\"@id\":\"https:\\\/\\\/www.castingnews.eu\\\/magazine\\\/#website\",\"url\":\"https:\\\/\\\/www.castingnews.eu\\\/magazine\\\/\",\"name\":\"Casting News Magazine\",\"description\":\"News e aggiornamenti sui film, serie tv, teatro e festival italiani ed internazionali\",\"potentialAction\":[{\"@type\":\"SearchAction\",\"target\":{\"@type\":\"EntryPoint\",\"urlTemplate\":\"https:\\\/\\\/www.castingnews.eu\\\/magazine\\\/?s={search_term_string}\"},\"query-input\":{\"@type\":\"PropertyValueSpecification\",\"valueRequired\":true,\"valueName\":\"search_term_string\"}}],\"inLanguage\":\"it-IT\"},{\"@type\":\"Person\",\"@id\":\"https:\\\/\\\/www.castingnews.eu\\\/magazine\\\/#\\\/schema\\\/person\\\/099d71c568c9a7e5e4037b1594108f17\",\"name\":\"Redazione\",\"image\":{\"@type\":\"ImageObject\",\"inLanguage\":\"it-IT\",\"@id\":\"https:\\\/\\\/secure.gravatar.com\\\/avatar\\\/b73a087aa3bd279fb70d24f1960a91c82cf67619395b60b564c90e9e5d5325fc?s=96&d=mm&r=g\",\"url\":\"https:\\\/\\\/secure.gravatar.com\\\/avatar\\\/b73a087aa3bd279fb70d24f1960a91c82cf67619395b60b564c90e9e5d5325fc?s=96&d=mm&r=g\",\"contentUrl\":\"https:\\\/\\\/secure.gravatar.com\\\/avatar\\\/b73a087aa3bd279fb70d24f1960a91c82cf67619395b60b564c90e9e5d5325fc?s=96&d=mm&r=g\",\"caption\":\"Redazione\"},\"description\":\"News e aggiornamenti sui film, serie tv, teatro e festival italiani ed internazionali.\",\"url\":\"https:\\\/\\\/www.castingnews.eu\\\/magazine\\\/author\\\/redazione\\\/\"}]}<\/script>\r\n<!-- \/ Yoast SEO plugin. -->","yoast_head_json":{"title":"Al via le riprese di \u00abRitorno a Buenos Aires\u00bb, il nuovo progetto internazionale di Marco Bechis - Casting News Magazine","description":"Marco Bechis avvia le riprese di \u00abRitorno a Buenos Aires\u00bb, film sul ritorno di un uomo in Argentina per affrontare le ferite della dittatura.","robots":{"index":"index","follow":"follow","max-snippet":"max-snippet:-1","max-image-preview":"max-image-preview:large","max-video-preview":"max-video-preview:-1"},"canonical":"https:\/\/www.castingnews.eu\/magazine\/2025\/12\/11\/al-via-le-riprese-di-ritorno-a-buenos-aires-il-nuovo-progetto-internazionale-di-marco-bechis\/","og_locale":"it_IT","og_type":"article","og_title":"Al via le riprese di \u00abRitorno a Buenos Aires\u00bb, il nuovo progetto internazionale di Marco Bechis - Casting News Magazine","og_description":"Marco Bechis avvia le riprese di \u00abRitorno a Buenos Aires\u00bb, film sul ritorno di un uomo in Argentina per affrontare le ferite della dittatura.","og_url":"https:\/\/www.castingnews.eu\/magazine\/2025\/12\/11\/al-via-le-riprese-di-ritorno-a-buenos-aires-il-nuovo-progetto-internazionale-di-marco-bechis\/","og_site_name":"Casting News Magazine","article_published_time":"2025-12-11T19:15:07+00:00","article_modified_time":"2025-12-11T19:15:11+00:00","og_image":[{"width":1200,"height":675,"url":"https:\/\/www.castingnews.eu\/magazine\/wp-content\/uploads\/2025\/12\/Adriano-Giannini-Ritorno-a-Buenos-Aires.jpg","type":"image\/jpeg"}],"author":"Redazione","twitter_card":"summary_large_image","twitter_misc":{"Scritto da":"Redazione","Tempo di lettura stimato":"2 minuti"},"schema":{"@context":"https:\/\/schema.org","@graph":[{"@type":"Article","@id":"https:\/\/www.castingnews.eu\/magazine\/2025\/12\/11\/al-via-le-riprese-di-ritorno-a-buenos-aires-il-nuovo-progetto-internazionale-di-marco-bechis\/#article","isPartOf":{"@id":"https:\/\/www.castingnews.eu\/magazine\/2025\/12\/11\/al-via-le-riprese-di-ritorno-a-buenos-aires-il-nuovo-progetto-internazionale-di-marco-bechis\/"},"author":{"name":"Redazione","@id":"https:\/\/www.castingnews.eu\/magazine\/#\/schema\/person\/099d71c568c9a7e5e4037b1594108f17"},"headline":"Al via le riprese di \u00abRitorno a Buenos Aires\u00bb, il nuovo progetto internazionale di Marco Bechis","datePublished":"2025-12-11T19:15:07+00:00","dateModified":"2025-12-11T19:15:11+00:00","mainEntityOfPage":{"@id":"https:\/\/www.castingnews.eu\/magazine\/2025\/12\/11\/al-via-le-riprese-di-ritorno-a-buenos-aires-il-nuovo-progetto-internazionale-di-marco-bechis\/"},"wordCount":325,"commentCount":0,"image":{"@id":"https:\/\/www.castingnews.eu\/magazine\/2025\/12\/11\/al-via-le-riprese-di-ritorno-a-buenos-aires-il-nuovo-progetto-internazionale-di-marco-bechis\/#primaryimage"},"thumbnailUrl":"https:\/\/www.castingnews.eu\/magazine\/wp-content\/uploads\/2025\/12\/Adriano-Giannini-Ritorno-a-Buenos-Aires.jpg","keywords":["34 Filmes","39Films","Adriano Giannini","Casting Magazine","Casting News","Cinema d\u2019autore","coproduzione Italia Brasile","dittatura argentina","Fandango","film 2026","Karta Film","Marco Bechis","memoria storica","Porto Alegre","Rai Cinema","riprese film","Ritorno a Buenos Aires","testimonianza processi militari","Torino"],"articleSection":["In primo piano","Italia","Primo piano","Progetti cinematografici"],"inLanguage":"it-IT","potentialAction":[{"@type":"CommentAction","name":"Comment","target":["https:\/\/www.castingnews.eu\/magazine\/2025\/12\/11\/al-via-le-riprese-di-ritorno-a-buenos-aires-il-nuovo-progetto-internazionale-di-marco-bechis\/#respond"]}]},{"@type":"WebPage","@id":"https:\/\/www.castingnews.eu\/magazine\/2025\/12\/11\/al-via-le-riprese-di-ritorno-a-buenos-aires-il-nuovo-progetto-internazionale-di-marco-bechis\/","url":"https:\/\/www.castingnews.eu\/magazine\/2025\/12\/11\/al-via-le-riprese-di-ritorno-a-buenos-aires-il-nuovo-progetto-internazionale-di-marco-bechis\/","name":"Al via le riprese di \u00abRitorno a Buenos Aires\u00bb, il nuovo progetto internazionale di Marco Bechis - Casting News Magazine","isPartOf":{"@id":"https:\/\/www.castingnews.eu\/magazine\/#website"},"primaryImageOfPage":{"@id":"https:\/\/www.castingnews.eu\/magazine\/2025\/12\/11\/al-via-le-riprese-di-ritorno-a-buenos-aires-il-nuovo-progetto-internazionale-di-marco-bechis\/#primaryimage"},"image":{"@id":"https:\/\/www.castingnews.eu\/magazine\/2025\/12\/11\/al-via-le-riprese-di-ritorno-a-buenos-aires-il-nuovo-progetto-internazionale-di-marco-bechis\/#primaryimage"},"thumbnailUrl":"https:\/\/www.castingnews.eu\/magazine\/wp-content\/uploads\/2025\/12\/Adriano-Giannini-Ritorno-a-Buenos-Aires.jpg","datePublished":"2025-12-11T19:15:07+00:00","dateModified":"2025-12-11T19:15:11+00:00","author":{"@id":"https:\/\/www.castingnews.eu\/magazine\/#\/schema\/person\/099d71c568c9a7e5e4037b1594108f17"},"description":"Marco Bechis avvia le riprese di \u00abRitorno a Buenos Aires\u00bb, film sul ritorno di un uomo in Argentina per affrontare le ferite della dittatura.","breadcrumb":{"@id":"https:\/\/www.castingnews.eu\/magazine\/2025\/12\/11\/al-via-le-riprese-di-ritorno-a-buenos-aires-il-nuovo-progetto-internazionale-di-marco-bechis\/#breadcrumb"},"inLanguage":"it-IT","potentialAction":[{"@type":"ReadAction","target":["https:\/\/www.castingnews.eu\/magazine\/2025\/12\/11\/al-via-le-riprese-di-ritorno-a-buenos-aires-il-nuovo-progetto-internazionale-di-marco-bechis\/"]}]},{"@type":"ImageObject","inLanguage":"it-IT","@id":"https:\/\/www.castingnews.eu\/magazine\/2025\/12\/11\/al-via-le-riprese-di-ritorno-a-buenos-aires-il-nuovo-progetto-internazionale-di-marco-bechis\/#primaryimage","url":"https:\/\/www.castingnews.eu\/magazine\/wp-content\/uploads\/2025\/12\/Adriano-Giannini-Ritorno-a-Buenos-Aires.jpg","contentUrl":"https:\/\/www.castingnews.eu\/magazine\/wp-content\/uploads\/2025\/12\/Adriano-Giannini-Ritorno-a-Buenos-Aires.jpg","width":1200,"height":675,"caption":"Adriano Giannini"},{"@type":"BreadcrumbList","@id":"https:\/\/www.castingnews.eu\/magazine\/2025\/12\/11\/al-via-le-riprese-di-ritorno-a-buenos-aires-il-nuovo-progetto-internazionale-di-marco-bechis\/#breadcrumb","itemListElement":[{"@type":"ListItem","position":1,"name":"Home","item":"https:\/\/www.castingnews.eu\/magazine\/"},{"@type":"ListItem","position":2,"name":"Al via le riprese di \u00abRitorno a Buenos Aires\u00bb, il nuovo progetto internazionale di Marco Bechis"}]},{"@type":"WebSite","@id":"https:\/\/www.castingnews.eu\/magazine\/#website","url":"https:\/\/www.castingnews.eu\/magazine\/","name":"Casting News Magazine","description":"News e aggiornamenti sui film, serie tv, teatro e festival italiani ed internazionali","potentialAction":[{"@type":"SearchAction","target":{"@type":"EntryPoint","urlTemplate":"https:\/\/www.castingnews.eu\/magazine\/?s={search_term_string}"},"query-input":{"@type":"PropertyValueSpecification","valueRequired":true,"valueName":"search_term_string"}}],"inLanguage":"it-IT"},{"@type":"Person","@id":"https:\/\/www.castingnews.eu\/magazine\/#\/schema\/person\/099d71c568c9a7e5e4037b1594108f17","name":"Redazione","image":{"@type":"ImageObject","inLanguage":"it-IT","@id":"https:\/\/secure.gravatar.com\/avatar\/b73a087aa3bd279fb70d24f1960a91c82cf67619395b60b564c90e9e5d5325fc?s=96&d=mm&r=g","url":"https:\/\/secure.gravatar.com\/avatar\/b73a087aa3bd279fb70d24f1960a91c82cf67619395b60b564c90e9e5d5325fc?s=96&d=mm&r=g","contentUrl":"https:\/\/secure.gravatar.com\/avatar\/b73a087aa3bd279fb70d24f1960a91c82cf67619395b60b564c90e9e5d5325fc?s=96&d=mm&r=g","caption":"Redazione"},"description":"News e aggiornamenti sui film, serie tv, teatro e festival italiani ed internazionali.","url":"https:\/\/www.castingnews.eu\/magazine\/author\/redazione\/"}]}},"_links":{"self":[{"href":"https:\/\/www.castingnews.eu\/magazine\/wp-json\/wp\/v2\/posts\/11395","targetHints":{"allow":["GET"]}}],"collection":[{"href":"https:\/\/www.castingnews.eu\/magazine\/wp-json\/wp\/v2\/posts"}],"about":[{"href":"https:\/\/www.castingnews.eu\/magazine\/wp-json\/wp\/v2\/types\/post"}],"author":[{"embeddable":true,"href":"https:\/\/www.castingnews.eu\/magazine\/wp-json\/wp\/v2\/users\/1"}],"replies":[{"embeddable":true,"href":"https:\/\/www.castingnews.eu\/magazine\/wp-json\/wp\/v2\/comments?post=11395"}],"version-history":[{"count":1,"href":"https:\/\/www.castingnews.eu\/magazine\/wp-json\/wp\/v2\/posts\/11395\/revisions"}],"predecessor-version":[{"id":11398,"href":"https:\/\/www.castingnews.eu\/magazine\/wp-json\/wp\/v2\/posts\/11395\/revisions\/11398"}],"wp:featuredmedia":[{"embeddable":true,"href":"https:\/\/www.castingnews.eu\/magazine\/wp-json\/wp\/v2\/media\/11397"}],"wp:attachment":[{"href":"https:\/\/www.castingnews.eu\/magazine\/wp-json\/wp\/v2\/media?parent=11395"}],"wp:term":[{"taxonomy":"category","embeddable":true,"href":"https:\/\/www.castingnews.eu\/magazine\/wp-json\/wp\/v2\/categories?post=11395"},{"taxonomy":"post_tag","embeddable":true,"href":"https:\/\/www.castingnews.eu\/magazine\/wp-json\/wp\/v2\/tags?post=11395"}],"curies":[{"name":"wp","href":"https:\/\/api.w.org\/{rel}","templated":true}]}}