{"id":11357,"date":"2025-12-06T16:51:44","date_gmt":"2025-12-06T15:51:44","guid":{"rendered":"https:\/\/www.castingnews.eu\/magazine\/?p=11357"},"modified":"2025-12-06T16:51:48","modified_gmt":"2025-12-06T15:51:48","slug":"al-via-le-selezioni-per-la-nuova-commedia-del-progetto-teatrale-ri-genera","status":"publish","type":"post","link":"https:\/\/www.castingnews.eu\/magazine\/2025\/12\/06\/al-via-le-selezioni-per-la-nuova-commedia-del-progetto-teatrale-ri-genera\/","title":{"rendered":"Al via le selezioni per la nuova commedia del progetto teatrale \u201cRi-genera\u201d"},"content":{"rendered":"\n<p>Il progetto teatrale \u201cRi-genera\u201d, nato con l\u2019obiettivo di coinvolgere ragazze e ragazzi in percorsi artistici e sociali basati sul Teatro di Comunit\u00e0, inaugura un nuovo laboratorio estivo dedicato alla messa in scena di una commedia firmata dal regista toscano Tommaso Gabellini. La chiamata \u00e8 rivolta a giovani dai 14 ai 20 anni, indipendentemente dal livello di esperienza scenica.<\/p><div class=\"6d3639e8c6ac292cde400fad8ff8a5b9\" data-index=\"1\" style=\"float: none; margin:10px 0 10px 0; text-align:center;\">\n<script async src=\"\/\/pagead2.googlesyndication.com\/pagead\/js\/adsbygoogle.js\"><\/script>\r\n<!-- Casting Bambini NEW -->\r\n<ins class=\"adsbygoogle\"\r\n     style=\"display:inline-block;width:336px;height:280px\"\r\n     data-ad-client=\"ca-pub-5538097485429833\"\r\n     data-ad-slot=\"5127154445\"><\/ins>\r\n<script>\r\n(adsbygoogle = window.adsbygoogle || []).push({});\r\n<\/script>\n<\/div>\n\n\n\n\n<p>Dopo il consenso ottenuto nella passata stagione con \u201cUn turco piemontese\u201d, l\u2019iniziativa torna con un lavoro inedito che unisce elementi della tradizione del \u201cvari\u00e9t\u00e9\u201d napoletano a una narrazione ambientata interamente in Piemonte. Lo spettacolo, della durata indicativa di un\u2019ora, comprender\u00e0 anche momenti itineranti en plein air nelle localit\u00e0 montane che accoglieranno il tour estivo, oltre a repliche previste nei teatri piemontesi e in altre regioni.<\/p>\n\n\n\n<p><strong>Un percorso formativo teatrale e creativo<br><\/strong>L\u2019esperienza proposta dal progetto non si limita alla recitazione. I partecipanti potranno contribuire alla realizzazione di diversi aspetti della produzione \u2013 dalla musica alla scenografia, dal costume design alla comunicazione \u2013 valorizzando attitudini personali e competenze che saranno guidate da professionisti del settore.\u201cRi-genera\u201d, fondato da Sofia Repetto, Karen Belfiore e Gabriele Novo, promuove una visione del teatro come spazio condiviso di crescita emotiva e artistica, un ambiente in cui i giovani possano confrontarsi, esprimersi e sperimentare in modo libero e consapevole.<\/p>\n\n\n\n<p><strong>Partecipazione gratuita e volontariato<br><\/strong>La partecipazione \u00e8 completamente gratuita: trattandosi di un progetto di volontariato non \u00e8 prevista alcuna quota di iscrizione. Lo scopo, sottolineano gli organizzatori, \u00e8 favorire la costituzione di un gruppo teatrale stabile, progressivamente autonomo nella gestione della propria attivit\u00e0 creativa sotto la direzione di Gabellini.<\/p>\n\n\n\n<p><strong>Come si svolge la selezione<br><\/strong>Per accedere ai casting \u00e8 richiesta una breve presentazione personale e l\u2019interpretazione di un testo scelto dal candidato \u2013 monologo, dialogo o brano poetico e narrativo. La commissione, composta dal regista e dai tre fondatori del progetto, selezioner\u00e0 un massimo di 15 partecipanti.Gli incontri in presenza si terranno il <strong>27 e il 28 dicembre 2025<\/strong>; chi non potr\u00e0 partecipare nelle date indicate potr\u00e0 prendere parte a una sessione a distanza attraverso un modulo dedicato. Entrambi i moduli di candidatura sono disponibili in fondo all\u2019articolo ufficiale.<\/p>\n\n\n\n<p>Le informazioni riguardanti le modalit\u00e0 di partecipazione verranno inviate via e-mail a tutti i candidati che compileranno i moduli di iscrizione.<br>I casting <strong>in presenza<\/strong> si terranno il <strong>27 e il 28 dicembre 2025<\/strong>; per partecipare \u00e8 necessario compilare il seguente <strong><a href=\"https:\/\/docs.google.com\/forms\/d\/e\/1FAIpQLSfMzy961u31M58-xtNx4lG_RB-TpJFpLMBc2DpNp859PsZTQ\/viewform?usp=header\" target=\"_blank\" rel=\"noreferrer noopener\">MODULO<\/a><\/strong>.<br>Qualora non fosse possibile prendere parte alle sessioni nelle date indicate, sar\u00e0 organizzata una successiva selezione <strong>a distanza<\/strong>. Per accedervi \u00e8 disponibile il seguente <strong><a href=\"https:\/\/docs.google.com\/forms\/d\/e\/1FAIpQLSdKYwhruhO4UN4zFgDggbCqxSY7zMks3wSKzu4mihd2HsKuw\/viewform?usp=header\" target=\"_blank\" rel=\"noreferrer noopener\">MODULO <\/a><\/strong>dedicato.<br>Scarica il <a href=\"https:\/\/www.castingnews.eu\/magazine\/wp-content\/uploads\/2025\/12\/Bando_per_attori_amatoriali_2026.pdf\" target=\"_blank\" rel=\"noreferrer noopener\">bando ufficiale<\/a>.<\/p>\n\n\n\n<p>Iscriviti alla<strong>\u00a0<a href=\"https:\/\/www.castingnewsletter.eu\/CastingNewsPro\/\" target=\"_blank\" rel=\"noreferrer noopener\">newsletter giornaliera<\/a><\/strong>\u00a0di Casting News Professional per ricevere le ultime notizie sui casting aperti, provini e audizioni.<\/p>\n\n<div style=\"font-size: 0px; height: 0px; line-height: 0px; margin: 0; padding: 0; clear: both;\"><\/div>","protected":false},"excerpt":{"rendered":"<p>Il progetto teatrale \u201cRi-genera\u201d, nato con l\u2019obiettivo di coinvolgere ragazze e ragazzi in percorsi artistici e sociali basati sul Teatro di Comunit\u00e0, inaugura un nuovo laboratorio estivo dedicato alla messa in scena di una commedia firmata dal regista toscano Tommaso Gabellini. La chiamata \u00e8 rivolta a giovani dai 14 ai 20 anni, indipendentemente dal livello [&hellip;]<\/p>\n","protected":false},"author":1,"featured_media":11359,"comment_status":"open","ping_status":"open","sticky":false,"template":"","format":"standard","meta":{"tdm_status":"","tdm_grid_status":"","footnotes":""},"categories":[1533,71,3963,21,8997,3194],"tags":[9277,272,273,9279,6302,9274,1867,9276,9275,9278,9273,9272,9280,9281],"class_list":{"0":"post-11357","1":"post","2":"type-post","3":"status-publish","4":"format-standard","5":"has-post-thumbnail","7":"category-featured","8":"category-italia-paese","9":"category-piemonte","10":"category-in-primo-piano","11":"category-progetti-teatrali","12":"category-teatro","13":"tag-bando-giovani","14":"tag-casting-magazine","15":"tag-casting-news","16":"tag-casting-teatrali","17":"tag-giovani-attori","18":"tag-partecipazione-gratuita","19":"tag-piemonte","20":"tag-ri-genera","21":"tag-spettacolo-itinerante","22":"tag-teatro-di-comunita","23":"tag-teatro-sociale","24":"tag-tommaso-gabellini","25":"tag-variete","26":"tag-volontariato"},"yoast_head":"<!-- This site is optimized with the Yoast SEO plugin v27.4 - https:\/\/yoast.com\/product\/yoast-seo-wordpress\/ -->\r\n<title>Al via le selezioni per la nuova commedia del progetto teatrale \u201cRi-genera\u201d - Casting News Magazine<\/title>\r\n<meta name=\"description\" content=\"Selezioni per la nuova commedia del progetto \u201cRi-genera\u201d diretta da Tommaso Gabellini e dedicata a giovani dai 14 ai 20 anni.\" \/>\r\n<meta name=\"robots\" content=\"index, follow, max-snippet:-1, max-image-preview:large, max-video-preview:-1\" \/>\r\n<link rel=\"canonical\" href=\"https:\/\/www.castingnews.eu\/magazine\/2025\/12\/06\/al-via-le-selezioni-per-la-nuova-commedia-del-progetto-teatrale-ri-genera\/\" \/>\r\n<meta property=\"og:locale\" content=\"it_IT\" \/>\r\n<meta property=\"og:type\" content=\"article\" \/>\r\n<meta property=\"og:title\" content=\"Al via le selezioni per la nuova commedia del progetto teatrale \u201cRi-genera\u201d - Casting News Magazine\" \/>\r\n<meta property=\"og:description\" content=\"Selezioni per la nuova commedia del progetto \u201cRi-genera\u201d diretta da Tommaso Gabellini e dedicata a giovani dai 14 ai 20 anni.\" \/>\r\n<meta property=\"og:url\" content=\"https:\/\/www.castingnews.eu\/magazine\/2025\/12\/06\/al-via-le-selezioni-per-la-nuova-commedia-del-progetto-teatrale-ri-genera\/\" \/>\r\n<meta property=\"og:site_name\" content=\"Casting News Magazine\" \/>\r\n<meta property=\"article:published_time\" content=\"2025-12-06T15:51:44+00:00\" \/>\r\n<meta property=\"article:modified_time\" content=\"2025-12-06T15:51:48+00:00\" \/>\r\n<meta property=\"og:image\" content=\"https:\/\/www.castingnews.eu\/magazine\/wp-content\/uploads\/2025\/12\/teatro-ragazzi-ragazze-casting-news.jpg\" \/>\r\n\t<meta property=\"og:image:width\" content=\"1200\" \/>\r\n\t<meta property=\"og:image:height\" content=\"670\" \/>\r\n\t<meta property=\"og:image:type\" content=\"image\/jpeg\" \/>\r\n<meta name=\"author\" content=\"Redazione\" \/>\r\n<meta name=\"twitter:card\" content=\"summary_large_image\" \/>\r\n<meta name=\"twitter:label1\" content=\"Scritto da\" \/>\n\t<meta name=\"twitter:data1\" content=\"Redazione\" \/>\n\t<meta name=\"twitter:label2\" content=\"Tempo di lettura stimato\" \/>\n\t<meta name=\"twitter:data2\" content=\"3 minuti\" \/>\r\n<script type=\"application\/ld+json\" class=\"yoast-schema-graph\">{\"@context\":\"https:\\\/\\\/schema.org\",\"@graph\":[{\"@type\":\"Article\",\"@id\":\"https:\\\/\\\/www.castingnews.eu\\\/magazine\\\/2025\\\/12\\\/06\\\/al-via-le-selezioni-per-la-nuova-commedia-del-progetto-teatrale-ri-genera\\\/#article\",\"isPartOf\":{\"@id\":\"https:\\\/\\\/www.castingnews.eu\\\/magazine\\\/2025\\\/12\\\/06\\\/al-via-le-selezioni-per-la-nuova-commedia-del-progetto-teatrale-ri-genera\\\/\"},\"author\":{\"name\":\"Redazione\",\"@id\":\"https:\\\/\\\/www.castingnews.eu\\\/magazine\\\/#\\\/schema\\\/person\\\/099d71c568c9a7e5e4037b1594108f17\"},\"headline\":\"Al via le selezioni per la nuova commedia del progetto teatrale \u201cRi-genera\u201d\",\"datePublished\":\"2025-12-06T15:51:44+00:00\",\"dateModified\":\"2025-12-06T15:51:48+00:00\",\"mainEntityOfPage\":{\"@id\":\"https:\\\/\\\/www.castingnews.eu\\\/magazine\\\/2025\\\/12\\\/06\\\/al-via-le-selezioni-per-la-nuova-commedia-del-progetto-teatrale-ri-genera\\\/\"},\"wordCount\":442,\"commentCount\":0,\"image\":{\"@id\":\"https:\\\/\\\/www.castingnews.eu\\\/magazine\\\/2025\\\/12\\\/06\\\/al-via-le-selezioni-per-la-nuova-commedia-del-progetto-teatrale-ri-genera\\\/#primaryimage\"},\"thumbnailUrl\":\"https:\\\/\\\/www.castingnews.eu\\\/magazine\\\/wp-content\\\/uploads\\\/2025\\\/12\\\/teatro-ragazzi-ragazze-casting-news.jpg\",\"keywords\":[\"bando giovani\",\"Casting Magazine\",\"Casting News\",\"casting teatrali\",\"giovani attori\",\"partecipazione gratuita\",\"Piemonte\",\"Ri-genera\",\"spettacolo itinerante\",\"teatro di comunit\u00e0\",\"teatro sociale\",\"Tommaso Gabellini\",\"variet\u00e9\",\"volontariato\"],\"articleSection\":[\"In primo piano\",\"Italia\",\"Piemonte\",\"Primo piano\",\"Progetti teatrali\",\"Teatro\"],\"inLanguage\":\"it-IT\",\"potentialAction\":[{\"@type\":\"CommentAction\",\"name\":\"Comment\",\"target\":[\"https:\\\/\\\/www.castingnews.eu\\\/magazine\\\/2025\\\/12\\\/06\\\/al-via-le-selezioni-per-la-nuova-commedia-del-progetto-teatrale-ri-genera\\\/#respond\"]}]},{\"@type\":\"WebPage\",\"@id\":\"https:\\\/\\\/www.castingnews.eu\\\/magazine\\\/2025\\\/12\\\/06\\\/al-via-le-selezioni-per-la-nuova-commedia-del-progetto-teatrale-ri-genera\\\/\",\"url\":\"https:\\\/\\\/www.castingnews.eu\\\/magazine\\\/2025\\\/12\\\/06\\\/al-via-le-selezioni-per-la-nuova-commedia-del-progetto-teatrale-ri-genera\\\/\",\"name\":\"Al via le selezioni per la nuova commedia del progetto teatrale \u201cRi-genera\u201d - Casting News Magazine\",\"isPartOf\":{\"@id\":\"https:\\\/\\\/www.castingnews.eu\\\/magazine\\\/#website\"},\"primaryImageOfPage\":{\"@id\":\"https:\\\/\\\/www.castingnews.eu\\\/magazine\\\/2025\\\/12\\\/06\\\/al-via-le-selezioni-per-la-nuova-commedia-del-progetto-teatrale-ri-genera\\\/#primaryimage\"},\"image\":{\"@id\":\"https:\\\/\\\/www.castingnews.eu\\\/magazine\\\/2025\\\/12\\\/06\\\/al-via-le-selezioni-per-la-nuova-commedia-del-progetto-teatrale-ri-genera\\\/#primaryimage\"},\"thumbnailUrl\":\"https:\\\/\\\/www.castingnews.eu\\\/magazine\\\/wp-content\\\/uploads\\\/2025\\\/12\\\/teatro-ragazzi-ragazze-casting-news.jpg\",\"datePublished\":\"2025-12-06T15:51:44+00:00\",\"dateModified\":\"2025-12-06T15:51:48+00:00\",\"author\":{\"@id\":\"https:\\\/\\\/www.castingnews.eu\\\/magazine\\\/#\\\/schema\\\/person\\\/099d71c568c9a7e5e4037b1594108f17\"},\"description\":\"Selezioni per la nuova commedia del progetto \u201cRi-genera\u201d diretta da Tommaso Gabellini e dedicata a giovani dai 14 ai 20 anni.\",\"breadcrumb\":{\"@id\":\"https:\\\/\\\/www.castingnews.eu\\\/magazine\\\/2025\\\/12\\\/06\\\/al-via-le-selezioni-per-la-nuova-commedia-del-progetto-teatrale-ri-genera\\\/#breadcrumb\"},\"inLanguage\":\"it-IT\",\"potentialAction\":[{\"@type\":\"ReadAction\",\"target\":[\"https:\\\/\\\/www.castingnews.eu\\\/magazine\\\/2025\\\/12\\\/06\\\/al-via-le-selezioni-per-la-nuova-commedia-del-progetto-teatrale-ri-genera\\\/\"]}]},{\"@type\":\"ImageObject\",\"inLanguage\":\"it-IT\",\"@id\":\"https:\\\/\\\/www.castingnews.eu\\\/magazine\\\/2025\\\/12\\\/06\\\/al-via-le-selezioni-per-la-nuova-commedia-del-progetto-teatrale-ri-genera\\\/#primaryimage\",\"url\":\"https:\\\/\\\/www.castingnews.eu\\\/magazine\\\/wp-content\\\/uploads\\\/2025\\\/12\\\/teatro-ragazzi-ragazze-casting-news.jpg\",\"contentUrl\":\"https:\\\/\\\/www.castingnews.eu\\\/magazine\\\/wp-content\\\/uploads\\\/2025\\\/12\\\/teatro-ragazzi-ragazze-casting-news.jpg\",\"width\":1200,\"height\":670,\"caption\":\"Casting giovani per nuova commedia \u201cRi-genera\u201d\"},{\"@type\":\"BreadcrumbList\",\"@id\":\"https:\\\/\\\/www.castingnews.eu\\\/magazine\\\/2025\\\/12\\\/06\\\/al-via-le-selezioni-per-la-nuova-commedia-del-progetto-teatrale-ri-genera\\\/#breadcrumb\",\"itemListElement\":[{\"@type\":\"ListItem\",\"position\":1,\"name\":\"Home\",\"item\":\"https:\\\/\\\/www.castingnews.eu\\\/magazine\\\/\"},{\"@type\":\"ListItem\",\"position\":2,\"name\":\"Al via le selezioni per la nuova commedia del progetto teatrale \u201cRi-genera\u201d\"}]},{\"@type\":\"WebSite\",\"@id\":\"https:\\\/\\\/www.castingnews.eu\\\/magazine\\\/#website\",\"url\":\"https:\\\/\\\/www.castingnews.eu\\\/magazine\\\/\",\"name\":\"Casting News Magazine\",\"description\":\"News e aggiornamenti sui film, serie tv, teatro e festival italiani ed internazionali\",\"potentialAction\":[{\"@type\":\"SearchAction\",\"target\":{\"@type\":\"EntryPoint\",\"urlTemplate\":\"https:\\\/\\\/www.castingnews.eu\\\/magazine\\\/?s={search_term_string}\"},\"query-input\":{\"@type\":\"PropertyValueSpecification\",\"valueRequired\":true,\"valueName\":\"search_term_string\"}}],\"inLanguage\":\"it-IT\"},{\"@type\":\"Person\",\"@id\":\"https:\\\/\\\/www.castingnews.eu\\\/magazine\\\/#\\\/schema\\\/person\\\/099d71c568c9a7e5e4037b1594108f17\",\"name\":\"Redazione\",\"image\":{\"@type\":\"ImageObject\",\"inLanguage\":\"it-IT\",\"@id\":\"https:\\\/\\\/secure.gravatar.com\\\/avatar\\\/b73a087aa3bd279fb70d24f1960a91c82cf67619395b60b564c90e9e5d5325fc?s=96&d=mm&r=g\",\"url\":\"https:\\\/\\\/secure.gravatar.com\\\/avatar\\\/b73a087aa3bd279fb70d24f1960a91c82cf67619395b60b564c90e9e5d5325fc?s=96&d=mm&r=g\",\"contentUrl\":\"https:\\\/\\\/secure.gravatar.com\\\/avatar\\\/b73a087aa3bd279fb70d24f1960a91c82cf67619395b60b564c90e9e5d5325fc?s=96&d=mm&r=g\",\"caption\":\"Redazione\"},\"description\":\"News e aggiornamenti sui film, serie tv, teatro e festival italiani ed internazionali.\",\"url\":\"https:\\\/\\\/www.castingnews.eu\\\/magazine\\\/author\\\/redazione\\\/\"}]}<\/script>\r\n<!-- \/ Yoast SEO plugin. -->","yoast_head_json":{"title":"Al via le selezioni per la nuova commedia del progetto teatrale \u201cRi-genera\u201d - Casting News Magazine","description":"Selezioni per la nuova commedia del progetto \u201cRi-genera\u201d diretta da Tommaso Gabellini e dedicata a giovani dai 14 ai 20 anni.","robots":{"index":"index","follow":"follow","max-snippet":"max-snippet:-1","max-image-preview":"max-image-preview:large","max-video-preview":"max-video-preview:-1"},"canonical":"https:\/\/www.castingnews.eu\/magazine\/2025\/12\/06\/al-via-le-selezioni-per-la-nuova-commedia-del-progetto-teatrale-ri-genera\/","og_locale":"it_IT","og_type":"article","og_title":"Al via le selezioni per la nuova commedia del progetto teatrale \u201cRi-genera\u201d - Casting News Magazine","og_description":"Selezioni per la nuova commedia del progetto \u201cRi-genera\u201d diretta da Tommaso Gabellini e dedicata a giovani dai 14 ai 20 anni.","og_url":"https:\/\/www.castingnews.eu\/magazine\/2025\/12\/06\/al-via-le-selezioni-per-la-nuova-commedia-del-progetto-teatrale-ri-genera\/","og_site_name":"Casting News Magazine","article_published_time":"2025-12-06T15:51:44+00:00","article_modified_time":"2025-12-06T15:51:48+00:00","og_image":[{"width":1200,"height":670,"url":"https:\/\/www.castingnews.eu\/magazine\/wp-content\/uploads\/2025\/12\/teatro-ragazzi-ragazze-casting-news.jpg","type":"image\/jpeg"}],"author":"Redazione","twitter_card":"summary_large_image","twitter_misc":{"Scritto da":"Redazione","Tempo di lettura stimato":"3 minuti"},"schema":{"@context":"https:\/\/schema.org","@graph":[{"@type":"Article","@id":"https:\/\/www.castingnews.eu\/magazine\/2025\/12\/06\/al-via-le-selezioni-per-la-nuova-commedia-del-progetto-teatrale-ri-genera\/#article","isPartOf":{"@id":"https:\/\/www.castingnews.eu\/magazine\/2025\/12\/06\/al-via-le-selezioni-per-la-nuova-commedia-del-progetto-teatrale-ri-genera\/"},"author":{"name":"Redazione","@id":"https:\/\/www.castingnews.eu\/magazine\/#\/schema\/person\/099d71c568c9a7e5e4037b1594108f17"},"headline":"Al via le selezioni per la nuova commedia del progetto teatrale \u201cRi-genera\u201d","datePublished":"2025-12-06T15:51:44+00:00","dateModified":"2025-12-06T15:51:48+00:00","mainEntityOfPage":{"@id":"https:\/\/www.castingnews.eu\/magazine\/2025\/12\/06\/al-via-le-selezioni-per-la-nuova-commedia-del-progetto-teatrale-ri-genera\/"},"wordCount":442,"commentCount":0,"image":{"@id":"https:\/\/www.castingnews.eu\/magazine\/2025\/12\/06\/al-via-le-selezioni-per-la-nuova-commedia-del-progetto-teatrale-ri-genera\/#primaryimage"},"thumbnailUrl":"https:\/\/www.castingnews.eu\/magazine\/wp-content\/uploads\/2025\/12\/teatro-ragazzi-ragazze-casting-news.jpg","keywords":["bando giovani","Casting Magazine","Casting News","casting teatrali","giovani attori","partecipazione gratuita","Piemonte","Ri-genera","spettacolo itinerante","teatro di comunit\u00e0","teatro sociale","Tommaso Gabellini","variet\u00e9","volontariato"],"articleSection":["In primo piano","Italia","Piemonte","Primo piano","Progetti teatrali","Teatro"],"inLanguage":"it-IT","potentialAction":[{"@type":"CommentAction","name":"Comment","target":["https:\/\/www.castingnews.eu\/magazine\/2025\/12\/06\/al-via-le-selezioni-per-la-nuova-commedia-del-progetto-teatrale-ri-genera\/#respond"]}]},{"@type":"WebPage","@id":"https:\/\/www.castingnews.eu\/magazine\/2025\/12\/06\/al-via-le-selezioni-per-la-nuova-commedia-del-progetto-teatrale-ri-genera\/","url":"https:\/\/www.castingnews.eu\/magazine\/2025\/12\/06\/al-via-le-selezioni-per-la-nuova-commedia-del-progetto-teatrale-ri-genera\/","name":"Al via le selezioni per la nuova commedia del progetto teatrale \u201cRi-genera\u201d - Casting News Magazine","isPartOf":{"@id":"https:\/\/www.castingnews.eu\/magazine\/#website"},"primaryImageOfPage":{"@id":"https:\/\/www.castingnews.eu\/magazine\/2025\/12\/06\/al-via-le-selezioni-per-la-nuova-commedia-del-progetto-teatrale-ri-genera\/#primaryimage"},"image":{"@id":"https:\/\/www.castingnews.eu\/magazine\/2025\/12\/06\/al-via-le-selezioni-per-la-nuova-commedia-del-progetto-teatrale-ri-genera\/#primaryimage"},"thumbnailUrl":"https:\/\/www.castingnews.eu\/magazine\/wp-content\/uploads\/2025\/12\/teatro-ragazzi-ragazze-casting-news.jpg","datePublished":"2025-12-06T15:51:44+00:00","dateModified":"2025-12-06T15:51:48+00:00","author":{"@id":"https:\/\/www.castingnews.eu\/magazine\/#\/schema\/person\/099d71c568c9a7e5e4037b1594108f17"},"description":"Selezioni per la nuova commedia del progetto \u201cRi-genera\u201d diretta da Tommaso Gabellini e dedicata a giovani dai 14 ai 20 anni.","breadcrumb":{"@id":"https:\/\/www.castingnews.eu\/magazine\/2025\/12\/06\/al-via-le-selezioni-per-la-nuova-commedia-del-progetto-teatrale-ri-genera\/#breadcrumb"},"inLanguage":"it-IT","potentialAction":[{"@type":"ReadAction","target":["https:\/\/www.castingnews.eu\/magazine\/2025\/12\/06\/al-via-le-selezioni-per-la-nuova-commedia-del-progetto-teatrale-ri-genera\/"]}]},{"@type":"ImageObject","inLanguage":"it-IT","@id":"https:\/\/www.castingnews.eu\/magazine\/2025\/12\/06\/al-via-le-selezioni-per-la-nuova-commedia-del-progetto-teatrale-ri-genera\/#primaryimage","url":"https:\/\/www.castingnews.eu\/magazine\/wp-content\/uploads\/2025\/12\/teatro-ragazzi-ragazze-casting-news.jpg","contentUrl":"https:\/\/www.castingnews.eu\/magazine\/wp-content\/uploads\/2025\/12\/teatro-ragazzi-ragazze-casting-news.jpg","width":1200,"height":670,"caption":"Casting giovani per nuova commedia \u201cRi-genera\u201d"},{"@type":"BreadcrumbList","@id":"https:\/\/www.castingnews.eu\/magazine\/2025\/12\/06\/al-via-le-selezioni-per-la-nuova-commedia-del-progetto-teatrale-ri-genera\/#breadcrumb","itemListElement":[{"@type":"ListItem","position":1,"name":"Home","item":"https:\/\/www.castingnews.eu\/magazine\/"},{"@type":"ListItem","position":2,"name":"Al via le selezioni per la nuova commedia del progetto teatrale \u201cRi-genera\u201d"}]},{"@type":"WebSite","@id":"https:\/\/www.castingnews.eu\/magazine\/#website","url":"https:\/\/www.castingnews.eu\/magazine\/","name":"Casting News Magazine","description":"News e aggiornamenti sui film, serie tv, teatro e festival italiani ed internazionali","potentialAction":[{"@type":"SearchAction","target":{"@type":"EntryPoint","urlTemplate":"https:\/\/www.castingnews.eu\/magazine\/?s={search_term_string}"},"query-input":{"@type":"PropertyValueSpecification","valueRequired":true,"valueName":"search_term_string"}}],"inLanguage":"it-IT"},{"@type":"Person","@id":"https:\/\/www.castingnews.eu\/magazine\/#\/schema\/person\/099d71c568c9a7e5e4037b1594108f17","name":"Redazione","image":{"@type":"ImageObject","inLanguage":"it-IT","@id":"https:\/\/secure.gravatar.com\/avatar\/b73a087aa3bd279fb70d24f1960a91c82cf67619395b60b564c90e9e5d5325fc?s=96&d=mm&r=g","url":"https:\/\/secure.gravatar.com\/avatar\/b73a087aa3bd279fb70d24f1960a91c82cf67619395b60b564c90e9e5d5325fc?s=96&d=mm&r=g","contentUrl":"https:\/\/secure.gravatar.com\/avatar\/b73a087aa3bd279fb70d24f1960a91c82cf67619395b60b564c90e9e5d5325fc?s=96&d=mm&r=g","caption":"Redazione"},"description":"News e aggiornamenti sui film, serie tv, teatro e festival italiani ed internazionali.","url":"https:\/\/www.castingnews.eu\/magazine\/author\/redazione\/"}]}},"_links":{"self":[{"href":"https:\/\/www.castingnews.eu\/magazine\/wp-json\/wp\/v2\/posts\/11357","targetHints":{"allow":["GET"]}}],"collection":[{"href":"https:\/\/www.castingnews.eu\/magazine\/wp-json\/wp\/v2\/posts"}],"about":[{"href":"https:\/\/www.castingnews.eu\/magazine\/wp-json\/wp\/v2\/types\/post"}],"author":[{"embeddable":true,"href":"https:\/\/www.castingnews.eu\/magazine\/wp-json\/wp\/v2\/users\/1"}],"replies":[{"embeddable":true,"href":"https:\/\/www.castingnews.eu\/magazine\/wp-json\/wp\/v2\/comments?post=11357"}],"version-history":[{"count":1,"href":"https:\/\/www.castingnews.eu\/magazine\/wp-json\/wp\/v2\/posts\/11357\/revisions"}],"predecessor-version":[{"id":11360,"href":"https:\/\/www.castingnews.eu\/magazine\/wp-json\/wp\/v2\/posts\/11357\/revisions\/11360"}],"wp:featuredmedia":[{"embeddable":true,"href":"https:\/\/www.castingnews.eu\/magazine\/wp-json\/wp\/v2\/media\/11359"}],"wp:attachment":[{"href":"https:\/\/www.castingnews.eu\/magazine\/wp-json\/wp\/v2\/media?parent=11357"}],"wp:term":[{"taxonomy":"category","embeddable":true,"href":"https:\/\/www.castingnews.eu\/magazine\/wp-json\/wp\/v2\/categories?post=11357"},{"taxonomy":"post_tag","embeddable":true,"href":"https:\/\/www.castingnews.eu\/magazine\/wp-json\/wp\/v2\/tags?post=11357"}],"curies":[{"name":"wp","href":"https:\/\/api.w.org\/{rel}","templated":true}]}}