{"id":11274,"date":"2025-11-22T13:58:20","date_gmt":"2025-11-22T12:58:20","guid":{"rendered":"https:\/\/www.castingnews.eu\/magazine\/?p=11274"},"modified":"2025-11-22T13:58:22","modified_gmt":"2025-11-22T12:58:22","slug":"doc-servizi-apre-il-casting-per-un-elfo-di-natale-a-gardaland","status":"publish","type":"post","link":"https:\/\/www.castingnews.eu\/magazine\/2025\/11\/22\/doc-servizi-apre-il-casting-per-un-elfo-di-natale-a-gardaland\/","title":{"rendered":"Doc Servizi apre il casting per un Elfo di Natale a Gardaland"},"content":{"rendered":"\n<p>Doc Servizi ha ufficialmente avviato le selezioni per attori, attrici, animatori e animatrici interessati a interpretare il ruolo di Elfo di Natale all\u2019interno del celebre parco divertimenti Gardaland. L\u2019inserimento \u00e8 previsto nel suggestivo Villaggio di Babbo Natale, una delle attrazioni pi\u00f9 apprezzate del periodo invernale.<\/p><div class=\"6d3639e8c6ac292cde400fad8ff8a5b9\" data-index=\"1\" style=\"float: none; margin:10px 0 10px 0; text-align:center;\">\n<script async src=\"\/\/pagead2.googlesyndication.com\/pagead\/js\/adsbygoogle.js\"><\/script>\r\n<!-- Casting Bambini NEW -->\r\n<ins class=\"adsbygoogle\"\r\n     style=\"display:inline-block;width:336px;height:280px\"\r\n     data-ad-client=\"ca-pub-5538097485429833\"\r\n     data-ad-slot=\"5127154445\"><\/ins>\r\n<script>\r\n(adsbygoogle = window.adsbygoogle || []).push({});\r\n<\/script>\n<\/div>\n\n\n\n\n<p>La ricerca \u00e8 rivolta a candidati con esperienza pregressa nel ruolo e con un\u2019et\u00e0 scenica ideale compresa tra i 25 e i 30 anni. La disponibilit\u00e0 richiesta riguarda le giornate del 5, 6, 7, 8, 13 e 14 dicembre 2025, oltre al periodo che va dal 20 dicembre 2025 al 6 gennaio 2026, ad eccezione del 25 dicembre.<\/p>\n\n\n\n<p>Gli interessati devono inviare il proprio curriculum accompagnato da almeno due fotografie \u2014 un primo piano e una figura intera \u2014 entro il 30 novembre 2025. Le candidature vanno inviate all\u2019indirizzo <strong>casting.gardaland@retedoc.net<\/strong>, indicando nell\u2019oggetto: <em>Attore\/attrice \u2013 Animatore\/animatrice + nome e cognome<\/em>.<br>Per ulteriori informazioni \u00e8 possibile contattare lo stesso indirizzo e-mail di riferimento.<\/p>\n\n\n\n<p>Iscriviti alla<strong>\u00a0<a href=\"https:\/\/www.castingnewsletter.eu\/CastingNewsPro\/\" target=\"_blank\" rel=\"noreferrer noopener\">newsletter giornaliera<\/a><\/strong>\u00a0di Casting News Professional per ricevere le ultime notizie sui casting aperti, provini e audizioni.<\/p>\n\n<div style=\"font-size: 0px; height: 0px; line-height: 0px; margin: 0; padding: 0; clear: both;\"><\/div>","protected":false},"excerpt":{"rendered":"<p>Doc Servizi ha ufficialmente avviato le selezioni per attori, attrici, animatori e animatrici interessati a interpretare il ruolo di Elfo di Natale all\u2019interno del celebre parco divertimenti Gardaland. L\u2019inserimento \u00e8 previsto nel suggestivo Villaggio di Babbo Natale, una delle attrazioni pi\u00f9 apprezzate del periodo invernale. La ricerca \u00e8 rivolta a candidati con esperienza pregressa nel [&hellip;]<\/p>\n","protected":false},"author":1,"featured_media":11275,"comment_status":"open","ping_status":"open","sticky":false,"template":"","format":"standard","meta":{"tdm_status":"","tdm_grid_status":"","footnotes":""},"categories":[1533,71,5392,21],"tags":[9157,9156,9159,9155,272,273,9161,9160,9164,9162,9163,9158],"class_list":{"0":"post-11274","1":"post","2":"type-post","3":"status-publish","4":"format-standard","5":"has-post-thumbnail","7":"category-featured","8":"category-italia-paese","9":"category-parchi-a-tema","10":"category-in-primo-piano","11":"tag-animatori-gardaland","12":"tag-attori-gardaland","13":"tag-casting-elfo-di-natale","14":"tag-casting-gardaland","15":"tag-casting-magazine","16":"tag-casting-news","17":"tag-doc-servizi","18":"tag-lavoro-spettacolo-natale","19":"tag-parchi-divertimento-casting","20":"tag-selezioni-natale-2025","21":"tag-spettacoli-natalizi","22":"tag-villaggio-di-babbo-natale"},"yoast_head":"<!-- This site is optimized with the Yoast SEO plugin v27.4 - https:\/\/yoast.com\/product\/yoast-seo-wordpress\/ -->\r\n<title>Doc Servizi apre il casting per un Elfo di Natale a Gardaland - Casting News Magazine<\/title>\r\n<meta name=\"description\" content=\"Casting a Gardaland per performer nel Villaggio di Babbo Natale. Invia CV e foto entro il 30 novembre 2025.\" \/>\r\n<meta name=\"robots\" content=\"index, follow, max-snippet:-1, max-image-preview:large, max-video-preview:-1\" \/>\r\n<link rel=\"canonical\" href=\"https:\/\/www.castingnews.eu\/magazine\/2025\/11\/22\/doc-servizi-apre-il-casting-per-un-elfo-di-natale-a-gardaland\/\" \/>\r\n<meta property=\"og:locale\" content=\"it_IT\" \/>\r\n<meta property=\"og:type\" content=\"article\" \/>\r\n<meta property=\"og:title\" content=\"Doc Servizi apre il casting per un Elfo di Natale a Gardaland - Casting News Magazine\" \/>\r\n<meta property=\"og:description\" content=\"Casting a Gardaland per performer nel Villaggio di Babbo Natale. Invia CV e foto entro il 30 novembre 2025.\" \/>\r\n<meta property=\"og:url\" content=\"https:\/\/www.castingnews.eu\/magazine\/2025\/11\/22\/doc-servizi-apre-il-casting-per-un-elfo-di-natale-a-gardaland\/\" \/>\r\n<meta property=\"og:site_name\" content=\"Casting News Magazine\" \/>\r\n<meta property=\"article:published_time\" content=\"2025-11-22T12:58:20+00:00\" \/>\r\n<meta property=\"article:modified_time\" content=\"2025-11-22T12:58:22+00:00\" \/>\r\n<meta property=\"og:image\" content=\"https:\/\/www.castingnews.eu\/magazine\/wp-content\/uploads\/2025\/11\/elfo-natale-casting-news.jpg\" \/>\r\n\t<meta property=\"og:image:width\" content=\"1200\" \/>\r\n\t<meta property=\"og:image:height\" content=\"670\" \/>\r\n\t<meta property=\"og:image:type\" content=\"image\/jpeg\" \/>\r\n<meta name=\"author\" content=\"Redazione\" \/>\r\n<meta name=\"twitter:card\" content=\"summary_large_image\" \/>\r\n<meta name=\"twitter:label1\" content=\"Scritto da\" \/>\n\t<meta name=\"twitter:data1\" content=\"Redazione\" \/>\n\t<meta name=\"twitter:label2\" content=\"Tempo di lettura stimato\" \/>\n\t<meta name=\"twitter:data2\" content=\"2 minuti\" \/>\r\n<script type=\"application\/ld+json\" class=\"yoast-schema-graph\">{\"@context\":\"https:\\\/\\\/schema.org\",\"@graph\":[{\"@type\":\"Article\",\"@id\":\"https:\\\/\\\/www.castingnews.eu\\\/magazine\\\/2025\\\/11\\\/22\\\/doc-servizi-apre-il-casting-per-un-elfo-di-natale-a-gardaland\\\/#article\",\"isPartOf\":{\"@id\":\"https:\\\/\\\/www.castingnews.eu\\\/magazine\\\/2025\\\/11\\\/22\\\/doc-servizi-apre-il-casting-per-un-elfo-di-natale-a-gardaland\\\/\"},\"author\":{\"name\":\"Redazione\",\"@id\":\"https:\\\/\\\/www.castingnews.eu\\\/magazine\\\/#\\\/schema\\\/person\\\/099d71c568c9a7e5e4037b1594108f17\"},\"headline\":\"Doc Servizi apre il casting per un Elfo di Natale a Gardaland\",\"datePublished\":\"2025-11-22T12:58:20+00:00\",\"dateModified\":\"2025-11-22T12:58:22+00:00\",\"mainEntityOfPage\":{\"@id\":\"https:\\\/\\\/www.castingnews.eu\\\/magazine\\\/2025\\\/11\\\/22\\\/doc-servizi-apre-il-casting-per-un-elfo-di-natale-a-gardaland\\\/\"},\"wordCount\":174,\"commentCount\":0,\"image\":{\"@id\":\"https:\\\/\\\/www.castingnews.eu\\\/magazine\\\/2025\\\/11\\\/22\\\/doc-servizi-apre-il-casting-per-un-elfo-di-natale-a-gardaland\\\/#primaryimage\"},\"thumbnailUrl\":\"https:\\\/\\\/www.castingnews.eu\\\/magazine\\\/wp-content\\\/uploads\\\/2025\\\/11\\\/elfo-natale-casting-news.jpg\",\"keywords\":[\"animatori Gardaland\",\"attori Gardaland\",\"casting Elfo di Natale\",\"casting Gardaland\",\"Casting Magazine\",\"Casting News\",\"Doc Servizi\",\"lavoro spettacolo Natale\",\"parchi divertimento casting\",\"selezioni Natale 2025\",\"spettacoli natalizi\",\"Villaggio di Babbo Natale\"],\"articleSection\":[\"In primo piano\",\"Italia\",\"Parchi a tema\",\"Primo piano\"],\"inLanguage\":\"it-IT\",\"potentialAction\":[{\"@type\":\"CommentAction\",\"name\":\"Comment\",\"target\":[\"https:\\\/\\\/www.castingnews.eu\\\/magazine\\\/2025\\\/11\\\/22\\\/doc-servizi-apre-il-casting-per-un-elfo-di-natale-a-gardaland\\\/#respond\"]}]},{\"@type\":\"WebPage\",\"@id\":\"https:\\\/\\\/www.castingnews.eu\\\/magazine\\\/2025\\\/11\\\/22\\\/doc-servizi-apre-il-casting-per-un-elfo-di-natale-a-gardaland\\\/\",\"url\":\"https:\\\/\\\/www.castingnews.eu\\\/magazine\\\/2025\\\/11\\\/22\\\/doc-servizi-apre-il-casting-per-un-elfo-di-natale-a-gardaland\\\/\",\"name\":\"Doc Servizi apre il casting per un Elfo di Natale a Gardaland - Casting News Magazine\",\"isPartOf\":{\"@id\":\"https:\\\/\\\/www.castingnews.eu\\\/magazine\\\/#website\"},\"primaryImageOfPage\":{\"@id\":\"https:\\\/\\\/www.castingnews.eu\\\/magazine\\\/2025\\\/11\\\/22\\\/doc-servizi-apre-il-casting-per-un-elfo-di-natale-a-gardaland\\\/#primaryimage\"},\"image\":{\"@id\":\"https:\\\/\\\/www.castingnews.eu\\\/magazine\\\/2025\\\/11\\\/22\\\/doc-servizi-apre-il-casting-per-un-elfo-di-natale-a-gardaland\\\/#primaryimage\"},\"thumbnailUrl\":\"https:\\\/\\\/www.castingnews.eu\\\/magazine\\\/wp-content\\\/uploads\\\/2025\\\/11\\\/elfo-natale-casting-news.jpg\",\"datePublished\":\"2025-11-22T12:58:20+00:00\",\"dateModified\":\"2025-11-22T12:58:22+00:00\",\"author\":{\"@id\":\"https:\\\/\\\/www.castingnews.eu\\\/magazine\\\/#\\\/schema\\\/person\\\/099d71c568c9a7e5e4037b1594108f17\"},\"description\":\"Casting a Gardaland per performer nel Villaggio di Babbo Natale. Invia CV e foto entro il 30 novembre 2025.\",\"breadcrumb\":{\"@id\":\"https:\\\/\\\/www.castingnews.eu\\\/magazine\\\/2025\\\/11\\\/22\\\/doc-servizi-apre-il-casting-per-un-elfo-di-natale-a-gardaland\\\/#breadcrumb\"},\"inLanguage\":\"it-IT\",\"potentialAction\":[{\"@type\":\"ReadAction\",\"target\":[\"https:\\\/\\\/www.castingnews.eu\\\/magazine\\\/2025\\\/11\\\/22\\\/doc-servizi-apre-il-casting-per-un-elfo-di-natale-a-gardaland\\\/\"]}]},{\"@type\":\"ImageObject\",\"inLanguage\":\"it-IT\",\"@id\":\"https:\\\/\\\/www.castingnews.eu\\\/magazine\\\/2025\\\/11\\\/22\\\/doc-servizi-apre-il-casting-per-un-elfo-di-natale-a-gardaland\\\/#primaryimage\",\"url\":\"https:\\\/\\\/www.castingnews.eu\\\/magazine\\\/wp-content\\\/uploads\\\/2025\\\/11\\\/elfo-natale-casting-news.jpg\",\"contentUrl\":\"https:\\\/\\\/www.castingnews.eu\\\/magazine\\\/wp-content\\\/uploads\\\/2025\\\/11\\\/elfo-natale-casting-news.jpg\",\"width\":1200,\"height\":670,\"caption\":\"Casting Elfo di Natale Gardaland\"},{\"@type\":\"BreadcrumbList\",\"@id\":\"https:\\\/\\\/www.castingnews.eu\\\/magazine\\\/2025\\\/11\\\/22\\\/doc-servizi-apre-il-casting-per-un-elfo-di-natale-a-gardaland\\\/#breadcrumb\",\"itemListElement\":[{\"@type\":\"ListItem\",\"position\":1,\"name\":\"Home\",\"item\":\"https:\\\/\\\/www.castingnews.eu\\\/magazine\\\/\"},{\"@type\":\"ListItem\",\"position\":2,\"name\":\"Doc Servizi apre il casting per un Elfo di Natale a Gardaland\"}]},{\"@type\":\"WebSite\",\"@id\":\"https:\\\/\\\/www.castingnews.eu\\\/magazine\\\/#website\",\"url\":\"https:\\\/\\\/www.castingnews.eu\\\/magazine\\\/\",\"name\":\"Casting News Magazine\",\"description\":\"News e aggiornamenti sui film, serie tv, teatro e festival italiani ed internazionali\",\"potentialAction\":[{\"@type\":\"SearchAction\",\"target\":{\"@type\":\"EntryPoint\",\"urlTemplate\":\"https:\\\/\\\/www.castingnews.eu\\\/magazine\\\/?s={search_term_string}\"},\"query-input\":{\"@type\":\"PropertyValueSpecification\",\"valueRequired\":true,\"valueName\":\"search_term_string\"}}],\"inLanguage\":\"it-IT\"},{\"@type\":\"Person\",\"@id\":\"https:\\\/\\\/www.castingnews.eu\\\/magazine\\\/#\\\/schema\\\/person\\\/099d71c568c9a7e5e4037b1594108f17\",\"name\":\"Redazione\",\"image\":{\"@type\":\"ImageObject\",\"inLanguage\":\"it-IT\",\"@id\":\"https:\\\/\\\/secure.gravatar.com\\\/avatar\\\/b73a087aa3bd279fb70d24f1960a91c82cf67619395b60b564c90e9e5d5325fc?s=96&d=mm&r=g\",\"url\":\"https:\\\/\\\/secure.gravatar.com\\\/avatar\\\/b73a087aa3bd279fb70d24f1960a91c82cf67619395b60b564c90e9e5d5325fc?s=96&d=mm&r=g\",\"contentUrl\":\"https:\\\/\\\/secure.gravatar.com\\\/avatar\\\/b73a087aa3bd279fb70d24f1960a91c82cf67619395b60b564c90e9e5d5325fc?s=96&d=mm&r=g\",\"caption\":\"Redazione\"},\"description\":\"News e aggiornamenti sui film, serie tv, teatro e festival italiani ed internazionali.\",\"url\":\"https:\\\/\\\/www.castingnews.eu\\\/magazine\\\/author\\\/redazione\\\/\"}]}<\/script>\r\n<!-- \/ Yoast SEO plugin. -->","yoast_head_json":{"title":"Doc Servizi apre il casting per un Elfo di Natale a Gardaland - Casting News Magazine","description":"Casting a Gardaland per performer nel Villaggio di Babbo Natale. Invia CV e foto entro il 30 novembre 2025.","robots":{"index":"index","follow":"follow","max-snippet":"max-snippet:-1","max-image-preview":"max-image-preview:large","max-video-preview":"max-video-preview:-1"},"canonical":"https:\/\/www.castingnews.eu\/magazine\/2025\/11\/22\/doc-servizi-apre-il-casting-per-un-elfo-di-natale-a-gardaland\/","og_locale":"it_IT","og_type":"article","og_title":"Doc Servizi apre il casting per un Elfo di Natale a Gardaland - Casting News Magazine","og_description":"Casting a Gardaland per performer nel Villaggio di Babbo Natale. Invia CV e foto entro il 30 novembre 2025.","og_url":"https:\/\/www.castingnews.eu\/magazine\/2025\/11\/22\/doc-servizi-apre-il-casting-per-un-elfo-di-natale-a-gardaland\/","og_site_name":"Casting News Magazine","article_published_time":"2025-11-22T12:58:20+00:00","article_modified_time":"2025-11-22T12:58:22+00:00","og_image":[{"width":1200,"height":670,"url":"https:\/\/www.castingnews.eu\/magazine\/wp-content\/uploads\/2025\/11\/elfo-natale-casting-news.jpg","type":"image\/jpeg"}],"author":"Redazione","twitter_card":"summary_large_image","twitter_misc":{"Scritto da":"Redazione","Tempo di lettura stimato":"2 minuti"},"schema":{"@context":"https:\/\/schema.org","@graph":[{"@type":"Article","@id":"https:\/\/www.castingnews.eu\/magazine\/2025\/11\/22\/doc-servizi-apre-il-casting-per-un-elfo-di-natale-a-gardaland\/#article","isPartOf":{"@id":"https:\/\/www.castingnews.eu\/magazine\/2025\/11\/22\/doc-servizi-apre-il-casting-per-un-elfo-di-natale-a-gardaland\/"},"author":{"name":"Redazione","@id":"https:\/\/www.castingnews.eu\/magazine\/#\/schema\/person\/099d71c568c9a7e5e4037b1594108f17"},"headline":"Doc Servizi apre il casting per un Elfo di Natale a Gardaland","datePublished":"2025-11-22T12:58:20+00:00","dateModified":"2025-11-22T12:58:22+00:00","mainEntityOfPage":{"@id":"https:\/\/www.castingnews.eu\/magazine\/2025\/11\/22\/doc-servizi-apre-il-casting-per-un-elfo-di-natale-a-gardaland\/"},"wordCount":174,"commentCount":0,"image":{"@id":"https:\/\/www.castingnews.eu\/magazine\/2025\/11\/22\/doc-servizi-apre-il-casting-per-un-elfo-di-natale-a-gardaland\/#primaryimage"},"thumbnailUrl":"https:\/\/www.castingnews.eu\/magazine\/wp-content\/uploads\/2025\/11\/elfo-natale-casting-news.jpg","keywords":["animatori Gardaland","attori Gardaland","casting Elfo di Natale","casting Gardaland","Casting Magazine","Casting News","Doc Servizi","lavoro spettacolo Natale","parchi divertimento casting","selezioni Natale 2025","spettacoli natalizi","Villaggio di Babbo Natale"],"articleSection":["In primo piano","Italia","Parchi a tema","Primo piano"],"inLanguage":"it-IT","potentialAction":[{"@type":"CommentAction","name":"Comment","target":["https:\/\/www.castingnews.eu\/magazine\/2025\/11\/22\/doc-servizi-apre-il-casting-per-un-elfo-di-natale-a-gardaland\/#respond"]}]},{"@type":"WebPage","@id":"https:\/\/www.castingnews.eu\/magazine\/2025\/11\/22\/doc-servizi-apre-il-casting-per-un-elfo-di-natale-a-gardaland\/","url":"https:\/\/www.castingnews.eu\/magazine\/2025\/11\/22\/doc-servizi-apre-il-casting-per-un-elfo-di-natale-a-gardaland\/","name":"Doc Servizi apre il casting per un Elfo di Natale a Gardaland - Casting News Magazine","isPartOf":{"@id":"https:\/\/www.castingnews.eu\/magazine\/#website"},"primaryImageOfPage":{"@id":"https:\/\/www.castingnews.eu\/magazine\/2025\/11\/22\/doc-servizi-apre-il-casting-per-un-elfo-di-natale-a-gardaland\/#primaryimage"},"image":{"@id":"https:\/\/www.castingnews.eu\/magazine\/2025\/11\/22\/doc-servizi-apre-il-casting-per-un-elfo-di-natale-a-gardaland\/#primaryimage"},"thumbnailUrl":"https:\/\/www.castingnews.eu\/magazine\/wp-content\/uploads\/2025\/11\/elfo-natale-casting-news.jpg","datePublished":"2025-11-22T12:58:20+00:00","dateModified":"2025-11-22T12:58:22+00:00","author":{"@id":"https:\/\/www.castingnews.eu\/magazine\/#\/schema\/person\/099d71c568c9a7e5e4037b1594108f17"},"description":"Casting a Gardaland per performer nel Villaggio di Babbo Natale. Invia CV e foto entro il 30 novembre 2025.","breadcrumb":{"@id":"https:\/\/www.castingnews.eu\/magazine\/2025\/11\/22\/doc-servizi-apre-il-casting-per-un-elfo-di-natale-a-gardaland\/#breadcrumb"},"inLanguage":"it-IT","potentialAction":[{"@type":"ReadAction","target":["https:\/\/www.castingnews.eu\/magazine\/2025\/11\/22\/doc-servizi-apre-il-casting-per-un-elfo-di-natale-a-gardaland\/"]}]},{"@type":"ImageObject","inLanguage":"it-IT","@id":"https:\/\/www.castingnews.eu\/magazine\/2025\/11\/22\/doc-servizi-apre-il-casting-per-un-elfo-di-natale-a-gardaland\/#primaryimage","url":"https:\/\/www.castingnews.eu\/magazine\/wp-content\/uploads\/2025\/11\/elfo-natale-casting-news.jpg","contentUrl":"https:\/\/www.castingnews.eu\/magazine\/wp-content\/uploads\/2025\/11\/elfo-natale-casting-news.jpg","width":1200,"height":670,"caption":"Casting Elfo di Natale Gardaland"},{"@type":"BreadcrumbList","@id":"https:\/\/www.castingnews.eu\/magazine\/2025\/11\/22\/doc-servizi-apre-il-casting-per-un-elfo-di-natale-a-gardaland\/#breadcrumb","itemListElement":[{"@type":"ListItem","position":1,"name":"Home","item":"https:\/\/www.castingnews.eu\/magazine\/"},{"@type":"ListItem","position":2,"name":"Doc Servizi apre il casting per un Elfo di Natale a Gardaland"}]},{"@type":"WebSite","@id":"https:\/\/www.castingnews.eu\/magazine\/#website","url":"https:\/\/www.castingnews.eu\/magazine\/","name":"Casting News Magazine","description":"News e aggiornamenti sui film, serie tv, teatro e festival italiani ed internazionali","potentialAction":[{"@type":"SearchAction","target":{"@type":"EntryPoint","urlTemplate":"https:\/\/www.castingnews.eu\/magazine\/?s={search_term_string}"},"query-input":{"@type":"PropertyValueSpecification","valueRequired":true,"valueName":"search_term_string"}}],"inLanguage":"it-IT"},{"@type":"Person","@id":"https:\/\/www.castingnews.eu\/magazine\/#\/schema\/person\/099d71c568c9a7e5e4037b1594108f17","name":"Redazione","image":{"@type":"ImageObject","inLanguage":"it-IT","@id":"https:\/\/secure.gravatar.com\/avatar\/b73a087aa3bd279fb70d24f1960a91c82cf67619395b60b564c90e9e5d5325fc?s=96&d=mm&r=g","url":"https:\/\/secure.gravatar.com\/avatar\/b73a087aa3bd279fb70d24f1960a91c82cf67619395b60b564c90e9e5d5325fc?s=96&d=mm&r=g","contentUrl":"https:\/\/secure.gravatar.com\/avatar\/b73a087aa3bd279fb70d24f1960a91c82cf67619395b60b564c90e9e5d5325fc?s=96&d=mm&r=g","caption":"Redazione"},"description":"News e aggiornamenti sui film, serie tv, teatro e festival italiani ed internazionali.","url":"https:\/\/www.castingnews.eu\/magazine\/author\/redazione\/"}]}},"_links":{"self":[{"href":"https:\/\/www.castingnews.eu\/magazine\/wp-json\/wp\/v2\/posts\/11274","targetHints":{"allow":["GET"]}}],"collection":[{"href":"https:\/\/www.castingnews.eu\/magazine\/wp-json\/wp\/v2\/posts"}],"about":[{"href":"https:\/\/www.castingnews.eu\/magazine\/wp-json\/wp\/v2\/types\/post"}],"author":[{"embeddable":true,"href":"https:\/\/www.castingnews.eu\/magazine\/wp-json\/wp\/v2\/users\/1"}],"replies":[{"embeddable":true,"href":"https:\/\/www.castingnews.eu\/magazine\/wp-json\/wp\/v2\/comments?post=11274"}],"version-history":[{"count":1,"href":"https:\/\/www.castingnews.eu\/magazine\/wp-json\/wp\/v2\/posts\/11274\/revisions"}],"predecessor-version":[{"id":11276,"href":"https:\/\/www.castingnews.eu\/magazine\/wp-json\/wp\/v2\/posts\/11274\/revisions\/11276"}],"wp:featuredmedia":[{"embeddable":true,"href":"https:\/\/www.castingnews.eu\/magazine\/wp-json\/wp\/v2\/media\/11275"}],"wp:attachment":[{"href":"https:\/\/www.castingnews.eu\/magazine\/wp-json\/wp\/v2\/media?parent=11274"}],"wp:term":[{"taxonomy":"category","embeddable":true,"href":"https:\/\/www.castingnews.eu\/magazine\/wp-json\/wp\/v2\/categories?post=11274"},{"taxonomy":"post_tag","embeddable":true,"href":"https:\/\/www.castingnews.eu\/magazine\/wp-json\/wp\/v2\/tags?post=11274"}],"curies":[{"name":"wp","href":"https:\/\/api.w.org\/{rel}","templated":true}]}}