{"id":11212,"date":"2025-11-14T13:16:35","date_gmt":"2025-11-14T12:16:35","guid":{"rendered":"https:\/\/www.castingnews.eu\/magazine\/?p=11212"},"modified":"2025-11-14T13:16:37","modified_gmt":"2025-11-14T12:16:37","slug":"partono-a-roma-e-tivoli-le-riprese-di-audrey-la-mer-il-nuovo-progetto-di-levi-riso","status":"publish","type":"post","link":"https:\/\/www.castingnews.eu\/magazine\/2025\/11\/14\/partono-a-roma-e-tivoli-le-riprese-di-audrey-la-mer-il-nuovo-progetto-di-levi-riso\/","title":{"rendered":"Partono a Roma e Tivoli le riprese di \u201cAudrey la mer\u201d, il nuovo progetto di Levi Riso"},"content":{"rendered":"\n<p>Hanno preso ufficialmente il via a <strong>Roma <\/strong>e <strong>Tivoli <\/strong>le riprese di <em>\u201c<strong>Audrey la mer<\/strong>\u201d<\/em>, il nuovo <strong>lungometraggio <\/strong>diretto da <strong>Levi Riso<\/strong> e scritto a quattro mani con Luca De Bei e lo stesso Riso. Il progetto, particolarmente atteso nel panorama cinematografico italiano, vanta un cast di primo piano che comprende, tra gli altri, <strong>Sara Serraiocco<\/strong>, <strong>Margherita Vicario<\/strong>, <strong>Noemi Brando<\/strong>, <strong>Massimo Ranieri<\/strong> e <strong>Dario Guidi<\/strong>.<\/p><div class=\"6d3639e8c6ac292cde400fad8ff8a5b9\" data-index=\"1\" style=\"float: none; margin:10px 0 10px 0; text-align:center;\">\n<script async src=\"\/\/pagead2.googlesyndication.com\/pagead\/js\/adsbygoogle.js\"><\/script>\r\n<!-- Casting Bambini NEW -->\r\n<ins class=\"adsbygoogle\"\r\n     style=\"display:inline-block;width:336px;height:280px\"\r\n     data-ad-client=\"ca-pub-5538097485429833\"\r\n     data-ad-slot=\"5127154445\"><\/ins>\r\n<script>\r\n(adsbygoogle = window.adsbygoogle || []).push({});\r\n<\/script>\n<\/div>\n\n\n\n\n<p>Il film \u00e8 una coproduzione italo-tedesca che riunisce alcune tra le realt\u00e0 pi\u00f9 attive e consolidate del settore: Indiana Production, Tramp Limited, Maze Pictures e Rai Cinema. Il progetto \u00e8 realizzato con il sostegno della Regione Lazio, confermando il ruolo centrale del territorio come polo produttivo e creativo per il cinema nazionale e internazionale.<br>Le riprese proseguiranno fino a dicembre, coinvolgendo diverse location tra Roma e le suggestive ambientazioni di Tivoli.<\/p>\n\n\n\n<hr class=\"wp-block-separator has-alpha-channel-opacity\"\/>\n\n\n\n<p>Iscriviti alla<strong>\u00a0<a href=\"https:\/\/www.castingnewsletter.eu\/CastingNewsPro\/\" target=\"_blank\" rel=\"noreferrer noopener\">newsletter giornaliera<\/a><\/strong>\u00a0di Casting News Professional per ricevere le ultime notizie sui casting aperti, provini e audizioni.<\/p>\n\n<div style=\"font-size: 0px; height: 0px; line-height: 0px; margin: 0; padding: 0; clear: both;\"><\/div>","protected":false},"excerpt":{"rendered":"<p>Hanno preso ufficialmente il via a Roma e Tivoli le riprese di \u201cAudrey la mer\u201d, il nuovo lungometraggio diretto da Levi Riso e scritto a quattro mani con Luca De Bei e lo stesso Riso. Il progetto, particolarmente atteso nel panorama cinematografico italiano, vanta un cast di primo piano che comprende, tra gli altri, Sara [&hellip;]<\/p>\n","protected":false},"author":1,"featured_media":11213,"comment_status":"open","ping_status":"open","sticky":false,"template":"","format":"standard","meta":{"tdm_status":"","tdm_grid_status":"","footnotes":""},"categories":[70,1533,71,3958,21,30],"tags":[9048,272,273,1985,9055,9053,4056,9049,4499,9051,9056,9050,1136,9052,9054,2824,5263],"class_list":{"0":"post-11212","1":"post","2":"type-post","3":"status-publish","4":"format-standard","5":"has-post-thumbnail","7":"category-germania","8":"category-featured","9":"category-italia-paese","10":"category-lazio","11":"category-in-primo-piano","12":"category-progetti-cinematografici","13":"tag-audrey-la-mer","14":"tag-casting-magazine","15":"tag-casting-news","16":"tag-cinema-italiano","17":"tag-coproduzione-italo-tedesca","18":"tag-dario-guidi","19":"tag-indiana-production","20":"tag-levi-riso","21":"tag-margherita-vicario","22":"tag-massimo-ranieri","23":"tag-maze-pictures","24":"tag-noemi-brando","25":"tag-rai-cinema","26":"tag-riprese-film-roma","27":"tag-riprese-tivoli","28":"tag-sara-serraiocco","29":"tag-tramp-limited"},"yoast_head":"<!-- This site is optimized with the Yoast SEO plugin v27.4 - https:\/\/yoast.com\/product\/yoast-seo-wordpress\/ -->\r\n<title>Partono a Roma e Tivoli le riprese di \u201cAudrey la mer\u201d, il nuovo progetto di Levi Riso - Casting News Magazine<\/title>\r\n<meta name=\"description\" content=\"\u201cAudrey la mer\u201d: partite le riprese del film di Levi Riso. Produzione Italia-Germania, lavori in corso tra Roma e Tivoli.\" \/>\r\n<meta name=\"robots\" content=\"index, follow, max-snippet:-1, max-image-preview:large, max-video-preview:-1\" \/>\r\n<link rel=\"canonical\" href=\"https:\/\/www.castingnews.eu\/magazine\/2025\/11\/14\/partono-a-roma-e-tivoli-le-riprese-di-audrey-la-mer-il-nuovo-progetto-di-levi-riso\/\" \/>\r\n<meta property=\"og:locale\" content=\"it_IT\" \/>\r\n<meta property=\"og:type\" content=\"article\" \/>\r\n<meta property=\"og:title\" content=\"Partono a Roma e Tivoli le riprese di \u201cAudrey la mer\u201d, il nuovo progetto di Levi Riso - Casting News Magazine\" \/>\r\n<meta property=\"og:description\" content=\"\u201cAudrey la mer\u201d: partite le riprese del film di Levi Riso. Produzione Italia-Germania, lavori in corso tra Roma e Tivoli.\" \/>\r\n<meta property=\"og:url\" content=\"https:\/\/www.castingnews.eu\/magazine\/2025\/11\/14\/partono-a-roma-e-tivoli-le-riprese-di-audrey-la-mer-il-nuovo-progetto-di-levi-riso\/\" \/>\r\n<meta property=\"og:site_name\" content=\"Casting News Magazine\" \/>\r\n<meta property=\"article:published_time\" content=\"2025-11-14T12:16:35+00:00\" \/>\r\n<meta property=\"article:modified_time\" content=\"2025-11-14T12:16:37+00:00\" \/>\r\n<meta property=\"og:image\" content=\"https:\/\/www.castingnews.eu\/magazine\/wp-content\/uploads\/2025\/11\/Ciak-Audrey-la-mer-Levi-Riso-riprese-film.jpg\" \/>\r\n\t<meta property=\"og:image:width\" content=\"1200\" \/>\r\n\t<meta property=\"og:image:height\" content=\"670\" \/>\r\n\t<meta property=\"og:image:type\" content=\"image\/jpeg\" \/>\r\n<meta name=\"author\" content=\"Redazione\" \/>\r\n<meta name=\"twitter:card\" content=\"summary_large_image\" \/>\r\n<meta name=\"twitter:label1\" content=\"Scritto da\" \/>\n\t<meta name=\"twitter:data1\" content=\"Redazione\" \/>\n\t<meta name=\"twitter:label2\" content=\"Tempo di lettura stimato\" \/>\n\t<meta name=\"twitter:data2\" content=\"2 minuti\" \/>\r\n<script type=\"application\/ld+json\" class=\"yoast-schema-graph\">{\"@context\":\"https:\\\/\\\/schema.org\",\"@graph\":[{\"@type\":\"Article\",\"@id\":\"https:\\\/\\\/www.castingnews.eu\\\/magazine\\\/2025\\\/11\\\/14\\\/partono-a-roma-e-tivoli-le-riprese-di-audrey-la-mer-il-nuovo-progetto-di-levi-riso\\\/#article\",\"isPartOf\":{\"@id\":\"https:\\\/\\\/www.castingnews.eu\\\/magazine\\\/2025\\\/11\\\/14\\\/partono-a-roma-e-tivoli-le-riprese-di-audrey-la-mer-il-nuovo-progetto-di-levi-riso\\\/\"},\"author\":{\"name\":\"Redazione\",\"@id\":\"https:\\\/\\\/www.castingnews.eu\\\/magazine\\\/#\\\/schema\\\/person\\\/099d71c568c9a7e5e4037b1594108f17\"},\"headline\":\"Partono a Roma e Tivoli le riprese di \u201cAudrey la mer\u201d, il nuovo progetto di Levi Riso\",\"datePublished\":\"2025-11-14T12:16:35+00:00\",\"dateModified\":\"2025-11-14T12:16:37+00:00\",\"mainEntityOfPage\":{\"@id\":\"https:\\\/\\\/www.castingnews.eu\\\/magazine\\\/2025\\\/11\\\/14\\\/partono-a-roma-e-tivoli-le-riprese-di-audrey-la-mer-il-nuovo-progetto-di-levi-riso\\\/\"},\"wordCount\":170,\"commentCount\":0,\"image\":{\"@id\":\"https:\\\/\\\/www.castingnews.eu\\\/magazine\\\/2025\\\/11\\\/14\\\/partono-a-roma-e-tivoli-le-riprese-di-audrey-la-mer-il-nuovo-progetto-di-levi-riso\\\/#primaryimage\"},\"thumbnailUrl\":\"https:\\\/\\\/www.castingnews.eu\\\/magazine\\\/wp-content\\\/uploads\\\/2025\\\/11\\\/Ciak-Audrey-la-mer-Levi-Riso-riprese-film.jpg\",\"keywords\":[\"Audrey la mer\",\"Casting Magazine\",\"Casting News\",\"Cinema Italiano\",\"coproduzione italo-tedesca\",\"Dario Guidi\",\"Indiana Production\",\"Levi Riso\",\"Margherita Vicario\",\"Massimo Ranieri\",\"Maze Pictures\",\"Noemi Brando\",\"Rai Cinema\",\"riprese film Roma\",\"riprese Tivoli\",\"Sara Serraiocco\",\"Tramp Limited\"],\"articleSection\":[\"Germania\",\"In primo piano\",\"Italia\",\"Lazio\",\"Primo piano\",\"Progetti cinematografici\"],\"inLanguage\":\"it-IT\",\"potentialAction\":[{\"@type\":\"CommentAction\",\"name\":\"Comment\",\"target\":[\"https:\\\/\\\/www.castingnews.eu\\\/magazine\\\/2025\\\/11\\\/14\\\/partono-a-roma-e-tivoli-le-riprese-di-audrey-la-mer-il-nuovo-progetto-di-levi-riso\\\/#respond\"]}]},{\"@type\":\"WebPage\",\"@id\":\"https:\\\/\\\/www.castingnews.eu\\\/magazine\\\/2025\\\/11\\\/14\\\/partono-a-roma-e-tivoli-le-riprese-di-audrey-la-mer-il-nuovo-progetto-di-levi-riso\\\/\",\"url\":\"https:\\\/\\\/www.castingnews.eu\\\/magazine\\\/2025\\\/11\\\/14\\\/partono-a-roma-e-tivoli-le-riprese-di-audrey-la-mer-il-nuovo-progetto-di-levi-riso\\\/\",\"name\":\"Partono a Roma e Tivoli le riprese di \u201cAudrey la mer\u201d, il nuovo progetto di Levi Riso - Casting News Magazine\",\"isPartOf\":{\"@id\":\"https:\\\/\\\/www.castingnews.eu\\\/magazine\\\/#website\"},\"primaryImageOfPage\":{\"@id\":\"https:\\\/\\\/www.castingnews.eu\\\/magazine\\\/2025\\\/11\\\/14\\\/partono-a-roma-e-tivoli-le-riprese-di-audrey-la-mer-il-nuovo-progetto-di-levi-riso\\\/#primaryimage\"},\"image\":{\"@id\":\"https:\\\/\\\/www.castingnews.eu\\\/magazine\\\/2025\\\/11\\\/14\\\/partono-a-roma-e-tivoli-le-riprese-di-audrey-la-mer-il-nuovo-progetto-di-levi-riso\\\/#primaryimage\"},\"thumbnailUrl\":\"https:\\\/\\\/www.castingnews.eu\\\/magazine\\\/wp-content\\\/uploads\\\/2025\\\/11\\\/Ciak-Audrey-la-mer-Levi-Riso-riprese-film.jpg\",\"datePublished\":\"2025-11-14T12:16:35+00:00\",\"dateModified\":\"2025-11-14T12:16:37+00:00\",\"author\":{\"@id\":\"https:\\\/\\\/www.castingnews.eu\\\/magazine\\\/#\\\/schema\\\/person\\\/099d71c568c9a7e5e4037b1594108f17\"},\"description\":\"\u201cAudrey la mer\u201d: partite le riprese del film di Levi Riso. Produzione Italia-Germania, lavori in corso tra Roma e Tivoli.\",\"breadcrumb\":{\"@id\":\"https:\\\/\\\/www.castingnews.eu\\\/magazine\\\/2025\\\/11\\\/14\\\/partono-a-roma-e-tivoli-le-riprese-di-audrey-la-mer-il-nuovo-progetto-di-levi-riso\\\/#breadcrumb\"},\"inLanguage\":\"it-IT\",\"potentialAction\":[{\"@type\":\"ReadAction\",\"target\":[\"https:\\\/\\\/www.castingnews.eu\\\/magazine\\\/2025\\\/11\\\/14\\\/partono-a-roma-e-tivoli-le-riprese-di-audrey-la-mer-il-nuovo-progetto-di-levi-riso\\\/\"]}]},{\"@type\":\"ImageObject\",\"inLanguage\":\"it-IT\",\"@id\":\"https:\\\/\\\/www.castingnews.eu\\\/magazine\\\/2025\\\/11\\\/14\\\/partono-a-roma-e-tivoli-le-riprese-di-audrey-la-mer-il-nuovo-progetto-di-levi-riso\\\/#primaryimage\",\"url\":\"https:\\\/\\\/www.castingnews.eu\\\/magazine\\\/wp-content\\\/uploads\\\/2025\\\/11\\\/Ciak-Audrey-la-mer-Levi-Riso-riprese-film.jpg\",\"contentUrl\":\"https:\\\/\\\/www.castingnews.eu\\\/magazine\\\/wp-content\\\/uploads\\\/2025\\\/11\\\/Ciak-Audrey-la-mer-Levi-Riso-riprese-film.jpg\",\"width\":1200,\"height\":670,\"caption\":\"\u201cAudrey la mer\u201d: il nuovo film di Levi Riso sul set\"},{\"@type\":\"BreadcrumbList\",\"@id\":\"https:\\\/\\\/www.castingnews.eu\\\/magazine\\\/2025\\\/11\\\/14\\\/partono-a-roma-e-tivoli-le-riprese-di-audrey-la-mer-il-nuovo-progetto-di-levi-riso\\\/#breadcrumb\",\"itemListElement\":[{\"@type\":\"ListItem\",\"position\":1,\"name\":\"Home\",\"item\":\"https:\\\/\\\/www.castingnews.eu\\\/magazine\\\/\"},{\"@type\":\"ListItem\",\"position\":2,\"name\":\"Partono a Roma e Tivoli le riprese di \u201cAudrey la mer\u201d, il nuovo progetto di Levi Riso\"}]},{\"@type\":\"WebSite\",\"@id\":\"https:\\\/\\\/www.castingnews.eu\\\/magazine\\\/#website\",\"url\":\"https:\\\/\\\/www.castingnews.eu\\\/magazine\\\/\",\"name\":\"Casting News Magazine\",\"description\":\"News e aggiornamenti sui film, serie tv, teatro e festival italiani ed internazionali\",\"potentialAction\":[{\"@type\":\"SearchAction\",\"target\":{\"@type\":\"EntryPoint\",\"urlTemplate\":\"https:\\\/\\\/www.castingnews.eu\\\/magazine\\\/?s={search_term_string}\"},\"query-input\":{\"@type\":\"PropertyValueSpecification\",\"valueRequired\":true,\"valueName\":\"search_term_string\"}}],\"inLanguage\":\"it-IT\"},{\"@type\":\"Person\",\"@id\":\"https:\\\/\\\/www.castingnews.eu\\\/magazine\\\/#\\\/schema\\\/person\\\/099d71c568c9a7e5e4037b1594108f17\",\"name\":\"Redazione\",\"image\":{\"@type\":\"ImageObject\",\"inLanguage\":\"it-IT\",\"@id\":\"https:\\\/\\\/secure.gravatar.com\\\/avatar\\\/b73a087aa3bd279fb70d24f1960a91c82cf67619395b60b564c90e9e5d5325fc?s=96&d=mm&r=g\",\"url\":\"https:\\\/\\\/secure.gravatar.com\\\/avatar\\\/b73a087aa3bd279fb70d24f1960a91c82cf67619395b60b564c90e9e5d5325fc?s=96&d=mm&r=g\",\"contentUrl\":\"https:\\\/\\\/secure.gravatar.com\\\/avatar\\\/b73a087aa3bd279fb70d24f1960a91c82cf67619395b60b564c90e9e5d5325fc?s=96&d=mm&r=g\",\"caption\":\"Redazione\"},\"description\":\"News e aggiornamenti sui film, serie tv, teatro e festival italiani ed internazionali.\",\"url\":\"https:\\\/\\\/www.castingnews.eu\\\/magazine\\\/author\\\/redazione\\\/\"}]}<\/script>\r\n<!-- \/ Yoast SEO plugin. -->","yoast_head_json":{"title":"Partono a Roma e Tivoli le riprese di \u201cAudrey la mer\u201d, il nuovo progetto di Levi Riso - Casting News Magazine","description":"\u201cAudrey la mer\u201d: partite le riprese del film di Levi Riso. Produzione Italia-Germania, lavori in corso tra Roma e Tivoli.","robots":{"index":"index","follow":"follow","max-snippet":"max-snippet:-1","max-image-preview":"max-image-preview:large","max-video-preview":"max-video-preview:-1"},"canonical":"https:\/\/www.castingnews.eu\/magazine\/2025\/11\/14\/partono-a-roma-e-tivoli-le-riprese-di-audrey-la-mer-il-nuovo-progetto-di-levi-riso\/","og_locale":"it_IT","og_type":"article","og_title":"Partono a Roma e Tivoli le riprese di \u201cAudrey la mer\u201d, il nuovo progetto di Levi Riso - Casting News Magazine","og_description":"\u201cAudrey la mer\u201d: partite le riprese del film di Levi Riso. Produzione Italia-Germania, lavori in corso tra Roma e Tivoli.","og_url":"https:\/\/www.castingnews.eu\/magazine\/2025\/11\/14\/partono-a-roma-e-tivoli-le-riprese-di-audrey-la-mer-il-nuovo-progetto-di-levi-riso\/","og_site_name":"Casting News Magazine","article_published_time":"2025-11-14T12:16:35+00:00","article_modified_time":"2025-11-14T12:16:37+00:00","og_image":[{"width":1200,"height":670,"url":"https:\/\/www.castingnews.eu\/magazine\/wp-content\/uploads\/2025\/11\/Ciak-Audrey-la-mer-Levi-Riso-riprese-film.jpg","type":"image\/jpeg"}],"author":"Redazione","twitter_card":"summary_large_image","twitter_misc":{"Scritto da":"Redazione","Tempo di lettura stimato":"2 minuti"},"schema":{"@context":"https:\/\/schema.org","@graph":[{"@type":"Article","@id":"https:\/\/www.castingnews.eu\/magazine\/2025\/11\/14\/partono-a-roma-e-tivoli-le-riprese-di-audrey-la-mer-il-nuovo-progetto-di-levi-riso\/#article","isPartOf":{"@id":"https:\/\/www.castingnews.eu\/magazine\/2025\/11\/14\/partono-a-roma-e-tivoli-le-riprese-di-audrey-la-mer-il-nuovo-progetto-di-levi-riso\/"},"author":{"name":"Redazione","@id":"https:\/\/www.castingnews.eu\/magazine\/#\/schema\/person\/099d71c568c9a7e5e4037b1594108f17"},"headline":"Partono a Roma e Tivoli le riprese di \u201cAudrey la mer\u201d, il nuovo progetto di Levi Riso","datePublished":"2025-11-14T12:16:35+00:00","dateModified":"2025-11-14T12:16:37+00:00","mainEntityOfPage":{"@id":"https:\/\/www.castingnews.eu\/magazine\/2025\/11\/14\/partono-a-roma-e-tivoli-le-riprese-di-audrey-la-mer-il-nuovo-progetto-di-levi-riso\/"},"wordCount":170,"commentCount":0,"image":{"@id":"https:\/\/www.castingnews.eu\/magazine\/2025\/11\/14\/partono-a-roma-e-tivoli-le-riprese-di-audrey-la-mer-il-nuovo-progetto-di-levi-riso\/#primaryimage"},"thumbnailUrl":"https:\/\/www.castingnews.eu\/magazine\/wp-content\/uploads\/2025\/11\/Ciak-Audrey-la-mer-Levi-Riso-riprese-film.jpg","keywords":["Audrey la mer","Casting Magazine","Casting News","Cinema Italiano","coproduzione italo-tedesca","Dario Guidi","Indiana Production","Levi Riso","Margherita Vicario","Massimo Ranieri","Maze Pictures","Noemi Brando","Rai Cinema","riprese film Roma","riprese Tivoli","Sara Serraiocco","Tramp Limited"],"articleSection":["Germania","In primo piano","Italia","Lazio","Primo piano","Progetti cinematografici"],"inLanguage":"it-IT","potentialAction":[{"@type":"CommentAction","name":"Comment","target":["https:\/\/www.castingnews.eu\/magazine\/2025\/11\/14\/partono-a-roma-e-tivoli-le-riprese-di-audrey-la-mer-il-nuovo-progetto-di-levi-riso\/#respond"]}]},{"@type":"WebPage","@id":"https:\/\/www.castingnews.eu\/magazine\/2025\/11\/14\/partono-a-roma-e-tivoli-le-riprese-di-audrey-la-mer-il-nuovo-progetto-di-levi-riso\/","url":"https:\/\/www.castingnews.eu\/magazine\/2025\/11\/14\/partono-a-roma-e-tivoli-le-riprese-di-audrey-la-mer-il-nuovo-progetto-di-levi-riso\/","name":"Partono a Roma e Tivoli le riprese di \u201cAudrey la mer\u201d, il nuovo progetto di Levi Riso - Casting News Magazine","isPartOf":{"@id":"https:\/\/www.castingnews.eu\/magazine\/#website"},"primaryImageOfPage":{"@id":"https:\/\/www.castingnews.eu\/magazine\/2025\/11\/14\/partono-a-roma-e-tivoli-le-riprese-di-audrey-la-mer-il-nuovo-progetto-di-levi-riso\/#primaryimage"},"image":{"@id":"https:\/\/www.castingnews.eu\/magazine\/2025\/11\/14\/partono-a-roma-e-tivoli-le-riprese-di-audrey-la-mer-il-nuovo-progetto-di-levi-riso\/#primaryimage"},"thumbnailUrl":"https:\/\/www.castingnews.eu\/magazine\/wp-content\/uploads\/2025\/11\/Ciak-Audrey-la-mer-Levi-Riso-riprese-film.jpg","datePublished":"2025-11-14T12:16:35+00:00","dateModified":"2025-11-14T12:16:37+00:00","author":{"@id":"https:\/\/www.castingnews.eu\/magazine\/#\/schema\/person\/099d71c568c9a7e5e4037b1594108f17"},"description":"\u201cAudrey la mer\u201d: partite le riprese del film di Levi Riso. Produzione Italia-Germania, lavori in corso tra Roma e Tivoli.","breadcrumb":{"@id":"https:\/\/www.castingnews.eu\/magazine\/2025\/11\/14\/partono-a-roma-e-tivoli-le-riprese-di-audrey-la-mer-il-nuovo-progetto-di-levi-riso\/#breadcrumb"},"inLanguage":"it-IT","potentialAction":[{"@type":"ReadAction","target":["https:\/\/www.castingnews.eu\/magazine\/2025\/11\/14\/partono-a-roma-e-tivoli-le-riprese-di-audrey-la-mer-il-nuovo-progetto-di-levi-riso\/"]}]},{"@type":"ImageObject","inLanguage":"it-IT","@id":"https:\/\/www.castingnews.eu\/magazine\/2025\/11\/14\/partono-a-roma-e-tivoli-le-riprese-di-audrey-la-mer-il-nuovo-progetto-di-levi-riso\/#primaryimage","url":"https:\/\/www.castingnews.eu\/magazine\/wp-content\/uploads\/2025\/11\/Ciak-Audrey-la-mer-Levi-Riso-riprese-film.jpg","contentUrl":"https:\/\/www.castingnews.eu\/magazine\/wp-content\/uploads\/2025\/11\/Ciak-Audrey-la-mer-Levi-Riso-riprese-film.jpg","width":1200,"height":670,"caption":"\u201cAudrey la mer\u201d: il nuovo film di Levi Riso sul set"},{"@type":"BreadcrumbList","@id":"https:\/\/www.castingnews.eu\/magazine\/2025\/11\/14\/partono-a-roma-e-tivoli-le-riprese-di-audrey-la-mer-il-nuovo-progetto-di-levi-riso\/#breadcrumb","itemListElement":[{"@type":"ListItem","position":1,"name":"Home","item":"https:\/\/www.castingnews.eu\/magazine\/"},{"@type":"ListItem","position":2,"name":"Partono a Roma e Tivoli le riprese di \u201cAudrey la mer\u201d, il nuovo progetto di Levi Riso"}]},{"@type":"WebSite","@id":"https:\/\/www.castingnews.eu\/magazine\/#website","url":"https:\/\/www.castingnews.eu\/magazine\/","name":"Casting News Magazine","description":"News e aggiornamenti sui film, serie tv, teatro e festival italiani ed internazionali","potentialAction":[{"@type":"SearchAction","target":{"@type":"EntryPoint","urlTemplate":"https:\/\/www.castingnews.eu\/magazine\/?s={search_term_string}"},"query-input":{"@type":"PropertyValueSpecification","valueRequired":true,"valueName":"search_term_string"}}],"inLanguage":"it-IT"},{"@type":"Person","@id":"https:\/\/www.castingnews.eu\/magazine\/#\/schema\/person\/099d71c568c9a7e5e4037b1594108f17","name":"Redazione","image":{"@type":"ImageObject","inLanguage":"it-IT","@id":"https:\/\/secure.gravatar.com\/avatar\/b73a087aa3bd279fb70d24f1960a91c82cf67619395b60b564c90e9e5d5325fc?s=96&d=mm&r=g","url":"https:\/\/secure.gravatar.com\/avatar\/b73a087aa3bd279fb70d24f1960a91c82cf67619395b60b564c90e9e5d5325fc?s=96&d=mm&r=g","contentUrl":"https:\/\/secure.gravatar.com\/avatar\/b73a087aa3bd279fb70d24f1960a91c82cf67619395b60b564c90e9e5d5325fc?s=96&d=mm&r=g","caption":"Redazione"},"description":"News e aggiornamenti sui film, serie tv, teatro e festival italiani ed internazionali.","url":"https:\/\/www.castingnews.eu\/magazine\/author\/redazione\/"}]}},"_links":{"self":[{"href":"https:\/\/www.castingnews.eu\/magazine\/wp-json\/wp\/v2\/posts\/11212","targetHints":{"allow":["GET"]}}],"collection":[{"href":"https:\/\/www.castingnews.eu\/magazine\/wp-json\/wp\/v2\/posts"}],"about":[{"href":"https:\/\/www.castingnews.eu\/magazine\/wp-json\/wp\/v2\/types\/post"}],"author":[{"embeddable":true,"href":"https:\/\/www.castingnews.eu\/magazine\/wp-json\/wp\/v2\/users\/1"}],"replies":[{"embeddable":true,"href":"https:\/\/www.castingnews.eu\/magazine\/wp-json\/wp\/v2\/comments?post=11212"}],"version-history":[{"count":1,"href":"https:\/\/www.castingnews.eu\/magazine\/wp-json\/wp\/v2\/posts\/11212\/revisions"}],"predecessor-version":[{"id":11214,"href":"https:\/\/www.castingnews.eu\/magazine\/wp-json\/wp\/v2\/posts\/11212\/revisions\/11214"}],"wp:featuredmedia":[{"embeddable":true,"href":"https:\/\/www.castingnews.eu\/magazine\/wp-json\/wp\/v2\/media\/11213"}],"wp:attachment":[{"href":"https:\/\/www.castingnews.eu\/magazine\/wp-json\/wp\/v2\/media?parent=11212"}],"wp:term":[{"taxonomy":"category","embeddable":true,"href":"https:\/\/www.castingnews.eu\/magazine\/wp-json\/wp\/v2\/categories?post=11212"},{"taxonomy":"post_tag","embeddable":true,"href":"https:\/\/www.castingnews.eu\/magazine\/wp-json\/wp\/v2\/tags?post=11212"}],"curies":[{"name":"wp","href":"https:\/\/api.w.org\/{rel}","templated":true}]}}