{"id":11005,"date":"2025-10-27T13:41:44","date_gmt":"2025-10-27T12:41:44","guid":{"rendered":"https:\/\/www.castingnews.eu\/magazine\/?p=11005"},"modified":"2025-10-27T13:43:29","modified_gmt":"2025-10-27T12:43:29","slug":"e-morto-bjorn-andresen-il-volto-immortale-di-morte-a-venezia","status":"publish","type":"post","link":"https:\/\/www.castingnews.eu\/magazine\/2025\/10\/27\/e-morto-bjorn-andresen-il-volto-immortale-di-morte-a-venezia\/","title":{"rendered":"\u00c8 morto Bj\u00f6rn Andr\u00e9sen, il volto immortale di \u201cMorte a Venezia\u201d"},"content":{"rendered":"\n<p>Si \u00e8 spento a 70 anni Bj\u00f6rn Andr\u00e9sen, l\u2019attore svedese che Luchino Visconti rese celebre in tutto il mondo con il ruolo di Tadzio in <em>Morte a Venezia<\/em>. La sua morte, avvenuta sabato 25 ottobre a Stoccolma, chiude il capitolo di una vita segnata da un fascino senza tempo e da un destino spesso troppo pesante per chi, da adolescente, divenne un\u2019icona mondiale della bellezza.<\/p><div class=\"6d3639e8c6ac292cde400fad8ff8a5b9\" data-index=\"1\" style=\"float: none; margin:10px 0 10px 0; text-align:center;\">\n<script async src=\"\/\/pagead2.googlesyndication.com\/pagead\/js\/adsbygoogle.js\"><\/script>\r\n<!-- Casting Bambini NEW -->\r\n<ins class=\"adsbygoogle\"\r\n     style=\"display:inline-block;width:336px;height:280px\"\r\n     data-ad-client=\"ca-pub-5538097485429833\"\r\n     data-ad-slot=\"5127154445\"><\/ins>\r\n<script>\r\n(adsbygoogle = window.adsbygoogle || []).push({});\r\n<\/script>\n<\/div>\n\n\n\n\n<p>Aveva appena 15 anni quando Visconti lo scelse per interpretare il giovane Tadzio nel film tratto dal racconto di Thomas Mann. La sua figura eterea e il volto angelico impressionarono talmente il regista da spingerlo a definirlo \u201cil ragazzo pi\u00f9 bello del mondo\u201d, un\u2019etichetta che lo avrebbe accompagnato \u2013 e perseguitato \u2013 per il resto della sua esistenza.<\/p>\n\n\n\n<p>Dietro l\u2019aura leggendaria del suo sguardo si nascondeva per\u00f2 un percorso personale tormentato. Andr\u00e9sen aveva raccontato in diverse interviste il peso della notoriet\u00e0 improvvisa e il disagio provato per la forte attenzione mediatica che segu\u00ec l\u2019uscita del film. Quegli anni, e le loro conseguenze psicologiche, sono stati al centro del documentario <em>The Most Beautiful Boy in the World<\/em> (2021), che ha restituito la voce a un uomo ferito, consapevole di aver pagato un prezzo altissimo per un\u2019immagine che non gli apparteneva pi\u00f9.<\/p>\n\n\n\n<figure class=\"wp-block-embed is-type-video is-provider-youtube wp-block-embed-youtube wp-embed-aspect-16-9 wp-has-aspect-ratio\"><div class=\"wp-block-embed__wrapper\">\n<div class=\"youtube-embed\" data-video_id=\"-pxn49yWVJk\"><iframe loading=\"lazy\" title=\"Death In Venice (1971) Official Trailer - Luchino Visconti Drama Movie D\" width=\"696\" height=\"392\" src=\"https:\/\/www.youtube.com\/embed\/-pxn49yWVJk?feature=oembed&#038;enablejsapi=1\" frameborder=\"0\" allow=\"accelerometer; autoplay; clipboard-write; encrypted-media; gyroscope; picture-in-picture; web-share\" referrerpolicy=\"strict-origin-when-cross-origin\" allowfullscreen><\/iframe><\/div>\n<\/div><\/figure>\n\n\n\n<p>Nato a Stoccolma il 26 gennaio 1955, Andr\u00e9sen aveva conosciuto il dolore sin da bambino, con la perdita della madre e la difficile ricerca di una stabilit\u00e0 familiare. Dopo il successo internazionale, tent\u00f2 di costruirsi una carriera autonoma come attore e musicista, trovando particolare successo in Giappone, dove divenne una sorta di icona pop. Negli anni successivi continu\u00f2 a lavorare nel cinema, sempre lontano dai riflettori, fino a comparire nel 2019 nel film <em>Midsommar \u2013 Il villaggio dei dannati<\/em> di Ari Aster, in un ruolo breve ma simbolico, che molti interpretarono come una riflessione sulla sua stessa fragilit\u00e0.<\/p>\n\n\n\n<p>Bj\u00f6rn Andr\u00e9sen lascia una figlia, Robine, nata dal matrimonio con la poetessa Susanna Roman. Le cause della morte non sono state rese note. Con lui scompare un volto che ha attraversato il tempo, capace di incarnare per un\u2019intera generazione il confine sottile tra arte, innocenza e tragedia.<\/p>\n\n\n\n<p>Iscriviti alla<strong>\u00a0<a href=\"https:\/\/www.castingnewsletter.eu\/CastingNewsPro\/\" target=\"_blank\" rel=\"noreferrer noopener\">newsletter giornaliera<\/a><\/strong>\u00a0di Casting News Professional per ricevere le ultime notizie sui casting aperti, provini e audizioni.<\/p>\n\n<div style=\"font-size: 0px; height: 0px; line-height: 0px; margin: 0; padding: 0; clear: both;\"><\/div>","protected":false},"excerpt":{"rendered":"<p>Si \u00e8 spento a 70 anni Bj\u00f6rn Andr\u00e9sen, l\u2019attore svedese che Luchino Visconti rese celebre in tutto il mondo con il ruolo di Tadzio in Morte a Venezia. La sua morte, avvenuta sabato 25 ottobre a Stoccolma, chiude il capitolo di una vita segnata da un fascino senza tempo e da un destino spesso troppo [&hellip;]<\/p>\n","protected":false},"author":1,"featured_media":11006,"comment_status":"open","ping_status":"open","sticky":false,"template":"","format":"standard","meta":{"tdm_status":"","tdm_grid_status":"","footnotes":""},"categories":[1533,21,39],"tags":[4457,8797,8795,272,273,7130,8792,8791,8798,8793,8799,8794,8800,8796,3322],"class_list":{"0":"post-11005","1":"post","2":"type-post","3":"status-publish","4":"format-standard","5":"has-post-thumbnail","7":"category-featured","8":"category-in-primo-piano","9":"category-svezia","10":"tag-ari-aster","11":"tag-attore-svedese","12":"tag-bjorn-andresen","13":"tag-casting-magazine","14":"tag-casting-news","15":"tag-cinema-europeo","16":"tag-film-cult","17":"tag-icona-di-bellezza","18":"tag-leggenda-del-cinema","19":"tag-luchino-visconti","20":"tag-midsommar","21":"tag-morte-a-venezia","22":"tag-stoccolma","23":"tag-tadzio","24":"tag-the-most-beautiful-boy-in-the-world"},"yoast_head":"<!-- This site is optimized with the Yoast SEO plugin v27.4 - https:\/\/yoast.com\/product\/yoast-seo-wordpress\/ -->\r\n<title>\u00c8 morto Bj\u00f6rn Andr\u00e9sen, il volto immortale di \u201cMorte a Venezia\u201d - Casting News Magazine<\/title>\r\n<meta name=\"description\" content=\"Addio a Bj\u00f6rn Andr\u00e9sen, volto iconico del cinema: a 15 anni divenne leggenda con il ruolo di Tadzio nel film di Visconti.\" \/>\r\n<meta name=\"robots\" content=\"index, follow, max-snippet:-1, max-image-preview:large, max-video-preview:-1\" \/>\r\n<link rel=\"canonical\" href=\"https:\/\/www.castingnews.eu\/magazine\/2025\/10\/27\/e-morto-bjorn-andresen-il-volto-immortale-di-morte-a-venezia\/\" \/>\r\n<meta property=\"og:locale\" content=\"it_IT\" \/>\r\n<meta property=\"og:type\" content=\"article\" \/>\r\n<meta property=\"og:title\" content=\"\u00c8 morto Bj\u00f6rn Andr\u00e9sen, il volto immortale di \u201cMorte a Venezia\u201d - Casting News Magazine\" \/>\r\n<meta property=\"og:description\" content=\"Addio a Bj\u00f6rn Andr\u00e9sen, volto iconico del cinema: a 15 anni divenne leggenda con il ruolo di Tadzio nel film di Visconti.\" \/>\r\n<meta property=\"og:url\" content=\"https:\/\/www.castingnews.eu\/magazine\/2025\/10\/27\/e-morto-bjorn-andresen-il-volto-immortale-di-morte-a-venezia\/\" \/>\r\n<meta property=\"og:site_name\" content=\"Casting News Magazine\" \/>\r\n<meta property=\"article:published_time\" content=\"2025-10-27T12:41:44+00:00\" \/>\r\n<meta property=\"article:modified_time\" content=\"2025-10-27T12:43:29+00:00\" \/>\r\n<meta property=\"og:image\" content=\"https:\/\/www.castingnews.eu\/magazine\/wp-content\/uploads\/2025\/10\/Bjorn-Andresen.jpg\" \/>\r\n\t<meta property=\"og:image:width\" content=\"1200\" \/>\r\n\t<meta property=\"og:image:height\" content=\"716\" \/>\r\n\t<meta property=\"og:image:type\" content=\"image\/jpeg\" \/>\r\n<meta name=\"author\" content=\"Redazione\" \/>\r\n<meta name=\"twitter:card\" content=\"summary_large_image\" \/>\r\n<meta name=\"twitter:label1\" content=\"Scritto da\" \/>\n\t<meta name=\"twitter:data1\" content=\"Redazione\" \/>\n\t<meta name=\"twitter:label2\" content=\"Tempo di lettura stimato\" \/>\n\t<meta name=\"twitter:data2\" content=\"3 minuti\" \/>\r\n<script type=\"application\/ld+json\" class=\"yoast-schema-graph\">{\"@context\":\"https:\\\/\\\/schema.org\",\"@graph\":[{\"@type\":\"Article\",\"@id\":\"https:\\\/\\\/www.castingnews.eu\\\/magazine\\\/2025\\\/10\\\/27\\\/e-morto-bjorn-andresen-il-volto-immortale-di-morte-a-venezia\\\/#article\",\"isPartOf\":{\"@id\":\"https:\\\/\\\/www.castingnews.eu\\\/magazine\\\/2025\\\/10\\\/27\\\/e-morto-bjorn-andresen-il-volto-immortale-di-morte-a-venezia\\\/\"},\"author\":{\"name\":\"Redazione\",\"@id\":\"https:\\\/\\\/www.castingnews.eu\\\/magazine\\\/#\\\/schema\\\/person\\\/099d71c568c9a7e5e4037b1594108f17\"},\"headline\":\"\u00c8 morto Bj\u00f6rn Andr\u00e9sen, il volto immortale di \u201cMorte a Venezia\u201d\",\"datePublished\":\"2025-10-27T12:41:44+00:00\",\"dateModified\":\"2025-10-27T12:43:29+00:00\",\"mainEntityOfPage\":{\"@id\":\"https:\\\/\\\/www.castingnews.eu\\\/magazine\\\/2025\\\/10\\\/27\\\/e-morto-bjorn-andresen-il-volto-immortale-di-morte-a-venezia\\\/\"},\"wordCount\":391,\"commentCount\":0,\"image\":{\"@id\":\"https:\\\/\\\/www.castingnews.eu\\\/magazine\\\/2025\\\/10\\\/27\\\/e-morto-bjorn-andresen-il-volto-immortale-di-morte-a-venezia\\\/#primaryimage\"},\"thumbnailUrl\":\"https:\\\/\\\/www.castingnews.eu\\\/magazine\\\/wp-content\\\/uploads\\\/2025\\\/10\\\/Bjorn-Andresen.jpg\",\"keywords\":[\"Ari Aster\",\"attore svedese\",\"Bj\u00f6rn Andr\u00e9sen\",\"Casting Magazine\",\"Casting News\",\"cinema europeo\",\"film cult\",\"icona di bellezza\",\"leggenda del cinema\",\"Luchino Visconti\",\"Midsommar\",\"Morte a Venezia\",\"Stoccolma\",\"Tadzio\",\"The Most Beautiful Boy in the World\"],\"articleSection\":[\"In primo piano\",\"Primo piano\",\"Svezia\"],\"inLanguage\":\"it-IT\",\"potentialAction\":[{\"@type\":\"CommentAction\",\"name\":\"Comment\",\"target\":[\"https:\\\/\\\/www.castingnews.eu\\\/magazine\\\/2025\\\/10\\\/27\\\/e-morto-bjorn-andresen-il-volto-immortale-di-morte-a-venezia\\\/#respond\"]}]},{\"@type\":\"WebPage\",\"@id\":\"https:\\\/\\\/www.castingnews.eu\\\/magazine\\\/2025\\\/10\\\/27\\\/e-morto-bjorn-andresen-il-volto-immortale-di-morte-a-venezia\\\/\",\"url\":\"https:\\\/\\\/www.castingnews.eu\\\/magazine\\\/2025\\\/10\\\/27\\\/e-morto-bjorn-andresen-il-volto-immortale-di-morte-a-venezia\\\/\",\"name\":\"\u00c8 morto Bj\u00f6rn Andr\u00e9sen, il volto immortale di \u201cMorte a Venezia\u201d - Casting News Magazine\",\"isPartOf\":{\"@id\":\"https:\\\/\\\/www.castingnews.eu\\\/magazine\\\/#website\"},\"primaryImageOfPage\":{\"@id\":\"https:\\\/\\\/www.castingnews.eu\\\/magazine\\\/2025\\\/10\\\/27\\\/e-morto-bjorn-andresen-il-volto-immortale-di-morte-a-venezia\\\/#primaryimage\"},\"image\":{\"@id\":\"https:\\\/\\\/www.castingnews.eu\\\/magazine\\\/2025\\\/10\\\/27\\\/e-morto-bjorn-andresen-il-volto-immortale-di-morte-a-venezia\\\/#primaryimage\"},\"thumbnailUrl\":\"https:\\\/\\\/www.castingnews.eu\\\/magazine\\\/wp-content\\\/uploads\\\/2025\\\/10\\\/Bjorn-Andresen.jpg\",\"datePublished\":\"2025-10-27T12:41:44+00:00\",\"dateModified\":\"2025-10-27T12:43:29+00:00\",\"author\":{\"@id\":\"https:\\\/\\\/www.castingnews.eu\\\/magazine\\\/#\\\/schema\\\/person\\\/099d71c568c9a7e5e4037b1594108f17\"},\"description\":\"Addio a Bj\u00f6rn Andr\u00e9sen, volto iconico del cinema: a 15 anni divenne leggenda con il ruolo di Tadzio nel film di Visconti.\",\"breadcrumb\":{\"@id\":\"https:\\\/\\\/www.castingnews.eu\\\/magazine\\\/2025\\\/10\\\/27\\\/e-morto-bjorn-andresen-il-volto-immortale-di-morte-a-venezia\\\/#breadcrumb\"},\"inLanguage\":\"it-IT\",\"potentialAction\":[{\"@type\":\"ReadAction\",\"target\":[\"https:\\\/\\\/www.castingnews.eu\\\/magazine\\\/2025\\\/10\\\/27\\\/e-morto-bjorn-andresen-il-volto-immortale-di-morte-a-venezia\\\/\"]}]},{\"@type\":\"ImageObject\",\"inLanguage\":\"it-IT\",\"@id\":\"https:\\\/\\\/www.castingnews.eu\\\/magazine\\\/2025\\\/10\\\/27\\\/e-morto-bjorn-andresen-il-volto-immortale-di-morte-a-venezia\\\/#primaryimage\",\"url\":\"https:\\\/\\\/www.castingnews.eu\\\/magazine\\\/wp-content\\\/uploads\\\/2025\\\/10\\\/Bjorn-Andresen.jpg\",\"contentUrl\":\"https:\\\/\\\/www.castingnews.eu\\\/magazine\\\/wp-content\\\/uploads\\\/2025\\\/10\\\/Bjorn-Andresen.jpg\",\"width\":1200,\"height\":716,\"caption\":\"Bj\u00f6rn Andr\u00e9sen\"},{\"@type\":\"BreadcrumbList\",\"@id\":\"https:\\\/\\\/www.castingnews.eu\\\/magazine\\\/2025\\\/10\\\/27\\\/e-morto-bjorn-andresen-il-volto-immortale-di-morte-a-venezia\\\/#breadcrumb\",\"itemListElement\":[{\"@type\":\"ListItem\",\"position\":1,\"name\":\"Home\",\"item\":\"https:\\\/\\\/www.castingnews.eu\\\/magazine\\\/\"},{\"@type\":\"ListItem\",\"position\":2,\"name\":\"\u00c8 morto Bj\u00f6rn Andr\u00e9sen, il volto immortale di \u201cMorte a Venezia\u201d\"}]},{\"@type\":\"WebSite\",\"@id\":\"https:\\\/\\\/www.castingnews.eu\\\/magazine\\\/#website\",\"url\":\"https:\\\/\\\/www.castingnews.eu\\\/magazine\\\/\",\"name\":\"Casting News Magazine\",\"description\":\"News e aggiornamenti sui film, serie tv, teatro e festival italiani ed internazionali\",\"potentialAction\":[{\"@type\":\"SearchAction\",\"target\":{\"@type\":\"EntryPoint\",\"urlTemplate\":\"https:\\\/\\\/www.castingnews.eu\\\/magazine\\\/?s={search_term_string}\"},\"query-input\":{\"@type\":\"PropertyValueSpecification\",\"valueRequired\":true,\"valueName\":\"search_term_string\"}}],\"inLanguage\":\"it-IT\"},{\"@type\":\"Person\",\"@id\":\"https:\\\/\\\/www.castingnews.eu\\\/magazine\\\/#\\\/schema\\\/person\\\/099d71c568c9a7e5e4037b1594108f17\",\"name\":\"Redazione\",\"image\":{\"@type\":\"ImageObject\",\"inLanguage\":\"it-IT\",\"@id\":\"https:\\\/\\\/secure.gravatar.com\\\/avatar\\\/b73a087aa3bd279fb70d24f1960a91c82cf67619395b60b564c90e9e5d5325fc?s=96&d=mm&r=g\",\"url\":\"https:\\\/\\\/secure.gravatar.com\\\/avatar\\\/b73a087aa3bd279fb70d24f1960a91c82cf67619395b60b564c90e9e5d5325fc?s=96&d=mm&r=g\",\"contentUrl\":\"https:\\\/\\\/secure.gravatar.com\\\/avatar\\\/b73a087aa3bd279fb70d24f1960a91c82cf67619395b60b564c90e9e5d5325fc?s=96&d=mm&r=g\",\"caption\":\"Redazione\"},\"description\":\"News e aggiornamenti sui film, serie tv, teatro e festival italiani ed internazionali.\",\"url\":\"https:\\\/\\\/www.castingnews.eu\\\/magazine\\\/author\\\/redazione\\\/\"}]}<\/script>\r\n<!-- \/ Yoast SEO plugin. -->","yoast_head_json":{"title":"\u00c8 morto Bj\u00f6rn Andr\u00e9sen, il volto immortale di \u201cMorte a Venezia\u201d - Casting News Magazine","description":"Addio a Bj\u00f6rn Andr\u00e9sen, volto iconico del cinema: a 15 anni divenne leggenda con il ruolo di Tadzio nel film di Visconti.","robots":{"index":"index","follow":"follow","max-snippet":"max-snippet:-1","max-image-preview":"max-image-preview:large","max-video-preview":"max-video-preview:-1"},"canonical":"https:\/\/www.castingnews.eu\/magazine\/2025\/10\/27\/e-morto-bjorn-andresen-il-volto-immortale-di-morte-a-venezia\/","og_locale":"it_IT","og_type":"article","og_title":"\u00c8 morto Bj\u00f6rn Andr\u00e9sen, il volto immortale di \u201cMorte a Venezia\u201d - Casting News Magazine","og_description":"Addio a Bj\u00f6rn Andr\u00e9sen, volto iconico del cinema: a 15 anni divenne leggenda con il ruolo di Tadzio nel film di Visconti.","og_url":"https:\/\/www.castingnews.eu\/magazine\/2025\/10\/27\/e-morto-bjorn-andresen-il-volto-immortale-di-morte-a-venezia\/","og_site_name":"Casting News Magazine","article_published_time":"2025-10-27T12:41:44+00:00","article_modified_time":"2025-10-27T12:43:29+00:00","og_image":[{"width":1200,"height":716,"url":"https:\/\/www.castingnews.eu\/magazine\/wp-content\/uploads\/2025\/10\/Bjorn-Andresen.jpg","type":"image\/jpeg"}],"author":"Redazione","twitter_card":"summary_large_image","twitter_misc":{"Scritto da":"Redazione","Tempo di lettura stimato":"3 minuti"},"schema":{"@context":"https:\/\/schema.org","@graph":[{"@type":"Article","@id":"https:\/\/www.castingnews.eu\/magazine\/2025\/10\/27\/e-morto-bjorn-andresen-il-volto-immortale-di-morte-a-venezia\/#article","isPartOf":{"@id":"https:\/\/www.castingnews.eu\/magazine\/2025\/10\/27\/e-morto-bjorn-andresen-il-volto-immortale-di-morte-a-venezia\/"},"author":{"name":"Redazione","@id":"https:\/\/www.castingnews.eu\/magazine\/#\/schema\/person\/099d71c568c9a7e5e4037b1594108f17"},"headline":"\u00c8 morto Bj\u00f6rn Andr\u00e9sen, il volto immortale di \u201cMorte a Venezia\u201d","datePublished":"2025-10-27T12:41:44+00:00","dateModified":"2025-10-27T12:43:29+00:00","mainEntityOfPage":{"@id":"https:\/\/www.castingnews.eu\/magazine\/2025\/10\/27\/e-morto-bjorn-andresen-il-volto-immortale-di-morte-a-venezia\/"},"wordCount":391,"commentCount":0,"image":{"@id":"https:\/\/www.castingnews.eu\/magazine\/2025\/10\/27\/e-morto-bjorn-andresen-il-volto-immortale-di-morte-a-venezia\/#primaryimage"},"thumbnailUrl":"https:\/\/www.castingnews.eu\/magazine\/wp-content\/uploads\/2025\/10\/Bjorn-Andresen.jpg","keywords":["Ari Aster","attore svedese","Bj\u00f6rn Andr\u00e9sen","Casting Magazine","Casting News","cinema europeo","film cult","icona di bellezza","leggenda del cinema","Luchino Visconti","Midsommar","Morte a Venezia","Stoccolma","Tadzio","The Most Beautiful Boy in the World"],"articleSection":["In primo piano","Primo piano","Svezia"],"inLanguage":"it-IT","potentialAction":[{"@type":"CommentAction","name":"Comment","target":["https:\/\/www.castingnews.eu\/magazine\/2025\/10\/27\/e-morto-bjorn-andresen-il-volto-immortale-di-morte-a-venezia\/#respond"]}]},{"@type":"WebPage","@id":"https:\/\/www.castingnews.eu\/magazine\/2025\/10\/27\/e-morto-bjorn-andresen-il-volto-immortale-di-morte-a-venezia\/","url":"https:\/\/www.castingnews.eu\/magazine\/2025\/10\/27\/e-morto-bjorn-andresen-il-volto-immortale-di-morte-a-venezia\/","name":"\u00c8 morto Bj\u00f6rn Andr\u00e9sen, il volto immortale di \u201cMorte a Venezia\u201d - Casting News Magazine","isPartOf":{"@id":"https:\/\/www.castingnews.eu\/magazine\/#website"},"primaryImageOfPage":{"@id":"https:\/\/www.castingnews.eu\/magazine\/2025\/10\/27\/e-morto-bjorn-andresen-il-volto-immortale-di-morte-a-venezia\/#primaryimage"},"image":{"@id":"https:\/\/www.castingnews.eu\/magazine\/2025\/10\/27\/e-morto-bjorn-andresen-il-volto-immortale-di-morte-a-venezia\/#primaryimage"},"thumbnailUrl":"https:\/\/www.castingnews.eu\/magazine\/wp-content\/uploads\/2025\/10\/Bjorn-Andresen.jpg","datePublished":"2025-10-27T12:41:44+00:00","dateModified":"2025-10-27T12:43:29+00:00","author":{"@id":"https:\/\/www.castingnews.eu\/magazine\/#\/schema\/person\/099d71c568c9a7e5e4037b1594108f17"},"description":"Addio a Bj\u00f6rn Andr\u00e9sen, volto iconico del cinema: a 15 anni divenne leggenda con il ruolo di Tadzio nel film di Visconti.","breadcrumb":{"@id":"https:\/\/www.castingnews.eu\/magazine\/2025\/10\/27\/e-morto-bjorn-andresen-il-volto-immortale-di-morte-a-venezia\/#breadcrumb"},"inLanguage":"it-IT","potentialAction":[{"@type":"ReadAction","target":["https:\/\/www.castingnews.eu\/magazine\/2025\/10\/27\/e-morto-bjorn-andresen-il-volto-immortale-di-morte-a-venezia\/"]}]},{"@type":"ImageObject","inLanguage":"it-IT","@id":"https:\/\/www.castingnews.eu\/magazine\/2025\/10\/27\/e-morto-bjorn-andresen-il-volto-immortale-di-morte-a-venezia\/#primaryimage","url":"https:\/\/www.castingnews.eu\/magazine\/wp-content\/uploads\/2025\/10\/Bjorn-Andresen.jpg","contentUrl":"https:\/\/www.castingnews.eu\/magazine\/wp-content\/uploads\/2025\/10\/Bjorn-Andresen.jpg","width":1200,"height":716,"caption":"Bj\u00f6rn Andr\u00e9sen"},{"@type":"BreadcrumbList","@id":"https:\/\/www.castingnews.eu\/magazine\/2025\/10\/27\/e-morto-bjorn-andresen-il-volto-immortale-di-morte-a-venezia\/#breadcrumb","itemListElement":[{"@type":"ListItem","position":1,"name":"Home","item":"https:\/\/www.castingnews.eu\/magazine\/"},{"@type":"ListItem","position":2,"name":"\u00c8 morto Bj\u00f6rn Andr\u00e9sen, il volto immortale di \u201cMorte a Venezia\u201d"}]},{"@type":"WebSite","@id":"https:\/\/www.castingnews.eu\/magazine\/#website","url":"https:\/\/www.castingnews.eu\/magazine\/","name":"Casting News Magazine","description":"News e aggiornamenti sui film, serie tv, teatro e festival italiani ed internazionali","potentialAction":[{"@type":"SearchAction","target":{"@type":"EntryPoint","urlTemplate":"https:\/\/www.castingnews.eu\/magazine\/?s={search_term_string}"},"query-input":{"@type":"PropertyValueSpecification","valueRequired":true,"valueName":"search_term_string"}}],"inLanguage":"it-IT"},{"@type":"Person","@id":"https:\/\/www.castingnews.eu\/magazine\/#\/schema\/person\/099d71c568c9a7e5e4037b1594108f17","name":"Redazione","image":{"@type":"ImageObject","inLanguage":"it-IT","@id":"https:\/\/secure.gravatar.com\/avatar\/b73a087aa3bd279fb70d24f1960a91c82cf67619395b60b564c90e9e5d5325fc?s=96&d=mm&r=g","url":"https:\/\/secure.gravatar.com\/avatar\/b73a087aa3bd279fb70d24f1960a91c82cf67619395b60b564c90e9e5d5325fc?s=96&d=mm&r=g","contentUrl":"https:\/\/secure.gravatar.com\/avatar\/b73a087aa3bd279fb70d24f1960a91c82cf67619395b60b564c90e9e5d5325fc?s=96&d=mm&r=g","caption":"Redazione"},"description":"News e aggiornamenti sui film, serie tv, teatro e festival italiani ed internazionali.","url":"https:\/\/www.castingnews.eu\/magazine\/author\/redazione\/"}]}},"_links":{"self":[{"href":"https:\/\/www.castingnews.eu\/magazine\/wp-json\/wp\/v2\/posts\/11005","targetHints":{"allow":["GET"]}}],"collection":[{"href":"https:\/\/www.castingnews.eu\/magazine\/wp-json\/wp\/v2\/posts"}],"about":[{"href":"https:\/\/www.castingnews.eu\/magazine\/wp-json\/wp\/v2\/types\/post"}],"author":[{"embeddable":true,"href":"https:\/\/www.castingnews.eu\/magazine\/wp-json\/wp\/v2\/users\/1"}],"replies":[{"embeddable":true,"href":"https:\/\/www.castingnews.eu\/magazine\/wp-json\/wp\/v2\/comments?post=11005"}],"version-history":[{"count":2,"href":"https:\/\/www.castingnews.eu\/magazine\/wp-json\/wp\/v2\/posts\/11005\/revisions"}],"predecessor-version":[{"id":11008,"href":"https:\/\/www.castingnews.eu\/magazine\/wp-json\/wp\/v2\/posts\/11005\/revisions\/11008"}],"wp:featuredmedia":[{"embeddable":true,"href":"https:\/\/www.castingnews.eu\/magazine\/wp-json\/wp\/v2\/media\/11006"}],"wp:attachment":[{"href":"https:\/\/www.castingnews.eu\/magazine\/wp-json\/wp\/v2\/media?parent=11005"}],"wp:term":[{"taxonomy":"category","embeddable":true,"href":"https:\/\/www.castingnews.eu\/magazine\/wp-json\/wp\/v2\/categories?post=11005"},{"taxonomy":"post_tag","embeddable":true,"href":"https:\/\/www.castingnews.eu\/magazine\/wp-json\/wp\/v2\/tags?post=11005"}],"curies":[{"name":"wp","href":"https:\/\/api.w.org\/{rel}","templated":true}]}}